{"id":121347,"date":"2024-09-07T14:56:03","date_gmt":"2024-09-07T12:56:03","guid":{"rendered":"https:\/\/vosgesinfo.fr\/epinalinfo\/2024\/09\/triathlon-de-gerardmer-alanis-siffert-etablit-un-nouveau-record-simon-viain-simpose-chez-les-hommes\/"},"modified":"2024-09-07T14:56:03","modified_gmt":"2024-09-07T12:56:03","slug":"triathlon-de-gerardmer-alanis-siffert-etablit-un-nouveau-record-simon-viain-simpose-chez-les-hommes","status":"publish","type":"post","link":"https:\/\/vosgesinfo.fr\/epinalinfo\/2024\/09\/triathlon-de-gerardmer-alanis-siffert-etablit-un-nouveau-record-simon-viain-simpose-chez-les-hommes\/","title":{"rendered":"Triathlon de G\u00e9rardmer : Alanis Siffert \u00e9tablit un nouveau record &#8211; Simon Viain s&rsquo;impose chez les hommes"},"content":{"rendered":"<p><iframe loading=\"lazy\" src=\"\/\/www.youtube.com\/embed\/kayJJU3WmJ0\" width=\"560\" height=\"314\" allowfullscreen=\"allowfullscreen\"><\/iframe><\/p>\n<p><iframe loading=\"lazy\" src=\"\/\/www.youtube.com\/embed\/CTlAAqxtaz4\" width=\"560\" height=\"314\" allowfullscreen=\"allowfullscreen\"><\/iframe><\/p>\n<div id=\"attachment_68500\" style=\"width: 1034px\" class=\"wp-caption aligncenter\"><a href=\"https:\/\/vosgesinfo.fr\/app\/uploads\/sites\/6\/2024\/09\/triathlon-xl-de-gerardmer-van-rysel-je-voie-la-vie-en-vosges-2-scaled.jpg\"><img decoding=\"async\" aria-describedby=\"caption-attachment-68500\" class=\"size-large wp-image-68500\" src=\"https:\/\/vosgesinfo.fr\/app\/uploads\/sites\/6\/2024\/09\/triathlon-xl-de-gerardmer-van-rysel-je-voie-la-vie-en-vosges-2-1024x771.jpg\" alt=\"\" width=\"1024\" height=\"771\" \/><\/a><p id=\"caption-attachment-68500\" class=\"wp-caption-text\">Steger, Viain et Richard.<\/p><\/div>\n<h3><\/h3>\n<h3>2 cat\u00e9gories, 2 sc\u00e9narios diam\u00e9tralement oppos\u00e9s sur ce triathlon XL de G\u00e9rardmer avec une fin de course en solo pour Alanis Siffert chez les dames et une bataille acharn\u00e9e dont Simon Viain est sorti vainqueur chez les hommes.<\/h3>\n<p>&nbsp;<\/p>\n<p><a href=\"https:\/\/vosgesinfo.fr\/app\/uploads\/sites\/6\/2024\/09\/triathlon-xl-de-gerardmer-van-rysel-je-voie-la-vie-en-vosges-3-scaled.jpg\"><img decoding=\"async\" class=\"alignleft size-medium wp-image-68501\" src=\"https:\/\/vosgesinfo.fr\/app\/uploads\/sites\/6\/2024\/09\/triathlon-xl-de-gerardmer-van-rysel-je-voie-la-vie-en-vosges-3-300x226.jpg\" alt=\"\" width=\"300\" height=\"226\" \/><\/a>En effet, c&rsquo;est un v\u00e9ritable chass\u00e9 crois\u00e9 entre 6, voire 7 concurrents, auquel le public a pu assister ce samedi. En effet, la bataille \u00e9tait de toute beaut\u00e9 et le suspense \u00e0 son comble chez les hommes. Qu&rsquo;il s&rsquo;agisse des Fran\u00e7ais Louis Richard, Simon Viain ou Paulin Philippe, du Belge Wayaffe vainqueur l&rsquo;an dernier, de l&rsquo;Australien Josh Amberger ou de l&rsquo;Autrichien Thomas Steger, tous ont plus ou moins eu leur chance de monter sur le podium. Il y a eu des attaques, des coups de moins bien, des acc\u00e9l\u00e9rations, des surprises, bref, un triathlon \u00e0 la bagarre, o\u00f9 il aura fallu sortir les tripes et les crocs pour gagner sa place dans le trio de t\u00eate. Au final, Viain s&rsquo;impose en 4:24:31, juste devant Steger et Richard, \u00ab\u00a0l&rsquo;inconnu\u00a0\u00bb du groupe, qui signe l\u00e0 l&rsquo;une de ses plus belles performances jusqu&rsquo;\u00e0 pr\u00e9sent.<\/p>\n<div id=\"attachment_68506\" style=\"width: 310px\" class=\"wp-caption alignright\"><a href=\"https:\/\/vosgesinfo.fr\/app\/uploads\/sites\/6\/2024\/09\/alanis-siffert-triathlon-xl-gerardmer-scaled.jpg\"><img decoding=\"async\" aria-describedby=\"caption-attachment-68506\" class=\"size-medium wp-image-68506\" src=\"https:\/\/vosgesinfo.fr\/app\/uploads\/sites\/6\/2024\/09\/alanis-siffert-triathlon-xl-gerardmer-300x226.jpg\" alt=\"\" width=\"300\" height=\"226\" \/><\/a><p id=\"caption-attachment-68506\" class=\"wp-caption-text\">Alanis Siffert<\/p><\/div>\n<p>Chez les dames, en revanche, la jeune Suissesse de 22 ans Alanis Siffert s&rsquo;est litt\u00e9ralement envol\u00e9e vers la victoire \u00e0 partir du moment o\u00f9 elle est descendue de son v\u00e9lo. On se souvient qu&rsquo;elle avait d\u00e9j\u00e0 marqu\u00e9 les esprits l&rsquo;an dernier en finissant deuxi\u00e8me juste derri\u00e8re sa compatriote et reine de l&rsquo;\u00e9preuve en la personne de Julie Derron. Cette ann\u00e9e, elle confirme, et de quelle mani\u00e8re ! Elle \u00e9tablit un nouveau record en 4:45:48 et devance sa dauphine, l&rsquo;Australienne Ashleigh Gentle, de 4 minutes. En troisi\u00e8me position, on retrouve Nina Derron, s\u0153ur de Julie, alors que la Fran\u00e7aise Nikita Paskiewiez \u00e9choue au pied du podium. Une chose est s\u00fbre, Siffert risque de prendre la succession de Julie Derron en tant que reine de G\u00e9rardmer, sa performance dans les Vosges est d&rsquo;excellent augure pour la suite de sa saison et de sa carri\u00e8re\u2026<\/p>\n<p>Retrouvez tous les r\u00e9sultats ici : <a href=\"https:\/\/www.acn-timing.com\/?lng=FR#\/events\/2141105621600956\/ctx\/20240907_gerardmer\/generic\/198022_1\/home\/TRIXL1\" target=\"_blank\" rel=\"noopener\">cliquez ici !<\/a><\/p>\n<p><a href=\"https:\/\/vosgesinfo.fr\/app\/uploads\/sites\/6\/2024\/09\/triathlon-xl-de-gerardmer-van-rysel-je-voie-la-vie-en-vosges-4-scaled.jpg\"><img decoding=\"async\" class=\"aligncenter size-medium wp-image-68502\" src=\"https:\/\/vosgesinfo.fr\/app\/uploads\/sites\/6\/2024\/09\/triathlon-xl-de-gerardmer-van-rysel-je-voie-la-vie-en-vosges-4-300x226.jpg\" alt=\"\" width=\"300\" height=\"226\" \/><\/a><\/p>\n\n\t\t<style type=\"text\/css\">\n\t\t\t#gallery-1 {\n\t\t\t\tmargin: auto;\n\t\t\t}\n\t\t\t#gallery-1 .gallery-item {\n\t\t\t\tfloat: left;\n\t\t\t\tmargin-top: 10px;\n\t\t\t\ttext-align: center;\n\t\t\t\twidth: 50%;\n\t\t\t}\n\t\t\t#gallery-1 img {\n\t\t\t\tborder: 2px solid #cfcfcf;\n\t\t\t}\n\t\t\t#gallery-1 .gallery-caption {\n\t\t\t\tmargin-left: 0;\n\t\t\t}\n\t\t\t\/* see gallery_shortcode() in wp-includes\/media.php *\/\n\t\t<\/style>\n\t\t<div id='gallery-1' class='gallery galleryid-121347 gallery-columns-2 gallery-size-medium'><dl class='gallery-item'>\n\t\t\t<dt class='gallery-icon portrait'>\n\t\t\t\t<a href='https:\/\/vosgesinfo.fr\/app\/uploads\/sites\/3\/2024\/08\/201612abeille-et-gt.jpg'><img decoding=\"async\" width=\"212\" height=\"300\" src=\"https:\/\/vosgesinfo.fr\/app\/uploads\/sites\/3\/2024\/08\/201612abeille-et-gt-212x300.jpg\" class=\"attachment-medium size-medium\" alt=\"\" srcset=\"https:\/\/vosgesinfo.fr\/app\/uploads\/sites\/3\/2024\/08\/201612abeille-et-gt-212x300.jpg 212w, https:\/\/vosgesinfo.fr\/app\/uploads\/sites\/3\/2024\/08\/201612abeille-et-gt.jpg 564w\" sizes=\"(max-width: 212px) 100vw, 212px\" \/><\/a>\n\t\t\t<\/dt><\/dl><dl class='gallery-item'>\n\t\t\t<dt class='gallery-icon landscape'>\n\t\t\t\t<a href='https:\/\/vosgesinfo.fr\/app\/uploads\/sites\/3\/2024\/08\/201612abeille1.jpg'><img decoding=\"async\" width=\"300\" height=\"260\" src=\"https:\/\/vosgesinfo.fr\/app\/uploads\/sites\/3\/2024\/08\/201612abeille1-300x260.jpg\" class=\"attachment-medium size-medium\" alt=\"\" srcset=\"https:\/\/vosgesinfo.fr\/app\/uploads\/sites\/3\/2024\/08\/201612abeille1-300x260.jpg 300w, https:\/\/vosgesinfo.fr\/app\/uploads\/sites\/3\/2024\/08\/201612abeille1-768x665.jpg 768w, https:\/\/vosgesinfo.fr\/app\/uploads\/sites\/3\/2024\/08\/201612abeille1.jpg 800w\" sizes=\"(max-width: 300px) 100vw, 300px\" \/><\/a>\n\t\t\t<\/dt><\/dl><br style=\"clear: both\" \/>\n\t\t<\/div>\n\n","protected":false},"excerpt":{"rendered":"<p>2 cat\u00e9gories, 2 sc\u00e9narios diam\u00e9tralement oppos\u00e9s sur ce triathlon XL de G\u00e9rardmer avec une fin de course en solo pour [&hellip;]<\/p>\n","protected":false},"author":42,"featured_media":121348,"comment_status":"open","ping_status":"open","sticky":false,"template":"","format":"standard","meta":{"footnotes":""},"categories":[22,24,6057,6055,6155,7,5],"tags":[15111,15112,11960],"class_list":["post-121347","post","type-post","status-publish","format-standard","has-post-thumbnail","hentry","category-a-la-une","category-epinal","category-la-plaine-des-vosges","category-remiremont","category-saint-die","category-sport","category-vosges","tag-alanis-siffert","tag-simon-viain","tag-triathlon-de-gerardmer"],"acf":[],"yoast_head":"<!-- This site is optimized with the Yoast SEO plugin v22.5 - https:\/\/yoast.com\/wordpress\/plugins\/seo\/ -->\n<title>Triathlon de G\u00e9rardmer : Alanis Siffert \u00e9tablit un nouveau record - Simon Viain s&#039;impose chez les hommes - Epinal Info<\/title>\n<meta name=\"robots\" content=\"index, follow, max-snippet:-1, max-image-preview:large, max-video-preview:-1\" \/>\n<link rel=\"canonical\" href=\"https:\/\/vosgesinfo.fr\/epinalinfo\/2024\/09\/triathlon-de-gerardmer-alanis-siffert-etablit-un-nouveau-record-simon-viain-simpose-chez-les-hommes\/\" \/>\n<meta name=\"twitter:card\" content=\"summary_large_image\" \/>\n<meta name=\"twitter:title\" content=\"Triathlon de G\u00e9rardmer : Alanis Siffert \u00e9tablit un nouveau record - Simon Viain s&#039;impose chez les hommes - Epinal Info\" \/>\n<meta name=\"twitter:description\" content=\"2 cat\u00e9gories, 2 sc\u00e9narios diam\u00e9tralement oppos\u00e9s sur ce triathlon XL de G\u00e9rardmer avec une fin de course en solo pour [&hellip;]\" \/>\n<meta name=\"twitter:image\" content=\"https:\/\/vosgesinfo.fr\/app\/uploads\/sites\/3\/2024\/09\/triathlon-xl-de-gerardmer-van-rysel-je-voie-la-vie-en-vosges-2-scaled-1.jpg\" \/>\n<meta name=\"twitter:creator\" content=\"@VosgesInfo88\" \/>\n<meta name=\"twitter:site\" content=\"@VosgesInfo88\" \/>\n<meta name=\"twitter:label1\" content=\"\u00c9crit par\" \/>\n\t<meta name=\"twitter:data1\" content=\"QG\" \/>\n\t<meta name=\"twitter:label2\" content=\"Dur\u00e9e de lecture estim\u00e9e\" \/>\n\t<meta name=\"twitter:data2\" content=\"2 minutes\" \/>\n<script type=\"application\/ld+json\" class=\"yoast-schema-graph\">{\"@context\":\"https:\/\/schema.org\",\"@graph\":[{\"@type\":\"Article\",\"@id\":\"https:\/\/vosgesinfo.fr\/epinalinfo\/2024\/09\/triathlon-de-gerardmer-alanis-siffert-etablit-un-nouveau-record-simon-viain-simpose-chez-les-hommes\/#article\",\"isPartOf\":{\"@id\":\"https:\/\/vosgesinfo.fr\/epinalinfo\/2024\/09\/triathlon-de-gerardmer-alanis-siffert-etablit-un-nouveau-record-simon-viain-simpose-chez-les-hommes\/\"},\"author\":{\"name\":\"QG\",\"@id\":\"https:\/\/vosgesinfo.fr\/epinalinfo\/#\/schema\/person\/db5605779a843dad16b5368f3e7613a5\"},\"headline\":\"Triathlon de G\u00e9rardmer : Alanis Siffert \u00e9tablit un nouveau record &#8211; Simon Viain s&rsquo;impose chez les hommes\",\"datePublished\":\"2024-09-07T12:56:03+00:00\",\"dateModified\":\"2024-09-07T12:56:03+00:00\",\"mainEntityOfPage\":{\"@id\":\"https:\/\/vosgesinfo.fr\/epinalinfo\/2024\/09\/triathlon-de-gerardmer-alanis-siffert-etablit-un-nouveau-record-simon-viain-simpose-chez-les-hommes\/\"},\"wordCount\":404,\"commentCount\":0,\"publisher\":{\"@id\":\"https:\/\/vosgesinfo.fr\/epinalinfo\/#organization\"},\"image\":{\"@id\":\"https:\/\/vosgesinfo.fr\/epinalinfo\/2024\/09\/triathlon-de-gerardmer-alanis-siffert-etablit-un-nouveau-record-simon-viain-simpose-chez-les-hommes\/#primaryimage\"},\"thumbnailUrl\":\"https:\/\/vosgesinfo.fr\/app\/uploads\/sites\/3\/2024\/09\/triathlon-xl-de-gerardmer-van-rysel-je-voie-la-vie-en-vosges-2-scaled-1.jpg\",\"keywords\":[\"Alanis Siffert\",\"Simon Viain\",\"Triathlon de G\u00e9rardmer\"],\"articleSection\":[\"A la Une\",\"Epinal\",\"La plaine des vosges\",\"Remiremont\",\"Saint-di\u00e9\",\"Sport\",\"Vosges\"],\"inLanguage\":\"fr-FR\",\"potentialAction\":[{\"@type\":\"CommentAction\",\"name\":\"Comment\",\"target\":[\"https:\/\/vosgesinfo.fr\/epinalinfo\/2024\/09\/triathlon-de-gerardmer-alanis-siffert-etablit-un-nouveau-record-simon-viain-simpose-chez-les-hommes\/#respond\"]}]},{\"@type\":\"WebPage\",\"@id\":\"https:\/\/vosgesinfo.fr\/epinalinfo\/2024\/09\/triathlon-de-gerardmer-alanis-siffert-etablit-un-nouveau-record-simon-viain-simpose-chez-les-hommes\/\",\"url\":\"https:\/\/vosgesinfo.fr\/epinalinfo\/2024\/09\/triathlon-de-gerardmer-alanis-siffert-etablit-un-nouveau-record-simon-viain-simpose-chez-les-hommes\/\",\"name\":\"Triathlon de G\u00e9rardmer : Alanis Siffert \u00e9tablit un nouveau record - Simon Viain s'impose chez les hommes - Epinal Info\",\"isPartOf\":{\"@id\":\"https:\/\/vosgesinfo.fr\/epinalinfo\/#website\"},\"primaryImageOfPage\":{\"@id\":\"https:\/\/vosgesinfo.fr\/epinalinfo\/2024\/09\/triathlon-de-gerardmer-alanis-siffert-etablit-un-nouveau-record-simon-viain-simpose-chez-les-hommes\/#primaryimage\"},\"image\":{\"@id\":\"https:\/\/vosgesinfo.fr\/epinalinfo\/2024\/09\/triathlon-de-gerardmer-alanis-siffert-etablit-un-nouveau-record-simon-viain-simpose-chez-les-hommes\/#primaryimage\"},\"thumbnailUrl\":\"https:\/\/vosgesinfo.fr\/app\/uploads\/sites\/3\/2024\/09\/triathlon-xl-de-gerardmer-van-rysel-je-voie-la-vie-en-vosges-2-scaled-1.jpg\",\"datePublished\":\"2024-09-07T12:56:03+00:00\",\"dateModified\":\"2024-09-07T12:56:03+00:00\",\"breadcrumb\":{\"@id\":\"https:\/\/vosgesinfo.fr\/epinalinfo\/2024\/09\/triathlon-de-gerardmer-alanis-siffert-etablit-un-nouveau-record-simon-viain-simpose-chez-les-hommes\/#breadcrumb\"},\"inLanguage\":\"fr-FR\",\"potentialAction\":[{\"@type\":\"ReadAction\",\"target\":[\"https:\/\/vosgesinfo.fr\/epinalinfo\/2024\/09\/triathlon-de-gerardmer-alanis-siffert-etablit-un-nouveau-record-simon-viain-simpose-chez-les-hommes\/\"]}]},{\"@type\":\"ImageObject\",\"inLanguage\":\"fr-FR\",\"@id\":\"https:\/\/vosgesinfo.fr\/epinalinfo\/2024\/09\/triathlon-de-gerardmer-alanis-siffert-etablit-un-nouveau-record-simon-viain-simpose-chez-les-hommes\/#primaryimage\",\"url\":\"https:\/\/vosgesinfo.fr\/app\/uploads\/sites\/3\/2024\/09\/triathlon-xl-de-gerardmer-van-rysel-je-voie-la-vie-en-vosges-2-scaled-1.jpg\",\"contentUrl\":\"https:\/\/vosgesinfo.fr\/app\/uploads\/sites\/3\/2024\/09\/triathlon-xl-de-gerardmer-van-rysel-je-voie-la-vie-en-vosges-2-scaled-1.jpg\",\"width\":2560,\"height\":1928},{\"@type\":\"BreadcrumbList\",\"@id\":\"https:\/\/vosgesinfo.fr\/epinalinfo\/2024\/09\/triathlon-de-gerardmer-alanis-siffert-etablit-un-nouveau-record-simon-viain-simpose-chez-les-hommes\/#breadcrumb\",\"itemListElement\":[{\"@type\":\"ListItem\",\"position\":1,\"name\":\"Home\",\"item\":\"https:\/\/vosgesinfo.fr\/epinalinfo\/\"},{\"@type\":\"ListItem\",\"position\":2,\"name\":\"Triathlon de G\u00e9rardmer : Alanis Siffert \u00e9tablit un nouveau record &#8211; Simon Viain s&rsquo;impose chez les hommes\"}]},{\"@type\":\"WebSite\",\"@id\":\"https:\/\/vosgesinfo.fr\/epinalinfo\/#website\",\"url\":\"https:\/\/vosgesinfo.fr\/epinalinfo\/\",\"name\":\"Epinal Info\",\"description\":\"Toute l&#039;actualit\u00e9 d&#039;\u00c9pinal\",\"publisher\":{\"@id\":\"https:\/\/vosgesinfo.fr\/epinalinfo\/#organization\"},\"alternateName\":\"Toute l'actualit\u00e9 d'\u00c9pinal\",\"potentialAction\":[{\"@type\":\"SearchAction\",\"target\":{\"@type\":\"EntryPoint\",\"urlTemplate\":\"https:\/\/vosgesinfo.fr\/epinalinfo\/?s={search_term_string}\"},\"query-input\":\"required name=search_term_string\"}],\"inLanguage\":\"fr-FR\"},{\"@type\":\"Organization\",\"@id\":\"https:\/\/vosgesinfo.fr\/epinalinfo\/#organization\",\"name\":\"Epinal Info\",\"url\":\"https:\/\/vosgesinfo.fr\/epinalinfo\/\",\"logo\":{\"@type\":\"ImageObject\",\"inLanguage\":\"fr-FR\",\"@id\":\"https:\/\/vosgesinfo.fr\/epinalinfo\/#\/schema\/logo\/image\/\",\"url\":\"https:\/\/vosgesinfo.fr\/app\/uploads\/sites\/3\/2023\/08\/logo-epinalinfos.svg\",\"contentUrl\":\"https:\/\/vosgesinfo.fr\/app\/uploads\/sites\/3\/2023\/08\/logo-epinalinfos.svg\",\"width\":1,\"height\":1,\"caption\":\"Epinal Info\"},\"image\":{\"@id\":\"https:\/\/vosgesinfo.fr\/epinalinfo\/#\/schema\/logo\/image\/\"},\"sameAs\":[\"https:\/\/www.facebook.com\/Epinalinfos\",\"https:\/\/x.com\/VosgesInfo88\",\"https:\/\/www.youtube.com\/@vosgesinfo\"]},{\"@type\":\"Person\",\"@id\":\"https:\/\/vosgesinfo.fr\/epinalinfo\/#\/schema\/person\/db5605779a843dad16b5368f3e7613a5\",\"name\":\"QG\",\"image\":{\"@type\":\"ImageObject\",\"inLanguage\":\"fr-FR\",\"@id\":\"https:\/\/vosgesinfo.fr\/epinalinfo\/#\/schema\/person\/image\/\",\"url\":\"https:\/\/secure.gravatar.com\/avatar\/ea80c42c204b534408512832fde52504ecabb9706bcb6151cf6175e5b64e6793?s=96&d=mm&r=g\",\"contentUrl\":\"https:\/\/secure.gravatar.com\/avatar\/ea80c42c204b534408512832fde52504ecabb9706bcb6151cf6175e5b64e6793?s=96&d=mm&r=g\",\"caption\":\"QG\"},\"url\":\"https:\/\/vosgesinfo.fr\/epinalinfo\/author\/quentin88\/\"}]}<\/script>\n<!-- \/ Yoast SEO plugin. -->","yoast_head_json":{"title":"Triathlon de G\u00e9rardmer : Alanis Siffert \u00e9tablit un nouveau record - Simon Viain s'impose chez les hommes - Epinal Info","robots":{"index":"index","follow":"follow","max-snippet":"max-snippet:-1","max-image-preview":"max-image-preview:large","max-video-preview":"max-video-preview:-1"},"canonical":"https:\/\/vosgesinfo.fr\/epinalinfo\/2024\/09\/triathlon-de-gerardmer-alanis-siffert-etablit-un-nouveau-record-simon-viain-simpose-chez-les-hommes\/","twitter_card":"summary_large_image","twitter_title":"Triathlon de G\u00e9rardmer : Alanis Siffert \u00e9tablit un nouveau record - Simon Viain s'impose chez les hommes - Epinal Info","twitter_description":"2 cat\u00e9gories, 2 sc\u00e9narios diam\u00e9tralement oppos\u00e9s sur ce triathlon XL de G\u00e9rardmer avec une fin de course en solo pour [&hellip;]","twitter_image":"https:\/\/vosgesinfo.fr\/app\/uploads\/sites\/3\/2024\/09\/triathlon-xl-de-gerardmer-van-rysel-je-voie-la-vie-en-vosges-2-scaled-1.jpg","twitter_creator":"@VosgesInfo88","twitter_site":"@VosgesInfo88","twitter_misc":{"\u00c9crit par":"QG","Dur\u00e9e de lecture estim\u00e9e":"2 minutes"},"schema":{"@context":"https:\/\/schema.org","@graph":[{"@type":"Article","@id":"https:\/\/vosgesinfo.fr\/epinalinfo\/2024\/09\/triathlon-de-gerardmer-alanis-siffert-etablit-un-nouveau-record-simon-viain-simpose-chez-les-hommes\/#article","isPartOf":{"@id":"https:\/\/vosgesinfo.fr\/epinalinfo\/2024\/09\/triathlon-de-gerardmer-alanis-siffert-etablit-un-nouveau-record-simon-viain-simpose-chez-les-hommes\/"},"author":{"name":"QG","@id":"https:\/\/vosgesinfo.fr\/epinalinfo\/#\/schema\/person\/db5605779a843dad16b5368f3e7613a5"},"headline":"Triathlon de G\u00e9rardmer : Alanis Siffert \u00e9tablit un nouveau record &#8211; Simon Viain s&rsquo;impose chez les hommes","datePublished":"2024-09-07T12:56:03+00:00","dateModified":"2024-09-07T12:56:03+00:00","mainEntityOfPage":{"@id":"https:\/\/vosgesinfo.fr\/epinalinfo\/2024\/09\/triathlon-de-gerardmer-alanis-siffert-etablit-un-nouveau-record-simon-viain-simpose-chez-les-hommes\/"},"wordCount":404,"commentCount":0,"publisher":{"@id":"https:\/\/vosgesinfo.fr\/epinalinfo\/#organization"},"image":{"@id":"https:\/\/vosgesinfo.fr\/epinalinfo\/2024\/09\/triathlon-de-gerardmer-alanis-siffert-etablit-un-nouveau-record-simon-viain-simpose-chez-les-hommes\/#primaryimage"},"thumbnailUrl":"https:\/\/vosgesinfo.fr\/app\/uploads\/sites\/3\/2024\/09\/triathlon-xl-de-gerardmer-van-rysel-je-voie-la-vie-en-vosges-2-scaled-1.jpg","keywords":["Alanis Siffert","Simon Viain","Triathlon de G\u00e9rardmer"],"articleSection":["A la Une","Epinal","La plaine des vosges","Remiremont","Saint-di\u00e9","Sport","Vosges"],"inLanguage":"fr-FR","potentialAction":[{"@type":"CommentAction","name":"Comment","target":["https:\/\/vosgesinfo.fr\/epinalinfo\/2024\/09\/triathlon-de-gerardmer-alanis-siffert-etablit-un-nouveau-record-simon-viain-simpose-chez-les-hommes\/#respond"]}]},{"@type":"WebPage","@id":"https:\/\/vosgesinfo.fr\/epinalinfo\/2024\/09\/triathlon-de-gerardmer-alanis-siffert-etablit-un-nouveau-record-simon-viain-simpose-chez-les-hommes\/","url":"https:\/\/vosgesinfo.fr\/epinalinfo\/2024\/09\/triathlon-de-gerardmer-alanis-siffert-etablit-un-nouveau-record-simon-viain-simpose-chez-les-hommes\/","name":"Triathlon de G\u00e9rardmer : Alanis Siffert \u00e9tablit un nouveau record - Simon Viain s'impose chez les hommes - Epinal Info","isPartOf":{"@id":"https:\/\/vosgesinfo.fr\/epinalinfo\/#website"},"primaryImageOfPage":{"@id":"https:\/\/vosgesinfo.fr\/epinalinfo\/2024\/09\/triathlon-de-gerardmer-alanis-siffert-etablit-un-nouveau-record-simon-viain-simpose-chez-les-hommes\/#primaryimage"},"image":{"@id":"https:\/\/vosgesinfo.fr\/epinalinfo\/2024\/09\/triathlon-de-gerardmer-alanis-siffert-etablit-un-nouveau-record-simon-viain-simpose-chez-les-hommes\/#primaryimage"},"thumbnailUrl":"https:\/\/vosgesinfo.fr\/app\/uploads\/sites\/3\/2024\/09\/triathlon-xl-de-gerardmer-van-rysel-je-voie-la-vie-en-vosges-2-scaled-1.jpg","datePublished":"2024-09-07T12:56:03+00:00","dateModified":"2024-09-07T12:56:03+00:00","breadcrumb":{"@id":"https:\/\/vosgesinfo.fr\/epinalinfo\/2024\/09\/triathlon-de-gerardmer-alanis-siffert-etablit-un-nouveau-record-simon-viain-simpose-chez-les-hommes\/#breadcrumb"},"inLanguage":"fr-FR","potentialAction":[{"@type":"ReadAction","target":["https:\/\/vosgesinfo.fr\/epinalinfo\/2024\/09\/triathlon-de-gerardmer-alanis-siffert-etablit-un-nouveau-record-simon-viain-simpose-chez-les-hommes\/"]}]},{"@type":"ImageObject","inLanguage":"fr-FR","@id":"https:\/\/vosgesinfo.fr\/epinalinfo\/2024\/09\/triathlon-de-gerardmer-alanis-siffert-etablit-un-nouveau-record-simon-viain-simpose-chez-les-hommes\/#primaryimage","url":"https:\/\/vosgesinfo.fr\/app\/uploads\/sites\/3\/2024\/09\/triathlon-xl-de-gerardmer-van-rysel-je-voie-la-vie-en-vosges-2-scaled-1.jpg","contentUrl":"https:\/\/vosgesinfo.fr\/app\/uploads\/sites\/3\/2024\/09\/triathlon-xl-de-gerardmer-van-rysel-je-voie-la-vie-en-vosges-2-scaled-1.jpg","width":2560,"height":1928},{"@type":"BreadcrumbList","@id":"https:\/\/vosgesinfo.fr\/epinalinfo\/2024\/09\/triathlon-de-gerardmer-alanis-siffert-etablit-un-nouveau-record-simon-viain-simpose-chez-les-hommes\/#breadcrumb","itemListElement":[{"@type":"ListItem","position":1,"name":"Home","item":"https:\/\/vosgesinfo.fr\/epinalinfo\/"},{"@type":"ListItem","position":2,"name":"Triathlon de G\u00e9rardmer : Alanis Siffert \u00e9tablit un nouveau record &#8211; Simon Viain s&rsquo;impose chez les hommes"}]},{"@type":"WebSite","@id":"https:\/\/vosgesinfo.fr\/epinalinfo\/#website","url":"https:\/\/vosgesinfo.fr\/epinalinfo\/","name":"Epinal Info","description":"Toute l&#039;actualit\u00e9 d&#039;\u00c9pinal","publisher":{"@id":"https:\/\/vosgesinfo.fr\/epinalinfo\/#organization"},"alternateName":"Toute l'actualit\u00e9 d'\u00c9pinal","potentialAction":[{"@type":"SearchAction","target":{"@type":"EntryPoint","urlTemplate":"https:\/\/vosgesinfo.fr\/epinalinfo\/?s={search_term_string}"},"query-input":"required name=search_term_string"}],"inLanguage":"fr-FR"},{"@type":"Organization","@id":"https:\/\/vosgesinfo.fr\/epinalinfo\/#organization","name":"Epinal Info","url":"https:\/\/vosgesinfo.fr\/epinalinfo\/","logo":{"@type":"ImageObject","inLanguage":"fr-FR","@id":"https:\/\/vosgesinfo.fr\/epinalinfo\/#\/schema\/logo\/image\/","url":"https:\/\/vosgesinfo.fr\/app\/uploads\/sites\/3\/2023\/08\/logo-epinalinfos.svg","contentUrl":"https:\/\/vosgesinfo.fr\/app\/uploads\/sites\/3\/2023\/08\/logo-epinalinfos.svg","width":1,"height":1,"caption":"Epinal Info"},"image":{"@id":"https:\/\/vosgesinfo.fr\/epinalinfo\/#\/schema\/logo\/image\/"},"sameAs":["https:\/\/www.facebook.com\/Epinalinfos","https:\/\/x.com\/VosgesInfo88","https:\/\/www.youtube.com\/@vosgesinfo"]},{"@type":"Person","@id":"https:\/\/vosgesinfo.fr\/epinalinfo\/#\/schema\/person\/db5605779a843dad16b5368f3e7613a5","name":"QG","image":{"@type":"ImageObject","inLanguage":"fr-FR","@id":"https:\/\/vosgesinfo.fr\/epinalinfo\/#\/schema\/person\/image\/","url":"https:\/\/secure.gravatar.com\/avatar\/ea80c42c204b534408512832fde52504ecabb9706bcb6151cf6175e5b64e6793?s=96&d=mm&r=g","contentUrl":"https:\/\/secure.gravatar.com\/avatar\/ea80c42c204b534408512832fde52504ecabb9706bcb6151cf6175e5b64e6793?s=96&d=mm&r=g","caption":"QG"},"url":"https:\/\/vosgesinfo.fr\/epinalinfo\/author\/quentin88\/"}]}},"_links":{"self":[{"href":"https:\/\/vosgesinfo.fr\/epinalinfo\/wp-json\/wp\/v2\/posts\/121347","targetHints":{"allow":["GET"]}}],"collection":[{"href":"https:\/\/vosgesinfo.fr\/epinalinfo\/wp-json\/wp\/v2\/posts"}],"about":[{"href":"https:\/\/vosgesinfo.fr\/epinalinfo\/wp-json\/wp\/v2\/types\/post"}],"author":[{"embeddable":true,"href":"https:\/\/vosgesinfo.fr\/epinalinfo\/wp-json\/wp\/v2\/users\/42"}],"replies":[{"embeddable":true,"href":"https:\/\/vosgesinfo.fr\/epinalinfo\/wp-json\/wp\/v2\/comments?post=121347"}],"version-history":[{"count":0,"href":"https:\/\/vosgesinfo.fr\/epinalinfo\/wp-json\/wp\/v2\/posts\/121347\/revisions"}],"wp:featuredmedia":[{"embeddable":true,"href":"https:\/\/vosgesinfo.fr\/epinalinfo\/wp-json\/wp\/v2\/media\/121348"}],"wp:attachment":[{"href":"https:\/\/vosgesinfo.fr\/epinalinfo\/wp-json\/wp\/v2\/media?parent=121347"}],"wp:term":[{"taxonomy":"category","embeddable":true,"href":"https:\/\/vosgesinfo.fr\/epinalinfo\/wp-json\/wp\/v2\/categories?post=121347"},{"taxonomy":"post_tag","embeddable":true,"href":"https:\/\/vosgesinfo.fr\/epinalinfo\/wp-json\/wp\/v2\/tags?post=121347"}],"curies":[{"name":"wp","href":"https:\/\/api.w.org\/{rel}","templated":true}]}}