{"id":121760,"date":"2024-09-17T07:15:42","date_gmt":"2024-09-17T05:15:42","guid":{"rendered":"https:\/\/vosgesinfo.fr\/epinalinfo\/?p=121760"},"modified":"2024-09-17T11:22:08","modified_gmt":"2024-09-17T09:22:08","slug":"exposition-se-fondre-dans-le-decor-de-lartiste-dom-garcia","status":"publish","type":"post","link":"https:\/\/vosgesinfo.fr\/epinalinfo\/2024\/09\/exposition-se-fondre-dans-le-decor-de-lartiste-dom-garcia\/","title":{"rendered":"Exposition : \u00ab\u00a0Se Fondre dans le D\u00e9cor\u00a0\u00bb de l&rsquo;artiste Dom Garcia"},"content":{"rendered":"<p><a href=\"https:\/\/vosgesinfo.fr\/app\/uploads\/sites\/3\/2024\/09\/invitation-.png\"><img decoding=\"async\" class=\"aligncenter size-full wp-image-121761\" src=\"https:\/\/vosgesinfo.fr\/app\/uploads\/sites\/3\/2024\/09\/invitation-.png\" alt=\"\" width=\"1772\" height=\"1672\" srcset=\"https:\/\/vosgesinfo.fr\/app\/uploads\/sites\/3\/2024\/09\/invitation-.png 1772w, https:\/\/vosgesinfo.fr\/app\/uploads\/sites\/3\/2024\/09\/invitation--300x283.png 300w, https:\/\/vosgesinfo.fr\/app\/uploads\/sites\/3\/2024\/09\/invitation--1024x966.png 1024w, https:\/\/vosgesinfo.fr\/app\/uploads\/sites\/3\/2024\/09\/invitation--768x725.png 768w, https:\/\/vosgesinfo.fr\/app\/uploads\/sites\/3\/2024\/09\/invitation--1536x1449.png 1536w\" sizes=\"(max-width: 1772px) 100vw, 1772px\" \/><\/a>Rendez-vous pour l&rsquo;exposition \u00ab\u00a0Se Fondre dans le d\u00e9cor\u00a0\u00bb, de l&rsquo;artiste peintre Dom Garcia.<\/p>\n<p>Elle vous propose une exp\u00e9rience immersive in\u00e9dite et ludique \u00e0 la Maison du Bailli \u00e0 Epinal. Les visiteurs se laisseront emporter dans un univers color\u00e9 o\u00f9 les tableaux se fondent dans le d\u00e9cor.<\/p>\n<p><b>L&rsquo;exposition a lieu du 27 septembre au 2 octobre 2024 de 10h \u00e0 19h \u00e0 la Maison du Bailli, Place des Vosges \u00e0 Epinal. Le vernissage est pr\u00e9vu le vendredi 27 septembre \u00e0 partir de 18 heures. <\/b><\/p>\n","protected":false},"excerpt":{"rendered":"<p>Rendez-vous pour l&rsquo;exposition \u00ab\u00a0Se Fondre dans le d\u00e9cor\u00a0\u00bb, de l&rsquo;artiste peintre Dom Garcia. Elle vous propose une exp\u00e9rience immersive in\u00e9dite [&hellip;]<\/p>\n","protected":false},"author":52,"featured_media":121761,"comment_status":"open","ping_status":"open","sticky":false,"template":"","format":"standard","meta":{"footnotes":""},"categories":[22,2,24],"tags":[],"class_list":["post-121760","post","type-post","status-publish","format-standard","has-post-thumbnail","hentry","category-a-la-une","category-breves","category-epinal"],"acf":[],"yoast_head":"<!-- This site is optimized with the Yoast SEO plugin v22.5 - https:\/\/yoast.com\/wordpress\/plugins\/seo\/ -->\n<title>Exposition : &quot;Se Fondre dans le D\u00e9cor&quot; de l&#039;artiste Dom Garcia - Epinal Info<\/title>\n<meta name=\"robots\" content=\"index, follow, max-snippet:-1, max-image-preview:large, max-video-preview:-1\" \/>\n<link rel=\"canonical\" href=\"https:\/\/vosgesinfo.fr\/epinalinfo\/2024\/09\/exposition-se-fondre-dans-le-decor-de-lartiste-dom-garcia\/\" \/>\n<meta name=\"twitter:card\" content=\"summary_large_image\" \/>\n<meta name=\"twitter:title\" content=\"Exposition : &quot;Se Fondre dans le D\u00e9cor&quot; de l&#039;artiste Dom Garcia - Epinal Info\" \/>\n<meta name=\"twitter:description\" content=\"Rendez-vous pour l&rsquo;exposition \u00ab\u00a0Se Fondre dans le d\u00e9cor\u00a0\u00bb, de l&rsquo;artiste peintre Dom Garcia. Elle vous propose une exp\u00e9rience immersive in\u00e9dite [&hellip;]\" \/>\n<meta name=\"twitter:image\" content=\"https:\/\/vosgesinfo.fr\/app\/uploads\/sites\/3\/2024\/09\/invitation-.png\" \/>\n<meta name=\"twitter:creator\" content=\"@VosgesInfo88\" \/>\n<meta name=\"twitter:site\" content=\"@VosgesInfo88\" \/>\n<meta name=\"twitter:label1\" content=\"\u00c9crit par\" \/>\n\t<meta name=\"twitter:data1\" content=\"C.K.\" \/>\n\t<meta name=\"twitter:label2\" content=\"Dur\u00e9e de lecture estim\u00e9e\" \/>\n\t<meta name=\"twitter:data2\" content=\"1 minute\" \/>\n<script type=\"application\/ld+json\" class=\"yoast-schema-graph\">{\"@context\":\"https:\/\/schema.org\",\"@graph\":[{\"@type\":\"Article\",\"@id\":\"https:\/\/vosgesinfo.fr\/epinalinfo\/2024\/09\/exposition-se-fondre-dans-le-decor-de-lartiste-dom-garcia\/#article\",\"isPartOf\":{\"@id\":\"https:\/\/vosgesinfo.fr\/epinalinfo\/2024\/09\/exposition-se-fondre-dans-le-decor-de-lartiste-dom-garcia\/\"},\"author\":{\"name\":\"C.K.\",\"@id\":\"https:\/\/vosgesinfo.fr\/epinalinfo\/#\/schema\/person\/6f9a650eeea99d969b6c4ab78fccbe81\"},\"headline\":\"Exposition : \u00ab\u00a0Se Fondre dans le D\u00e9cor\u00a0\u00bb de l&rsquo;artiste Dom Garcia\",\"datePublished\":\"2024-09-17T05:15:42+00:00\",\"dateModified\":\"2024-09-17T09:22:08+00:00\",\"mainEntityOfPage\":{\"@id\":\"https:\/\/vosgesinfo.fr\/epinalinfo\/2024\/09\/exposition-se-fondre-dans-le-decor-de-lartiste-dom-garcia\/\"},\"wordCount\":92,\"commentCount\":0,\"publisher\":{\"@id\":\"https:\/\/vosgesinfo.fr\/epinalinfo\/#organization\"},\"image\":{\"@id\":\"https:\/\/vosgesinfo.fr\/epinalinfo\/2024\/09\/exposition-se-fondre-dans-le-decor-de-lartiste-dom-garcia\/#primaryimage\"},\"thumbnailUrl\":\"https:\/\/vosgesinfo.fr\/app\/uploads\/sites\/3\/2024\/09\/invitation-.png\",\"articleSection\":[\"A la Une\",\"Br\u00e8ves\",\"Epinal\"],\"inLanguage\":\"fr-FR\",\"potentialAction\":[{\"@type\":\"CommentAction\",\"name\":\"Comment\",\"target\":[\"https:\/\/vosgesinfo.fr\/epinalinfo\/2024\/09\/exposition-se-fondre-dans-le-decor-de-lartiste-dom-garcia\/#respond\"]}]},{\"@type\":\"WebPage\",\"@id\":\"https:\/\/vosgesinfo.fr\/epinalinfo\/2024\/09\/exposition-se-fondre-dans-le-decor-de-lartiste-dom-garcia\/\",\"url\":\"https:\/\/vosgesinfo.fr\/epinalinfo\/2024\/09\/exposition-se-fondre-dans-le-decor-de-lartiste-dom-garcia\/\",\"name\":\"Exposition : \\\"Se Fondre dans le D\u00e9cor\\\" de l'artiste Dom Garcia - Epinal Info\",\"isPartOf\":{\"@id\":\"https:\/\/vosgesinfo.fr\/epinalinfo\/#website\"},\"primaryImageOfPage\":{\"@id\":\"https:\/\/vosgesinfo.fr\/epinalinfo\/2024\/09\/exposition-se-fondre-dans-le-decor-de-lartiste-dom-garcia\/#primaryimage\"},\"image\":{\"@id\":\"https:\/\/vosgesinfo.fr\/epinalinfo\/2024\/09\/exposition-se-fondre-dans-le-decor-de-lartiste-dom-garcia\/#primaryimage\"},\"thumbnailUrl\":\"https:\/\/vosgesinfo.fr\/app\/uploads\/sites\/3\/2024\/09\/invitation-.png\",\"datePublished\":\"2024-09-17T05:15:42+00:00\",\"dateModified\":\"2024-09-17T09:22:08+00:00\",\"breadcrumb\":{\"@id\":\"https:\/\/vosgesinfo.fr\/epinalinfo\/2024\/09\/exposition-se-fondre-dans-le-decor-de-lartiste-dom-garcia\/#breadcrumb\"},\"inLanguage\":\"fr-FR\",\"potentialAction\":[{\"@type\":\"ReadAction\",\"target\":[\"https:\/\/vosgesinfo.fr\/epinalinfo\/2024\/09\/exposition-se-fondre-dans-le-decor-de-lartiste-dom-garcia\/\"]}]},{\"@type\":\"ImageObject\",\"inLanguage\":\"fr-FR\",\"@id\":\"https:\/\/vosgesinfo.fr\/epinalinfo\/2024\/09\/exposition-se-fondre-dans-le-decor-de-lartiste-dom-garcia\/#primaryimage\",\"url\":\"https:\/\/vosgesinfo.fr\/app\/uploads\/sites\/3\/2024\/09\/invitation-.png\",\"contentUrl\":\"https:\/\/vosgesinfo.fr\/app\/uploads\/sites\/3\/2024\/09\/invitation-.png\",\"width\":1772,\"height\":1672},{\"@type\":\"BreadcrumbList\",\"@id\":\"https:\/\/vosgesinfo.fr\/epinalinfo\/2024\/09\/exposition-se-fondre-dans-le-decor-de-lartiste-dom-garcia\/#breadcrumb\",\"itemListElement\":[{\"@type\":\"ListItem\",\"position\":1,\"name\":\"Home\",\"item\":\"https:\/\/vosgesinfo.fr\/epinalinfo\/\"},{\"@type\":\"ListItem\",\"position\":2,\"name\":\"Exposition : &#8220;Se Fondre dans le D\u00e9cor&#8221; de l&#8217;artiste Dom Garcia\"}]},{\"@type\":\"WebSite\",\"@id\":\"https:\/\/vosgesinfo.fr\/epinalinfo\/#website\",\"url\":\"https:\/\/vosgesinfo.fr\/epinalinfo\/\",\"name\":\"Epinal Info\",\"description\":\"Toute l&#039;actualit\u00e9 d&#039;\u00c9pinal\",\"publisher\":{\"@id\":\"https:\/\/vosgesinfo.fr\/epinalinfo\/#organization\"},\"alternateName\":\"Toute l'actualit\u00e9 d'\u00c9pinal\",\"potentialAction\":[{\"@type\":\"SearchAction\",\"target\":{\"@type\":\"EntryPoint\",\"urlTemplate\":\"https:\/\/vosgesinfo.fr\/epinalinfo\/?s={search_term_string}\"},\"query-input\":\"required name=search_term_string\"}],\"inLanguage\":\"fr-FR\"},{\"@type\":\"Organization\",\"@id\":\"https:\/\/vosgesinfo.fr\/epinalinfo\/#organization\",\"name\":\"Epinal Info\",\"url\":\"https:\/\/vosgesinfo.fr\/epinalinfo\/\",\"logo\":{\"@type\":\"ImageObject\",\"inLanguage\":\"fr-FR\",\"@id\":\"https:\/\/vosgesinfo.fr\/epinalinfo\/#\/schema\/logo\/image\/\",\"url\":\"https:\/\/vosgesinfo.fr\/app\/uploads\/sites\/3\/2023\/08\/logo-epinalinfos.svg\",\"contentUrl\":\"https:\/\/vosgesinfo.fr\/app\/uploads\/sites\/3\/2023\/08\/logo-epinalinfos.svg\",\"width\":1,\"height\":1,\"caption\":\"Epinal Info\"},\"image\":{\"@id\":\"https:\/\/vosgesinfo.fr\/epinalinfo\/#\/schema\/logo\/image\/\"},\"sameAs\":[\"https:\/\/www.facebook.com\/Epinalinfos\",\"https:\/\/x.com\/VosgesInfo88\",\"https:\/\/www.youtube.com\/@vosgesinfo\"]},{\"@type\":\"Person\",\"@id\":\"https:\/\/vosgesinfo.fr\/epinalinfo\/#\/schema\/person\/6f9a650eeea99d969b6c4ab78fccbe81\",\"name\":\"C.K.\",\"image\":{\"@type\":\"ImageObject\",\"inLanguage\":\"fr-FR\",\"@id\":\"https:\/\/vosgesinfo.fr\/epinalinfo\/#\/schema\/person\/image\/\",\"url\":\"https:\/\/secure.gravatar.com\/avatar\/48e3fc7f8421ba8942be6b74a2b7f014ca39bc00dece156b7a8e098ae7dc87bf?s=96&d=mm&r=g\",\"contentUrl\":\"https:\/\/secure.gravatar.com\/avatar\/48e3fc7f8421ba8942be6b74a2b7f014ca39bc00dece156b7a8e098ae7dc87bf?s=96&d=mm&r=g\",\"caption\":\"C.K.\"},\"url\":\"https:\/\/vosgesinfo.fr\/epinalinfo\/author\/celia-k-n\/\"}]}<\/script>\n<!-- \/ Yoast SEO plugin. -->","yoast_head_json":{"title":"Exposition : \"Se Fondre dans le D\u00e9cor\" de l'artiste Dom Garcia - Epinal Info","robots":{"index":"index","follow":"follow","max-snippet":"max-snippet:-1","max-image-preview":"max-image-preview:large","max-video-preview":"max-video-preview:-1"},"canonical":"https:\/\/vosgesinfo.fr\/epinalinfo\/2024\/09\/exposition-se-fondre-dans-le-decor-de-lartiste-dom-garcia\/","twitter_card":"summary_large_image","twitter_title":"Exposition : \"Se Fondre dans le D\u00e9cor\" de l'artiste Dom Garcia - Epinal Info","twitter_description":"Rendez-vous pour l&rsquo;exposition \u00ab\u00a0Se Fondre dans le d\u00e9cor\u00a0\u00bb, de l&rsquo;artiste peintre Dom Garcia. Elle vous propose une exp\u00e9rience immersive in\u00e9dite [&hellip;]","twitter_image":"https:\/\/vosgesinfo.fr\/app\/uploads\/sites\/3\/2024\/09\/invitation-.png","twitter_creator":"@VosgesInfo88","twitter_site":"@VosgesInfo88","twitter_misc":{"\u00c9crit par":"C.K.","Dur\u00e9e de lecture estim\u00e9e":"1 minute"},"schema":{"@context":"https:\/\/schema.org","@graph":[{"@type":"Article","@id":"https:\/\/vosgesinfo.fr\/epinalinfo\/2024\/09\/exposition-se-fondre-dans-le-decor-de-lartiste-dom-garcia\/#article","isPartOf":{"@id":"https:\/\/vosgesinfo.fr\/epinalinfo\/2024\/09\/exposition-se-fondre-dans-le-decor-de-lartiste-dom-garcia\/"},"author":{"name":"C.K.","@id":"https:\/\/vosgesinfo.fr\/epinalinfo\/#\/schema\/person\/6f9a650eeea99d969b6c4ab78fccbe81"},"headline":"Exposition : \u00ab\u00a0Se Fondre dans le D\u00e9cor\u00a0\u00bb de l&rsquo;artiste Dom Garcia","datePublished":"2024-09-17T05:15:42+00:00","dateModified":"2024-09-17T09:22:08+00:00","mainEntityOfPage":{"@id":"https:\/\/vosgesinfo.fr\/epinalinfo\/2024\/09\/exposition-se-fondre-dans-le-decor-de-lartiste-dom-garcia\/"},"wordCount":92,"commentCount":0,"publisher":{"@id":"https:\/\/vosgesinfo.fr\/epinalinfo\/#organization"},"image":{"@id":"https:\/\/vosgesinfo.fr\/epinalinfo\/2024\/09\/exposition-se-fondre-dans-le-decor-de-lartiste-dom-garcia\/#primaryimage"},"thumbnailUrl":"https:\/\/vosgesinfo.fr\/app\/uploads\/sites\/3\/2024\/09\/invitation-.png","articleSection":["A la Une","Br\u00e8ves","Epinal"],"inLanguage":"fr-FR","potentialAction":[{"@type":"CommentAction","name":"Comment","target":["https:\/\/vosgesinfo.fr\/epinalinfo\/2024\/09\/exposition-se-fondre-dans-le-decor-de-lartiste-dom-garcia\/#respond"]}]},{"@type":"WebPage","@id":"https:\/\/vosgesinfo.fr\/epinalinfo\/2024\/09\/exposition-se-fondre-dans-le-decor-de-lartiste-dom-garcia\/","url":"https:\/\/vosgesinfo.fr\/epinalinfo\/2024\/09\/exposition-se-fondre-dans-le-decor-de-lartiste-dom-garcia\/","name":"Exposition : \"Se Fondre dans le D\u00e9cor\" de l'artiste Dom Garcia - Epinal Info","isPartOf":{"@id":"https:\/\/vosgesinfo.fr\/epinalinfo\/#website"},"primaryImageOfPage":{"@id":"https:\/\/vosgesinfo.fr\/epinalinfo\/2024\/09\/exposition-se-fondre-dans-le-decor-de-lartiste-dom-garcia\/#primaryimage"},"image":{"@id":"https:\/\/vosgesinfo.fr\/epinalinfo\/2024\/09\/exposition-se-fondre-dans-le-decor-de-lartiste-dom-garcia\/#primaryimage"},"thumbnailUrl":"https:\/\/vosgesinfo.fr\/app\/uploads\/sites\/3\/2024\/09\/invitation-.png","datePublished":"2024-09-17T05:15:42+00:00","dateModified":"2024-09-17T09:22:08+00:00","breadcrumb":{"@id":"https:\/\/vosgesinfo.fr\/epinalinfo\/2024\/09\/exposition-se-fondre-dans-le-decor-de-lartiste-dom-garcia\/#breadcrumb"},"inLanguage":"fr-FR","potentialAction":[{"@type":"ReadAction","target":["https:\/\/vosgesinfo.fr\/epinalinfo\/2024\/09\/exposition-se-fondre-dans-le-decor-de-lartiste-dom-garcia\/"]}]},{"@type":"ImageObject","inLanguage":"fr-FR","@id":"https:\/\/vosgesinfo.fr\/epinalinfo\/2024\/09\/exposition-se-fondre-dans-le-decor-de-lartiste-dom-garcia\/#primaryimage","url":"https:\/\/vosgesinfo.fr\/app\/uploads\/sites\/3\/2024\/09\/invitation-.png","contentUrl":"https:\/\/vosgesinfo.fr\/app\/uploads\/sites\/3\/2024\/09\/invitation-.png","width":1772,"height":1672},{"@type":"BreadcrumbList","@id":"https:\/\/vosgesinfo.fr\/epinalinfo\/2024\/09\/exposition-se-fondre-dans-le-decor-de-lartiste-dom-garcia\/#breadcrumb","itemListElement":[{"@type":"ListItem","position":1,"name":"Home","item":"https:\/\/vosgesinfo.fr\/epinalinfo\/"},{"@type":"ListItem","position":2,"name":"Exposition : &#8220;Se Fondre dans le D\u00e9cor&#8221; de l&#8217;artiste Dom Garcia"}]},{"@type":"WebSite","@id":"https:\/\/vosgesinfo.fr\/epinalinfo\/#website","url":"https:\/\/vosgesinfo.fr\/epinalinfo\/","name":"Epinal Info","description":"Toute l&#039;actualit\u00e9 d&#039;\u00c9pinal","publisher":{"@id":"https:\/\/vosgesinfo.fr\/epinalinfo\/#organization"},"alternateName":"Toute l'actualit\u00e9 d'\u00c9pinal","potentialAction":[{"@type":"SearchAction","target":{"@type":"EntryPoint","urlTemplate":"https:\/\/vosgesinfo.fr\/epinalinfo\/?s={search_term_string}"},"query-input":"required name=search_term_string"}],"inLanguage":"fr-FR"},{"@type":"Organization","@id":"https:\/\/vosgesinfo.fr\/epinalinfo\/#organization","name":"Epinal Info","url":"https:\/\/vosgesinfo.fr\/epinalinfo\/","logo":{"@type":"ImageObject","inLanguage":"fr-FR","@id":"https:\/\/vosgesinfo.fr\/epinalinfo\/#\/schema\/logo\/image\/","url":"https:\/\/vosgesinfo.fr\/app\/uploads\/sites\/3\/2023\/08\/logo-epinalinfos.svg","contentUrl":"https:\/\/vosgesinfo.fr\/app\/uploads\/sites\/3\/2023\/08\/logo-epinalinfos.svg","width":1,"height":1,"caption":"Epinal Info"},"image":{"@id":"https:\/\/vosgesinfo.fr\/epinalinfo\/#\/schema\/logo\/image\/"},"sameAs":["https:\/\/www.facebook.com\/Epinalinfos","https:\/\/x.com\/VosgesInfo88","https:\/\/www.youtube.com\/@vosgesinfo"]},{"@type":"Person","@id":"https:\/\/vosgesinfo.fr\/epinalinfo\/#\/schema\/person\/6f9a650eeea99d969b6c4ab78fccbe81","name":"C.K.","image":{"@type":"ImageObject","inLanguage":"fr-FR","@id":"https:\/\/vosgesinfo.fr\/epinalinfo\/#\/schema\/person\/image\/","url":"https:\/\/secure.gravatar.com\/avatar\/48e3fc7f8421ba8942be6b74a2b7f014ca39bc00dece156b7a8e098ae7dc87bf?s=96&d=mm&r=g","contentUrl":"https:\/\/secure.gravatar.com\/avatar\/48e3fc7f8421ba8942be6b74a2b7f014ca39bc00dece156b7a8e098ae7dc87bf?s=96&d=mm&r=g","caption":"C.K."},"url":"https:\/\/vosgesinfo.fr\/epinalinfo\/author\/celia-k-n\/"}]}},"_links":{"self":[{"href":"https:\/\/vosgesinfo.fr\/epinalinfo\/wp-json\/wp\/v2\/posts\/121760","targetHints":{"allow":["GET"]}}],"collection":[{"href":"https:\/\/vosgesinfo.fr\/epinalinfo\/wp-json\/wp\/v2\/posts"}],"about":[{"href":"https:\/\/vosgesinfo.fr\/epinalinfo\/wp-json\/wp\/v2\/types\/post"}],"author":[{"embeddable":true,"href":"https:\/\/vosgesinfo.fr\/epinalinfo\/wp-json\/wp\/v2\/users\/52"}],"replies":[{"embeddable":true,"href":"https:\/\/vosgesinfo.fr\/epinalinfo\/wp-json\/wp\/v2\/comments?post=121760"}],"version-history":[{"count":1,"href":"https:\/\/vosgesinfo.fr\/epinalinfo\/wp-json\/wp\/v2\/posts\/121760\/revisions"}],"predecessor-version":[{"id":121762,"href":"https:\/\/vosgesinfo.fr\/epinalinfo\/wp-json\/wp\/v2\/posts\/121760\/revisions\/121762"}],"wp:featuredmedia":[{"embeddable":true,"href":"https:\/\/vosgesinfo.fr\/epinalinfo\/wp-json\/wp\/v2\/media\/121761"}],"wp:attachment":[{"href":"https:\/\/vosgesinfo.fr\/epinalinfo\/wp-json\/wp\/v2\/media?parent=121760"}],"wp:term":[{"taxonomy":"category","embeddable":true,"href":"https:\/\/vosgesinfo.fr\/epinalinfo\/wp-json\/wp\/v2\/categories?post=121760"},{"taxonomy":"post_tag","embeddable":true,"href":"https:\/\/vosgesinfo.fr\/epinalinfo\/wp-json\/wp\/v2\/tags?post=121760"}],"curies":[{"name":"wp","href":"https:\/\/api.w.org\/{rel}","templated":true}]}}