{"id":121804,"date":"2024-09-17T15:06:08","date_gmt":"2024-09-17T13:06:08","guid":{"rendered":"https:\/\/vosgesinfo.fr\/epinalinfo\/?p=121804"},"modified":"2024-09-17T15:06:08","modified_gmt":"2024-09-17T13:06:08","slug":"sanchey-la-roue-des-forts-revient-pour-sa-16%e1%b5%89-edition","status":"publish","type":"post","link":"https:\/\/vosgesinfo.fr\/epinalinfo\/2024\/09\/sanchey-la-roue-des-forts-revient-pour-sa-16%e1%b5%89-edition\/","title":{"rendered":"Sanchey &#8211; La Roue des Forts revient pour sa 16\u1d49 \u00e9dition !"},"content":{"rendered":"<h2><a href=\"https:\/\/vosgesinfo.fr\/app\/uploads\/sites\/3\/2024\/09\/roue-des-forts-2024-sanchey.jpg\"><img decoding=\"async\" class=\"aligncenter size-full wp-image-121805\" src=\"https:\/\/vosgesinfo.fr\/app\/uploads\/sites\/3\/2024\/09\/roue-des-forts-2024-sanchey.jpg\" alt=\"\" width=\"297\" height=\"420\" srcset=\"https:\/\/vosgesinfo.fr\/app\/uploads\/sites\/3\/2024\/09\/roue-des-forts-2024-sanchey.jpg 297w, https:\/\/vosgesinfo.fr\/app\/uploads\/sites\/3\/2024\/09\/roue-des-forts-2024-sanchey-212x300.jpg 212w\" sizes=\"(max-width: 297px) 100vw, 297px\" \/><\/a>Le Rotary Club d\u2019Epinal pr\u00e9sente la 16e \u00e9dition de la course VTT La Roue des Forts qui se tiendra le dimanche 6 octobre prochain.<\/h2>\n<div id=\"attachment_74670\" style=\"width: 210px\" class=\"wp-caption aligncenter\"><a href=\"https:\/\/vosgesinfo.fr\/app\/uploads\/sites\/3\/2024\/08\/201707la-roue-des-forts-saint-laurent-14.jpg\"><img decoding=\"async\" aria-describedby=\"caption-attachment-74670\" class=\"size-medium wp-image-74670\" src=\"https:\/\/vosgesinfo.fr\/app\/uploads\/sites\/3\/2024\/08\/201707la-roue-des-forts-saint-laurent-14-200x300.jpg\" alt=\"\" width=\"200\" height=\"300\" srcset=\"https:\/\/vosgesinfo.fr\/app\/uploads\/sites\/3\/2024\/08\/201707la-roue-des-forts-saint-laurent-14-200x300.jpg 200w, https:\/\/vosgesinfo.fr\/app\/uploads\/sites\/3\/2024\/08\/201707la-roue-des-forts-saint-laurent-14.jpg 533w\" sizes=\"(max-width: 200px) 100vw, 200px\" \/><\/a><p id=\"caption-attachment-74670\" class=\"wp-caption-text\">photo archive<\/p><\/div>\n<p>L&rsquo;\u00e9v\u00e9nement \u00ab\u00a0La roue des forts\u00a0\u00bb est une randonn\u00e9e vtt qui aura lieu le dimanche 06 octobre 2024 au Fort de Sanchey. 5 courses de 20 \u00e0 75km sont propos\u00e9es.<\/p>\n<p>Votre participation est un atout de poids pour soutenir l&rsquo;action du Rotary Club d\u2019\u00c9pinal. Les b\u00e9n\u00e9fices de la Roue des Forts 2024 seront revers\u00e9s aux associations qui \u0153uvrent pour rendre le sport accessible \u00e0 tous.<\/p>\n<div id=\"attachment_74669\" style=\"width: 210px\" class=\"wp-caption aligncenter\"><a href=\"https:\/\/vosgesinfo.fr\/app\/uploads\/sites\/3\/2024\/08\/201707la-roue-des-forts-saint-laurent-8.jpg\"><img decoding=\"async\" aria-describedby=\"caption-attachment-74669\" class=\"size-medium wp-image-74669\" src=\"https:\/\/vosgesinfo.fr\/app\/uploads\/sites\/3\/2024\/08\/201707la-roue-des-forts-saint-laurent-8-200x300.jpg\" alt=\"\" width=\"200\" height=\"300\" srcset=\"https:\/\/vosgesinfo.fr\/app\/uploads\/sites\/3\/2024\/08\/201707la-roue-des-forts-saint-laurent-8-200x300.jpg 200w, https:\/\/vosgesinfo.fr\/app\/uploads\/sites\/3\/2024\/08\/201707la-roue-des-forts-saint-laurent-8.jpg 533w\" sizes=\"(max-width: 200px) 100vw, 200px\" \/><\/a><p id=\"caption-attachment-74669\" class=\"wp-caption-text\">photo archive<\/p><\/div>\n<p>D\u00e8s votre arriv\u00e9e au fort, plongez dans une ambiance conviviale et festive, o\u00f9 vous pourrez profiter d\u2019une offre de restauration sur place avec des plats savoureux pr\u00e9par\u00e9s sp\u00e9cialement pour l\u2019occasion et des animations vari\u00e9es pour tous. L\u2019occasion aussi de vous faire d\u00e9couvrir en exclusivit\u00e9 une toute nouvelle bi\u00e8re locale : la \u00ab 15 \u00bb, bi\u00e8re brass\u00e9e \u00e0 La Fouillotte, fruit de la collaboration entre deux clubs Rotary (Gembloux et \u00c9pinal) afin de faire rayonner l\u2019amiti\u00e9 franco-belge et de c\u00e9l\u00e9brer les 15 ans du salon de la Gourmandise \u00e0 \u00c9pinal.<\/p>\n<p>Le village sera ouvert jusqu\u2019\u00e0 minimum 16 h pour vous permettre de vous restaurer et de profiter de l\u2019ambiance. Plusieurs parkings \u00e0 votre disposition \u00e0 quelques dizaines de m\u00e8tres du fort afin de vous accueillir dans les meilleures conditions.<\/p>\n<p><strong>Les inscriptions sont d\u00e9j\u00e0 en ligne sur le site <a href=\"https:\/\/larouedesforts.com\/\">larouedesforts.com.<\/a> Il est \u00e9galement possible de s&rsquo;inscrire le jour m\u00eame. Les horaires d\u2019inscription sont les suivants : le dimanche 6 octobre de 7h30 \u00e0 10h00 selon les parcours.<\/strong><\/p>\n<p><strong>Tarifs adultes: 10 \u20ac , enfant 5\u2009\u20ac<\/strong><\/p>\n","protected":false},"excerpt":{"rendered":"<p>Le Rotary Club d\u2019Epinal pr\u00e9sente la 16e \u00e9dition de la course VTT La Roue des Forts qui se tiendra le [&hellip;]<\/p>\n","protected":false},"author":52,"featured_media":121805,"comment_status":"open","ping_status":"open","sticky":false,"template":"","format":"standard","meta":{"footnotes":""},"categories":[22,24],"tags":[304,3477,75],"class_list":["post-121804","post","type-post","status-publish","format-standard","has-post-thumbnail","hentry","category-a-la-une","category-epinal","tag-la-roue-des-forts","tag-sanchey","tag-vosges"],"acf":[],"yoast_head":"<!-- This site is optimized with the Yoast SEO plugin v22.5 - https:\/\/yoast.com\/wordpress\/plugins\/seo\/ -->\n<title>Sanchey - La Roue des Forts revient pour sa 16\u1d49 \u00e9dition ! - Epinal Info<\/title>\n<meta name=\"robots\" content=\"index, follow, max-snippet:-1, max-image-preview:large, max-video-preview:-1\" \/>\n<link rel=\"canonical\" href=\"https:\/\/vosgesinfo.fr\/epinalinfo\/?p=121804\" \/>\n<meta name=\"twitter:card\" content=\"summary_large_image\" \/>\n<meta name=\"twitter:title\" content=\"Sanchey - La Roue des Forts revient pour sa 16\u1d49 \u00e9dition ! - Epinal Info\" \/>\n<meta name=\"twitter:description\" content=\"Le Rotary Club d\u2019Epinal pr\u00e9sente la 16e \u00e9dition de la course VTT La Roue des Forts qui se tiendra le [&hellip;]\" \/>\n<meta name=\"twitter:image\" content=\"https:\/\/vosgesinfo.fr\/app\/uploads\/sites\/3\/2024\/09\/roue-des-forts-2024-sanchey.jpg\" \/>\n<meta name=\"twitter:creator\" content=\"@VosgesInfo88\" \/>\n<meta name=\"twitter:site\" content=\"@VosgesInfo88\" \/>\n<meta name=\"twitter:label1\" content=\"\u00c9crit par\" \/>\n\t<meta name=\"twitter:data1\" content=\"C.K.\" \/>\n\t<meta name=\"twitter:label2\" content=\"Dur\u00e9e de lecture estim\u00e9e\" \/>\n\t<meta name=\"twitter:data2\" content=\"1 minute\" \/>\n<script type=\"application\/ld+json\" class=\"yoast-schema-graph\">{\"@context\":\"https:\/\/schema.org\",\"@graph\":[{\"@type\":\"Article\",\"@id\":\"https:\/\/vosgesinfo.fr\/epinalinfo\/?p=121804#article\",\"isPartOf\":{\"@id\":\"https:\/\/vosgesinfo.fr\/epinalinfo\/?p=121804\"},\"author\":{\"name\":\"C.K.\",\"@id\":\"https:\/\/vosgesinfo.fr\/epinalinfo\/#\/schema\/person\/6f9a650eeea99d969b6c4ab78fccbe81\"},\"headline\":\"Sanchey &#8211; La Roue des Forts revient pour sa 16\u1d49 \u00e9dition !\",\"datePublished\":\"2024-09-17T13:06:08+00:00\",\"dateModified\":\"2024-09-17T13:06:08+00:00\",\"mainEntityOfPage\":{\"@id\":\"https:\/\/vosgesinfo.fr\/epinalinfo\/?p=121804\"},\"wordCount\":297,\"commentCount\":0,\"publisher\":{\"@id\":\"https:\/\/vosgesinfo.fr\/epinalinfo\/#organization\"},\"image\":{\"@id\":\"https:\/\/vosgesinfo.fr\/epinalinfo\/?p=121804#primaryimage\"},\"thumbnailUrl\":\"https:\/\/vosgesinfo.fr\/app\/uploads\/sites\/3\/2024\/09\/roue-des-forts-2024-sanchey.jpg\",\"keywords\":[\"\u00ab La Roue des Forts \u00bb\",\"Sanchey\",\"vosges\"],\"articleSection\":[\"A la Une\",\"Epinal\"],\"inLanguage\":\"fr-FR\",\"potentialAction\":[{\"@type\":\"CommentAction\",\"name\":\"Comment\",\"target\":[\"https:\/\/vosgesinfo.fr\/epinalinfo\/?p=121804#respond\"]}]},{\"@type\":\"WebPage\",\"@id\":\"https:\/\/vosgesinfo.fr\/epinalinfo\/?p=121804\",\"url\":\"https:\/\/vosgesinfo.fr\/epinalinfo\/?p=121804\",\"name\":\"Sanchey - La Roue des Forts revient pour sa 16\u1d49 \u00e9dition ! - Epinal Info\",\"isPartOf\":{\"@id\":\"https:\/\/vosgesinfo.fr\/epinalinfo\/#website\"},\"primaryImageOfPage\":{\"@id\":\"https:\/\/vosgesinfo.fr\/epinalinfo\/?p=121804#primaryimage\"},\"image\":{\"@id\":\"https:\/\/vosgesinfo.fr\/epinalinfo\/?p=121804#primaryimage\"},\"thumbnailUrl\":\"https:\/\/vosgesinfo.fr\/app\/uploads\/sites\/3\/2024\/09\/roue-des-forts-2024-sanchey.jpg\",\"datePublished\":\"2024-09-17T13:06:08+00:00\",\"dateModified\":\"2024-09-17T13:06:08+00:00\",\"breadcrumb\":{\"@id\":\"https:\/\/vosgesinfo.fr\/epinalinfo\/?p=121804#breadcrumb\"},\"inLanguage\":\"fr-FR\",\"potentialAction\":[{\"@type\":\"ReadAction\",\"target\":[\"https:\/\/vosgesinfo.fr\/epinalinfo\/?p=121804\"]}]},{\"@type\":\"ImageObject\",\"inLanguage\":\"fr-FR\",\"@id\":\"https:\/\/vosgesinfo.fr\/epinalinfo\/?p=121804#primaryimage\",\"url\":\"https:\/\/vosgesinfo.fr\/app\/uploads\/sites\/3\/2024\/09\/roue-des-forts-2024-sanchey.jpg\",\"contentUrl\":\"https:\/\/vosgesinfo.fr\/app\/uploads\/sites\/3\/2024\/09\/roue-des-forts-2024-sanchey.jpg\",\"width\":297,\"height\":420},{\"@type\":\"BreadcrumbList\",\"@id\":\"https:\/\/vosgesinfo.fr\/epinalinfo\/?p=121804#breadcrumb\",\"itemListElement\":[{\"@type\":\"ListItem\",\"position\":1,\"name\":\"Home\",\"item\":\"https:\/\/vosgesinfo.fr\/epinalinfo\/\"},{\"@type\":\"ListItem\",\"position\":2,\"name\":\"Sanchey &#8211; La Roue des Forts revient pour sa 16\u1d49 \u00e9dition !\"}]},{\"@type\":\"WebSite\",\"@id\":\"https:\/\/vosgesinfo.fr\/epinalinfo\/#website\",\"url\":\"https:\/\/vosgesinfo.fr\/epinalinfo\/\",\"name\":\"Epinal Info\",\"description\":\"Toute l&#039;actualit\u00e9 d&#039;\u00c9pinal\",\"publisher\":{\"@id\":\"https:\/\/vosgesinfo.fr\/epinalinfo\/#organization\"},\"alternateName\":\"Toute l'actualit\u00e9 d'\u00c9pinal\",\"potentialAction\":[{\"@type\":\"SearchAction\",\"target\":{\"@type\":\"EntryPoint\",\"urlTemplate\":\"https:\/\/vosgesinfo.fr\/epinalinfo\/?s={search_term_string}\"},\"query-input\":\"required name=search_term_string\"}],\"inLanguage\":\"fr-FR\"},{\"@type\":\"Organization\",\"@id\":\"https:\/\/vosgesinfo.fr\/epinalinfo\/#organization\",\"name\":\"Epinal Info\",\"url\":\"https:\/\/vosgesinfo.fr\/epinalinfo\/\",\"logo\":{\"@type\":\"ImageObject\",\"inLanguage\":\"fr-FR\",\"@id\":\"https:\/\/vosgesinfo.fr\/epinalinfo\/#\/schema\/logo\/image\/\",\"url\":\"https:\/\/vosgesinfo.fr\/app\/uploads\/sites\/3\/2023\/08\/logo-epinalinfos.svg\",\"contentUrl\":\"https:\/\/vosgesinfo.fr\/app\/uploads\/sites\/3\/2023\/08\/logo-epinalinfos.svg\",\"width\":1,\"height\":1,\"caption\":\"Epinal Info\"},\"image\":{\"@id\":\"https:\/\/vosgesinfo.fr\/epinalinfo\/#\/schema\/logo\/image\/\"},\"sameAs\":[\"https:\/\/www.facebook.com\/Epinalinfos\",\"https:\/\/x.com\/VosgesInfo88\",\"https:\/\/www.youtube.com\/@vosgesinfo\"]},{\"@type\":\"Person\",\"@id\":\"https:\/\/vosgesinfo.fr\/epinalinfo\/#\/schema\/person\/6f9a650eeea99d969b6c4ab78fccbe81\",\"name\":\"C.K.\",\"image\":{\"@type\":\"ImageObject\",\"inLanguage\":\"fr-FR\",\"@id\":\"https:\/\/vosgesinfo.fr\/epinalinfo\/#\/schema\/person\/image\/\",\"url\":\"https:\/\/secure.gravatar.com\/avatar\/48e3fc7f8421ba8942be6b74a2b7f014ca39bc00dece156b7a8e098ae7dc87bf?s=96&d=mm&r=g\",\"contentUrl\":\"https:\/\/secure.gravatar.com\/avatar\/48e3fc7f8421ba8942be6b74a2b7f014ca39bc00dece156b7a8e098ae7dc87bf?s=96&d=mm&r=g\",\"caption\":\"C.K.\"},\"url\":\"https:\/\/vosgesinfo.fr\/epinalinfo\/author\/celia-k-n\/\"}]}<\/script>\n<!-- \/ Yoast SEO plugin. -->","yoast_head_json":{"title":"Sanchey - La Roue des Forts revient pour sa 16\u1d49 \u00e9dition ! - Epinal Info","robots":{"index":"index","follow":"follow","max-snippet":"max-snippet:-1","max-image-preview":"max-image-preview:large","max-video-preview":"max-video-preview:-1"},"canonical":"https:\/\/vosgesinfo.fr\/epinalinfo\/?p=121804","twitter_card":"summary_large_image","twitter_title":"Sanchey - La Roue des Forts revient pour sa 16\u1d49 \u00e9dition ! - Epinal Info","twitter_description":"Le Rotary Club d\u2019Epinal pr\u00e9sente la 16e \u00e9dition de la course VTT La Roue des Forts qui se tiendra le [&hellip;]","twitter_image":"https:\/\/vosgesinfo.fr\/app\/uploads\/sites\/3\/2024\/09\/roue-des-forts-2024-sanchey.jpg","twitter_creator":"@VosgesInfo88","twitter_site":"@VosgesInfo88","twitter_misc":{"\u00c9crit par":"C.K.","Dur\u00e9e de lecture estim\u00e9e":"1 minute"},"schema":{"@context":"https:\/\/schema.org","@graph":[{"@type":"Article","@id":"https:\/\/vosgesinfo.fr\/epinalinfo\/?p=121804#article","isPartOf":{"@id":"https:\/\/vosgesinfo.fr\/epinalinfo\/?p=121804"},"author":{"name":"C.K.","@id":"https:\/\/vosgesinfo.fr\/epinalinfo\/#\/schema\/person\/6f9a650eeea99d969b6c4ab78fccbe81"},"headline":"Sanchey &#8211; La Roue des Forts revient pour sa 16\u1d49 \u00e9dition !","datePublished":"2024-09-17T13:06:08+00:00","dateModified":"2024-09-17T13:06:08+00:00","mainEntityOfPage":{"@id":"https:\/\/vosgesinfo.fr\/epinalinfo\/?p=121804"},"wordCount":297,"commentCount":0,"publisher":{"@id":"https:\/\/vosgesinfo.fr\/epinalinfo\/#organization"},"image":{"@id":"https:\/\/vosgesinfo.fr\/epinalinfo\/?p=121804#primaryimage"},"thumbnailUrl":"https:\/\/vosgesinfo.fr\/app\/uploads\/sites\/3\/2024\/09\/roue-des-forts-2024-sanchey.jpg","keywords":["\u00ab La Roue des Forts \u00bb","Sanchey","vosges"],"articleSection":["A la Une","Epinal"],"inLanguage":"fr-FR","potentialAction":[{"@type":"CommentAction","name":"Comment","target":["https:\/\/vosgesinfo.fr\/epinalinfo\/?p=121804#respond"]}]},{"@type":"WebPage","@id":"https:\/\/vosgesinfo.fr\/epinalinfo\/?p=121804","url":"https:\/\/vosgesinfo.fr\/epinalinfo\/?p=121804","name":"Sanchey - La Roue des Forts revient pour sa 16\u1d49 \u00e9dition ! - Epinal Info","isPartOf":{"@id":"https:\/\/vosgesinfo.fr\/epinalinfo\/#website"},"primaryImageOfPage":{"@id":"https:\/\/vosgesinfo.fr\/epinalinfo\/?p=121804#primaryimage"},"image":{"@id":"https:\/\/vosgesinfo.fr\/epinalinfo\/?p=121804#primaryimage"},"thumbnailUrl":"https:\/\/vosgesinfo.fr\/app\/uploads\/sites\/3\/2024\/09\/roue-des-forts-2024-sanchey.jpg","datePublished":"2024-09-17T13:06:08+00:00","dateModified":"2024-09-17T13:06:08+00:00","breadcrumb":{"@id":"https:\/\/vosgesinfo.fr\/epinalinfo\/?p=121804#breadcrumb"},"inLanguage":"fr-FR","potentialAction":[{"@type":"ReadAction","target":["https:\/\/vosgesinfo.fr\/epinalinfo\/?p=121804"]}]},{"@type":"ImageObject","inLanguage":"fr-FR","@id":"https:\/\/vosgesinfo.fr\/epinalinfo\/?p=121804#primaryimage","url":"https:\/\/vosgesinfo.fr\/app\/uploads\/sites\/3\/2024\/09\/roue-des-forts-2024-sanchey.jpg","contentUrl":"https:\/\/vosgesinfo.fr\/app\/uploads\/sites\/3\/2024\/09\/roue-des-forts-2024-sanchey.jpg","width":297,"height":420},{"@type":"BreadcrumbList","@id":"https:\/\/vosgesinfo.fr\/epinalinfo\/?p=121804#breadcrumb","itemListElement":[{"@type":"ListItem","position":1,"name":"Home","item":"https:\/\/vosgesinfo.fr\/epinalinfo\/"},{"@type":"ListItem","position":2,"name":"Sanchey &#8211; La Roue des Forts revient pour sa 16\u1d49 \u00e9dition !"}]},{"@type":"WebSite","@id":"https:\/\/vosgesinfo.fr\/epinalinfo\/#website","url":"https:\/\/vosgesinfo.fr\/epinalinfo\/","name":"Epinal Info","description":"Toute l&#039;actualit\u00e9 d&#039;\u00c9pinal","publisher":{"@id":"https:\/\/vosgesinfo.fr\/epinalinfo\/#organization"},"alternateName":"Toute l'actualit\u00e9 d'\u00c9pinal","potentialAction":[{"@type":"SearchAction","target":{"@type":"EntryPoint","urlTemplate":"https:\/\/vosgesinfo.fr\/epinalinfo\/?s={search_term_string}"},"query-input":"required name=search_term_string"}],"inLanguage":"fr-FR"},{"@type":"Organization","@id":"https:\/\/vosgesinfo.fr\/epinalinfo\/#organization","name":"Epinal Info","url":"https:\/\/vosgesinfo.fr\/epinalinfo\/","logo":{"@type":"ImageObject","inLanguage":"fr-FR","@id":"https:\/\/vosgesinfo.fr\/epinalinfo\/#\/schema\/logo\/image\/","url":"https:\/\/vosgesinfo.fr\/app\/uploads\/sites\/3\/2023\/08\/logo-epinalinfos.svg","contentUrl":"https:\/\/vosgesinfo.fr\/app\/uploads\/sites\/3\/2023\/08\/logo-epinalinfos.svg","width":1,"height":1,"caption":"Epinal Info"},"image":{"@id":"https:\/\/vosgesinfo.fr\/epinalinfo\/#\/schema\/logo\/image\/"},"sameAs":["https:\/\/www.facebook.com\/Epinalinfos","https:\/\/x.com\/VosgesInfo88","https:\/\/www.youtube.com\/@vosgesinfo"]},{"@type":"Person","@id":"https:\/\/vosgesinfo.fr\/epinalinfo\/#\/schema\/person\/6f9a650eeea99d969b6c4ab78fccbe81","name":"C.K.","image":{"@type":"ImageObject","inLanguage":"fr-FR","@id":"https:\/\/vosgesinfo.fr\/epinalinfo\/#\/schema\/person\/image\/","url":"https:\/\/secure.gravatar.com\/avatar\/48e3fc7f8421ba8942be6b74a2b7f014ca39bc00dece156b7a8e098ae7dc87bf?s=96&d=mm&r=g","contentUrl":"https:\/\/secure.gravatar.com\/avatar\/48e3fc7f8421ba8942be6b74a2b7f014ca39bc00dece156b7a8e098ae7dc87bf?s=96&d=mm&r=g","caption":"C.K."},"url":"https:\/\/vosgesinfo.fr\/epinalinfo\/author\/celia-k-n\/"}]}},"_links":{"self":[{"href":"https:\/\/vosgesinfo.fr\/epinalinfo\/wp-json\/wp\/v2\/posts\/121804","targetHints":{"allow":["GET"]}}],"collection":[{"href":"https:\/\/vosgesinfo.fr\/epinalinfo\/wp-json\/wp\/v2\/posts"}],"about":[{"href":"https:\/\/vosgesinfo.fr\/epinalinfo\/wp-json\/wp\/v2\/types\/post"}],"author":[{"embeddable":true,"href":"https:\/\/vosgesinfo.fr\/epinalinfo\/wp-json\/wp\/v2\/users\/52"}],"replies":[{"embeddable":true,"href":"https:\/\/vosgesinfo.fr\/epinalinfo\/wp-json\/wp\/v2\/comments?post=121804"}],"version-history":[{"count":1,"href":"https:\/\/vosgesinfo.fr\/epinalinfo\/wp-json\/wp\/v2\/posts\/121804\/revisions"}],"predecessor-version":[{"id":121806,"href":"https:\/\/vosgesinfo.fr\/epinalinfo\/wp-json\/wp\/v2\/posts\/121804\/revisions\/121806"}],"wp:featuredmedia":[{"embeddable":true,"href":"https:\/\/vosgesinfo.fr\/epinalinfo\/wp-json\/wp\/v2\/media\/121805"}],"wp:attachment":[{"href":"https:\/\/vosgesinfo.fr\/epinalinfo\/wp-json\/wp\/v2\/media?parent=121804"}],"wp:term":[{"taxonomy":"category","embeddable":true,"href":"https:\/\/vosgesinfo.fr\/epinalinfo\/wp-json\/wp\/v2\/categories?post=121804"},{"taxonomy":"post_tag","embeddable":true,"href":"https:\/\/vosgesinfo.fr\/epinalinfo\/wp-json\/wp\/v2\/tags?post=121804"}],"curies":[{"name":"wp","href":"https:\/\/api.w.org\/{rel}","templated":true}]}}