{"id":122448,"date":"2024-10-03T09:26:26","date_gmt":"2024-10-03T07:26:26","guid":{"rendered":"https:\/\/vosgesinfo.fr\/epinalinfo\/?p=122448"},"modified":"2024-10-03T09:38:00","modified_gmt":"2024-10-03T07:38:00","slug":"les-foulees-roses-cest-ce-dimanche-a-epinal","status":"publish","type":"post","link":"https:\/\/vosgesinfo.fr\/epinalinfo\/2024\/10\/les-foulees-roses-cest-ce-dimanche-a-epinal\/","title":{"rendered":"Les foul\u00e9es roses, c&rsquo;est ce dimanche \u00e0 \u00c9pinal !"},"content":{"rendered":"<div id=\"attachment_112631\" style=\"width: 2570px\" class=\"wp-caption aligncenter\"><a href=\"https:\/\/vosgesinfo.fr\/app\/uploads\/sites\/3\/2024\/08\/201810foulees-roses-spinaliennes-epinal-15-scaled.jpg\"><img decoding=\"async\" aria-describedby=\"caption-attachment-112631\" class=\"size-full wp-image-112631\" src=\"https:\/\/vosgesinfo.fr\/app\/uploads\/sites\/3\/2024\/08\/201810foulees-roses-spinaliennes-epinal-15-scaled.jpg\" alt=\"\" width=\"2560\" height=\"1920\" srcset=\"https:\/\/vosgesinfo.fr\/app\/uploads\/sites\/3\/2024\/08\/201810foulees-roses-spinaliennes-epinal-15-scaled.jpg 2560w, https:\/\/vosgesinfo.fr\/app\/uploads\/sites\/3\/2024\/08\/201810foulees-roses-spinaliennes-epinal-15-300x225.jpg 300w, https:\/\/vosgesinfo.fr\/app\/uploads\/sites\/3\/2024\/08\/201810foulees-roses-spinaliennes-epinal-15-1024x768.jpg 1024w, https:\/\/vosgesinfo.fr\/app\/uploads\/sites\/3\/2024\/08\/201810foulees-roses-spinaliennes-epinal-15-768x576.jpg 768w, https:\/\/vosgesinfo.fr\/app\/uploads\/sites\/3\/2024\/08\/201810foulees-roses-spinaliennes-epinal-15-1536x1152.jpg 1536w, https:\/\/vosgesinfo.fr\/app\/uploads\/sites\/3\/2024\/08\/201810foulees-roses-spinaliennes-epinal-15-2048x1536.jpg 2048w\" sizes=\"(max-width: 2560px) 100vw, 2560px\" \/><\/a><p id=\"caption-attachment-112631\" class=\"wp-caption-text\">photo d&rsquo;archive<\/p><\/div>\n<h2>Les Foul\u00e9es roses spinaliennes auront lieu ce dimanche 6 octobre, \u00e0 Epinal. Les foul\u00e9es roses, c&rsquo;est <span class=\"x193iq5w xeuugli x13faqbe x1vvkbs x1xmvt09 x1lliihq x1s928wv xhkezso x1gmr53x x1cpjm7i x1fgarty x1943h6x xudqn12 x3x7a5m x6prxxf xvq8zen xo1l8bm xzsf02u x1yc453h\" dir=\"auto\">6km \u00e0 pied ou en courant dans la ville pour lutter contre le cancer. <\/span><\/h2>\n<p><span class=\"x193iq5w xeuugli x13faqbe x1vvkbs x1xmvt09 x1lliihq x1s928wv xhkezso x1gmr53x x1cpjm7i x1fgarty x1943h6x xudqn12 x3x7a5m x6prxxf xvq8zen xo1l8bm xzsf02u x1yc453h\" dir=\"auto\"><span class=\"color_15 wixui-rich-text__text\"><span class=\"wixui-rich-text__text\">Ce dimanche 6 octobre, ce sera la neuvi\u00e8me \u00e9dition de cette manifestation <\/span><span class=\"wixui-rich-text__text\">festive,\u00a0<\/span><span class=\"wixui-rich-text__text\">devenue<\/span><span class=\"wixui-rich-text__text\">\u00a0au fil du temps un des rendez-vous solidaires les plus incontournables du Grand Est.<\/span><\/span><\/span><\/p>\n<p><span class=\"color_15 wixui-rich-text__text\"><span class=\"wixui-rich-text__text\">Le parcours<\/span><span class=\"wixui-rich-text__text\">\u00a0am\u00e8nera l\u2019ensemble des femmes au Port, pour revenir au centre-ville, avec passage devant certains sites historiques spinaliens : Imagerie, Roseraie &#8230; U<\/span><span class=\"wixui-rich-text__text\">n point de ravitaillement est mis en place \u00e0 l&rsquo;arriv\u00e9e, accessible avec le ticket remis lors de l&rsquo;inscription.<\/span><\/span><\/p>\n<div id=\"comp-l2823tiv\" class=\"HcOXKn c9GqVL QxJLC3 lq2cno comp-l2823tiv wixui-rich-text\" data-testid=\"richTextElement\">\n<p class=\"font_8 wixui-rich-text__text\"><span class=\"color_15 wixui-rich-text__text\"><span class=\"wixui-rich-text__text\">Les Foul\u00e9es Roses Spinaliennes ont lieu <\/span><\/span><span class=\"color_41 wixui-rich-text__text\"><span class=\"wixui-rich-text__text\">en\u00a0<\/span><span class=\"wixui-rich-text__text\">plein<\/span><span class=\"wixui-rich-text__text\">\u00a0centre-ville d&rsquo;\u00c9pinal<\/span><\/span><span class=\"color_15 wixui-rich-text__text\"><span class=\"wixui-rich-text__text\">. Le d<\/span><span class=\"wixui-rich-text__text\">\u00e9part et l&rsquo;arriv\u00e9e sont situ\u00e9s Place Georgin, \u00e0 c\u00f4t\u00e9 du March\u00e9 Couvert.<\/span><\/span><\/p>\n<div id=\"comp-l282aoru\" class=\"HcOXKn c9GqVL QxJLC3 lq2cno comp-l282aoru wixui-rich-text\" data-testid=\"richTextElement\">\n<p class=\"font_8 wixui-rich-text__text\"><span class=\"color_41 wixui-rich-text__text\"><span class=\"wixui-rich-text__text\">Toutes les femmes sont invit\u00e9es \u00e0 participer aux Foul\u00e9es Roses Spinaliennes. <\/span><\/span><span class=\"color_15 wixui-rich-text__text\"><span class=\"wixui-rich-text__text\">Port de v\u00eatements ou accessoires roses, de d\u00e9guisement, avec la poussette et les enfants &#8230; tout est permis pour rendre l&rsquo;\u00e9v\u00e9nement plus fun !<\/span><\/span><\/p>\n<p class=\"font_8 wixui-rich-text__text\"><span class=\"color_15 wixui-rich-text__text\"><span class=\"wixui-rich-text__text\">Et parce que le cancer du sein concerne aussi les hommes (2 %), et que <\/span><\/span><span class=\"color_41 wixui-rich-text__text\"><span class=\"wixui-rich-text__text\">ces hommes<\/span><\/span><span class=\"color_15 wixui-rich-text__text\"><span class=\"wixui-rich-text__text\"> sont les premiers concern\u00e9s par la maladie de leur \u00e9pouse, de leur m\u00e8re, de leur fille, de leur s\u0153ur (\u2026), ils <\/span><\/span><span class=\"color_41 wixui-rich-text__text\"><span class=\"wixui-rich-text__text\">sont tous les bienvenus pour encourager toutes les participantes.<\/span><\/span><\/p>\n<p class=\"font_8 wixui-rich-text__text\"><span class=\"color_15 wixui-rich-text__text\"><span class=\"wixui-rich-text__text\">Si\u00a0<\/span><span class=\"wixui-rich-text__text\">certains<\/span><span class=\"wixui-rich-text__text\">\u00a0d&rsquo;entre eux souhaitent, de plus, <\/span><\/span><span class=\"color_41 wixui-rich-text__text\"><span class=\"wixui-rich-text__text\">apporter leur contribution (signaleurs, b\u00e9n\u00e9voles notamment) dans la logistique de cette journ\u00e9e, ils sont \u00e9galement les bienvenus.<\/span><\/span><\/p>\n<div id=\"comp-l283fush\" class=\"HcOXKn c9GqVL QxJLC3 lq2cno comp-l283fush wixui-rich-text\" data-testid=\"richTextElement\">\n<p class=\"font_8 wixui-rich-text__text\"><span class=\"color_41 wixui-rich-text__text\"><span class=\"wixui-rich-text__text\">La participation aux Foul\u00e9es Roses Spinaliennes se fait sur inscription. <\/span><\/span><span class=\"color_15 wixui-rich-text__text\"><span class=\"wixui-rich-text__text\">Chaque femme inscrite recevra un cadeau, au choix : un t-shirt rose ou une capuche de bain rose, qu\u2019elles sont invit\u00e9es \u00e0 porter lors de la manifestation. <\/span><\/span><\/p>\n<p class=\"font_8 wixui-rich-text__text\">L&rsquo;inscription est de 10 \u20ac , ou 5\u20ac \u00a0<span class=\"color_15 wixui-rich-text__text\"><span class=\"wixui-rich-text__text\">pour les plus jeunes (n\u00e9es de 2010 \u00e0 2018, avec remise \u00e9galement d\u2019un cadeau).<\/span><\/span><\/p>\n<p class=\"font_8 wixui-rich-text__text\"><span class=\"color_41 wixui-rich-text__text\"><span class=\"wixui-rich-text__text\">L&rsquo;argent issu des inscriptions ainsi que les dons suppl\u00e9mentaires sont destin\u00e9s au Comit\u00e9 des Vosges de la Ligue contre le cancer qui organise l&rsquo;\u00e9v\u00e9nement.<\/span><\/span><\/p>\n<p><strong>Inscriptions : <a href=\"https:\/\/www.foulees-roses-spinaliennes.fr\/s-inscrire\">https:\/\/www.foulees-roses-spinaliennes.fr\/s-inscrire<\/a><\/strong><\/p>\n<div class=\"x11i5rnm xat24cr x1mh8g0r x1vvkbs xtlvy1s x126k92a\">\n<div dir=\"auto\">\u00c9chauffement \u00e0 10h15 avec C\u00e9line.<\/div>\n<div dir=\"auto\">D\u00e9part \u00e0 10h30.<\/div>\n<\/div>\n<\/div>\n<\/div>\n<\/div>\n","protected":false},"excerpt":{"rendered":"<p>Les Foul\u00e9es roses spinaliennes auront lieu ce dimanche 6 octobre, \u00e0 Epinal. Les foul\u00e9es roses, c&rsquo;est 6km \u00e0 pied ou [&hellip;]<\/p>\n","protected":false},"author":52,"featured_media":112631,"comment_status":"open","ping_status":"open","sticky":false,"template":"","format":"standard","meta":{"footnotes":""},"categories":[22,24,192],"tags":[],"class_list":["post-122448","post","type-post","status-publish","format-standard","has-post-thumbnail","hentry","category-a-la-une","category-epinal","category-solidarite"],"acf":[],"yoast_head":"<!-- This site is optimized with the Yoast SEO plugin v22.5 - https:\/\/yoast.com\/wordpress\/plugins\/seo\/ -->\n<title>Les foul\u00e9es roses, c&#039;est ce dimanche \u00e0 \u00c9pinal ! - Epinal Info<\/title>\n<meta name=\"robots\" content=\"index, follow, max-snippet:-1, max-image-preview:large, max-video-preview:-1\" \/>\n<link rel=\"canonical\" href=\"https:\/\/vosgesinfo.fr\/epinalinfo\/2024\/10\/les-foulees-roses-cest-ce-dimanche-a-epinal\/\" \/>\n<meta name=\"twitter:card\" content=\"summary_large_image\" \/>\n<meta name=\"twitter:title\" content=\"Les foul\u00e9es roses, c&#039;est ce dimanche \u00e0 \u00c9pinal ! - Epinal Info\" \/>\n<meta name=\"twitter:description\" content=\"Les Foul\u00e9es roses spinaliennes auront lieu ce dimanche 6 octobre, \u00e0 Epinal. Les foul\u00e9es roses, c&rsquo;est 6km \u00e0 pied ou [&hellip;]\" \/>\n<meta name=\"twitter:image\" content=\"https:\/\/vosgesinfo.fr\/app\/uploads\/sites\/3\/2024\/08\/201810foulees-roses-spinaliennes-epinal-15-scaled.jpg\" \/>\n<meta name=\"twitter:creator\" content=\"@VosgesInfo88\" \/>\n<meta name=\"twitter:site\" content=\"@VosgesInfo88\" \/>\n<meta name=\"twitter:label1\" content=\"\u00c9crit par\" \/>\n\t<meta name=\"twitter:data1\" content=\"C.K.\" \/>\n\t<meta name=\"twitter:label2\" content=\"Dur\u00e9e de lecture estim\u00e9e\" \/>\n\t<meta name=\"twitter:data2\" content=\"3 minutes\" \/>\n<script type=\"application\/ld+json\" class=\"yoast-schema-graph\">{\"@context\":\"https:\/\/schema.org\",\"@graph\":[{\"@type\":\"Article\",\"@id\":\"https:\/\/vosgesinfo.fr\/epinalinfo\/2024\/10\/les-foulees-roses-cest-ce-dimanche-a-epinal\/#article\",\"isPartOf\":{\"@id\":\"https:\/\/vosgesinfo.fr\/epinalinfo\/2024\/10\/les-foulees-roses-cest-ce-dimanche-a-epinal\/\"},\"author\":{\"name\":\"C.K.\",\"@id\":\"https:\/\/vosgesinfo.fr\/epinalinfo\/#\/schema\/person\/6f9a650eeea99d969b6c4ab78fccbe81\"},\"headline\":\"Les foul\u00e9es roses, c&rsquo;est ce dimanche \u00e0 \u00c9pinal !\",\"datePublished\":\"2024-10-03T07:26:26+00:00\",\"dateModified\":\"2024-10-03T07:38:00+00:00\",\"mainEntityOfPage\":{\"@id\":\"https:\/\/vosgesinfo.fr\/epinalinfo\/2024\/10\/les-foulees-roses-cest-ce-dimanche-a-epinal\/\"},\"wordCount\":362,\"commentCount\":0,\"publisher\":{\"@id\":\"https:\/\/vosgesinfo.fr\/epinalinfo\/#organization\"},\"image\":{\"@id\":\"https:\/\/vosgesinfo.fr\/epinalinfo\/2024\/10\/les-foulees-roses-cest-ce-dimanche-a-epinal\/#primaryimage\"},\"thumbnailUrl\":\"https:\/\/vosgesinfo.fr\/app\/uploads\/sites\/3\/2024\/08\/201810foulees-roses-spinaliennes-epinal-15-scaled.jpg\",\"articleSection\":[\"A la Une\",\"Epinal\",\"Solidarit\u00e9\"],\"inLanguage\":\"fr-FR\",\"potentialAction\":[{\"@type\":\"CommentAction\",\"name\":\"Comment\",\"target\":[\"https:\/\/vosgesinfo.fr\/epinalinfo\/2024\/10\/les-foulees-roses-cest-ce-dimanche-a-epinal\/#respond\"]}]},{\"@type\":\"WebPage\",\"@id\":\"https:\/\/vosgesinfo.fr\/epinalinfo\/2024\/10\/les-foulees-roses-cest-ce-dimanche-a-epinal\/\",\"url\":\"https:\/\/vosgesinfo.fr\/epinalinfo\/2024\/10\/les-foulees-roses-cest-ce-dimanche-a-epinal\/\",\"name\":\"Les foul\u00e9es roses, c'est ce dimanche \u00e0 \u00c9pinal ! - Epinal Info\",\"isPartOf\":{\"@id\":\"https:\/\/vosgesinfo.fr\/epinalinfo\/#website\"},\"primaryImageOfPage\":{\"@id\":\"https:\/\/vosgesinfo.fr\/epinalinfo\/2024\/10\/les-foulees-roses-cest-ce-dimanche-a-epinal\/#primaryimage\"},\"image\":{\"@id\":\"https:\/\/vosgesinfo.fr\/epinalinfo\/2024\/10\/les-foulees-roses-cest-ce-dimanche-a-epinal\/#primaryimage\"},\"thumbnailUrl\":\"https:\/\/vosgesinfo.fr\/app\/uploads\/sites\/3\/2024\/08\/201810foulees-roses-spinaliennes-epinal-15-scaled.jpg\",\"datePublished\":\"2024-10-03T07:26:26+00:00\",\"dateModified\":\"2024-10-03T07:38:00+00:00\",\"breadcrumb\":{\"@id\":\"https:\/\/vosgesinfo.fr\/epinalinfo\/2024\/10\/les-foulees-roses-cest-ce-dimanche-a-epinal\/#breadcrumb\"},\"inLanguage\":\"fr-FR\",\"potentialAction\":[{\"@type\":\"ReadAction\",\"target\":[\"https:\/\/vosgesinfo.fr\/epinalinfo\/2024\/10\/les-foulees-roses-cest-ce-dimanche-a-epinal\/\"]}]},{\"@type\":\"ImageObject\",\"inLanguage\":\"fr-FR\",\"@id\":\"https:\/\/vosgesinfo.fr\/epinalinfo\/2024\/10\/les-foulees-roses-cest-ce-dimanche-a-epinal\/#primaryimage\",\"url\":\"https:\/\/vosgesinfo.fr\/app\/uploads\/sites\/3\/2024\/08\/201810foulees-roses-spinaliennes-epinal-15-scaled.jpg\",\"contentUrl\":\"https:\/\/vosgesinfo.fr\/app\/uploads\/sites\/3\/2024\/08\/201810foulees-roses-spinaliennes-epinal-15-scaled.jpg\",\"width\":2560,\"height\":1920,\"caption\":\"photo d'archive\"},{\"@type\":\"BreadcrumbList\",\"@id\":\"https:\/\/vosgesinfo.fr\/epinalinfo\/2024\/10\/les-foulees-roses-cest-ce-dimanche-a-epinal\/#breadcrumb\",\"itemListElement\":[{\"@type\":\"ListItem\",\"position\":1,\"name\":\"Home\",\"item\":\"https:\/\/vosgesinfo.fr\/epinalinfo\/\"},{\"@type\":\"ListItem\",\"position\":2,\"name\":\"Les foul\u00e9es roses, c&#8217;est ce dimanche \u00e0 \u00c9pinal !\"}]},{\"@type\":\"WebSite\",\"@id\":\"https:\/\/vosgesinfo.fr\/epinalinfo\/#website\",\"url\":\"https:\/\/vosgesinfo.fr\/epinalinfo\/\",\"name\":\"Epinal Info\",\"description\":\"Toute l&#039;actualit\u00e9 d&#039;\u00c9pinal\",\"publisher\":{\"@id\":\"https:\/\/vosgesinfo.fr\/epinalinfo\/#organization\"},\"alternateName\":\"Toute l'actualit\u00e9 d'\u00c9pinal\",\"potentialAction\":[{\"@type\":\"SearchAction\",\"target\":{\"@type\":\"EntryPoint\",\"urlTemplate\":\"https:\/\/vosgesinfo.fr\/epinalinfo\/?s={search_term_string}\"},\"query-input\":\"required name=search_term_string\"}],\"inLanguage\":\"fr-FR\"},{\"@type\":\"Organization\",\"@id\":\"https:\/\/vosgesinfo.fr\/epinalinfo\/#organization\",\"name\":\"Epinal Info\",\"url\":\"https:\/\/vosgesinfo.fr\/epinalinfo\/\",\"logo\":{\"@type\":\"ImageObject\",\"inLanguage\":\"fr-FR\",\"@id\":\"https:\/\/vosgesinfo.fr\/epinalinfo\/#\/schema\/logo\/image\/\",\"url\":\"https:\/\/vosgesinfo.fr\/app\/uploads\/sites\/3\/2023\/08\/logo-epinalinfos.svg\",\"contentUrl\":\"https:\/\/vosgesinfo.fr\/app\/uploads\/sites\/3\/2023\/08\/logo-epinalinfos.svg\",\"width\":1,\"height\":1,\"caption\":\"Epinal Info\"},\"image\":{\"@id\":\"https:\/\/vosgesinfo.fr\/epinalinfo\/#\/schema\/logo\/image\/\"},\"sameAs\":[\"https:\/\/www.facebook.com\/Epinalinfos\",\"https:\/\/x.com\/VosgesInfo88\",\"https:\/\/www.youtube.com\/@vosgesinfo\"]},{\"@type\":\"Person\",\"@id\":\"https:\/\/vosgesinfo.fr\/epinalinfo\/#\/schema\/person\/6f9a650eeea99d969b6c4ab78fccbe81\",\"name\":\"C.K.\",\"image\":{\"@type\":\"ImageObject\",\"inLanguage\":\"fr-FR\",\"@id\":\"https:\/\/vosgesinfo.fr\/epinalinfo\/#\/schema\/person\/image\/\",\"url\":\"https:\/\/secure.gravatar.com\/avatar\/48e3fc7f8421ba8942be6b74a2b7f014ca39bc00dece156b7a8e098ae7dc87bf?s=96&d=mm&r=g\",\"contentUrl\":\"https:\/\/secure.gravatar.com\/avatar\/48e3fc7f8421ba8942be6b74a2b7f014ca39bc00dece156b7a8e098ae7dc87bf?s=96&d=mm&r=g\",\"caption\":\"C.K.\"},\"url\":\"https:\/\/vosgesinfo.fr\/epinalinfo\/author\/celia-k-n\/\"}]}<\/script>\n<!-- \/ Yoast SEO plugin. -->","yoast_head_json":{"title":"Les foul\u00e9es roses, c'est ce dimanche \u00e0 \u00c9pinal ! - Epinal Info","robots":{"index":"index","follow":"follow","max-snippet":"max-snippet:-1","max-image-preview":"max-image-preview:large","max-video-preview":"max-video-preview:-1"},"canonical":"https:\/\/vosgesinfo.fr\/epinalinfo\/2024\/10\/les-foulees-roses-cest-ce-dimanche-a-epinal\/","twitter_card":"summary_large_image","twitter_title":"Les foul\u00e9es roses, c'est ce dimanche \u00e0 \u00c9pinal ! - Epinal Info","twitter_description":"Les Foul\u00e9es roses spinaliennes auront lieu ce dimanche 6 octobre, \u00e0 Epinal. Les foul\u00e9es roses, c&rsquo;est 6km \u00e0 pied ou [&hellip;]","twitter_image":"https:\/\/vosgesinfo.fr\/app\/uploads\/sites\/3\/2024\/08\/201810foulees-roses-spinaliennes-epinal-15-scaled.jpg","twitter_creator":"@VosgesInfo88","twitter_site":"@VosgesInfo88","twitter_misc":{"\u00c9crit par":"C.K.","Dur\u00e9e de lecture estim\u00e9e":"3 minutes"},"schema":{"@context":"https:\/\/schema.org","@graph":[{"@type":"Article","@id":"https:\/\/vosgesinfo.fr\/epinalinfo\/2024\/10\/les-foulees-roses-cest-ce-dimanche-a-epinal\/#article","isPartOf":{"@id":"https:\/\/vosgesinfo.fr\/epinalinfo\/2024\/10\/les-foulees-roses-cest-ce-dimanche-a-epinal\/"},"author":{"name":"C.K.","@id":"https:\/\/vosgesinfo.fr\/epinalinfo\/#\/schema\/person\/6f9a650eeea99d969b6c4ab78fccbe81"},"headline":"Les foul\u00e9es roses, c&rsquo;est ce dimanche \u00e0 \u00c9pinal !","datePublished":"2024-10-03T07:26:26+00:00","dateModified":"2024-10-03T07:38:00+00:00","mainEntityOfPage":{"@id":"https:\/\/vosgesinfo.fr\/epinalinfo\/2024\/10\/les-foulees-roses-cest-ce-dimanche-a-epinal\/"},"wordCount":362,"commentCount":0,"publisher":{"@id":"https:\/\/vosgesinfo.fr\/epinalinfo\/#organization"},"image":{"@id":"https:\/\/vosgesinfo.fr\/epinalinfo\/2024\/10\/les-foulees-roses-cest-ce-dimanche-a-epinal\/#primaryimage"},"thumbnailUrl":"https:\/\/vosgesinfo.fr\/app\/uploads\/sites\/3\/2024\/08\/201810foulees-roses-spinaliennes-epinal-15-scaled.jpg","articleSection":["A la Une","Epinal","Solidarit\u00e9"],"inLanguage":"fr-FR","potentialAction":[{"@type":"CommentAction","name":"Comment","target":["https:\/\/vosgesinfo.fr\/epinalinfo\/2024\/10\/les-foulees-roses-cest-ce-dimanche-a-epinal\/#respond"]}]},{"@type":"WebPage","@id":"https:\/\/vosgesinfo.fr\/epinalinfo\/2024\/10\/les-foulees-roses-cest-ce-dimanche-a-epinal\/","url":"https:\/\/vosgesinfo.fr\/epinalinfo\/2024\/10\/les-foulees-roses-cest-ce-dimanche-a-epinal\/","name":"Les foul\u00e9es roses, c'est ce dimanche \u00e0 \u00c9pinal ! - Epinal Info","isPartOf":{"@id":"https:\/\/vosgesinfo.fr\/epinalinfo\/#website"},"primaryImageOfPage":{"@id":"https:\/\/vosgesinfo.fr\/epinalinfo\/2024\/10\/les-foulees-roses-cest-ce-dimanche-a-epinal\/#primaryimage"},"image":{"@id":"https:\/\/vosgesinfo.fr\/epinalinfo\/2024\/10\/les-foulees-roses-cest-ce-dimanche-a-epinal\/#primaryimage"},"thumbnailUrl":"https:\/\/vosgesinfo.fr\/app\/uploads\/sites\/3\/2024\/08\/201810foulees-roses-spinaliennes-epinal-15-scaled.jpg","datePublished":"2024-10-03T07:26:26+00:00","dateModified":"2024-10-03T07:38:00+00:00","breadcrumb":{"@id":"https:\/\/vosgesinfo.fr\/epinalinfo\/2024\/10\/les-foulees-roses-cest-ce-dimanche-a-epinal\/#breadcrumb"},"inLanguage":"fr-FR","potentialAction":[{"@type":"ReadAction","target":["https:\/\/vosgesinfo.fr\/epinalinfo\/2024\/10\/les-foulees-roses-cest-ce-dimanche-a-epinal\/"]}]},{"@type":"ImageObject","inLanguage":"fr-FR","@id":"https:\/\/vosgesinfo.fr\/epinalinfo\/2024\/10\/les-foulees-roses-cest-ce-dimanche-a-epinal\/#primaryimage","url":"https:\/\/vosgesinfo.fr\/app\/uploads\/sites\/3\/2024\/08\/201810foulees-roses-spinaliennes-epinal-15-scaled.jpg","contentUrl":"https:\/\/vosgesinfo.fr\/app\/uploads\/sites\/3\/2024\/08\/201810foulees-roses-spinaliennes-epinal-15-scaled.jpg","width":2560,"height":1920,"caption":"photo d'archive"},{"@type":"BreadcrumbList","@id":"https:\/\/vosgesinfo.fr\/epinalinfo\/2024\/10\/les-foulees-roses-cest-ce-dimanche-a-epinal\/#breadcrumb","itemListElement":[{"@type":"ListItem","position":1,"name":"Home","item":"https:\/\/vosgesinfo.fr\/epinalinfo\/"},{"@type":"ListItem","position":2,"name":"Les foul\u00e9es roses, c&#8217;est ce dimanche \u00e0 \u00c9pinal !"}]},{"@type":"WebSite","@id":"https:\/\/vosgesinfo.fr\/epinalinfo\/#website","url":"https:\/\/vosgesinfo.fr\/epinalinfo\/","name":"Epinal Info","description":"Toute l&#039;actualit\u00e9 d&#039;\u00c9pinal","publisher":{"@id":"https:\/\/vosgesinfo.fr\/epinalinfo\/#organization"},"alternateName":"Toute l'actualit\u00e9 d'\u00c9pinal","potentialAction":[{"@type":"SearchAction","target":{"@type":"EntryPoint","urlTemplate":"https:\/\/vosgesinfo.fr\/epinalinfo\/?s={search_term_string}"},"query-input":"required name=search_term_string"}],"inLanguage":"fr-FR"},{"@type":"Organization","@id":"https:\/\/vosgesinfo.fr\/epinalinfo\/#organization","name":"Epinal Info","url":"https:\/\/vosgesinfo.fr\/epinalinfo\/","logo":{"@type":"ImageObject","inLanguage":"fr-FR","@id":"https:\/\/vosgesinfo.fr\/epinalinfo\/#\/schema\/logo\/image\/","url":"https:\/\/vosgesinfo.fr\/app\/uploads\/sites\/3\/2023\/08\/logo-epinalinfos.svg","contentUrl":"https:\/\/vosgesinfo.fr\/app\/uploads\/sites\/3\/2023\/08\/logo-epinalinfos.svg","width":1,"height":1,"caption":"Epinal Info"},"image":{"@id":"https:\/\/vosgesinfo.fr\/epinalinfo\/#\/schema\/logo\/image\/"},"sameAs":["https:\/\/www.facebook.com\/Epinalinfos","https:\/\/x.com\/VosgesInfo88","https:\/\/www.youtube.com\/@vosgesinfo"]},{"@type":"Person","@id":"https:\/\/vosgesinfo.fr\/epinalinfo\/#\/schema\/person\/6f9a650eeea99d969b6c4ab78fccbe81","name":"C.K.","image":{"@type":"ImageObject","inLanguage":"fr-FR","@id":"https:\/\/vosgesinfo.fr\/epinalinfo\/#\/schema\/person\/image\/","url":"https:\/\/secure.gravatar.com\/avatar\/48e3fc7f8421ba8942be6b74a2b7f014ca39bc00dece156b7a8e098ae7dc87bf?s=96&d=mm&r=g","contentUrl":"https:\/\/secure.gravatar.com\/avatar\/48e3fc7f8421ba8942be6b74a2b7f014ca39bc00dece156b7a8e098ae7dc87bf?s=96&d=mm&r=g","caption":"C.K."},"url":"https:\/\/vosgesinfo.fr\/epinalinfo\/author\/celia-k-n\/"}]}},"_links":{"self":[{"href":"https:\/\/vosgesinfo.fr\/epinalinfo\/wp-json\/wp\/v2\/posts\/122448","targetHints":{"allow":["GET"]}}],"collection":[{"href":"https:\/\/vosgesinfo.fr\/epinalinfo\/wp-json\/wp\/v2\/posts"}],"about":[{"href":"https:\/\/vosgesinfo.fr\/epinalinfo\/wp-json\/wp\/v2\/types\/post"}],"author":[{"embeddable":true,"href":"https:\/\/vosgesinfo.fr\/epinalinfo\/wp-json\/wp\/v2\/users\/52"}],"replies":[{"embeddable":true,"href":"https:\/\/vosgesinfo.fr\/epinalinfo\/wp-json\/wp\/v2\/comments?post=122448"}],"version-history":[{"count":2,"href":"https:\/\/vosgesinfo.fr\/epinalinfo\/wp-json\/wp\/v2\/posts\/122448\/revisions"}],"predecessor-version":[{"id":122451,"href":"https:\/\/vosgesinfo.fr\/epinalinfo\/wp-json\/wp\/v2\/posts\/122448\/revisions\/122451"}],"wp:featuredmedia":[{"embeddable":true,"href":"https:\/\/vosgesinfo.fr\/epinalinfo\/wp-json\/wp\/v2\/media\/112631"}],"wp:attachment":[{"href":"https:\/\/vosgesinfo.fr\/epinalinfo\/wp-json\/wp\/v2\/media?parent=122448"}],"wp:term":[{"taxonomy":"category","embeddable":true,"href":"https:\/\/vosgesinfo.fr\/epinalinfo\/wp-json\/wp\/v2\/categories?post=122448"},{"taxonomy":"post_tag","embeddable":true,"href":"https:\/\/vosgesinfo.fr\/epinalinfo\/wp-json\/wp\/v2\/tags?post=122448"}],"curies":[{"name":"wp","href":"https:\/\/api.w.org\/{rel}","templated":true}]}}