{"id":122710,"date":"2024-10-09T05:44:23","date_gmt":"2024-10-09T03:44:23","guid":{"rendered":"https:\/\/vosgesinfo.fr\/epinalinfo\/2024\/10\/ouverture-du-musik-fabrik-festival-bac-plus-zinc-entrera-en-scene-ce-vendredi-2\/"},"modified":"2024-10-09T05:44:23","modified_gmt":"2024-10-09T03:44:23","slug":"ouverture-du-musik-fabrik-festival-bac-plus-zinc-entrera-en-scene-ce-vendredi-2","status":"publish","type":"post","link":"https:\/\/vosgesinfo.fr\/epinalinfo\/2024\/10\/ouverture-du-musik-fabrik-festival-bac-plus-zinc-entrera-en-scene-ce-vendredi-2\/","title":{"rendered":"Ouverture du Musik Fabrik Festival : Bac Plus Zinc entrera en sc\u00e8ne ce vendredi"},"content":{"rendered":"<div id=\"attachment_74143\" style=\"width: 1034px\" class=\"wp-caption aligncenter\"><a href=\"https:\/\/vosgesinfo.fr\/app\/uploads\/sites\/5\/2024\/10\/bac-plus-zinc.jpg\"><img decoding=\"async\" aria-describedby=\"caption-attachment-74143\" class=\"size-large wp-image-74143\" src=\"https:\/\/vosgesinfo.fr\/app\/uploads\/sites\/5\/2024\/10\/bac-plus-zinc-1024x683.jpg\" alt=\"\" width=\"1024\" height=\"683\" \/><\/a><p id=\"caption-attachment-74143\" class=\"wp-caption-text\">Photographie : Facebook Bac Plus Zinc.<\/p><\/div>\n<p>&nbsp;<\/p>\n<p><strong><em>Bac Plus Zinc<\/em>, ce sont 5 amis revisitant les standards de la chanson fran\u00e7aise, et ils entreront sur la sc\u00e8ne de la salle polyvalente de Xertigny ce vendredi 11 octobre \u00e0 l&rsquo;occasion de l&rsquo;ouverture du Musik Fabrik Festival \u00e0 partir de 21 h. Ils se produiront le m\u00eame soir que Les P&rsquo;tits Fils de Jeanine, promettant une soir\u00e9e exceptionnelle.\u00a0<\/strong><\/p>\n<p>Cinq amis revisitent les plus grands noms de la chanson fran\u00e7aise : de Brassens \u00e0 Renaud en passant par Dutronc, leur style musical m\u00eale le swing, la musette et le jazz manouche. C&rsquo;est en tenue bon chic, bon genre que les <em>Bac Plus Zinc<\/em> feront sonner accord\u00e9on, guitare, batterie et cordes vocales !<\/p>\n<p>&nbsp;<\/p>\n<p><strong>Retrouvez la programmation du festival ci-dessous :\u00a0<\/strong><\/p>\n<p><strong>Le Vendredi\u00a0d\u00e8s 21h : <\/strong><\/p>\n<p><strong><em>-Bac Plus Zinc<\/em><\/strong><strong>\u00a0: <\/strong>chanson fran\u00e7aise \u2013 tous les standards des plus belles chansons fran\u00e7aises \u2013de Brassens, Dutronc en passant par Renaud \u2013avec swing, musette, jazz manouche\u00a0!<\/p>\n<p><strong>\u00a0-Les <em>P\u2019tits Fils de Jeanine<\/em>\u00a0<\/strong>: French Indie, pop \u2013 multi instrumentistes fac\u00e9tieux, moqueurs, un peu effront\u00e9s et l\u00e9g\u00e8rement indisciplin\u00e9s<\/p>\n<p><strong>Le Samedi (de 14h \u00e0 1h00) : entr\u00e9e libre<\/strong><\/p>\n<p>Place de la Brasserie\u00a0:<\/p>\n<p>\u2013<strong>La P\u2019tite S\u0153ur\u00a0<\/strong>: chanson alterno-bistro, avec banjo, guitare, bassine.<\/p>\n<p>\u2013<strong>The Tigers Fonz<\/strong>\u00a0: Blues and funk \u2013 groupe de la r\u00e9gion de Metz \u2013 r\u00e9pertoire aux sonorit\u00e9s funk festif, The temptations, Jamiroquai, Prince, The Time, Bruno Mars..<\/p>\n<p>\u2013<strong>K\u00f4z\u00e9<\/strong>\u00a0: Reggae \u2013 groupe made in France bas\u00e9 dans les Vosges, avec textes engag\u00e9s ou plus l\u00e9gers<\/p>\n<p>\u2013<strong>Tut\u2019et<\/strong>\u00a0: Jazz fanfare<\/p>\n<p>\u2013<strong>Monsieur Josskin<\/strong>\u00a0: accord\u00e9oniste<\/p>\n<p>&nbsp;<\/p>\n<p><strong>Le dimanche (10h \u00e0 18h00)\u00a0: entr\u00e9e libre<\/strong><\/p>\n<p>\u2013<strong>Audrey Pierre<\/strong>\u00a0: Jazz Blues \u2013 musiques ethniques, originales et improvis\u00e9es \u2013 entour\u00e9e de brillants musiciens<\/p>\n<p>\u2013<strong>Anthemeza<\/strong>\u00a0: Rock blues \u2013rock progressif, blues psych\u00e9d\u00e9lique<\/p>\n<p>\u2013<strong>Serwan\u00a0<\/strong>: Pop rock \u2013 musique douce et sinc\u00e8re avec paroles et accords chaleureux.<\/p>\n<p>&nbsp;<\/p>\n<p><strong>Infos et r\u00e9sa : <\/strong><a href=\"http:\/\/musikfabrik.fr\"><strong>musikfabrik.fr<\/strong><\/a><\/p>\n<p>Facebook\u00a0: <a href=\"http:\/\/www.facebook.com\/musikfabrik\">www.facebook.com\/musikfabrik<\/a><\/p>\n<p>Contact\u00a0: 03.29.30.10.34<\/p>\n<p>&nbsp;<\/p>\n","protected":false},"excerpt":{"rendered":"<p>&nbsp; Bac Plus Zinc, ce sont 5 amis revisitant les standards de la chanson fran\u00e7aise, et ils entreront sur la [&hellip;]<\/p>\n","protected":false},"author":418,"featured_media":122711,"comment_status":"open","ping_status":"open","sticky":false,"template":"","format":"standard","meta":{"footnotes":""},"categories":[22,24,6056,6057,6055,6155],"tags":[15246,364,15228,378],"class_list":["post-122710","post","type-post","status-publish","format-standard","has-post-thumbnail","hentry","category-a-la-une","category-epinal","category-gerardmer","category-la-plaine-des-vosges","category-remiremont","category-saint-die","tag-bac-plus-zinc","tag-festival","tag-musikfabrikxerpils-festival","tag-xertigny"],"acf":[],"yoast_head":"<!-- This site is optimized with the Yoast SEO plugin v22.5 - https:\/\/yoast.com\/wordpress\/plugins\/seo\/ -->\n<title>Ouverture du Musik Fabrik Festival : Bac Plus Zinc entrera en sc\u00e8ne ce vendredi - Epinal Info<\/title>\n<meta name=\"robots\" content=\"index, follow, max-snippet:-1, max-image-preview:large, max-video-preview:-1\" \/>\n<link rel=\"canonical\" href=\"https:\/\/vosgesinfo.fr\/epinalinfo\/2024\/10\/ouverture-du-musik-fabrik-festival-bac-plus-zinc-entrera-en-scene-ce-vendredi-2\/\" \/>\n<meta name=\"twitter:card\" content=\"summary_large_image\" \/>\n<meta name=\"twitter:title\" content=\"Ouverture du Musik Fabrik Festival : Bac Plus Zinc entrera en sc\u00e8ne ce vendredi - Epinal Info\" \/>\n<meta name=\"twitter:description\" content=\"&nbsp; Bac Plus Zinc, ce sont 5 amis revisitant les standards de la chanson fran\u00e7aise, et ils entreront sur la [&hellip;]\" \/>\n<meta name=\"twitter:image\" content=\"https:\/\/vosgesinfo.fr\/app\/uploads\/sites\/3\/2024\/10\/bac-plus-zinc-1.jpg\" \/>\n<meta name=\"twitter:creator\" content=\"@VosgesInfo88\" \/>\n<meta name=\"twitter:site\" content=\"@VosgesInfo88\" \/>\n<meta name=\"twitter:label1\" content=\"\u00c9crit par\" \/>\n\t<meta name=\"twitter:data1\" content=\"C.M\" \/>\n\t<meta name=\"twitter:label2\" content=\"Dur\u00e9e de lecture estim\u00e9e\" \/>\n\t<meta name=\"twitter:data2\" content=\"2 minutes\" \/>\n<script type=\"application\/ld+json\" class=\"yoast-schema-graph\">{\"@context\":\"https:\/\/schema.org\",\"@graph\":[{\"@type\":\"Article\",\"@id\":\"https:\/\/vosgesinfo.fr\/epinalinfo\/2024\/10\/ouverture-du-musik-fabrik-festival-bac-plus-zinc-entrera-en-scene-ce-vendredi-2\/#article\",\"isPartOf\":{\"@id\":\"https:\/\/vosgesinfo.fr\/epinalinfo\/2024\/10\/ouverture-du-musik-fabrik-festival-bac-plus-zinc-entrera-en-scene-ce-vendredi-2\/\"},\"author\":{\"name\":\"C.M\",\"@id\":\"https:\/\/vosgesinfo.fr\/epinalinfo\/#\/schema\/person\/4f38cd3068e342935b7304695c797d08\"},\"headline\":\"Ouverture du Musik Fabrik Festival : Bac Plus Zinc entrera en sc\u00e8ne ce vendredi\",\"datePublished\":\"2024-10-09T03:44:23+00:00\",\"dateModified\":\"2024-10-09T03:44:23+00:00\",\"mainEntityOfPage\":{\"@id\":\"https:\/\/vosgesinfo.fr\/epinalinfo\/2024\/10\/ouverture-du-musik-fabrik-festival-bac-plus-zinc-entrera-en-scene-ce-vendredi-2\/\"},\"wordCount\":342,\"commentCount\":0,\"publisher\":{\"@id\":\"https:\/\/vosgesinfo.fr\/epinalinfo\/#organization\"},\"image\":{\"@id\":\"https:\/\/vosgesinfo.fr\/epinalinfo\/2024\/10\/ouverture-du-musik-fabrik-festival-bac-plus-zinc-entrera-en-scene-ce-vendredi-2\/#primaryimage\"},\"thumbnailUrl\":\"https:\/\/vosgesinfo.fr\/app\/uploads\/sites\/3\/2024\/10\/bac-plus-zinc-1.jpg\",\"keywords\":[\"Bac Plus Zinc\",\"festival\",\"MusikFabrikXerpils Festival\",\"Xertigny\"],\"articleSection\":[\"A la Une\",\"Epinal\",\"Gerardmer\",\"La plaine des vosges\",\"Remiremont\",\"Saint-di\u00e9\"],\"inLanguage\":\"fr-FR\",\"potentialAction\":[{\"@type\":\"CommentAction\",\"name\":\"Comment\",\"target\":[\"https:\/\/vosgesinfo.fr\/epinalinfo\/2024\/10\/ouverture-du-musik-fabrik-festival-bac-plus-zinc-entrera-en-scene-ce-vendredi-2\/#respond\"]}]},{\"@type\":\"WebPage\",\"@id\":\"https:\/\/vosgesinfo.fr\/epinalinfo\/2024\/10\/ouverture-du-musik-fabrik-festival-bac-plus-zinc-entrera-en-scene-ce-vendredi-2\/\",\"url\":\"https:\/\/vosgesinfo.fr\/epinalinfo\/2024\/10\/ouverture-du-musik-fabrik-festival-bac-plus-zinc-entrera-en-scene-ce-vendredi-2\/\",\"name\":\"Ouverture du Musik Fabrik Festival : Bac Plus Zinc entrera en sc\u00e8ne ce vendredi - Epinal Info\",\"isPartOf\":{\"@id\":\"https:\/\/vosgesinfo.fr\/epinalinfo\/#website\"},\"primaryImageOfPage\":{\"@id\":\"https:\/\/vosgesinfo.fr\/epinalinfo\/2024\/10\/ouverture-du-musik-fabrik-festival-bac-plus-zinc-entrera-en-scene-ce-vendredi-2\/#primaryimage\"},\"image\":{\"@id\":\"https:\/\/vosgesinfo.fr\/epinalinfo\/2024\/10\/ouverture-du-musik-fabrik-festival-bac-plus-zinc-entrera-en-scene-ce-vendredi-2\/#primaryimage\"},\"thumbnailUrl\":\"https:\/\/vosgesinfo.fr\/app\/uploads\/sites\/3\/2024\/10\/bac-plus-zinc-1.jpg\",\"datePublished\":\"2024-10-09T03:44:23+00:00\",\"dateModified\":\"2024-10-09T03:44:23+00:00\",\"breadcrumb\":{\"@id\":\"https:\/\/vosgesinfo.fr\/epinalinfo\/2024\/10\/ouverture-du-musik-fabrik-festival-bac-plus-zinc-entrera-en-scene-ce-vendredi-2\/#breadcrumb\"},\"inLanguage\":\"fr-FR\",\"potentialAction\":[{\"@type\":\"ReadAction\",\"target\":[\"https:\/\/vosgesinfo.fr\/epinalinfo\/2024\/10\/ouverture-du-musik-fabrik-festival-bac-plus-zinc-entrera-en-scene-ce-vendredi-2\/\"]}]},{\"@type\":\"ImageObject\",\"inLanguage\":\"fr-FR\",\"@id\":\"https:\/\/vosgesinfo.fr\/epinalinfo\/2024\/10\/ouverture-du-musik-fabrik-festival-bac-plus-zinc-entrera-en-scene-ce-vendredi-2\/#primaryimage\",\"url\":\"https:\/\/vosgesinfo.fr\/app\/uploads\/sites\/3\/2024\/10\/bac-plus-zinc-1.jpg\",\"contentUrl\":\"https:\/\/vosgesinfo.fr\/app\/uploads\/sites\/3\/2024\/10\/bac-plus-zinc-1.jpg\",\"width\":2048,\"height\":1365},{\"@type\":\"BreadcrumbList\",\"@id\":\"https:\/\/vosgesinfo.fr\/epinalinfo\/2024\/10\/ouverture-du-musik-fabrik-festival-bac-plus-zinc-entrera-en-scene-ce-vendredi-2\/#breadcrumb\",\"itemListElement\":[{\"@type\":\"ListItem\",\"position\":1,\"name\":\"Home\",\"item\":\"https:\/\/vosgesinfo.fr\/epinalinfo\/\"},{\"@type\":\"ListItem\",\"position\":2,\"name\":\"Ouverture du Musik Fabrik Festival : Bac Plus Zinc entrera en sc\u00e8ne ce vendredi\"}]},{\"@type\":\"WebSite\",\"@id\":\"https:\/\/vosgesinfo.fr\/epinalinfo\/#website\",\"url\":\"https:\/\/vosgesinfo.fr\/epinalinfo\/\",\"name\":\"Epinal Info\",\"description\":\"Toute l&#039;actualit\u00e9 d&#039;\u00c9pinal\",\"publisher\":{\"@id\":\"https:\/\/vosgesinfo.fr\/epinalinfo\/#organization\"},\"alternateName\":\"Toute l'actualit\u00e9 d'\u00c9pinal\",\"potentialAction\":[{\"@type\":\"SearchAction\",\"target\":{\"@type\":\"EntryPoint\",\"urlTemplate\":\"https:\/\/vosgesinfo.fr\/epinalinfo\/?s={search_term_string}\"},\"query-input\":\"required name=search_term_string\"}],\"inLanguage\":\"fr-FR\"},{\"@type\":\"Organization\",\"@id\":\"https:\/\/vosgesinfo.fr\/epinalinfo\/#organization\",\"name\":\"Epinal Info\",\"url\":\"https:\/\/vosgesinfo.fr\/epinalinfo\/\",\"logo\":{\"@type\":\"ImageObject\",\"inLanguage\":\"fr-FR\",\"@id\":\"https:\/\/vosgesinfo.fr\/epinalinfo\/#\/schema\/logo\/image\/\",\"url\":\"https:\/\/vosgesinfo.fr\/app\/uploads\/sites\/3\/2023\/08\/logo-epinalinfos.svg\",\"contentUrl\":\"https:\/\/vosgesinfo.fr\/app\/uploads\/sites\/3\/2023\/08\/logo-epinalinfos.svg\",\"width\":1,\"height\":1,\"caption\":\"Epinal Info\"},\"image\":{\"@id\":\"https:\/\/vosgesinfo.fr\/epinalinfo\/#\/schema\/logo\/image\/\"},\"sameAs\":[\"https:\/\/www.facebook.com\/Epinalinfos\",\"https:\/\/x.com\/VosgesInfo88\",\"https:\/\/www.youtube.com\/@vosgesinfo\"]},{\"@type\":\"Person\",\"@id\":\"https:\/\/vosgesinfo.fr\/epinalinfo\/#\/schema\/person\/4f38cd3068e342935b7304695c797d08\",\"name\":\"C.M\",\"image\":{\"@type\":\"ImageObject\",\"inLanguage\":\"fr-FR\",\"@id\":\"https:\/\/vosgesinfo.fr\/epinalinfo\/#\/schema\/person\/image\/\",\"url\":\"https:\/\/secure.gravatar.com\/avatar\/fe9daaef0164d920717484172682f3c5c9bcf7d42aa8c7048c76c34f0eb6c8da?s=96&d=mm&r=g\",\"contentUrl\":\"https:\/\/secure.gravatar.com\/avatar\/fe9daaef0164d920717484172682f3c5c9bcf7d42aa8c7048c76c34f0eb6c8da?s=96&d=mm&r=g\",\"caption\":\"C.M\"},\"url\":\"https:\/\/vosgesinfo.fr\/epinalinfo\/author\/cm88200\/\"}]}<\/script>\n<!-- \/ Yoast SEO plugin. -->","yoast_head_json":{"title":"Ouverture du Musik Fabrik Festival : Bac Plus Zinc entrera en sc\u00e8ne ce vendredi - Epinal Info","robots":{"index":"index","follow":"follow","max-snippet":"max-snippet:-1","max-image-preview":"max-image-preview:large","max-video-preview":"max-video-preview:-1"},"canonical":"https:\/\/vosgesinfo.fr\/epinalinfo\/2024\/10\/ouverture-du-musik-fabrik-festival-bac-plus-zinc-entrera-en-scene-ce-vendredi-2\/","twitter_card":"summary_large_image","twitter_title":"Ouverture du Musik Fabrik Festival : Bac Plus Zinc entrera en sc\u00e8ne ce vendredi - Epinal Info","twitter_description":"&nbsp; Bac Plus Zinc, ce sont 5 amis revisitant les standards de la chanson fran\u00e7aise, et ils entreront sur la [&hellip;]","twitter_image":"https:\/\/vosgesinfo.fr\/app\/uploads\/sites\/3\/2024\/10\/bac-plus-zinc-1.jpg","twitter_creator":"@VosgesInfo88","twitter_site":"@VosgesInfo88","twitter_misc":{"\u00c9crit par":"C.M","Dur\u00e9e de lecture estim\u00e9e":"2 minutes"},"schema":{"@context":"https:\/\/schema.org","@graph":[{"@type":"Article","@id":"https:\/\/vosgesinfo.fr\/epinalinfo\/2024\/10\/ouverture-du-musik-fabrik-festival-bac-plus-zinc-entrera-en-scene-ce-vendredi-2\/#article","isPartOf":{"@id":"https:\/\/vosgesinfo.fr\/epinalinfo\/2024\/10\/ouverture-du-musik-fabrik-festival-bac-plus-zinc-entrera-en-scene-ce-vendredi-2\/"},"author":{"name":"C.M","@id":"https:\/\/vosgesinfo.fr\/epinalinfo\/#\/schema\/person\/4f38cd3068e342935b7304695c797d08"},"headline":"Ouverture du Musik Fabrik Festival : Bac Plus Zinc entrera en sc\u00e8ne ce vendredi","datePublished":"2024-10-09T03:44:23+00:00","dateModified":"2024-10-09T03:44:23+00:00","mainEntityOfPage":{"@id":"https:\/\/vosgesinfo.fr\/epinalinfo\/2024\/10\/ouverture-du-musik-fabrik-festival-bac-plus-zinc-entrera-en-scene-ce-vendredi-2\/"},"wordCount":342,"commentCount":0,"publisher":{"@id":"https:\/\/vosgesinfo.fr\/epinalinfo\/#organization"},"image":{"@id":"https:\/\/vosgesinfo.fr\/epinalinfo\/2024\/10\/ouverture-du-musik-fabrik-festival-bac-plus-zinc-entrera-en-scene-ce-vendredi-2\/#primaryimage"},"thumbnailUrl":"https:\/\/vosgesinfo.fr\/app\/uploads\/sites\/3\/2024\/10\/bac-plus-zinc-1.jpg","keywords":["Bac Plus Zinc","festival","MusikFabrikXerpils Festival","Xertigny"],"articleSection":["A la Une","Epinal","Gerardmer","La plaine des vosges","Remiremont","Saint-di\u00e9"],"inLanguage":"fr-FR","potentialAction":[{"@type":"CommentAction","name":"Comment","target":["https:\/\/vosgesinfo.fr\/epinalinfo\/2024\/10\/ouverture-du-musik-fabrik-festival-bac-plus-zinc-entrera-en-scene-ce-vendredi-2\/#respond"]}]},{"@type":"WebPage","@id":"https:\/\/vosgesinfo.fr\/epinalinfo\/2024\/10\/ouverture-du-musik-fabrik-festival-bac-plus-zinc-entrera-en-scene-ce-vendredi-2\/","url":"https:\/\/vosgesinfo.fr\/epinalinfo\/2024\/10\/ouverture-du-musik-fabrik-festival-bac-plus-zinc-entrera-en-scene-ce-vendredi-2\/","name":"Ouverture du Musik Fabrik Festival : Bac Plus Zinc entrera en sc\u00e8ne ce vendredi - Epinal Info","isPartOf":{"@id":"https:\/\/vosgesinfo.fr\/epinalinfo\/#website"},"primaryImageOfPage":{"@id":"https:\/\/vosgesinfo.fr\/epinalinfo\/2024\/10\/ouverture-du-musik-fabrik-festival-bac-plus-zinc-entrera-en-scene-ce-vendredi-2\/#primaryimage"},"image":{"@id":"https:\/\/vosgesinfo.fr\/epinalinfo\/2024\/10\/ouverture-du-musik-fabrik-festival-bac-plus-zinc-entrera-en-scene-ce-vendredi-2\/#primaryimage"},"thumbnailUrl":"https:\/\/vosgesinfo.fr\/app\/uploads\/sites\/3\/2024\/10\/bac-plus-zinc-1.jpg","datePublished":"2024-10-09T03:44:23+00:00","dateModified":"2024-10-09T03:44:23+00:00","breadcrumb":{"@id":"https:\/\/vosgesinfo.fr\/epinalinfo\/2024\/10\/ouverture-du-musik-fabrik-festival-bac-plus-zinc-entrera-en-scene-ce-vendredi-2\/#breadcrumb"},"inLanguage":"fr-FR","potentialAction":[{"@type":"ReadAction","target":["https:\/\/vosgesinfo.fr\/epinalinfo\/2024\/10\/ouverture-du-musik-fabrik-festival-bac-plus-zinc-entrera-en-scene-ce-vendredi-2\/"]}]},{"@type":"ImageObject","inLanguage":"fr-FR","@id":"https:\/\/vosgesinfo.fr\/epinalinfo\/2024\/10\/ouverture-du-musik-fabrik-festival-bac-plus-zinc-entrera-en-scene-ce-vendredi-2\/#primaryimage","url":"https:\/\/vosgesinfo.fr\/app\/uploads\/sites\/3\/2024\/10\/bac-plus-zinc-1.jpg","contentUrl":"https:\/\/vosgesinfo.fr\/app\/uploads\/sites\/3\/2024\/10\/bac-plus-zinc-1.jpg","width":2048,"height":1365},{"@type":"BreadcrumbList","@id":"https:\/\/vosgesinfo.fr\/epinalinfo\/2024\/10\/ouverture-du-musik-fabrik-festival-bac-plus-zinc-entrera-en-scene-ce-vendredi-2\/#breadcrumb","itemListElement":[{"@type":"ListItem","position":1,"name":"Home","item":"https:\/\/vosgesinfo.fr\/epinalinfo\/"},{"@type":"ListItem","position":2,"name":"Ouverture du Musik Fabrik Festival : Bac Plus Zinc entrera en sc\u00e8ne ce vendredi"}]},{"@type":"WebSite","@id":"https:\/\/vosgesinfo.fr\/epinalinfo\/#website","url":"https:\/\/vosgesinfo.fr\/epinalinfo\/","name":"Epinal Info","description":"Toute l&#039;actualit\u00e9 d&#039;\u00c9pinal","publisher":{"@id":"https:\/\/vosgesinfo.fr\/epinalinfo\/#organization"},"alternateName":"Toute l'actualit\u00e9 d'\u00c9pinal","potentialAction":[{"@type":"SearchAction","target":{"@type":"EntryPoint","urlTemplate":"https:\/\/vosgesinfo.fr\/epinalinfo\/?s={search_term_string}"},"query-input":"required name=search_term_string"}],"inLanguage":"fr-FR"},{"@type":"Organization","@id":"https:\/\/vosgesinfo.fr\/epinalinfo\/#organization","name":"Epinal Info","url":"https:\/\/vosgesinfo.fr\/epinalinfo\/","logo":{"@type":"ImageObject","inLanguage":"fr-FR","@id":"https:\/\/vosgesinfo.fr\/epinalinfo\/#\/schema\/logo\/image\/","url":"https:\/\/vosgesinfo.fr\/app\/uploads\/sites\/3\/2023\/08\/logo-epinalinfos.svg","contentUrl":"https:\/\/vosgesinfo.fr\/app\/uploads\/sites\/3\/2023\/08\/logo-epinalinfos.svg","width":1,"height":1,"caption":"Epinal Info"},"image":{"@id":"https:\/\/vosgesinfo.fr\/epinalinfo\/#\/schema\/logo\/image\/"},"sameAs":["https:\/\/www.facebook.com\/Epinalinfos","https:\/\/x.com\/VosgesInfo88","https:\/\/www.youtube.com\/@vosgesinfo"]},{"@type":"Person","@id":"https:\/\/vosgesinfo.fr\/epinalinfo\/#\/schema\/person\/4f38cd3068e342935b7304695c797d08","name":"C.M","image":{"@type":"ImageObject","inLanguage":"fr-FR","@id":"https:\/\/vosgesinfo.fr\/epinalinfo\/#\/schema\/person\/image\/","url":"https:\/\/secure.gravatar.com\/avatar\/fe9daaef0164d920717484172682f3c5c9bcf7d42aa8c7048c76c34f0eb6c8da?s=96&d=mm&r=g","contentUrl":"https:\/\/secure.gravatar.com\/avatar\/fe9daaef0164d920717484172682f3c5c9bcf7d42aa8c7048c76c34f0eb6c8da?s=96&d=mm&r=g","caption":"C.M"},"url":"https:\/\/vosgesinfo.fr\/epinalinfo\/author\/cm88200\/"}]}},"_links":{"self":[{"href":"https:\/\/vosgesinfo.fr\/epinalinfo\/wp-json\/wp\/v2\/posts\/122710","targetHints":{"allow":["GET"]}}],"collection":[{"href":"https:\/\/vosgesinfo.fr\/epinalinfo\/wp-json\/wp\/v2\/posts"}],"about":[{"href":"https:\/\/vosgesinfo.fr\/epinalinfo\/wp-json\/wp\/v2\/types\/post"}],"author":[{"embeddable":true,"href":"https:\/\/vosgesinfo.fr\/epinalinfo\/wp-json\/wp\/v2\/users\/418"}],"replies":[{"embeddable":true,"href":"https:\/\/vosgesinfo.fr\/epinalinfo\/wp-json\/wp\/v2\/comments?post=122710"}],"version-history":[{"count":0,"href":"https:\/\/vosgesinfo.fr\/epinalinfo\/wp-json\/wp\/v2\/posts\/122710\/revisions"}],"wp:featuredmedia":[{"embeddable":true,"href":"https:\/\/vosgesinfo.fr\/epinalinfo\/wp-json\/wp\/v2\/media\/122711"}],"wp:attachment":[{"href":"https:\/\/vosgesinfo.fr\/epinalinfo\/wp-json\/wp\/v2\/media?parent=122710"}],"wp:term":[{"taxonomy":"category","embeddable":true,"href":"https:\/\/vosgesinfo.fr\/epinalinfo\/wp-json\/wp\/v2\/categories?post=122710"},{"taxonomy":"post_tag","embeddable":true,"href":"https:\/\/vosgesinfo.fr\/epinalinfo\/wp-json\/wp\/v2\/tags?post=122710"}],"curies":[{"name":"wp","href":"https:\/\/api.w.org\/{rel}","templated":true}]}}