{"id":122817,"date":"2024-10-11T15:57:36","date_gmt":"2024-10-11T13:57:36","guid":{"rendered":"https:\/\/vosgesinfo.fr\/epinalinfo\/2024\/10\/la-cite-deodatienne-va-celebrer-en-grand-les-80-ans-de-sa-liberation\/"},"modified":"2024-10-11T15:57:36","modified_gmt":"2024-10-11T13:57:36","slug":"la-cite-deodatienne-va-celebrer-en-grand-les-80-ans-de-sa-liberation","status":"publish","type":"post","link":"https:\/\/vosgesinfo.fr\/epinalinfo\/2024\/10\/la-cite-deodatienne-va-celebrer-en-grand-les-80-ans-de-sa-liberation\/","title":{"rendered":"La cit\u00e9 d\u00e9odatienne va c\u00e9l\u00e9brer en grand les 80 ans de sa Lib\u00e9ration"},"content":{"rendered":"<p><a href=\"https:\/\/vosgesinfo.fr\/app\/uploads\/sites\/4\/2024\/10\/anniversaire-80-ans-liberation-saint-die-1.jpg\"><img decoding=\"async\" class=\"alignnone size-large wp-image-69146\" src=\"https:\/\/vosgesinfo.fr\/app\/uploads\/sites\/4\/2024\/10\/anniversaire-80-ans-liberation-saint-die-1-1024x768.jpg\" alt=\"\" width=\"1024\" height=\"768\" \/><\/a><\/p>\n<h2>A l&rsquo;occasion du 80e anniversaire de la Lib\u00e9ration de Saint-Di\u00e9 (qui n&rsquo;avait pas encore le suffixe \u00ab\u00a0-des-Vosges\u00a0\u00bb), la Municipalit\u00e9 a souhait\u00e9 marquer le coup en c\u00e9l\u00e9brant en grand ce moment des plus importants de l&rsquo;histoire de la cit\u00e9 d\u00e9odatienne, ville martyr incendi\u00e9e par l&rsquo;occupant allemand au moment de sa fuite. Ce 80e anniversaire sera c\u00e9l\u00e9br\u00e9 de mani\u00e8re solennel, comm\u00e9moratif et festif les vendredi 22, samedi 23 et dimanche 24 novembre prochains.<\/h2>\n<p><!--more--><\/p>\n<p>\u00ab\u00a0L&rsquo;objectif, c&rsquo;est que notre jeunesse sache ce qui s&rsquo;est pass\u00e9 \u00e0 l&rsquo;\u00e9poque. Il reste peu de t\u00e9moins et nous devons transmettre la m\u00e9moire. Dans les prochains jours, le programme de cet anniversaire particulier sera distribu\u00e9 dans tous les \u00e9tablissements d&rsquo;enseignement de la ville, de la maternelle \u00e0 l&rsquo;\u00e9cole d&rsquo;ing\u00e9nieur. Le programme, lui, sera tr\u00e8s riche\u00a0\u00bb explique le maire Bruno Toussaint ce vendredi matin, lors de la pr\u00e9sentation du 80e anniversaire de la Lib\u00e9ration de Saint-Di\u00e9.<\/p>\n<p>Sans \u00e9num\u00e9rer la totalit\u00e9 du programme, qui sera tr\u00e8s prochainement consultable sur <a href=\"https:\/\/www.saint-die-des-vosges.fr\/\" target=\"_blank\" rel=\"noopener\">www.saint-die-des-vosges.fr<\/a>, il sera propos\u00e9 au public durant les 3 journ\u00e9es d&rsquo;anniversaire des expositions d&rsquo;objets, de v\u00e9hicules d&rsquo;\u00e9poque, de photographies, de tenues, d&rsquo;uniformes et de cartes postales. Seront \u00e9galement propos\u00e9s des conf\u00e9rences, notamment par Dominique Fran\u00e7ois-Bareth et Julien Desprez, des colloques, une visite guid\u00e9e, une exp\u00e9rience de r\u00e9alit\u00e9 virtuelle \u00e0 La Boussole \u2013 afin de d\u00e9couvrir l&rsquo;appartement d&rsquo;Anne Frank \u2013 une lecture publique de t\u00e9moignages de personnes ayant v\u00e9cu la Lib\u00e9ration, un bureau temporaire des philat\u00e9listes&#8230;<\/p>\n<p><a href=\"https:\/\/vosgesinfo.fr\/app\/uploads\/sites\/4\/2024\/10\/anniversaire-80-ans-liberation-saint-die-3.jpg\"><img decoding=\"async\" class=\"alignnone size-large wp-image-69148\" src=\"https:\/\/vosgesinfo.fr\/app\/uploads\/sites\/4\/2024\/10\/anniversaire-80-ans-liberation-saint-die-3-1024x768.jpg\" alt=\"\" width=\"1024\" height=\"768\" \/><\/a><\/p>\n<p>Parmi les temps forts, on soulignera la comm\u00e9moration qui aura lieu \u00e0 la st\u00e8le de la 103e Division Am\u00e9ricaine \u2013 dite \u00ab\u00a0Division Cactus\u00a0\u00bb \u2013 au square de Foucharupt, samedi 23 novembre \u00e0 14h30. La c\u00e9r\u00e9monie sera suivie d&rsquo;une grande parade festive en direction de la place du G\u00e9n\u00e9ral-de-Gaulle, puis \u00e0 18h un spectacle lumi\u00e8re \u00ab\u00a0Le ciel \u00e9tait rouge\u00a0\u00bb sera pr\u00e9sent\u00e9 sur cette m\u00eame place. La journ\u00e9e de samedi se terminera par un bal-concert assur\u00e9 par \u00ab\u00a0Glenn Swing Orchestra\u00a0\u00bb, \u00e0 l&rsquo;Espace Fran\u00e7ois-Mitterrand. Avis aux amateurs des standards des ann\u00e9es 1940-1950.<\/p>\n<p>Au temps fort de l&rsquo;\u00e9v\u00e9nement\u00a0: la messe du dimanche 24 novembre \u00e0 10h, \u00ab\u00a0qui sera c\u00e9l\u00e9br\u00e9e par une grande personnalit\u00e9 de l&rsquo;Eglise\u00a0\u00bb pr\u00e9cise Bruno Toussaint sans en d\u00e9voiler davantage.<\/p>\n<p>Et pour renforcer l&rsquo;immersion dans l&rsquo;ambiance du milieu du XXe si\u00e8cle, chacun est invit\u00e9 \u00e0 s&rsquo;habiller en tenue d&rsquo;\u00e9poque ou de s&rsquo;\u00e9quiper d&rsquo;accessoires divers (valises, bretelles, etc). Les sapeurs-pompiers seront pour l&rsquo;occasion v\u00eatus en tenues d&rsquo;\u00e9poque, et on croisera tout au long de ce 80e anniversaire des forces militaires fran\u00e7aises, allemandes, et peut-\u00eatre am\u00e9ricaines. \u00ab\u00a0Toutes les bonnes volont\u00e9s souhaitant contribuer \u00e0 la r\u00e9ussite de cet \u00e9v\u00e9nement sont les bienvenues. Il suffit de contacter la mairie. Je pr\u00e9cise enfin que les expositions seront ouvertes les jeudi et vendredi qui pr\u00e9c\u00e8dent le week-end. Ceci pour que les \u00e9coles, coll\u00e8ges et lyc\u00e9es puissent les d\u00e9couvrir\u00a0\u00bb ajoute le maire en guise de conclusion.<\/p>\n<p>Un 80e anniversaire c\u00e9l\u00e9br\u00e9 en grand pour que jamais ne sombre dans l&rsquo;oubli ce jour de novembre 1944, jour o\u00f9 au-dessus de Saint-Di\u00e9 le ciel \u00e9tait rouge&#8230;<\/p>\n<p>J.J.<\/p>\n<p><a href=\"https:\/\/vosgesinfo.fr\/app\/uploads\/sites\/4\/2024\/10\/anniversaire-80-ans-liberation-saint-die-2.jpg\"><img decoding=\"async\" class=\"alignnone size-large wp-image-69147\" src=\"https:\/\/vosgesinfo.fr\/app\/uploads\/sites\/4\/2024\/10\/anniversaire-80-ans-liberation-saint-die-2-1024x768.jpg\" alt=\"\" width=\"1024\" height=\"768\" \/><\/a><\/p>\n","protected":false},"excerpt":{"rendered":"<p>A l&rsquo;occasion du 80e anniversaire de la Lib\u00e9ration de Saint-Di\u00e9 (qui n&rsquo;avait pas encore le suffixe \u00ab\u00a0-des-Vosges\u00a0\u00bb), la Municipalit\u00e9 a [&hellip;]<\/p>\n","protected":false},"author":46,"featured_media":122818,"comment_status":"open","ping_status":"open","sticky":false,"template":"","format":"standard","meta":{"footnotes":""},"categories":[22,24,6056,6057,6055,5],"tags":[15270,15271,15272],"class_list":["post-122817","post","type-post","status-publish","format-standard","has-post-thumbnail","hentry","category-a-la-une","category-epinal","category-gerardmer","category-la-plaine-des-vosges","category-remiremont","category-vosges","tag-80e-anniversaire-de-la-liberation-de-saint-die","tag-liberation-de-saint-die","tag-seconde-guerre-mondiale"],"acf":[],"yoast_head":"<!-- This site is optimized with the Yoast SEO plugin v22.5 - https:\/\/yoast.com\/wordpress\/plugins\/seo\/ -->\n<title>La cit\u00e9 d\u00e9odatienne va c\u00e9l\u00e9brer en grand les 80 ans de sa Lib\u00e9ration - Epinal Info<\/title>\n<meta name=\"robots\" content=\"index, follow, max-snippet:-1, max-image-preview:large, max-video-preview:-1\" \/>\n<link rel=\"canonical\" href=\"https:\/\/vosgesinfo.fr\/epinalinfo\/2024\/10\/la-cite-deodatienne-va-celebrer-en-grand-les-80-ans-de-sa-liberation\/\" \/>\n<meta name=\"twitter:card\" content=\"summary_large_image\" \/>\n<meta name=\"twitter:title\" content=\"La cit\u00e9 d\u00e9odatienne va c\u00e9l\u00e9brer en grand les 80 ans de sa Lib\u00e9ration - Epinal Info\" \/>\n<meta name=\"twitter:description\" content=\"A l&rsquo;occasion du 80e anniversaire de la Lib\u00e9ration de Saint-Di\u00e9 (qui n&rsquo;avait pas encore le suffixe \u00ab\u00a0-des-Vosges\u00a0\u00bb), la Municipalit\u00e9 a [&hellip;]\" \/>\n<meta name=\"twitter:image\" content=\"https:\/\/vosgesinfo.fr\/app\/uploads\/sites\/3\/2024\/10\/anniversaire-80-ans-liberation-saint-die-1.jpg\" \/>\n<meta name=\"twitter:creator\" content=\"@VosgesInfo88\" \/>\n<meta name=\"twitter:site\" content=\"@VosgesInfo88\" \/>\n<meta name=\"twitter:label1\" content=\"\u00c9crit par\" \/>\n\t<meta name=\"twitter:data1\" content=\"J.J.\" \/>\n\t<meta name=\"twitter:label2\" content=\"Dur\u00e9e de lecture estim\u00e9e\" \/>\n\t<meta name=\"twitter:data2\" content=\"3 minutes\" \/>\n<script type=\"application\/ld+json\" class=\"yoast-schema-graph\">{\"@context\":\"https:\/\/schema.org\",\"@graph\":[{\"@type\":\"Article\",\"@id\":\"https:\/\/vosgesinfo.fr\/epinalinfo\/2024\/10\/la-cite-deodatienne-va-celebrer-en-grand-les-80-ans-de-sa-liberation\/#article\",\"isPartOf\":{\"@id\":\"https:\/\/vosgesinfo.fr\/epinalinfo\/2024\/10\/la-cite-deodatienne-va-celebrer-en-grand-les-80-ans-de-sa-liberation\/\"},\"author\":{\"name\":\"J.J.\",\"@id\":\"https:\/\/vosgesinfo.fr\/epinalinfo\/#\/schema\/person\/fa73e9f726d67bb88f46d5b7943cb572\"},\"headline\":\"La cit\u00e9 d\u00e9odatienne va c\u00e9l\u00e9brer en grand les 80 ans de sa Lib\u00e9ration\",\"datePublished\":\"2024-10-11T13:57:36+00:00\",\"dateModified\":\"2024-10-11T13:57:36+00:00\",\"mainEntityOfPage\":{\"@id\":\"https:\/\/vosgesinfo.fr\/epinalinfo\/2024\/10\/la-cite-deodatienne-va-celebrer-en-grand-les-80-ans-de-sa-liberation\/\"},\"wordCount\":581,\"commentCount\":0,\"publisher\":{\"@id\":\"https:\/\/vosgesinfo.fr\/epinalinfo\/#organization\"},\"image\":{\"@id\":\"https:\/\/vosgesinfo.fr\/epinalinfo\/2024\/10\/la-cite-deodatienne-va-celebrer-en-grand-les-80-ans-de-sa-liberation\/#primaryimage\"},\"thumbnailUrl\":\"https:\/\/vosgesinfo.fr\/app\/uploads\/sites\/3\/2024\/10\/anniversaire-80-ans-liberation-saint-die-1.jpg\",\"keywords\":[\"80e anniversaire de la Lib\u00e9ration de Saint-Di\u00e9\",\"Lib\u00e9ration de Saint-Di\u00e9\",\"Seconde Guerre mondiale\"],\"articleSection\":[\"A la Une\",\"Epinal\",\"Gerardmer\",\"La plaine des vosges\",\"Remiremont\",\"Vosges\"],\"inLanguage\":\"fr-FR\",\"potentialAction\":[{\"@type\":\"CommentAction\",\"name\":\"Comment\",\"target\":[\"https:\/\/vosgesinfo.fr\/epinalinfo\/2024\/10\/la-cite-deodatienne-va-celebrer-en-grand-les-80-ans-de-sa-liberation\/#respond\"]}]},{\"@type\":\"WebPage\",\"@id\":\"https:\/\/vosgesinfo.fr\/epinalinfo\/2024\/10\/la-cite-deodatienne-va-celebrer-en-grand-les-80-ans-de-sa-liberation\/\",\"url\":\"https:\/\/vosgesinfo.fr\/epinalinfo\/2024\/10\/la-cite-deodatienne-va-celebrer-en-grand-les-80-ans-de-sa-liberation\/\",\"name\":\"La cit\u00e9 d\u00e9odatienne va c\u00e9l\u00e9brer en grand les 80 ans de sa Lib\u00e9ration - Epinal Info\",\"isPartOf\":{\"@id\":\"https:\/\/vosgesinfo.fr\/epinalinfo\/#website\"},\"primaryImageOfPage\":{\"@id\":\"https:\/\/vosgesinfo.fr\/epinalinfo\/2024\/10\/la-cite-deodatienne-va-celebrer-en-grand-les-80-ans-de-sa-liberation\/#primaryimage\"},\"image\":{\"@id\":\"https:\/\/vosgesinfo.fr\/epinalinfo\/2024\/10\/la-cite-deodatienne-va-celebrer-en-grand-les-80-ans-de-sa-liberation\/#primaryimage\"},\"thumbnailUrl\":\"https:\/\/vosgesinfo.fr\/app\/uploads\/sites\/3\/2024\/10\/anniversaire-80-ans-liberation-saint-die-1.jpg\",\"datePublished\":\"2024-10-11T13:57:36+00:00\",\"dateModified\":\"2024-10-11T13:57:36+00:00\",\"breadcrumb\":{\"@id\":\"https:\/\/vosgesinfo.fr\/epinalinfo\/2024\/10\/la-cite-deodatienne-va-celebrer-en-grand-les-80-ans-de-sa-liberation\/#breadcrumb\"},\"inLanguage\":\"fr-FR\",\"potentialAction\":[{\"@type\":\"ReadAction\",\"target\":[\"https:\/\/vosgesinfo.fr\/epinalinfo\/2024\/10\/la-cite-deodatienne-va-celebrer-en-grand-les-80-ans-de-sa-liberation\/\"]}]},{\"@type\":\"ImageObject\",\"inLanguage\":\"fr-FR\",\"@id\":\"https:\/\/vosgesinfo.fr\/epinalinfo\/2024\/10\/la-cite-deodatienne-va-celebrer-en-grand-les-80-ans-de-sa-liberation\/#primaryimage\",\"url\":\"https:\/\/vosgesinfo.fr\/app\/uploads\/sites\/3\/2024\/10\/anniversaire-80-ans-liberation-saint-die-1.jpg\",\"contentUrl\":\"https:\/\/vosgesinfo.fr\/app\/uploads\/sites\/3\/2024\/10\/anniversaire-80-ans-liberation-saint-die-1.jpg\",\"width\":1080,\"height\":810},{\"@type\":\"BreadcrumbList\",\"@id\":\"https:\/\/vosgesinfo.fr\/epinalinfo\/2024\/10\/la-cite-deodatienne-va-celebrer-en-grand-les-80-ans-de-sa-liberation\/#breadcrumb\",\"itemListElement\":[{\"@type\":\"ListItem\",\"position\":1,\"name\":\"Home\",\"item\":\"https:\/\/vosgesinfo.fr\/epinalinfo\/\"},{\"@type\":\"ListItem\",\"position\":2,\"name\":\"La cit\u00e9 d\u00e9odatienne va c\u00e9l\u00e9brer en grand les 80 ans de sa Lib\u00e9ration\"}]},{\"@type\":\"WebSite\",\"@id\":\"https:\/\/vosgesinfo.fr\/epinalinfo\/#website\",\"url\":\"https:\/\/vosgesinfo.fr\/epinalinfo\/\",\"name\":\"Epinal Info\",\"description\":\"Toute l&#039;actualit\u00e9 d&#039;\u00c9pinal\",\"publisher\":{\"@id\":\"https:\/\/vosgesinfo.fr\/epinalinfo\/#organization\"},\"alternateName\":\"Toute l'actualit\u00e9 d'\u00c9pinal\",\"potentialAction\":[{\"@type\":\"SearchAction\",\"target\":{\"@type\":\"EntryPoint\",\"urlTemplate\":\"https:\/\/vosgesinfo.fr\/epinalinfo\/?s={search_term_string}\"},\"query-input\":\"required name=search_term_string\"}],\"inLanguage\":\"fr-FR\"},{\"@type\":\"Organization\",\"@id\":\"https:\/\/vosgesinfo.fr\/epinalinfo\/#organization\",\"name\":\"Epinal Info\",\"url\":\"https:\/\/vosgesinfo.fr\/epinalinfo\/\",\"logo\":{\"@type\":\"ImageObject\",\"inLanguage\":\"fr-FR\",\"@id\":\"https:\/\/vosgesinfo.fr\/epinalinfo\/#\/schema\/logo\/image\/\",\"url\":\"https:\/\/vosgesinfo.fr\/app\/uploads\/sites\/3\/2023\/08\/logo-epinalinfos.svg\",\"contentUrl\":\"https:\/\/vosgesinfo.fr\/app\/uploads\/sites\/3\/2023\/08\/logo-epinalinfos.svg\",\"width\":1,\"height\":1,\"caption\":\"Epinal Info\"},\"image\":{\"@id\":\"https:\/\/vosgesinfo.fr\/epinalinfo\/#\/schema\/logo\/image\/\"},\"sameAs\":[\"https:\/\/www.facebook.com\/Epinalinfos\",\"https:\/\/x.com\/VosgesInfo88\",\"https:\/\/www.youtube.com\/@vosgesinfo\"]},{\"@type\":\"Person\",\"@id\":\"https:\/\/vosgesinfo.fr\/epinalinfo\/#\/schema\/person\/fa73e9f726d67bb88f46d5b7943cb572\",\"name\":\"J.J.\",\"image\":{\"@type\":\"ImageObject\",\"inLanguage\":\"fr-FR\",\"@id\":\"https:\/\/vosgesinfo.fr\/epinalinfo\/#\/schema\/person\/image\/\",\"url\":\"https:\/\/secure.gravatar.com\/avatar\/219e749e47ffbcca018a360ae4add7d4cdf1cdaaf8bc7676b27efade3fe65615?s=96&d=mm&r=g\",\"contentUrl\":\"https:\/\/secure.gravatar.com\/avatar\/219e749e47ffbcca018a360ae4add7d4cdf1cdaaf8bc7676b27efade3fe65615?s=96&d=mm&r=g\",\"caption\":\"J.J.\"},\"url\":\"https:\/\/vosgesinfo.fr\/epinalinfo\/author\/j-j\/\"}]}<\/script>\n<!-- \/ Yoast SEO plugin. -->","yoast_head_json":{"title":"La cit\u00e9 d\u00e9odatienne va c\u00e9l\u00e9brer en grand les 80 ans de sa Lib\u00e9ration - Epinal Info","robots":{"index":"index","follow":"follow","max-snippet":"max-snippet:-1","max-image-preview":"max-image-preview:large","max-video-preview":"max-video-preview:-1"},"canonical":"https:\/\/vosgesinfo.fr\/epinalinfo\/2024\/10\/la-cite-deodatienne-va-celebrer-en-grand-les-80-ans-de-sa-liberation\/","twitter_card":"summary_large_image","twitter_title":"La cit\u00e9 d\u00e9odatienne va c\u00e9l\u00e9brer en grand les 80 ans de sa Lib\u00e9ration - Epinal Info","twitter_description":"A l&rsquo;occasion du 80e anniversaire de la Lib\u00e9ration de Saint-Di\u00e9 (qui n&rsquo;avait pas encore le suffixe \u00ab\u00a0-des-Vosges\u00a0\u00bb), la Municipalit\u00e9 a [&hellip;]","twitter_image":"https:\/\/vosgesinfo.fr\/app\/uploads\/sites\/3\/2024\/10\/anniversaire-80-ans-liberation-saint-die-1.jpg","twitter_creator":"@VosgesInfo88","twitter_site":"@VosgesInfo88","twitter_misc":{"\u00c9crit par":"J.J.","Dur\u00e9e de lecture estim\u00e9e":"3 minutes"},"schema":{"@context":"https:\/\/schema.org","@graph":[{"@type":"Article","@id":"https:\/\/vosgesinfo.fr\/epinalinfo\/2024\/10\/la-cite-deodatienne-va-celebrer-en-grand-les-80-ans-de-sa-liberation\/#article","isPartOf":{"@id":"https:\/\/vosgesinfo.fr\/epinalinfo\/2024\/10\/la-cite-deodatienne-va-celebrer-en-grand-les-80-ans-de-sa-liberation\/"},"author":{"name":"J.J.","@id":"https:\/\/vosgesinfo.fr\/epinalinfo\/#\/schema\/person\/fa73e9f726d67bb88f46d5b7943cb572"},"headline":"La cit\u00e9 d\u00e9odatienne va c\u00e9l\u00e9brer en grand les 80 ans de sa Lib\u00e9ration","datePublished":"2024-10-11T13:57:36+00:00","dateModified":"2024-10-11T13:57:36+00:00","mainEntityOfPage":{"@id":"https:\/\/vosgesinfo.fr\/epinalinfo\/2024\/10\/la-cite-deodatienne-va-celebrer-en-grand-les-80-ans-de-sa-liberation\/"},"wordCount":581,"commentCount":0,"publisher":{"@id":"https:\/\/vosgesinfo.fr\/epinalinfo\/#organization"},"image":{"@id":"https:\/\/vosgesinfo.fr\/epinalinfo\/2024\/10\/la-cite-deodatienne-va-celebrer-en-grand-les-80-ans-de-sa-liberation\/#primaryimage"},"thumbnailUrl":"https:\/\/vosgesinfo.fr\/app\/uploads\/sites\/3\/2024\/10\/anniversaire-80-ans-liberation-saint-die-1.jpg","keywords":["80e anniversaire de la Lib\u00e9ration de Saint-Di\u00e9","Lib\u00e9ration de Saint-Di\u00e9","Seconde Guerre mondiale"],"articleSection":["A la Une","Epinal","Gerardmer","La plaine des vosges","Remiremont","Vosges"],"inLanguage":"fr-FR","potentialAction":[{"@type":"CommentAction","name":"Comment","target":["https:\/\/vosgesinfo.fr\/epinalinfo\/2024\/10\/la-cite-deodatienne-va-celebrer-en-grand-les-80-ans-de-sa-liberation\/#respond"]}]},{"@type":"WebPage","@id":"https:\/\/vosgesinfo.fr\/epinalinfo\/2024\/10\/la-cite-deodatienne-va-celebrer-en-grand-les-80-ans-de-sa-liberation\/","url":"https:\/\/vosgesinfo.fr\/epinalinfo\/2024\/10\/la-cite-deodatienne-va-celebrer-en-grand-les-80-ans-de-sa-liberation\/","name":"La cit\u00e9 d\u00e9odatienne va c\u00e9l\u00e9brer en grand les 80 ans de sa Lib\u00e9ration - Epinal Info","isPartOf":{"@id":"https:\/\/vosgesinfo.fr\/epinalinfo\/#website"},"primaryImageOfPage":{"@id":"https:\/\/vosgesinfo.fr\/epinalinfo\/2024\/10\/la-cite-deodatienne-va-celebrer-en-grand-les-80-ans-de-sa-liberation\/#primaryimage"},"image":{"@id":"https:\/\/vosgesinfo.fr\/epinalinfo\/2024\/10\/la-cite-deodatienne-va-celebrer-en-grand-les-80-ans-de-sa-liberation\/#primaryimage"},"thumbnailUrl":"https:\/\/vosgesinfo.fr\/app\/uploads\/sites\/3\/2024\/10\/anniversaire-80-ans-liberation-saint-die-1.jpg","datePublished":"2024-10-11T13:57:36+00:00","dateModified":"2024-10-11T13:57:36+00:00","breadcrumb":{"@id":"https:\/\/vosgesinfo.fr\/epinalinfo\/2024\/10\/la-cite-deodatienne-va-celebrer-en-grand-les-80-ans-de-sa-liberation\/#breadcrumb"},"inLanguage":"fr-FR","potentialAction":[{"@type":"ReadAction","target":["https:\/\/vosgesinfo.fr\/epinalinfo\/2024\/10\/la-cite-deodatienne-va-celebrer-en-grand-les-80-ans-de-sa-liberation\/"]}]},{"@type":"ImageObject","inLanguage":"fr-FR","@id":"https:\/\/vosgesinfo.fr\/epinalinfo\/2024\/10\/la-cite-deodatienne-va-celebrer-en-grand-les-80-ans-de-sa-liberation\/#primaryimage","url":"https:\/\/vosgesinfo.fr\/app\/uploads\/sites\/3\/2024\/10\/anniversaire-80-ans-liberation-saint-die-1.jpg","contentUrl":"https:\/\/vosgesinfo.fr\/app\/uploads\/sites\/3\/2024\/10\/anniversaire-80-ans-liberation-saint-die-1.jpg","width":1080,"height":810},{"@type":"BreadcrumbList","@id":"https:\/\/vosgesinfo.fr\/epinalinfo\/2024\/10\/la-cite-deodatienne-va-celebrer-en-grand-les-80-ans-de-sa-liberation\/#breadcrumb","itemListElement":[{"@type":"ListItem","position":1,"name":"Home","item":"https:\/\/vosgesinfo.fr\/epinalinfo\/"},{"@type":"ListItem","position":2,"name":"La cit\u00e9 d\u00e9odatienne va c\u00e9l\u00e9brer en grand les 80 ans de sa Lib\u00e9ration"}]},{"@type":"WebSite","@id":"https:\/\/vosgesinfo.fr\/epinalinfo\/#website","url":"https:\/\/vosgesinfo.fr\/epinalinfo\/","name":"Epinal Info","description":"Toute l&#039;actualit\u00e9 d&#039;\u00c9pinal","publisher":{"@id":"https:\/\/vosgesinfo.fr\/epinalinfo\/#organization"},"alternateName":"Toute l'actualit\u00e9 d'\u00c9pinal","potentialAction":[{"@type":"SearchAction","target":{"@type":"EntryPoint","urlTemplate":"https:\/\/vosgesinfo.fr\/epinalinfo\/?s={search_term_string}"},"query-input":"required name=search_term_string"}],"inLanguage":"fr-FR"},{"@type":"Organization","@id":"https:\/\/vosgesinfo.fr\/epinalinfo\/#organization","name":"Epinal Info","url":"https:\/\/vosgesinfo.fr\/epinalinfo\/","logo":{"@type":"ImageObject","inLanguage":"fr-FR","@id":"https:\/\/vosgesinfo.fr\/epinalinfo\/#\/schema\/logo\/image\/","url":"https:\/\/vosgesinfo.fr\/app\/uploads\/sites\/3\/2023\/08\/logo-epinalinfos.svg","contentUrl":"https:\/\/vosgesinfo.fr\/app\/uploads\/sites\/3\/2023\/08\/logo-epinalinfos.svg","width":1,"height":1,"caption":"Epinal Info"},"image":{"@id":"https:\/\/vosgesinfo.fr\/epinalinfo\/#\/schema\/logo\/image\/"},"sameAs":["https:\/\/www.facebook.com\/Epinalinfos","https:\/\/x.com\/VosgesInfo88","https:\/\/www.youtube.com\/@vosgesinfo"]},{"@type":"Person","@id":"https:\/\/vosgesinfo.fr\/epinalinfo\/#\/schema\/person\/fa73e9f726d67bb88f46d5b7943cb572","name":"J.J.","image":{"@type":"ImageObject","inLanguage":"fr-FR","@id":"https:\/\/vosgesinfo.fr\/epinalinfo\/#\/schema\/person\/image\/","url":"https:\/\/secure.gravatar.com\/avatar\/219e749e47ffbcca018a360ae4add7d4cdf1cdaaf8bc7676b27efade3fe65615?s=96&d=mm&r=g","contentUrl":"https:\/\/secure.gravatar.com\/avatar\/219e749e47ffbcca018a360ae4add7d4cdf1cdaaf8bc7676b27efade3fe65615?s=96&d=mm&r=g","caption":"J.J."},"url":"https:\/\/vosgesinfo.fr\/epinalinfo\/author\/j-j\/"}]}},"_links":{"self":[{"href":"https:\/\/vosgesinfo.fr\/epinalinfo\/wp-json\/wp\/v2\/posts\/122817","targetHints":{"allow":["GET"]}}],"collection":[{"href":"https:\/\/vosgesinfo.fr\/epinalinfo\/wp-json\/wp\/v2\/posts"}],"about":[{"href":"https:\/\/vosgesinfo.fr\/epinalinfo\/wp-json\/wp\/v2\/types\/post"}],"author":[{"embeddable":true,"href":"https:\/\/vosgesinfo.fr\/epinalinfo\/wp-json\/wp\/v2\/users\/46"}],"replies":[{"embeddable":true,"href":"https:\/\/vosgesinfo.fr\/epinalinfo\/wp-json\/wp\/v2\/comments?post=122817"}],"version-history":[{"count":0,"href":"https:\/\/vosgesinfo.fr\/epinalinfo\/wp-json\/wp\/v2\/posts\/122817\/revisions"}],"wp:featuredmedia":[{"embeddable":true,"href":"https:\/\/vosgesinfo.fr\/epinalinfo\/wp-json\/wp\/v2\/media\/122818"}],"wp:attachment":[{"href":"https:\/\/vosgesinfo.fr\/epinalinfo\/wp-json\/wp\/v2\/media?parent=122817"}],"wp:term":[{"taxonomy":"category","embeddable":true,"href":"https:\/\/vosgesinfo.fr\/epinalinfo\/wp-json\/wp\/v2\/categories?post=122817"},{"taxonomy":"post_tag","embeddable":true,"href":"https:\/\/vosgesinfo.fr\/epinalinfo\/wp-json\/wp\/v2\/tags?post=122817"}],"curies":[{"name":"wp","href":"https:\/\/api.w.org\/{rel}","templated":true}]}}