{"id":122954,"date":"2024-10-13T15:51:58","date_gmt":"2024-10-13T13:51:58","guid":{"rendered":"https:\/\/vosgesinfo.fr\/epinalinfo\/2024\/10\/mobilisation-massive-a-remiremont-contre-le-projet-medico-soignant-600-manifestants-en-defense-de-lhopital\/"},"modified":"2024-10-13T15:51:58","modified_gmt":"2024-10-13T13:51:58","slug":"mobilisation-massive-a-remiremont-contre-le-projet-medico-soignant-600-manifestants-en-defense-de-lhopital","status":"publish","type":"post","link":"https:\/\/vosgesinfo.fr\/epinalinfo\/2024\/10\/mobilisation-massive-a-remiremont-contre-le-projet-medico-soignant-600-manifestants-en-defense-de-lhopital\/","title":{"rendered":"Mobilisation massive \u00e0 Remiremont contre le projet m\u00e9dico-soignant : 600 manifestants en d\u00e9fense de l&rsquo;h\u00f4pital"},"content":{"rendered":"<p><strong>Ce dimanche 13 octobre, environ 600 personnes ont r\u00e9pondu \u00e0 l&rsquo;appel de l&rsquo;Ademat-H pour manifester contre le projet m\u00e9dico-soignant qui menace particuli\u00e8rement l&rsquo;h\u00f4pital de Remiremont. Parti du Champ de Mars, le cort\u00e8ge s&rsquo;est rendu aux abords du centre hospitalier, o\u00f9 des \u00e9lus de plusieurs communes ont plant\u00e9 des pancartes symboliques. La manifestation s&rsquo;est ensuite poursuivie dans la rue Charles de Gaulle, pour se conclure devant l&rsquo;H\u00f4tel de Ville, o\u00f9 plusieurs interventions ont eu lieu.<\/strong><\/p>\n<p><iframe loading=\"lazy\" title=\"Manifestation \u00e0 Remiremont pour l&#039;avenir du Centre Hospitalier\" width=\"500\" height=\"281\" src=\"https:\/\/www.youtube.com\/embed\/Ep24FwBWFi0?feature=oembed\" frameborder=\"0\" allow=\"accelerometer; autoplay; clipboard-write; encrypted-media; gyroscope; picture-in-picture; web-share\" referrerpolicy=\"strict-origin-when-cross-origin\" allowfullscreen><\/iframe><\/p>\n<p>Le pr\u00e9sident de l&rsquo;Ademat-H, Jean Pierrel, a ouvert les discours en d\u00e9non\u00e7ant le contenu du projet m\u00e9dico-soignant 2024-2029, un dossier de 150 pages qui, selon lui, n\u00e9glige les besoins des usagers. Il a mis en garde contre le risque de voir les urgences de Remiremont r\u00e9duites \u00e0 une simple antenne de m\u00e9decine d&rsquo;urgence, rappelant que 61 % des hospitalisations proviennent des urgences. Il a \u00e9galement \u00e9voqu\u00e9 la fermeture possible de la maternit\u00e9, ainsi que la situation du Centre M\u00e9dico-Psychologique (CMP) de Bruy\u00e8res, ferm\u00e9 depuis sept ans. Il a exhort\u00e9 les participants \u00e0 envoyer des lettres aux \u00e9lus concern\u00e9s pour demander la r\u00e9vision du projet.<\/p>\n<p>Philippe Cloch\u00e9, pr\u00e9sident du conseil d&rsquo;administration de l&rsquo;h\u00f4pital de Remiremont, a ensuite pris la parole, soulignant l&rsquo;importance de maintenir des services actifs tels que la maternit\u00e9, la chirurgie et la m\u00e9decine active \u00e0 Remiremont. Il a critiqu\u00e9 la proposition d&rsquo;un service de soins palliatifs comme une solution insuffisante. Il a \u00e9galement rappel\u00e9 que les repr\u00e9sentants du personnel et le conseil de surveillance de Remiremont se sont exprim\u00e9s contre le projet, tout en reconnaissant que son adoption est probable, \u00e9tant donn\u00e9 le contr\u00f4le exerc\u00e9 par le directeur des h\u00f4pitaux de Remiremont et d&rsquo;\u00c9pinal sur presque tous les \u00e9tablissements des Vosges, sauf la vall\u00e9e de la Meurthe.<\/p>\n<p>Enfin, le conseiller d\u00e9partemental Christian Tarantola a exprim\u00e9 sa frustration concernant la fermeture prolong\u00e9e du CMP de Bruy\u00e8res, contre laquelle il se bat depuis sept ans. Il a appel\u00e9 \u00e0 faire front commun contre un projet qu&rsquo;il juge insuffisant pour garantir une v\u00e9ritable sant\u00e9 publique.<\/p>\n<p>Le projet m\u00e9dico-soignant sera soumis au vote ce jeudi 17 octobre \u00e0 Golbey.<\/p>\n\n\t\t<style type=\"text\/css\">\n\t\t\t#gallery-1 {\n\t\t\t\tmargin: auto;\n\t\t\t}\n\t\t\t#gallery-1 .gallery-item {\n\t\t\t\tfloat: left;\n\t\t\t\tmargin-top: 10px;\n\t\t\t\ttext-align: center;\n\t\t\t\twidth: 33%;\n\t\t\t}\n\t\t\t#gallery-1 img {\n\t\t\t\tborder: 2px solid #cfcfcf;\n\t\t\t}\n\t\t\t#gallery-1 .gallery-caption {\n\t\t\t\tmargin-left: 0;\n\t\t\t}\n\t\t\t\/* see gallery_shortcode() in wp-includes\/media.php *\/\n\t\t<\/style>\n\t\t<div id='gallery-1' class='gallery galleryid-122954 gallery-columns-3 gallery-size-full'><dl class='gallery-item'>\n\t\t\t<dt class='gallery-icon landscape'>\n\t\t\t\t<a href='https:\/\/vosgesinfo.fr\/epinalinfo\/2017\/06\/jeunes-dirigeants-prennent-bol-dair\/2017-06-p1090488\/'><img decoding=\"async\" width=\"800\" height=\"600\" src=\"https:\/\/vosgesinfo.fr\/app\/uploads\/sites\/3\/2024\/08\/201706p1090488.jpg\" class=\"attachment-full size-full\" alt=\"\" srcset=\"https:\/\/vosgesinfo.fr\/app\/uploads\/sites\/3\/2024\/08\/201706p1090488.jpg 800w, https:\/\/vosgesinfo.fr\/app\/uploads\/sites\/3\/2024\/08\/201706p1090488-300x225.jpg 300w, https:\/\/vosgesinfo.fr\/app\/uploads\/sites\/3\/2024\/08\/201706p1090488-768x576.jpg 768w\" sizes=\"(max-width: 800px) 100vw, 800px\" \/><\/a>\n\t\t\t<\/dt><\/dl><dl class='gallery-item'>\n\t\t\t<dt class='gallery-icon landscape'>\n\t\t\t\t<a href='https:\/\/vosgesinfo.fr\/epinalinfo\/2017\/06\/jeunes-dirigeants-prennent-bol-dair\/2017-06-p1090493\/'><img decoding=\"async\" width=\"800\" height=\"600\" src=\"https:\/\/vosgesinfo.fr\/app\/uploads\/sites\/3\/2024\/08\/201706p1090493.jpg\" class=\"attachment-full size-full\" alt=\"\" srcset=\"https:\/\/vosgesinfo.fr\/app\/uploads\/sites\/3\/2024\/08\/201706p1090493.jpg 800w, https:\/\/vosgesinfo.fr\/app\/uploads\/sites\/3\/2024\/08\/201706p1090493-300x225.jpg 300w, https:\/\/vosgesinfo.fr\/app\/uploads\/sites\/3\/2024\/08\/201706p1090493-768x576.jpg 768w\" sizes=\"(max-width: 800px) 100vw, 800px\" \/><\/a>\n\t\t\t<\/dt><\/dl><dl class='gallery-item'>\n\t\t\t<dt class='gallery-icon landscape'>\n\t\t\t\t<a href='https:\/\/vosgesinfo.fr\/epinalinfo\/2017\/06\/recrutement-delectriciens-situation-dinsertion-chantier-de-lhopital\/2015-07-construction-hopital-2\/'><img decoding=\"async\" width=\"746\" height=\"337\" src=\"https:\/\/vosgesinfo.fr\/app\/uploads\/sites\/3\/2024\/08\/201507construction-hopital-1.jpg\" class=\"attachment-full size-full\" alt=\"\" srcset=\"https:\/\/vosgesinfo.fr\/app\/uploads\/sites\/3\/2024\/08\/201507construction-hopital-1.jpg 746w, https:\/\/vosgesinfo.fr\/app\/uploads\/sites\/3\/2024\/08\/201507construction-hopital-1-300x136.jpg 300w\" sizes=\"(max-width: 746px) 100vw, 746px\" \/><\/a>\n\t\t\t<\/dt><\/dl><br style=\"clear: both\" \/><dl class='gallery-item'>\n\t\t\t<dt class='gallery-icon landscape'>\n\t\t\t\t<a href='https:\/\/vosgesinfo.fr\/epinalinfo\/2017\/06\/fete-images-lumiere-feerique-bords-de-moselle\/2017-06-feteimages12\/'><img decoding=\"async\" width=\"800\" height=\"600\" src=\"https:\/\/vosgesinfo.fr\/app\/uploads\/sites\/3\/2024\/08\/201706feteimages12.jpg\" class=\"attachment-full size-full\" alt=\"\" srcset=\"https:\/\/vosgesinfo.fr\/app\/uploads\/sites\/3\/2024\/08\/201706feteimages12.jpg 800w, https:\/\/vosgesinfo.fr\/app\/uploads\/sites\/3\/2024\/08\/201706feteimages12-300x225.jpg 300w, https:\/\/vosgesinfo.fr\/app\/uploads\/sites\/3\/2024\/08\/201706feteimages12-768x576.jpg 768w\" sizes=\"(max-width: 800px) 100vw, 800px\" \/><\/a>\n\t\t\t<\/dt><\/dl><dl class='gallery-item'>\n\t\t\t<dt class='gallery-icon landscape'>\n\t\t\t\t<a href='https:\/\/vosgesinfo.fr\/epinalinfo\/2017\/06\/fete-images-lumiere-feerique-bords-de-moselle\/2017-06-feteimages14\/'><img decoding=\"async\" width=\"800\" height=\"600\" src=\"https:\/\/vosgesinfo.fr\/app\/uploads\/sites\/3\/2024\/08\/201706feteimages14.jpg\" class=\"attachment-full size-full\" alt=\"\" srcset=\"https:\/\/vosgesinfo.fr\/app\/uploads\/sites\/3\/2024\/08\/201706feteimages14.jpg 800w, https:\/\/vosgesinfo.fr\/app\/uploads\/sites\/3\/2024\/08\/201706feteimages14-300x225.jpg 300w, https:\/\/vosgesinfo.fr\/app\/uploads\/sites\/3\/2024\/08\/201706feteimages14-768x576.jpg 768w\" sizes=\"(max-width: 800px) 100vw, 800px\" \/><\/a>\n\t\t\t<\/dt><\/dl><dl class='gallery-item'>\n\t\t\t<dt class='gallery-icon landscape'>\n\t\t\t\t<a href='https:\/\/vosgesinfo.fr\/epinalinfo\/2017\/06\/fete-images-lumiere-feerique-bords-de-moselle\/2017-06-feteimages13\/'><img decoding=\"async\" width=\"800\" height=\"343\" src=\"https:\/\/vosgesinfo.fr\/app\/uploads\/sites\/3\/2024\/08\/201706feteimages13.jpg\" class=\"attachment-full size-full\" alt=\"\" srcset=\"https:\/\/vosgesinfo.fr\/app\/uploads\/sites\/3\/2024\/08\/201706feteimages13.jpg 800w, https:\/\/vosgesinfo.fr\/app\/uploads\/sites\/3\/2024\/08\/201706feteimages13-300x129.jpg 300w, https:\/\/vosgesinfo.fr\/app\/uploads\/sites\/3\/2024\/08\/201706feteimages13-768x329.jpg 768w\" sizes=\"(max-width: 800px) 100vw, 800px\" \/><\/a>\n\t\t\t<\/dt><\/dl><br style=\"clear: both\" \/><dl class='gallery-item'>\n\t\t\t<dt class='gallery-icon landscape'>\n\t\t\t\t<a href='https:\/\/vosgesinfo.fr\/epinalinfo\/2017\/06\/fete-images-lumiere-feerique-bords-de-moselle\/2017-06-feteimages11\/'><img decoding=\"async\" width=\"800\" height=\"600\" src=\"https:\/\/vosgesinfo.fr\/app\/uploads\/sites\/3\/2024\/08\/201706feteimages11.jpg\" class=\"attachment-full size-full\" alt=\"\" srcset=\"https:\/\/vosgesinfo.fr\/app\/uploads\/sites\/3\/2024\/08\/201706feteimages11.jpg 800w, https:\/\/vosgesinfo.fr\/app\/uploads\/sites\/3\/2024\/08\/201706feteimages11-300x225.jpg 300w, https:\/\/vosgesinfo.fr\/app\/uploads\/sites\/3\/2024\/08\/201706feteimages11-768x576.jpg 768w\" sizes=\"(max-width: 800px) 100vw, 800px\" \/><\/a>\n\t\t\t<\/dt><\/dl><dl class='gallery-item'>\n\t\t\t<dt class='gallery-icon landscape'>\n\t\t\t\t<a href='https:\/\/vosgesinfo.fr\/epinalinfo\/2017\/06\/fete-images-lumiere-feerique-bords-de-moselle\/2017-06-feteimages10\/'><img decoding=\"async\" width=\"800\" height=\"600\" src=\"https:\/\/vosgesinfo.fr\/app\/uploads\/sites\/3\/2024\/08\/201706feteimages10.jpg\" class=\"attachment-full size-full\" alt=\"\" srcset=\"https:\/\/vosgesinfo.fr\/app\/uploads\/sites\/3\/2024\/08\/201706feteimages10.jpg 800w, https:\/\/vosgesinfo.fr\/app\/uploads\/sites\/3\/2024\/08\/201706feteimages10-300x225.jpg 300w, https:\/\/vosgesinfo.fr\/app\/uploads\/sites\/3\/2024\/08\/201706feteimages10-768x576.jpg 768w\" sizes=\"(max-width: 800px) 100vw, 800px\" \/><\/a>\n\t\t\t<\/dt><\/dl><dl class='gallery-item'>\n\t\t\t<dt class='gallery-icon landscape'>\n\t\t\t\t<a href='https:\/\/vosgesinfo.fr\/epinalinfo\/2017\/06\/fete-images-lumiere-feerique-bords-de-moselle\/2017-06-feteimages9\/'><img decoding=\"async\" width=\"800\" height=\"600\" src=\"https:\/\/vosgesinfo.fr\/app\/uploads\/sites\/3\/2024\/08\/201706feteimages9.jpg\" class=\"attachment-full size-full\" alt=\"\" srcset=\"https:\/\/vosgesinfo.fr\/app\/uploads\/sites\/3\/2024\/08\/201706feteimages9.jpg 800w, https:\/\/vosgesinfo.fr\/app\/uploads\/sites\/3\/2024\/08\/201706feteimages9-300x225.jpg 300w, https:\/\/vosgesinfo.fr\/app\/uploads\/sites\/3\/2024\/08\/201706feteimages9-768x576.jpg 768w\" sizes=\"(max-width: 800px) 100vw, 800px\" \/><\/a>\n\t\t\t<\/dt><\/dl><br style=\"clear: both\" \/><dl class='gallery-item'>\n\t\t\t<dt class='gallery-icon landscape'>\n\t\t\t\t<a href='https:\/\/vosgesinfo.fr\/epinalinfo\/2017\/06\/fete-images-video\/2017-06-feteimages10-2\/'><img decoding=\"async\" width=\"800\" height=\"600\" src=\"https:\/\/vosgesinfo.fr\/app\/uploads\/sites\/3\/2024\/08\/201706feteimages10-1.jpg\" class=\"attachment-full size-full\" alt=\"\" srcset=\"https:\/\/vosgesinfo.fr\/app\/uploads\/sites\/3\/2024\/08\/201706feteimages10-1.jpg 800w, https:\/\/vosgesinfo.fr\/app\/uploads\/sites\/3\/2024\/08\/201706feteimages10-1-300x225.jpg 300w, https:\/\/vosgesinfo.fr\/app\/uploads\/sites\/3\/2024\/08\/201706feteimages10-1-768x576.jpg 768w\" sizes=\"(max-width: 800px) 100vw, 800px\" \/><\/a>\n\t\t\t<\/dt><\/dl><dl class='gallery-item'>\n\t\t\t<dt class='gallery-icon landscape'>\n\t\t\t\t<a href='https:\/\/vosgesinfo.fr\/epinalinfo\/2017\/06\/fete-images-concours-de-mapping-video\/2017-06-mapping-grand-prix\/'><img decoding=\"async\" width=\"800\" height=\"559\" src=\"https:\/\/vosgesinfo.fr\/app\/uploads\/sites\/3\/2024\/08\/201706mapping-grand-prix.jpg\" class=\"attachment-full size-full\" alt=\"\" srcset=\"https:\/\/vosgesinfo.fr\/app\/uploads\/sites\/3\/2024\/08\/201706mapping-grand-prix.jpg 800w, https:\/\/vosgesinfo.fr\/app\/uploads\/sites\/3\/2024\/08\/201706mapping-grand-prix-300x210.jpg 300w, https:\/\/vosgesinfo.fr\/app\/uploads\/sites\/3\/2024\/08\/201706mapping-grand-prix-768x537.jpg 768w\" sizes=\"(max-width: 800px) 100vw, 800px\" \/><\/a>\n\t\t\t<\/dt><\/dl><dl class='gallery-item'>\n\t\t\t<dt class='gallery-icon landscape'>\n\t\t\t\t<a href='https:\/\/vosgesinfo.fr\/epinalinfo\/2017\/06\/fete-images-concours-de-mapping-video\/2017-06-19237849_452814335052991_8514354329054470505_o\/'><img decoding=\"async\" width=\"800\" height=\"451\" src=\"https:\/\/vosgesinfo.fr\/app\/uploads\/sites\/3\/2024\/08\/20170619237849-452814335052991-8514354329054470505-o.jpg\" class=\"attachment-full size-full\" alt=\"\" srcset=\"https:\/\/vosgesinfo.fr\/app\/uploads\/sites\/3\/2024\/08\/20170619237849-452814335052991-8514354329054470505-o.jpg 800w, https:\/\/vosgesinfo.fr\/app\/uploads\/sites\/3\/2024\/08\/20170619237849-452814335052991-8514354329054470505-o-300x169.jpg 300w, https:\/\/vosgesinfo.fr\/app\/uploads\/sites\/3\/2024\/08\/20170619237849-452814335052991-8514354329054470505-o-768x433.jpg 768w\" sizes=\"(max-width: 800px) 100vw, 800px\" \/><\/a>\n\t\t\t<\/dt><\/dl><br style=\"clear: both\" \/>\n\t\t<\/div>\n\n","protected":false},"excerpt":{"rendered":"<p>Ce dimanche 13 octobre, environ 600 personnes ont r\u00e9pondu \u00e0 l&rsquo;appel de l&rsquo;Ademat-H pour manifester contre le projet m\u00e9dico-soignant qui [&hellip;]<\/p>\n","protected":false},"author":418,"featured_media":122955,"comment_status":"open","ping_status":"open","sticky":false,"template":"","format":"standard","meta":{"footnotes":""},"categories":[22,24,6056,6057,6055,6155,14],"tags":[15250,11631,12366,565,15282],"class_list":["post-122954","post","type-post","status-publish","format-standard","has-post-thumbnail","hentry","category-a-la-une","category-epinal","category-gerardmer","category-la-plaine-des-vosges","category-remiremont","category-saint-die","category-sante","tag-ademat-h","tag-centre-hospitalier-de-remiremont","tag-jean-pierrel","tag-manifestation","tag-philippe-cloche"],"acf":[],"yoast_head":"<!-- This site is optimized with the Yoast SEO plugin v22.5 - https:\/\/yoast.com\/wordpress\/plugins\/seo\/ -->\n<title>Mobilisation massive \u00e0 Remiremont contre le projet m\u00e9dico-soignant : 600 manifestants en d\u00e9fense de l&#039;h\u00f4pital - Epinal Info<\/title>\n<meta name=\"robots\" content=\"index, follow, max-snippet:-1, max-image-preview:large, max-video-preview:-1\" \/>\n<link rel=\"canonical\" href=\"https:\/\/vosgesinfo.fr\/epinalinfo\/2024\/10\/mobilisation-massive-a-remiremont-contre-le-projet-medico-soignant-600-manifestants-en-defense-de-lhopital\/\" \/>\n<meta name=\"twitter:card\" content=\"summary_large_image\" \/>\n<meta name=\"twitter:title\" content=\"Mobilisation massive \u00e0 Remiremont contre le projet m\u00e9dico-soignant : 600 manifestants en d\u00e9fense de l&#039;h\u00f4pital - Epinal Info\" \/>\n<meta name=\"twitter:description\" content=\"Ce dimanche 13 octobre, environ 600 personnes ont r\u00e9pondu \u00e0 l&rsquo;appel de l&rsquo;Ademat-H pour manifester contre le projet m\u00e9dico-soignant qui [&hellip;]\" \/>\n<meta name=\"twitter:image\" content=\"https:\/\/vosgesinfo.fr\/app\/uploads\/sites\/3\/2024\/10\/manifestation-remiremont017-scaled-1.jpg\" \/>\n<meta name=\"twitter:creator\" content=\"@VosgesInfo88\" \/>\n<meta name=\"twitter:site\" content=\"@VosgesInfo88\" \/>\n<meta name=\"twitter:label1\" content=\"\u00c9crit par\" \/>\n\t<meta name=\"twitter:data1\" content=\"C.M\" \/>\n\t<meta name=\"twitter:label2\" content=\"Dur\u00e9e de lecture estim\u00e9e\" \/>\n\t<meta name=\"twitter:data2\" content=\"2 minutes\" \/>\n<script type=\"application\/ld+json\" class=\"yoast-schema-graph\">{\"@context\":\"https:\/\/schema.org\",\"@graph\":[{\"@type\":\"Article\",\"@id\":\"https:\/\/vosgesinfo.fr\/epinalinfo\/2024\/10\/mobilisation-massive-a-remiremont-contre-le-projet-medico-soignant-600-manifestants-en-defense-de-lhopital\/#article\",\"isPartOf\":{\"@id\":\"https:\/\/vosgesinfo.fr\/epinalinfo\/2024\/10\/mobilisation-massive-a-remiremont-contre-le-projet-medico-soignant-600-manifestants-en-defense-de-lhopital\/\"},\"author\":{\"name\":\"C.M\",\"@id\":\"https:\/\/vosgesinfo.fr\/epinalinfo\/#\/schema\/person\/4f38cd3068e342935b7304695c797d08\"},\"headline\":\"Mobilisation massive \u00e0 Remiremont contre le projet m\u00e9dico-soignant : 600 manifestants en d\u00e9fense de l&rsquo;h\u00f4pital\",\"datePublished\":\"2024-10-13T13:51:58+00:00\",\"dateModified\":\"2024-10-13T13:51:58+00:00\",\"mainEntityOfPage\":{\"@id\":\"https:\/\/vosgesinfo.fr\/epinalinfo\/2024\/10\/mobilisation-massive-a-remiremont-contre-le-projet-medico-soignant-600-manifestants-en-defense-de-lhopital\/\"},\"wordCount\":400,\"commentCount\":0,\"publisher\":{\"@id\":\"https:\/\/vosgesinfo.fr\/epinalinfo\/#organization\"},\"image\":{\"@id\":\"https:\/\/vosgesinfo.fr\/epinalinfo\/2024\/10\/mobilisation-massive-a-remiremont-contre-le-projet-medico-soignant-600-manifestants-en-defense-de-lhopital\/#primaryimage\"},\"thumbnailUrl\":\"https:\/\/vosgesinfo.fr\/app\/uploads\/sites\/3\/2024\/10\/manifestation-remiremont017-scaled-1.jpg\",\"keywords\":[\"ademat-h\",\"centre hospitalier de Remiremont\",\"Jean Pierrel\",\"manifestation\",\"Philippe Cloch\u00e9\"],\"articleSection\":[\"A la Une\",\"Epinal\",\"Gerardmer\",\"La plaine des vosges\",\"Remiremont\",\"Saint-di\u00e9\",\"Sant\u00e9\"],\"inLanguage\":\"fr-FR\",\"potentialAction\":[{\"@type\":\"CommentAction\",\"name\":\"Comment\",\"target\":[\"https:\/\/vosgesinfo.fr\/epinalinfo\/2024\/10\/mobilisation-massive-a-remiremont-contre-le-projet-medico-soignant-600-manifestants-en-defense-de-lhopital\/#respond\"]}]},{\"@type\":\"WebPage\",\"@id\":\"https:\/\/vosgesinfo.fr\/epinalinfo\/2024\/10\/mobilisation-massive-a-remiremont-contre-le-projet-medico-soignant-600-manifestants-en-defense-de-lhopital\/\",\"url\":\"https:\/\/vosgesinfo.fr\/epinalinfo\/2024\/10\/mobilisation-massive-a-remiremont-contre-le-projet-medico-soignant-600-manifestants-en-defense-de-lhopital\/\",\"name\":\"Mobilisation massive \u00e0 Remiremont contre le projet m\u00e9dico-soignant : 600 manifestants en d\u00e9fense de l'h\u00f4pital - Epinal Info\",\"isPartOf\":{\"@id\":\"https:\/\/vosgesinfo.fr\/epinalinfo\/#website\"},\"primaryImageOfPage\":{\"@id\":\"https:\/\/vosgesinfo.fr\/epinalinfo\/2024\/10\/mobilisation-massive-a-remiremont-contre-le-projet-medico-soignant-600-manifestants-en-defense-de-lhopital\/#primaryimage\"},\"image\":{\"@id\":\"https:\/\/vosgesinfo.fr\/epinalinfo\/2024\/10\/mobilisation-massive-a-remiremont-contre-le-projet-medico-soignant-600-manifestants-en-defense-de-lhopital\/#primaryimage\"},\"thumbnailUrl\":\"https:\/\/vosgesinfo.fr\/app\/uploads\/sites\/3\/2024\/10\/manifestation-remiremont017-scaled-1.jpg\",\"datePublished\":\"2024-10-13T13:51:58+00:00\",\"dateModified\":\"2024-10-13T13:51:58+00:00\",\"breadcrumb\":{\"@id\":\"https:\/\/vosgesinfo.fr\/epinalinfo\/2024\/10\/mobilisation-massive-a-remiremont-contre-le-projet-medico-soignant-600-manifestants-en-defense-de-lhopital\/#breadcrumb\"},\"inLanguage\":\"fr-FR\",\"potentialAction\":[{\"@type\":\"ReadAction\",\"target\":[\"https:\/\/vosgesinfo.fr\/epinalinfo\/2024\/10\/mobilisation-massive-a-remiremont-contre-le-projet-medico-soignant-600-manifestants-en-defense-de-lhopital\/\"]}]},{\"@type\":\"ImageObject\",\"inLanguage\":\"fr-FR\",\"@id\":\"https:\/\/vosgesinfo.fr\/epinalinfo\/2024\/10\/mobilisation-massive-a-remiremont-contre-le-projet-medico-soignant-600-manifestants-en-defense-de-lhopital\/#primaryimage\",\"url\":\"https:\/\/vosgesinfo.fr\/app\/uploads\/sites\/3\/2024\/10\/manifestation-remiremont017-scaled-1.jpg\",\"contentUrl\":\"https:\/\/vosgesinfo.fr\/app\/uploads\/sites\/3\/2024\/10\/manifestation-remiremont017-scaled-1.jpg\",\"width\":2560,\"height\":1440},{\"@type\":\"BreadcrumbList\",\"@id\":\"https:\/\/vosgesinfo.fr\/epinalinfo\/2024\/10\/mobilisation-massive-a-remiremont-contre-le-projet-medico-soignant-600-manifestants-en-defense-de-lhopital\/#breadcrumb\",\"itemListElement\":[{\"@type\":\"ListItem\",\"position\":1,\"name\":\"Home\",\"item\":\"https:\/\/vosgesinfo.fr\/epinalinfo\/\"},{\"@type\":\"ListItem\",\"position\":2,\"name\":\"Mobilisation massive \u00e0 Remiremont contre le projet m\u00e9dico-soignant : 600 manifestants en d\u00e9fense de l&rsquo;h\u00f4pital\"}]},{\"@type\":\"WebSite\",\"@id\":\"https:\/\/vosgesinfo.fr\/epinalinfo\/#website\",\"url\":\"https:\/\/vosgesinfo.fr\/epinalinfo\/\",\"name\":\"Epinal Info\",\"description\":\"Toute l&#039;actualit\u00e9 d&#039;\u00c9pinal\",\"publisher\":{\"@id\":\"https:\/\/vosgesinfo.fr\/epinalinfo\/#organization\"},\"alternateName\":\"Toute l'actualit\u00e9 d'\u00c9pinal\",\"potentialAction\":[{\"@type\":\"SearchAction\",\"target\":{\"@type\":\"EntryPoint\",\"urlTemplate\":\"https:\/\/vosgesinfo.fr\/epinalinfo\/?s={search_term_string}\"},\"query-input\":\"required name=search_term_string\"}],\"inLanguage\":\"fr-FR\"},{\"@type\":\"Organization\",\"@id\":\"https:\/\/vosgesinfo.fr\/epinalinfo\/#organization\",\"name\":\"Epinal Info\",\"url\":\"https:\/\/vosgesinfo.fr\/epinalinfo\/\",\"logo\":{\"@type\":\"ImageObject\",\"inLanguage\":\"fr-FR\",\"@id\":\"https:\/\/vosgesinfo.fr\/epinalinfo\/#\/schema\/logo\/image\/\",\"url\":\"https:\/\/vosgesinfo.fr\/app\/uploads\/sites\/3\/2023\/08\/logo-epinalinfos.svg\",\"contentUrl\":\"https:\/\/vosgesinfo.fr\/app\/uploads\/sites\/3\/2023\/08\/logo-epinalinfos.svg\",\"width\":1,\"height\":1,\"caption\":\"Epinal Info\"},\"image\":{\"@id\":\"https:\/\/vosgesinfo.fr\/epinalinfo\/#\/schema\/logo\/image\/\"},\"sameAs\":[\"https:\/\/www.facebook.com\/Epinalinfos\",\"https:\/\/x.com\/VosgesInfo88\",\"https:\/\/www.youtube.com\/@vosgesinfo\"]},{\"@type\":\"Person\",\"@id\":\"https:\/\/vosgesinfo.fr\/epinalinfo\/#\/schema\/person\/4f38cd3068e342935b7304695c797d08\",\"name\":\"C.M\",\"image\":{\"@type\":\"ImageObject\",\"inLanguage\":\"fr-FR\",\"@id\":\"https:\/\/vosgesinfo.fr\/epinalinfo\/#\/schema\/person\/image\/\",\"url\":\"https:\/\/secure.gravatar.com\/avatar\/fe9daaef0164d920717484172682f3c5c9bcf7d42aa8c7048c76c34f0eb6c8da?s=96&d=mm&r=g\",\"contentUrl\":\"https:\/\/secure.gravatar.com\/avatar\/fe9daaef0164d920717484172682f3c5c9bcf7d42aa8c7048c76c34f0eb6c8da?s=96&d=mm&r=g\",\"caption\":\"C.M\"},\"url\":\"https:\/\/vosgesinfo.fr\/epinalinfo\/author\/cm88200\/\"}]}<\/script>\n<!-- \/ Yoast SEO plugin. -->","yoast_head_json":{"title":"Mobilisation massive \u00e0 Remiremont contre le projet m\u00e9dico-soignant : 600 manifestants en d\u00e9fense de l'h\u00f4pital - Epinal Info","robots":{"index":"index","follow":"follow","max-snippet":"max-snippet:-1","max-image-preview":"max-image-preview:large","max-video-preview":"max-video-preview:-1"},"canonical":"https:\/\/vosgesinfo.fr\/epinalinfo\/2024\/10\/mobilisation-massive-a-remiremont-contre-le-projet-medico-soignant-600-manifestants-en-defense-de-lhopital\/","twitter_card":"summary_large_image","twitter_title":"Mobilisation massive \u00e0 Remiremont contre le projet m\u00e9dico-soignant : 600 manifestants en d\u00e9fense de l'h\u00f4pital - Epinal Info","twitter_description":"Ce dimanche 13 octobre, environ 600 personnes ont r\u00e9pondu \u00e0 l&rsquo;appel de l&rsquo;Ademat-H pour manifester contre le projet m\u00e9dico-soignant qui [&hellip;]","twitter_image":"https:\/\/vosgesinfo.fr\/app\/uploads\/sites\/3\/2024\/10\/manifestation-remiremont017-scaled-1.jpg","twitter_creator":"@VosgesInfo88","twitter_site":"@VosgesInfo88","twitter_misc":{"\u00c9crit par":"C.M","Dur\u00e9e de lecture estim\u00e9e":"2 minutes"},"schema":{"@context":"https:\/\/schema.org","@graph":[{"@type":"Article","@id":"https:\/\/vosgesinfo.fr\/epinalinfo\/2024\/10\/mobilisation-massive-a-remiremont-contre-le-projet-medico-soignant-600-manifestants-en-defense-de-lhopital\/#article","isPartOf":{"@id":"https:\/\/vosgesinfo.fr\/epinalinfo\/2024\/10\/mobilisation-massive-a-remiremont-contre-le-projet-medico-soignant-600-manifestants-en-defense-de-lhopital\/"},"author":{"name":"C.M","@id":"https:\/\/vosgesinfo.fr\/epinalinfo\/#\/schema\/person\/4f38cd3068e342935b7304695c797d08"},"headline":"Mobilisation massive \u00e0 Remiremont contre le projet m\u00e9dico-soignant : 600 manifestants en d\u00e9fense de l&rsquo;h\u00f4pital","datePublished":"2024-10-13T13:51:58+00:00","dateModified":"2024-10-13T13:51:58+00:00","mainEntityOfPage":{"@id":"https:\/\/vosgesinfo.fr\/epinalinfo\/2024\/10\/mobilisation-massive-a-remiremont-contre-le-projet-medico-soignant-600-manifestants-en-defense-de-lhopital\/"},"wordCount":400,"commentCount":0,"publisher":{"@id":"https:\/\/vosgesinfo.fr\/epinalinfo\/#organization"},"image":{"@id":"https:\/\/vosgesinfo.fr\/epinalinfo\/2024\/10\/mobilisation-massive-a-remiremont-contre-le-projet-medico-soignant-600-manifestants-en-defense-de-lhopital\/#primaryimage"},"thumbnailUrl":"https:\/\/vosgesinfo.fr\/app\/uploads\/sites\/3\/2024\/10\/manifestation-remiremont017-scaled-1.jpg","keywords":["ademat-h","centre hospitalier de Remiremont","Jean Pierrel","manifestation","Philippe Cloch\u00e9"],"articleSection":["A la Une","Epinal","Gerardmer","La plaine des vosges","Remiremont","Saint-di\u00e9","Sant\u00e9"],"inLanguage":"fr-FR","potentialAction":[{"@type":"CommentAction","name":"Comment","target":["https:\/\/vosgesinfo.fr\/epinalinfo\/2024\/10\/mobilisation-massive-a-remiremont-contre-le-projet-medico-soignant-600-manifestants-en-defense-de-lhopital\/#respond"]}]},{"@type":"WebPage","@id":"https:\/\/vosgesinfo.fr\/epinalinfo\/2024\/10\/mobilisation-massive-a-remiremont-contre-le-projet-medico-soignant-600-manifestants-en-defense-de-lhopital\/","url":"https:\/\/vosgesinfo.fr\/epinalinfo\/2024\/10\/mobilisation-massive-a-remiremont-contre-le-projet-medico-soignant-600-manifestants-en-defense-de-lhopital\/","name":"Mobilisation massive \u00e0 Remiremont contre le projet m\u00e9dico-soignant : 600 manifestants en d\u00e9fense de l'h\u00f4pital - Epinal Info","isPartOf":{"@id":"https:\/\/vosgesinfo.fr\/epinalinfo\/#website"},"primaryImageOfPage":{"@id":"https:\/\/vosgesinfo.fr\/epinalinfo\/2024\/10\/mobilisation-massive-a-remiremont-contre-le-projet-medico-soignant-600-manifestants-en-defense-de-lhopital\/#primaryimage"},"image":{"@id":"https:\/\/vosgesinfo.fr\/epinalinfo\/2024\/10\/mobilisation-massive-a-remiremont-contre-le-projet-medico-soignant-600-manifestants-en-defense-de-lhopital\/#primaryimage"},"thumbnailUrl":"https:\/\/vosgesinfo.fr\/app\/uploads\/sites\/3\/2024\/10\/manifestation-remiremont017-scaled-1.jpg","datePublished":"2024-10-13T13:51:58+00:00","dateModified":"2024-10-13T13:51:58+00:00","breadcrumb":{"@id":"https:\/\/vosgesinfo.fr\/epinalinfo\/2024\/10\/mobilisation-massive-a-remiremont-contre-le-projet-medico-soignant-600-manifestants-en-defense-de-lhopital\/#breadcrumb"},"inLanguage":"fr-FR","potentialAction":[{"@type":"ReadAction","target":["https:\/\/vosgesinfo.fr\/epinalinfo\/2024\/10\/mobilisation-massive-a-remiremont-contre-le-projet-medico-soignant-600-manifestants-en-defense-de-lhopital\/"]}]},{"@type":"ImageObject","inLanguage":"fr-FR","@id":"https:\/\/vosgesinfo.fr\/epinalinfo\/2024\/10\/mobilisation-massive-a-remiremont-contre-le-projet-medico-soignant-600-manifestants-en-defense-de-lhopital\/#primaryimage","url":"https:\/\/vosgesinfo.fr\/app\/uploads\/sites\/3\/2024\/10\/manifestation-remiremont017-scaled-1.jpg","contentUrl":"https:\/\/vosgesinfo.fr\/app\/uploads\/sites\/3\/2024\/10\/manifestation-remiremont017-scaled-1.jpg","width":2560,"height":1440},{"@type":"BreadcrumbList","@id":"https:\/\/vosgesinfo.fr\/epinalinfo\/2024\/10\/mobilisation-massive-a-remiremont-contre-le-projet-medico-soignant-600-manifestants-en-defense-de-lhopital\/#breadcrumb","itemListElement":[{"@type":"ListItem","position":1,"name":"Home","item":"https:\/\/vosgesinfo.fr\/epinalinfo\/"},{"@type":"ListItem","position":2,"name":"Mobilisation massive \u00e0 Remiremont contre le projet m\u00e9dico-soignant : 600 manifestants en d\u00e9fense de l&rsquo;h\u00f4pital"}]},{"@type":"WebSite","@id":"https:\/\/vosgesinfo.fr\/epinalinfo\/#website","url":"https:\/\/vosgesinfo.fr\/epinalinfo\/","name":"Epinal Info","description":"Toute l&#039;actualit\u00e9 d&#039;\u00c9pinal","publisher":{"@id":"https:\/\/vosgesinfo.fr\/epinalinfo\/#organization"},"alternateName":"Toute l'actualit\u00e9 d'\u00c9pinal","potentialAction":[{"@type":"SearchAction","target":{"@type":"EntryPoint","urlTemplate":"https:\/\/vosgesinfo.fr\/epinalinfo\/?s={search_term_string}"},"query-input":"required name=search_term_string"}],"inLanguage":"fr-FR"},{"@type":"Organization","@id":"https:\/\/vosgesinfo.fr\/epinalinfo\/#organization","name":"Epinal Info","url":"https:\/\/vosgesinfo.fr\/epinalinfo\/","logo":{"@type":"ImageObject","inLanguage":"fr-FR","@id":"https:\/\/vosgesinfo.fr\/epinalinfo\/#\/schema\/logo\/image\/","url":"https:\/\/vosgesinfo.fr\/app\/uploads\/sites\/3\/2023\/08\/logo-epinalinfos.svg","contentUrl":"https:\/\/vosgesinfo.fr\/app\/uploads\/sites\/3\/2023\/08\/logo-epinalinfos.svg","width":1,"height":1,"caption":"Epinal Info"},"image":{"@id":"https:\/\/vosgesinfo.fr\/epinalinfo\/#\/schema\/logo\/image\/"},"sameAs":["https:\/\/www.facebook.com\/Epinalinfos","https:\/\/x.com\/VosgesInfo88","https:\/\/www.youtube.com\/@vosgesinfo"]},{"@type":"Person","@id":"https:\/\/vosgesinfo.fr\/epinalinfo\/#\/schema\/person\/4f38cd3068e342935b7304695c797d08","name":"C.M","image":{"@type":"ImageObject","inLanguage":"fr-FR","@id":"https:\/\/vosgesinfo.fr\/epinalinfo\/#\/schema\/person\/image\/","url":"https:\/\/secure.gravatar.com\/avatar\/fe9daaef0164d920717484172682f3c5c9bcf7d42aa8c7048c76c34f0eb6c8da?s=96&d=mm&r=g","contentUrl":"https:\/\/secure.gravatar.com\/avatar\/fe9daaef0164d920717484172682f3c5c9bcf7d42aa8c7048c76c34f0eb6c8da?s=96&d=mm&r=g","caption":"C.M"},"url":"https:\/\/vosgesinfo.fr\/epinalinfo\/author\/cm88200\/"}]}},"_links":{"self":[{"href":"https:\/\/vosgesinfo.fr\/epinalinfo\/wp-json\/wp\/v2\/posts\/122954","targetHints":{"allow":["GET"]}}],"collection":[{"href":"https:\/\/vosgesinfo.fr\/epinalinfo\/wp-json\/wp\/v2\/posts"}],"about":[{"href":"https:\/\/vosgesinfo.fr\/epinalinfo\/wp-json\/wp\/v2\/types\/post"}],"author":[{"embeddable":true,"href":"https:\/\/vosgesinfo.fr\/epinalinfo\/wp-json\/wp\/v2\/users\/418"}],"replies":[{"embeddable":true,"href":"https:\/\/vosgesinfo.fr\/epinalinfo\/wp-json\/wp\/v2\/comments?post=122954"}],"version-history":[{"count":0,"href":"https:\/\/vosgesinfo.fr\/epinalinfo\/wp-json\/wp\/v2\/posts\/122954\/revisions"}],"wp:featuredmedia":[{"embeddable":true,"href":"https:\/\/vosgesinfo.fr\/epinalinfo\/wp-json\/wp\/v2\/media\/122955"}],"wp:attachment":[{"href":"https:\/\/vosgesinfo.fr\/epinalinfo\/wp-json\/wp\/v2\/media?parent=122954"}],"wp:term":[{"taxonomy":"category","embeddable":true,"href":"https:\/\/vosgesinfo.fr\/epinalinfo\/wp-json\/wp\/v2\/categories?post=122954"},{"taxonomy":"post_tag","embeddable":true,"href":"https:\/\/vosgesinfo.fr\/epinalinfo\/wp-json\/wp\/v2\/tags?post=122954"}],"curies":[{"name":"wp","href":"https:\/\/api.w.org\/{rel}","templated":true}]}}