{"id":123583,"date":"2024-10-31T19:28:58","date_gmt":"2024-10-31T18:28:58","guid":{"rendered":"https:\/\/vosgesinfo.fr\/epinalinfo\/?p=123583"},"modified":"2024-10-31T20:33:42","modified_gmt":"2024-10-31T19:33:42","slug":"xertigny-la-confederation-paysanne-des-vosges-se-mobilise-devant-le-centre-de-collecte-de-lait-de-lactalis","status":"publish","type":"post","link":"https:\/\/vosgesinfo.fr\/epinalinfo\/2024\/10\/xertigny-la-confederation-paysanne-des-vosges-se-mobilise-devant-le-centre-de-collecte-de-lait-de-lactalis\/","title":{"rendered":"Xertigny &#8211; La Conf\u00e9d\u00e9ration Paysanne des Vosges se mobilise devant le centre de collecte de lait de Lactalis"},"content":{"rendered":"<h2><a href=\"https:\/\/vosgesinfo.fr\/app\/uploads\/sites\/3\/2024\/08\/201510vaches-02-1600x1200-1-1.jpg\"><img decoding=\"async\" class=\"aligncenter wp-image-58760 size-full\" src=\"https:\/\/vosgesinfo.fr\/app\/uploads\/sites\/3\/2024\/08\/201510vaches-02-1600x1200-1-1.jpg\" alt=\"\" width=\"294\" height=\"333\" srcset=\"https:\/\/vosgesinfo.fr\/app\/uploads\/sites\/3\/2024\/08\/201510vaches-02-1600x1200-1-1.jpg 294w, https:\/\/vosgesinfo.fr\/app\/uploads\/sites\/3\/2024\/08\/201510vaches-02-1600x1200-1-1-265x300.jpg 265w\" sizes=\"(max-width: 294px) 100vw, 294px\" \/><\/a>Ce jeudi 31 octobre, la Conf\u00e9d\u00e9ration Paysanne des Vosges a d\u00e9pos\u00e9 des chrysanth\u00e8mes, \u00e0 Xertigny, devant le centre de collecte de lait de Lactalis.<\/h2>\n<p><span class=\"x193iq5w xeuugli x13faqbe x1vvkbs x1xmvt09 x1lliihq x1s928wv xhkezso x1gmr53x x1cpjm7i x1fgarty x1943h6x xudqn12 x3x7a5m x6prxxf xvq8zen xo1l8bm xzsf02u x1yc453h\" dir=\"auto\">D\u00e9but octobre, Lactalis n&rsquo;annon\u00e7ait pas seulement la r\u00e9duction injustifiable de sa collecte en France : surtout, la multinationale du lait sacrifie, dans un premier temps, pr\u00e8s de 300 producteurs en rompant le contrat qui les lie. Dans les Vosges, 35 fermes ne seraient plus collect\u00e9es prochainement dont 13 producteurs bios. Dans l&rsquo;Est, 150 fermes seraient concern\u00e9es!\u00a0<\/span><\/p>\n<p>Ce jeudi 31 octobre, la Conf\u00e9d\u00e9ration Paysanne des Vosges a d\u00e9pos\u00e9 des chrysanth\u00e8mes, \u00e0 Xertigny, devant le centre de collecte de lait de Lactalis.<\/p>\n<p><em>\u00ab\u00a0<\/em><span class=\"x193iq5w xeuugli x13faqbe x1vvkbs x1xmvt09 x1lliihq x1s928wv xhkezso x1gmr53x x1cpjm7i x1fgarty x1943h6x xudqn12 x3x7a5m x6prxxf xvq8zen xo1l8bm xzsf02u x1yc453h\" dir=\"auto\"><em>Nous, \u00e9leveurs et \u00e9leveuses, travaillons pour nourrir et nous nourrir ! Nous ne pouvons plus accepter de satisfaire sans limite les app\u00e9tits financiers des industriels ! Nous appelons donc le plus grand nombre d&rsquo;entre nous \u00e0 nous mobiliser pour interpeller ensemble les \u00e9lus et les pouvoirs publics.\u00a0\u00bb<\/em> explique la Conf\u00e9d\u00e9ration Paysanne des Vosges. <\/span><\/p>\n","protected":false},"excerpt":{"rendered":"<p>Ce jeudi 31 octobre, la Conf\u00e9d\u00e9ration Paysanne des Vosges a d\u00e9pos\u00e9 des chrysanth\u00e8mes, \u00e0 Xertigny, devant le centre de collecte [&hellip;]<\/p>\n","protected":false},"author":52,"featured_media":58760,"comment_status":"open","ping_status":"open","sticky":false,"template":"","format":"standard","meta":{"footnotes":""},"categories":[22,5,283],"tags":[],"class_list":["post-123583","post","type-post","status-publish","format-standard","has-post-thumbnail","hentry","category-a-la-une","category-vosges","category-xertigny"],"acf":[],"yoast_head":"<!-- This site is optimized with the Yoast SEO plugin v22.5 - https:\/\/yoast.com\/wordpress\/plugins\/seo\/ -->\n<title>Xertigny - La Conf\u00e9d\u00e9ration Paysanne des Vosges se mobilise devant le centre de collecte de lait de Lactalis - Epinal Info<\/title>\n<meta name=\"robots\" content=\"index, follow, max-snippet:-1, max-image-preview:large, max-video-preview:-1\" \/>\n<link rel=\"canonical\" href=\"https:\/\/vosgesinfo.fr\/epinalinfo\/2024\/10\/xertigny-la-confederation-paysanne-des-vosges-se-mobilise-devant-le-centre-de-collecte-de-lait-de-lactalis\/\" \/>\n<meta name=\"twitter:card\" content=\"summary_large_image\" \/>\n<meta name=\"twitter:title\" content=\"Xertigny - La Conf\u00e9d\u00e9ration Paysanne des Vosges se mobilise devant le centre de collecte de lait de Lactalis - Epinal Info\" \/>\n<meta name=\"twitter:description\" content=\"Ce jeudi 31 octobre, la Conf\u00e9d\u00e9ration Paysanne des Vosges a d\u00e9pos\u00e9 des chrysanth\u00e8mes, \u00e0 Xertigny, devant le centre de collecte [&hellip;]\" \/>\n<meta name=\"twitter:image\" content=\"https:\/\/vosgesinfo.fr\/app\/uploads\/sites\/3\/2024\/08\/201510vaches-02-1600x1200-1-1.jpg\" \/>\n<meta name=\"twitter:creator\" content=\"@VosgesInfo88\" \/>\n<meta name=\"twitter:site\" content=\"@VosgesInfo88\" \/>\n<meta name=\"twitter:label1\" content=\"\u00c9crit par\" \/>\n\t<meta name=\"twitter:data1\" content=\"C.K.\" \/>\n\t<meta name=\"twitter:label2\" content=\"Dur\u00e9e de lecture estim\u00e9e\" \/>\n\t<meta name=\"twitter:data2\" content=\"2 minutes\" \/>\n<script type=\"application\/ld+json\" class=\"yoast-schema-graph\">{\"@context\":\"https:\/\/schema.org\",\"@graph\":[{\"@type\":\"Article\",\"@id\":\"https:\/\/vosgesinfo.fr\/epinalinfo\/2024\/10\/xertigny-la-confederation-paysanne-des-vosges-se-mobilise-devant-le-centre-de-collecte-de-lait-de-lactalis\/#article\",\"isPartOf\":{\"@id\":\"https:\/\/vosgesinfo.fr\/epinalinfo\/2024\/10\/xertigny-la-confederation-paysanne-des-vosges-se-mobilise-devant-le-centre-de-collecte-de-lait-de-lactalis\/\"},\"author\":{\"name\":\"C.K.\",\"@id\":\"https:\/\/vosgesinfo.fr\/epinalinfo\/#\/schema\/person\/6f9a650eeea99d969b6c4ab78fccbe81\"},\"headline\":\"Xertigny &#8211; La Conf\u00e9d\u00e9ration Paysanne des Vosges se mobilise devant le centre de collecte de lait de Lactalis\",\"datePublished\":\"2024-10-31T18:28:58+00:00\",\"dateModified\":\"2024-10-31T19:33:42+00:00\",\"mainEntityOfPage\":{\"@id\":\"https:\/\/vosgesinfo.fr\/epinalinfo\/2024\/10\/xertigny-la-confederation-paysanne-des-vosges-se-mobilise-devant-le-centre-de-collecte-de-lait-de-lactalis\/\"},\"wordCount\":185,\"commentCount\":0,\"publisher\":{\"@id\":\"https:\/\/vosgesinfo.fr\/epinalinfo\/#organization\"},\"image\":{\"@id\":\"https:\/\/vosgesinfo.fr\/epinalinfo\/2024\/10\/xertigny-la-confederation-paysanne-des-vosges-se-mobilise-devant-le-centre-de-collecte-de-lait-de-lactalis\/#primaryimage\"},\"thumbnailUrl\":\"https:\/\/vosgesinfo.fr\/app\/uploads\/sites\/3\/2024\/08\/201510vaches-02-1600x1200-1-1.jpg\",\"articleSection\":[\"A la Une\",\"Vosges\",\"Xertigny\"],\"inLanguage\":\"fr-FR\",\"potentialAction\":[{\"@type\":\"CommentAction\",\"name\":\"Comment\",\"target\":[\"https:\/\/vosgesinfo.fr\/epinalinfo\/2024\/10\/xertigny-la-confederation-paysanne-des-vosges-se-mobilise-devant-le-centre-de-collecte-de-lait-de-lactalis\/#respond\"]}]},{\"@type\":\"WebPage\",\"@id\":\"https:\/\/vosgesinfo.fr\/epinalinfo\/2024\/10\/xertigny-la-confederation-paysanne-des-vosges-se-mobilise-devant-le-centre-de-collecte-de-lait-de-lactalis\/\",\"url\":\"https:\/\/vosgesinfo.fr\/epinalinfo\/2024\/10\/xertigny-la-confederation-paysanne-des-vosges-se-mobilise-devant-le-centre-de-collecte-de-lait-de-lactalis\/\",\"name\":\"Xertigny - La Conf\u00e9d\u00e9ration Paysanne des Vosges se mobilise devant le centre de collecte de lait de Lactalis - Epinal Info\",\"isPartOf\":{\"@id\":\"https:\/\/vosgesinfo.fr\/epinalinfo\/#website\"},\"primaryImageOfPage\":{\"@id\":\"https:\/\/vosgesinfo.fr\/epinalinfo\/2024\/10\/xertigny-la-confederation-paysanne-des-vosges-se-mobilise-devant-le-centre-de-collecte-de-lait-de-lactalis\/#primaryimage\"},\"image\":{\"@id\":\"https:\/\/vosgesinfo.fr\/epinalinfo\/2024\/10\/xertigny-la-confederation-paysanne-des-vosges-se-mobilise-devant-le-centre-de-collecte-de-lait-de-lactalis\/#primaryimage\"},\"thumbnailUrl\":\"https:\/\/vosgesinfo.fr\/app\/uploads\/sites\/3\/2024\/08\/201510vaches-02-1600x1200-1-1.jpg\",\"datePublished\":\"2024-10-31T18:28:58+00:00\",\"dateModified\":\"2024-10-31T19:33:42+00:00\",\"breadcrumb\":{\"@id\":\"https:\/\/vosgesinfo.fr\/epinalinfo\/2024\/10\/xertigny-la-confederation-paysanne-des-vosges-se-mobilise-devant-le-centre-de-collecte-de-lait-de-lactalis\/#breadcrumb\"},\"inLanguage\":\"fr-FR\",\"potentialAction\":[{\"@type\":\"ReadAction\",\"target\":[\"https:\/\/vosgesinfo.fr\/epinalinfo\/2024\/10\/xertigny-la-confederation-paysanne-des-vosges-se-mobilise-devant-le-centre-de-collecte-de-lait-de-lactalis\/\"]}]},{\"@type\":\"ImageObject\",\"inLanguage\":\"fr-FR\",\"@id\":\"https:\/\/vosgesinfo.fr\/epinalinfo\/2024\/10\/xertigny-la-confederation-paysanne-des-vosges-se-mobilise-devant-le-centre-de-collecte-de-lait-de-lactalis\/#primaryimage\",\"url\":\"https:\/\/vosgesinfo.fr\/app\/uploads\/sites\/3\/2024\/08\/201510vaches-02-1600x1200-1-1.jpg\",\"contentUrl\":\"https:\/\/vosgesinfo.fr\/app\/uploads\/sites\/3\/2024\/08\/201510vaches-02-1600x1200-1-1.jpg\",\"width\":294,\"height\":333},{\"@type\":\"BreadcrumbList\",\"@id\":\"https:\/\/vosgesinfo.fr\/epinalinfo\/2024\/10\/xertigny-la-confederation-paysanne-des-vosges-se-mobilise-devant-le-centre-de-collecte-de-lait-de-lactalis\/#breadcrumb\",\"itemListElement\":[{\"@type\":\"ListItem\",\"position\":1,\"name\":\"Home\",\"item\":\"https:\/\/vosgesinfo.fr\/epinalinfo\/\"},{\"@type\":\"ListItem\",\"position\":2,\"name\":\"Xertigny &#8211; La Conf\u00e9d\u00e9ration Paysanne des Vosges se mobilise devant le centre de collecte de lait de Lactalis\"}]},{\"@type\":\"WebSite\",\"@id\":\"https:\/\/vosgesinfo.fr\/epinalinfo\/#website\",\"url\":\"https:\/\/vosgesinfo.fr\/epinalinfo\/\",\"name\":\"Epinal Info\",\"description\":\"Toute l&#039;actualit\u00e9 d&#039;\u00c9pinal\",\"publisher\":{\"@id\":\"https:\/\/vosgesinfo.fr\/epinalinfo\/#organization\"},\"alternateName\":\"Toute l'actualit\u00e9 d'\u00c9pinal\",\"potentialAction\":[{\"@type\":\"SearchAction\",\"target\":{\"@type\":\"EntryPoint\",\"urlTemplate\":\"https:\/\/vosgesinfo.fr\/epinalinfo\/?s={search_term_string}\"},\"query-input\":\"required name=search_term_string\"}],\"inLanguage\":\"fr-FR\"},{\"@type\":\"Organization\",\"@id\":\"https:\/\/vosgesinfo.fr\/epinalinfo\/#organization\",\"name\":\"Epinal Info\",\"url\":\"https:\/\/vosgesinfo.fr\/epinalinfo\/\",\"logo\":{\"@type\":\"ImageObject\",\"inLanguage\":\"fr-FR\",\"@id\":\"https:\/\/vosgesinfo.fr\/epinalinfo\/#\/schema\/logo\/image\/\",\"url\":\"https:\/\/vosgesinfo.fr\/app\/uploads\/sites\/3\/2023\/08\/logo-epinalinfos.svg\",\"contentUrl\":\"https:\/\/vosgesinfo.fr\/app\/uploads\/sites\/3\/2023\/08\/logo-epinalinfos.svg\",\"width\":1,\"height\":1,\"caption\":\"Epinal Info\"},\"image\":{\"@id\":\"https:\/\/vosgesinfo.fr\/epinalinfo\/#\/schema\/logo\/image\/\"},\"sameAs\":[\"https:\/\/www.facebook.com\/Epinalinfos\",\"https:\/\/x.com\/VosgesInfo88\",\"https:\/\/www.youtube.com\/@vosgesinfo\"]},{\"@type\":\"Person\",\"@id\":\"https:\/\/vosgesinfo.fr\/epinalinfo\/#\/schema\/person\/6f9a650eeea99d969b6c4ab78fccbe81\",\"name\":\"C.K.\",\"image\":{\"@type\":\"ImageObject\",\"inLanguage\":\"fr-FR\",\"@id\":\"https:\/\/vosgesinfo.fr\/epinalinfo\/#\/schema\/person\/image\/\",\"url\":\"https:\/\/secure.gravatar.com\/avatar\/48e3fc7f8421ba8942be6b74a2b7f014ca39bc00dece156b7a8e098ae7dc87bf?s=96&d=mm&r=g\",\"contentUrl\":\"https:\/\/secure.gravatar.com\/avatar\/48e3fc7f8421ba8942be6b74a2b7f014ca39bc00dece156b7a8e098ae7dc87bf?s=96&d=mm&r=g\",\"caption\":\"C.K.\"},\"url\":\"https:\/\/vosgesinfo.fr\/epinalinfo\/author\/celia-k-n\/\"}]}<\/script>\n<!-- \/ Yoast SEO plugin. -->","yoast_head_json":{"title":"Xertigny - La Conf\u00e9d\u00e9ration Paysanne des Vosges se mobilise devant le centre de collecte de lait de Lactalis - Epinal Info","robots":{"index":"index","follow":"follow","max-snippet":"max-snippet:-1","max-image-preview":"max-image-preview:large","max-video-preview":"max-video-preview:-1"},"canonical":"https:\/\/vosgesinfo.fr\/epinalinfo\/2024\/10\/xertigny-la-confederation-paysanne-des-vosges-se-mobilise-devant-le-centre-de-collecte-de-lait-de-lactalis\/","twitter_card":"summary_large_image","twitter_title":"Xertigny - La Conf\u00e9d\u00e9ration Paysanne des Vosges se mobilise devant le centre de collecte de lait de Lactalis - Epinal Info","twitter_description":"Ce jeudi 31 octobre, la Conf\u00e9d\u00e9ration Paysanne des Vosges a d\u00e9pos\u00e9 des chrysanth\u00e8mes, \u00e0 Xertigny, devant le centre de collecte [&hellip;]","twitter_image":"https:\/\/vosgesinfo.fr\/app\/uploads\/sites\/3\/2024\/08\/201510vaches-02-1600x1200-1-1.jpg","twitter_creator":"@VosgesInfo88","twitter_site":"@VosgesInfo88","twitter_misc":{"\u00c9crit par":"C.K.","Dur\u00e9e de lecture estim\u00e9e":"2 minutes"},"schema":{"@context":"https:\/\/schema.org","@graph":[{"@type":"Article","@id":"https:\/\/vosgesinfo.fr\/epinalinfo\/2024\/10\/xertigny-la-confederation-paysanne-des-vosges-se-mobilise-devant-le-centre-de-collecte-de-lait-de-lactalis\/#article","isPartOf":{"@id":"https:\/\/vosgesinfo.fr\/epinalinfo\/2024\/10\/xertigny-la-confederation-paysanne-des-vosges-se-mobilise-devant-le-centre-de-collecte-de-lait-de-lactalis\/"},"author":{"name":"C.K.","@id":"https:\/\/vosgesinfo.fr\/epinalinfo\/#\/schema\/person\/6f9a650eeea99d969b6c4ab78fccbe81"},"headline":"Xertigny &#8211; La Conf\u00e9d\u00e9ration Paysanne des Vosges se mobilise devant le centre de collecte de lait de Lactalis","datePublished":"2024-10-31T18:28:58+00:00","dateModified":"2024-10-31T19:33:42+00:00","mainEntityOfPage":{"@id":"https:\/\/vosgesinfo.fr\/epinalinfo\/2024\/10\/xertigny-la-confederation-paysanne-des-vosges-se-mobilise-devant-le-centre-de-collecte-de-lait-de-lactalis\/"},"wordCount":185,"commentCount":0,"publisher":{"@id":"https:\/\/vosgesinfo.fr\/epinalinfo\/#organization"},"image":{"@id":"https:\/\/vosgesinfo.fr\/epinalinfo\/2024\/10\/xertigny-la-confederation-paysanne-des-vosges-se-mobilise-devant-le-centre-de-collecte-de-lait-de-lactalis\/#primaryimage"},"thumbnailUrl":"https:\/\/vosgesinfo.fr\/app\/uploads\/sites\/3\/2024\/08\/201510vaches-02-1600x1200-1-1.jpg","articleSection":["A la Une","Vosges","Xertigny"],"inLanguage":"fr-FR","potentialAction":[{"@type":"CommentAction","name":"Comment","target":["https:\/\/vosgesinfo.fr\/epinalinfo\/2024\/10\/xertigny-la-confederation-paysanne-des-vosges-se-mobilise-devant-le-centre-de-collecte-de-lait-de-lactalis\/#respond"]}]},{"@type":"WebPage","@id":"https:\/\/vosgesinfo.fr\/epinalinfo\/2024\/10\/xertigny-la-confederation-paysanne-des-vosges-se-mobilise-devant-le-centre-de-collecte-de-lait-de-lactalis\/","url":"https:\/\/vosgesinfo.fr\/epinalinfo\/2024\/10\/xertigny-la-confederation-paysanne-des-vosges-se-mobilise-devant-le-centre-de-collecte-de-lait-de-lactalis\/","name":"Xertigny - La Conf\u00e9d\u00e9ration Paysanne des Vosges se mobilise devant le centre de collecte de lait de Lactalis - Epinal Info","isPartOf":{"@id":"https:\/\/vosgesinfo.fr\/epinalinfo\/#website"},"primaryImageOfPage":{"@id":"https:\/\/vosgesinfo.fr\/epinalinfo\/2024\/10\/xertigny-la-confederation-paysanne-des-vosges-se-mobilise-devant-le-centre-de-collecte-de-lait-de-lactalis\/#primaryimage"},"image":{"@id":"https:\/\/vosgesinfo.fr\/epinalinfo\/2024\/10\/xertigny-la-confederation-paysanne-des-vosges-se-mobilise-devant-le-centre-de-collecte-de-lait-de-lactalis\/#primaryimage"},"thumbnailUrl":"https:\/\/vosgesinfo.fr\/app\/uploads\/sites\/3\/2024\/08\/201510vaches-02-1600x1200-1-1.jpg","datePublished":"2024-10-31T18:28:58+00:00","dateModified":"2024-10-31T19:33:42+00:00","breadcrumb":{"@id":"https:\/\/vosgesinfo.fr\/epinalinfo\/2024\/10\/xertigny-la-confederation-paysanne-des-vosges-se-mobilise-devant-le-centre-de-collecte-de-lait-de-lactalis\/#breadcrumb"},"inLanguage":"fr-FR","potentialAction":[{"@type":"ReadAction","target":["https:\/\/vosgesinfo.fr\/epinalinfo\/2024\/10\/xertigny-la-confederation-paysanne-des-vosges-se-mobilise-devant-le-centre-de-collecte-de-lait-de-lactalis\/"]}]},{"@type":"ImageObject","inLanguage":"fr-FR","@id":"https:\/\/vosgesinfo.fr\/epinalinfo\/2024\/10\/xertigny-la-confederation-paysanne-des-vosges-se-mobilise-devant-le-centre-de-collecte-de-lait-de-lactalis\/#primaryimage","url":"https:\/\/vosgesinfo.fr\/app\/uploads\/sites\/3\/2024\/08\/201510vaches-02-1600x1200-1-1.jpg","contentUrl":"https:\/\/vosgesinfo.fr\/app\/uploads\/sites\/3\/2024\/08\/201510vaches-02-1600x1200-1-1.jpg","width":294,"height":333},{"@type":"BreadcrumbList","@id":"https:\/\/vosgesinfo.fr\/epinalinfo\/2024\/10\/xertigny-la-confederation-paysanne-des-vosges-se-mobilise-devant-le-centre-de-collecte-de-lait-de-lactalis\/#breadcrumb","itemListElement":[{"@type":"ListItem","position":1,"name":"Home","item":"https:\/\/vosgesinfo.fr\/epinalinfo\/"},{"@type":"ListItem","position":2,"name":"Xertigny &#8211; La Conf\u00e9d\u00e9ration Paysanne des Vosges se mobilise devant le centre de collecte de lait de Lactalis"}]},{"@type":"WebSite","@id":"https:\/\/vosgesinfo.fr\/epinalinfo\/#website","url":"https:\/\/vosgesinfo.fr\/epinalinfo\/","name":"Epinal Info","description":"Toute l&#039;actualit\u00e9 d&#039;\u00c9pinal","publisher":{"@id":"https:\/\/vosgesinfo.fr\/epinalinfo\/#organization"},"alternateName":"Toute l'actualit\u00e9 d'\u00c9pinal","potentialAction":[{"@type":"SearchAction","target":{"@type":"EntryPoint","urlTemplate":"https:\/\/vosgesinfo.fr\/epinalinfo\/?s={search_term_string}"},"query-input":"required name=search_term_string"}],"inLanguage":"fr-FR"},{"@type":"Organization","@id":"https:\/\/vosgesinfo.fr\/epinalinfo\/#organization","name":"Epinal Info","url":"https:\/\/vosgesinfo.fr\/epinalinfo\/","logo":{"@type":"ImageObject","inLanguage":"fr-FR","@id":"https:\/\/vosgesinfo.fr\/epinalinfo\/#\/schema\/logo\/image\/","url":"https:\/\/vosgesinfo.fr\/app\/uploads\/sites\/3\/2023\/08\/logo-epinalinfos.svg","contentUrl":"https:\/\/vosgesinfo.fr\/app\/uploads\/sites\/3\/2023\/08\/logo-epinalinfos.svg","width":1,"height":1,"caption":"Epinal Info"},"image":{"@id":"https:\/\/vosgesinfo.fr\/epinalinfo\/#\/schema\/logo\/image\/"},"sameAs":["https:\/\/www.facebook.com\/Epinalinfos","https:\/\/x.com\/VosgesInfo88","https:\/\/www.youtube.com\/@vosgesinfo"]},{"@type":"Person","@id":"https:\/\/vosgesinfo.fr\/epinalinfo\/#\/schema\/person\/6f9a650eeea99d969b6c4ab78fccbe81","name":"C.K.","image":{"@type":"ImageObject","inLanguage":"fr-FR","@id":"https:\/\/vosgesinfo.fr\/epinalinfo\/#\/schema\/person\/image\/","url":"https:\/\/secure.gravatar.com\/avatar\/48e3fc7f8421ba8942be6b74a2b7f014ca39bc00dece156b7a8e098ae7dc87bf?s=96&d=mm&r=g","contentUrl":"https:\/\/secure.gravatar.com\/avatar\/48e3fc7f8421ba8942be6b74a2b7f014ca39bc00dece156b7a8e098ae7dc87bf?s=96&d=mm&r=g","caption":"C.K."},"url":"https:\/\/vosgesinfo.fr\/epinalinfo\/author\/celia-k-n\/"}]}},"_links":{"self":[{"href":"https:\/\/vosgesinfo.fr\/epinalinfo\/wp-json\/wp\/v2\/posts\/123583","targetHints":{"allow":["GET"]}}],"collection":[{"href":"https:\/\/vosgesinfo.fr\/epinalinfo\/wp-json\/wp\/v2\/posts"}],"about":[{"href":"https:\/\/vosgesinfo.fr\/epinalinfo\/wp-json\/wp\/v2\/types\/post"}],"author":[{"embeddable":true,"href":"https:\/\/vosgesinfo.fr\/epinalinfo\/wp-json\/wp\/v2\/users\/52"}],"replies":[{"embeddable":true,"href":"https:\/\/vosgesinfo.fr\/epinalinfo\/wp-json\/wp\/v2\/comments?post=123583"}],"version-history":[{"count":2,"href":"https:\/\/vosgesinfo.fr\/epinalinfo\/wp-json\/wp\/v2\/posts\/123583\/revisions"}],"predecessor-version":[{"id":123586,"href":"https:\/\/vosgesinfo.fr\/epinalinfo\/wp-json\/wp\/v2\/posts\/123583\/revisions\/123586"}],"wp:featuredmedia":[{"embeddable":true,"href":"https:\/\/vosgesinfo.fr\/epinalinfo\/wp-json\/wp\/v2\/media\/58760"}],"wp:attachment":[{"href":"https:\/\/vosgesinfo.fr\/epinalinfo\/wp-json\/wp\/v2\/media?parent=123583"}],"wp:term":[{"taxonomy":"category","embeddable":true,"href":"https:\/\/vosgesinfo.fr\/epinalinfo\/wp-json\/wp\/v2\/categories?post=123583"},{"taxonomy":"post_tag","embeddable":true,"href":"https:\/\/vosgesinfo.fr\/epinalinfo\/wp-json\/wp\/v2\/tags?post=123583"}],"curies":[{"name":"wp","href":"https:\/\/api.w.org\/{rel}","templated":true}]}}