{"id":125461,"date":"2024-12-03T09:52:59","date_gmt":"2024-12-03T08:52:59","guid":{"rendered":"https:\/\/vosgesinfo.fr\/epinalinfo\/?p=125461"},"modified":"2024-12-03T09:52:59","modified_gmt":"2024-12-03T08:52:59","slug":"projet-de-loi-de-finances-2025-les-elus-de-lagglo-depinal-votent-une-motion-pour-sy-opposer","status":"publish","type":"post","link":"https:\/\/vosgesinfo.fr\/epinalinfo\/2024\/12\/projet-de-loi-de-finances-2025-les-elus-de-lagglo-depinal-votent-une-motion-pour-sy-opposer\/","title":{"rendered":"Projet de loi de finances 2025 : les \u00e9lus de l&rsquo;agglo d\u2019\u00c9pinal votent une motion pour s&rsquo;y opposer"},"content":{"rendered":"<h2><a href=\"https:\/\/vosgesinfo.fr\/app\/uploads\/sites\/3\/2024\/12\/argent1.jpg\"><img decoding=\"async\" class=\"aligncenter size-full wp-image-125467\" src=\"https:\/\/vosgesinfo.fr\/app\/uploads\/sites\/3\/2024\/12\/argent1.jpg\" alt=\"\" width=\"960\" height=\"640\" srcset=\"https:\/\/vosgesinfo.fr\/app\/uploads\/sites\/3\/2024\/12\/argent1.jpg 960w, https:\/\/vosgesinfo.fr\/app\/uploads\/sites\/3\/2024\/12\/argent1-300x200.jpg 300w, https:\/\/vosgesinfo.fr\/app\/uploads\/sites\/3\/2024\/12\/argent1-768x512.jpg 768w\" sizes=\"(max-width: 960px) 100vw, 960px\" \/><\/a>Les \u00e9lus de la communaut\u00e9 d&rsquo;agglom\u00e9ration d&rsquo;Epinal ont adopt\u00e9 lors du dernier conseil communautaire, une motion<strong>\u00a0<\/strong>pour d\u00e9noncer fermement les cons\u00e9quences du projet de loi de finances 2025.<\/h2>\n<p>Les \u00e9lus de la communaut\u00e9 d&rsquo;agglom\u00e9ration d&rsquo;Epinal ont adopt\u00e9 une motion<strong>\u00a0<\/strong>pour d\u00e9noncer les cons\u00e9quences du projet de loi de finances 2025. Ce projet, pr\u00e9voit une coupe de plus de 2,4 M d\u2019euros impos\u00e9e \u00e0 la communaut\u00e9 d&rsquo;agglom\u00e9ration d\u2019\u00c9pinal. Cette intention pourrait mettre en danger les services publics locaux ainsi que les investissements cruciaux pour l\u2019avenir des territoires. Cette ponction budg\u00e9taire est dangereuse pour l\u2019\u00e9conomie locale.<\/p>\n<p>En effet, les 450 plus grandes collectivit\u00e9s feront l\u2019objet d\u2019un pr\u00e9l\u00e8vement d\u2019un total de 3 milliards d\u2019euros. La communaut\u00e9 d\u2019agglom\u00e9ration d\u2019\u00c9pinal est concern\u00e9e.<\/p>\n<p>En France, l\u2019effort budg\u00e9taire des collectivit\u00e9s se manifeste \u00e9galement par un gel de la TVA, ce qui repr\u00e9sente 1,2 milliard d\u2019euros, une diminution du fonds de compensation pour la taxe sur la valeur ajout\u00e9e (FCTVA) et du Fonds vert pour une \u00e9conomie de 2,3 milliards d\u2019euros, ainsi que l\u2019augmentation des cotisations retraite des agents territoriaux, pour un effort d\u2019au total 9 milliards d\u2019euros.<\/p>\n<p>Les \u00e9lus demandent le retrait des coupes budg\u00e9taires brutales.<\/p>\n","protected":false},"excerpt":{"rendered":"<p>Les \u00e9lus de la communaut\u00e9 d&rsquo;agglom\u00e9ration d&rsquo;Epinal ont adopt\u00e9 lors du dernier conseil communautaire, une motion\u00a0pour d\u00e9noncer fermement les cons\u00e9quences [&hellip;]<\/p>\n","protected":false},"author":52,"featured_media":125467,"comment_status":"open","ping_status":"open","sticky":false,"template":"","format":"standard","meta":{"footnotes":""},"categories":[22,24],"tags":[15588,1872,6484,70,6984,6144,330,15338,75],"class_list":["post-125461","post","type-post","status-publish","format-standard","has-post-thumbnail","hentry","category-a-la-une","category-epinal","tag-budget-2025","tag-communaute-dagglomeration-depinal","tag-economies","tag-epinal","tag-maires","tag-maires-des-vosges","tag-politique","tag-projet-de-loi-de-finances-2025","tag-vosges"],"acf":[],"yoast_head":"<!-- This site is optimized with the Yoast SEO plugin v22.5 - https:\/\/yoast.com\/wordpress\/plugins\/seo\/ -->\n<title>Projet de loi de finances 2025 : les \u00e9lus de l&#039;agglo d\u2019\u00c9pinal votent une motion pour s&#039;y opposer - Epinal Info<\/title>\n<meta name=\"robots\" content=\"index, follow, max-snippet:-1, max-image-preview:large, max-video-preview:-1\" \/>\n<link rel=\"canonical\" href=\"https:\/\/vosgesinfo.fr\/epinalinfo\/?p=125461\" \/>\n<meta name=\"twitter:card\" content=\"summary_large_image\" \/>\n<meta name=\"twitter:title\" content=\"Projet de loi de finances 2025 : les \u00e9lus de l&#039;agglo d\u2019\u00c9pinal votent une motion pour s&#039;y opposer - Epinal Info\" \/>\n<meta name=\"twitter:description\" content=\"Les \u00e9lus de la communaut\u00e9 d&rsquo;agglom\u00e9ration d&rsquo;Epinal ont adopt\u00e9 lors du dernier conseil communautaire, une motion\u00a0pour d\u00e9noncer fermement les cons\u00e9quences [&hellip;]\" \/>\n<meta name=\"twitter:creator\" content=\"@VosgesInfo88\" \/>\n<meta name=\"twitter:site\" content=\"@VosgesInfo88\" \/>\n<meta name=\"twitter:label1\" content=\"\u00c9crit par\" \/>\n\t<meta name=\"twitter:data1\" content=\"C.K.\" \/>\n\t<meta name=\"twitter:label2\" content=\"Dur\u00e9e de lecture estim\u00e9e\" \/>\n\t<meta name=\"twitter:data2\" content=\"1 minute\" \/>\n<script type=\"application\/ld+json\" class=\"yoast-schema-graph\">{\"@context\":\"https:\/\/schema.org\",\"@graph\":[{\"@type\":\"Article\",\"@id\":\"https:\/\/vosgesinfo.fr\/epinalinfo\/?p=125461#article\",\"isPartOf\":{\"@id\":\"https:\/\/vosgesinfo.fr\/epinalinfo\/?p=125461\"},\"author\":{\"name\":\"C.K.\",\"@id\":\"https:\/\/vosgesinfo.fr\/epinalinfo\/#\/schema\/person\/6f9a650eeea99d969b6c4ab78fccbe81\"},\"headline\":\"Projet de loi de finances 2025 : les \u00e9lus de l&rsquo;agglo d\u2019\u00c9pinal votent une motion pour s&rsquo;y opposer\",\"datePublished\":\"2024-12-03T08:52:59+00:00\",\"dateModified\":\"2024-12-03T08:52:59+00:00\",\"mainEntityOfPage\":{\"@id\":\"https:\/\/vosgesinfo.fr\/epinalinfo\/?p=125461\"},\"wordCount\":240,\"commentCount\":1,\"publisher\":{\"@id\":\"https:\/\/vosgesinfo.fr\/epinalinfo\/#organization\"},\"image\":{\"@id\":\"https:\/\/vosgesinfo.fr\/epinalinfo\/?p=125461#primaryimage\"},\"thumbnailUrl\":\"https:\/\/vosgesinfo.fr\/app\/uploads\/sites\/3\/2024\/12\/argent1.jpg\",\"keywords\":[\"budget 2025\",\"Communaut\u00e9 d'agglom\u00e9ration d'Epinal\",\"\u00e9conomies\",\"Epinal\",\"maires\",\"maires des Vosges\",\"politique\",\"Projet de loi de finances 2025\",\"vosges\"],\"articleSection\":[\"A la Une\",\"Epinal\"],\"inLanguage\":\"fr-FR\",\"potentialAction\":[{\"@type\":\"CommentAction\",\"name\":\"Comment\",\"target\":[\"https:\/\/vosgesinfo.fr\/epinalinfo\/?p=125461#respond\"]}]},{\"@type\":\"WebPage\",\"@id\":\"https:\/\/vosgesinfo.fr\/epinalinfo\/?p=125461\",\"url\":\"https:\/\/vosgesinfo.fr\/epinalinfo\/?p=125461\",\"name\":\"Projet de loi de finances 2025 : les \u00e9lus de l'agglo d\u2019\u00c9pinal votent une motion pour s'y opposer - Epinal Info\",\"isPartOf\":{\"@id\":\"https:\/\/vosgesinfo.fr\/epinalinfo\/#website\"},\"primaryImageOfPage\":{\"@id\":\"https:\/\/vosgesinfo.fr\/epinalinfo\/?p=125461#primaryimage\"},\"image\":{\"@id\":\"https:\/\/vosgesinfo.fr\/epinalinfo\/?p=125461#primaryimage\"},\"thumbnailUrl\":\"https:\/\/vosgesinfo.fr\/app\/uploads\/sites\/3\/2024\/12\/argent1.jpg\",\"datePublished\":\"2024-12-03T08:52:59+00:00\",\"dateModified\":\"2024-12-03T08:52:59+00:00\",\"breadcrumb\":{\"@id\":\"https:\/\/vosgesinfo.fr\/epinalinfo\/?p=125461#breadcrumb\"},\"inLanguage\":\"fr-FR\",\"potentialAction\":[{\"@type\":\"ReadAction\",\"target\":[\"https:\/\/vosgesinfo.fr\/epinalinfo\/?p=125461\"]}]},{\"@type\":\"ImageObject\",\"inLanguage\":\"fr-FR\",\"@id\":\"https:\/\/vosgesinfo.fr\/epinalinfo\/?p=125461#primaryimage\",\"url\":\"https:\/\/vosgesinfo.fr\/app\/uploads\/sites\/3\/2024\/12\/argent1.jpg\",\"contentUrl\":\"https:\/\/vosgesinfo.fr\/app\/uploads\/sites\/3\/2024\/12\/argent1.jpg\",\"width\":960,\"height\":640},{\"@type\":\"BreadcrumbList\",\"@id\":\"https:\/\/vosgesinfo.fr\/epinalinfo\/?p=125461#breadcrumb\",\"itemListElement\":[{\"@type\":\"ListItem\",\"position\":1,\"name\":\"Home\",\"item\":\"https:\/\/vosgesinfo.fr\/epinalinfo\/\"},{\"@type\":\"ListItem\",\"position\":2,\"name\":\"Projet de loi de finances 2025 : les \u00e9lus de l&#8217;agglo d\u2019\u00c9pinal votent une motion pour s&#8217;y opposer\"}]},{\"@type\":\"WebSite\",\"@id\":\"https:\/\/vosgesinfo.fr\/epinalinfo\/#website\",\"url\":\"https:\/\/vosgesinfo.fr\/epinalinfo\/\",\"name\":\"Epinal Info\",\"description\":\"Toute l&#039;actualit\u00e9 d&#039;\u00c9pinal\",\"publisher\":{\"@id\":\"https:\/\/vosgesinfo.fr\/epinalinfo\/#organization\"},\"alternateName\":\"Toute l'actualit\u00e9 d'\u00c9pinal\",\"potentialAction\":[{\"@type\":\"SearchAction\",\"target\":{\"@type\":\"EntryPoint\",\"urlTemplate\":\"https:\/\/vosgesinfo.fr\/epinalinfo\/?s={search_term_string}\"},\"query-input\":\"required name=search_term_string\"}],\"inLanguage\":\"fr-FR\"},{\"@type\":\"Organization\",\"@id\":\"https:\/\/vosgesinfo.fr\/epinalinfo\/#organization\",\"name\":\"Epinal Info\",\"url\":\"https:\/\/vosgesinfo.fr\/epinalinfo\/\",\"logo\":{\"@type\":\"ImageObject\",\"inLanguage\":\"fr-FR\",\"@id\":\"https:\/\/vosgesinfo.fr\/epinalinfo\/#\/schema\/logo\/image\/\",\"url\":\"https:\/\/vosgesinfo.fr\/app\/uploads\/sites\/3\/2023\/08\/logo-epinalinfos.svg\",\"contentUrl\":\"https:\/\/vosgesinfo.fr\/app\/uploads\/sites\/3\/2023\/08\/logo-epinalinfos.svg\",\"width\":1,\"height\":1,\"caption\":\"Epinal Info\"},\"image\":{\"@id\":\"https:\/\/vosgesinfo.fr\/epinalinfo\/#\/schema\/logo\/image\/\"},\"sameAs\":[\"https:\/\/www.facebook.com\/Epinalinfos\",\"https:\/\/x.com\/VosgesInfo88\",\"https:\/\/www.youtube.com\/@vosgesinfo\"]},{\"@type\":\"Person\",\"@id\":\"https:\/\/vosgesinfo.fr\/epinalinfo\/#\/schema\/person\/6f9a650eeea99d969b6c4ab78fccbe81\",\"name\":\"C.K.\",\"image\":{\"@type\":\"ImageObject\",\"inLanguage\":\"fr-FR\",\"@id\":\"https:\/\/vosgesinfo.fr\/epinalinfo\/#\/schema\/person\/image\/\",\"url\":\"https:\/\/secure.gravatar.com\/avatar\/48e3fc7f8421ba8942be6b74a2b7f014ca39bc00dece156b7a8e098ae7dc87bf?s=96&d=mm&r=g\",\"contentUrl\":\"https:\/\/secure.gravatar.com\/avatar\/48e3fc7f8421ba8942be6b74a2b7f014ca39bc00dece156b7a8e098ae7dc87bf?s=96&d=mm&r=g\",\"caption\":\"C.K.\"},\"url\":\"https:\/\/vosgesinfo.fr\/epinalinfo\/author\/celia-k-n\/\"}]}<\/script>\n<!-- \/ Yoast SEO plugin. -->","yoast_head_json":{"title":"Projet de loi de finances 2025 : les \u00e9lus de l'agglo d\u2019\u00c9pinal votent une motion pour s'y opposer - Epinal Info","robots":{"index":"index","follow":"follow","max-snippet":"max-snippet:-1","max-image-preview":"max-image-preview:large","max-video-preview":"max-video-preview:-1"},"canonical":"https:\/\/vosgesinfo.fr\/epinalinfo\/?p=125461","twitter_card":"summary_large_image","twitter_title":"Projet de loi de finances 2025 : les \u00e9lus de l'agglo d\u2019\u00c9pinal votent une motion pour s'y opposer - Epinal Info","twitter_description":"Les \u00e9lus de la communaut\u00e9 d&rsquo;agglom\u00e9ration d&rsquo;Epinal ont adopt\u00e9 lors du dernier conseil communautaire, une motion\u00a0pour d\u00e9noncer fermement les cons\u00e9quences [&hellip;]","twitter_creator":"@VosgesInfo88","twitter_site":"@VosgesInfo88","twitter_misc":{"\u00c9crit par":"C.K.","Dur\u00e9e de lecture estim\u00e9e":"1 minute"},"schema":{"@context":"https:\/\/schema.org","@graph":[{"@type":"Article","@id":"https:\/\/vosgesinfo.fr\/epinalinfo\/?p=125461#article","isPartOf":{"@id":"https:\/\/vosgesinfo.fr\/epinalinfo\/?p=125461"},"author":{"name":"C.K.","@id":"https:\/\/vosgesinfo.fr\/epinalinfo\/#\/schema\/person\/6f9a650eeea99d969b6c4ab78fccbe81"},"headline":"Projet de loi de finances 2025 : les \u00e9lus de l&rsquo;agglo d\u2019\u00c9pinal votent une motion pour s&rsquo;y opposer","datePublished":"2024-12-03T08:52:59+00:00","dateModified":"2024-12-03T08:52:59+00:00","mainEntityOfPage":{"@id":"https:\/\/vosgesinfo.fr\/epinalinfo\/?p=125461"},"wordCount":240,"commentCount":1,"publisher":{"@id":"https:\/\/vosgesinfo.fr\/epinalinfo\/#organization"},"image":{"@id":"https:\/\/vosgesinfo.fr\/epinalinfo\/?p=125461#primaryimage"},"thumbnailUrl":"https:\/\/vosgesinfo.fr\/app\/uploads\/sites\/3\/2024\/12\/argent1.jpg","keywords":["budget 2025","Communaut\u00e9 d'agglom\u00e9ration d'Epinal","\u00e9conomies","Epinal","maires","maires des Vosges","politique","Projet de loi de finances 2025","vosges"],"articleSection":["A la Une","Epinal"],"inLanguage":"fr-FR","potentialAction":[{"@type":"CommentAction","name":"Comment","target":["https:\/\/vosgesinfo.fr\/epinalinfo\/?p=125461#respond"]}]},{"@type":"WebPage","@id":"https:\/\/vosgesinfo.fr\/epinalinfo\/?p=125461","url":"https:\/\/vosgesinfo.fr\/epinalinfo\/?p=125461","name":"Projet de loi de finances 2025 : les \u00e9lus de l'agglo d\u2019\u00c9pinal votent une motion pour s'y opposer - Epinal Info","isPartOf":{"@id":"https:\/\/vosgesinfo.fr\/epinalinfo\/#website"},"primaryImageOfPage":{"@id":"https:\/\/vosgesinfo.fr\/epinalinfo\/?p=125461#primaryimage"},"image":{"@id":"https:\/\/vosgesinfo.fr\/epinalinfo\/?p=125461#primaryimage"},"thumbnailUrl":"https:\/\/vosgesinfo.fr\/app\/uploads\/sites\/3\/2024\/12\/argent1.jpg","datePublished":"2024-12-03T08:52:59+00:00","dateModified":"2024-12-03T08:52:59+00:00","breadcrumb":{"@id":"https:\/\/vosgesinfo.fr\/epinalinfo\/?p=125461#breadcrumb"},"inLanguage":"fr-FR","potentialAction":[{"@type":"ReadAction","target":["https:\/\/vosgesinfo.fr\/epinalinfo\/?p=125461"]}]},{"@type":"ImageObject","inLanguage":"fr-FR","@id":"https:\/\/vosgesinfo.fr\/epinalinfo\/?p=125461#primaryimage","url":"https:\/\/vosgesinfo.fr\/app\/uploads\/sites\/3\/2024\/12\/argent1.jpg","contentUrl":"https:\/\/vosgesinfo.fr\/app\/uploads\/sites\/3\/2024\/12\/argent1.jpg","width":960,"height":640},{"@type":"BreadcrumbList","@id":"https:\/\/vosgesinfo.fr\/epinalinfo\/?p=125461#breadcrumb","itemListElement":[{"@type":"ListItem","position":1,"name":"Home","item":"https:\/\/vosgesinfo.fr\/epinalinfo\/"},{"@type":"ListItem","position":2,"name":"Projet de loi de finances 2025 : les \u00e9lus de l&#8217;agglo d\u2019\u00c9pinal votent une motion pour s&#8217;y opposer"}]},{"@type":"WebSite","@id":"https:\/\/vosgesinfo.fr\/epinalinfo\/#website","url":"https:\/\/vosgesinfo.fr\/epinalinfo\/","name":"Epinal Info","description":"Toute l&#039;actualit\u00e9 d&#039;\u00c9pinal","publisher":{"@id":"https:\/\/vosgesinfo.fr\/epinalinfo\/#organization"},"alternateName":"Toute l'actualit\u00e9 d'\u00c9pinal","potentialAction":[{"@type":"SearchAction","target":{"@type":"EntryPoint","urlTemplate":"https:\/\/vosgesinfo.fr\/epinalinfo\/?s={search_term_string}"},"query-input":"required name=search_term_string"}],"inLanguage":"fr-FR"},{"@type":"Organization","@id":"https:\/\/vosgesinfo.fr\/epinalinfo\/#organization","name":"Epinal Info","url":"https:\/\/vosgesinfo.fr\/epinalinfo\/","logo":{"@type":"ImageObject","inLanguage":"fr-FR","@id":"https:\/\/vosgesinfo.fr\/epinalinfo\/#\/schema\/logo\/image\/","url":"https:\/\/vosgesinfo.fr\/app\/uploads\/sites\/3\/2023\/08\/logo-epinalinfos.svg","contentUrl":"https:\/\/vosgesinfo.fr\/app\/uploads\/sites\/3\/2023\/08\/logo-epinalinfos.svg","width":1,"height":1,"caption":"Epinal Info"},"image":{"@id":"https:\/\/vosgesinfo.fr\/epinalinfo\/#\/schema\/logo\/image\/"},"sameAs":["https:\/\/www.facebook.com\/Epinalinfos","https:\/\/x.com\/VosgesInfo88","https:\/\/www.youtube.com\/@vosgesinfo"]},{"@type":"Person","@id":"https:\/\/vosgesinfo.fr\/epinalinfo\/#\/schema\/person\/6f9a650eeea99d969b6c4ab78fccbe81","name":"C.K.","image":{"@type":"ImageObject","inLanguage":"fr-FR","@id":"https:\/\/vosgesinfo.fr\/epinalinfo\/#\/schema\/person\/image\/","url":"https:\/\/secure.gravatar.com\/avatar\/48e3fc7f8421ba8942be6b74a2b7f014ca39bc00dece156b7a8e098ae7dc87bf?s=96&d=mm&r=g","contentUrl":"https:\/\/secure.gravatar.com\/avatar\/48e3fc7f8421ba8942be6b74a2b7f014ca39bc00dece156b7a8e098ae7dc87bf?s=96&d=mm&r=g","caption":"C.K."},"url":"https:\/\/vosgesinfo.fr\/epinalinfo\/author\/celia-k-n\/"}]}},"_links":{"self":[{"href":"https:\/\/vosgesinfo.fr\/epinalinfo\/wp-json\/wp\/v2\/posts\/125461","targetHints":{"allow":["GET"]}}],"collection":[{"href":"https:\/\/vosgesinfo.fr\/epinalinfo\/wp-json\/wp\/v2\/posts"}],"about":[{"href":"https:\/\/vosgesinfo.fr\/epinalinfo\/wp-json\/wp\/v2\/types\/post"}],"author":[{"embeddable":true,"href":"https:\/\/vosgesinfo.fr\/epinalinfo\/wp-json\/wp\/v2\/users\/52"}],"replies":[{"embeddable":true,"href":"https:\/\/vosgesinfo.fr\/epinalinfo\/wp-json\/wp\/v2\/comments?post=125461"}],"version-history":[{"count":1,"href":"https:\/\/vosgesinfo.fr\/epinalinfo\/wp-json\/wp\/v2\/posts\/125461\/revisions"}],"predecessor-version":[{"id":125468,"href":"https:\/\/vosgesinfo.fr\/epinalinfo\/wp-json\/wp\/v2\/posts\/125461\/revisions\/125468"}],"wp:featuredmedia":[{"embeddable":true,"href":"https:\/\/vosgesinfo.fr\/epinalinfo\/wp-json\/wp\/v2\/media\/125467"}],"wp:attachment":[{"href":"https:\/\/vosgesinfo.fr\/epinalinfo\/wp-json\/wp\/v2\/media?parent=125461"}],"wp:term":[{"taxonomy":"category","embeddable":true,"href":"https:\/\/vosgesinfo.fr\/epinalinfo\/wp-json\/wp\/v2\/categories?post=125461"},{"taxonomy":"post_tag","embeddable":true,"href":"https:\/\/vosgesinfo.fr\/epinalinfo\/wp-json\/wp\/v2\/tags?post=125461"}],"curies":[{"name":"wp","href":"https:\/\/api.w.org\/{rel}","templated":true}]}}