{"id":125462,"date":"2024-12-03T09:35:28","date_gmt":"2024-12-03T08:35:28","guid":{"rendered":"https:\/\/vosgesinfo.fr\/epinalinfo\/?p=125462"},"modified":"2024-12-03T11:11:49","modified_gmt":"2024-12-03T10:11:49","slug":"une-nouvelle-attraction-pour-le-parc-fraispertuis-city","status":"publish","type":"post","link":"https:\/\/vosgesinfo.fr\/epinalinfo\/2024\/12\/une-nouvelle-attraction-pour-le-parc-fraispertuis-city\/","title":{"rendered":"Une nouvelle attraction pour le parc Fraispertuis-City"},"content":{"rendered":"<h2><b data-olk-copy-source=\"MessageBody\"><a href=\"https:\/\/vosgesinfo.fr\/app\/uploads\/sites\/3\/2024\/12\/sawmill-fraispertuis-city-2025-c.jpg\"><img decoding=\"async\" class=\"aligncenter size-large wp-image-125463\" src=\"https:\/\/vosgesinfo.fr\/app\/uploads\/sites\/3\/2024\/12\/sawmill-fraispertuis-city-2025-c-1024x768.jpg\" alt=\"\" width=\"1024\" height=\"768\" srcset=\"https:\/\/vosgesinfo.fr\/app\/uploads\/sites\/3\/2024\/12\/sawmill-fraispertuis-city-2025-c-1024x768.jpg 1024w, https:\/\/vosgesinfo.fr\/app\/uploads\/sites\/3\/2024\/12\/sawmill-fraispertuis-city-2025-c-300x225.jpg 300w, https:\/\/vosgesinfo.fr\/app\/uploads\/sites\/3\/2024\/12\/sawmill-fraispertuis-city-2025-c-768x576.jpg 768w, https:\/\/vosgesinfo.fr\/app\/uploads\/sites\/3\/2024\/12\/sawmill-fraispertuis-city-2025-c-1536x1152.jpg 1536w, https:\/\/vosgesinfo.fr\/app\/uploads\/sites\/3\/2024\/12\/sawmill-fraispertuis-city-2025-c.jpg 2000w\" sizes=\"(max-width: 1024px) 100vw, 1024px\" \/><\/a>Fraispertuis-City, le parc d\u2019attractions des Vosges, vient d\u2019annoncer l\u2019arriv\u00e9e en 2025 d\u2019une toute nouvelle attraction qui va vous scier !<\/b><\/h2>\n<div><\/div>\n<div>Une exp\u00e9rience spectaculaire pour toute la famille nomm\u00e9e <b>SAWMILL<\/b>\u00a0(une scierie en fran\u00e7ais \/ un haut-fer en vosgien).<\/div>\n<div><\/div>\n<div>Au temps du Far West, les b\u00fbcherons utilisaient des outils parfois ridiculement inadapt\u00e9s face \u00e0 des arbres colossaux qu\u2019ils abattaient, mais avec courage et inventivit\u00e9, ils ont r\u00e9ussi \u00e0 se d\u00e9passer. Les origines de la scie circulaire se partagent entre r\u00e9alit\u00e9 et l\u00e9gende, mais l\u2019une des attributions r\u00e9currentes revient \u00e0 une Am\u00e9ricaine \u00e0 la fin du 18e si\u00e8cle. L\u2019outil se perfectionne pour couper des troncs toujours plus gros, notamment avec la ma\u00eetrise de la vapeur. La coupe reste limit\u00e9e au rayon de la lame jusqu\u2019aux ann\u00e9es 1870, o\u00f9 la scie circulaire est doubl\u00e9e pour des d\u00e9coupes plus larges, adapt\u00e9es aux dimensions hors normes des s\u00e9quoias.<\/div>\n<div><\/div>\n<div><b>\u00c0 Fraispertuis-City, c\u2019est une nouvelle scierie toute option qui est \u00e0 d\u00e9couvrir ; 8 lames synchronis\u00e9es, propuls\u00e9es par la puissance d\u2019une machine \u00e0 vapeur, id\u00e9ale pour venir \u00e0 bout des plus grands s\u00e9quoias !<\/b><\/div>\n<div><b>\u00a0<\/b><\/div>\n<div>L\u2019attraction de type \u201c<b>Nebulaz<\/b>\u201d est construite par l\u2019entreprise italienne <b>Zamperla <\/b>avec qui Fraispertuis-City a d\u00e9j\u00e0 collabor\u00e9 \u00e0 plusieurs reprises. Une premi\u00e8re fois en 1995 pour l\u2019embl\u00e9matique Roue Panoramique, puis en 2005 pour la Cavalerie (premi\u00e8re attraction de ce type en France) ou encore Santy Anno\u00a0en 2015 entre autres. Fraispertuis-City et Zamperla ont pour point commun <b>1966<\/b>, l\u2019ann\u00e9e de leur cr\u00e9ation.<\/div>\n<div><\/div>\n<div><b>SAWMILL <\/b>viendra compl\u00e9ter les 37 attractions actuelles et sera int\u00e9gr\u00e9 dans la <b>zone foresti\u00e8re<\/b>, \u00e0 proximit\u00e9 de Timber Drop, du Flum et de la Ronde des rondins. Avec ses imposants bras rotatifs et ses si\u00e8ges en mouvement perp\u00e9tuel, cette nouvelle installation recr\u00e9e l\u2019effervescence d\u2019une scierie \u00e0 vapeur hors norme, emportant les visiteurs dans les rouages d\u2019une machine g\u00e9ante \u00e0 plus de <b>10m\u00a0du sol<\/b>. Ce type d\u2019attraction, cr\u00e9\u00e9 en 2019 existe d\u00e9j\u00e0 dans plusieurs parcs de renom \u00e0 travers le globe, mais sera<b>\u00a0une premi\u00e8re dans le Grand Est<\/b>. Avec son mouvement rotatif complexe et hypnotique, elle s\u2019adresse aussi bien aux familles qu\u2019aux f\u00e9rus de sensations. <b>L\u2019attraction sera accessible \u00e0 partir de 1m (accompagn\u00e9) et en autonomie \u00e0 partir de 1,20m.<\/b><\/div>\n<div><\/div>\n<div><b>Une attraction-scie jolie !<\/b><\/div>\n<div>Apr\u00e8s l\u2019arriv\u00e9e des Draisines en 2022 et d\u2019El Molcajete\u00a0en 2023, Fraispertuis-City poursuit son travail th\u00e9matique en proposant une nouvelle attraction aussi amusante qu\u2019esth\u00e9tique. Cette fois encore, une attention toute particuli\u00e8re a \u00e9t\u00e9 apport\u00e9e \u00e0 la th\u00e9matique originale. Con\u00e7ue sp\u00e9cialement pour le parc, elle s\u2019inspire d\u2019\u00e9l\u00e9ments techniques et historiques de l\u2019industrie foresti\u00e8re.<\/div>\n<div>\n\n\t\t<style type=\"text\/css\">\n\t\t\t#gallery-1 {\n\t\t\t\tmargin: auto;\n\t\t\t}\n\t\t\t#gallery-1 .gallery-item {\n\t\t\t\tfloat: left;\n\t\t\t\tmargin-top: 10px;\n\t\t\t\ttext-align: center;\n\t\t\t\twidth: 33%;\n\t\t\t}\n\t\t\t#gallery-1 img {\n\t\t\t\tborder: 2px solid #cfcfcf;\n\t\t\t}\n\t\t\t#gallery-1 .gallery-caption {\n\t\t\t\tmargin-left: 0;\n\t\t\t}\n\t\t\t\/* see gallery_shortcode() in wp-includes\/media.php *\/\n\t\t<\/style>\n\t\t<div id='gallery-1' class='gallery galleryid-125462 gallery-columns-3 gallery-size-large'><dl class='gallery-item'>\n\t\t\t<dt class='gallery-icon landscape'>\n\t\t\t\t<a href='https:\/\/vosgesinfo.fr\/app\/uploads\/sites\/3\/2024\/12\/sawmill-fraispertuis-city-2025-a.jpg'><img decoding=\"async\" width=\"1024\" height=\"768\" src=\"https:\/\/vosgesinfo.fr\/app\/uploads\/sites\/3\/2024\/12\/sawmill-fraispertuis-city-2025-a-1024x768.jpg\" class=\"attachment-large size-large\" alt=\"\" srcset=\"https:\/\/vosgesinfo.fr\/app\/uploads\/sites\/3\/2024\/12\/sawmill-fraispertuis-city-2025-a-1024x768.jpg 1024w, https:\/\/vosgesinfo.fr\/app\/uploads\/sites\/3\/2024\/12\/sawmill-fraispertuis-city-2025-a-300x225.jpg 300w, https:\/\/vosgesinfo.fr\/app\/uploads\/sites\/3\/2024\/12\/sawmill-fraispertuis-city-2025-a-768x576.jpg 768w, https:\/\/vosgesinfo.fr\/app\/uploads\/sites\/3\/2024\/12\/sawmill-fraispertuis-city-2025-a-1536x1152.jpg 1536w, https:\/\/vosgesinfo.fr\/app\/uploads\/sites\/3\/2024\/12\/sawmill-fraispertuis-city-2025-a.jpg 2000w\" sizes=\"(max-width: 1024px) 100vw, 1024px\" \/><\/a>\n\t\t\t<\/dt><\/dl><dl class='gallery-item'>\n\t\t\t<dt class='gallery-icon landscape'>\n\t\t\t\t<a href='https:\/\/vosgesinfo.fr\/app\/uploads\/sites\/3\/2024\/12\/sawmill-fraispertuis-city-2025-b.jpg'><img decoding=\"async\" width=\"1024\" height=\"768\" src=\"https:\/\/vosgesinfo.fr\/app\/uploads\/sites\/3\/2024\/12\/sawmill-fraispertuis-city-2025-b-1024x768.jpg\" class=\"attachment-large size-large\" alt=\"\" srcset=\"https:\/\/vosgesinfo.fr\/app\/uploads\/sites\/3\/2024\/12\/sawmill-fraispertuis-city-2025-b-1024x768.jpg 1024w, https:\/\/vosgesinfo.fr\/app\/uploads\/sites\/3\/2024\/12\/sawmill-fraispertuis-city-2025-b-300x225.jpg 300w, https:\/\/vosgesinfo.fr\/app\/uploads\/sites\/3\/2024\/12\/sawmill-fraispertuis-city-2025-b-768x576.jpg 768w, https:\/\/vosgesinfo.fr\/app\/uploads\/sites\/3\/2024\/12\/sawmill-fraispertuis-city-2025-b-1536x1152.jpg 1536w, https:\/\/vosgesinfo.fr\/app\/uploads\/sites\/3\/2024\/12\/sawmill-fraispertuis-city-2025-b.jpg 2000w\" sizes=\"(max-width: 1024px) 100vw, 1024px\" \/><\/a>\n\t\t\t<\/dt><\/dl>\n\t\t\t<br style='clear: both' \/>\n\t\t<\/div>\n\n<\/div>\n","protected":false},"excerpt":{"rendered":"<p>Fraispertuis-City, le parc d\u2019attractions des Vosges, vient d\u2019annoncer l\u2019arriv\u00e9e en 2025 d\u2019une toute nouvelle attraction qui va vous scier ! [&hellip;]<\/p>\n","protected":false},"author":52,"featured_media":125463,"comment_status":"open","ping_status":"open","sticky":false,"template":"","format":"standard","meta":{"footnotes":""},"categories":[22,20,5],"tags":[15591,75],"class_list":["post-125462","post","type-post","status-publish","format-standard","has-post-thumbnail","hentry","category-a-la-une","category-divertissement","category-vosges","tag-parc-fraispertuis-city","tag-vosges"],"acf":[],"yoast_head":"<!-- This site is optimized with the Yoast SEO plugin v22.5 - https:\/\/yoast.com\/wordpress\/plugins\/seo\/ -->\n<title>Une nouvelle attraction pour le parc Fraispertuis-City - Epinal Info<\/title>\n<meta name=\"robots\" content=\"index, follow, max-snippet:-1, max-image-preview:large, max-video-preview:-1\" \/>\n<link rel=\"canonical\" href=\"https:\/\/vosgesinfo.fr\/epinalinfo\/2024\/12\/une-nouvelle-attraction-pour-le-parc-fraispertuis-city\/\" \/>\n<meta name=\"twitter:card\" content=\"summary_large_image\" \/>\n<meta name=\"twitter:title\" content=\"Une nouvelle attraction pour le parc Fraispertuis-City - Epinal Info\" \/>\n<meta name=\"twitter:description\" content=\"Fraispertuis-City, le parc d\u2019attractions des Vosges, vient d\u2019annoncer l\u2019arriv\u00e9e en 2025 d\u2019une toute nouvelle attraction qui va vous scier ! [&hellip;]\" \/>\n<meta name=\"twitter:image\" content=\"https:\/\/vosgesinfo.fr\/app\/uploads\/sites\/3\/2024\/12\/sawmill-fraispertuis-city-2025-c.jpg\" \/>\n<meta name=\"twitter:creator\" content=\"@VosgesInfo88\" \/>\n<meta name=\"twitter:site\" content=\"@VosgesInfo88\" \/>\n<meta name=\"twitter:label1\" content=\"\u00c9crit par\" \/>\n\t<meta name=\"twitter:data1\" content=\"C.K.\" \/>\n\t<meta name=\"twitter:label2\" content=\"Dur\u00e9e de lecture estim\u00e9e\" \/>\n\t<meta name=\"twitter:data2\" content=\"3 minutes\" \/>\n<script type=\"application\/ld+json\" class=\"yoast-schema-graph\">{\"@context\":\"https:\/\/schema.org\",\"@graph\":[{\"@type\":\"Article\",\"@id\":\"https:\/\/vosgesinfo.fr\/epinalinfo\/2024\/12\/une-nouvelle-attraction-pour-le-parc-fraispertuis-city\/#article\",\"isPartOf\":{\"@id\":\"https:\/\/vosgesinfo.fr\/epinalinfo\/2024\/12\/une-nouvelle-attraction-pour-le-parc-fraispertuis-city\/\"},\"author\":{\"name\":\"C.K.\",\"@id\":\"https:\/\/vosgesinfo.fr\/epinalinfo\/#\/schema\/person\/6f9a650eeea99d969b6c4ab78fccbe81\"},\"headline\":\"Une nouvelle attraction pour le parc Fraispertuis-City\",\"datePublished\":\"2024-12-03T08:35:28+00:00\",\"dateModified\":\"2024-12-03T10:11:49+00:00\",\"mainEntityOfPage\":{\"@id\":\"https:\/\/vosgesinfo.fr\/epinalinfo\/2024\/12\/une-nouvelle-attraction-pour-le-parc-fraispertuis-city\/\"},\"wordCount\":475,\"commentCount\":0,\"publisher\":{\"@id\":\"https:\/\/vosgesinfo.fr\/epinalinfo\/#organization\"},\"image\":{\"@id\":\"https:\/\/vosgesinfo.fr\/epinalinfo\/2024\/12\/une-nouvelle-attraction-pour-le-parc-fraispertuis-city\/#primaryimage\"},\"thumbnailUrl\":\"https:\/\/vosgesinfo.fr\/app\/uploads\/sites\/3\/2024\/12\/sawmill-fraispertuis-city-2025-c.jpg\",\"keywords\":[\"parc Fraispertuis-City\",\"vosges\"],\"articleSection\":[\"A la Une\",\"Divertissement\",\"Vosges\"],\"inLanguage\":\"fr-FR\",\"potentialAction\":[{\"@type\":\"CommentAction\",\"name\":\"Comment\",\"target\":[\"https:\/\/vosgesinfo.fr\/epinalinfo\/2024\/12\/une-nouvelle-attraction-pour-le-parc-fraispertuis-city\/#respond\"]}]},{\"@type\":\"WebPage\",\"@id\":\"https:\/\/vosgesinfo.fr\/epinalinfo\/2024\/12\/une-nouvelle-attraction-pour-le-parc-fraispertuis-city\/\",\"url\":\"https:\/\/vosgesinfo.fr\/epinalinfo\/2024\/12\/une-nouvelle-attraction-pour-le-parc-fraispertuis-city\/\",\"name\":\"Une nouvelle attraction pour le parc Fraispertuis-City - Epinal Info\",\"isPartOf\":{\"@id\":\"https:\/\/vosgesinfo.fr\/epinalinfo\/#website\"},\"primaryImageOfPage\":{\"@id\":\"https:\/\/vosgesinfo.fr\/epinalinfo\/2024\/12\/une-nouvelle-attraction-pour-le-parc-fraispertuis-city\/#primaryimage\"},\"image\":{\"@id\":\"https:\/\/vosgesinfo.fr\/epinalinfo\/2024\/12\/une-nouvelle-attraction-pour-le-parc-fraispertuis-city\/#primaryimage\"},\"thumbnailUrl\":\"https:\/\/vosgesinfo.fr\/app\/uploads\/sites\/3\/2024\/12\/sawmill-fraispertuis-city-2025-c.jpg\",\"datePublished\":\"2024-12-03T08:35:28+00:00\",\"dateModified\":\"2024-12-03T10:11:49+00:00\",\"breadcrumb\":{\"@id\":\"https:\/\/vosgesinfo.fr\/epinalinfo\/2024\/12\/une-nouvelle-attraction-pour-le-parc-fraispertuis-city\/#breadcrumb\"},\"inLanguage\":\"fr-FR\",\"potentialAction\":[{\"@type\":\"ReadAction\",\"target\":[\"https:\/\/vosgesinfo.fr\/epinalinfo\/2024\/12\/une-nouvelle-attraction-pour-le-parc-fraispertuis-city\/\"]}]},{\"@type\":\"ImageObject\",\"inLanguage\":\"fr-FR\",\"@id\":\"https:\/\/vosgesinfo.fr\/epinalinfo\/2024\/12\/une-nouvelle-attraction-pour-le-parc-fraispertuis-city\/#primaryimage\",\"url\":\"https:\/\/vosgesinfo.fr\/app\/uploads\/sites\/3\/2024\/12\/sawmill-fraispertuis-city-2025-c.jpg\",\"contentUrl\":\"https:\/\/vosgesinfo.fr\/app\/uploads\/sites\/3\/2024\/12\/sawmill-fraispertuis-city-2025-c.jpg\",\"width\":2000,\"height\":1500},{\"@type\":\"BreadcrumbList\",\"@id\":\"https:\/\/vosgesinfo.fr\/epinalinfo\/2024\/12\/une-nouvelle-attraction-pour-le-parc-fraispertuis-city\/#breadcrumb\",\"itemListElement\":[{\"@type\":\"ListItem\",\"position\":1,\"name\":\"Home\",\"item\":\"https:\/\/vosgesinfo.fr\/epinalinfo\/\"},{\"@type\":\"ListItem\",\"position\":2,\"name\":\"Une nouvelle attraction pour le parc Fraispertuis-City\"}]},{\"@type\":\"WebSite\",\"@id\":\"https:\/\/vosgesinfo.fr\/epinalinfo\/#website\",\"url\":\"https:\/\/vosgesinfo.fr\/epinalinfo\/\",\"name\":\"Epinal Info\",\"description\":\"Toute l&#039;actualit\u00e9 d&#039;\u00c9pinal\",\"publisher\":{\"@id\":\"https:\/\/vosgesinfo.fr\/epinalinfo\/#organization\"},\"alternateName\":\"Toute l'actualit\u00e9 d'\u00c9pinal\",\"potentialAction\":[{\"@type\":\"SearchAction\",\"target\":{\"@type\":\"EntryPoint\",\"urlTemplate\":\"https:\/\/vosgesinfo.fr\/epinalinfo\/?s={search_term_string}\"},\"query-input\":\"required name=search_term_string\"}],\"inLanguage\":\"fr-FR\"},{\"@type\":\"Organization\",\"@id\":\"https:\/\/vosgesinfo.fr\/epinalinfo\/#organization\",\"name\":\"Epinal Info\",\"url\":\"https:\/\/vosgesinfo.fr\/epinalinfo\/\",\"logo\":{\"@type\":\"ImageObject\",\"inLanguage\":\"fr-FR\",\"@id\":\"https:\/\/vosgesinfo.fr\/epinalinfo\/#\/schema\/logo\/image\/\",\"url\":\"https:\/\/vosgesinfo.fr\/app\/uploads\/sites\/3\/2023\/08\/logo-epinalinfos.svg\",\"contentUrl\":\"https:\/\/vosgesinfo.fr\/app\/uploads\/sites\/3\/2023\/08\/logo-epinalinfos.svg\",\"width\":1,\"height\":1,\"caption\":\"Epinal Info\"},\"image\":{\"@id\":\"https:\/\/vosgesinfo.fr\/epinalinfo\/#\/schema\/logo\/image\/\"},\"sameAs\":[\"https:\/\/www.facebook.com\/Epinalinfos\",\"https:\/\/x.com\/VosgesInfo88\",\"https:\/\/www.youtube.com\/@vosgesinfo\"]},{\"@type\":\"Person\",\"@id\":\"https:\/\/vosgesinfo.fr\/epinalinfo\/#\/schema\/person\/6f9a650eeea99d969b6c4ab78fccbe81\",\"name\":\"C.K.\",\"image\":{\"@type\":\"ImageObject\",\"inLanguage\":\"fr-FR\",\"@id\":\"https:\/\/vosgesinfo.fr\/epinalinfo\/#\/schema\/person\/image\/\",\"url\":\"https:\/\/secure.gravatar.com\/avatar\/48e3fc7f8421ba8942be6b74a2b7f014ca39bc00dece156b7a8e098ae7dc87bf?s=96&d=mm&r=g\",\"contentUrl\":\"https:\/\/secure.gravatar.com\/avatar\/48e3fc7f8421ba8942be6b74a2b7f014ca39bc00dece156b7a8e098ae7dc87bf?s=96&d=mm&r=g\",\"caption\":\"C.K.\"},\"url\":\"https:\/\/vosgesinfo.fr\/epinalinfo\/author\/celia-k-n\/\"}]}<\/script>\n<!-- \/ Yoast SEO plugin. -->","yoast_head_json":{"title":"Une nouvelle attraction pour le parc Fraispertuis-City - Epinal Info","robots":{"index":"index","follow":"follow","max-snippet":"max-snippet:-1","max-image-preview":"max-image-preview:large","max-video-preview":"max-video-preview:-1"},"canonical":"https:\/\/vosgesinfo.fr\/epinalinfo\/2024\/12\/une-nouvelle-attraction-pour-le-parc-fraispertuis-city\/","twitter_card":"summary_large_image","twitter_title":"Une nouvelle attraction pour le parc Fraispertuis-City - Epinal Info","twitter_description":"Fraispertuis-City, le parc d\u2019attractions des Vosges, vient d\u2019annoncer l\u2019arriv\u00e9e en 2025 d\u2019une toute nouvelle attraction qui va vous scier ! [&hellip;]","twitter_image":"https:\/\/vosgesinfo.fr\/app\/uploads\/sites\/3\/2024\/12\/sawmill-fraispertuis-city-2025-c.jpg","twitter_creator":"@VosgesInfo88","twitter_site":"@VosgesInfo88","twitter_misc":{"\u00c9crit par":"C.K.","Dur\u00e9e de lecture estim\u00e9e":"3 minutes"},"schema":{"@context":"https:\/\/schema.org","@graph":[{"@type":"Article","@id":"https:\/\/vosgesinfo.fr\/epinalinfo\/2024\/12\/une-nouvelle-attraction-pour-le-parc-fraispertuis-city\/#article","isPartOf":{"@id":"https:\/\/vosgesinfo.fr\/epinalinfo\/2024\/12\/une-nouvelle-attraction-pour-le-parc-fraispertuis-city\/"},"author":{"name":"C.K.","@id":"https:\/\/vosgesinfo.fr\/epinalinfo\/#\/schema\/person\/6f9a650eeea99d969b6c4ab78fccbe81"},"headline":"Une nouvelle attraction pour le parc Fraispertuis-City","datePublished":"2024-12-03T08:35:28+00:00","dateModified":"2024-12-03T10:11:49+00:00","mainEntityOfPage":{"@id":"https:\/\/vosgesinfo.fr\/epinalinfo\/2024\/12\/une-nouvelle-attraction-pour-le-parc-fraispertuis-city\/"},"wordCount":475,"commentCount":0,"publisher":{"@id":"https:\/\/vosgesinfo.fr\/epinalinfo\/#organization"},"image":{"@id":"https:\/\/vosgesinfo.fr\/epinalinfo\/2024\/12\/une-nouvelle-attraction-pour-le-parc-fraispertuis-city\/#primaryimage"},"thumbnailUrl":"https:\/\/vosgesinfo.fr\/app\/uploads\/sites\/3\/2024\/12\/sawmill-fraispertuis-city-2025-c.jpg","keywords":["parc Fraispertuis-City","vosges"],"articleSection":["A la Une","Divertissement","Vosges"],"inLanguage":"fr-FR","potentialAction":[{"@type":"CommentAction","name":"Comment","target":["https:\/\/vosgesinfo.fr\/epinalinfo\/2024\/12\/une-nouvelle-attraction-pour-le-parc-fraispertuis-city\/#respond"]}]},{"@type":"WebPage","@id":"https:\/\/vosgesinfo.fr\/epinalinfo\/2024\/12\/une-nouvelle-attraction-pour-le-parc-fraispertuis-city\/","url":"https:\/\/vosgesinfo.fr\/epinalinfo\/2024\/12\/une-nouvelle-attraction-pour-le-parc-fraispertuis-city\/","name":"Une nouvelle attraction pour le parc Fraispertuis-City - Epinal Info","isPartOf":{"@id":"https:\/\/vosgesinfo.fr\/epinalinfo\/#website"},"primaryImageOfPage":{"@id":"https:\/\/vosgesinfo.fr\/epinalinfo\/2024\/12\/une-nouvelle-attraction-pour-le-parc-fraispertuis-city\/#primaryimage"},"image":{"@id":"https:\/\/vosgesinfo.fr\/epinalinfo\/2024\/12\/une-nouvelle-attraction-pour-le-parc-fraispertuis-city\/#primaryimage"},"thumbnailUrl":"https:\/\/vosgesinfo.fr\/app\/uploads\/sites\/3\/2024\/12\/sawmill-fraispertuis-city-2025-c.jpg","datePublished":"2024-12-03T08:35:28+00:00","dateModified":"2024-12-03T10:11:49+00:00","breadcrumb":{"@id":"https:\/\/vosgesinfo.fr\/epinalinfo\/2024\/12\/une-nouvelle-attraction-pour-le-parc-fraispertuis-city\/#breadcrumb"},"inLanguage":"fr-FR","potentialAction":[{"@type":"ReadAction","target":["https:\/\/vosgesinfo.fr\/epinalinfo\/2024\/12\/une-nouvelle-attraction-pour-le-parc-fraispertuis-city\/"]}]},{"@type":"ImageObject","inLanguage":"fr-FR","@id":"https:\/\/vosgesinfo.fr\/epinalinfo\/2024\/12\/une-nouvelle-attraction-pour-le-parc-fraispertuis-city\/#primaryimage","url":"https:\/\/vosgesinfo.fr\/app\/uploads\/sites\/3\/2024\/12\/sawmill-fraispertuis-city-2025-c.jpg","contentUrl":"https:\/\/vosgesinfo.fr\/app\/uploads\/sites\/3\/2024\/12\/sawmill-fraispertuis-city-2025-c.jpg","width":2000,"height":1500},{"@type":"BreadcrumbList","@id":"https:\/\/vosgesinfo.fr\/epinalinfo\/2024\/12\/une-nouvelle-attraction-pour-le-parc-fraispertuis-city\/#breadcrumb","itemListElement":[{"@type":"ListItem","position":1,"name":"Home","item":"https:\/\/vosgesinfo.fr\/epinalinfo\/"},{"@type":"ListItem","position":2,"name":"Une nouvelle attraction pour le parc Fraispertuis-City"}]},{"@type":"WebSite","@id":"https:\/\/vosgesinfo.fr\/epinalinfo\/#website","url":"https:\/\/vosgesinfo.fr\/epinalinfo\/","name":"Epinal Info","description":"Toute l&#039;actualit\u00e9 d&#039;\u00c9pinal","publisher":{"@id":"https:\/\/vosgesinfo.fr\/epinalinfo\/#organization"},"alternateName":"Toute l'actualit\u00e9 d'\u00c9pinal","potentialAction":[{"@type":"SearchAction","target":{"@type":"EntryPoint","urlTemplate":"https:\/\/vosgesinfo.fr\/epinalinfo\/?s={search_term_string}"},"query-input":"required name=search_term_string"}],"inLanguage":"fr-FR"},{"@type":"Organization","@id":"https:\/\/vosgesinfo.fr\/epinalinfo\/#organization","name":"Epinal Info","url":"https:\/\/vosgesinfo.fr\/epinalinfo\/","logo":{"@type":"ImageObject","inLanguage":"fr-FR","@id":"https:\/\/vosgesinfo.fr\/epinalinfo\/#\/schema\/logo\/image\/","url":"https:\/\/vosgesinfo.fr\/app\/uploads\/sites\/3\/2023\/08\/logo-epinalinfos.svg","contentUrl":"https:\/\/vosgesinfo.fr\/app\/uploads\/sites\/3\/2023\/08\/logo-epinalinfos.svg","width":1,"height":1,"caption":"Epinal Info"},"image":{"@id":"https:\/\/vosgesinfo.fr\/epinalinfo\/#\/schema\/logo\/image\/"},"sameAs":["https:\/\/www.facebook.com\/Epinalinfos","https:\/\/x.com\/VosgesInfo88","https:\/\/www.youtube.com\/@vosgesinfo"]},{"@type":"Person","@id":"https:\/\/vosgesinfo.fr\/epinalinfo\/#\/schema\/person\/6f9a650eeea99d969b6c4ab78fccbe81","name":"C.K.","image":{"@type":"ImageObject","inLanguage":"fr-FR","@id":"https:\/\/vosgesinfo.fr\/epinalinfo\/#\/schema\/person\/image\/","url":"https:\/\/secure.gravatar.com\/avatar\/48e3fc7f8421ba8942be6b74a2b7f014ca39bc00dece156b7a8e098ae7dc87bf?s=96&d=mm&r=g","contentUrl":"https:\/\/secure.gravatar.com\/avatar\/48e3fc7f8421ba8942be6b74a2b7f014ca39bc00dece156b7a8e098ae7dc87bf?s=96&d=mm&r=g","caption":"C.K."},"url":"https:\/\/vosgesinfo.fr\/epinalinfo\/author\/celia-k-n\/"}]}},"_links":{"self":[{"href":"https:\/\/vosgesinfo.fr\/epinalinfo\/wp-json\/wp\/v2\/posts\/125462","targetHints":{"allow":["GET"]}}],"collection":[{"href":"https:\/\/vosgesinfo.fr\/epinalinfo\/wp-json\/wp\/v2\/posts"}],"about":[{"href":"https:\/\/vosgesinfo.fr\/epinalinfo\/wp-json\/wp\/v2\/types\/post"}],"author":[{"embeddable":true,"href":"https:\/\/vosgesinfo.fr\/epinalinfo\/wp-json\/wp\/v2\/users\/52"}],"replies":[{"embeddable":true,"href":"https:\/\/vosgesinfo.fr\/epinalinfo\/wp-json\/wp\/v2\/comments?post=125462"}],"version-history":[{"count":1,"href":"https:\/\/vosgesinfo.fr\/epinalinfo\/wp-json\/wp\/v2\/posts\/125462\/revisions"}],"predecessor-version":[{"id":125466,"href":"https:\/\/vosgesinfo.fr\/epinalinfo\/wp-json\/wp\/v2\/posts\/125462\/revisions\/125466"}],"wp:featuredmedia":[{"embeddable":true,"href":"https:\/\/vosgesinfo.fr\/epinalinfo\/wp-json\/wp\/v2\/media\/125463"}],"wp:attachment":[{"href":"https:\/\/vosgesinfo.fr\/epinalinfo\/wp-json\/wp\/v2\/media?parent=125462"}],"wp:term":[{"taxonomy":"category","embeddable":true,"href":"https:\/\/vosgesinfo.fr\/epinalinfo\/wp-json\/wp\/v2\/categories?post=125462"},{"taxonomy":"post_tag","embeddable":true,"href":"https:\/\/vosgesinfo.fr\/epinalinfo\/wp-json\/wp\/v2\/tags?post=125462"}],"curies":[{"name":"wp","href":"https:\/\/api.w.org\/{rel}","templated":true}]}}