{"id":125469,"date":"2024-12-03T09:59:43","date_gmt":"2024-12-03T08:59:43","guid":{"rendered":"https:\/\/vosgesinfo.fr\/epinalinfo\/?p=125469"},"modified":"2024-12-03T09:59:43","modified_gmt":"2024-12-03T08:59:43","slug":"fievre-catarrhale-ovine-une-aide-durgence-de-25-millions-deuros-pour-les-eleveurs-concernes","status":"publish","type":"post","link":"https:\/\/vosgesinfo.fr\/epinalinfo\/2024\/12\/fievre-catarrhale-ovine-une-aide-durgence-de-25-millions-deuros-pour-les-eleveurs-concernes\/","title":{"rendered":"Fi\u00e8vre catarrhale ovine : une aide d\u2019urgence de 25 millions d\u2019euros pour les \u00e9leveurs concern\u00e9s"},"content":{"rendered":"<h2 class=\"fr-text--lead\"><a href=\"https:\/\/vosgesinfo.fr\/app\/uploads\/sites\/3\/2024\/12\/fievre-ovine-vosges.jpg\"><img decoding=\"async\" class=\"aligncenter size-full wp-image-125470\" src=\"https:\/\/vosgesinfo.fr\/app\/uploads\/sites\/3\/2024\/12\/fievre-ovine-vosges.jpg\" alt=\"\" width=\"960\" height=\"540\" srcset=\"https:\/\/vosgesinfo.fr\/app\/uploads\/sites\/3\/2024\/12\/fievre-ovine-vosges.jpg 960w, https:\/\/vosgesinfo.fr\/app\/uploads\/sites\/3\/2024\/12\/fievre-ovine-vosges-300x169.jpg 300w, https:\/\/vosgesinfo.fr\/app\/uploads\/sites\/3\/2024\/12\/fievre-ovine-vosges-768x432.jpg 768w\" sizes=\"(max-width: 960px) 100vw, 960px\" \/><\/a>Une aide d\u2019urgence a \u00e9t\u00e9 d\u00e9bloqu\u00e9e par le gouvernement afin d\u2019indemniser les \u00e9leveurs impact\u00e9s par les cons\u00e9quences sanitaires et \u00e9conomiques de la fi\u00e8vre catarrhale ovine (FCO)<strong>. <\/strong>Ainsi, une premi\u00e8re enveloppe d\u2019un montant de 25 millions d\u2019euros est mobilis\u00e9e au sein du budget total annonc\u00e9 de 75 millions d\u2019euros. Pour en b\u00e9n\u00e9ficier, les exploitants concern\u00e9s sont invit\u00e9s \u00e0 d\u00e9poser leur dossier sur la Plateforme d\u2019Acquisition de Donn\u00e9es (PAD), jusqu\u2019au vendredi 6 d\u00e9cembre 2024 \u00e0 14h.<\/h2>\n<div class=\"fr-text--lead\"><\/div>\n<p class=\" text-justify\">Cette d\u00e9marche en ligne s\u2019effectue sur le site\u00a0<a id=\"c9e821a2ad76881b17a29dd54c37cb86\" class=\"fr-link\" href=\"https:\/\/bit.ly\/pad_dispositif_fco\" target=\"_blank\" rel=\"noopener\" data-fr-js-link-actionee=\"true\">https:\/\/bit.ly\/pad_dispositif_fco<\/a>. Elle est constitu\u00e9e d\u2019un formulaire en ligne \u00e0 compl\u00e9ter, comprenant les donn\u00e9es d\u00e9claratives, les engagements du demandeur et devra \u00eatre accompagn\u00e9e de diff\u00e9rents justificatifs. L\u2019acc\u00e8s au formulaire ne sera possible qu\u2019aux d\u00e9tenteurs d\u2019un num\u00e9ro SIRET valide (une seule demande par SIREN, avec le SIRET de l\u2019exploitation le cas \u00e9ch\u00e9ant).<\/p>\n<p class=\" text-justify\">Pour obtenir cette aide, les \u00e9leveurs concern\u00e9s doivent r\u00e9pondre \u00e0 l\u2019ensemble des crit\u00e8res suivants:<\/p>\n<ul>\n<li>\u00eatre un exploitant agricole, un groupement agricole d\u2019exploitation en commun (GAEC), une exploitation agricole \u00e0 responsabilit\u00e9 limit\u00e9e (EARL), ou une autre personne morale exer\u00e7ant une activit\u00e9 d\u2019\u00e9levage d\u2019ovins ou de bovins\u00a0;<\/li>\n<li>\u00eatre une petite ou moyenne entreprise (PME) au sens de l\u2019annexe I du r\u00e8glement (UE) 2022\/2472 de la Commission du 14 d\u00e9cembre 2022 modifi\u00e9, dont le si\u00e8ge se situe sur le territoire fran\u00e7ais\u00a0;<\/li>\n<li>\u00eatre immatricul\u00e9 au r\u00e9pertoire SIRENE de l\u2019INSEE, par un num\u00e9ro SIRET actif au moment du d\u00e9p\u00f4t de la demande d\u2019aide\u00a0;<\/li>\n<li>\u00eatre un \u00e9leveur confirm\u00e9 foyer FCO-3, c\u2019est-\u00e0-dire dont les animaux ont fait l\u2019objet d\u2019une suspicion clinique pos\u00e9e par le v\u00e9t\u00e9rinaire sanitaire de l\u2019\u00e9levage et confirm\u00e9e par un r\u00e9sultat d\u2019analyse PCR positif \u00e0 la FCO-3 entre le\u00a0<strong>5 ao\u00fbt et le 30 septembre 2024<\/strong>\u00a0;<\/li>\n<li>avoir des ovins ou des caprins ou des bovins de plus d\u2019un an morts ou euthanasi\u00e9s en raison des effets de la FCO-3 sur la p\u00e9riode du 5 ao\u00fbt au 30 septembre 2024 et enregistr\u00e9s dans le syst\u00e8me d\u2019information de l\u2019alimentation (SIAL) de la Direction g\u00e9n\u00e9rale de l\u2019alimentation du Minist\u00e8re de l\u2019Agriculture, de la Souverainet\u00e9 Alimentaire et Foresti\u00e8re\u00a0;<\/li>\n<li>avoir d\u00e9tenu des animaux sur l\u2019exploitation (\u00ab\u00a0cheptel de r\u00e9f\u00e9rence\u00a0\u00bb)<\/li>\n<li>pour les ovins\u00a0: le cheptel de r\u00e9f\u00e9rence correspond \u00e0 l\u2019effectif d\u2019ovins de plus de six mois recens\u00e9 par les \u00e9tablissements de l\u2019\u00e9levage (EDE) au 1<sup>er<\/sup>\u00a0janvier 2024, sauf pour les \u00e9leveurs r\u00e9cemment install\u00e9s<\/li>\n<\/ul>\n<ul>\n<li>pour les bovins\u00a0: le cheptel de r\u00e9f\u00e9rence correspond \u00e0 l\u2019effectif de bovins de un \u00e0 deux ans et de plus de deux ans, indiqu\u00e9 dans la base de donn\u00e9es nationale d\u2019identification (BDNI) au 1<sup>er<\/sup>\u00a0juillet 2024, sauf pour les \u00e9leveurs r\u00e9cemment install\u00e9s.<\/li>\n<\/ul>\n<p class=\" text-justify\">La liste des diff\u00e9rentes pi\u00e8ces justificatives \u00e0 joindre au formulaire est pr\u00e9cis\u00e9e dans la\u00a0<a id=\"7ce78323700d417eb142090c29f8efc5\" class=\"fr-link\" href=\"https:\/\/www.franceagrimer.fr\/content\/download\/75294\/document\/D%C3%A9cision%20INTV-GECRI-2024-91%20Avance%20FCO.pdf\" target=\"_self\" data-fr-js-link-actionee=\"true\" rel=\"noopener\">d\u00e9cision INTV-GECRI-2024-91<\/a>\u00a0 et comprend<\/p>\n<ul>\n<li>un relev\u00e9 d\u2019identit\u00e9 bancaire (RIB) du demandeur\u00a0;<\/li>\n<li>les num\u00e9ros d\u2019\u00e9levage de l\u2019exploitation (EDE du cheptel)\u00a0;<\/li>\n<li>les effectifs de r\u00e9f\u00e9rence de l\u2019exploitation au 1<sup>er<\/sup>\u00a0juillet 2024 pour les bovins et au 1<sup>er<\/sup>\u00a0janvier 2024 pour les ovins\u00a0;<\/li>\n<li>les animaux morts ou euthanasi\u00e9s pour chaque cat\u00e9gorie sur la p\u00e9riode du\u00a0<strong>5 ao\u00fbt au 30 septembre 2024<\/strong>.<\/li>\n<\/ul>\n<p class=\" text-justify\">Pour toute information compl\u00e9mentaire sur ce dispositif d\u2019aide ou sur la d\u00e9marche \u00e0 r\u00e9aliser en ligne, les exploitants vosgiens peuvent contacter le Service de l\u2019\u00c9conomie Agricole et Foresti\u00e8re (SEAF) au sein de la Direction D\u00e9partementale des Territoires (DDT) des Vosges\u00a0:<\/p>\n<ul>\n<li>par courriel\u00a0\u00e0\u00a0<a id=\"c7932148c9f46a810f0058dddba43ede\" class=\"fr-link\" href=\"mailto:ddt-seaf-pse@vosges.gouv.fr\" target=\"_blank\" rel=\"noopener\" data-fr-js-link-actionee=\"true\">ddt-seaf-pse@vosges.gouv.fr<\/a><\/li>\n<li>par t\u00e9l\u00e9phone\u00a0au 03 29 69 12 58 ou au 03 29 69 12 34 .<\/li>\n<\/ul>\n","protected":false},"excerpt":{"rendered":"<p>Une aide d\u2019urgence a \u00e9t\u00e9 d\u00e9bloqu\u00e9e par le gouvernement afin d\u2019indemniser les \u00e9leveurs impact\u00e9s par les cons\u00e9quences sanitaires et \u00e9conomiques [&hellip;]<\/p>\n","protected":false},"author":52,"featured_media":125470,"comment_status":"open","ping_status":"open","sticky":false,"template":"","format":"standard","meta":{"footnotes":""},"categories":[22,316,5],"tags":[317,4075,15589,75],"class_list":["post-125469","post","type-post","status-publish","format-standard","has-post-thumbnail","hentry","category-a-la-une","category-agriculture","category-vosges","tag-agriculture","tag-aide","tag-fievre-catarrhale-ovine","tag-vosges"],"acf":[],"yoast_head":"<!-- This site is optimized with the Yoast SEO plugin v22.5 - https:\/\/yoast.com\/wordpress\/plugins\/seo\/ -->\n<title>Fi\u00e8vre catarrhale ovine : une aide d\u2019urgence de 25 millions d\u2019euros pour les \u00e9leveurs concern\u00e9s - Epinal Info<\/title>\n<meta name=\"robots\" content=\"index, follow, max-snippet:-1, max-image-preview:large, max-video-preview:-1\" \/>\n<link rel=\"canonical\" href=\"https:\/\/vosgesinfo.fr\/epinalinfo\/?p=125469\" \/>\n<meta name=\"twitter:card\" content=\"summary_large_image\" \/>\n<meta name=\"twitter:title\" content=\"Fi\u00e8vre catarrhale ovine : une aide d\u2019urgence de 25 millions d\u2019euros pour les \u00e9leveurs concern\u00e9s - Epinal Info\" \/>\n<meta name=\"twitter:description\" content=\"Une aide d\u2019urgence a \u00e9t\u00e9 d\u00e9bloqu\u00e9e par le gouvernement afin d\u2019indemniser les \u00e9leveurs impact\u00e9s par les cons\u00e9quences sanitaires et \u00e9conomiques [&hellip;]\" \/>\n<meta name=\"twitter:image\" content=\"https:\/\/vosgesinfo.fr\/app\/uploads\/sites\/3\/2024\/12\/fievre-ovine-vosges.jpg\" \/>\n<meta name=\"twitter:creator\" content=\"@VosgesInfo88\" \/>\n<meta name=\"twitter:site\" content=\"@VosgesInfo88\" \/>\n<meta name=\"twitter:label1\" content=\"\u00c9crit par\" \/>\n\t<meta name=\"twitter:data1\" content=\"C.K.\" \/>\n\t<meta name=\"twitter:label2\" content=\"Dur\u00e9e de lecture estim\u00e9e\" \/>\n\t<meta name=\"twitter:data2\" content=\"3 minutes\" \/>\n<script type=\"application\/ld+json\" class=\"yoast-schema-graph\">{\"@context\":\"https:\/\/schema.org\",\"@graph\":[{\"@type\":\"Article\",\"@id\":\"https:\/\/vosgesinfo.fr\/epinalinfo\/?p=125469#article\",\"isPartOf\":{\"@id\":\"https:\/\/vosgesinfo.fr\/epinalinfo\/?p=125469\"},\"author\":{\"name\":\"C.K.\",\"@id\":\"https:\/\/vosgesinfo.fr\/epinalinfo\/#\/schema\/person\/6f9a650eeea99d969b6c4ab78fccbe81\"},\"headline\":\"Fi\u00e8vre catarrhale ovine : une aide d\u2019urgence de 25 millions d\u2019euros pour les \u00e9leveurs concern\u00e9s\",\"datePublished\":\"2024-12-03T08:59:43+00:00\",\"dateModified\":\"2024-12-03T08:59:43+00:00\",\"mainEntityOfPage\":{\"@id\":\"https:\/\/vosgesinfo.fr\/epinalinfo\/?p=125469\"},\"wordCount\":657,\"commentCount\":0,\"publisher\":{\"@id\":\"https:\/\/vosgesinfo.fr\/epinalinfo\/#organization\"},\"image\":{\"@id\":\"https:\/\/vosgesinfo.fr\/epinalinfo\/?p=125469#primaryimage\"},\"thumbnailUrl\":\"https:\/\/vosgesinfo.fr\/app\/uploads\/sites\/3\/2024\/12\/fievre-ovine-vosges.jpg\",\"keywords\":[\"agriculture\",\"aide\",\"Fi\u00e8vre catarrhale ovine\",\"vosges\"],\"articleSection\":[\"A la Une\",\"Agriculture\",\"Vosges\"],\"inLanguage\":\"fr-FR\",\"potentialAction\":[{\"@type\":\"CommentAction\",\"name\":\"Comment\",\"target\":[\"https:\/\/vosgesinfo.fr\/epinalinfo\/?p=125469#respond\"]}]},{\"@type\":\"WebPage\",\"@id\":\"https:\/\/vosgesinfo.fr\/epinalinfo\/?p=125469\",\"url\":\"https:\/\/vosgesinfo.fr\/epinalinfo\/?p=125469\",\"name\":\"Fi\u00e8vre catarrhale ovine : une aide d\u2019urgence de 25 millions d\u2019euros pour les \u00e9leveurs concern\u00e9s - Epinal Info\",\"isPartOf\":{\"@id\":\"https:\/\/vosgesinfo.fr\/epinalinfo\/#website\"},\"primaryImageOfPage\":{\"@id\":\"https:\/\/vosgesinfo.fr\/epinalinfo\/?p=125469#primaryimage\"},\"image\":{\"@id\":\"https:\/\/vosgesinfo.fr\/epinalinfo\/?p=125469#primaryimage\"},\"thumbnailUrl\":\"https:\/\/vosgesinfo.fr\/app\/uploads\/sites\/3\/2024\/12\/fievre-ovine-vosges.jpg\",\"datePublished\":\"2024-12-03T08:59:43+00:00\",\"dateModified\":\"2024-12-03T08:59:43+00:00\",\"breadcrumb\":{\"@id\":\"https:\/\/vosgesinfo.fr\/epinalinfo\/?p=125469#breadcrumb\"},\"inLanguage\":\"fr-FR\",\"potentialAction\":[{\"@type\":\"ReadAction\",\"target\":[\"https:\/\/vosgesinfo.fr\/epinalinfo\/?p=125469\"]}]},{\"@type\":\"ImageObject\",\"inLanguage\":\"fr-FR\",\"@id\":\"https:\/\/vosgesinfo.fr\/epinalinfo\/?p=125469#primaryimage\",\"url\":\"https:\/\/vosgesinfo.fr\/app\/uploads\/sites\/3\/2024\/12\/fievre-ovine-vosges.jpg\",\"contentUrl\":\"https:\/\/vosgesinfo.fr\/app\/uploads\/sites\/3\/2024\/12\/fievre-ovine-vosges.jpg\",\"width\":960,\"height\":540},{\"@type\":\"BreadcrumbList\",\"@id\":\"https:\/\/vosgesinfo.fr\/epinalinfo\/?p=125469#breadcrumb\",\"itemListElement\":[{\"@type\":\"ListItem\",\"position\":1,\"name\":\"Home\",\"item\":\"https:\/\/vosgesinfo.fr\/epinalinfo\/\"},{\"@type\":\"ListItem\",\"position\":2,\"name\":\"Fi\u00e8vre catarrhale ovine : une aide d\u2019urgence de 25 millions d\u2019euros pour les \u00e9leveurs\"}]},{\"@type\":\"WebSite\",\"@id\":\"https:\/\/vosgesinfo.fr\/epinalinfo\/#website\",\"url\":\"https:\/\/vosgesinfo.fr\/epinalinfo\/\",\"name\":\"Epinal Info\",\"description\":\"Toute l&#039;actualit\u00e9 d&#039;\u00c9pinal\",\"publisher\":{\"@id\":\"https:\/\/vosgesinfo.fr\/epinalinfo\/#organization\"},\"alternateName\":\"Toute l'actualit\u00e9 d'\u00c9pinal\",\"potentialAction\":[{\"@type\":\"SearchAction\",\"target\":{\"@type\":\"EntryPoint\",\"urlTemplate\":\"https:\/\/vosgesinfo.fr\/epinalinfo\/?s={search_term_string}\"},\"query-input\":\"required name=search_term_string\"}],\"inLanguage\":\"fr-FR\"},{\"@type\":\"Organization\",\"@id\":\"https:\/\/vosgesinfo.fr\/epinalinfo\/#organization\",\"name\":\"Epinal Info\",\"url\":\"https:\/\/vosgesinfo.fr\/epinalinfo\/\",\"logo\":{\"@type\":\"ImageObject\",\"inLanguage\":\"fr-FR\",\"@id\":\"https:\/\/vosgesinfo.fr\/epinalinfo\/#\/schema\/logo\/image\/\",\"url\":\"https:\/\/vosgesinfo.fr\/app\/uploads\/sites\/3\/2023\/08\/logo-epinalinfos.svg\",\"contentUrl\":\"https:\/\/vosgesinfo.fr\/app\/uploads\/sites\/3\/2023\/08\/logo-epinalinfos.svg\",\"width\":1,\"height\":1,\"caption\":\"Epinal Info\"},\"image\":{\"@id\":\"https:\/\/vosgesinfo.fr\/epinalinfo\/#\/schema\/logo\/image\/\"},\"sameAs\":[\"https:\/\/www.facebook.com\/Epinalinfos\",\"https:\/\/x.com\/VosgesInfo88\",\"https:\/\/www.youtube.com\/@vosgesinfo\"]},{\"@type\":\"Person\",\"@id\":\"https:\/\/vosgesinfo.fr\/epinalinfo\/#\/schema\/person\/6f9a650eeea99d969b6c4ab78fccbe81\",\"name\":\"C.K.\",\"image\":{\"@type\":\"ImageObject\",\"inLanguage\":\"fr-FR\",\"@id\":\"https:\/\/vosgesinfo.fr\/epinalinfo\/#\/schema\/person\/image\/\",\"url\":\"https:\/\/secure.gravatar.com\/avatar\/48e3fc7f8421ba8942be6b74a2b7f014ca39bc00dece156b7a8e098ae7dc87bf?s=96&d=mm&r=g\",\"contentUrl\":\"https:\/\/secure.gravatar.com\/avatar\/48e3fc7f8421ba8942be6b74a2b7f014ca39bc00dece156b7a8e098ae7dc87bf?s=96&d=mm&r=g\",\"caption\":\"C.K.\"},\"url\":\"https:\/\/vosgesinfo.fr\/epinalinfo\/author\/celia-k-n\/\"}]}<\/script>\n<!-- \/ Yoast SEO plugin. -->","yoast_head_json":{"title":"Fi\u00e8vre catarrhale ovine : une aide d\u2019urgence de 25 millions d\u2019euros pour les \u00e9leveurs concern\u00e9s - Epinal Info","robots":{"index":"index","follow":"follow","max-snippet":"max-snippet:-1","max-image-preview":"max-image-preview:large","max-video-preview":"max-video-preview:-1"},"canonical":"https:\/\/vosgesinfo.fr\/epinalinfo\/?p=125469","twitter_card":"summary_large_image","twitter_title":"Fi\u00e8vre catarrhale ovine : une aide d\u2019urgence de 25 millions d\u2019euros pour les \u00e9leveurs concern\u00e9s - Epinal Info","twitter_description":"Une aide d\u2019urgence a \u00e9t\u00e9 d\u00e9bloqu\u00e9e par le gouvernement afin d\u2019indemniser les \u00e9leveurs impact\u00e9s par les cons\u00e9quences sanitaires et \u00e9conomiques [&hellip;]","twitter_image":"https:\/\/vosgesinfo.fr\/app\/uploads\/sites\/3\/2024\/12\/fievre-ovine-vosges.jpg","twitter_creator":"@VosgesInfo88","twitter_site":"@VosgesInfo88","twitter_misc":{"\u00c9crit par":"C.K.","Dur\u00e9e de lecture estim\u00e9e":"3 minutes"},"schema":{"@context":"https:\/\/schema.org","@graph":[{"@type":"Article","@id":"https:\/\/vosgesinfo.fr\/epinalinfo\/?p=125469#article","isPartOf":{"@id":"https:\/\/vosgesinfo.fr\/epinalinfo\/?p=125469"},"author":{"name":"C.K.","@id":"https:\/\/vosgesinfo.fr\/epinalinfo\/#\/schema\/person\/6f9a650eeea99d969b6c4ab78fccbe81"},"headline":"Fi\u00e8vre catarrhale ovine : une aide d\u2019urgence de 25 millions d\u2019euros pour les \u00e9leveurs concern\u00e9s","datePublished":"2024-12-03T08:59:43+00:00","dateModified":"2024-12-03T08:59:43+00:00","mainEntityOfPage":{"@id":"https:\/\/vosgesinfo.fr\/epinalinfo\/?p=125469"},"wordCount":657,"commentCount":0,"publisher":{"@id":"https:\/\/vosgesinfo.fr\/epinalinfo\/#organization"},"image":{"@id":"https:\/\/vosgesinfo.fr\/epinalinfo\/?p=125469#primaryimage"},"thumbnailUrl":"https:\/\/vosgesinfo.fr\/app\/uploads\/sites\/3\/2024\/12\/fievre-ovine-vosges.jpg","keywords":["agriculture","aide","Fi\u00e8vre catarrhale ovine","vosges"],"articleSection":["A la Une","Agriculture","Vosges"],"inLanguage":"fr-FR","potentialAction":[{"@type":"CommentAction","name":"Comment","target":["https:\/\/vosgesinfo.fr\/epinalinfo\/?p=125469#respond"]}]},{"@type":"WebPage","@id":"https:\/\/vosgesinfo.fr\/epinalinfo\/?p=125469","url":"https:\/\/vosgesinfo.fr\/epinalinfo\/?p=125469","name":"Fi\u00e8vre catarrhale ovine : une aide d\u2019urgence de 25 millions d\u2019euros pour les \u00e9leveurs concern\u00e9s - Epinal Info","isPartOf":{"@id":"https:\/\/vosgesinfo.fr\/epinalinfo\/#website"},"primaryImageOfPage":{"@id":"https:\/\/vosgesinfo.fr\/epinalinfo\/?p=125469#primaryimage"},"image":{"@id":"https:\/\/vosgesinfo.fr\/epinalinfo\/?p=125469#primaryimage"},"thumbnailUrl":"https:\/\/vosgesinfo.fr\/app\/uploads\/sites\/3\/2024\/12\/fievre-ovine-vosges.jpg","datePublished":"2024-12-03T08:59:43+00:00","dateModified":"2024-12-03T08:59:43+00:00","breadcrumb":{"@id":"https:\/\/vosgesinfo.fr\/epinalinfo\/?p=125469#breadcrumb"},"inLanguage":"fr-FR","potentialAction":[{"@type":"ReadAction","target":["https:\/\/vosgesinfo.fr\/epinalinfo\/?p=125469"]}]},{"@type":"ImageObject","inLanguage":"fr-FR","@id":"https:\/\/vosgesinfo.fr\/epinalinfo\/?p=125469#primaryimage","url":"https:\/\/vosgesinfo.fr\/app\/uploads\/sites\/3\/2024\/12\/fievre-ovine-vosges.jpg","contentUrl":"https:\/\/vosgesinfo.fr\/app\/uploads\/sites\/3\/2024\/12\/fievre-ovine-vosges.jpg","width":960,"height":540},{"@type":"BreadcrumbList","@id":"https:\/\/vosgesinfo.fr\/epinalinfo\/?p=125469#breadcrumb","itemListElement":[{"@type":"ListItem","position":1,"name":"Home","item":"https:\/\/vosgesinfo.fr\/epinalinfo\/"},{"@type":"ListItem","position":2,"name":"Fi\u00e8vre catarrhale ovine : une aide d\u2019urgence de 25 millions d\u2019euros pour les \u00e9leveurs"}]},{"@type":"WebSite","@id":"https:\/\/vosgesinfo.fr\/epinalinfo\/#website","url":"https:\/\/vosgesinfo.fr\/epinalinfo\/","name":"Epinal Info","description":"Toute l&#039;actualit\u00e9 d&#039;\u00c9pinal","publisher":{"@id":"https:\/\/vosgesinfo.fr\/epinalinfo\/#organization"},"alternateName":"Toute l'actualit\u00e9 d'\u00c9pinal","potentialAction":[{"@type":"SearchAction","target":{"@type":"EntryPoint","urlTemplate":"https:\/\/vosgesinfo.fr\/epinalinfo\/?s={search_term_string}"},"query-input":"required name=search_term_string"}],"inLanguage":"fr-FR"},{"@type":"Organization","@id":"https:\/\/vosgesinfo.fr\/epinalinfo\/#organization","name":"Epinal Info","url":"https:\/\/vosgesinfo.fr\/epinalinfo\/","logo":{"@type":"ImageObject","inLanguage":"fr-FR","@id":"https:\/\/vosgesinfo.fr\/epinalinfo\/#\/schema\/logo\/image\/","url":"https:\/\/vosgesinfo.fr\/app\/uploads\/sites\/3\/2023\/08\/logo-epinalinfos.svg","contentUrl":"https:\/\/vosgesinfo.fr\/app\/uploads\/sites\/3\/2023\/08\/logo-epinalinfos.svg","width":1,"height":1,"caption":"Epinal Info"},"image":{"@id":"https:\/\/vosgesinfo.fr\/epinalinfo\/#\/schema\/logo\/image\/"},"sameAs":["https:\/\/www.facebook.com\/Epinalinfos","https:\/\/x.com\/VosgesInfo88","https:\/\/www.youtube.com\/@vosgesinfo"]},{"@type":"Person","@id":"https:\/\/vosgesinfo.fr\/epinalinfo\/#\/schema\/person\/6f9a650eeea99d969b6c4ab78fccbe81","name":"C.K.","image":{"@type":"ImageObject","inLanguage":"fr-FR","@id":"https:\/\/vosgesinfo.fr\/epinalinfo\/#\/schema\/person\/image\/","url":"https:\/\/secure.gravatar.com\/avatar\/48e3fc7f8421ba8942be6b74a2b7f014ca39bc00dece156b7a8e098ae7dc87bf?s=96&d=mm&r=g","contentUrl":"https:\/\/secure.gravatar.com\/avatar\/48e3fc7f8421ba8942be6b74a2b7f014ca39bc00dece156b7a8e098ae7dc87bf?s=96&d=mm&r=g","caption":"C.K."},"url":"https:\/\/vosgesinfo.fr\/epinalinfo\/author\/celia-k-n\/"}]}},"_links":{"self":[{"href":"https:\/\/vosgesinfo.fr\/epinalinfo\/wp-json\/wp\/v2\/posts\/125469","targetHints":{"allow":["GET"]}}],"collection":[{"href":"https:\/\/vosgesinfo.fr\/epinalinfo\/wp-json\/wp\/v2\/posts"}],"about":[{"href":"https:\/\/vosgesinfo.fr\/epinalinfo\/wp-json\/wp\/v2\/types\/post"}],"author":[{"embeddable":true,"href":"https:\/\/vosgesinfo.fr\/epinalinfo\/wp-json\/wp\/v2\/users\/52"}],"replies":[{"embeddable":true,"href":"https:\/\/vosgesinfo.fr\/epinalinfo\/wp-json\/wp\/v2\/comments?post=125469"}],"version-history":[{"count":1,"href":"https:\/\/vosgesinfo.fr\/epinalinfo\/wp-json\/wp\/v2\/posts\/125469\/revisions"}],"predecessor-version":[{"id":125471,"href":"https:\/\/vosgesinfo.fr\/epinalinfo\/wp-json\/wp\/v2\/posts\/125469\/revisions\/125471"}],"wp:featuredmedia":[{"embeddable":true,"href":"https:\/\/vosgesinfo.fr\/epinalinfo\/wp-json\/wp\/v2\/media\/125470"}],"wp:attachment":[{"href":"https:\/\/vosgesinfo.fr\/epinalinfo\/wp-json\/wp\/v2\/media?parent=125469"}],"wp:term":[{"taxonomy":"category","embeddable":true,"href":"https:\/\/vosgesinfo.fr\/epinalinfo\/wp-json\/wp\/v2\/categories?post=125469"},{"taxonomy":"post_tag","embeddable":true,"href":"https:\/\/vosgesinfo.fr\/epinalinfo\/wp-json\/wp\/v2\/tags?post=125469"}],"curies":[{"name":"wp","href":"https:\/\/api.w.org\/{rel}","templated":true}]}}