{"id":125480,"date":"2024-12-04T09:24:11","date_gmt":"2024-12-04T08:24:11","guid":{"rendered":"https:\/\/vosgesinfo.fr\/epinalinfo\/?p=125480"},"modified":"2024-12-05T09:35:58","modified_gmt":"2024-12-05T08:35:58","slug":"lancien-premier-ministre-edouard-philippe-de-passage-dans-les-vosges","status":"publish","type":"post","link":"https:\/\/vosgesinfo.fr\/epinalinfo\/2024\/12\/lancien-premier-ministre-edouard-philippe-de-passage-dans-les-vosges\/","title":{"rendered":"L&rsquo;ancien Premier ministre, \u00c9douard Philippe, de passage dans les Vosges"},"content":{"rendered":"<div class=\"xdj266r x11i5rnm xat24cr x1mh8g0r x1vvkbs x126k92a\">\n<div id=\"attachment_125495\" style=\"width: 1034px\" class=\"wp-caption aligncenter\"><a href=\"https:\/\/vosgesinfo.fr\/app\/uploads\/sites\/3\/2024\/12\/edouard-philippe-17-scaled.jpg\"><img decoding=\"async\" aria-describedby=\"caption-attachment-125495\" class=\"size-large wp-image-125495\" src=\"https:\/\/vosgesinfo.fr\/app\/uploads\/sites\/3\/2024\/12\/edouard-philippe-17-1024x683.jpg\" alt=\"\" width=\"1024\" height=\"683\" srcset=\"https:\/\/vosgesinfo.fr\/app\/uploads\/sites\/3\/2024\/12\/edouard-philippe-17-1024x683.jpg 1024w, https:\/\/vosgesinfo.fr\/app\/uploads\/sites\/3\/2024\/12\/edouard-philippe-17-300x200.jpg 300w, https:\/\/vosgesinfo.fr\/app\/uploads\/sites\/3\/2024\/12\/edouard-philippe-17-768x513.jpg 768w, https:\/\/vosgesinfo.fr\/app\/uploads\/sites\/3\/2024\/12\/edouard-philippe-17-1536x1025.jpg 1536w, https:\/\/vosgesinfo.fr\/app\/uploads\/sites\/3\/2024\/12\/edouard-philippe-17-2048x1367.jpg 2048w\" sizes=\"(max-width: 1024px) 100vw, 1024px\" \/><\/a><p id=\"caption-attachment-125495\" class=\"wp-caption-text\">PBP-PHOTOGRAPHIE<\/p><\/div>\n<h2 dir=\"auto\">L&rsquo;ancien Premier ministre, \u00c9douard Philippe, chef de file du parti \u00ab\u00a0Horizons\u00a0\u00bb, \u00e9tait dans les Vosges ce mardi. Il a visit\u00e9 l&rsquo;entreprise de v\u00e9los \u00e0 assistance \u00e9lectrique, Moustache Bikes \u00e0 Thaon-les-Vosges. Le candidat \u00e0 la pr\u00e9sidentielle est d\u00e9j\u00e0 en campagne.<\/h2>\n<p dir=\"auto\">Le leader du parti Horizons et ancien Premier ministre, \u00c9douard Philippe \u00e9tait de passage dans les Vosges ce mardi 3 d\u00e9cembre. Il est candidat \u00e0 l\u2019\u00e9lection pr\u00e9sidentielle de 2027 et \u00e9tait invit\u00e9\u00a0par le d\u00e9l\u00e9gu\u00e9 vosgien du parti \u00ab\u00a0Horizons\u00a0\u00bb, le maire de Thaon-les-Vosges, C\u00e9dric Haxaire.<\/p>\n<p dir=\"auto\">Lors de sa visite, il a pu d\u00e9couvrir l&rsquo;entreprise de v\u00e9los \u00e0 assistance \u00e9lectrique Moustache Bike, dont l&rsquo;usine est situ\u00e9e sur la zone Inova 3000.<\/p>\n<p dir=\"auto\">Puis, l&rsquo;apr\u00e8s-midi, il \u00e9tait sur la place des Vosges, \u00e0 Epinal, et a pu visiter la basilique Saint-Maurice de la cit\u00e9 des Images, avant de se rendre \u00e0 la biblioth\u00e8que m\u00e9diath\u00e8que intercommunale (BMI) d&rsquo;Epinal et enfin au mus\u00e9e de l\u2019Image.<\/p>\n<p dir=\"auto\">Alors que la censure menace le gouvernement Barnier, \u00c9douard Philippe refuse de r\u00e9pondre. \u00ab\u00a0\u00a0\u00bb<em>J&rsquo;aurai l&rsquo;occasion de m&rsquo;exprimer sur la crise politique et sur les risques qu&rsquo;elle entra\u00eene pour le pays<\/em>\u00a0\u00bb dit-il.<\/p>\n\n\t\t<style type=\"text\/css\">\n\t\t\t#gallery-1 {\n\t\t\t\tmargin: auto;\n\t\t\t}\n\t\t\t#gallery-1 .gallery-item {\n\t\t\t\tfloat: left;\n\t\t\t\tmargin-top: 10px;\n\t\t\t\ttext-align: center;\n\t\t\t\twidth: 33%;\n\t\t\t}\n\t\t\t#gallery-1 img {\n\t\t\t\tborder: 2px solid #cfcfcf;\n\t\t\t}\n\t\t\t#gallery-1 .gallery-caption {\n\t\t\t\tmargin-left: 0;\n\t\t\t}\n\t\t\t\/* see gallery_shortcode() in wp-includes\/media.php *\/\n\t\t<\/style>\n\t\t<div id='gallery-1' class='gallery galleryid-125480 gallery-columns-3 gallery-size-large'><dl class='gallery-item'>\n\t\t\t<dt class='gallery-icon landscape'>\n\t\t\t\t<a href='https:\/\/vosgesinfo.fr\/app\/uploads\/sites\/3\/2024\/12\/edouard-philippe-46-scaled.jpg'><img decoding=\"async\" width=\"1024\" height=\"684\" src=\"https:\/\/vosgesinfo.fr\/app\/uploads\/sites\/3\/2024\/12\/edouard-philippe-46-1024x684.jpg\" class=\"attachment-large size-large\" alt=\"\" aria-describedby=\"gallery-1-125496\" srcset=\"https:\/\/vosgesinfo.fr\/app\/uploads\/sites\/3\/2024\/12\/edouard-philippe-46-1024x684.jpg 1024w, https:\/\/vosgesinfo.fr\/app\/uploads\/sites\/3\/2024\/12\/edouard-philippe-46-300x200.jpg 300w, https:\/\/vosgesinfo.fr\/app\/uploads\/sites\/3\/2024\/12\/edouard-philippe-46-768x513.jpg 768w, https:\/\/vosgesinfo.fr\/app\/uploads\/sites\/3\/2024\/12\/edouard-philippe-46-1536x1025.jpg 1536w, https:\/\/vosgesinfo.fr\/app\/uploads\/sites\/3\/2024\/12\/edouard-philippe-46-2048x1367.jpg 2048w\" sizes=\"(max-width: 1024px) 100vw, 1024px\" \/><\/a>\n\t\t\t<\/dt>\n\t\t\t\t<dd class='wp-caption-text gallery-caption' id='gallery-1-125496'>\n\t\t\t\tPBP-PHOTOGRAPHIE\n\t\t\t\t<\/dd><\/dl><dl class='gallery-item'>\n\t\t\t<dt class='gallery-icon landscape'>\n\t\t\t\t<a href='https:\/\/vosgesinfo.fr\/app\/uploads\/sites\/3\/2024\/12\/edouard-philippe-06-scaled.jpg'><img decoding=\"async\" width=\"1024\" height=\"684\" src=\"https:\/\/vosgesinfo.fr\/app\/uploads\/sites\/3\/2024\/12\/edouard-philippe-06-1024x684.jpg\" class=\"attachment-large size-large\" alt=\"\" aria-describedby=\"gallery-1-125497\" srcset=\"https:\/\/vosgesinfo.fr\/app\/uploads\/sites\/3\/2024\/12\/edouard-philippe-06-1024x684.jpg 1024w, https:\/\/vosgesinfo.fr\/app\/uploads\/sites\/3\/2024\/12\/edouard-philippe-06-300x200.jpg 300w, https:\/\/vosgesinfo.fr\/app\/uploads\/sites\/3\/2024\/12\/edouard-philippe-06-768x513.jpg 768w, https:\/\/vosgesinfo.fr\/app\/uploads\/sites\/3\/2024\/12\/edouard-philippe-06-1536x1026.jpg 1536w, https:\/\/vosgesinfo.fr\/app\/uploads\/sites\/3\/2024\/12\/edouard-philippe-06-2048x1367.jpg 2048w\" sizes=\"(max-width: 1024px) 100vw, 1024px\" \/><\/a>\n\t\t\t<\/dt>\n\t\t\t\t<dd class='wp-caption-text gallery-caption' id='gallery-1-125497'>\n\t\t\t\tPBP-PHOTOGRAPHIE\n\t\t\t\t<\/dd><\/dl><dl class='gallery-item'>\n\t\t\t<dt class='gallery-icon landscape'>\n\t\t\t\t<a href='https:\/\/vosgesinfo.fr\/app\/uploads\/sites\/3\/2024\/12\/edouard-philippe-07-scaled.jpg'><img decoding=\"async\" width=\"1024\" height=\"683\" src=\"https:\/\/vosgesinfo.fr\/app\/uploads\/sites\/3\/2024\/12\/edouard-philippe-07-1024x683.jpg\" class=\"attachment-large size-large\" alt=\"\" aria-describedby=\"gallery-1-125498\" srcset=\"https:\/\/vosgesinfo.fr\/app\/uploads\/sites\/3\/2024\/12\/edouard-philippe-07-1024x683.jpg 1024w, https:\/\/vosgesinfo.fr\/app\/uploads\/sites\/3\/2024\/12\/edouard-philippe-07-300x200.jpg 300w, https:\/\/vosgesinfo.fr\/app\/uploads\/sites\/3\/2024\/12\/edouard-philippe-07-768x513.jpg 768w, https:\/\/vosgesinfo.fr\/app\/uploads\/sites\/3\/2024\/12\/edouard-philippe-07-1536x1025.jpg 1536w, https:\/\/vosgesinfo.fr\/app\/uploads\/sites\/3\/2024\/12\/edouard-philippe-07-2048x1367.jpg 2048w\" sizes=\"(max-width: 1024px) 100vw, 1024px\" \/><\/a>\n\t\t\t<\/dt>\n\t\t\t\t<dd class='wp-caption-text gallery-caption' id='gallery-1-125498'>\n\t\t\t\tPBP-PHOTOGRAPHIE\n\t\t\t\t<\/dd><\/dl><br style=\"clear: both\" \/><dl class='gallery-item'>\n\t\t\t<dt class='gallery-icon portrait'>\n\t\t\t\t<a href='https:\/\/vosgesinfo.fr\/app\/uploads\/sites\/3\/2024\/12\/edouard-philippe-11-scaled.jpg'><img decoding=\"async\" width=\"683\" height=\"1024\" src=\"https:\/\/vosgesinfo.fr\/app\/uploads\/sites\/3\/2024\/12\/edouard-philippe-11-683x1024.jpg\" class=\"attachment-large size-large\" alt=\"\" aria-describedby=\"gallery-1-125499\" srcset=\"https:\/\/vosgesinfo.fr\/app\/uploads\/sites\/3\/2024\/12\/edouard-philippe-11-683x1024.jpg 683w, https:\/\/vosgesinfo.fr\/app\/uploads\/sites\/3\/2024\/12\/edouard-philippe-11-200x300.jpg 200w, https:\/\/vosgesinfo.fr\/app\/uploads\/sites\/3\/2024\/12\/edouard-philippe-11-768x1151.jpg 768w, https:\/\/vosgesinfo.fr\/app\/uploads\/sites\/3\/2024\/12\/edouard-philippe-11-1025x1536.jpg 1025w, https:\/\/vosgesinfo.fr\/app\/uploads\/sites\/3\/2024\/12\/edouard-philippe-11-1367x2048.jpg 1367w, https:\/\/vosgesinfo.fr\/app\/uploads\/sites\/3\/2024\/12\/edouard-philippe-11-scaled.jpg 1709w\" sizes=\"(max-width: 683px) 100vw, 683px\" \/><\/a>\n\t\t\t<\/dt>\n\t\t\t\t<dd class='wp-caption-text gallery-caption' id='gallery-1-125499'>\n\t\t\t\tPBP-PHOTOGRAPHIE\n\t\t\t\t<\/dd><\/dl><dl class='gallery-item'>\n\t\t\t<dt class='gallery-icon landscape'>\n\t\t\t\t<a href='https:\/\/vosgesinfo.fr\/app\/uploads\/sites\/3\/2024\/12\/edouard-philippe-28-scaled.jpg'><img decoding=\"async\" width=\"1024\" height=\"684\" src=\"https:\/\/vosgesinfo.fr\/app\/uploads\/sites\/3\/2024\/12\/edouard-philippe-28-1024x684.jpg\" class=\"attachment-large size-large\" alt=\"\" aria-describedby=\"gallery-1-125500\" srcset=\"https:\/\/vosgesinfo.fr\/app\/uploads\/sites\/3\/2024\/12\/edouard-philippe-28-1024x684.jpg 1024w, https:\/\/vosgesinfo.fr\/app\/uploads\/sites\/3\/2024\/12\/edouard-philippe-28-300x200.jpg 300w, https:\/\/vosgesinfo.fr\/app\/uploads\/sites\/3\/2024\/12\/edouard-philippe-28-768x513.jpg 768w, https:\/\/vosgesinfo.fr\/app\/uploads\/sites\/3\/2024\/12\/edouard-philippe-28-1536x1025.jpg 1536w, https:\/\/vosgesinfo.fr\/app\/uploads\/sites\/3\/2024\/12\/edouard-philippe-28-2048x1367.jpg 2048w\" sizes=\"(max-width: 1024px) 100vw, 1024px\" \/><\/a>\n\t\t\t<\/dt>\n\t\t\t\t<dd class='wp-caption-text gallery-caption' id='gallery-1-125500'>\n\t\t\t\tPBP-PHOTOGRAPHIE\n\t\t\t\t<\/dd><\/dl><dl class='gallery-item'>\n\t\t\t<dt class='gallery-icon landscape'>\n\t\t\t\t<a href='https:\/\/vosgesinfo.fr\/app\/uploads\/sites\/3\/2024\/12\/edouard-philippe-31-scaled.jpg'><img decoding=\"async\" width=\"1024\" height=\"684\" src=\"https:\/\/vosgesinfo.fr\/app\/uploads\/sites\/3\/2024\/12\/edouard-philippe-31-1024x684.jpg\" class=\"attachment-large size-large\" alt=\"\" aria-describedby=\"gallery-1-125501\" srcset=\"https:\/\/vosgesinfo.fr\/app\/uploads\/sites\/3\/2024\/12\/edouard-philippe-31-1024x684.jpg 1024w, https:\/\/vosgesinfo.fr\/app\/uploads\/sites\/3\/2024\/12\/edouard-philippe-31-300x200.jpg 300w, https:\/\/vosgesinfo.fr\/app\/uploads\/sites\/3\/2024\/12\/edouard-philippe-31-768x513.jpg 768w, https:\/\/vosgesinfo.fr\/app\/uploads\/sites\/3\/2024\/12\/edouard-philippe-31-1536x1025.jpg 1536w, https:\/\/vosgesinfo.fr\/app\/uploads\/sites\/3\/2024\/12\/edouard-philippe-31-2048x1367.jpg 2048w\" sizes=\"(max-width: 1024px) 100vw, 1024px\" \/><\/a>\n\t\t\t<\/dt>\n\t\t\t\t<dd class='wp-caption-text gallery-caption' id='gallery-1-125501'>\n\t\t\t\tPBP-PHOTOGRAPHIE\n\t\t\t\t<\/dd><\/dl><br style=\"clear: both\" \/><dl class='gallery-item'>\n\t\t\t<dt class='gallery-icon landscape'>\n\t\t\t\t<a href='https:\/\/vosgesinfo.fr\/app\/uploads\/sites\/3\/2024\/12\/edouard-philippe-43-scaled.jpg'><img decoding=\"async\" width=\"1024\" height=\"684\" src=\"https:\/\/vosgesinfo.fr\/app\/uploads\/sites\/3\/2024\/12\/edouard-philippe-43-1024x684.jpg\" class=\"attachment-large size-large\" alt=\"\" aria-describedby=\"gallery-1-125502\" srcset=\"https:\/\/vosgesinfo.fr\/app\/uploads\/sites\/3\/2024\/12\/edouard-philippe-43-1024x684.jpg 1024w, https:\/\/vosgesinfo.fr\/app\/uploads\/sites\/3\/2024\/12\/edouard-philippe-43-300x200.jpg 300w, https:\/\/vosgesinfo.fr\/app\/uploads\/sites\/3\/2024\/12\/edouard-philippe-43-768x513.jpg 768w, https:\/\/vosgesinfo.fr\/app\/uploads\/sites\/3\/2024\/12\/edouard-philippe-43-1536x1025.jpg 1536w, https:\/\/vosgesinfo.fr\/app\/uploads\/sites\/3\/2024\/12\/edouard-philippe-43-2048x1367.jpg 2048w\" sizes=\"(max-width: 1024px) 100vw, 1024px\" \/><\/a>\n\t\t\t<\/dt>\n\t\t\t\t<dd class='wp-caption-text gallery-caption' id='gallery-1-125502'>\n\t\t\t\tPBP-PHOTOGRAPHIE\n\t\t\t\t<\/dd><\/dl>\n\t\t\t<br style='clear: both' \/>\n\t\t<\/div>\n\n<\/div>\n","protected":false},"excerpt":{"rendered":"<p>L&rsquo;ancien Premier ministre, \u00c9douard Philippe, chef de file du parti \u00ab\u00a0Horizons\u00a0\u00bb, \u00e9tait dans les Vosges ce mardi. Il a visit\u00e9 [&hellip;]<\/p>\n","protected":false},"author":52,"featured_media":125495,"comment_status":"open","ping_status":"open","sticky":false,"template":"","format":"standard","meta":{"footnotes":""},"categories":[22,24,6056,6057,6055,6155,93,5],"tags":[14629,15592,15593,1146,330,75],"class_list":["post-125480","post","type-post","status-publish","format-standard","has-post-thumbnail","hentry","category-a-la-une","category-epinal","category-gerardmer","category-la-plaine-des-vosges","category-remiremont","category-saint-die","category-thaon-les-vosges","category-vosges","tag-cedric-haxaire","tag-edouard-philippe","tag-maire-de-thaon-les-vosges","tag-moustache-bikes","tag-politique","tag-vosges"],"acf":[],"yoast_head":"<!-- This site is optimized with the Yoast SEO plugin v22.5 - https:\/\/yoast.com\/wordpress\/plugins\/seo\/ -->\n<title>L&#039;ancien Premier ministre, \u00c9douard Philippe, de passage dans les Vosges - Epinal Info<\/title>\n<meta name=\"robots\" content=\"index, follow, max-snippet:-1, max-image-preview:large, max-video-preview:-1\" \/>\n<link rel=\"canonical\" href=\"https:\/\/vosgesinfo.fr\/epinalinfo\/2024\/12\/lancien-premier-ministre-edouard-philippe-de-passage-dans-les-vosges\/\" \/>\n<meta name=\"twitter:card\" content=\"summary_large_image\" \/>\n<meta name=\"twitter:title\" content=\"L&#039;ancien Premier ministre, \u00c9douard Philippe, de passage dans les Vosges - Epinal Info\" \/>\n<meta name=\"twitter:description\" content=\"L&rsquo;ancien Premier ministre, \u00c9douard Philippe, chef de file du parti \u00ab\u00a0Horizons\u00a0\u00bb, \u00e9tait dans les Vosges ce mardi. Il a visit\u00e9 [&hellip;]\" \/>\n<meta name=\"twitter:image\" content=\"https:\/\/vosgesinfo.fr\/app\/uploads\/sites\/3\/2024\/12\/edouard-philippe-17-scaled.jpg\" \/>\n<meta name=\"twitter:creator\" content=\"@VosgesInfo88\" \/>\n<meta name=\"twitter:site\" content=\"@VosgesInfo88\" \/>\n<meta name=\"twitter:label1\" content=\"\u00c9crit par\" \/>\n\t<meta name=\"twitter:data1\" content=\"C.K.\" \/>\n\t<meta name=\"twitter:label2\" content=\"Dur\u00e9e de lecture estim\u00e9e\" \/>\n\t<meta name=\"twitter:data2\" content=\"2 minutes\" \/>\n<script type=\"application\/ld+json\" class=\"yoast-schema-graph\">{\"@context\":\"https:\/\/schema.org\",\"@graph\":[{\"@type\":\"Article\",\"@id\":\"https:\/\/vosgesinfo.fr\/epinalinfo\/2024\/12\/lancien-premier-ministre-edouard-philippe-de-passage-dans-les-vosges\/#article\",\"isPartOf\":{\"@id\":\"https:\/\/vosgesinfo.fr\/epinalinfo\/2024\/12\/lancien-premier-ministre-edouard-philippe-de-passage-dans-les-vosges\/\"},\"author\":{\"name\":\"C.K.\",\"@id\":\"https:\/\/vosgesinfo.fr\/epinalinfo\/#\/schema\/person\/6f9a650eeea99d969b6c4ab78fccbe81\"},\"headline\":\"L&rsquo;ancien Premier ministre, \u00c9douard Philippe, de passage dans les Vosges\",\"datePublished\":\"2024-12-04T08:24:11+00:00\",\"dateModified\":\"2024-12-05T08:35:58+00:00\",\"mainEntityOfPage\":{\"@id\":\"https:\/\/vosgesinfo.fr\/epinalinfo\/2024\/12\/lancien-premier-ministre-edouard-philippe-de-passage-dans-les-vosges\/\"},\"wordCount\":225,\"commentCount\":0,\"publisher\":{\"@id\":\"https:\/\/vosgesinfo.fr\/epinalinfo\/#organization\"},\"image\":{\"@id\":\"https:\/\/vosgesinfo.fr\/epinalinfo\/2024\/12\/lancien-premier-ministre-edouard-philippe-de-passage-dans-les-vosges\/#primaryimage\"},\"thumbnailUrl\":\"https:\/\/vosgesinfo.fr\/app\/uploads\/sites\/3\/2024\/12\/edouard-philippe-17-scaled.jpg\",\"keywords\":[\"C\u00e9dric Haxaire\",\"\u00c9douard Philippe\",\"maire de Thaon-les-Vosges\",\"Moustache Bikes\",\"politique\",\"vosges\"],\"articleSection\":[\"A la Une\",\"Epinal\",\"Gerardmer\",\"La plaine des vosges\",\"Remiremont\",\"Saint-di\u00e9\",\"Thaon-les-Vosges\",\"Vosges\"],\"inLanguage\":\"fr-FR\",\"potentialAction\":[{\"@type\":\"CommentAction\",\"name\":\"Comment\",\"target\":[\"https:\/\/vosgesinfo.fr\/epinalinfo\/2024\/12\/lancien-premier-ministre-edouard-philippe-de-passage-dans-les-vosges\/#respond\"]}]},{\"@type\":\"WebPage\",\"@id\":\"https:\/\/vosgesinfo.fr\/epinalinfo\/2024\/12\/lancien-premier-ministre-edouard-philippe-de-passage-dans-les-vosges\/\",\"url\":\"https:\/\/vosgesinfo.fr\/epinalinfo\/2024\/12\/lancien-premier-ministre-edouard-philippe-de-passage-dans-les-vosges\/\",\"name\":\"L'ancien Premier ministre, \u00c9douard Philippe, de passage dans les Vosges - Epinal Info\",\"isPartOf\":{\"@id\":\"https:\/\/vosgesinfo.fr\/epinalinfo\/#website\"},\"primaryImageOfPage\":{\"@id\":\"https:\/\/vosgesinfo.fr\/epinalinfo\/2024\/12\/lancien-premier-ministre-edouard-philippe-de-passage-dans-les-vosges\/#primaryimage\"},\"image\":{\"@id\":\"https:\/\/vosgesinfo.fr\/epinalinfo\/2024\/12\/lancien-premier-ministre-edouard-philippe-de-passage-dans-les-vosges\/#primaryimage\"},\"thumbnailUrl\":\"https:\/\/vosgesinfo.fr\/app\/uploads\/sites\/3\/2024\/12\/edouard-philippe-17-scaled.jpg\",\"datePublished\":\"2024-12-04T08:24:11+00:00\",\"dateModified\":\"2024-12-05T08:35:58+00:00\",\"breadcrumb\":{\"@id\":\"https:\/\/vosgesinfo.fr\/epinalinfo\/2024\/12\/lancien-premier-ministre-edouard-philippe-de-passage-dans-les-vosges\/#breadcrumb\"},\"inLanguage\":\"fr-FR\",\"potentialAction\":[{\"@type\":\"ReadAction\",\"target\":[\"https:\/\/vosgesinfo.fr\/epinalinfo\/2024\/12\/lancien-premier-ministre-edouard-philippe-de-passage-dans-les-vosges\/\"]}]},{\"@type\":\"ImageObject\",\"inLanguage\":\"fr-FR\",\"@id\":\"https:\/\/vosgesinfo.fr\/epinalinfo\/2024\/12\/lancien-premier-ministre-edouard-philippe-de-passage-dans-les-vosges\/#primaryimage\",\"url\":\"https:\/\/vosgesinfo.fr\/app\/uploads\/sites\/3\/2024\/12\/edouard-philippe-17-scaled.jpg\",\"contentUrl\":\"https:\/\/vosgesinfo.fr\/app\/uploads\/sites\/3\/2024\/12\/edouard-philippe-17-scaled.jpg\",\"width\":2560,\"height\":1709,\"caption\":\"PBP-PHOTOGRAPHIE\"},{\"@type\":\"BreadcrumbList\",\"@id\":\"https:\/\/vosgesinfo.fr\/epinalinfo\/2024\/12\/lancien-premier-ministre-edouard-philippe-de-passage-dans-les-vosges\/#breadcrumb\",\"itemListElement\":[{\"@type\":\"ListItem\",\"position\":1,\"name\":\"Home\",\"item\":\"https:\/\/vosgesinfo.fr\/epinalinfo\/\"},{\"@type\":\"ListItem\",\"position\":2,\"name\":\"L&#8217;ancien Premier ministre, \u00c9douard Philippe, de passage dans les Vosges\"}]},{\"@type\":\"WebSite\",\"@id\":\"https:\/\/vosgesinfo.fr\/epinalinfo\/#website\",\"url\":\"https:\/\/vosgesinfo.fr\/epinalinfo\/\",\"name\":\"Epinal Info\",\"description\":\"Toute l&#039;actualit\u00e9 d&#039;\u00c9pinal\",\"publisher\":{\"@id\":\"https:\/\/vosgesinfo.fr\/epinalinfo\/#organization\"},\"alternateName\":\"Toute l'actualit\u00e9 d'\u00c9pinal\",\"potentialAction\":[{\"@type\":\"SearchAction\",\"target\":{\"@type\":\"EntryPoint\",\"urlTemplate\":\"https:\/\/vosgesinfo.fr\/epinalinfo\/?s={search_term_string}\"},\"query-input\":\"required name=search_term_string\"}],\"inLanguage\":\"fr-FR\"},{\"@type\":\"Organization\",\"@id\":\"https:\/\/vosgesinfo.fr\/epinalinfo\/#organization\",\"name\":\"Epinal Info\",\"url\":\"https:\/\/vosgesinfo.fr\/epinalinfo\/\",\"logo\":{\"@type\":\"ImageObject\",\"inLanguage\":\"fr-FR\",\"@id\":\"https:\/\/vosgesinfo.fr\/epinalinfo\/#\/schema\/logo\/image\/\",\"url\":\"https:\/\/vosgesinfo.fr\/app\/uploads\/sites\/3\/2023\/08\/logo-epinalinfos.svg\",\"contentUrl\":\"https:\/\/vosgesinfo.fr\/app\/uploads\/sites\/3\/2023\/08\/logo-epinalinfos.svg\",\"width\":1,\"height\":1,\"caption\":\"Epinal Info\"},\"image\":{\"@id\":\"https:\/\/vosgesinfo.fr\/epinalinfo\/#\/schema\/logo\/image\/\"},\"sameAs\":[\"https:\/\/www.facebook.com\/Epinalinfos\",\"https:\/\/x.com\/VosgesInfo88\",\"https:\/\/www.youtube.com\/@vosgesinfo\"]},{\"@type\":\"Person\",\"@id\":\"https:\/\/vosgesinfo.fr\/epinalinfo\/#\/schema\/person\/6f9a650eeea99d969b6c4ab78fccbe81\",\"name\":\"C.K.\",\"image\":{\"@type\":\"ImageObject\",\"inLanguage\":\"fr-FR\",\"@id\":\"https:\/\/vosgesinfo.fr\/epinalinfo\/#\/schema\/person\/image\/\",\"url\":\"https:\/\/secure.gravatar.com\/avatar\/48e3fc7f8421ba8942be6b74a2b7f014ca39bc00dece156b7a8e098ae7dc87bf?s=96&d=mm&r=g\",\"contentUrl\":\"https:\/\/secure.gravatar.com\/avatar\/48e3fc7f8421ba8942be6b74a2b7f014ca39bc00dece156b7a8e098ae7dc87bf?s=96&d=mm&r=g\",\"caption\":\"C.K.\"},\"url\":\"https:\/\/vosgesinfo.fr\/epinalinfo\/author\/celia-k-n\/\"}]}<\/script>\n<!-- \/ Yoast SEO plugin. -->","yoast_head_json":{"title":"L'ancien Premier ministre, \u00c9douard Philippe, de passage dans les Vosges - Epinal Info","robots":{"index":"index","follow":"follow","max-snippet":"max-snippet:-1","max-image-preview":"max-image-preview:large","max-video-preview":"max-video-preview:-1"},"canonical":"https:\/\/vosgesinfo.fr\/epinalinfo\/2024\/12\/lancien-premier-ministre-edouard-philippe-de-passage-dans-les-vosges\/","twitter_card":"summary_large_image","twitter_title":"L'ancien Premier ministre, \u00c9douard Philippe, de passage dans les Vosges - Epinal Info","twitter_description":"L&rsquo;ancien Premier ministre, \u00c9douard Philippe, chef de file du parti \u00ab\u00a0Horizons\u00a0\u00bb, \u00e9tait dans les Vosges ce mardi. Il a visit\u00e9 [&hellip;]","twitter_image":"https:\/\/vosgesinfo.fr\/app\/uploads\/sites\/3\/2024\/12\/edouard-philippe-17-scaled.jpg","twitter_creator":"@VosgesInfo88","twitter_site":"@VosgesInfo88","twitter_misc":{"\u00c9crit par":"C.K.","Dur\u00e9e de lecture estim\u00e9e":"2 minutes"},"schema":{"@context":"https:\/\/schema.org","@graph":[{"@type":"Article","@id":"https:\/\/vosgesinfo.fr\/epinalinfo\/2024\/12\/lancien-premier-ministre-edouard-philippe-de-passage-dans-les-vosges\/#article","isPartOf":{"@id":"https:\/\/vosgesinfo.fr\/epinalinfo\/2024\/12\/lancien-premier-ministre-edouard-philippe-de-passage-dans-les-vosges\/"},"author":{"name":"C.K.","@id":"https:\/\/vosgesinfo.fr\/epinalinfo\/#\/schema\/person\/6f9a650eeea99d969b6c4ab78fccbe81"},"headline":"L&rsquo;ancien Premier ministre, \u00c9douard Philippe, de passage dans les Vosges","datePublished":"2024-12-04T08:24:11+00:00","dateModified":"2024-12-05T08:35:58+00:00","mainEntityOfPage":{"@id":"https:\/\/vosgesinfo.fr\/epinalinfo\/2024\/12\/lancien-premier-ministre-edouard-philippe-de-passage-dans-les-vosges\/"},"wordCount":225,"commentCount":0,"publisher":{"@id":"https:\/\/vosgesinfo.fr\/epinalinfo\/#organization"},"image":{"@id":"https:\/\/vosgesinfo.fr\/epinalinfo\/2024\/12\/lancien-premier-ministre-edouard-philippe-de-passage-dans-les-vosges\/#primaryimage"},"thumbnailUrl":"https:\/\/vosgesinfo.fr\/app\/uploads\/sites\/3\/2024\/12\/edouard-philippe-17-scaled.jpg","keywords":["C\u00e9dric Haxaire","\u00c9douard Philippe","maire de Thaon-les-Vosges","Moustache Bikes","politique","vosges"],"articleSection":["A la Une","Epinal","Gerardmer","La plaine des vosges","Remiremont","Saint-di\u00e9","Thaon-les-Vosges","Vosges"],"inLanguage":"fr-FR","potentialAction":[{"@type":"CommentAction","name":"Comment","target":["https:\/\/vosgesinfo.fr\/epinalinfo\/2024\/12\/lancien-premier-ministre-edouard-philippe-de-passage-dans-les-vosges\/#respond"]}]},{"@type":"WebPage","@id":"https:\/\/vosgesinfo.fr\/epinalinfo\/2024\/12\/lancien-premier-ministre-edouard-philippe-de-passage-dans-les-vosges\/","url":"https:\/\/vosgesinfo.fr\/epinalinfo\/2024\/12\/lancien-premier-ministre-edouard-philippe-de-passage-dans-les-vosges\/","name":"L'ancien Premier ministre, \u00c9douard Philippe, de passage dans les Vosges - Epinal Info","isPartOf":{"@id":"https:\/\/vosgesinfo.fr\/epinalinfo\/#website"},"primaryImageOfPage":{"@id":"https:\/\/vosgesinfo.fr\/epinalinfo\/2024\/12\/lancien-premier-ministre-edouard-philippe-de-passage-dans-les-vosges\/#primaryimage"},"image":{"@id":"https:\/\/vosgesinfo.fr\/epinalinfo\/2024\/12\/lancien-premier-ministre-edouard-philippe-de-passage-dans-les-vosges\/#primaryimage"},"thumbnailUrl":"https:\/\/vosgesinfo.fr\/app\/uploads\/sites\/3\/2024\/12\/edouard-philippe-17-scaled.jpg","datePublished":"2024-12-04T08:24:11+00:00","dateModified":"2024-12-05T08:35:58+00:00","breadcrumb":{"@id":"https:\/\/vosgesinfo.fr\/epinalinfo\/2024\/12\/lancien-premier-ministre-edouard-philippe-de-passage-dans-les-vosges\/#breadcrumb"},"inLanguage":"fr-FR","potentialAction":[{"@type":"ReadAction","target":["https:\/\/vosgesinfo.fr\/epinalinfo\/2024\/12\/lancien-premier-ministre-edouard-philippe-de-passage-dans-les-vosges\/"]}]},{"@type":"ImageObject","inLanguage":"fr-FR","@id":"https:\/\/vosgesinfo.fr\/epinalinfo\/2024\/12\/lancien-premier-ministre-edouard-philippe-de-passage-dans-les-vosges\/#primaryimage","url":"https:\/\/vosgesinfo.fr\/app\/uploads\/sites\/3\/2024\/12\/edouard-philippe-17-scaled.jpg","contentUrl":"https:\/\/vosgesinfo.fr\/app\/uploads\/sites\/3\/2024\/12\/edouard-philippe-17-scaled.jpg","width":2560,"height":1709,"caption":"PBP-PHOTOGRAPHIE"},{"@type":"BreadcrumbList","@id":"https:\/\/vosgesinfo.fr\/epinalinfo\/2024\/12\/lancien-premier-ministre-edouard-philippe-de-passage-dans-les-vosges\/#breadcrumb","itemListElement":[{"@type":"ListItem","position":1,"name":"Home","item":"https:\/\/vosgesinfo.fr\/epinalinfo\/"},{"@type":"ListItem","position":2,"name":"L&#8217;ancien Premier ministre, \u00c9douard Philippe, de passage dans les Vosges"}]},{"@type":"WebSite","@id":"https:\/\/vosgesinfo.fr\/epinalinfo\/#website","url":"https:\/\/vosgesinfo.fr\/epinalinfo\/","name":"Epinal Info","description":"Toute l&#039;actualit\u00e9 d&#039;\u00c9pinal","publisher":{"@id":"https:\/\/vosgesinfo.fr\/epinalinfo\/#organization"},"alternateName":"Toute l'actualit\u00e9 d'\u00c9pinal","potentialAction":[{"@type":"SearchAction","target":{"@type":"EntryPoint","urlTemplate":"https:\/\/vosgesinfo.fr\/epinalinfo\/?s={search_term_string}"},"query-input":"required name=search_term_string"}],"inLanguage":"fr-FR"},{"@type":"Organization","@id":"https:\/\/vosgesinfo.fr\/epinalinfo\/#organization","name":"Epinal Info","url":"https:\/\/vosgesinfo.fr\/epinalinfo\/","logo":{"@type":"ImageObject","inLanguage":"fr-FR","@id":"https:\/\/vosgesinfo.fr\/epinalinfo\/#\/schema\/logo\/image\/","url":"https:\/\/vosgesinfo.fr\/app\/uploads\/sites\/3\/2023\/08\/logo-epinalinfos.svg","contentUrl":"https:\/\/vosgesinfo.fr\/app\/uploads\/sites\/3\/2023\/08\/logo-epinalinfos.svg","width":1,"height":1,"caption":"Epinal Info"},"image":{"@id":"https:\/\/vosgesinfo.fr\/epinalinfo\/#\/schema\/logo\/image\/"},"sameAs":["https:\/\/www.facebook.com\/Epinalinfos","https:\/\/x.com\/VosgesInfo88","https:\/\/www.youtube.com\/@vosgesinfo"]},{"@type":"Person","@id":"https:\/\/vosgesinfo.fr\/epinalinfo\/#\/schema\/person\/6f9a650eeea99d969b6c4ab78fccbe81","name":"C.K.","image":{"@type":"ImageObject","inLanguage":"fr-FR","@id":"https:\/\/vosgesinfo.fr\/epinalinfo\/#\/schema\/person\/image\/","url":"https:\/\/secure.gravatar.com\/avatar\/48e3fc7f8421ba8942be6b74a2b7f014ca39bc00dece156b7a8e098ae7dc87bf?s=96&d=mm&r=g","contentUrl":"https:\/\/secure.gravatar.com\/avatar\/48e3fc7f8421ba8942be6b74a2b7f014ca39bc00dece156b7a8e098ae7dc87bf?s=96&d=mm&r=g","caption":"C.K."},"url":"https:\/\/vosgesinfo.fr\/epinalinfo\/author\/celia-k-n\/"}]}},"_links":{"self":[{"href":"https:\/\/vosgesinfo.fr\/epinalinfo\/wp-json\/wp\/v2\/posts\/125480","targetHints":{"allow":["GET"]}}],"collection":[{"href":"https:\/\/vosgesinfo.fr\/epinalinfo\/wp-json\/wp\/v2\/posts"}],"about":[{"href":"https:\/\/vosgesinfo.fr\/epinalinfo\/wp-json\/wp\/v2\/types\/post"}],"author":[{"embeddable":true,"href":"https:\/\/vosgesinfo.fr\/epinalinfo\/wp-json\/wp\/v2\/users\/52"}],"replies":[{"embeddable":true,"href":"https:\/\/vosgesinfo.fr\/epinalinfo\/wp-json\/wp\/v2\/comments?post=125480"}],"version-history":[{"count":5,"href":"https:\/\/vosgesinfo.fr\/epinalinfo\/wp-json\/wp\/v2\/posts\/125480\/revisions"}],"predecessor-version":[{"id":125556,"href":"https:\/\/vosgesinfo.fr\/epinalinfo\/wp-json\/wp\/v2\/posts\/125480\/revisions\/125556"}],"wp:featuredmedia":[{"embeddable":true,"href":"https:\/\/vosgesinfo.fr\/epinalinfo\/wp-json\/wp\/v2\/media\/125495"}],"wp:attachment":[{"href":"https:\/\/vosgesinfo.fr\/epinalinfo\/wp-json\/wp\/v2\/media?parent=125480"}],"wp:term":[{"taxonomy":"category","embeddable":true,"href":"https:\/\/vosgesinfo.fr\/epinalinfo\/wp-json\/wp\/v2\/categories?post=125480"},{"taxonomy":"post_tag","embeddable":true,"href":"https:\/\/vosgesinfo.fr\/epinalinfo\/wp-json\/wp\/v2\/tags?post=125480"}],"curies":[{"name":"wp","href":"https:\/\/api.w.org\/{rel}","templated":true}]}}