{"id":125509,"date":"2024-12-04T10:25:59","date_gmt":"2024-12-04T09:25:59","guid":{"rendered":"https:\/\/vosgesinfo.fr\/epinalinfo\/?p=125509"},"modified":"2024-12-04T12:41:40","modified_gmt":"2024-12-04T11:41:40","slug":"myriam-laurent-lance-un-album-en-auto-edition-victoire-et-le-cerf-volant","status":"publish","type":"post","link":"https:\/\/vosgesinfo.fr\/epinalinfo\/2024\/12\/myriam-laurent-lance-un-album-en-auto-edition-victoire-et-le-cerf-volant\/","title":{"rendered":"Myriam Laurent et Sergio lancent un album en auto-\u00e9dition: \u00ab\u00a0Victoire et le cerf-volant\u00a0\u00bb"},"content":{"rendered":"<h2><a href=\"https:\/\/vosgesinfo.fr\/app\/uploads\/sites\/3\/2024\/12\/reussite.ybs1hp8a6o.jpeg\"><img decoding=\"async\" class=\"aligncenter size-full wp-image-125510\" src=\"https:\/\/vosgesinfo.fr\/app\/uploads\/sites\/3\/2024\/12\/reussite.ybs1hp8a6o.jpeg\" alt=\"\" width=\"640\" height=\"360\" srcset=\"https:\/\/vosgesinfo.fr\/app\/uploads\/sites\/3\/2024\/12\/reussite.ybs1hp8a6o.jpeg 640w, https:\/\/vosgesinfo.fr\/app\/uploads\/sites\/3\/2024\/12\/reussite.ybs1hp8a6o-300x169.jpeg 300w\" sizes=\"(max-width: 640px) 100vw, 640px\" \/><\/a>Myriam Laurent lance un album en auto-\u00e9dition: \u00ab\u00a0Victoire et le cerf-volant\u00a0\u00bb. Les b\u00e9n\u00e9fices seront vers\u00e9s \u00e0 l&rsquo;association La Forge aux Livres, une biblioth\u00e8que associative aux Forges.<\/h2>\n<p class=\"sc-fKAjen sc-cOoMUl ceOJIE cESnyZ\">\u00ab\u00a0Victoire et le cerf-volant\u00a0\u00bb est une histoire \u00e9crite par Myriam Laurent, sur la demande de Sergio, l&rsquo;illustrateur. Elle a vu le jour apr\u00e8s une simple discussion entre les deux auteurs. Pour l&rsquo;un, l&rsquo;envie de mettre en pratique des ann\u00e9es de lecture par l&rsquo;\u00e9criture. Pour l&rsquo;autre, l&rsquo;envie de s&rsquo;essayer \u00e0 de nouveaux formats de dessins. Et pour les deux, l&rsquo;envie d&rsquo;offrir \u00e0 leurs quatre petites-filles respectives, un texte et des images qu&rsquo;elles leur ont inspir\u00e9s. Une <span class=\"x193iq5w xeuugli x13faqbe x1vvkbs x1xmvt09 x1lliihq x1s928wv xhkezso x1gmr53x x1cpjm7i x1fgarty x1943h6x xudqn12 x3x7a5m x6prxxf xvq8zen xo1l8bm xzsf02u x1yc453h\" dir=\"auto\">cagnotte participative vient d&rsquo;ouvrir<\/span> : <a href=\"https:\/\/fr.ulule.com\/album-jeunesse-a-soutenir\/\">https:\/\/fr.ulule.com\/album-jeunesse-a-soutenir\/<\/a><\/p>\n<p>Exp\u00e9riment\u00e9e aupr\u00e8s d&rsquo;enfants de grande section de maternelle, le manuscrit a eu son petit succ\u00e8s et il a sembl\u00e9 aux auteurs que d&rsquo;autres personnes pourraient y adh\u00e9rer. D&rsquo;o\u00f9 l&rsquo;id\u00e9e d&rsquo;en faire profiter d&rsquo;autres enfants, parents, grands-parents, cousins, cousines, etc.<\/p>\n<p>L&rsquo;histoire s&rsquo;adresse aux enfants de 3 \u00e0 6 ans. Mais tout le monde sait qu&rsquo;il n&rsquo;y a pas d&rsquo;\u00e2ge pour appr\u00e9cier la litt\u00e9rature jeunesse.<\/p>\n<p>Vous pourrez la lire aux petits le soir avant le coucher ou au moment du temps calme de la journ\u00e9e. C&rsquo;est un r\u00e9cit qui d\u00e9veloppe l&rsquo;imaginaire, contient des r\u00e9f\u00e9rences culturelles et qui met en avant des valeurs telles que la d\u00e9termination et le go\u00fbt de l&rsquo;aventure.<\/p>\n<p>Les illustrations sont na\u00efves et emportent le lecteur dans un voyage fantastique.<\/p>\n<p><strong>Pour soutenir \u00ab\u00a0Victoire et le cerf-volant\u00a0\u00bb, un album \u00e0 lire ou \u00e0 faire lire aux enfants. rendez-vous sur <\/strong><a href=\"https:\/\/fr.ulule.com\/album-jeunesse-a-soutenir\/\"><strong>https:\/\/fr.ulule.com\/album-jeunesse-a-soutenir\/<\/strong><\/a><\/p>\n","protected":false},"excerpt":{"rendered":"<p>Myriam Laurent lance un album en auto-\u00e9dition: \u00ab\u00a0Victoire et le cerf-volant\u00a0\u00bb. Les b\u00e9n\u00e9fices seront vers\u00e9s \u00e0 l&rsquo;association La Forge aux [&hellip;]<\/p>\n","protected":false},"author":52,"featured_media":125510,"comment_status":"open","ping_status":"open","sticky":false,"template":"","format":"standard","meta":{"footnotes":""},"categories":[22,12,24,361,367,5],"tags":[15596,70,15599,444,15597,2864,15598,75],"class_list":["post-125509","post","type-post","status-publish","format-standard","has-post-thumbnail","hentry","category-a-la-une","category-culture","category-epinal","category-les-forges","category-litterature","category-vosges","tag-ablum","tag-epinal","tag-illustration","tag-les-forges","tag-myriam-laurent","tag-sergio","tag-victoire-et-le-cerf-volant","tag-vosges"],"acf":[],"yoast_head":"<!-- This site is optimized with the Yoast SEO plugin v22.5 - https:\/\/yoast.com\/wordpress\/plugins\/seo\/ -->\n<title>Myriam Laurent et Sergio lancent un album en auto-\u00e9dition: &quot;Victoire et le cerf-volant&quot; - Epinal Info<\/title>\n<meta name=\"robots\" content=\"index, follow, max-snippet:-1, max-image-preview:large, max-video-preview:-1\" \/>\n<link rel=\"canonical\" href=\"https:\/\/vosgesinfo.fr\/epinalinfo\/2024\/12\/myriam-laurent-lance-un-album-en-auto-edition-victoire-et-le-cerf-volant\/\" \/>\n<meta name=\"twitter:card\" content=\"summary_large_image\" \/>\n<meta name=\"twitter:title\" content=\"Myriam Laurent et Sergio lancent un album en auto-\u00e9dition: &quot;Victoire et le cerf-volant&quot; - Epinal Info\" \/>\n<meta name=\"twitter:description\" content=\"Myriam Laurent lance un album en auto-\u00e9dition: \u00ab\u00a0Victoire et le cerf-volant\u00a0\u00bb. Les b\u00e9n\u00e9fices seront vers\u00e9s \u00e0 l&rsquo;association La Forge aux [&hellip;]\" \/>\n<meta name=\"twitter:image\" content=\"https:\/\/vosgesinfo.fr\/app\/uploads\/sites\/3\/2024\/12\/reussite.ybs1hp8a6o.jpeg\" \/>\n<meta name=\"twitter:creator\" content=\"@VosgesInfo88\" \/>\n<meta name=\"twitter:site\" content=\"@VosgesInfo88\" \/>\n<meta name=\"twitter:label1\" content=\"\u00c9crit par\" \/>\n\t<meta name=\"twitter:data1\" content=\"C.K.\" \/>\n\t<meta name=\"twitter:label2\" content=\"Dur\u00e9e de lecture estim\u00e9e\" \/>\n\t<meta name=\"twitter:data2\" content=\"2 minutes\" \/>\n<script type=\"application\/ld+json\" class=\"yoast-schema-graph\">{\"@context\":\"https:\/\/schema.org\",\"@graph\":[{\"@type\":\"Article\",\"@id\":\"https:\/\/vosgesinfo.fr\/epinalinfo\/2024\/12\/myriam-laurent-lance-un-album-en-auto-edition-victoire-et-le-cerf-volant\/#article\",\"isPartOf\":{\"@id\":\"https:\/\/vosgesinfo.fr\/epinalinfo\/2024\/12\/myriam-laurent-lance-un-album-en-auto-edition-victoire-et-le-cerf-volant\/\"},\"author\":{\"name\":\"C.K.\",\"@id\":\"https:\/\/vosgesinfo.fr\/epinalinfo\/#\/schema\/person\/6f9a650eeea99d969b6c4ab78fccbe81\"},\"headline\":\"Myriam Laurent et Sergio lancent un album en auto-\u00e9dition: \u00ab\u00a0Victoire et le cerf-volant\u00a0\u00bb\",\"datePublished\":\"2024-12-04T09:25:59+00:00\",\"dateModified\":\"2024-12-04T11:41:40+00:00\",\"mainEntityOfPage\":{\"@id\":\"https:\/\/vosgesinfo.fr\/epinalinfo\/2024\/12\/myriam-laurent-lance-un-album-en-auto-edition-victoire-et-le-cerf-volant\/\"},\"wordCount\":310,\"commentCount\":0,\"publisher\":{\"@id\":\"https:\/\/vosgesinfo.fr\/epinalinfo\/#organization\"},\"image\":{\"@id\":\"https:\/\/vosgesinfo.fr\/epinalinfo\/2024\/12\/myriam-laurent-lance-un-album-en-auto-edition-victoire-et-le-cerf-volant\/#primaryimage\"},\"thumbnailUrl\":\"https:\/\/vosgesinfo.fr\/app\/uploads\/sites\/3\/2024\/12\/reussite.ybs1hp8a6o.jpeg\",\"keywords\":[\"ablum\",\"Epinal\",\"illustration\",\"Les Forges\",\"Myriam Laurent\",\"Sergio\",\"Victoire et le cerf-volant\",\"vosges\"],\"articleSection\":[\"A la Une\",\"Culture\",\"Epinal\",\"Les Forges\",\"Litt\u00e9rature\",\"Vosges\"],\"inLanguage\":\"fr-FR\",\"potentialAction\":[{\"@type\":\"CommentAction\",\"name\":\"Comment\",\"target\":[\"https:\/\/vosgesinfo.fr\/epinalinfo\/2024\/12\/myriam-laurent-lance-un-album-en-auto-edition-victoire-et-le-cerf-volant\/#respond\"]}]},{\"@type\":\"WebPage\",\"@id\":\"https:\/\/vosgesinfo.fr\/epinalinfo\/2024\/12\/myriam-laurent-lance-un-album-en-auto-edition-victoire-et-le-cerf-volant\/\",\"url\":\"https:\/\/vosgesinfo.fr\/epinalinfo\/2024\/12\/myriam-laurent-lance-un-album-en-auto-edition-victoire-et-le-cerf-volant\/\",\"name\":\"Myriam Laurent et Sergio lancent un album en auto-\u00e9dition: \\\"Victoire et le cerf-volant\\\" - Epinal Info\",\"isPartOf\":{\"@id\":\"https:\/\/vosgesinfo.fr\/epinalinfo\/#website\"},\"primaryImageOfPage\":{\"@id\":\"https:\/\/vosgesinfo.fr\/epinalinfo\/2024\/12\/myriam-laurent-lance-un-album-en-auto-edition-victoire-et-le-cerf-volant\/#primaryimage\"},\"image\":{\"@id\":\"https:\/\/vosgesinfo.fr\/epinalinfo\/2024\/12\/myriam-laurent-lance-un-album-en-auto-edition-victoire-et-le-cerf-volant\/#primaryimage\"},\"thumbnailUrl\":\"https:\/\/vosgesinfo.fr\/app\/uploads\/sites\/3\/2024\/12\/reussite.ybs1hp8a6o.jpeg\",\"datePublished\":\"2024-12-04T09:25:59+00:00\",\"dateModified\":\"2024-12-04T11:41:40+00:00\",\"breadcrumb\":{\"@id\":\"https:\/\/vosgesinfo.fr\/epinalinfo\/2024\/12\/myriam-laurent-lance-un-album-en-auto-edition-victoire-et-le-cerf-volant\/#breadcrumb\"},\"inLanguage\":\"fr-FR\",\"potentialAction\":[{\"@type\":\"ReadAction\",\"target\":[\"https:\/\/vosgesinfo.fr\/epinalinfo\/2024\/12\/myriam-laurent-lance-un-album-en-auto-edition-victoire-et-le-cerf-volant\/\"]}]},{\"@type\":\"ImageObject\",\"inLanguage\":\"fr-FR\",\"@id\":\"https:\/\/vosgesinfo.fr\/epinalinfo\/2024\/12\/myriam-laurent-lance-un-album-en-auto-edition-victoire-et-le-cerf-volant\/#primaryimage\",\"url\":\"https:\/\/vosgesinfo.fr\/app\/uploads\/sites\/3\/2024\/12\/reussite.ybs1hp8a6o.jpeg\",\"contentUrl\":\"https:\/\/vosgesinfo.fr\/app\/uploads\/sites\/3\/2024\/12\/reussite.ybs1hp8a6o.jpeg\",\"width\":640,\"height\":360},{\"@type\":\"BreadcrumbList\",\"@id\":\"https:\/\/vosgesinfo.fr\/epinalinfo\/2024\/12\/myriam-laurent-lance-un-album-en-auto-edition-victoire-et-le-cerf-volant\/#breadcrumb\",\"itemListElement\":[{\"@type\":\"ListItem\",\"position\":1,\"name\":\"Home\",\"item\":\"https:\/\/vosgesinfo.fr\/epinalinfo\/\"},{\"@type\":\"ListItem\",\"position\":2,\"name\":\"Myriam Laurent et Sergio lancent un album en auto-\u00e9dition: &#8220;Victoire et le cerf-volant&#8221;\"}]},{\"@type\":\"WebSite\",\"@id\":\"https:\/\/vosgesinfo.fr\/epinalinfo\/#website\",\"url\":\"https:\/\/vosgesinfo.fr\/epinalinfo\/\",\"name\":\"Epinal Info\",\"description\":\"Toute l&#039;actualit\u00e9 d&#039;\u00c9pinal\",\"publisher\":{\"@id\":\"https:\/\/vosgesinfo.fr\/epinalinfo\/#organization\"},\"alternateName\":\"Toute l'actualit\u00e9 d'\u00c9pinal\",\"potentialAction\":[{\"@type\":\"SearchAction\",\"target\":{\"@type\":\"EntryPoint\",\"urlTemplate\":\"https:\/\/vosgesinfo.fr\/epinalinfo\/?s={search_term_string}\"},\"query-input\":\"required name=search_term_string\"}],\"inLanguage\":\"fr-FR\"},{\"@type\":\"Organization\",\"@id\":\"https:\/\/vosgesinfo.fr\/epinalinfo\/#organization\",\"name\":\"Epinal Info\",\"url\":\"https:\/\/vosgesinfo.fr\/epinalinfo\/\",\"logo\":{\"@type\":\"ImageObject\",\"inLanguage\":\"fr-FR\",\"@id\":\"https:\/\/vosgesinfo.fr\/epinalinfo\/#\/schema\/logo\/image\/\",\"url\":\"https:\/\/vosgesinfo.fr\/app\/uploads\/sites\/3\/2023\/08\/logo-epinalinfos.svg\",\"contentUrl\":\"https:\/\/vosgesinfo.fr\/app\/uploads\/sites\/3\/2023\/08\/logo-epinalinfos.svg\",\"width\":1,\"height\":1,\"caption\":\"Epinal Info\"},\"image\":{\"@id\":\"https:\/\/vosgesinfo.fr\/epinalinfo\/#\/schema\/logo\/image\/\"},\"sameAs\":[\"https:\/\/www.facebook.com\/Epinalinfos\",\"https:\/\/x.com\/VosgesInfo88\",\"https:\/\/www.youtube.com\/@vosgesinfo\"]},{\"@type\":\"Person\",\"@id\":\"https:\/\/vosgesinfo.fr\/epinalinfo\/#\/schema\/person\/6f9a650eeea99d969b6c4ab78fccbe81\",\"name\":\"C.K.\",\"image\":{\"@type\":\"ImageObject\",\"inLanguage\":\"fr-FR\",\"@id\":\"https:\/\/vosgesinfo.fr\/epinalinfo\/#\/schema\/person\/image\/\",\"url\":\"https:\/\/secure.gravatar.com\/avatar\/48e3fc7f8421ba8942be6b74a2b7f014ca39bc00dece156b7a8e098ae7dc87bf?s=96&d=mm&r=g\",\"contentUrl\":\"https:\/\/secure.gravatar.com\/avatar\/48e3fc7f8421ba8942be6b74a2b7f014ca39bc00dece156b7a8e098ae7dc87bf?s=96&d=mm&r=g\",\"caption\":\"C.K.\"},\"url\":\"https:\/\/vosgesinfo.fr\/epinalinfo\/author\/celia-k-n\/\"}]}<\/script>\n<!-- \/ Yoast SEO plugin. -->","yoast_head_json":{"title":"Myriam Laurent et Sergio lancent un album en auto-\u00e9dition: \"Victoire et le cerf-volant\" - Epinal Info","robots":{"index":"index","follow":"follow","max-snippet":"max-snippet:-1","max-image-preview":"max-image-preview:large","max-video-preview":"max-video-preview:-1"},"canonical":"https:\/\/vosgesinfo.fr\/epinalinfo\/2024\/12\/myriam-laurent-lance-un-album-en-auto-edition-victoire-et-le-cerf-volant\/","twitter_card":"summary_large_image","twitter_title":"Myriam Laurent et Sergio lancent un album en auto-\u00e9dition: \"Victoire et le cerf-volant\" - Epinal Info","twitter_description":"Myriam Laurent lance un album en auto-\u00e9dition: \u00ab\u00a0Victoire et le cerf-volant\u00a0\u00bb. Les b\u00e9n\u00e9fices seront vers\u00e9s \u00e0 l&rsquo;association La Forge aux [&hellip;]","twitter_image":"https:\/\/vosgesinfo.fr\/app\/uploads\/sites\/3\/2024\/12\/reussite.ybs1hp8a6o.jpeg","twitter_creator":"@VosgesInfo88","twitter_site":"@VosgesInfo88","twitter_misc":{"\u00c9crit par":"C.K.","Dur\u00e9e de lecture estim\u00e9e":"2 minutes"},"schema":{"@context":"https:\/\/schema.org","@graph":[{"@type":"Article","@id":"https:\/\/vosgesinfo.fr\/epinalinfo\/2024\/12\/myriam-laurent-lance-un-album-en-auto-edition-victoire-et-le-cerf-volant\/#article","isPartOf":{"@id":"https:\/\/vosgesinfo.fr\/epinalinfo\/2024\/12\/myriam-laurent-lance-un-album-en-auto-edition-victoire-et-le-cerf-volant\/"},"author":{"name":"C.K.","@id":"https:\/\/vosgesinfo.fr\/epinalinfo\/#\/schema\/person\/6f9a650eeea99d969b6c4ab78fccbe81"},"headline":"Myriam Laurent et Sergio lancent un album en auto-\u00e9dition: \u00ab\u00a0Victoire et le cerf-volant\u00a0\u00bb","datePublished":"2024-12-04T09:25:59+00:00","dateModified":"2024-12-04T11:41:40+00:00","mainEntityOfPage":{"@id":"https:\/\/vosgesinfo.fr\/epinalinfo\/2024\/12\/myriam-laurent-lance-un-album-en-auto-edition-victoire-et-le-cerf-volant\/"},"wordCount":310,"commentCount":0,"publisher":{"@id":"https:\/\/vosgesinfo.fr\/epinalinfo\/#organization"},"image":{"@id":"https:\/\/vosgesinfo.fr\/epinalinfo\/2024\/12\/myriam-laurent-lance-un-album-en-auto-edition-victoire-et-le-cerf-volant\/#primaryimage"},"thumbnailUrl":"https:\/\/vosgesinfo.fr\/app\/uploads\/sites\/3\/2024\/12\/reussite.ybs1hp8a6o.jpeg","keywords":["ablum","Epinal","illustration","Les Forges","Myriam Laurent","Sergio","Victoire et le cerf-volant","vosges"],"articleSection":["A la Une","Culture","Epinal","Les Forges","Litt\u00e9rature","Vosges"],"inLanguage":"fr-FR","potentialAction":[{"@type":"CommentAction","name":"Comment","target":["https:\/\/vosgesinfo.fr\/epinalinfo\/2024\/12\/myriam-laurent-lance-un-album-en-auto-edition-victoire-et-le-cerf-volant\/#respond"]}]},{"@type":"WebPage","@id":"https:\/\/vosgesinfo.fr\/epinalinfo\/2024\/12\/myriam-laurent-lance-un-album-en-auto-edition-victoire-et-le-cerf-volant\/","url":"https:\/\/vosgesinfo.fr\/epinalinfo\/2024\/12\/myriam-laurent-lance-un-album-en-auto-edition-victoire-et-le-cerf-volant\/","name":"Myriam Laurent et Sergio lancent un album en auto-\u00e9dition: \"Victoire et le cerf-volant\" - Epinal Info","isPartOf":{"@id":"https:\/\/vosgesinfo.fr\/epinalinfo\/#website"},"primaryImageOfPage":{"@id":"https:\/\/vosgesinfo.fr\/epinalinfo\/2024\/12\/myriam-laurent-lance-un-album-en-auto-edition-victoire-et-le-cerf-volant\/#primaryimage"},"image":{"@id":"https:\/\/vosgesinfo.fr\/epinalinfo\/2024\/12\/myriam-laurent-lance-un-album-en-auto-edition-victoire-et-le-cerf-volant\/#primaryimage"},"thumbnailUrl":"https:\/\/vosgesinfo.fr\/app\/uploads\/sites\/3\/2024\/12\/reussite.ybs1hp8a6o.jpeg","datePublished":"2024-12-04T09:25:59+00:00","dateModified":"2024-12-04T11:41:40+00:00","breadcrumb":{"@id":"https:\/\/vosgesinfo.fr\/epinalinfo\/2024\/12\/myriam-laurent-lance-un-album-en-auto-edition-victoire-et-le-cerf-volant\/#breadcrumb"},"inLanguage":"fr-FR","potentialAction":[{"@type":"ReadAction","target":["https:\/\/vosgesinfo.fr\/epinalinfo\/2024\/12\/myriam-laurent-lance-un-album-en-auto-edition-victoire-et-le-cerf-volant\/"]}]},{"@type":"ImageObject","inLanguage":"fr-FR","@id":"https:\/\/vosgesinfo.fr\/epinalinfo\/2024\/12\/myriam-laurent-lance-un-album-en-auto-edition-victoire-et-le-cerf-volant\/#primaryimage","url":"https:\/\/vosgesinfo.fr\/app\/uploads\/sites\/3\/2024\/12\/reussite.ybs1hp8a6o.jpeg","contentUrl":"https:\/\/vosgesinfo.fr\/app\/uploads\/sites\/3\/2024\/12\/reussite.ybs1hp8a6o.jpeg","width":640,"height":360},{"@type":"BreadcrumbList","@id":"https:\/\/vosgesinfo.fr\/epinalinfo\/2024\/12\/myriam-laurent-lance-un-album-en-auto-edition-victoire-et-le-cerf-volant\/#breadcrumb","itemListElement":[{"@type":"ListItem","position":1,"name":"Home","item":"https:\/\/vosgesinfo.fr\/epinalinfo\/"},{"@type":"ListItem","position":2,"name":"Myriam Laurent et Sergio lancent un album en auto-\u00e9dition: &#8220;Victoire et le cerf-volant&#8221;"}]},{"@type":"WebSite","@id":"https:\/\/vosgesinfo.fr\/epinalinfo\/#website","url":"https:\/\/vosgesinfo.fr\/epinalinfo\/","name":"Epinal Info","description":"Toute l&#039;actualit\u00e9 d&#039;\u00c9pinal","publisher":{"@id":"https:\/\/vosgesinfo.fr\/epinalinfo\/#organization"},"alternateName":"Toute l'actualit\u00e9 d'\u00c9pinal","potentialAction":[{"@type":"SearchAction","target":{"@type":"EntryPoint","urlTemplate":"https:\/\/vosgesinfo.fr\/epinalinfo\/?s={search_term_string}"},"query-input":"required name=search_term_string"}],"inLanguage":"fr-FR"},{"@type":"Organization","@id":"https:\/\/vosgesinfo.fr\/epinalinfo\/#organization","name":"Epinal Info","url":"https:\/\/vosgesinfo.fr\/epinalinfo\/","logo":{"@type":"ImageObject","inLanguage":"fr-FR","@id":"https:\/\/vosgesinfo.fr\/epinalinfo\/#\/schema\/logo\/image\/","url":"https:\/\/vosgesinfo.fr\/app\/uploads\/sites\/3\/2023\/08\/logo-epinalinfos.svg","contentUrl":"https:\/\/vosgesinfo.fr\/app\/uploads\/sites\/3\/2023\/08\/logo-epinalinfos.svg","width":1,"height":1,"caption":"Epinal Info"},"image":{"@id":"https:\/\/vosgesinfo.fr\/epinalinfo\/#\/schema\/logo\/image\/"},"sameAs":["https:\/\/www.facebook.com\/Epinalinfos","https:\/\/x.com\/VosgesInfo88","https:\/\/www.youtube.com\/@vosgesinfo"]},{"@type":"Person","@id":"https:\/\/vosgesinfo.fr\/epinalinfo\/#\/schema\/person\/6f9a650eeea99d969b6c4ab78fccbe81","name":"C.K.","image":{"@type":"ImageObject","inLanguage":"fr-FR","@id":"https:\/\/vosgesinfo.fr\/epinalinfo\/#\/schema\/person\/image\/","url":"https:\/\/secure.gravatar.com\/avatar\/48e3fc7f8421ba8942be6b74a2b7f014ca39bc00dece156b7a8e098ae7dc87bf?s=96&d=mm&r=g","contentUrl":"https:\/\/secure.gravatar.com\/avatar\/48e3fc7f8421ba8942be6b74a2b7f014ca39bc00dece156b7a8e098ae7dc87bf?s=96&d=mm&r=g","caption":"C.K."},"url":"https:\/\/vosgesinfo.fr\/epinalinfo\/author\/celia-k-n\/"}]}},"_links":{"self":[{"href":"https:\/\/vosgesinfo.fr\/epinalinfo\/wp-json\/wp\/v2\/posts\/125509","targetHints":{"allow":["GET"]}}],"collection":[{"href":"https:\/\/vosgesinfo.fr\/epinalinfo\/wp-json\/wp\/v2\/posts"}],"about":[{"href":"https:\/\/vosgesinfo.fr\/epinalinfo\/wp-json\/wp\/v2\/types\/post"}],"author":[{"embeddable":true,"href":"https:\/\/vosgesinfo.fr\/epinalinfo\/wp-json\/wp\/v2\/users\/52"}],"replies":[{"embeddable":true,"href":"https:\/\/vosgesinfo.fr\/epinalinfo\/wp-json\/wp\/v2\/comments?post=125509"}],"version-history":[{"count":2,"href":"https:\/\/vosgesinfo.fr\/epinalinfo\/wp-json\/wp\/v2\/posts\/125509\/revisions"}],"predecessor-version":[{"id":125520,"href":"https:\/\/vosgesinfo.fr\/epinalinfo\/wp-json\/wp\/v2\/posts\/125509\/revisions\/125520"}],"wp:featuredmedia":[{"embeddable":true,"href":"https:\/\/vosgesinfo.fr\/epinalinfo\/wp-json\/wp\/v2\/media\/125510"}],"wp:attachment":[{"href":"https:\/\/vosgesinfo.fr\/epinalinfo\/wp-json\/wp\/v2\/media?parent=125509"}],"wp:term":[{"taxonomy":"category","embeddable":true,"href":"https:\/\/vosgesinfo.fr\/epinalinfo\/wp-json\/wp\/v2\/categories?post=125509"},{"taxonomy":"post_tag","embeddable":true,"href":"https:\/\/vosgesinfo.fr\/epinalinfo\/wp-json\/wp\/v2\/tags?post=125509"}],"curies":[{"name":"wp","href":"https:\/\/api.w.org\/{rel}","templated":true}]}}