{"id":125568,"date":"2024-12-05T15:04:39","date_gmt":"2024-12-05T14:04:39","guid":{"rendered":"https:\/\/vosgesinfo.fr\/epinalinfo\/2024\/12\/une-maison-dhabitation-detruite-par-un-incendie-a-bains-les-bains\/"},"modified":"2024-12-05T15:04:39","modified_gmt":"2024-12-05T14:04:39","slug":"une-maison-dhabitation-detruite-par-un-incendie-a-bains-les-bains","status":"publish","type":"post","link":"https:\/\/vosgesinfo.fr\/epinalinfo\/2024\/12\/une-maison-dhabitation-detruite-par-un-incendie-a-bains-les-bains\/","title":{"rendered":"Une maison d&rsquo;habitation d\u00e9truite par un incendie \u00e0 Bains-les-Bains"},"content":{"rendered":"<p><a href=\"https:\/\/vosgesinfo.fr\/app\/uploads\/sites\/5\/2024\/09\/201902870x489-pompiers-77.jpg\"><img decoding=\"async\" class=\"aligncenter size-full wp-image-64597\" src=\"https:\/\/vosgesinfo.fr\/app\/uploads\/sites\/5\/2024\/09\/201902870x489-pompiers-77.jpg\" alt=\"\" width=\"622\" height=\"350\" \/><\/a><\/p>\n<p><strong>Un incendie s\u2019est d\u00e9clar\u00e9 ce jeudi 5 d\u00e9cembre aux environs de 8 h 15 dans une maison d\u2019habitation situ\u00e9e rue du Charmois \u00e0 Bains-les-Bains. Alert\u00e9s rapidement, les secours ont mobilis\u00e9 une trentaine de sapeurs-pompiers venus des casernes de Bains-les-Bains et de Harsault pour ma\u00eetriser les flammes.<\/strong><\/p>\n<p>Apr\u00e8s plusieurs heures d\u2019intervention, le sinistre a \u00e9t\u00e9 ma\u00eetris\u00e9 en d\u00e9but d\u2019apr\u00e8s-midi. Fort heureusement, aucun bless\u00e9 n\u2019est \u00e0 d\u00e9plorer. Cependant, la maison a subi de graves d\u00e9g\u00e2ts : le b\u00e2timent a \u00e9t\u00e9 d\u00e9clar\u00e9 en p\u00e9ril en raison d\u2019un risque d\u2019effondrement.<\/p>\n<p>La famille occupant les lieux a \u00e9t\u00e9 relog\u00e9e. Les causes de l\u2019incendie restent pour l\u2019instant inconnues et une enqu\u00eate pourrait \u00eatre ouverte pour les d\u00e9terminer.<\/p>\n","protected":false},"excerpt":{"rendered":"<p>Un incendie s\u2019est d\u00e9clar\u00e9 ce jeudi 5 d\u00e9cembre aux environs de 8 h 15 dans une maison d\u2019habitation situ\u00e9e rue [&hellip;]<\/p>\n","protected":false},"author":418,"featured_media":125569,"comment_status":"open","ping_status":"open","sticky":false,"template":"","format":"standard","meta":{"footnotes":""},"categories":[22,24,6],"tags":[5848,447],"class_list":["post-125568","post","type-post","status-publish","format-standard","has-post-thumbnail","hentry","category-a-la-une","category-epinal","category-faits-divers","tag-bains-les-bains","tag-incendie"],"acf":[],"yoast_head":"<!-- This site is optimized with the Yoast SEO plugin v22.5 - https:\/\/yoast.com\/wordpress\/plugins\/seo\/ -->\n<title>Une maison d&#039;habitation d\u00e9truite par un incendie \u00e0 Bains-les-Bains - Epinal Info<\/title>\n<meta name=\"robots\" content=\"index, follow, max-snippet:-1, max-image-preview:large, max-video-preview:-1\" \/>\n<link rel=\"canonical\" href=\"https:\/\/vosgesinfo.fr\/epinalinfo\/2024\/12\/une-maison-dhabitation-detruite-par-un-incendie-a-bains-les-bains\/\" \/>\n<meta name=\"twitter:card\" content=\"summary_large_image\" \/>\n<meta name=\"twitter:title\" content=\"Une maison d&#039;habitation d\u00e9truite par un incendie \u00e0 Bains-les-Bains - Epinal Info\" \/>\n<meta name=\"twitter:description\" content=\"Un incendie s\u2019est d\u00e9clar\u00e9 ce jeudi 5 d\u00e9cembre aux environs de 8 h 15 dans une maison d\u2019habitation situ\u00e9e rue [&hellip;]\" \/>\n<meta name=\"twitter:image\" content=\"https:\/\/vosgesinfo.fr\/app\/uploads\/sites\/3\/2024\/12\/201902870x489-pompiers-79.jpg\" \/>\n<meta name=\"twitter:creator\" content=\"@VosgesInfo88\" \/>\n<meta name=\"twitter:site\" content=\"@VosgesInfo88\" \/>\n<meta name=\"twitter:label1\" content=\"\u00c9crit par\" \/>\n\t<meta name=\"twitter:data1\" content=\"C.M\" \/>\n\t<meta name=\"twitter:label2\" content=\"Dur\u00e9e de lecture estim\u00e9e\" \/>\n\t<meta name=\"twitter:data2\" content=\"1 minute\" \/>\n<script type=\"application\/ld+json\" class=\"yoast-schema-graph\">{\"@context\":\"https:\/\/schema.org\",\"@graph\":[{\"@type\":\"Article\",\"@id\":\"https:\/\/vosgesinfo.fr\/epinalinfo\/2024\/12\/une-maison-dhabitation-detruite-par-un-incendie-a-bains-les-bains\/#article\",\"isPartOf\":{\"@id\":\"https:\/\/vosgesinfo.fr\/epinalinfo\/2024\/12\/une-maison-dhabitation-detruite-par-un-incendie-a-bains-les-bains\/\"},\"author\":{\"name\":\"C.M\",\"@id\":\"https:\/\/vosgesinfo.fr\/epinalinfo\/#\/schema\/person\/4f38cd3068e342935b7304695c797d08\"},\"headline\":\"Une maison d&rsquo;habitation d\u00e9truite par un incendie \u00e0 Bains-les-Bains\",\"datePublished\":\"2024-12-05T14:04:39+00:00\",\"dateModified\":\"2024-12-05T14:04:39+00:00\",\"mainEntityOfPage\":{\"@id\":\"https:\/\/vosgesinfo.fr\/epinalinfo\/2024\/12\/une-maison-dhabitation-detruite-par-un-incendie-a-bains-les-bains\/\"},\"wordCount\":142,\"commentCount\":0,\"publisher\":{\"@id\":\"https:\/\/vosgesinfo.fr\/epinalinfo\/#organization\"},\"image\":{\"@id\":\"https:\/\/vosgesinfo.fr\/epinalinfo\/2024\/12\/une-maison-dhabitation-detruite-par-un-incendie-a-bains-les-bains\/#primaryimage\"},\"thumbnailUrl\":\"https:\/\/vosgesinfo.fr\/app\/uploads\/sites\/3\/2024\/12\/201902870x489-pompiers-79.jpg\",\"keywords\":[\"Bains-les-Bains\",\"incendie\"],\"articleSection\":[\"A la Une\",\"Epinal\",\"Faits-divers\"],\"inLanguage\":\"fr-FR\",\"potentialAction\":[{\"@type\":\"CommentAction\",\"name\":\"Comment\",\"target\":[\"https:\/\/vosgesinfo.fr\/epinalinfo\/2024\/12\/une-maison-dhabitation-detruite-par-un-incendie-a-bains-les-bains\/#respond\"]}]},{\"@type\":\"WebPage\",\"@id\":\"https:\/\/vosgesinfo.fr\/epinalinfo\/2024\/12\/une-maison-dhabitation-detruite-par-un-incendie-a-bains-les-bains\/\",\"url\":\"https:\/\/vosgesinfo.fr\/epinalinfo\/2024\/12\/une-maison-dhabitation-detruite-par-un-incendie-a-bains-les-bains\/\",\"name\":\"Une maison d'habitation d\u00e9truite par un incendie \u00e0 Bains-les-Bains - Epinal Info\",\"isPartOf\":{\"@id\":\"https:\/\/vosgesinfo.fr\/epinalinfo\/#website\"},\"primaryImageOfPage\":{\"@id\":\"https:\/\/vosgesinfo.fr\/epinalinfo\/2024\/12\/une-maison-dhabitation-detruite-par-un-incendie-a-bains-les-bains\/#primaryimage\"},\"image\":{\"@id\":\"https:\/\/vosgesinfo.fr\/epinalinfo\/2024\/12\/une-maison-dhabitation-detruite-par-un-incendie-a-bains-les-bains\/#primaryimage\"},\"thumbnailUrl\":\"https:\/\/vosgesinfo.fr\/app\/uploads\/sites\/3\/2024\/12\/201902870x489-pompiers-79.jpg\",\"datePublished\":\"2024-12-05T14:04:39+00:00\",\"dateModified\":\"2024-12-05T14:04:39+00:00\",\"breadcrumb\":{\"@id\":\"https:\/\/vosgesinfo.fr\/epinalinfo\/2024\/12\/une-maison-dhabitation-detruite-par-un-incendie-a-bains-les-bains\/#breadcrumb\"},\"inLanguage\":\"fr-FR\",\"potentialAction\":[{\"@type\":\"ReadAction\",\"target\":[\"https:\/\/vosgesinfo.fr\/epinalinfo\/2024\/12\/une-maison-dhabitation-detruite-par-un-incendie-a-bains-les-bains\/\"]}]},{\"@type\":\"ImageObject\",\"inLanguage\":\"fr-FR\",\"@id\":\"https:\/\/vosgesinfo.fr\/epinalinfo\/2024\/12\/une-maison-dhabitation-detruite-par-un-incendie-a-bains-les-bains\/#primaryimage\",\"url\":\"https:\/\/vosgesinfo.fr\/app\/uploads\/sites\/3\/2024\/12\/201902870x489-pompiers-79.jpg\",\"contentUrl\":\"https:\/\/vosgesinfo.fr\/app\/uploads\/sites\/3\/2024\/12\/201902870x489-pompiers-79.jpg\",\"width\":622,\"height\":350},{\"@type\":\"BreadcrumbList\",\"@id\":\"https:\/\/vosgesinfo.fr\/epinalinfo\/2024\/12\/une-maison-dhabitation-detruite-par-un-incendie-a-bains-les-bains\/#breadcrumb\",\"itemListElement\":[{\"@type\":\"ListItem\",\"position\":1,\"name\":\"Home\",\"item\":\"https:\/\/vosgesinfo.fr\/epinalinfo\/\"},{\"@type\":\"ListItem\",\"position\":2,\"name\":\"Une maison d&rsquo;habitation d\u00e9truite par un incendie \u00e0 Bains-les-Bains\"}]},{\"@type\":\"WebSite\",\"@id\":\"https:\/\/vosgesinfo.fr\/epinalinfo\/#website\",\"url\":\"https:\/\/vosgesinfo.fr\/epinalinfo\/\",\"name\":\"Epinal Info\",\"description\":\"Toute l&#039;actualit\u00e9 d&#039;\u00c9pinal\",\"publisher\":{\"@id\":\"https:\/\/vosgesinfo.fr\/epinalinfo\/#organization\"},\"alternateName\":\"Toute l'actualit\u00e9 d'\u00c9pinal\",\"potentialAction\":[{\"@type\":\"SearchAction\",\"target\":{\"@type\":\"EntryPoint\",\"urlTemplate\":\"https:\/\/vosgesinfo.fr\/epinalinfo\/?s={search_term_string}\"},\"query-input\":\"required name=search_term_string\"}],\"inLanguage\":\"fr-FR\"},{\"@type\":\"Organization\",\"@id\":\"https:\/\/vosgesinfo.fr\/epinalinfo\/#organization\",\"name\":\"Epinal Info\",\"url\":\"https:\/\/vosgesinfo.fr\/epinalinfo\/\",\"logo\":{\"@type\":\"ImageObject\",\"inLanguage\":\"fr-FR\",\"@id\":\"https:\/\/vosgesinfo.fr\/epinalinfo\/#\/schema\/logo\/image\/\",\"url\":\"https:\/\/vosgesinfo.fr\/app\/uploads\/sites\/3\/2023\/08\/logo-epinalinfos.svg\",\"contentUrl\":\"https:\/\/vosgesinfo.fr\/app\/uploads\/sites\/3\/2023\/08\/logo-epinalinfos.svg\",\"width\":1,\"height\":1,\"caption\":\"Epinal Info\"},\"image\":{\"@id\":\"https:\/\/vosgesinfo.fr\/epinalinfo\/#\/schema\/logo\/image\/\"},\"sameAs\":[\"https:\/\/www.facebook.com\/Epinalinfos\",\"https:\/\/x.com\/VosgesInfo88\",\"https:\/\/www.youtube.com\/@vosgesinfo\"]},{\"@type\":\"Person\",\"@id\":\"https:\/\/vosgesinfo.fr\/epinalinfo\/#\/schema\/person\/4f38cd3068e342935b7304695c797d08\",\"name\":\"C.M\",\"image\":{\"@type\":\"ImageObject\",\"inLanguage\":\"fr-FR\",\"@id\":\"https:\/\/vosgesinfo.fr\/epinalinfo\/#\/schema\/person\/image\/\",\"url\":\"https:\/\/secure.gravatar.com\/avatar\/fe9daaef0164d920717484172682f3c5c9bcf7d42aa8c7048c76c34f0eb6c8da?s=96&d=mm&r=g\",\"contentUrl\":\"https:\/\/secure.gravatar.com\/avatar\/fe9daaef0164d920717484172682f3c5c9bcf7d42aa8c7048c76c34f0eb6c8da?s=96&d=mm&r=g\",\"caption\":\"C.M\"},\"url\":\"https:\/\/vosgesinfo.fr\/epinalinfo\/author\/cm88200\/\"}]}<\/script>\n<!-- \/ Yoast SEO plugin. -->","yoast_head_json":{"title":"Une maison d'habitation d\u00e9truite par un incendie \u00e0 Bains-les-Bains - Epinal Info","robots":{"index":"index","follow":"follow","max-snippet":"max-snippet:-1","max-image-preview":"max-image-preview:large","max-video-preview":"max-video-preview:-1"},"canonical":"https:\/\/vosgesinfo.fr\/epinalinfo\/2024\/12\/une-maison-dhabitation-detruite-par-un-incendie-a-bains-les-bains\/","twitter_card":"summary_large_image","twitter_title":"Une maison d'habitation d\u00e9truite par un incendie \u00e0 Bains-les-Bains - Epinal Info","twitter_description":"Un incendie s\u2019est d\u00e9clar\u00e9 ce jeudi 5 d\u00e9cembre aux environs de 8 h 15 dans une maison d\u2019habitation situ\u00e9e rue [&hellip;]","twitter_image":"https:\/\/vosgesinfo.fr\/app\/uploads\/sites\/3\/2024\/12\/201902870x489-pompiers-79.jpg","twitter_creator":"@VosgesInfo88","twitter_site":"@VosgesInfo88","twitter_misc":{"\u00c9crit par":"C.M","Dur\u00e9e de lecture estim\u00e9e":"1 minute"},"schema":{"@context":"https:\/\/schema.org","@graph":[{"@type":"Article","@id":"https:\/\/vosgesinfo.fr\/epinalinfo\/2024\/12\/une-maison-dhabitation-detruite-par-un-incendie-a-bains-les-bains\/#article","isPartOf":{"@id":"https:\/\/vosgesinfo.fr\/epinalinfo\/2024\/12\/une-maison-dhabitation-detruite-par-un-incendie-a-bains-les-bains\/"},"author":{"name":"C.M","@id":"https:\/\/vosgesinfo.fr\/epinalinfo\/#\/schema\/person\/4f38cd3068e342935b7304695c797d08"},"headline":"Une maison d&rsquo;habitation d\u00e9truite par un incendie \u00e0 Bains-les-Bains","datePublished":"2024-12-05T14:04:39+00:00","dateModified":"2024-12-05T14:04:39+00:00","mainEntityOfPage":{"@id":"https:\/\/vosgesinfo.fr\/epinalinfo\/2024\/12\/une-maison-dhabitation-detruite-par-un-incendie-a-bains-les-bains\/"},"wordCount":142,"commentCount":0,"publisher":{"@id":"https:\/\/vosgesinfo.fr\/epinalinfo\/#organization"},"image":{"@id":"https:\/\/vosgesinfo.fr\/epinalinfo\/2024\/12\/une-maison-dhabitation-detruite-par-un-incendie-a-bains-les-bains\/#primaryimage"},"thumbnailUrl":"https:\/\/vosgesinfo.fr\/app\/uploads\/sites\/3\/2024\/12\/201902870x489-pompiers-79.jpg","keywords":["Bains-les-Bains","incendie"],"articleSection":["A la Une","Epinal","Faits-divers"],"inLanguage":"fr-FR","potentialAction":[{"@type":"CommentAction","name":"Comment","target":["https:\/\/vosgesinfo.fr\/epinalinfo\/2024\/12\/une-maison-dhabitation-detruite-par-un-incendie-a-bains-les-bains\/#respond"]}]},{"@type":"WebPage","@id":"https:\/\/vosgesinfo.fr\/epinalinfo\/2024\/12\/une-maison-dhabitation-detruite-par-un-incendie-a-bains-les-bains\/","url":"https:\/\/vosgesinfo.fr\/epinalinfo\/2024\/12\/une-maison-dhabitation-detruite-par-un-incendie-a-bains-les-bains\/","name":"Une maison d'habitation d\u00e9truite par un incendie \u00e0 Bains-les-Bains - Epinal Info","isPartOf":{"@id":"https:\/\/vosgesinfo.fr\/epinalinfo\/#website"},"primaryImageOfPage":{"@id":"https:\/\/vosgesinfo.fr\/epinalinfo\/2024\/12\/une-maison-dhabitation-detruite-par-un-incendie-a-bains-les-bains\/#primaryimage"},"image":{"@id":"https:\/\/vosgesinfo.fr\/epinalinfo\/2024\/12\/une-maison-dhabitation-detruite-par-un-incendie-a-bains-les-bains\/#primaryimage"},"thumbnailUrl":"https:\/\/vosgesinfo.fr\/app\/uploads\/sites\/3\/2024\/12\/201902870x489-pompiers-79.jpg","datePublished":"2024-12-05T14:04:39+00:00","dateModified":"2024-12-05T14:04:39+00:00","breadcrumb":{"@id":"https:\/\/vosgesinfo.fr\/epinalinfo\/2024\/12\/une-maison-dhabitation-detruite-par-un-incendie-a-bains-les-bains\/#breadcrumb"},"inLanguage":"fr-FR","potentialAction":[{"@type":"ReadAction","target":["https:\/\/vosgesinfo.fr\/epinalinfo\/2024\/12\/une-maison-dhabitation-detruite-par-un-incendie-a-bains-les-bains\/"]}]},{"@type":"ImageObject","inLanguage":"fr-FR","@id":"https:\/\/vosgesinfo.fr\/epinalinfo\/2024\/12\/une-maison-dhabitation-detruite-par-un-incendie-a-bains-les-bains\/#primaryimage","url":"https:\/\/vosgesinfo.fr\/app\/uploads\/sites\/3\/2024\/12\/201902870x489-pompiers-79.jpg","contentUrl":"https:\/\/vosgesinfo.fr\/app\/uploads\/sites\/3\/2024\/12\/201902870x489-pompiers-79.jpg","width":622,"height":350},{"@type":"BreadcrumbList","@id":"https:\/\/vosgesinfo.fr\/epinalinfo\/2024\/12\/une-maison-dhabitation-detruite-par-un-incendie-a-bains-les-bains\/#breadcrumb","itemListElement":[{"@type":"ListItem","position":1,"name":"Home","item":"https:\/\/vosgesinfo.fr\/epinalinfo\/"},{"@type":"ListItem","position":2,"name":"Une maison d&rsquo;habitation d\u00e9truite par un incendie \u00e0 Bains-les-Bains"}]},{"@type":"WebSite","@id":"https:\/\/vosgesinfo.fr\/epinalinfo\/#website","url":"https:\/\/vosgesinfo.fr\/epinalinfo\/","name":"Epinal Info","description":"Toute l&#039;actualit\u00e9 d&#039;\u00c9pinal","publisher":{"@id":"https:\/\/vosgesinfo.fr\/epinalinfo\/#organization"},"alternateName":"Toute l'actualit\u00e9 d'\u00c9pinal","potentialAction":[{"@type":"SearchAction","target":{"@type":"EntryPoint","urlTemplate":"https:\/\/vosgesinfo.fr\/epinalinfo\/?s={search_term_string}"},"query-input":"required name=search_term_string"}],"inLanguage":"fr-FR"},{"@type":"Organization","@id":"https:\/\/vosgesinfo.fr\/epinalinfo\/#organization","name":"Epinal Info","url":"https:\/\/vosgesinfo.fr\/epinalinfo\/","logo":{"@type":"ImageObject","inLanguage":"fr-FR","@id":"https:\/\/vosgesinfo.fr\/epinalinfo\/#\/schema\/logo\/image\/","url":"https:\/\/vosgesinfo.fr\/app\/uploads\/sites\/3\/2023\/08\/logo-epinalinfos.svg","contentUrl":"https:\/\/vosgesinfo.fr\/app\/uploads\/sites\/3\/2023\/08\/logo-epinalinfos.svg","width":1,"height":1,"caption":"Epinal Info"},"image":{"@id":"https:\/\/vosgesinfo.fr\/epinalinfo\/#\/schema\/logo\/image\/"},"sameAs":["https:\/\/www.facebook.com\/Epinalinfos","https:\/\/x.com\/VosgesInfo88","https:\/\/www.youtube.com\/@vosgesinfo"]},{"@type":"Person","@id":"https:\/\/vosgesinfo.fr\/epinalinfo\/#\/schema\/person\/4f38cd3068e342935b7304695c797d08","name":"C.M","image":{"@type":"ImageObject","inLanguage":"fr-FR","@id":"https:\/\/vosgesinfo.fr\/epinalinfo\/#\/schema\/person\/image\/","url":"https:\/\/secure.gravatar.com\/avatar\/fe9daaef0164d920717484172682f3c5c9bcf7d42aa8c7048c76c34f0eb6c8da?s=96&d=mm&r=g","contentUrl":"https:\/\/secure.gravatar.com\/avatar\/fe9daaef0164d920717484172682f3c5c9bcf7d42aa8c7048c76c34f0eb6c8da?s=96&d=mm&r=g","caption":"C.M"},"url":"https:\/\/vosgesinfo.fr\/epinalinfo\/author\/cm88200\/"}]}},"_links":{"self":[{"href":"https:\/\/vosgesinfo.fr\/epinalinfo\/wp-json\/wp\/v2\/posts\/125568","targetHints":{"allow":["GET"]}}],"collection":[{"href":"https:\/\/vosgesinfo.fr\/epinalinfo\/wp-json\/wp\/v2\/posts"}],"about":[{"href":"https:\/\/vosgesinfo.fr\/epinalinfo\/wp-json\/wp\/v2\/types\/post"}],"author":[{"embeddable":true,"href":"https:\/\/vosgesinfo.fr\/epinalinfo\/wp-json\/wp\/v2\/users\/418"}],"replies":[{"embeddable":true,"href":"https:\/\/vosgesinfo.fr\/epinalinfo\/wp-json\/wp\/v2\/comments?post=125568"}],"version-history":[{"count":0,"href":"https:\/\/vosgesinfo.fr\/epinalinfo\/wp-json\/wp\/v2\/posts\/125568\/revisions"}],"wp:featuredmedia":[{"embeddable":true,"href":"https:\/\/vosgesinfo.fr\/epinalinfo\/wp-json\/wp\/v2\/media\/125569"}],"wp:attachment":[{"href":"https:\/\/vosgesinfo.fr\/epinalinfo\/wp-json\/wp\/v2\/media?parent=125568"}],"wp:term":[{"taxonomy":"category","embeddable":true,"href":"https:\/\/vosgesinfo.fr\/epinalinfo\/wp-json\/wp\/v2\/categories?post=125568"},{"taxonomy":"post_tag","embeddable":true,"href":"https:\/\/vosgesinfo.fr\/epinalinfo\/wp-json\/wp\/v2\/tags?post=125568"}],"curies":[{"name":"wp","href":"https:\/\/api.w.org\/{rel}","templated":true}]}}