{"id":126267,"date":"2024-12-17T07:26:19","date_gmt":"2024-12-17T06:26:19","guid":{"rendered":"https:\/\/vosgesinfo.fr\/epinalinfo\/?p=126267"},"modified":"2024-12-17T14:29:29","modified_gmt":"2024-12-17T13:29:29","slug":"renforcement-des-mesures-de-lutte-contre-la-vente-dalcool-aux-mineurs-dans-les-vosges","status":"publish","type":"post","link":"https:\/\/vosgesinfo.fr\/epinalinfo\/2024\/12\/renforcement-des-mesures-de-lutte-contre-la-vente-dalcool-aux-mineurs-dans-les-vosges\/","title":{"rendered":"Renforcement des mesures de lutte contre la vente d\u2019alcool aux mineurs dans les Vosges"},"content":{"rendered":"<h2><a href=\"https:\/\/vosgesinfo.fr\/app\/uploads\/sites\/3\/2024\/08\/201802alcool1.jpg\"><img decoding=\"async\" class=\"aligncenter size-full wp-image-78335\" src=\"https:\/\/vosgesinfo.fr\/app\/uploads\/sites\/3\/2024\/08\/201802alcool1.jpg\" alt=\"\" width=\"960\" height=\"637\" srcset=\"https:\/\/vosgesinfo.fr\/app\/uploads\/sites\/3\/2024\/08\/201802alcool1.jpg 960w, https:\/\/vosgesinfo.fr\/app\/uploads\/sites\/3\/2024\/08\/201802alcool1-300x199.jpg 300w, https:\/\/vosgesinfo.fr\/app\/uploads\/sites\/3\/2024\/08\/201802alcool1-768x510.jpg 768w\" sizes=\"(max-width: 960px) 100vw, 960px\" \/><\/a>Dans le cadre de la lutte contre la consommation d\u2019alcool par les mineurs, la pr\u00e9fecture des Vosges intensifie ses efforts pour sensibiliser les \u00e9tablissements de vente d\u2019alcool du d\u00e9partement. Ce plan d\u2019action associe pr\u00e9vention et contr\u00f4le afin de r\u00e9duire les impacts n\u00e9gatifs sur la sant\u00e9 publique, la s\u00e9curit\u00e9 routi\u00e8re et les troubles \u00e0 l\u2019ordre public.<\/h2>\n<h3>Un enjeu sanitaire majeur<\/h3>\n<p>La consommation d\u2019alcool d\u00e8s le plus jeune \u00e2ge pr\u00e9sente des risques consid\u00e9rables pour la sant\u00e9. Chez les adolescents, elle peut alt\u00e9rer le d\u00e9veloppement c\u00e9r\u00e9bral, entra\u00eener des troubles du comportement, et accro\u00eetre les risques d\u2019addictions \u00e0 long terme. Dans les Vosges, les statistiques montrent une tendance inqui\u00e9tante : l\u2019acc\u00e8s facile \u00e0 l\u2019alcool favorise une banalisation de sa consommation chez les mineurs, avec des cons\u00e9quences parfois dramatiques sur leur sant\u00e9 physique et mentale.<\/p>\n<h3>Des cons\u00e9quences sur la s\u00e9curit\u00e9 routi\u00e8re<\/h3>\n<p>L\u2019alcool demeure l\u2019une des principales causes d\u2019accidents de la route, en particulier chez les jeunes conducteurs.<br \/>\nDans les Vosges, les forces de l\u2019ordre signalent r\u00e9guli\u00e8rement des cas d\u2019accidents impliquant des mineurs ayant consomm\u00e9 de l\u2019alcool. En agissant d\u00e8s la vente, nous pouvons pr\u00e9venir ces comportements \u00e0 risque et r\u00e9duire le nombre de drames sur nos routes.<\/p>\n<h3>Des contr\u00f4les renforc\u00e9s sur le territoire<\/h3>\n<p>Les actions de pr\u00e9vention seront compl\u00e9t\u00e9es par des contr\u00f4les intensifi\u00e9s men\u00e9s par les services de l\u2019\u00c9tat. Les<br \/>\nzones sensibles, telles que les secteurs festifs ou les abords des \u00e9tablissements scolaires, seront prioritairement cibl\u00e9es.<\/p>\n<p>Pour rappel :<br \/>\n&#8211; la vente d\u2019alcool \u00e0 toute personne de moins de 18 ans est interdite et constitue une infraction<br \/>\n&#8211; il est interdit de laisser entrer un jeune de moins de 16 ans non accompagn\u00e9 par un adulte dans un d\u00e9bit de boissons.<br \/>\n&#8211; il est interdit d\u2019employer ou accueillir en stage un mineur, sauf si celui-ci est un membre de la famille jusqu\u2019au second degr\u00e9 (cousin germain) ou qu\u2019il dispose d\u2019un agr\u00e9ment accorder sous certaines conditions.<\/p>\n<p>Une mobilisation collective pour prot\u00e9ger nos jeunes<\/p>\n<p>La pr\u00e9fecture des Vosges appelle les commer\u00e7ants, familles et \u00e9ducateurs \u00e0 se mobiliser pour lutter contre la<br \/>\nconsommation pr\u00e9coce d\u2019alcool. Ensemble, nous pouvons pr\u00e9server la sant\u00e9 et la s\u00e9curit\u00e9 de notre jeunesse, tout en r\u00e9duisant les risques d\u2019accidents de la route li\u00e9s \u00e0 l\u2019alcool.<\/p>\n","protected":false},"excerpt":{"rendered":"<p>Dans le cadre de la lutte contre la consommation d\u2019alcool par les mineurs, la pr\u00e9fecture des Vosges intensifie ses efforts [&hellip;]<\/p>\n","protected":false},"author":52,"featured_media":78335,"comment_status":"open","ping_status":"open","sticky":false,"template":"","format":"standard","meta":{"footnotes":""},"categories":[22,5],"tags":[],"class_list":["post-126267","post","type-post","status-publish","format-standard","has-post-thumbnail","hentry","category-a-la-une","category-vosges"],"acf":[],"yoast_head":"<!-- This site is optimized with the Yoast SEO plugin v22.5 - https:\/\/yoast.com\/wordpress\/plugins\/seo\/ -->\n<title>Renforcement des mesures de lutte contre la vente d\u2019alcool aux mineurs dans les Vosges - Epinal Info<\/title>\n<meta name=\"robots\" content=\"index, follow, max-snippet:-1, max-image-preview:large, max-video-preview:-1\" \/>\n<link rel=\"canonical\" href=\"https:\/\/vosgesinfo.fr\/epinalinfo\/2024\/12\/renforcement-des-mesures-de-lutte-contre-la-vente-dalcool-aux-mineurs-dans-les-vosges\/\" \/>\n<meta name=\"twitter:card\" content=\"summary_large_image\" \/>\n<meta name=\"twitter:title\" content=\"Renforcement des mesures de lutte contre la vente d\u2019alcool aux mineurs dans les Vosges - Epinal Info\" \/>\n<meta name=\"twitter:description\" content=\"Dans le cadre de la lutte contre la consommation d\u2019alcool par les mineurs, la pr\u00e9fecture des Vosges intensifie ses efforts [&hellip;]\" \/>\n<meta name=\"twitter:image\" content=\"https:\/\/vosgesinfo.fr\/app\/uploads\/sites\/3\/2024\/08\/201802alcool1.jpg\" \/>\n<meta name=\"twitter:creator\" content=\"@VosgesInfo88\" \/>\n<meta name=\"twitter:site\" content=\"@VosgesInfo88\" \/>\n<meta name=\"twitter:label1\" content=\"\u00c9crit par\" \/>\n\t<meta name=\"twitter:data1\" content=\"C.K.\" \/>\n\t<meta name=\"twitter:label2\" content=\"Dur\u00e9e de lecture estim\u00e9e\" \/>\n\t<meta name=\"twitter:data2\" content=\"3 minutes\" \/>\n<script type=\"application\/ld+json\" class=\"yoast-schema-graph\">{\"@context\":\"https:\/\/schema.org\",\"@graph\":[{\"@type\":\"Article\",\"@id\":\"https:\/\/vosgesinfo.fr\/epinalinfo\/2024\/12\/renforcement-des-mesures-de-lutte-contre-la-vente-dalcool-aux-mineurs-dans-les-vosges\/#article\",\"isPartOf\":{\"@id\":\"https:\/\/vosgesinfo.fr\/epinalinfo\/2024\/12\/renforcement-des-mesures-de-lutte-contre-la-vente-dalcool-aux-mineurs-dans-les-vosges\/\"},\"author\":{\"name\":\"C.K.\",\"@id\":\"https:\/\/vosgesinfo.fr\/epinalinfo\/#\/schema\/person\/6f9a650eeea99d969b6c4ab78fccbe81\"},\"headline\":\"Renforcement des mesures de lutte contre la vente d\u2019alcool aux mineurs dans les Vosges\",\"datePublished\":\"2024-12-17T06:26:19+00:00\",\"dateModified\":\"2024-12-17T13:29:29+00:00\",\"mainEntityOfPage\":{\"@id\":\"https:\/\/vosgesinfo.fr\/epinalinfo\/2024\/12\/renforcement-des-mesures-de-lutte-contre-la-vente-dalcool-aux-mineurs-dans-les-vosges\/\"},\"wordCount\":435,\"commentCount\":0,\"publisher\":{\"@id\":\"https:\/\/vosgesinfo.fr\/epinalinfo\/#organization\"},\"image\":{\"@id\":\"https:\/\/vosgesinfo.fr\/epinalinfo\/2024\/12\/renforcement-des-mesures-de-lutte-contre-la-vente-dalcool-aux-mineurs-dans-les-vosges\/#primaryimage\"},\"thumbnailUrl\":\"https:\/\/vosgesinfo.fr\/app\/uploads\/sites\/3\/2024\/08\/201802alcool1.jpg\",\"articleSection\":[\"A la Une\",\"Vosges\"],\"inLanguage\":\"fr-FR\",\"potentialAction\":[{\"@type\":\"CommentAction\",\"name\":\"Comment\",\"target\":[\"https:\/\/vosgesinfo.fr\/epinalinfo\/2024\/12\/renforcement-des-mesures-de-lutte-contre-la-vente-dalcool-aux-mineurs-dans-les-vosges\/#respond\"]}]},{\"@type\":\"WebPage\",\"@id\":\"https:\/\/vosgesinfo.fr\/epinalinfo\/2024\/12\/renforcement-des-mesures-de-lutte-contre-la-vente-dalcool-aux-mineurs-dans-les-vosges\/\",\"url\":\"https:\/\/vosgesinfo.fr\/epinalinfo\/2024\/12\/renforcement-des-mesures-de-lutte-contre-la-vente-dalcool-aux-mineurs-dans-les-vosges\/\",\"name\":\"Renforcement des mesures de lutte contre la vente d\u2019alcool aux mineurs dans les Vosges - Epinal Info\",\"isPartOf\":{\"@id\":\"https:\/\/vosgesinfo.fr\/epinalinfo\/#website\"},\"primaryImageOfPage\":{\"@id\":\"https:\/\/vosgesinfo.fr\/epinalinfo\/2024\/12\/renforcement-des-mesures-de-lutte-contre-la-vente-dalcool-aux-mineurs-dans-les-vosges\/#primaryimage\"},\"image\":{\"@id\":\"https:\/\/vosgesinfo.fr\/epinalinfo\/2024\/12\/renforcement-des-mesures-de-lutte-contre-la-vente-dalcool-aux-mineurs-dans-les-vosges\/#primaryimage\"},\"thumbnailUrl\":\"https:\/\/vosgesinfo.fr\/app\/uploads\/sites\/3\/2024\/08\/201802alcool1.jpg\",\"datePublished\":\"2024-12-17T06:26:19+00:00\",\"dateModified\":\"2024-12-17T13:29:29+00:00\",\"breadcrumb\":{\"@id\":\"https:\/\/vosgesinfo.fr\/epinalinfo\/2024\/12\/renforcement-des-mesures-de-lutte-contre-la-vente-dalcool-aux-mineurs-dans-les-vosges\/#breadcrumb\"},\"inLanguage\":\"fr-FR\",\"potentialAction\":[{\"@type\":\"ReadAction\",\"target\":[\"https:\/\/vosgesinfo.fr\/epinalinfo\/2024\/12\/renforcement-des-mesures-de-lutte-contre-la-vente-dalcool-aux-mineurs-dans-les-vosges\/\"]}]},{\"@type\":\"ImageObject\",\"inLanguage\":\"fr-FR\",\"@id\":\"https:\/\/vosgesinfo.fr\/epinalinfo\/2024\/12\/renforcement-des-mesures-de-lutte-contre-la-vente-dalcool-aux-mineurs-dans-les-vosges\/#primaryimage\",\"url\":\"https:\/\/vosgesinfo.fr\/app\/uploads\/sites\/3\/2024\/08\/201802alcool1.jpg\",\"contentUrl\":\"https:\/\/vosgesinfo.fr\/app\/uploads\/sites\/3\/2024\/08\/201802alcool1.jpg\",\"width\":960,\"height\":637},{\"@type\":\"BreadcrumbList\",\"@id\":\"https:\/\/vosgesinfo.fr\/epinalinfo\/2024\/12\/renforcement-des-mesures-de-lutte-contre-la-vente-dalcool-aux-mineurs-dans-les-vosges\/#breadcrumb\",\"itemListElement\":[{\"@type\":\"ListItem\",\"position\":1,\"name\":\"Home\",\"item\":\"https:\/\/vosgesinfo.fr\/epinalinfo\/\"},{\"@type\":\"ListItem\",\"position\":2,\"name\":\"Renforcement des mesures de lutte contre la vente d\u2019alcool aux mineurs dans les Vosges\"}]},{\"@type\":\"WebSite\",\"@id\":\"https:\/\/vosgesinfo.fr\/epinalinfo\/#website\",\"url\":\"https:\/\/vosgesinfo.fr\/epinalinfo\/\",\"name\":\"Epinal Info\",\"description\":\"Toute l&#039;actualit\u00e9 d&#039;\u00c9pinal\",\"publisher\":{\"@id\":\"https:\/\/vosgesinfo.fr\/epinalinfo\/#organization\"},\"alternateName\":\"Toute l'actualit\u00e9 d'\u00c9pinal\",\"potentialAction\":[{\"@type\":\"SearchAction\",\"target\":{\"@type\":\"EntryPoint\",\"urlTemplate\":\"https:\/\/vosgesinfo.fr\/epinalinfo\/?s={search_term_string}\"},\"query-input\":\"required name=search_term_string\"}],\"inLanguage\":\"fr-FR\"},{\"@type\":\"Organization\",\"@id\":\"https:\/\/vosgesinfo.fr\/epinalinfo\/#organization\",\"name\":\"Epinal Info\",\"url\":\"https:\/\/vosgesinfo.fr\/epinalinfo\/\",\"logo\":{\"@type\":\"ImageObject\",\"inLanguage\":\"fr-FR\",\"@id\":\"https:\/\/vosgesinfo.fr\/epinalinfo\/#\/schema\/logo\/image\/\",\"url\":\"https:\/\/vosgesinfo.fr\/app\/uploads\/sites\/3\/2023\/08\/logo-epinalinfos.svg\",\"contentUrl\":\"https:\/\/vosgesinfo.fr\/app\/uploads\/sites\/3\/2023\/08\/logo-epinalinfos.svg\",\"width\":1,\"height\":1,\"caption\":\"Epinal Info\"},\"image\":{\"@id\":\"https:\/\/vosgesinfo.fr\/epinalinfo\/#\/schema\/logo\/image\/\"},\"sameAs\":[\"https:\/\/www.facebook.com\/Epinalinfos\",\"https:\/\/x.com\/VosgesInfo88\",\"https:\/\/www.youtube.com\/@vosgesinfo\"]},{\"@type\":\"Person\",\"@id\":\"https:\/\/vosgesinfo.fr\/epinalinfo\/#\/schema\/person\/6f9a650eeea99d969b6c4ab78fccbe81\",\"name\":\"C.K.\",\"image\":{\"@type\":\"ImageObject\",\"inLanguage\":\"fr-FR\",\"@id\":\"https:\/\/vosgesinfo.fr\/epinalinfo\/#\/schema\/person\/image\/\",\"url\":\"https:\/\/secure.gravatar.com\/avatar\/48e3fc7f8421ba8942be6b74a2b7f014ca39bc00dece156b7a8e098ae7dc87bf?s=96&d=mm&r=g\",\"contentUrl\":\"https:\/\/secure.gravatar.com\/avatar\/48e3fc7f8421ba8942be6b74a2b7f014ca39bc00dece156b7a8e098ae7dc87bf?s=96&d=mm&r=g\",\"caption\":\"C.K.\"},\"url\":\"https:\/\/vosgesinfo.fr\/epinalinfo\/author\/celia-k-n\/\"}]}<\/script>\n<!-- \/ Yoast SEO plugin. -->","yoast_head_json":{"title":"Renforcement des mesures de lutte contre la vente d\u2019alcool aux mineurs dans les Vosges - Epinal Info","robots":{"index":"index","follow":"follow","max-snippet":"max-snippet:-1","max-image-preview":"max-image-preview:large","max-video-preview":"max-video-preview:-1"},"canonical":"https:\/\/vosgesinfo.fr\/epinalinfo\/2024\/12\/renforcement-des-mesures-de-lutte-contre-la-vente-dalcool-aux-mineurs-dans-les-vosges\/","twitter_card":"summary_large_image","twitter_title":"Renforcement des mesures de lutte contre la vente d\u2019alcool aux mineurs dans les Vosges - Epinal Info","twitter_description":"Dans le cadre de la lutte contre la consommation d\u2019alcool par les mineurs, la pr\u00e9fecture des Vosges intensifie ses efforts [&hellip;]","twitter_image":"https:\/\/vosgesinfo.fr\/app\/uploads\/sites\/3\/2024\/08\/201802alcool1.jpg","twitter_creator":"@VosgesInfo88","twitter_site":"@VosgesInfo88","twitter_misc":{"\u00c9crit par":"C.K.","Dur\u00e9e de lecture estim\u00e9e":"3 minutes"},"schema":{"@context":"https:\/\/schema.org","@graph":[{"@type":"Article","@id":"https:\/\/vosgesinfo.fr\/epinalinfo\/2024\/12\/renforcement-des-mesures-de-lutte-contre-la-vente-dalcool-aux-mineurs-dans-les-vosges\/#article","isPartOf":{"@id":"https:\/\/vosgesinfo.fr\/epinalinfo\/2024\/12\/renforcement-des-mesures-de-lutte-contre-la-vente-dalcool-aux-mineurs-dans-les-vosges\/"},"author":{"name":"C.K.","@id":"https:\/\/vosgesinfo.fr\/epinalinfo\/#\/schema\/person\/6f9a650eeea99d969b6c4ab78fccbe81"},"headline":"Renforcement des mesures de lutte contre la vente d\u2019alcool aux mineurs dans les Vosges","datePublished":"2024-12-17T06:26:19+00:00","dateModified":"2024-12-17T13:29:29+00:00","mainEntityOfPage":{"@id":"https:\/\/vosgesinfo.fr\/epinalinfo\/2024\/12\/renforcement-des-mesures-de-lutte-contre-la-vente-dalcool-aux-mineurs-dans-les-vosges\/"},"wordCount":435,"commentCount":0,"publisher":{"@id":"https:\/\/vosgesinfo.fr\/epinalinfo\/#organization"},"image":{"@id":"https:\/\/vosgesinfo.fr\/epinalinfo\/2024\/12\/renforcement-des-mesures-de-lutte-contre-la-vente-dalcool-aux-mineurs-dans-les-vosges\/#primaryimage"},"thumbnailUrl":"https:\/\/vosgesinfo.fr\/app\/uploads\/sites\/3\/2024\/08\/201802alcool1.jpg","articleSection":["A la Une","Vosges"],"inLanguage":"fr-FR","potentialAction":[{"@type":"CommentAction","name":"Comment","target":["https:\/\/vosgesinfo.fr\/epinalinfo\/2024\/12\/renforcement-des-mesures-de-lutte-contre-la-vente-dalcool-aux-mineurs-dans-les-vosges\/#respond"]}]},{"@type":"WebPage","@id":"https:\/\/vosgesinfo.fr\/epinalinfo\/2024\/12\/renforcement-des-mesures-de-lutte-contre-la-vente-dalcool-aux-mineurs-dans-les-vosges\/","url":"https:\/\/vosgesinfo.fr\/epinalinfo\/2024\/12\/renforcement-des-mesures-de-lutte-contre-la-vente-dalcool-aux-mineurs-dans-les-vosges\/","name":"Renforcement des mesures de lutte contre la vente d\u2019alcool aux mineurs dans les Vosges - Epinal Info","isPartOf":{"@id":"https:\/\/vosgesinfo.fr\/epinalinfo\/#website"},"primaryImageOfPage":{"@id":"https:\/\/vosgesinfo.fr\/epinalinfo\/2024\/12\/renforcement-des-mesures-de-lutte-contre-la-vente-dalcool-aux-mineurs-dans-les-vosges\/#primaryimage"},"image":{"@id":"https:\/\/vosgesinfo.fr\/epinalinfo\/2024\/12\/renforcement-des-mesures-de-lutte-contre-la-vente-dalcool-aux-mineurs-dans-les-vosges\/#primaryimage"},"thumbnailUrl":"https:\/\/vosgesinfo.fr\/app\/uploads\/sites\/3\/2024\/08\/201802alcool1.jpg","datePublished":"2024-12-17T06:26:19+00:00","dateModified":"2024-12-17T13:29:29+00:00","breadcrumb":{"@id":"https:\/\/vosgesinfo.fr\/epinalinfo\/2024\/12\/renforcement-des-mesures-de-lutte-contre-la-vente-dalcool-aux-mineurs-dans-les-vosges\/#breadcrumb"},"inLanguage":"fr-FR","potentialAction":[{"@type":"ReadAction","target":["https:\/\/vosgesinfo.fr\/epinalinfo\/2024\/12\/renforcement-des-mesures-de-lutte-contre-la-vente-dalcool-aux-mineurs-dans-les-vosges\/"]}]},{"@type":"ImageObject","inLanguage":"fr-FR","@id":"https:\/\/vosgesinfo.fr\/epinalinfo\/2024\/12\/renforcement-des-mesures-de-lutte-contre-la-vente-dalcool-aux-mineurs-dans-les-vosges\/#primaryimage","url":"https:\/\/vosgesinfo.fr\/app\/uploads\/sites\/3\/2024\/08\/201802alcool1.jpg","contentUrl":"https:\/\/vosgesinfo.fr\/app\/uploads\/sites\/3\/2024\/08\/201802alcool1.jpg","width":960,"height":637},{"@type":"BreadcrumbList","@id":"https:\/\/vosgesinfo.fr\/epinalinfo\/2024\/12\/renforcement-des-mesures-de-lutte-contre-la-vente-dalcool-aux-mineurs-dans-les-vosges\/#breadcrumb","itemListElement":[{"@type":"ListItem","position":1,"name":"Home","item":"https:\/\/vosgesinfo.fr\/epinalinfo\/"},{"@type":"ListItem","position":2,"name":"Renforcement des mesures de lutte contre la vente d\u2019alcool aux mineurs dans les Vosges"}]},{"@type":"WebSite","@id":"https:\/\/vosgesinfo.fr\/epinalinfo\/#website","url":"https:\/\/vosgesinfo.fr\/epinalinfo\/","name":"Epinal Info","description":"Toute l&#039;actualit\u00e9 d&#039;\u00c9pinal","publisher":{"@id":"https:\/\/vosgesinfo.fr\/epinalinfo\/#organization"},"alternateName":"Toute l'actualit\u00e9 d'\u00c9pinal","potentialAction":[{"@type":"SearchAction","target":{"@type":"EntryPoint","urlTemplate":"https:\/\/vosgesinfo.fr\/epinalinfo\/?s={search_term_string}"},"query-input":"required name=search_term_string"}],"inLanguage":"fr-FR"},{"@type":"Organization","@id":"https:\/\/vosgesinfo.fr\/epinalinfo\/#organization","name":"Epinal Info","url":"https:\/\/vosgesinfo.fr\/epinalinfo\/","logo":{"@type":"ImageObject","inLanguage":"fr-FR","@id":"https:\/\/vosgesinfo.fr\/epinalinfo\/#\/schema\/logo\/image\/","url":"https:\/\/vosgesinfo.fr\/app\/uploads\/sites\/3\/2023\/08\/logo-epinalinfos.svg","contentUrl":"https:\/\/vosgesinfo.fr\/app\/uploads\/sites\/3\/2023\/08\/logo-epinalinfos.svg","width":1,"height":1,"caption":"Epinal Info"},"image":{"@id":"https:\/\/vosgesinfo.fr\/epinalinfo\/#\/schema\/logo\/image\/"},"sameAs":["https:\/\/www.facebook.com\/Epinalinfos","https:\/\/x.com\/VosgesInfo88","https:\/\/www.youtube.com\/@vosgesinfo"]},{"@type":"Person","@id":"https:\/\/vosgesinfo.fr\/epinalinfo\/#\/schema\/person\/6f9a650eeea99d969b6c4ab78fccbe81","name":"C.K.","image":{"@type":"ImageObject","inLanguage":"fr-FR","@id":"https:\/\/vosgesinfo.fr\/epinalinfo\/#\/schema\/person\/image\/","url":"https:\/\/secure.gravatar.com\/avatar\/48e3fc7f8421ba8942be6b74a2b7f014ca39bc00dece156b7a8e098ae7dc87bf?s=96&d=mm&r=g","contentUrl":"https:\/\/secure.gravatar.com\/avatar\/48e3fc7f8421ba8942be6b74a2b7f014ca39bc00dece156b7a8e098ae7dc87bf?s=96&d=mm&r=g","caption":"C.K."},"url":"https:\/\/vosgesinfo.fr\/epinalinfo\/author\/celia-k-n\/"}]}},"_links":{"self":[{"href":"https:\/\/vosgesinfo.fr\/epinalinfo\/wp-json\/wp\/v2\/posts\/126267","targetHints":{"allow":["GET"]}}],"collection":[{"href":"https:\/\/vosgesinfo.fr\/epinalinfo\/wp-json\/wp\/v2\/posts"}],"about":[{"href":"https:\/\/vosgesinfo.fr\/epinalinfo\/wp-json\/wp\/v2\/types\/post"}],"author":[{"embeddable":true,"href":"https:\/\/vosgesinfo.fr\/epinalinfo\/wp-json\/wp\/v2\/users\/52"}],"replies":[{"embeddable":true,"href":"https:\/\/vosgesinfo.fr\/epinalinfo\/wp-json\/wp\/v2\/comments?post=126267"}],"version-history":[{"count":1,"href":"https:\/\/vosgesinfo.fr\/epinalinfo\/wp-json\/wp\/v2\/posts\/126267\/revisions"}],"predecessor-version":[{"id":126268,"href":"https:\/\/vosgesinfo.fr\/epinalinfo\/wp-json\/wp\/v2\/posts\/126267\/revisions\/126268"}],"wp:featuredmedia":[{"embeddable":true,"href":"https:\/\/vosgesinfo.fr\/epinalinfo\/wp-json\/wp\/v2\/media\/78335"}],"wp:attachment":[{"href":"https:\/\/vosgesinfo.fr\/epinalinfo\/wp-json\/wp\/v2\/media?parent=126267"}],"wp:term":[{"taxonomy":"category","embeddable":true,"href":"https:\/\/vosgesinfo.fr\/epinalinfo\/wp-json\/wp\/v2\/categories?post=126267"},{"taxonomy":"post_tag","embeddable":true,"href":"https:\/\/vosgesinfo.fr\/epinalinfo\/wp-json\/wp\/v2\/tags?post=126267"}],"curies":[{"name":"wp","href":"https:\/\/api.w.org\/{rel}","templated":true}]}}