{"id":126269,"date":"2024-12-17T07:28:03","date_gmt":"2024-12-17T06:28:03","guid":{"rendered":"https:\/\/vosgesinfo.fr\/epinalinfo\/?p=126269"},"modified":"2024-12-17T14:29:02","modified_gmt":"2024-12-17T13:29:02","slug":"philippe-roussel-vous-invite-a-un-gouter-concert-au-lavoir-theatre","status":"publish","type":"post","link":"https:\/\/vosgesinfo.fr\/epinalinfo\/2024\/12\/philippe-roussel-vous-invite-a-un-gouter-concert-au-lavoir-theatre\/","title":{"rendered":"Philippe Roussel vous invite \u00e0 un go\u00fbter-concert au Lavoir-Th\u00e9\u00e2tre"},"content":{"rendered":"<p class=\"x_MsoNormal\"><span data-olk-copy-source=\"MessageBody\"><a href=\"https:\/\/vosgesinfo.fr\/app\/uploads\/sites\/3\/2024\/12\/thumbnail-affiche-defi-2i.jpg\"><img decoding=\"async\" class=\"aligncenter size-large wp-image-126270\" src=\"https:\/\/vosgesinfo.fr\/app\/uploads\/sites\/3\/2024\/12\/thumbnail-affiche-defi-2i-727x1024.jpg\" alt=\"\" width=\"727\" height=\"1024\" srcset=\"https:\/\/vosgesinfo.fr\/app\/uploads\/sites\/3\/2024\/12\/thumbnail-affiche-defi-2i-727x1024.jpg 727w, https:\/\/vosgesinfo.fr\/app\/uploads\/sites\/3\/2024\/12\/thumbnail-affiche-defi-2i-213x300.jpg 213w, https:\/\/vosgesinfo.fr\/app\/uploads\/sites\/3\/2024\/12\/thumbnail-affiche-defi-2i-768x1081.jpg 768w, https:\/\/vosgesinfo.fr\/app\/uploads\/sites\/3\/2024\/12\/thumbnail-affiche-defi-2i-1091x1536.jpg 1091w, https:\/\/vosgesinfo.fr\/app\/uploads\/sites\/3\/2024\/12\/thumbnail-affiche-defi-2i.jpg 1260w\" sizes=\"(max-width: 727px) 100vw, 727px\" \/><\/a>Comme presque tous les ans, traditionnellement, Philippe Roussel vous invite \u00e0 un go\u00fbter-concert au Lavoir-Th\u00e9\u00e2tre. Dans le cadre des festivit\u00e9s de fin d\u2019ann\u00e9e, un moment convivial \u00e0\u00a0 <\/span>passer en famille. R\u00e9servations conseill\u00e9es.<\/p>\n","protected":false},"excerpt":{"rendered":"<p>Comme presque tous les ans, traditionnellement, Philippe Roussel vous invite \u00e0 un go\u00fbter-concert au Lavoir-Th\u00e9\u00e2tre. Dans le cadre des festivit\u00e9s [&hellip;]<\/p>\n","protected":false},"author":52,"featured_media":126270,"comment_status":"open","ping_status":"open","sticky":false,"template":"","format":"standard","meta":{"footnotes":""},"categories":[22,2,24],"tags":[],"class_list":["post-126269","post","type-post","status-publish","format-standard","has-post-thumbnail","hentry","category-a-la-une","category-breves","category-epinal"],"acf":[],"yoast_head":"<!-- This site is optimized with the Yoast SEO plugin v22.5 - https:\/\/yoast.com\/wordpress\/plugins\/seo\/ -->\n<title>Philippe Roussel vous invite \u00e0 un go\u00fbter-concert au Lavoir-Th\u00e9\u00e2tre - Epinal Info<\/title>\n<meta name=\"robots\" content=\"index, follow, max-snippet:-1, max-image-preview:large, max-video-preview:-1\" \/>\n<link rel=\"canonical\" href=\"https:\/\/vosgesinfo.fr\/epinalinfo\/2024\/12\/philippe-roussel-vous-invite-a-un-gouter-concert-au-lavoir-theatre\/\" \/>\n<meta name=\"twitter:card\" content=\"summary_large_image\" \/>\n<meta name=\"twitter:title\" content=\"Philippe Roussel vous invite \u00e0 un go\u00fbter-concert au Lavoir-Th\u00e9\u00e2tre - Epinal Info\" \/>\n<meta name=\"twitter:description\" content=\"Comme presque tous les ans, traditionnellement, Philippe Roussel vous invite \u00e0 un go\u00fbter-concert au Lavoir-Th\u00e9\u00e2tre. Dans le cadre des festivit\u00e9s [&hellip;]\" \/>\n<meta name=\"twitter:image\" content=\"https:\/\/vosgesinfo.fr\/app\/uploads\/sites\/3\/2024\/12\/thumbnail-affiche-defi-2i.jpg\" \/>\n<meta name=\"twitter:creator\" content=\"@VosgesInfo88\" \/>\n<meta name=\"twitter:site\" content=\"@VosgesInfo88\" \/>\n<meta name=\"twitter:label1\" content=\"\u00c9crit par\" \/>\n\t<meta name=\"twitter:data1\" content=\"C.K.\" \/>\n\t<meta name=\"twitter:label2\" content=\"Dur\u00e9e de lecture estim\u00e9e\" \/>\n\t<meta name=\"twitter:data2\" content=\"1 minute\" \/>\n<script type=\"application\/ld+json\" class=\"yoast-schema-graph\">{\"@context\":\"https:\/\/schema.org\",\"@graph\":[{\"@type\":\"Article\",\"@id\":\"https:\/\/vosgesinfo.fr\/epinalinfo\/2024\/12\/philippe-roussel-vous-invite-a-un-gouter-concert-au-lavoir-theatre\/#article\",\"isPartOf\":{\"@id\":\"https:\/\/vosgesinfo.fr\/epinalinfo\/2024\/12\/philippe-roussel-vous-invite-a-un-gouter-concert-au-lavoir-theatre\/\"},\"author\":{\"name\":\"C.K.\",\"@id\":\"https:\/\/vosgesinfo.fr\/epinalinfo\/#\/schema\/person\/6f9a650eeea99d969b6c4ab78fccbe81\"},\"headline\":\"Philippe Roussel vous invite \u00e0 un go\u00fbter-concert au Lavoir-Th\u00e9\u00e2tre\",\"datePublished\":\"2024-12-17T06:28:03+00:00\",\"dateModified\":\"2024-12-17T13:29:02+00:00\",\"mainEntityOfPage\":{\"@id\":\"https:\/\/vosgesinfo.fr\/epinalinfo\/2024\/12\/philippe-roussel-vous-invite-a-un-gouter-concert-au-lavoir-theatre\/\"},\"wordCount\":47,\"commentCount\":0,\"publisher\":{\"@id\":\"https:\/\/vosgesinfo.fr\/epinalinfo\/#organization\"},\"image\":{\"@id\":\"https:\/\/vosgesinfo.fr\/epinalinfo\/2024\/12\/philippe-roussel-vous-invite-a-un-gouter-concert-au-lavoir-theatre\/#primaryimage\"},\"thumbnailUrl\":\"https:\/\/vosgesinfo.fr\/app\/uploads\/sites\/3\/2024\/12\/thumbnail-affiche-defi-2i.jpg\",\"articleSection\":[\"A la Une\",\"Br\u00e8ves\",\"Epinal\"],\"inLanguage\":\"fr-FR\",\"potentialAction\":[{\"@type\":\"CommentAction\",\"name\":\"Comment\",\"target\":[\"https:\/\/vosgesinfo.fr\/epinalinfo\/2024\/12\/philippe-roussel-vous-invite-a-un-gouter-concert-au-lavoir-theatre\/#respond\"]}]},{\"@type\":\"WebPage\",\"@id\":\"https:\/\/vosgesinfo.fr\/epinalinfo\/2024\/12\/philippe-roussel-vous-invite-a-un-gouter-concert-au-lavoir-theatre\/\",\"url\":\"https:\/\/vosgesinfo.fr\/epinalinfo\/2024\/12\/philippe-roussel-vous-invite-a-un-gouter-concert-au-lavoir-theatre\/\",\"name\":\"Philippe Roussel vous invite \u00e0 un go\u00fbter-concert au Lavoir-Th\u00e9\u00e2tre - Epinal Info\",\"isPartOf\":{\"@id\":\"https:\/\/vosgesinfo.fr\/epinalinfo\/#website\"},\"primaryImageOfPage\":{\"@id\":\"https:\/\/vosgesinfo.fr\/epinalinfo\/2024\/12\/philippe-roussel-vous-invite-a-un-gouter-concert-au-lavoir-theatre\/#primaryimage\"},\"image\":{\"@id\":\"https:\/\/vosgesinfo.fr\/epinalinfo\/2024\/12\/philippe-roussel-vous-invite-a-un-gouter-concert-au-lavoir-theatre\/#primaryimage\"},\"thumbnailUrl\":\"https:\/\/vosgesinfo.fr\/app\/uploads\/sites\/3\/2024\/12\/thumbnail-affiche-defi-2i.jpg\",\"datePublished\":\"2024-12-17T06:28:03+00:00\",\"dateModified\":\"2024-12-17T13:29:02+00:00\",\"breadcrumb\":{\"@id\":\"https:\/\/vosgesinfo.fr\/epinalinfo\/2024\/12\/philippe-roussel-vous-invite-a-un-gouter-concert-au-lavoir-theatre\/#breadcrumb\"},\"inLanguage\":\"fr-FR\",\"potentialAction\":[{\"@type\":\"ReadAction\",\"target\":[\"https:\/\/vosgesinfo.fr\/epinalinfo\/2024\/12\/philippe-roussel-vous-invite-a-un-gouter-concert-au-lavoir-theatre\/\"]}]},{\"@type\":\"ImageObject\",\"inLanguage\":\"fr-FR\",\"@id\":\"https:\/\/vosgesinfo.fr\/epinalinfo\/2024\/12\/philippe-roussel-vous-invite-a-un-gouter-concert-au-lavoir-theatre\/#primaryimage\",\"url\":\"https:\/\/vosgesinfo.fr\/app\/uploads\/sites\/3\/2024\/12\/thumbnail-affiche-defi-2i.jpg\",\"contentUrl\":\"https:\/\/vosgesinfo.fr\/app\/uploads\/sites\/3\/2024\/12\/thumbnail-affiche-defi-2i.jpg\",\"width\":1260,\"height\":1774},{\"@type\":\"BreadcrumbList\",\"@id\":\"https:\/\/vosgesinfo.fr\/epinalinfo\/2024\/12\/philippe-roussel-vous-invite-a-un-gouter-concert-au-lavoir-theatre\/#breadcrumb\",\"itemListElement\":[{\"@type\":\"ListItem\",\"position\":1,\"name\":\"Home\",\"item\":\"https:\/\/vosgesinfo.fr\/epinalinfo\/\"},{\"@type\":\"ListItem\",\"position\":2,\"name\":\"Philippe Roussel vous invite \u00e0 un go\u00fbter-concert au Lavoir-Th\u00e9\u00e2tre\"}]},{\"@type\":\"WebSite\",\"@id\":\"https:\/\/vosgesinfo.fr\/epinalinfo\/#website\",\"url\":\"https:\/\/vosgesinfo.fr\/epinalinfo\/\",\"name\":\"Epinal Info\",\"description\":\"Toute l&#039;actualit\u00e9 d&#039;\u00c9pinal\",\"publisher\":{\"@id\":\"https:\/\/vosgesinfo.fr\/epinalinfo\/#organization\"},\"alternateName\":\"Toute l'actualit\u00e9 d'\u00c9pinal\",\"potentialAction\":[{\"@type\":\"SearchAction\",\"target\":{\"@type\":\"EntryPoint\",\"urlTemplate\":\"https:\/\/vosgesinfo.fr\/epinalinfo\/?s={search_term_string}\"},\"query-input\":\"required name=search_term_string\"}],\"inLanguage\":\"fr-FR\"},{\"@type\":\"Organization\",\"@id\":\"https:\/\/vosgesinfo.fr\/epinalinfo\/#organization\",\"name\":\"Epinal Info\",\"url\":\"https:\/\/vosgesinfo.fr\/epinalinfo\/\",\"logo\":{\"@type\":\"ImageObject\",\"inLanguage\":\"fr-FR\",\"@id\":\"https:\/\/vosgesinfo.fr\/epinalinfo\/#\/schema\/logo\/image\/\",\"url\":\"https:\/\/vosgesinfo.fr\/app\/uploads\/sites\/3\/2023\/08\/logo-epinalinfos.svg\",\"contentUrl\":\"https:\/\/vosgesinfo.fr\/app\/uploads\/sites\/3\/2023\/08\/logo-epinalinfos.svg\",\"width\":1,\"height\":1,\"caption\":\"Epinal Info\"},\"image\":{\"@id\":\"https:\/\/vosgesinfo.fr\/epinalinfo\/#\/schema\/logo\/image\/\"},\"sameAs\":[\"https:\/\/www.facebook.com\/Epinalinfos\",\"https:\/\/x.com\/VosgesInfo88\",\"https:\/\/www.youtube.com\/@vosgesinfo\"]},{\"@type\":\"Person\",\"@id\":\"https:\/\/vosgesinfo.fr\/epinalinfo\/#\/schema\/person\/6f9a650eeea99d969b6c4ab78fccbe81\",\"name\":\"C.K.\",\"image\":{\"@type\":\"ImageObject\",\"inLanguage\":\"fr-FR\",\"@id\":\"https:\/\/vosgesinfo.fr\/epinalinfo\/#\/schema\/person\/image\/\",\"url\":\"https:\/\/secure.gravatar.com\/avatar\/48e3fc7f8421ba8942be6b74a2b7f014ca39bc00dece156b7a8e098ae7dc87bf?s=96&d=mm&r=g\",\"contentUrl\":\"https:\/\/secure.gravatar.com\/avatar\/48e3fc7f8421ba8942be6b74a2b7f014ca39bc00dece156b7a8e098ae7dc87bf?s=96&d=mm&r=g\",\"caption\":\"C.K.\"},\"url\":\"https:\/\/vosgesinfo.fr\/epinalinfo\/author\/celia-k-n\/\"}]}<\/script>\n<!-- \/ Yoast SEO plugin. -->","yoast_head_json":{"title":"Philippe Roussel vous invite \u00e0 un go\u00fbter-concert au Lavoir-Th\u00e9\u00e2tre - Epinal Info","robots":{"index":"index","follow":"follow","max-snippet":"max-snippet:-1","max-image-preview":"max-image-preview:large","max-video-preview":"max-video-preview:-1"},"canonical":"https:\/\/vosgesinfo.fr\/epinalinfo\/2024\/12\/philippe-roussel-vous-invite-a-un-gouter-concert-au-lavoir-theatre\/","twitter_card":"summary_large_image","twitter_title":"Philippe Roussel vous invite \u00e0 un go\u00fbter-concert au Lavoir-Th\u00e9\u00e2tre - Epinal Info","twitter_description":"Comme presque tous les ans, traditionnellement, Philippe Roussel vous invite \u00e0 un go\u00fbter-concert au Lavoir-Th\u00e9\u00e2tre. Dans le cadre des festivit\u00e9s [&hellip;]","twitter_image":"https:\/\/vosgesinfo.fr\/app\/uploads\/sites\/3\/2024\/12\/thumbnail-affiche-defi-2i.jpg","twitter_creator":"@VosgesInfo88","twitter_site":"@VosgesInfo88","twitter_misc":{"\u00c9crit par":"C.K.","Dur\u00e9e de lecture estim\u00e9e":"1 minute"},"schema":{"@context":"https:\/\/schema.org","@graph":[{"@type":"Article","@id":"https:\/\/vosgesinfo.fr\/epinalinfo\/2024\/12\/philippe-roussel-vous-invite-a-un-gouter-concert-au-lavoir-theatre\/#article","isPartOf":{"@id":"https:\/\/vosgesinfo.fr\/epinalinfo\/2024\/12\/philippe-roussel-vous-invite-a-un-gouter-concert-au-lavoir-theatre\/"},"author":{"name":"C.K.","@id":"https:\/\/vosgesinfo.fr\/epinalinfo\/#\/schema\/person\/6f9a650eeea99d969b6c4ab78fccbe81"},"headline":"Philippe Roussel vous invite \u00e0 un go\u00fbter-concert au Lavoir-Th\u00e9\u00e2tre","datePublished":"2024-12-17T06:28:03+00:00","dateModified":"2024-12-17T13:29:02+00:00","mainEntityOfPage":{"@id":"https:\/\/vosgesinfo.fr\/epinalinfo\/2024\/12\/philippe-roussel-vous-invite-a-un-gouter-concert-au-lavoir-theatre\/"},"wordCount":47,"commentCount":0,"publisher":{"@id":"https:\/\/vosgesinfo.fr\/epinalinfo\/#organization"},"image":{"@id":"https:\/\/vosgesinfo.fr\/epinalinfo\/2024\/12\/philippe-roussel-vous-invite-a-un-gouter-concert-au-lavoir-theatre\/#primaryimage"},"thumbnailUrl":"https:\/\/vosgesinfo.fr\/app\/uploads\/sites\/3\/2024\/12\/thumbnail-affiche-defi-2i.jpg","articleSection":["A la Une","Br\u00e8ves","Epinal"],"inLanguage":"fr-FR","potentialAction":[{"@type":"CommentAction","name":"Comment","target":["https:\/\/vosgesinfo.fr\/epinalinfo\/2024\/12\/philippe-roussel-vous-invite-a-un-gouter-concert-au-lavoir-theatre\/#respond"]}]},{"@type":"WebPage","@id":"https:\/\/vosgesinfo.fr\/epinalinfo\/2024\/12\/philippe-roussel-vous-invite-a-un-gouter-concert-au-lavoir-theatre\/","url":"https:\/\/vosgesinfo.fr\/epinalinfo\/2024\/12\/philippe-roussel-vous-invite-a-un-gouter-concert-au-lavoir-theatre\/","name":"Philippe Roussel vous invite \u00e0 un go\u00fbter-concert au Lavoir-Th\u00e9\u00e2tre - Epinal Info","isPartOf":{"@id":"https:\/\/vosgesinfo.fr\/epinalinfo\/#website"},"primaryImageOfPage":{"@id":"https:\/\/vosgesinfo.fr\/epinalinfo\/2024\/12\/philippe-roussel-vous-invite-a-un-gouter-concert-au-lavoir-theatre\/#primaryimage"},"image":{"@id":"https:\/\/vosgesinfo.fr\/epinalinfo\/2024\/12\/philippe-roussel-vous-invite-a-un-gouter-concert-au-lavoir-theatre\/#primaryimage"},"thumbnailUrl":"https:\/\/vosgesinfo.fr\/app\/uploads\/sites\/3\/2024\/12\/thumbnail-affiche-defi-2i.jpg","datePublished":"2024-12-17T06:28:03+00:00","dateModified":"2024-12-17T13:29:02+00:00","breadcrumb":{"@id":"https:\/\/vosgesinfo.fr\/epinalinfo\/2024\/12\/philippe-roussel-vous-invite-a-un-gouter-concert-au-lavoir-theatre\/#breadcrumb"},"inLanguage":"fr-FR","potentialAction":[{"@type":"ReadAction","target":["https:\/\/vosgesinfo.fr\/epinalinfo\/2024\/12\/philippe-roussel-vous-invite-a-un-gouter-concert-au-lavoir-theatre\/"]}]},{"@type":"ImageObject","inLanguage":"fr-FR","@id":"https:\/\/vosgesinfo.fr\/epinalinfo\/2024\/12\/philippe-roussel-vous-invite-a-un-gouter-concert-au-lavoir-theatre\/#primaryimage","url":"https:\/\/vosgesinfo.fr\/app\/uploads\/sites\/3\/2024\/12\/thumbnail-affiche-defi-2i.jpg","contentUrl":"https:\/\/vosgesinfo.fr\/app\/uploads\/sites\/3\/2024\/12\/thumbnail-affiche-defi-2i.jpg","width":1260,"height":1774},{"@type":"BreadcrumbList","@id":"https:\/\/vosgesinfo.fr\/epinalinfo\/2024\/12\/philippe-roussel-vous-invite-a-un-gouter-concert-au-lavoir-theatre\/#breadcrumb","itemListElement":[{"@type":"ListItem","position":1,"name":"Home","item":"https:\/\/vosgesinfo.fr\/epinalinfo\/"},{"@type":"ListItem","position":2,"name":"Philippe Roussel vous invite \u00e0 un go\u00fbter-concert au Lavoir-Th\u00e9\u00e2tre"}]},{"@type":"WebSite","@id":"https:\/\/vosgesinfo.fr\/epinalinfo\/#website","url":"https:\/\/vosgesinfo.fr\/epinalinfo\/","name":"Epinal Info","description":"Toute l&#039;actualit\u00e9 d&#039;\u00c9pinal","publisher":{"@id":"https:\/\/vosgesinfo.fr\/epinalinfo\/#organization"},"alternateName":"Toute l'actualit\u00e9 d'\u00c9pinal","potentialAction":[{"@type":"SearchAction","target":{"@type":"EntryPoint","urlTemplate":"https:\/\/vosgesinfo.fr\/epinalinfo\/?s={search_term_string}"},"query-input":"required name=search_term_string"}],"inLanguage":"fr-FR"},{"@type":"Organization","@id":"https:\/\/vosgesinfo.fr\/epinalinfo\/#organization","name":"Epinal Info","url":"https:\/\/vosgesinfo.fr\/epinalinfo\/","logo":{"@type":"ImageObject","inLanguage":"fr-FR","@id":"https:\/\/vosgesinfo.fr\/epinalinfo\/#\/schema\/logo\/image\/","url":"https:\/\/vosgesinfo.fr\/app\/uploads\/sites\/3\/2023\/08\/logo-epinalinfos.svg","contentUrl":"https:\/\/vosgesinfo.fr\/app\/uploads\/sites\/3\/2023\/08\/logo-epinalinfos.svg","width":1,"height":1,"caption":"Epinal Info"},"image":{"@id":"https:\/\/vosgesinfo.fr\/epinalinfo\/#\/schema\/logo\/image\/"},"sameAs":["https:\/\/www.facebook.com\/Epinalinfos","https:\/\/x.com\/VosgesInfo88","https:\/\/www.youtube.com\/@vosgesinfo"]},{"@type":"Person","@id":"https:\/\/vosgesinfo.fr\/epinalinfo\/#\/schema\/person\/6f9a650eeea99d969b6c4ab78fccbe81","name":"C.K.","image":{"@type":"ImageObject","inLanguage":"fr-FR","@id":"https:\/\/vosgesinfo.fr\/epinalinfo\/#\/schema\/person\/image\/","url":"https:\/\/secure.gravatar.com\/avatar\/48e3fc7f8421ba8942be6b74a2b7f014ca39bc00dece156b7a8e098ae7dc87bf?s=96&d=mm&r=g","contentUrl":"https:\/\/secure.gravatar.com\/avatar\/48e3fc7f8421ba8942be6b74a2b7f014ca39bc00dece156b7a8e098ae7dc87bf?s=96&d=mm&r=g","caption":"C.K."},"url":"https:\/\/vosgesinfo.fr\/epinalinfo\/author\/celia-k-n\/"}]}},"_links":{"self":[{"href":"https:\/\/vosgesinfo.fr\/epinalinfo\/wp-json\/wp\/v2\/posts\/126269","targetHints":{"allow":["GET"]}}],"collection":[{"href":"https:\/\/vosgesinfo.fr\/epinalinfo\/wp-json\/wp\/v2\/posts"}],"about":[{"href":"https:\/\/vosgesinfo.fr\/epinalinfo\/wp-json\/wp\/v2\/types\/post"}],"author":[{"embeddable":true,"href":"https:\/\/vosgesinfo.fr\/epinalinfo\/wp-json\/wp\/v2\/users\/52"}],"replies":[{"embeddable":true,"href":"https:\/\/vosgesinfo.fr\/epinalinfo\/wp-json\/wp\/v2\/comments?post=126269"}],"version-history":[{"count":1,"href":"https:\/\/vosgesinfo.fr\/epinalinfo\/wp-json\/wp\/v2\/posts\/126269\/revisions"}],"predecessor-version":[{"id":126271,"href":"https:\/\/vosgesinfo.fr\/epinalinfo\/wp-json\/wp\/v2\/posts\/126269\/revisions\/126271"}],"wp:featuredmedia":[{"embeddable":true,"href":"https:\/\/vosgesinfo.fr\/epinalinfo\/wp-json\/wp\/v2\/media\/126270"}],"wp:attachment":[{"href":"https:\/\/vosgesinfo.fr\/epinalinfo\/wp-json\/wp\/v2\/media?parent=126269"}],"wp:term":[{"taxonomy":"category","embeddable":true,"href":"https:\/\/vosgesinfo.fr\/epinalinfo\/wp-json\/wp\/v2\/categories?post=126269"},{"taxonomy":"post_tag","embeddable":true,"href":"https:\/\/vosgesinfo.fr\/epinalinfo\/wp-json\/wp\/v2\/tags?post=126269"}],"curies":[{"name":"wp","href":"https:\/\/api.w.org\/{rel}","templated":true}]}}