{"id":126449,"date":"2024-12-20T11:37:17","date_gmt":"2024-12-20T10:37:17","guid":{"rendered":"https:\/\/vosgesinfo.fr\/epinalinfo\/?p=126449"},"modified":"2024-12-20T11:41:24","modified_gmt":"2024-12-20T10:41:24","slug":"a-epinal-les-elus-veulent-preserver-les-arbres-en-ville-et-les-forets","status":"publish","type":"post","link":"https:\/\/vosgesinfo.fr\/epinalinfo\/2024\/12\/a-epinal-les-elus-veulent-preserver-les-arbres-en-ville-et-les-forets\/","title":{"rendered":"A \u00c9pinal, les \u00e9lus veulent pr\u00e9server les arbres en ville et les for\u00eats"},"content":{"rendered":"<h2><a href=\"https:\/\/vosgesinfo.fr\/app\/uploads\/sites\/3\/2024\/10\/arbres.jpg\"><img decoding=\"async\" class=\"aligncenter size-full wp-image-123050\" src=\"https:\/\/vosgesinfo.fr\/app\/uploads\/sites\/3\/2024\/10\/arbres.jpg\" alt=\"\" width=\"960\" height=\"640\" srcset=\"https:\/\/vosgesinfo.fr\/app\/uploads\/sites\/3\/2024\/10\/arbres.jpg 960w, https:\/\/vosgesinfo.fr\/app\/uploads\/sites\/3\/2024\/10\/arbres-300x200.jpg 300w, https:\/\/vosgesinfo.fr\/app\/uploads\/sites\/3\/2024\/10\/arbres-768x512.jpg 768w\" sizes=\"(max-width: 960px) 100vw, 960px\" \/><\/a>Le dernier Conseil municipal d\u2019Epinal a d\u00e9but\u00e9 sur la gestion des arbres de la commune : arbres en ville et am\u00e9nagement forestier. Ces deux plans s\u2019inscrivent en continuit\u00e9 des conclusions du dernier rapport de la Cour R\u00e9gionale des comptes concernant la politique foresti\u00e8re. Leur conclusion : la n\u00e9cessit\u00e9 d\u2019anticiper l\u2019impact du r\u00e9chauffement climatique sur l\u2019arbre<\/h2>\n<p>Sur la commune d\u2019\u00c9pinal, 60% du territoire est couvert de for\u00eats (3550 hectares), \u00e0 cela, il faut ajouter les parcs urbains et les 4620 arbres urbains.<\/p>\n<p><em>\u00a0\u00ab\u00a0Cela n\u00e9cessite un plan de gestion adapt\u00e9. Il faut prendre en compte les enjeux propres aux arbres dans un contexte de r\u00e9chauffement climatique.\u00a0\u00bb<\/em> explique le maire d\u2019\u00c9pinal, Patrick Nardin.<\/p>\n<p>La ville d\u2019\u00c9pinal a donc cherch\u00e9 \u00e0 mettre un place un plan globale s\u2019appuyant sur deux axes : le plan Canop\u00e9e et le plan d\u2019am\u00e9nagement forestier.<\/p>\n<p><a href=\"https:\/\/vosgesinfo.fr\/app\/uploads\/sites\/3\/2024\/12\/conseil-municipal-epinal.jpg\"><img decoding=\"async\" class=\"aligncenter size-medium wp-image-126452\" src=\"https:\/\/vosgesinfo.fr\/app\/uploads\/sites\/3\/2024\/12\/conseil-municipal-epinal-300x157.jpg\" alt=\"\" width=\"300\" height=\"157\" srcset=\"https:\/\/vosgesinfo.fr\/app\/uploads\/sites\/3\/2024\/12\/conseil-municipal-epinal-300x157.jpg 300w, https:\/\/vosgesinfo.fr\/app\/uploads\/sites\/3\/2024\/12\/conseil-municipal-epinal-768x402.jpg 768w, https:\/\/vosgesinfo.fr\/app\/uploads\/sites\/3\/2024\/12\/conseil-municipal-epinal.jpg 978w\" sizes=\"(max-width: 300px) 100vw, 300px\" \/><\/a><\/p>\n<p>Ces deux plans s\u2019inscrivent en continuit\u00e9 des conclusions du dernier rapport de la Cour R\u00e9gionale des comptes concernant la politique foresti\u00e8re. Leur conclusion : la n\u00e9cessit\u00e9 d\u2019anticiper l\u2019impact du r\u00e9chauffement climatique sur l\u2019arbre. La ville vient donc de se donner une feuille de route pour appr\u00e9hender ces enjeux.<\/p>\n<p><em>\u00ab\u00a0Il est primordial de repenser nos am\u00e9nagements de la ville. L\u2019arbre en ville permet de r\u00e9duire les temp\u00e9ratures. L\u2019objectif est de lui offrir une v\u00e9ritable place\u00a0\u00bb<\/em> explique Dominique Andr\u00e8s. Mais les arbres en ville sont soumis \u00e0 des conditions tr\u00e8s difficiles.<\/p>\n<p><a href=\"https:\/\/vosgesinfo.fr\/app\/uploads\/sites\/3\/2024\/12\/nardin-conseil-municipal-epinal.jpg\"><img decoding=\"async\" class=\"aligncenter size-medium wp-image-126453\" src=\"https:\/\/vosgesinfo.fr\/app\/uploads\/sites\/3\/2024\/12\/nardin-conseil-municipal-epinal-300x160.jpg\" alt=\"\" width=\"300\" height=\"160\" srcset=\"https:\/\/vosgesinfo.fr\/app\/uploads\/sites\/3\/2024\/12\/nardin-conseil-municipal-epinal-300x160.jpg 300w, https:\/\/vosgesinfo.fr\/app\/uploads\/sites\/3\/2024\/12\/nardin-conseil-municipal-epinal-768x409.jpg 768w, https:\/\/vosgesinfo.fr\/app\/uploads\/sites\/3\/2024\/12\/nardin-conseil-municipal-epinal.jpg 972w\" sizes=\"(max-width: 300px) 100vw, 300px\" \/><\/a><\/p>\n<p>La ville veut s\u2019engager aussi \u00e0 un entretien des arbres et \u00e0 les renouveler lorsque c\u2019est n\u00e9cessaire.<\/p>\n<p>En 2023, la tendance de coupe a \u00e9t\u00e9 plut\u00f4t basse. <em>\u00ab\u00a0L\u2019objectif est de conserver une gestion exc\u00e9dentaire de la for\u00eat.\u00a0\u00bb<\/em> explique Denis Harpin qui a pr\u00e9sent\u00e9 le plan de gestion de la politique foresti\u00e8re.<\/p>\n<p>Le nouveau plan d\u2019am\u00e9nagement forestier doit permettre d\u2019adapter la for\u00eat au r\u00e9chauffement climatique. Le plan doit \u00e9galement d\u00e9finir pour 2025-2044, la strat\u00e9gie de gestion de la for\u00eat communale. Sur 20 ans, le plan permettra la r\u00e9colte d\u2019environ 12 000 m3 de bois par an.<\/p>\n<p><a href=\"https:\/\/vosgesinfo.fr\/app\/uploads\/sites\/3\/2024\/12\/conseil-municipal-epinal3.jpg\"><img decoding=\"async\" class=\"aligncenter size-medium wp-image-126455\" src=\"https:\/\/vosgesinfo.fr\/app\/uploads\/sites\/3\/2024\/12\/conseil-municipal-epinal3-300x140.jpg\" alt=\"\" width=\"300\" height=\"140\" srcset=\"https:\/\/vosgesinfo.fr\/app\/uploads\/sites\/3\/2024\/12\/conseil-municipal-epinal3-300x140.jpg 300w, https:\/\/vosgesinfo.fr\/app\/uploads\/sites\/3\/2024\/12\/conseil-municipal-epinal3-768x357.jpg 768w, https:\/\/vosgesinfo.fr\/app\/uploads\/sites\/3\/2024\/12\/conseil-municipal-epinal3.jpg 965w\" sizes=\"(max-width: 300px) 100vw, 300px\" \/><\/a><\/p>\n","protected":false},"excerpt":{"rendered":"<p>Le dernier Conseil municipal d\u2019Epinal a d\u00e9but\u00e9 sur la gestion des arbres de la commune : arbres en ville et [&hellip;]<\/p>\n","protected":false},"author":52,"featured_media":123050,"comment_status":"open","ping_status":"open","sticky":false,"template":"","format":"standard","meta":{"footnotes":""},"categories":[22,16,24],"tags":[],"class_list":["post-126449","post","type-post","status-publish","format-standard","has-post-thumbnail","hentry","category-a-la-une","category-environnement","category-epinal"],"acf":[],"yoast_head":"<!-- This site is optimized with the Yoast SEO plugin v22.5 - https:\/\/yoast.com\/wordpress\/plugins\/seo\/ -->\n<title>A \u00c9pinal, les \u00e9lus veulent pr\u00e9server les arbres en ville et les for\u00eats - Epinal Info<\/title>\n<meta name=\"robots\" content=\"index, follow, max-snippet:-1, max-image-preview:large, max-video-preview:-1\" \/>\n<link rel=\"canonical\" href=\"https:\/\/vosgesinfo.fr\/epinalinfo\/2024\/12\/a-epinal-les-elus-veulent-preserver-les-arbres-en-ville-et-les-forets\/\" \/>\n<meta name=\"twitter:card\" content=\"summary_large_image\" \/>\n<meta name=\"twitter:title\" content=\"A \u00c9pinal, les \u00e9lus veulent pr\u00e9server les arbres en ville et les for\u00eats - Epinal Info\" \/>\n<meta name=\"twitter:description\" content=\"Le dernier Conseil municipal d\u2019Epinal a d\u00e9but\u00e9 sur la gestion des arbres de la commune : arbres en ville et [&hellip;]\" \/>\n<meta name=\"twitter:image\" content=\"https:\/\/vosgesinfo.fr\/app\/uploads\/sites\/3\/2024\/10\/arbres.jpg\" \/>\n<meta name=\"twitter:creator\" content=\"@VosgesInfo88\" \/>\n<meta name=\"twitter:site\" content=\"@VosgesInfo88\" \/>\n<meta name=\"twitter:label1\" content=\"\u00c9crit par\" \/>\n\t<meta name=\"twitter:data1\" content=\"C.K.\" \/>\n\t<meta name=\"twitter:label2\" content=\"Dur\u00e9e de lecture estim\u00e9e\" \/>\n\t<meta name=\"twitter:data2\" content=\"3 minutes\" \/>\n<script type=\"application\/ld+json\" class=\"yoast-schema-graph\">{\"@context\":\"https:\/\/schema.org\",\"@graph\":[{\"@type\":\"Article\",\"@id\":\"https:\/\/vosgesinfo.fr\/epinalinfo\/2024\/12\/a-epinal-les-elus-veulent-preserver-les-arbres-en-ville-et-les-forets\/#article\",\"isPartOf\":{\"@id\":\"https:\/\/vosgesinfo.fr\/epinalinfo\/2024\/12\/a-epinal-les-elus-veulent-preserver-les-arbres-en-ville-et-les-forets\/\"},\"author\":{\"name\":\"C.K.\",\"@id\":\"https:\/\/vosgesinfo.fr\/epinalinfo\/#\/schema\/person\/6f9a650eeea99d969b6c4ab78fccbe81\"},\"headline\":\"A \u00c9pinal, les \u00e9lus veulent pr\u00e9server les arbres en ville et les for\u00eats\",\"datePublished\":\"2024-12-20T10:37:17+00:00\",\"dateModified\":\"2024-12-20T10:41:24+00:00\",\"mainEntityOfPage\":{\"@id\":\"https:\/\/vosgesinfo.fr\/epinalinfo\/2024\/12\/a-epinal-les-elus-veulent-preserver-les-arbres-en-ville-et-les-forets\/\"},\"wordCount\":376,\"commentCount\":0,\"publisher\":{\"@id\":\"https:\/\/vosgesinfo.fr\/epinalinfo\/#organization\"},\"image\":{\"@id\":\"https:\/\/vosgesinfo.fr\/epinalinfo\/2024\/12\/a-epinal-les-elus-veulent-preserver-les-arbres-en-ville-et-les-forets\/#primaryimage\"},\"thumbnailUrl\":\"https:\/\/vosgesinfo.fr\/app\/uploads\/sites\/3\/2024\/10\/arbres.jpg\",\"articleSection\":[\"A la Une\",\"Environnement\",\"Epinal\"],\"inLanguage\":\"fr-FR\",\"potentialAction\":[{\"@type\":\"CommentAction\",\"name\":\"Comment\",\"target\":[\"https:\/\/vosgesinfo.fr\/epinalinfo\/2024\/12\/a-epinal-les-elus-veulent-preserver-les-arbres-en-ville-et-les-forets\/#respond\"]}]},{\"@type\":\"WebPage\",\"@id\":\"https:\/\/vosgesinfo.fr\/epinalinfo\/2024\/12\/a-epinal-les-elus-veulent-preserver-les-arbres-en-ville-et-les-forets\/\",\"url\":\"https:\/\/vosgesinfo.fr\/epinalinfo\/2024\/12\/a-epinal-les-elus-veulent-preserver-les-arbres-en-ville-et-les-forets\/\",\"name\":\"A \u00c9pinal, les \u00e9lus veulent pr\u00e9server les arbres en ville et les for\u00eats - Epinal Info\",\"isPartOf\":{\"@id\":\"https:\/\/vosgesinfo.fr\/epinalinfo\/#website\"},\"primaryImageOfPage\":{\"@id\":\"https:\/\/vosgesinfo.fr\/epinalinfo\/2024\/12\/a-epinal-les-elus-veulent-preserver-les-arbres-en-ville-et-les-forets\/#primaryimage\"},\"image\":{\"@id\":\"https:\/\/vosgesinfo.fr\/epinalinfo\/2024\/12\/a-epinal-les-elus-veulent-preserver-les-arbres-en-ville-et-les-forets\/#primaryimage\"},\"thumbnailUrl\":\"https:\/\/vosgesinfo.fr\/app\/uploads\/sites\/3\/2024\/10\/arbres.jpg\",\"datePublished\":\"2024-12-20T10:37:17+00:00\",\"dateModified\":\"2024-12-20T10:41:24+00:00\",\"breadcrumb\":{\"@id\":\"https:\/\/vosgesinfo.fr\/epinalinfo\/2024\/12\/a-epinal-les-elus-veulent-preserver-les-arbres-en-ville-et-les-forets\/#breadcrumb\"},\"inLanguage\":\"fr-FR\",\"potentialAction\":[{\"@type\":\"ReadAction\",\"target\":[\"https:\/\/vosgesinfo.fr\/epinalinfo\/2024\/12\/a-epinal-les-elus-veulent-preserver-les-arbres-en-ville-et-les-forets\/\"]}]},{\"@type\":\"ImageObject\",\"inLanguage\":\"fr-FR\",\"@id\":\"https:\/\/vosgesinfo.fr\/epinalinfo\/2024\/12\/a-epinal-les-elus-veulent-preserver-les-arbres-en-ville-et-les-forets\/#primaryimage\",\"url\":\"https:\/\/vosgesinfo.fr\/app\/uploads\/sites\/3\/2024\/10\/arbres.jpg\",\"contentUrl\":\"https:\/\/vosgesinfo.fr\/app\/uploads\/sites\/3\/2024\/10\/arbres.jpg\",\"width\":960,\"height\":640},{\"@type\":\"BreadcrumbList\",\"@id\":\"https:\/\/vosgesinfo.fr\/epinalinfo\/2024\/12\/a-epinal-les-elus-veulent-preserver-les-arbres-en-ville-et-les-forets\/#breadcrumb\",\"itemListElement\":[{\"@type\":\"ListItem\",\"position\":1,\"name\":\"Home\",\"item\":\"https:\/\/vosgesinfo.fr\/epinalinfo\/\"},{\"@type\":\"ListItem\",\"position\":2,\"name\":\"A \u00c9pinal, les \u00e9lus veulent pr\u00e9server les arbres en ville et les for\u00eats\"}]},{\"@type\":\"WebSite\",\"@id\":\"https:\/\/vosgesinfo.fr\/epinalinfo\/#website\",\"url\":\"https:\/\/vosgesinfo.fr\/epinalinfo\/\",\"name\":\"Epinal Info\",\"description\":\"Toute l&#039;actualit\u00e9 d&#039;\u00c9pinal\",\"publisher\":{\"@id\":\"https:\/\/vosgesinfo.fr\/epinalinfo\/#organization\"},\"alternateName\":\"Toute l'actualit\u00e9 d'\u00c9pinal\",\"potentialAction\":[{\"@type\":\"SearchAction\",\"target\":{\"@type\":\"EntryPoint\",\"urlTemplate\":\"https:\/\/vosgesinfo.fr\/epinalinfo\/?s={search_term_string}\"},\"query-input\":\"required name=search_term_string\"}],\"inLanguage\":\"fr-FR\"},{\"@type\":\"Organization\",\"@id\":\"https:\/\/vosgesinfo.fr\/epinalinfo\/#organization\",\"name\":\"Epinal Info\",\"url\":\"https:\/\/vosgesinfo.fr\/epinalinfo\/\",\"logo\":{\"@type\":\"ImageObject\",\"inLanguage\":\"fr-FR\",\"@id\":\"https:\/\/vosgesinfo.fr\/epinalinfo\/#\/schema\/logo\/image\/\",\"url\":\"https:\/\/vosgesinfo.fr\/app\/uploads\/sites\/3\/2023\/08\/logo-epinalinfos.svg\",\"contentUrl\":\"https:\/\/vosgesinfo.fr\/app\/uploads\/sites\/3\/2023\/08\/logo-epinalinfos.svg\",\"width\":1,\"height\":1,\"caption\":\"Epinal Info\"},\"image\":{\"@id\":\"https:\/\/vosgesinfo.fr\/epinalinfo\/#\/schema\/logo\/image\/\"},\"sameAs\":[\"https:\/\/www.facebook.com\/Epinalinfos\",\"https:\/\/x.com\/VosgesInfo88\",\"https:\/\/www.youtube.com\/@vosgesinfo\"]},{\"@type\":\"Person\",\"@id\":\"https:\/\/vosgesinfo.fr\/epinalinfo\/#\/schema\/person\/6f9a650eeea99d969b6c4ab78fccbe81\",\"name\":\"C.K.\",\"image\":{\"@type\":\"ImageObject\",\"inLanguage\":\"fr-FR\",\"@id\":\"https:\/\/vosgesinfo.fr\/epinalinfo\/#\/schema\/person\/image\/\",\"url\":\"https:\/\/secure.gravatar.com\/avatar\/48e3fc7f8421ba8942be6b74a2b7f014ca39bc00dece156b7a8e098ae7dc87bf?s=96&d=mm&r=g\",\"contentUrl\":\"https:\/\/secure.gravatar.com\/avatar\/48e3fc7f8421ba8942be6b74a2b7f014ca39bc00dece156b7a8e098ae7dc87bf?s=96&d=mm&r=g\",\"caption\":\"C.K.\"},\"url\":\"https:\/\/vosgesinfo.fr\/epinalinfo\/author\/celia-k-n\/\"}]}<\/script>\n<!-- \/ Yoast SEO plugin. -->","yoast_head_json":{"title":"A \u00c9pinal, les \u00e9lus veulent pr\u00e9server les arbres en ville et les for\u00eats - Epinal Info","robots":{"index":"index","follow":"follow","max-snippet":"max-snippet:-1","max-image-preview":"max-image-preview:large","max-video-preview":"max-video-preview:-1"},"canonical":"https:\/\/vosgesinfo.fr\/epinalinfo\/2024\/12\/a-epinal-les-elus-veulent-preserver-les-arbres-en-ville-et-les-forets\/","twitter_card":"summary_large_image","twitter_title":"A \u00c9pinal, les \u00e9lus veulent pr\u00e9server les arbres en ville et les for\u00eats - Epinal Info","twitter_description":"Le dernier Conseil municipal d\u2019Epinal a d\u00e9but\u00e9 sur la gestion des arbres de la commune : arbres en ville et [&hellip;]","twitter_image":"https:\/\/vosgesinfo.fr\/app\/uploads\/sites\/3\/2024\/10\/arbres.jpg","twitter_creator":"@VosgesInfo88","twitter_site":"@VosgesInfo88","twitter_misc":{"\u00c9crit par":"C.K.","Dur\u00e9e de lecture estim\u00e9e":"3 minutes"},"schema":{"@context":"https:\/\/schema.org","@graph":[{"@type":"Article","@id":"https:\/\/vosgesinfo.fr\/epinalinfo\/2024\/12\/a-epinal-les-elus-veulent-preserver-les-arbres-en-ville-et-les-forets\/#article","isPartOf":{"@id":"https:\/\/vosgesinfo.fr\/epinalinfo\/2024\/12\/a-epinal-les-elus-veulent-preserver-les-arbres-en-ville-et-les-forets\/"},"author":{"name":"C.K.","@id":"https:\/\/vosgesinfo.fr\/epinalinfo\/#\/schema\/person\/6f9a650eeea99d969b6c4ab78fccbe81"},"headline":"A \u00c9pinal, les \u00e9lus veulent pr\u00e9server les arbres en ville et les for\u00eats","datePublished":"2024-12-20T10:37:17+00:00","dateModified":"2024-12-20T10:41:24+00:00","mainEntityOfPage":{"@id":"https:\/\/vosgesinfo.fr\/epinalinfo\/2024\/12\/a-epinal-les-elus-veulent-preserver-les-arbres-en-ville-et-les-forets\/"},"wordCount":376,"commentCount":0,"publisher":{"@id":"https:\/\/vosgesinfo.fr\/epinalinfo\/#organization"},"image":{"@id":"https:\/\/vosgesinfo.fr\/epinalinfo\/2024\/12\/a-epinal-les-elus-veulent-preserver-les-arbres-en-ville-et-les-forets\/#primaryimage"},"thumbnailUrl":"https:\/\/vosgesinfo.fr\/app\/uploads\/sites\/3\/2024\/10\/arbres.jpg","articleSection":["A la Une","Environnement","Epinal"],"inLanguage":"fr-FR","potentialAction":[{"@type":"CommentAction","name":"Comment","target":["https:\/\/vosgesinfo.fr\/epinalinfo\/2024\/12\/a-epinal-les-elus-veulent-preserver-les-arbres-en-ville-et-les-forets\/#respond"]}]},{"@type":"WebPage","@id":"https:\/\/vosgesinfo.fr\/epinalinfo\/2024\/12\/a-epinal-les-elus-veulent-preserver-les-arbres-en-ville-et-les-forets\/","url":"https:\/\/vosgesinfo.fr\/epinalinfo\/2024\/12\/a-epinal-les-elus-veulent-preserver-les-arbres-en-ville-et-les-forets\/","name":"A \u00c9pinal, les \u00e9lus veulent pr\u00e9server les arbres en ville et les for\u00eats - Epinal Info","isPartOf":{"@id":"https:\/\/vosgesinfo.fr\/epinalinfo\/#website"},"primaryImageOfPage":{"@id":"https:\/\/vosgesinfo.fr\/epinalinfo\/2024\/12\/a-epinal-les-elus-veulent-preserver-les-arbres-en-ville-et-les-forets\/#primaryimage"},"image":{"@id":"https:\/\/vosgesinfo.fr\/epinalinfo\/2024\/12\/a-epinal-les-elus-veulent-preserver-les-arbres-en-ville-et-les-forets\/#primaryimage"},"thumbnailUrl":"https:\/\/vosgesinfo.fr\/app\/uploads\/sites\/3\/2024\/10\/arbres.jpg","datePublished":"2024-12-20T10:37:17+00:00","dateModified":"2024-12-20T10:41:24+00:00","breadcrumb":{"@id":"https:\/\/vosgesinfo.fr\/epinalinfo\/2024\/12\/a-epinal-les-elus-veulent-preserver-les-arbres-en-ville-et-les-forets\/#breadcrumb"},"inLanguage":"fr-FR","potentialAction":[{"@type":"ReadAction","target":["https:\/\/vosgesinfo.fr\/epinalinfo\/2024\/12\/a-epinal-les-elus-veulent-preserver-les-arbres-en-ville-et-les-forets\/"]}]},{"@type":"ImageObject","inLanguage":"fr-FR","@id":"https:\/\/vosgesinfo.fr\/epinalinfo\/2024\/12\/a-epinal-les-elus-veulent-preserver-les-arbres-en-ville-et-les-forets\/#primaryimage","url":"https:\/\/vosgesinfo.fr\/app\/uploads\/sites\/3\/2024\/10\/arbres.jpg","contentUrl":"https:\/\/vosgesinfo.fr\/app\/uploads\/sites\/3\/2024\/10\/arbres.jpg","width":960,"height":640},{"@type":"BreadcrumbList","@id":"https:\/\/vosgesinfo.fr\/epinalinfo\/2024\/12\/a-epinal-les-elus-veulent-preserver-les-arbres-en-ville-et-les-forets\/#breadcrumb","itemListElement":[{"@type":"ListItem","position":1,"name":"Home","item":"https:\/\/vosgesinfo.fr\/epinalinfo\/"},{"@type":"ListItem","position":2,"name":"A \u00c9pinal, les \u00e9lus veulent pr\u00e9server les arbres en ville et les for\u00eats"}]},{"@type":"WebSite","@id":"https:\/\/vosgesinfo.fr\/epinalinfo\/#website","url":"https:\/\/vosgesinfo.fr\/epinalinfo\/","name":"Epinal Info","description":"Toute l&#039;actualit\u00e9 d&#039;\u00c9pinal","publisher":{"@id":"https:\/\/vosgesinfo.fr\/epinalinfo\/#organization"},"alternateName":"Toute l'actualit\u00e9 d'\u00c9pinal","potentialAction":[{"@type":"SearchAction","target":{"@type":"EntryPoint","urlTemplate":"https:\/\/vosgesinfo.fr\/epinalinfo\/?s={search_term_string}"},"query-input":"required name=search_term_string"}],"inLanguage":"fr-FR"},{"@type":"Organization","@id":"https:\/\/vosgesinfo.fr\/epinalinfo\/#organization","name":"Epinal Info","url":"https:\/\/vosgesinfo.fr\/epinalinfo\/","logo":{"@type":"ImageObject","inLanguage":"fr-FR","@id":"https:\/\/vosgesinfo.fr\/epinalinfo\/#\/schema\/logo\/image\/","url":"https:\/\/vosgesinfo.fr\/app\/uploads\/sites\/3\/2023\/08\/logo-epinalinfos.svg","contentUrl":"https:\/\/vosgesinfo.fr\/app\/uploads\/sites\/3\/2023\/08\/logo-epinalinfos.svg","width":1,"height":1,"caption":"Epinal Info"},"image":{"@id":"https:\/\/vosgesinfo.fr\/epinalinfo\/#\/schema\/logo\/image\/"},"sameAs":["https:\/\/www.facebook.com\/Epinalinfos","https:\/\/x.com\/VosgesInfo88","https:\/\/www.youtube.com\/@vosgesinfo"]},{"@type":"Person","@id":"https:\/\/vosgesinfo.fr\/epinalinfo\/#\/schema\/person\/6f9a650eeea99d969b6c4ab78fccbe81","name":"C.K.","image":{"@type":"ImageObject","inLanguage":"fr-FR","@id":"https:\/\/vosgesinfo.fr\/epinalinfo\/#\/schema\/person\/image\/","url":"https:\/\/secure.gravatar.com\/avatar\/48e3fc7f8421ba8942be6b74a2b7f014ca39bc00dece156b7a8e098ae7dc87bf?s=96&d=mm&r=g","contentUrl":"https:\/\/secure.gravatar.com\/avatar\/48e3fc7f8421ba8942be6b74a2b7f014ca39bc00dece156b7a8e098ae7dc87bf?s=96&d=mm&r=g","caption":"C.K."},"url":"https:\/\/vosgesinfo.fr\/epinalinfo\/author\/celia-k-n\/"}]}},"_links":{"self":[{"href":"https:\/\/vosgesinfo.fr\/epinalinfo\/wp-json\/wp\/v2\/posts\/126449","targetHints":{"allow":["GET"]}}],"collection":[{"href":"https:\/\/vosgesinfo.fr\/epinalinfo\/wp-json\/wp\/v2\/posts"}],"about":[{"href":"https:\/\/vosgesinfo.fr\/epinalinfo\/wp-json\/wp\/v2\/types\/post"}],"author":[{"embeddable":true,"href":"https:\/\/vosgesinfo.fr\/epinalinfo\/wp-json\/wp\/v2\/users\/52"}],"replies":[{"embeddable":true,"href":"https:\/\/vosgesinfo.fr\/epinalinfo\/wp-json\/wp\/v2\/comments?post=126449"}],"version-history":[{"count":4,"href":"https:\/\/vosgesinfo.fr\/epinalinfo\/wp-json\/wp\/v2\/posts\/126449\/revisions"}],"predecessor-version":[{"id":126456,"href":"https:\/\/vosgesinfo.fr\/epinalinfo\/wp-json\/wp\/v2\/posts\/126449\/revisions\/126456"}],"wp:featuredmedia":[{"embeddable":true,"href":"https:\/\/vosgesinfo.fr\/epinalinfo\/wp-json\/wp\/v2\/media\/123050"}],"wp:attachment":[{"href":"https:\/\/vosgesinfo.fr\/epinalinfo\/wp-json\/wp\/v2\/media?parent=126449"}],"wp:term":[{"taxonomy":"category","embeddable":true,"href":"https:\/\/vosgesinfo.fr\/epinalinfo\/wp-json\/wp\/v2\/categories?post=126449"},{"taxonomy":"post_tag","embeddable":true,"href":"https:\/\/vosgesinfo.fr\/epinalinfo\/wp-json\/wp\/v2\/tags?post=126449"}],"curies":[{"name":"wp","href":"https:\/\/api.w.org\/{rel}","templated":true}]}}