{"id":126948,"date":"2025-01-10T07:20:34","date_gmt":"2025-01-10T06:20:34","guid":{"rendered":"https:\/\/vosgesinfo.fr\/epinalinfo\/?p=126948"},"modified":"2025-01-10T09:21:59","modified_gmt":"2025-01-10T08:21:59","slug":"syndics-et-coproprietaires-la-ville-depinal-propose-des-aides-pour-les-renovations-energetiques","status":"publish","type":"post","link":"https:\/\/vosgesinfo.fr\/epinalinfo\/2025\/01\/syndics-et-coproprietaires-la-ville-depinal-propose-des-aides-pour-les-renovations-energetiques\/","title":{"rendered":"Syndics et copropri\u00e9taires : La Ville d\u2019\u00c9pinal propose des aides pour les r\u00e9novations \u00e9nerg\u00e9tiques"},"content":{"rendered":"<div id=\"attachment_126949\" style=\"width: 1034px\" class=\"wp-caption aligncenter\"><a href=\"https:\/\/vosgesinfo.fr\/app\/uploads\/sites\/3\/2025\/01\/immeuble.jpg\"><img decoding=\"async\" aria-describedby=\"caption-attachment-126949\" class=\"size-large wp-image-126949\" src=\"https:\/\/vosgesinfo.fr\/app\/uploads\/sites\/3\/2025\/01\/immeuble-1024x915.jpg\" alt=\"\" width=\"1024\" height=\"915\" srcset=\"https:\/\/vosgesinfo.fr\/app\/uploads\/sites\/3\/2025\/01\/immeuble-1024x915.jpg 1024w, https:\/\/vosgesinfo.fr\/app\/uploads\/sites\/3\/2025\/01\/immeuble-300x268.jpg 300w, https:\/\/vosgesinfo.fr\/app\/uploads\/sites\/3\/2025\/01\/immeuble-768x686.jpg 768w, https:\/\/vosgesinfo.fr\/app\/uploads\/sites\/3\/2025\/01\/immeuble-1536x1373.jpg 1536w, https:\/\/vosgesinfo.fr\/app\/uploads\/sites\/3\/2025\/01\/immeuble.jpg 1639w\" sizes=\"(max-width: 1024px) 100vw, 1024px\" \/><\/a><p id=\"caption-attachment-126949\" class=\"wp-caption-text\">photo Ville d&rsquo;Epinal<\/p><\/div>\n<h2><strong>La Ville d&rsquo;\u00c9pinal lance un Appel \u00e0 Manifestation d&rsquo;Int\u00e9r\u00eat (AMI) dans le cadre de l&rsquo;Op\u00e9ration\u00a0\u00ab\u00a0\u00c9pinal au c\u0153ur\u00a0\u00bb, qui s&rsquo;adresse aux copropri\u00e9taires d\u00e9sireux de s&rsquo;engager dans un projet de r\u00e9novation \u00e9nerg\u00e9tique ambitieux.<\/strong><\/h2>\n<p>L\u2019objectif de cet AMI est d\u2019accompagner les copropri\u00e9t\u00e9s pour am\u00e9liorer leur efficacit\u00e9 \u00e9nerg\u00e9tique, r\u00e9duire leur impact carbone et am\u00e9liorer le confort dans les logements. Elle offre une opportunit\u00e9 unique aux copropri\u00e9t\u00e9s du p\u00e9rim\u00e8tre <em>\u00c9pinal au c\u0153ur<\/em> de r\u00e9nover et de valoriser leur patrimoine.<\/p>\n<p>L\u2019int\u00e9r\u00eat pour la copropri\u00e9t\u00e9 est d\u2019\u00eatre accompagn\u00e9e sur l\u2019enchainement des \u00e9tapes \u00e0 franchir pour r\u00e9ussir un projet de travaux en copropri\u00e9t\u00e9, de b\u00e9n\u00e9ficiers de l\u2019expertise de professionnels qualifi\u00e9s qui mettent en relation les diff\u00e9rents acteurs, et d\u2019obtenir des conseils techniques, administratifs et financiers sur les travaux \u00e0 r\u00e9aliser. Les copropri\u00e9taires resteront bien entendu d\u00e9cideurs sur le choix de leurs travaux et le choix de leurs entreprises.<\/p>\n<p>Dans le d\u00e9tail, les copropri\u00e9t\u00e9s s\u00e9lectionn\u00e9es b\u00e9n\u00e9ficieront d&rsquo;un accompagnement complet et gratuit, incluant :<\/p>\n<ul>\n<li>Une Assistance \u00e0 Ma\u00eetrise d&rsquo;Ouvrage (AMO) : Prise en charge par la Ville, cette assistance permettra de guider les copropri\u00e9taires \u00e0 chaque \u00e9tape de leur projet, de la conception \u00e0 la r\u00e9alisation des travaux.<\/li>\n<li>Un audit \u00e9nerg\u00e9tique gratuit : R\u00e9alis\u00e9 par un bureau d\u2019\u00e9tude thermique engag\u00e9 par la Ville d\u2019Epinal. Cet audit permettra d&rsquo;identifier pr\u00e9cis\u00e9ment les actions n\u00e9cessaires pour am\u00e9liorer la performance \u00e9nerg\u00e9tique de l&rsquo;immeuble.<\/li>\n<li>Des aides financi\u00e8res significatives : les travaux pourront \u00eatre subventionn\u00e9s \u00e0 45 % des co\u00fbts minimum, dans la limite de 25 000 \u20ac par logement (sous condition)<\/li>\n<\/ul>\n<p><strong>Pour en b\u00e9n\u00e9ficier, les copropri\u00e9t\u00e9s int\u00e9ress\u00e9es doivent adresser un dossier de candidature avant le 30 avril 2025, \u00e0 12h<\/strong>, <strong>\u00e0 l\u2019h\u00f4tel de ville ou sur renovons@epinal.fr. <\/strong><strong>Renseignements : <a href=\"https:\/\/www.epinal.fr\/actualites\/coproprietes-appel-a-manifestation-dinteret\/\">https:\/\/www.epinal.fr\/actualites\/coproprietes-appel-a-manifestation-dinteret\/<\/a><\/strong><\/p>\n","protected":false},"excerpt":{"rendered":"<p>La Ville d&rsquo;\u00c9pinal lance un Appel \u00e0 Manifestation d&rsquo;Int\u00e9r\u00eat (AMI) dans le cadre de l&rsquo;Op\u00e9ration\u00a0\u00ab\u00a0\u00c9pinal au c\u0153ur\u00a0\u00bb, qui s&rsquo;adresse aux [&hellip;]<\/p>\n","protected":false},"author":41,"featured_media":126949,"comment_status":"open","ping_status":"open","sticky":false,"template":"","format":"standard","meta":{"footnotes":""},"categories":[22,24],"tags":[],"class_list":["post-126948","post","type-post","status-publish","format-standard","has-post-thumbnail","hentry","category-a-la-une","category-epinal"],"acf":[],"yoast_head":"<!-- This site is optimized with the Yoast SEO plugin v22.5 - https:\/\/yoast.com\/wordpress\/plugins\/seo\/ -->\n<title>Syndics et copropri\u00e9taires : La Ville d\u2019\u00c9pinal propose des aides pour les r\u00e9novations \u00e9nerg\u00e9tiques - Epinal Info<\/title>\n<meta name=\"robots\" content=\"index, follow, max-snippet:-1, max-image-preview:large, max-video-preview:-1\" \/>\n<link rel=\"canonical\" href=\"https:\/\/vosgesinfo.fr\/epinalinfo\/2025\/01\/syndics-et-coproprietaires-la-ville-depinal-propose-des-aides-pour-les-renovations-energetiques\/\" \/>\n<meta name=\"twitter:card\" content=\"summary_large_image\" \/>\n<meta name=\"twitter:title\" content=\"Syndics et copropri\u00e9taires : La Ville d\u2019\u00c9pinal propose des aides pour les r\u00e9novations \u00e9nerg\u00e9tiques - Epinal Info\" \/>\n<meta name=\"twitter:description\" content=\"La Ville d&rsquo;\u00c9pinal lance un Appel \u00e0 Manifestation d&rsquo;Int\u00e9r\u00eat (AMI) dans le cadre de l&rsquo;Op\u00e9ration\u00a0\u00ab\u00a0\u00c9pinal au c\u0153ur\u00a0\u00bb, qui s&rsquo;adresse aux [&hellip;]\" \/>\n<meta name=\"twitter:image\" content=\"https:\/\/vosgesinfo.fr\/app\/uploads\/sites\/3\/2025\/01\/immeuble.jpg\" \/>\n<meta name=\"twitter:creator\" content=\"@VosgesInfo88\" \/>\n<meta name=\"twitter:site\" content=\"@VosgesInfo88\" \/>\n<meta name=\"twitter:label1\" content=\"\u00c9crit par\" \/>\n\t<meta name=\"twitter:data1\" content=\"La r\u00e9daction\" \/>\n\t<meta name=\"twitter:label2\" content=\"Dur\u00e9e de lecture estim\u00e9e\" \/>\n\t<meta name=\"twitter:data2\" content=\"2 minutes\" \/>\n<script type=\"application\/ld+json\" class=\"yoast-schema-graph\">{\"@context\":\"https:\/\/schema.org\",\"@graph\":[{\"@type\":\"Article\",\"@id\":\"https:\/\/vosgesinfo.fr\/epinalinfo\/2025\/01\/syndics-et-coproprietaires-la-ville-depinal-propose-des-aides-pour-les-renovations-energetiques\/#article\",\"isPartOf\":{\"@id\":\"https:\/\/vosgesinfo.fr\/epinalinfo\/2025\/01\/syndics-et-coproprietaires-la-ville-depinal-propose-des-aides-pour-les-renovations-energetiques\/\"},\"author\":{\"name\":\"La r\u00e9daction\",\"@id\":\"https:\/\/vosgesinfo.fr\/epinalinfo\/#\/schema\/person\/44f5fff67d0ae31d2770e1f7555c711d\"},\"headline\":\"Syndics et copropri\u00e9taires : La Ville d\u2019\u00c9pinal propose des aides pour les r\u00e9novations \u00e9nerg\u00e9tiques\",\"datePublished\":\"2025-01-10T06:20:34+00:00\",\"dateModified\":\"2025-01-10T08:21:59+00:00\",\"mainEntityOfPage\":{\"@id\":\"https:\/\/vosgesinfo.fr\/epinalinfo\/2025\/01\/syndics-et-coproprietaires-la-ville-depinal-propose-des-aides-pour-les-renovations-energetiques\/\"},\"wordCount\":369,\"commentCount\":0,\"publisher\":{\"@id\":\"https:\/\/vosgesinfo.fr\/epinalinfo\/#organization\"},\"image\":{\"@id\":\"https:\/\/vosgesinfo.fr\/epinalinfo\/2025\/01\/syndics-et-coproprietaires-la-ville-depinal-propose-des-aides-pour-les-renovations-energetiques\/#primaryimage\"},\"thumbnailUrl\":\"https:\/\/vosgesinfo.fr\/app\/uploads\/sites\/3\/2025\/01\/immeuble.jpg\",\"articleSection\":[\"A la Une\",\"Epinal\"],\"inLanguage\":\"fr-FR\",\"potentialAction\":[{\"@type\":\"CommentAction\",\"name\":\"Comment\",\"target\":[\"https:\/\/vosgesinfo.fr\/epinalinfo\/2025\/01\/syndics-et-coproprietaires-la-ville-depinal-propose-des-aides-pour-les-renovations-energetiques\/#respond\"]}]},{\"@type\":\"WebPage\",\"@id\":\"https:\/\/vosgesinfo.fr\/epinalinfo\/2025\/01\/syndics-et-coproprietaires-la-ville-depinal-propose-des-aides-pour-les-renovations-energetiques\/\",\"url\":\"https:\/\/vosgesinfo.fr\/epinalinfo\/2025\/01\/syndics-et-coproprietaires-la-ville-depinal-propose-des-aides-pour-les-renovations-energetiques\/\",\"name\":\"Syndics et copropri\u00e9taires : La Ville d\u2019\u00c9pinal propose des aides pour les r\u00e9novations \u00e9nerg\u00e9tiques - Epinal Info\",\"isPartOf\":{\"@id\":\"https:\/\/vosgesinfo.fr\/epinalinfo\/#website\"},\"primaryImageOfPage\":{\"@id\":\"https:\/\/vosgesinfo.fr\/epinalinfo\/2025\/01\/syndics-et-coproprietaires-la-ville-depinal-propose-des-aides-pour-les-renovations-energetiques\/#primaryimage\"},\"image\":{\"@id\":\"https:\/\/vosgesinfo.fr\/epinalinfo\/2025\/01\/syndics-et-coproprietaires-la-ville-depinal-propose-des-aides-pour-les-renovations-energetiques\/#primaryimage\"},\"thumbnailUrl\":\"https:\/\/vosgesinfo.fr\/app\/uploads\/sites\/3\/2025\/01\/immeuble.jpg\",\"datePublished\":\"2025-01-10T06:20:34+00:00\",\"dateModified\":\"2025-01-10T08:21:59+00:00\",\"breadcrumb\":{\"@id\":\"https:\/\/vosgesinfo.fr\/epinalinfo\/2025\/01\/syndics-et-coproprietaires-la-ville-depinal-propose-des-aides-pour-les-renovations-energetiques\/#breadcrumb\"},\"inLanguage\":\"fr-FR\",\"potentialAction\":[{\"@type\":\"ReadAction\",\"target\":[\"https:\/\/vosgesinfo.fr\/epinalinfo\/2025\/01\/syndics-et-coproprietaires-la-ville-depinal-propose-des-aides-pour-les-renovations-energetiques\/\"]}]},{\"@type\":\"ImageObject\",\"inLanguage\":\"fr-FR\",\"@id\":\"https:\/\/vosgesinfo.fr\/epinalinfo\/2025\/01\/syndics-et-coproprietaires-la-ville-depinal-propose-des-aides-pour-les-renovations-energetiques\/#primaryimage\",\"url\":\"https:\/\/vosgesinfo.fr\/app\/uploads\/sites\/3\/2025\/01\/immeuble.jpg\",\"contentUrl\":\"https:\/\/vosgesinfo.fr\/app\/uploads\/sites\/3\/2025\/01\/immeuble.jpg\",\"width\":1639,\"height\":1465,\"caption\":\"photo Ville d'Epinal\"},{\"@type\":\"BreadcrumbList\",\"@id\":\"https:\/\/vosgesinfo.fr\/epinalinfo\/2025\/01\/syndics-et-coproprietaires-la-ville-depinal-propose-des-aides-pour-les-renovations-energetiques\/#breadcrumb\",\"itemListElement\":[{\"@type\":\"ListItem\",\"position\":1,\"name\":\"Home\",\"item\":\"https:\/\/vosgesinfo.fr\/epinalinfo\/\"},{\"@type\":\"ListItem\",\"position\":2,\"name\":\"Syndics et copropri\u00e9taires : La Ville d\u2019\u00c9pinal propose des aides pour les r\u00e9novations \u00e9nerg\u00e9tiques\"}]},{\"@type\":\"WebSite\",\"@id\":\"https:\/\/vosgesinfo.fr\/epinalinfo\/#website\",\"url\":\"https:\/\/vosgesinfo.fr\/epinalinfo\/\",\"name\":\"Epinal Info\",\"description\":\"Toute l&#039;actualit\u00e9 d&#039;\u00c9pinal\",\"publisher\":{\"@id\":\"https:\/\/vosgesinfo.fr\/epinalinfo\/#organization\"},\"alternateName\":\"Toute l'actualit\u00e9 d'\u00c9pinal\",\"potentialAction\":[{\"@type\":\"SearchAction\",\"target\":{\"@type\":\"EntryPoint\",\"urlTemplate\":\"https:\/\/vosgesinfo.fr\/epinalinfo\/?s={search_term_string}\"},\"query-input\":\"required name=search_term_string\"}],\"inLanguage\":\"fr-FR\"},{\"@type\":\"Organization\",\"@id\":\"https:\/\/vosgesinfo.fr\/epinalinfo\/#organization\",\"name\":\"Epinal Info\",\"url\":\"https:\/\/vosgesinfo.fr\/epinalinfo\/\",\"logo\":{\"@type\":\"ImageObject\",\"inLanguage\":\"fr-FR\",\"@id\":\"https:\/\/vosgesinfo.fr\/epinalinfo\/#\/schema\/logo\/image\/\",\"url\":\"https:\/\/vosgesinfo.fr\/app\/uploads\/sites\/3\/2023\/08\/logo-epinalinfos.svg\",\"contentUrl\":\"https:\/\/vosgesinfo.fr\/app\/uploads\/sites\/3\/2023\/08\/logo-epinalinfos.svg\",\"width\":1,\"height\":1,\"caption\":\"Epinal Info\"},\"image\":{\"@id\":\"https:\/\/vosgesinfo.fr\/epinalinfo\/#\/schema\/logo\/image\/\"},\"sameAs\":[\"https:\/\/www.facebook.com\/Epinalinfos\",\"https:\/\/x.com\/VosgesInfo88\",\"https:\/\/www.youtube.com\/@vosgesinfo\"]},{\"@type\":\"Person\",\"@id\":\"https:\/\/vosgesinfo.fr\/epinalinfo\/#\/schema\/person\/44f5fff67d0ae31d2770e1f7555c711d\",\"name\":\"La r\u00e9daction\",\"image\":{\"@type\":\"ImageObject\",\"inLanguage\":\"fr-FR\",\"@id\":\"https:\/\/vosgesinfo.fr\/epinalinfo\/#\/schema\/person\/image\/\",\"url\":\"https:\/\/secure.gravatar.com\/avatar\/16dedd2578b2ae59b9a3a38f046defecb4cf834aaec7bb1d03d9ba6b5e55a8d5?s=96&d=mm&r=g\",\"contentUrl\":\"https:\/\/secure.gravatar.com\/avatar\/16dedd2578b2ae59b9a3a38f046defecb4cf834aaec7bb1d03d9ba6b5e55a8d5?s=96&d=mm&r=g\",\"caption\":\"La r\u00e9daction\"},\"url\":\"https:\/\/vosgesinfo.fr\/epinalinfo\/author\/poupy\/\"}]}<\/script>\n<!-- \/ Yoast SEO plugin. -->","yoast_head_json":{"title":"Syndics et copropri\u00e9taires : La Ville d\u2019\u00c9pinal propose des aides pour les r\u00e9novations \u00e9nerg\u00e9tiques - Epinal Info","robots":{"index":"index","follow":"follow","max-snippet":"max-snippet:-1","max-image-preview":"max-image-preview:large","max-video-preview":"max-video-preview:-1"},"canonical":"https:\/\/vosgesinfo.fr\/epinalinfo\/2025\/01\/syndics-et-coproprietaires-la-ville-depinal-propose-des-aides-pour-les-renovations-energetiques\/","twitter_card":"summary_large_image","twitter_title":"Syndics et copropri\u00e9taires : La Ville d\u2019\u00c9pinal propose des aides pour les r\u00e9novations \u00e9nerg\u00e9tiques - Epinal Info","twitter_description":"La Ville d&rsquo;\u00c9pinal lance un Appel \u00e0 Manifestation d&rsquo;Int\u00e9r\u00eat (AMI) dans le cadre de l&rsquo;Op\u00e9ration\u00a0\u00ab\u00a0\u00c9pinal au c\u0153ur\u00a0\u00bb, qui s&rsquo;adresse aux [&hellip;]","twitter_image":"https:\/\/vosgesinfo.fr\/app\/uploads\/sites\/3\/2025\/01\/immeuble.jpg","twitter_creator":"@VosgesInfo88","twitter_site":"@VosgesInfo88","twitter_misc":{"\u00c9crit par":"La r\u00e9daction","Dur\u00e9e de lecture estim\u00e9e":"2 minutes"},"schema":{"@context":"https:\/\/schema.org","@graph":[{"@type":"Article","@id":"https:\/\/vosgesinfo.fr\/epinalinfo\/2025\/01\/syndics-et-coproprietaires-la-ville-depinal-propose-des-aides-pour-les-renovations-energetiques\/#article","isPartOf":{"@id":"https:\/\/vosgesinfo.fr\/epinalinfo\/2025\/01\/syndics-et-coproprietaires-la-ville-depinal-propose-des-aides-pour-les-renovations-energetiques\/"},"author":{"name":"La r\u00e9daction","@id":"https:\/\/vosgesinfo.fr\/epinalinfo\/#\/schema\/person\/44f5fff67d0ae31d2770e1f7555c711d"},"headline":"Syndics et copropri\u00e9taires : La Ville d\u2019\u00c9pinal propose des aides pour les r\u00e9novations \u00e9nerg\u00e9tiques","datePublished":"2025-01-10T06:20:34+00:00","dateModified":"2025-01-10T08:21:59+00:00","mainEntityOfPage":{"@id":"https:\/\/vosgesinfo.fr\/epinalinfo\/2025\/01\/syndics-et-coproprietaires-la-ville-depinal-propose-des-aides-pour-les-renovations-energetiques\/"},"wordCount":369,"commentCount":0,"publisher":{"@id":"https:\/\/vosgesinfo.fr\/epinalinfo\/#organization"},"image":{"@id":"https:\/\/vosgesinfo.fr\/epinalinfo\/2025\/01\/syndics-et-coproprietaires-la-ville-depinal-propose-des-aides-pour-les-renovations-energetiques\/#primaryimage"},"thumbnailUrl":"https:\/\/vosgesinfo.fr\/app\/uploads\/sites\/3\/2025\/01\/immeuble.jpg","articleSection":["A la Une","Epinal"],"inLanguage":"fr-FR","potentialAction":[{"@type":"CommentAction","name":"Comment","target":["https:\/\/vosgesinfo.fr\/epinalinfo\/2025\/01\/syndics-et-coproprietaires-la-ville-depinal-propose-des-aides-pour-les-renovations-energetiques\/#respond"]}]},{"@type":"WebPage","@id":"https:\/\/vosgesinfo.fr\/epinalinfo\/2025\/01\/syndics-et-coproprietaires-la-ville-depinal-propose-des-aides-pour-les-renovations-energetiques\/","url":"https:\/\/vosgesinfo.fr\/epinalinfo\/2025\/01\/syndics-et-coproprietaires-la-ville-depinal-propose-des-aides-pour-les-renovations-energetiques\/","name":"Syndics et copropri\u00e9taires : La Ville d\u2019\u00c9pinal propose des aides pour les r\u00e9novations \u00e9nerg\u00e9tiques - Epinal Info","isPartOf":{"@id":"https:\/\/vosgesinfo.fr\/epinalinfo\/#website"},"primaryImageOfPage":{"@id":"https:\/\/vosgesinfo.fr\/epinalinfo\/2025\/01\/syndics-et-coproprietaires-la-ville-depinal-propose-des-aides-pour-les-renovations-energetiques\/#primaryimage"},"image":{"@id":"https:\/\/vosgesinfo.fr\/epinalinfo\/2025\/01\/syndics-et-coproprietaires-la-ville-depinal-propose-des-aides-pour-les-renovations-energetiques\/#primaryimage"},"thumbnailUrl":"https:\/\/vosgesinfo.fr\/app\/uploads\/sites\/3\/2025\/01\/immeuble.jpg","datePublished":"2025-01-10T06:20:34+00:00","dateModified":"2025-01-10T08:21:59+00:00","breadcrumb":{"@id":"https:\/\/vosgesinfo.fr\/epinalinfo\/2025\/01\/syndics-et-coproprietaires-la-ville-depinal-propose-des-aides-pour-les-renovations-energetiques\/#breadcrumb"},"inLanguage":"fr-FR","potentialAction":[{"@type":"ReadAction","target":["https:\/\/vosgesinfo.fr\/epinalinfo\/2025\/01\/syndics-et-coproprietaires-la-ville-depinal-propose-des-aides-pour-les-renovations-energetiques\/"]}]},{"@type":"ImageObject","inLanguage":"fr-FR","@id":"https:\/\/vosgesinfo.fr\/epinalinfo\/2025\/01\/syndics-et-coproprietaires-la-ville-depinal-propose-des-aides-pour-les-renovations-energetiques\/#primaryimage","url":"https:\/\/vosgesinfo.fr\/app\/uploads\/sites\/3\/2025\/01\/immeuble.jpg","contentUrl":"https:\/\/vosgesinfo.fr\/app\/uploads\/sites\/3\/2025\/01\/immeuble.jpg","width":1639,"height":1465,"caption":"photo Ville d'Epinal"},{"@type":"BreadcrumbList","@id":"https:\/\/vosgesinfo.fr\/epinalinfo\/2025\/01\/syndics-et-coproprietaires-la-ville-depinal-propose-des-aides-pour-les-renovations-energetiques\/#breadcrumb","itemListElement":[{"@type":"ListItem","position":1,"name":"Home","item":"https:\/\/vosgesinfo.fr\/epinalinfo\/"},{"@type":"ListItem","position":2,"name":"Syndics et copropri\u00e9taires : La Ville d\u2019\u00c9pinal propose des aides pour les r\u00e9novations \u00e9nerg\u00e9tiques"}]},{"@type":"WebSite","@id":"https:\/\/vosgesinfo.fr\/epinalinfo\/#website","url":"https:\/\/vosgesinfo.fr\/epinalinfo\/","name":"Epinal Info","description":"Toute l&#039;actualit\u00e9 d&#039;\u00c9pinal","publisher":{"@id":"https:\/\/vosgesinfo.fr\/epinalinfo\/#organization"},"alternateName":"Toute l'actualit\u00e9 d'\u00c9pinal","potentialAction":[{"@type":"SearchAction","target":{"@type":"EntryPoint","urlTemplate":"https:\/\/vosgesinfo.fr\/epinalinfo\/?s={search_term_string}"},"query-input":"required name=search_term_string"}],"inLanguage":"fr-FR"},{"@type":"Organization","@id":"https:\/\/vosgesinfo.fr\/epinalinfo\/#organization","name":"Epinal Info","url":"https:\/\/vosgesinfo.fr\/epinalinfo\/","logo":{"@type":"ImageObject","inLanguage":"fr-FR","@id":"https:\/\/vosgesinfo.fr\/epinalinfo\/#\/schema\/logo\/image\/","url":"https:\/\/vosgesinfo.fr\/app\/uploads\/sites\/3\/2023\/08\/logo-epinalinfos.svg","contentUrl":"https:\/\/vosgesinfo.fr\/app\/uploads\/sites\/3\/2023\/08\/logo-epinalinfos.svg","width":1,"height":1,"caption":"Epinal Info"},"image":{"@id":"https:\/\/vosgesinfo.fr\/epinalinfo\/#\/schema\/logo\/image\/"},"sameAs":["https:\/\/www.facebook.com\/Epinalinfos","https:\/\/x.com\/VosgesInfo88","https:\/\/www.youtube.com\/@vosgesinfo"]},{"@type":"Person","@id":"https:\/\/vosgesinfo.fr\/epinalinfo\/#\/schema\/person\/44f5fff67d0ae31d2770e1f7555c711d","name":"La r\u00e9daction","image":{"@type":"ImageObject","inLanguage":"fr-FR","@id":"https:\/\/vosgesinfo.fr\/epinalinfo\/#\/schema\/person\/image\/","url":"https:\/\/secure.gravatar.com\/avatar\/16dedd2578b2ae59b9a3a38f046defecb4cf834aaec7bb1d03d9ba6b5e55a8d5?s=96&d=mm&r=g","contentUrl":"https:\/\/secure.gravatar.com\/avatar\/16dedd2578b2ae59b9a3a38f046defecb4cf834aaec7bb1d03d9ba6b5e55a8d5?s=96&d=mm&r=g","caption":"La r\u00e9daction"},"url":"https:\/\/vosgesinfo.fr\/epinalinfo\/author\/poupy\/"}]}},"_links":{"self":[{"href":"https:\/\/vosgesinfo.fr\/epinalinfo\/wp-json\/wp\/v2\/posts\/126948","targetHints":{"allow":["GET"]}}],"collection":[{"href":"https:\/\/vosgesinfo.fr\/epinalinfo\/wp-json\/wp\/v2\/posts"}],"about":[{"href":"https:\/\/vosgesinfo.fr\/epinalinfo\/wp-json\/wp\/v2\/types\/post"}],"author":[{"embeddable":true,"href":"https:\/\/vosgesinfo.fr\/epinalinfo\/wp-json\/wp\/v2\/users\/41"}],"replies":[{"embeddable":true,"href":"https:\/\/vosgesinfo.fr\/epinalinfo\/wp-json\/wp\/v2\/comments?post=126948"}],"version-history":[{"count":1,"href":"https:\/\/vosgesinfo.fr\/epinalinfo\/wp-json\/wp\/v2\/posts\/126948\/revisions"}],"predecessor-version":[{"id":126950,"href":"https:\/\/vosgesinfo.fr\/epinalinfo\/wp-json\/wp\/v2\/posts\/126948\/revisions\/126950"}],"wp:featuredmedia":[{"embeddable":true,"href":"https:\/\/vosgesinfo.fr\/epinalinfo\/wp-json\/wp\/v2\/media\/126949"}],"wp:attachment":[{"href":"https:\/\/vosgesinfo.fr\/epinalinfo\/wp-json\/wp\/v2\/media?parent=126948"}],"wp:term":[{"taxonomy":"category","embeddable":true,"href":"https:\/\/vosgesinfo.fr\/epinalinfo\/wp-json\/wp\/v2\/categories?post=126948"},{"taxonomy":"post_tag","embeddable":true,"href":"https:\/\/vosgesinfo.fr\/epinalinfo\/wp-json\/wp\/v2\/tags?post=126948"}],"curies":[{"name":"wp","href":"https:\/\/api.w.org\/{rel}","templated":true}]}}