{"id":126986,"date":"2025-01-11T07:30:46","date_gmt":"2025-01-11T06:30:46","guid":{"rendered":"https:\/\/vosgesinfo.fr\/epinalinfo\/?p=126986"},"modified":"2025-01-11T07:30:46","modified_gmt":"2025-01-11T06:30:46","slug":"la-grippe-met-les-hopitaux-sous-tension-lars-appelle-a-la-vigilance","status":"publish","type":"post","link":"https:\/\/vosgesinfo.fr\/epinalinfo\/2025\/01\/la-grippe-met-les-hopitaux-sous-tension-lars-appelle-a-la-vigilance\/","title":{"rendered":"La grippe met les h\u00f4pitaux sous tension : l&rsquo;ARS appelle \u00e0 la vigilance"},"content":{"rendered":"<p>&nbsp;<\/p>\n<p><a href=\"https:\/\/vosgesinfo.fr\/app\/uploads\/sites\/5\/2023\/09\/hopital-emile-durkheim-epinal-urgences6.jpg\"><img decoding=\"async\" class=\"aligncenter size-full wp-image-1499\" src=\"https:\/\/vosgesinfo.fr\/app\/uploads\/sites\/5\/2023\/09\/hopital-emile-durkheim-epinal-urgences6.jpg\" alt=\"\" width=\"800\" height=\"600\" \/><\/a><\/p>\n<p><strong>L\u2019\u00e9pid\u00e9mie de grippe s\u2019intensifie dans le Grand-Est, entra\u00eenant une forte pression sur les \u00e9tablissements de sant\u00e9, particuli\u00e8rement dans les Vosges. Alors que la situation reste pr\u00e9occupante, les autorit\u00e9s sanitaires\u00a0appellent \u00e0 la vigilance collective et \u00e0 la mobilisation pour prot\u00e9ger les populations vuln\u00e9rables.<\/strong><\/p>\n<h4>Une \u00e9pid\u00e9mie qui p\u00e8se lourd sur les h\u00f4pitaux<\/h4>\n<p>La grippe continue de progresser dans la r\u00e9gion Grand-Est, avec 1 755 consultations enregistr\u00e9es chez SOS M\u00e9decins et 1 689 passages aux urgences pour des \u00e9tats grippaux lors de cette premi\u00e8re semaine de l&rsquo;ann\u00e9e. Si les jeunes de moins de 15 ans ont \u00e9t\u00e9 les premiers touch\u00e9s au d\u00e9but de l\u2019\u00e9pid\u00e9mie, les hospitalisations concernent aujourd\u2019hui principalement les personnes de plus de 65 ans, repr\u00e9sentant 69 % des hospitalisations.<\/p>\n<p>Les \u00e9tablissements de sant\u00e9 font face \u00e0 des tensions croissantes :<\/p>\n<ul>\n<li>20 h\u00f4pitaux du Grand-Est sont en tension, dont plusieurs dans les Vosges.<\/li>\n<li>8 plans blancs ont \u00e9t\u00e9 activ\u00e9s pour faire face \u00e0 la saturation, notamment au CH de Remiremont, \u00c9pinal et de l\u2019Ouest Vosgien.<\/li>\n<li>4 h\u00f4pitaux, dont celui d\u2019\u00c9pinal, ont mis en place une r\u00e9gulation des acc\u00e8s pour \u00e9viter une surcharge.<\/li>\n<\/ul>\n<p>La situation est \u00e9galement marqu\u00e9e par la circulation de multiples souches de la grippe (H1N1, H3N2), qui touchent toutes les classes d\u2019\u00e2ge. Les cas graves n\u00e9cessitant de l\u2019oxyg\u00e8ne se multiplient, notamment en raison de co-infections grippe + VRS (virus respiratoire syncytial), entra\u00eenant des d\u00e9tresses respiratoires aigu\u00ebs.<\/p>\n<h4>Un taux de vaccination insuffisant<\/h4>\n<p>Malgr\u00e9 l\u2019intensit\u00e9 de l\u2019\u00e9pid\u00e9mie, le taux de vaccination dans la r\u00e9gion reste pr\u00e9occupant, avec seulement 20 % de la population vaccin\u00e9e, bien loin des recommandations pour limiter les formes graves.<\/p>\n<p>Pour Christelle Ratignier-Carbonneil, directrice g\u00e9n\u00e9rale de l&rsquo;ARS Grand-Est, il n\u2019est pas trop tard pour agir : \u00ab Il n\u2019est pas trop tard pour se faire vacciner. \u00bb Elle rappelle \u00e9galement l\u2019importance de respecter les gestes barri\u00e8res pour ralentir la propagation :<\/p>\n<ul>\n<li>Port du masque en cas de sympt\u00f4mes.<\/li>\n<li>A\u00e9ration des pi\u00e8ces.<\/li>\n<li>Lavage des mains r\u00e9gulier.<\/li>\n<li>En cas de sympt\u00f4mes, contacter le 15 avant de se rendre aux urgences.<\/li>\n<\/ul>\n<h4>Des mesures pour soulager les h\u00f4pitaux<\/h4>\n<p>Pour r\u00e9pondre aux tensions hospitali\u00e8res, une cellule territoriale quotidienne a \u00e9t\u00e9 mise en place afin de coordonner les actions. Parmi les solutions envisag\u00e9es :<\/p>\n<ul>\n<li>La mise en \u0153uvre d\u2019un syst\u00e8me d\u2019oxyg\u00e9nation \u00e0 domicile pour lib\u00e9rer des lits pour les cas les plus s\u00e9v\u00e8res.<\/li>\n<li>Une gestion optimis\u00e9e des hospitalisations pour garantir une capacit\u00e9 d\u2019accueil suffisante.<\/li>\n<\/ul>\n<h4><\/h4>\n<h4>Une vigilance accrue dans les EHPAD<\/h4>\n<p>Bien qu\u2019aucun confinement ne soit impos\u00e9 dans les EHPAD, les autorit\u00e9s insistent sur le respect strict des gestes barri\u00e8res pour prot\u00e9ger les r\u00e9sidents.<\/p>\n<h4>Conclusion : un appel \u00e0 la responsabilit\u00e9 collective<\/h4>\n<p>Alors que le pic \u00e9pid\u00e9mique reste difficile \u00e0 pr\u00e9voir, les autorit\u00e9s appellent \u00e0 une mobilisation collective pour limiter l\u2019impact de l\u2019\u00e9pid\u00e9mie. Vaccination, respect des gestes barri\u00e8res et bon usage des urgences sont autant de gestes simples mais essentiels pour prot\u00e9ger les plus fragiles et all\u00e9ger les tensions sur les \u00e9tablissements de sant\u00e9.<\/p>\n<p>&nbsp;<\/p>\n<p>&nbsp;<\/p>\n","protected":false},"excerpt":{"rendered":"<p>&nbsp; L\u2019\u00e9pid\u00e9mie de grippe s\u2019intensifie dans le Grand-Est, entra\u00eenant une forte pression sur les \u00e9tablissements de sant\u00e9, particuli\u00e8rement dans les [&hellip;]<\/p>\n","protected":false},"author":418,"featured_media":126987,"comment_status":"open","ping_status":"open","sticky":false,"template":"","format":"standard","meta":{"footnotes":""},"categories":[22,24,6056,6057,6055,6155,14],"tags":[15748,15749,15750,15751],"class_list":["post-126986","post","type-post","status-publish","format-standard","has-post-thumbnail","hentry","category-a-la-une","category-epinal","category-gerardmer","category-la-plaine-des-vosges","category-remiremont","category-saint-die","category-sante","tag-ch-epinal","tag-ch-remiremont","tag-epidemie-de-grippe","tag-hopitaux-sous-tension"],"acf":[],"yoast_head":"<!-- This site is optimized with the Yoast SEO plugin v22.5 - https:\/\/yoast.com\/wordpress\/plugins\/seo\/ -->\n<title>La grippe met les h\u00f4pitaux sous tension : l&#039;ARS appelle \u00e0 la vigilance - Epinal Info<\/title>\n<meta name=\"robots\" content=\"index, follow, max-snippet:-1, max-image-preview:large, max-video-preview:-1\" \/>\n<link rel=\"canonical\" href=\"https:\/\/vosgesinfo.fr\/epinalinfo\/2025\/01\/la-grippe-met-les-hopitaux-sous-tension-lars-appelle-a-la-vigilance\/\" \/>\n<meta name=\"twitter:card\" content=\"summary_large_image\" \/>\n<meta name=\"twitter:title\" content=\"La grippe met les h\u00f4pitaux sous tension : l&#039;ARS appelle \u00e0 la vigilance - Epinal Info\" \/>\n<meta name=\"twitter:description\" content=\"&nbsp; L\u2019\u00e9pid\u00e9mie de grippe s\u2019intensifie dans le Grand-Est, entra\u00eenant une forte pression sur les \u00e9tablissements de sant\u00e9, particuli\u00e8rement dans les [&hellip;]\" \/>\n<meta name=\"twitter:image\" content=\"https:\/\/vosgesinfo.fr\/app\/uploads\/sites\/3\/2025\/01\/hopital-emile-durkheim-epinal-urgences6.jpg\" \/>\n<meta name=\"twitter:creator\" content=\"@VosgesInfo88\" \/>\n<meta name=\"twitter:site\" content=\"@VosgesInfo88\" \/>\n<meta name=\"twitter:label1\" content=\"\u00c9crit par\" \/>\n\t<meta name=\"twitter:data1\" content=\"C.M\" \/>\n\t<meta name=\"twitter:label2\" content=\"Dur\u00e9e de lecture estim\u00e9e\" \/>\n\t<meta name=\"twitter:data2\" content=\"3 minutes\" \/>\n<script type=\"application\/ld+json\" class=\"yoast-schema-graph\">{\"@context\":\"https:\/\/schema.org\",\"@graph\":[{\"@type\":\"Article\",\"@id\":\"https:\/\/vosgesinfo.fr\/epinalinfo\/2025\/01\/la-grippe-met-les-hopitaux-sous-tension-lars-appelle-a-la-vigilance\/#article\",\"isPartOf\":{\"@id\":\"https:\/\/vosgesinfo.fr\/epinalinfo\/2025\/01\/la-grippe-met-les-hopitaux-sous-tension-lars-appelle-a-la-vigilance\/\"},\"author\":{\"name\":\"C.M\",\"@id\":\"https:\/\/vosgesinfo.fr\/epinalinfo\/#\/schema\/person\/4f38cd3068e342935b7304695c797d08\"},\"headline\":\"La grippe met les h\u00f4pitaux sous tension : l&rsquo;ARS appelle \u00e0 la vigilance\",\"datePublished\":\"2025-01-11T06:30:46+00:00\",\"dateModified\":\"2025-01-11T06:30:46+00:00\",\"mainEntityOfPage\":{\"@id\":\"https:\/\/vosgesinfo.fr\/epinalinfo\/2025\/01\/la-grippe-met-les-hopitaux-sous-tension-lars-appelle-a-la-vigilance\/\"},\"wordCount\":551,\"commentCount\":0,\"publisher\":{\"@id\":\"https:\/\/vosgesinfo.fr\/epinalinfo\/#organization\"},\"image\":{\"@id\":\"https:\/\/vosgesinfo.fr\/epinalinfo\/2025\/01\/la-grippe-met-les-hopitaux-sous-tension-lars-appelle-a-la-vigilance\/#primaryimage\"},\"thumbnailUrl\":\"https:\/\/vosgesinfo.fr\/app\/uploads\/sites\/3\/2025\/01\/hopital-emile-durkheim-epinal-urgences6.jpg\",\"keywords\":[\"CH Epinal\",\"CH Remiremont\",\"\u00e9pid\u00e9mie de grippe\",\"Hopitaux sous tension\"],\"articleSection\":[\"A la Une\",\"Epinal\",\"Gerardmer\",\"La plaine des vosges\",\"Remiremont\",\"Saint-di\u00e9\",\"Sant\u00e9\"],\"inLanguage\":\"fr-FR\",\"potentialAction\":[{\"@type\":\"CommentAction\",\"name\":\"Comment\",\"target\":[\"https:\/\/vosgesinfo.fr\/epinalinfo\/2025\/01\/la-grippe-met-les-hopitaux-sous-tension-lars-appelle-a-la-vigilance\/#respond\"]}]},{\"@type\":\"WebPage\",\"@id\":\"https:\/\/vosgesinfo.fr\/epinalinfo\/2025\/01\/la-grippe-met-les-hopitaux-sous-tension-lars-appelle-a-la-vigilance\/\",\"url\":\"https:\/\/vosgesinfo.fr\/epinalinfo\/2025\/01\/la-grippe-met-les-hopitaux-sous-tension-lars-appelle-a-la-vigilance\/\",\"name\":\"La grippe met les h\u00f4pitaux sous tension : l'ARS appelle \u00e0 la vigilance - Epinal Info\",\"isPartOf\":{\"@id\":\"https:\/\/vosgesinfo.fr\/epinalinfo\/#website\"},\"primaryImageOfPage\":{\"@id\":\"https:\/\/vosgesinfo.fr\/epinalinfo\/2025\/01\/la-grippe-met-les-hopitaux-sous-tension-lars-appelle-a-la-vigilance\/#primaryimage\"},\"image\":{\"@id\":\"https:\/\/vosgesinfo.fr\/epinalinfo\/2025\/01\/la-grippe-met-les-hopitaux-sous-tension-lars-appelle-a-la-vigilance\/#primaryimage\"},\"thumbnailUrl\":\"https:\/\/vosgesinfo.fr\/app\/uploads\/sites\/3\/2025\/01\/hopital-emile-durkheim-epinal-urgences6.jpg\",\"datePublished\":\"2025-01-11T06:30:46+00:00\",\"dateModified\":\"2025-01-11T06:30:46+00:00\",\"breadcrumb\":{\"@id\":\"https:\/\/vosgesinfo.fr\/epinalinfo\/2025\/01\/la-grippe-met-les-hopitaux-sous-tension-lars-appelle-a-la-vigilance\/#breadcrumb\"},\"inLanguage\":\"fr-FR\",\"potentialAction\":[{\"@type\":\"ReadAction\",\"target\":[\"https:\/\/vosgesinfo.fr\/epinalinfo\/2025\/01\/la-grippe-met-les-hopitaux-sous-tension-lars-appelle-a-la-vigilance\/\"]}]},{\"@type\":\"ImageObject\",\"inLanguage\":\"fr-FR\",\"@id\":\"https:\/\/vosgesinfo.fr\/epinalinfo\/2025\/01\/la-grippe-met-les-hopitaux-sous-tension-lars-appelle-a-la-vigilance\/#primaryimage\",\"url\":\"https:\/\/vosgesinfo.fr\/app\/uploads\/sites\/3\/2025\/01\/hopital-emile-durkheim-epinal-urgences6.jpg\",\"contentUrl\":\"https:\/\/vosgesinfo.fr\/app\/uploads\/sites\/3\/2025\/01\/hopital-emile-durkheim-epinal-urgences6.jpg\",\"width\":800,\"height\":600},{\"@type\":\"BreadcrumbList\",\"@id\":\"https:\/\/vosgesinfo.fr\/epinalinfo\/2025\/01\/la-grippe-met-les-hopitaux-sous-tension-lars-appelle-a-la-vigilance\/#breadcrumb\",\"itemListElement\":[{\"@type\":\"ListItem\",\"position\":1,\"name\":\"Home\",\"item\":\"https:\/\/vosgesinfo.fr\/epinalinfo\/\"},{\"@type\":\"ListItem\",\"position\":2,\"name\":\"La grippe met les h\u00f4pitaux sous tension : l&rsquo;ARS appelle \u00e0 la vigilance\"}]},{\"@type\":\"WebSite\",\"@id\":\"https:\/\/vosgesinfo.fr\/epinalinfo\/#website\",\"url\":\"https:\/\/vosgesinfo.fr\/epinalinfo\/\",\"name\":\"Epinal Info\",\"description\":\"Toute l&#039;actualit\u00e9 d&#039;\u00c9pinal\",\"publisher\":{\"@id\":\"https:\/\/vosgesinfo.fr\/epinalinfo\/#organization\"},\"alternateName\":\"Toute l'actualit\u00e9 d'\u00c9pinal\",\"potentialAction\":[{\"@type\":\"SearchAction\",\"target\":{\"@type\":\"EntryPoint\",\"urlTemplate\":\"https:\/\/vosgesinfo.fr\/epinalinfo\/?s={search_term_string}\"},\"query-input\":\"required name=search_term_string\"}],\"inLanguage\":\"fr-FR\"},{\"@type\":\"Organization\",\"@id\":\"https:\/\/vosgesinfo.fr\/epinalinfo\/#organization\",\"name\":\"Epinal Info\",\"url\":\"https:\/\/vosgesinfo.fr\/epinalinfo\/\",\"logo\":{\"@type\":\"ImageObject\",\"inLanguage\":\"fr-FR\",\"@id\":\"https:\/\/vosgesinfo.fr\/epinalinfo\/#\/schema\/logo\/image\/\",\"url\":\"https:\/\/vosgesinfo.fr\/app\/uploads\/sites\/3\/2023\/08\/logo-epinalinfos.svg\",\"contentUrl\":\"https:\/\/vosgesinfo.fr\/app\/uploads\/sites\/3\/2023\/08\/logo-epinalinfos.svg\",\"width\":1,\"height\":1,\"caption\":\"Epinal Info\"},\"image\":{\"@id\":\"https:\/\/vosgesinfo.fr\/epinalinfo\/#\/schema\/logo\/image\/\"},\"sameAs\":[\"https:\/\/www.facebook.com\/Epinalinfos\",\"https:\/\/x.com\/VosgesInfo88\",\"https:\/\/www.youtube.com\/@vosgesinfo\"]},{\"@type\":\"Person\",\"@id\":\"https:\/\/vosgesinfo.fr\/epinalinfo\/#\/schema\/person\/4f38cd3068e342935b7304695c797d08\",\"name\":\"C.M\",\"image\":{\"@type\":\"ImageObject\",\"inLanguage\":\"fr-FR\",\"@id\":\"https:\/\/vosgesinfo.fr\/epinalinfo\/#\/schema\/person\/image\/\",\"url\":\"https:\/\/secure.gravatar.com\/avatar\/fe9daaef0164d920717484172682f3c5c9bcf7d42aa8c7048c76c34f0eb6c8da?s=96&d=mm&r=g\",\"contentUrl\":\"https:\/\/secure.gravatar.com\/avatar\/fe9daaef0164d920717484172682f3c5c9bcf7d42aa8c7048c76c34f0eb6c8da?s=96&d=mm&r=g\",\"caption\":\"C.M\"},\"url\":\"https:\/\/vosgesinfo.fr\/epinalinfo\/author\/cm88200\/\"}]}<\/script>\n<!-- \/ Yoast SEO plugin. -->","yoast_head_json":{"title":"La grippe met les h\u00f4pitaux sous tension : l'ARS appelle \u00e0 la vigilance - Epinal Info","robots":{"index":"index","follow":"follow","max-snippet":"max-snippet:-1","max-image-preview":"max-image-preview:large","max-video-preview":"max-video-preview:-1"},"canonical":"https:\/\/vosgesinfo.fr\/epinalinfo\/2025\/01\/la-grippe-met-les-hopitaux-sous-tension-lars-appelle-a-la-vigilance\/","twitter_card":"summary_large_image","twitter_title":"La grippe met les h\u00f4pitaux sous tension : l'ARS appelle \u00e0 la vigilance - Epinal Info","twitter_description":"&nbsp; L\u2019\u00e9pid\u00e9mie de grippe s\u2019intensifie dans le Grand-Est, entra\u00eenant une forte pression sur les \u00e9tablissements de sant\u00e9, particuli\u00e8rement dans les [&hellip;]","twitter_image":"https:\/\/vosgesinfo.fr\/app\/uploads\/sites\/3\/2025\/01\/hopital-emile-durkheim-epinal-urgences6.jpg","twitter_creator":"@VosgesInfo88","twitter_site":"@VosgesInfo88","twitter_misc":{"\u00c9crit par":"C.M","Dur\u00e9e de lecture estim\u00e9e":"3 minutes"},"schema":{"@context":"https:\/\/schema.org","@graph":[{"@type":"Article","@id":"https:\/\/vosgesinfo.fr\/epinalinfo\/2025\/01\/la-grippe-met-les-hopitaux-sous-tension-lars-appelle-a-la-vigilance\/#article","isPartOf":{"@id":"https:\/\/vosgesinfo.fr\/epinalinfo\/2025\/01\/la-grippe-met-les-hopitaux-sous-tension-lars-appelle-a-la-vigilance\/"},"author":{"name":"C.M","@id":"https:\/\/vosgesinfo.fr\/epinalinfo\/#\/schema\/person\/4f38cd3068e342935b7304695c797d08"},"headline":"La grippe met les h\u00f4pitaux sous tension : l&rsquo;ARS appelle \u00e0 la vigilance","datePublished":"2025-01-11T06:30:46+00:00","dateModified":"2025-01-11T06:30:46+00:00","mainEntityOfPage":{"@id":"https:\/\/vosgesinfo.fr\/epinalinfo\/2025\/01\/la-grippe-met-les-hopitaux-sous-tension-lars-appelle-a-la-vigilance\/"},"wordCount":551,"commentCount":0,"publisher":{"@id":"https:\/\/vosgesinfo.fr\/epinalinfo\/#organization"},"image":{"@id":"https:\/\/vosgesinfo.fr\/epinalinfo\/2025\/01\/la-grippe-met-les-hopitaux-sous-tension-lars-appelle-a-la-vigilance\/#primaryimage"},"thumbnailUrl":"https:\/\/vosgesinfo.fr\/app\/uploads\/sites\/3\/2025\/01\/hopital-emile-durkheim-epinal-urgences6.jpg","keywords":["CH Epinal","CH Remiremont","\u00e9pid\u00e9mie de grippe","Hopitaux sous tension"],"articleSection":["A la Une","Epinal","Gerardmer","La plaine des vosges","Remiremont","Saint-di\u00e9","Sant\u00e9"],"inLanguage":"fr-FR","potentialAction":[{"@type":"CommentAction","name":"Comment","target":["https:\/\/vosgesinfo.fr\/epinalinfo\/2025\/01\/la-grippe-met-les-hopitaux-sous-tension-lars-appelle-a-la-vigilance\/#respond"]}]},{"@type":"WebPage","@id":"https:\/\/vosgesinfo.fr\/epinalinfo\/2025\/01\/la-grippe-met-les-hopitaux-sous-tension-lars-appelle-a-la-vigilance\/","url":"https:\/\/vosgesinfo.fr\/epinalinfo\/2025\/01\/la-grippe-met-les-hopitaux-sous-tension-lars-appelle-a-la-vigilance\/","name":"La grippe met les h\u00f4pitaux sous tension : l'ARS appelle \u00e0 la vigilance - Epinal Info","isPartOf":{"@id":"https:\/\/vosgesinfo.fr\/epinalinfo\/#website"},"primaryImageOfPage":{"@id":"https:\/\/vosgesinfo.fr\/epinalinfo\/2025\/01\/la-grippe-met-les-hopitaux-sous-tension-lars-appelle-a-la-vigilance\/#primaryimage"},"image":{"@id":"https:\/\/vosgesinfo.fr\/epinalinfo\/2025\/01\/la-grippe-met-les-hopitaux-sous-tension-lars-appelle-a-la-vigilance\/#primaryimage"},"thumbnailUrl":"https:\/\/vosgesinfo.fr\/app\/uploads\/sites\/3\/2025\/01\/hopital-emile-durkheim-epinal-urgences6.jpg","datePublished":"2025-01-11T06:30:46+00:00","dateModified":"2025-01-11T06:30:46+00:00","breadcrumb":{"@id":"https:\/\/vosgesinfo.fr\/epinalinfo\/2025\/01\/la-grippe-met-les-hopitaux-sous-tension-lars-appelle-a-la-vigilance\/#breadcrumb"},"inLanguage":"fr-FR","potentialAction":[{"@type":"ReadAction","target":["https:\/\/vosgesinfo.fr\/epinalinfo\/2025\/01\/la-grippe-met-les-hopitaux-sous-tension-lars-appelle-a-la-vigilance\/"]}]},{"@type":"ImageObject","inLanguage":"fr-FR","@id":"https:\/\/vosgesinfo.fr\/epinalinfo\/2025\/01\/la-grippe-met-les-hopitaux-sous-tension-lars-appelle-a-la-vigilance\/#primaryimage","url":"https:\/\/vosgesinfo.fr\/app\/uploads\/sites\/3\/2025\/01\/hopital-emile-durkheim-epinal-urgences6.jpg","contentUrl":"https:\/\/vosgesinfo.fr\/app\/uploads\/sites\/3\/2025\/01\/hopital-emile-durkheim-epinal-urgences6.jpg","width":800,"height":600},{"@type":"BreadcrumbList","@id":"https:\/\/vosgesinfo.fr\/epinalinfo\/2025\/01\/la-grippe-met-les-hopitaux-sous-tension-lars-appelle-a-la-vigilance\/#breadcrumb","itemListElement":[{"@type":"ListItem","position":1,"name":"Home","item":"https:\/\/vosgesinfo.fr\/epinalinfo\/"},{"@type":"ListItem","position":2,"name":"La grippe met les h\u00f4pitaux sous tension : l&rsquo;ARS appelle \u00e0 la vigilance"}]},{"@type":"WebSite","@id":"https:\/\/vosgesinfo.fr\/epinalinfo\/#website","url":"https:\/\/vosgesinfo.fr\/epinalinfo\/","name":"Epinal Info","description":"Toute l&#039;actualit\u00e9 d&#039;\u00c9pinal","publisher":{"@id":"https:\/\/vosgesinfo.fr\/epinalinfo\/#organization"},"alternateName":"Toute l'actualit\u00e9 d'\u00c9pinal","potentialAction":[{"@type":"SearchAction","target":{"@type":"EntryPoint","urlTemplate":"https:\/\/vosgesinfo.fr\/epinalinfo\/?s={search_term_string}"},"query-input":"required name=search_term_string"}],"inLanguage":"fr-FR"},{"@type":"Organization","@id":"https:\/\/vosgesinfo.fr\/epinalinfo\/#organization","name":"Epinal Info","url":"https:\/\/vosgesinfo.fr\/epinalinfo\/","logo":{"@type":"ImageObject","inLanguage":"fr-FR","@id":"https:\/\/vosgesinfo.fr\/epinalinfo\/#\/schema\/logo\/image\/","url":"https:\/\/vosgesinfo.fr\/app\/uploads\/sites\/3\/2023\/08\/logo-epinalinfos.svg","contentUrl":"https:\/\/vosgesinfo.fr\/app\/uploads\/sites\/3\/2023\/08\/logo-epinalinfos.svg","width":1,"height":1,"caption":"Epinal Info"},"image":{"@id":"https:\/\/vosgesinfo.fr\/epinalinfo\/#\/schema\/logo\/image\/"},"sameAs":["https:\/\/www.facebook.com\/Epinalinfos","https:\/\/x.com\/VosgesInfo88","https:\/\/www.youtube.com\/@vosgesinfo"]},{"@type":"Person","@id":"https:\/\/vosgesinfo.fr\/epinalinfo\/#\/schema\/person\/4f38cd3068e342935b7304695c797d08","name":"C.M","image":{"@type":"ImageObject","inLanguage":"fr-FR","@id":"https:\/\/vosgesinfo.fr\/epinalinfo\/#\/schema\/person\/image\/","url":"https:\/\/secure.gravatar.com\/avatar\/fe9daaef0164d920717484172682f3c5c9bcf7d42aa8c7048c76c34f0eb6c8da?s=96&d=mm&r=g","contentUrl":"https:\/\/secure.gravatar.com\/avatar\/fe9daaef0164d920717484172682f3c5c9bcf7d42aa8c7048c76c34f0eb6c8da?s=96&d=mm&r=g","caption":"C.M"},"url":"https:\/\/vosgesinfo.fr\/epinalinfo\/author\/cm88200\/"}]}},"_links":{"self":[{"href":"https:\/\/vosgesinfo.fr\/epinalinfo\/wp-json\/wp\/v2\/posts\/126986","targetHints":{"allow":["GET"]}}],"collection":[{"href":"https:\/\/vosgesinfo.fr\/epinalinfo\/wp-json\/wp\/v2\/posts"}],"about":[{"href":"https:\/\/vosgesinfo.fr\/epinalinfo\/wp-json\/wp\/v2\/types\/post"}],"author":[{"embeddable":true,"href":"https:\/\/vosgesinfo.fr\/epinalinfo\/wp-json\/wp\/v2\/users\/418"}],"replies":[{"embeddable":true,"href":"https:\/\/vosgesinfo.fr\/epinalinfo\/wp-json\/wp\/v2\/comments?post=126986"}],"version-history":[{"count":0,"href":"https:\/\/vosgesinfo.fr\/epinalinfo\/wp-json\/wp\/v2\/posts\/126986\/revisions"}],"wp:featuredmedia":[{"embeddable":true,"href":"https:\/\/vosgesinfo.fr\/epinalinfo\/wp-json\/wp\/v2\/media\/126987"}],"wp:attachment":[{"href":"https:\/\/vosgesinfo.fr\/epinalinfo\/wp-json\/wp\/v2\/media?parent=126986"}],"wp:term":[{"taxonomy":"category","embeddable":true,"href":"https:\/\/vosgesinfo.fr\/epinalinfo\/wp-json\/wp\/v2\/categories?post=126986"},{"taxonomy":"post_tag","embeddable":true,"href":"https:\/\/vosgesinfo.fr\/epinalinfo\/wp-json\/wp\/v2\/tags?post=126986"}],"curies":[{"name":"wp","href":"https:\/\/api.w.org\/{rel}","templated":true}]}}