{"id":127280,"date":"2025-01-16T17:27:46","date_gmt":"2025-01-16T16:27:46","guid":{"rendered":"https:\/\/vosgesinfo.fr\/epinalinfo\/?p=127280"},"modified":"2025-01-16T17:27:46","modified_gmt":"2025-01-16T16:27:46","slug":"gerardmer-cyclotourisme-et-loisirs-bruno-taroni-succede-a-yves-toussaint","status":"publish","type":"post","link":"https:\/\/vosgesinfo.fr\/epinalinfo\/2025\/01\/gerardmer-cyclotourisme-et-loisirs-bruno-taroni-succede-a-yves-toussaint\/","title":{"rendered":"G\u00e9rardmer Cyclotourisme et Loisirs : Bruno Taroni succ\u00e8de \u00e0 Yves Toussaint"},"content":{"rendered":"<p><a href=\"https:\/\/vosgesinfo.fr\/app\/uploads\/sites\/6\/2025\/01\/cyclotourisme-taroni-toussaint-president-3.jpg\"><img decoding=\"async\" class=\"aligncenter wp-image-73117 size-full\" src=\"https:\/\/vosgesinfo.fr\/app\/uploads\/sites\/6\/2025\/01\/cyclotourisme-taroni-toussaint-president-3.jpg\" alt=\"Le nouveau pr\u00e9sident et son pr\u00e9d\u00e9cesseur ont pu officiellement proc\u00e9der \u00e0 une passation de pouvoir \u00e0 l'occasion d'un moment convivial au Tholy. \" width=\"800\" height=\"600\" \/><\/a><\/p>\n<p>&nbsp;<\/p>\n<p>Une cinquantaine de membres du club GERARDMER CYCLOTOURISME ET LOISIRS se sont retrouv\u00e9s le dimanche 12 janvier dans le cadre d&rsquo;un d\u00e9jeuner au restaurant O\u2019Creux Gourmand (H\u00f4tel de la Grande Cascade \u2013 Le Tholy) afin de partager le repas traditionnel de la galette des rois.<\/p>\n<p>C\u2019\u00e9tait aussi l\u2019occasion pour le nouveau pr\u00e9sident du club, Bruno TARONI, de remercier Yves Toussaint, son pr\u00e9d\u00e9cesseur durant les 6 ann\u00e9es pass\u00e9es \u00e0 ce poste ; un cadeau de remerciement lui a \u00e9t\u00e9 offert ainsi qu\u2019\u00e0 Sylvie, son \u00e9pouse. De beaux moments de retrouvailles pour d\u00e9buter la nouvelle ann\u00e9e avec toujours cet esprit convivial qui est la marque du club de G\u00e9rardmer.<\/p>\n<p><a href=\"https:\/\/vosgesinfo.fr\/app\/uploads\/sites\/6\/2025\/01\/cyclotourisme-taroni-toussaint-president-2.jpg\"><img decoding=\"async\" class=\"aligncenter size-full wp-image-73116\" src=\"https:\/\/vosgesinfo.fr\/app\/uploads\/sites\/6\/2025\/01\/cyclotourisme-taroni-toussaint-president-2.jpg\" alt=\"\" width=\"686\" height=\"600\" \/><\/a><\/p>\n","protected":false},"excerpt":{"rendered":"<p>&nbsp; Une cinquantaine de membres du club GERARDMER CYCLOTOURISME ET LOISIRS se sont retrouv\u00e9s le dimanche 12 janvier dans le [&hellip;]<\/p>\n","protected":false},"author":391,"featured_media":127281,"comment_status":"open","ping_status":"open","sticky":false,"template":"","format":"standard","meta":{"footnotes":""},"categories":[22,12,24,6056,6057,6055,6155,5],"tags":[15798,15799],"class_list":["post-127280","post","type-post","status-publish","format-standard","has-post-thumbnail","hentry","category-a-la-une","category-culture","category-epinal","category-gerardmer","category-la-plaine-des-vosges","category-remiremont","category-saint-die","category-vosges","tag-bruno-taroni","tag-gerardmer-cyclotourisme-et-loisirs"],"acf":[],"yoast_head":"<!-- This site is optimized with the Yoast SEO plugin v22.5 - https:\/\/yoast.com\/wordpress\/plugins\/seo\/ -->\n<title>G\u00e9rardmer Cyclotourisme et Loisirs : Bruno Taroni succ\u00e8de \u00e0 Yves Toussaint - Epinal Info<\/title>\n<meta name=\"robots\" content=\"index, follow, max-snippet:-1, max-image-preview:large, max-video-preview:-1\" \/>\n<link rel=\"canonical\" href=\"https:\/\/vosgesinfo.fr\/epinalinfo\/2025\/01\/gerardmer-cyclotourisme-et-loisirs-bruno-taroni-succede-a-yves-toussaint\/\" \/>\n<meta name=\"twitter:card\" content=\"summary_large_image\" \/>\n<meta name=\"twitter:title\" content=\"G\u00e9rardmer Cyclotourisme et Loisirs : Bruno Taroni succ\u00e8de \u00e0 Yves Toussaint - Epinal Info\" \/>\n<meta name=\"twitter:description\" content=\"&nbsp; Une cinquantaine de membres du club GERARDMER CYCLOTOURISME ET LOISIRS se sont retrouv\u00e9s le dimanche 12 janvier dans le [&hellip;]\" \/>\n<meta name=\"twitter:image\" content=\"https:\/\/vosgesinfo.fr\/app\/uploads\/sites\/3\/2025\/01\/cyclotourisme-taroni-toussaint-president-3.jpg\" \/>\n<meta name=\"twitter:creator\" content=\"@VosgesInfo88\" \/>\n<meta name=\"twitter:site\" content=\"@VosgesInfo88\" \/>\n<meta name=\"twitter:label1\" content=\"\u00c9crit par\" \/>\n\t<meta name=\"twitter:data1\" content=\"La redaction\" \/>\n\t<meta name=\"twitter:label2\" content=\"Dur\u00e9e de lecture estim\u00e9e\" \/>\n\t<meta name=\"twitter:data2\" content=\"1 minute\" \/>\n<script type=\"application\/ld+json\" class=\"yoast-schema-graph\">{\"@context\":\"https:\/\/schema.org\",\"@graph\":[{\"@type\":\"Article\",\"@id\":\"https:\/\/vosgesinfo.fr\/epinalinfo\/2025\/01\/gerardmer-cyclotourisme-et-loisirs-bruno-taroni-succede-a-yves-toussaint\/#article\",\"isPartOf\":{\"@id\":\"https:\/\/vosgesinfo.fr\/epinalinfo\/2025\/01\/gerardmer-cyclotourisme-et-loisirs-bruno-taroni-succede-a-yves-toussaint\/\"},\"author\":{\"name\":\"La redaction\",\"@id\":\"https:\/\/vosgesinfo.fr\/epinalinfo\/#\/schema\/person\/27a3695b06db98895b354c0765cdfc31\"},\"headline\":\"G\u00e9rardmer Cyclotourisme et Loisirs : Bruno Taroni succ\u00e8de \u00e0 Yves Toussaint\",\"datePublished\":\"2025-01-16T16:27:46+00:00\",\"dateModified\":\"2025-01-16T16:27:46+00:00\",\"mainEntityOfPage\":{\"@id\":\"https:\/\/vosgesinfo.fr\/epinalinfo\/2025\/01\/gerardmer-cyclotourisme-et-loisirs-bruno-taroni-succede-a-yves-toussaint\/\"},\"wordCount\":129,\"commentCount\":0,\"publisher\":{\"@id\":\"https:\/\/vosgesinfo.fr\/epinalinfo\/#organization\"},\"image\":{\"@id\":\"https:\/\/vosgesinfo.fr\/epinalinfo\/2025\/01\/gerardmer-cyclotourisme-et-loisirs-bruno-taroni-succede-a-yves-toussaint\/#primaryimage\"},\"thumbnailUrl\":\"https:\/\/vosgesinfo.fr\/app\/uploads\/sites\/3\/2025\/01\/cyclotourisme-taroni-toussaint-president-3.jpg\",\"keywords\":[\"Bruno Taroni\",\"G\u00e9rardmer Cyclotourisme et Loisirs\"],\"articleSection\":[\"A la Une\",\"Culture\",\"Epinal\",\"Gerardmer\",\"La plaine des vosges\",\"Remiremont\",\"Saint-di\u00e9\",\"Vosges\"],\"inLanguage\":\"fr-FR\",\"potentialAction\":[{\"@type\":\"CommentAction\",\"name\":\"Comment\",\"target\":[\"https:\/\/vosgesinfo.fr\/epinalinfo\/2025\/01\/gerardmer-cyclotourisme-et-loisirs-bruno-taroni-succede-a-yves-toussaint\/#respond\"]}]},{\"@type\":\"WebPage\",\"@id\":\"https:\/\/vosgesinfo.fr\/epinalinfo\/2025\/01\/gerardmer-cyclotourisme-et-loisirs-bruno-taroni-succede-a-yves-toussaint\/\",\"url\":\"https:\/\/vosgesinfo.fr\/epinalinfo\/2025\/01\/gerardmer-cyclotourisme-et-loisirs-bruno-taroni-succede-a-yves-toussaint\/\",\"name\":\"G\u00e9rardmer Cyclotourisme et Loisirs : Bruno Taroni succ\u00e8de \u00e0 Yves Toussaint - Epinal Info\",\"isPartOf\":{\"@id\":\"https:\/\/vosgesinfo.fr\/epinalinfo\/#website\"},\"primaryImageOfPage\":{\"@id\":\"https:\/\/vosgesinfo.fr\/epinalinfo\/2025\/01\/gerardmer-cyclotourisme-et-loisirs-bruno-taroni-succede-a-yves-toussaint\/#primaryimage\"},\"image\":{\"@id\":\"https:\/\/vosgesinfo.fr\/epinalinfo\/2025\/01\/gerardmer-cyclotourisme-et-loisirs-bruno-taroni-succede-a-yves-toussaint\/#primaryimage\"},\"thumbnailUrl\":\"https:\/\/vosgesinfo.fr\/app\/uploads\/sites\/3\/2025\/01\/cyclotourisme-taroni-toussaint-president-3.jpg\",\"datePublished\":\"2025-01-16T16:27:46+00:00\",\"dateModified\":\"2025-01-16T16:27:46+00:00\",\"breadcrumb\":{\"@id\":\"https:\/\/vosgesinfo.fr\/epinalinfo\/2025\/01\/gerardmer-cyclotourisme-et-loisirs-bruno-taroni-succede-a-yves-toussaint\/#breadcrumb\"},\"inLanguage\":\"fr-FR\",\"potentialAction\":[{\"@type\":\"ReadAction\",\"target\":[\"https:\/\/vosgesinfo.fr\/epinalinfo\/2025\/01\/gerardmer-cyclotourisme-et-loisirs-bruno-taroni-succede-a-yves-toussaint\/\"]}]},{\"@type\":\"ImageObject\",\"inLanguage\":\"fr-FR\",\"@id\":\"https:\/\/vosgesinfo.fr\/epinalinfo\/2025\/01\/gerardmer-cyclotourisme-et-loisirs-bruno-taroni-succede-a-yves-toussaint\/#primaryimage\",\"url\":\"https:\/\/vosgesinfo.fr\/app\/uploads\/sites\/3\/2025\/01\/cyclotourisme-taroni-toussaint-president-3.jpg\",\"contentUrl\":\"https:\/\/vosgesinfo.fr\/app\/uploads\/sites\/3\/2025\/01\/cyclotourisme-taroni-toussaint-president-3.jpg\",\"width\":800,\"height\":600},{\"@type\":\"BreadcrumbList\",\"@id\":\"https:\/\/vosgesinfo.fr\/epinalinfo\/2025\/01\/gerardmer-cyclotourisme-et-loisirs-bruno-taroni-succede-a-yves-toussaint\/#breadcrumb\",\"itemListElement\":[{\"@type\":\"ListItem\",\"position\":1,\"name\":\"Home\",\"item\":\"https:\/\/vosgesinfo.fr\/epinalinfo\/\"},{\"@type\":\"ListItem\",\"position\":2,\"name\":\"G\u00e9rardmer Cyclotourisme et Loisirs : Bruno Taroni succ\u00e8de \u00e0 Yves Toussaint\"}]},{\"@type\":\"WebSite\",\"@id\":\"https:\/\/vosgesinfo.fr\/epinalinfo\/#website\",\"url\":\"https:\/\/vosgesinfo.fr\/epinalinfo\/\",\"name\":\"Epinal Info\",\"description\":\"Toute l&#039;actualit\u00e9 d&#039;\u00c9pinal\",\"publisher\":{\"@id\":\"https:\/\/vosgesinfo.fr\/epinalinfo\/#organization\"},\"alternateName\":\"Toute l'actualit\u00e9 d'\u00c9pinal\",\"potentialAction\":[{\"@type\":\"SearchAction\",\"target\":{\"@type\":\"EntryPoint\",\"urlTemplate\":\"https:\/\/vosgesinfo.fr\/epinalinfo\/?s={search_term_string}\"},\"query-input\":\"required name=search_term_string\"}],\"inLanguage\":\"fr-FR\"},{\"@type\":\"Organization\",\"@id\":\"https:\/\/vosgesinfo.fr\/epinalinfo\/#organization\",\"name\":\"Epinal Info\",\"url\":\"https:\/\/vosgesinfo.fr\/epinalinfo\/\",\"logo\":{\"@type\":\"ImageObject\",\"inLanguage\":\"fr-FR\",\"@id\":\"https:\/\/vosgesinfo.fr\/epinalinfo\/#\/schema\/logo\/image\/\",\"url\":\"https:\/\/vosgesinfo.fr\/app\/uploads\/sites\/3\/2023\/08\/logo-epinalinfos.svg\",\"contentUrl\":\"https:\/\/vosgesinfo.fr\/app\/uploads\/sites\/3\/2023\/08\/logo-epinalinfos.svg\",\"width\":1,\"height\":1,\"caption\":\"Epinal Info\"},\"image\":{\"@id\":\"https:\/\/vosgesinfo.fr\/epinalinfo\/#\/schema\/logo\/image\/\"},\"sameAs\":[\"https:\/\/www.facebook.com\/Epinalinfos\",\"https:\/\/x.com\/VosgesInfo88\",\"https:\/\/www.youtube.com\/@vosgesinfo\"]},{\"@type\":\"Person\",\"@id\":\"https:\/\/vosgesinfo.fr\/epinalinfo\/#\/schema\/person\/27a3695b06db98895b354c0765cdfc31\",\"name\":\"La redaction\",\"image\":{\"@type\":\"ImageObject\",\"inLanguage\":\"fr-FR\",\"@id\":\"https:\/\/vosgesinfo.fr\/epinalinfo\/#\/schema\/person\/image\/\",\"url\":\"https:\/\/secure.gravatar.com\/avatar\/64c76a78e501cedee55736f43f332df901e1896ae9cd8fad269ae2236dd0e8b6?s=96&d=mm&r=g\",\"contentUrl\":\"https:\/\/secure.gravatar.com\/avatar\/64c76a78e501cedee55736f43f332df901e1896ae9cd8fad269ae2236dd0e8b6?s=96&d=mm&r=g\",\"caption\":\"La redaction\"},\"url\":\"https:\/\/vosgesinfo.fr\/epinalinfo\/author\/la-redaction\/\"}]}<\/script>\n<!-- \/ Yoast SEO plugin. -->","yoast_head_json":{"title":"G\u00e9rardmer Cyclotourisme et Loisirs : Bruno Taroni succ\u00e8de \u00e0 Yves Toussaint - Epinal Info","robots":{"index":"index","follow":"follow","max-snippet":"max-snippet:-1","max-image-preview":"max-image-preview:large","max-video-preview":"max-video-preview:-1"},"canonical":"https:\/\/vosgesinfo.fr\/epinalinfo\/2025\/01\/gerardmer-cyclotourisme-et-loisirs-bruno-taroni-succede-a-yves-toussaint\/","twitter_card":"summary_large_image","twitter_title":"G\u00e9rardmer Cyclotourisme et Loisirs : Bruno Taroni succ\u00e8de \u00e0 Yves Toussaint - Epinal Info","twitter_description":"&nbsp; Une cinquantaine de membres du club GERARDMER CYCLOTOURISME ET LOISIRS se sont retrouv\u00e9s le dimanche 12 janvier dans le [&hellip;]","twitter_image":"https:\/\/vosgesinfo.fr\/app\/uploads\/sites\/3\/2025\/01\/cyclotourisme-taroni-toussaint-president-3.jpg","twitter_creator":"@VosgesInfo88","twitter_site":"@VosgesInfo88","twitter_misc":{"\u00c9crit par":"La redaction","Dur\u00e9e de lecture estim\u00e9e":"1 minute"},"schema":{"@context":"https:\/\/schema.org","@graph":[{"@type":"Article","@id":"https:\/\/vosgesinfo.fr\/epinalinfo\/2025\/01\/gerardmer-cyclotourisme-et-loisirs-bruno-taroni-succede-a-yves-toussaint\/#article","isPartOf":{"@id":"https:\/\/vosgesinfo.fr\/epinalinfo\/2025\/01\/gerardmer-cyclotourisme-et-loisirs-bruno-taroni-succede-a-yves-toussaint\/"},"author":{"name":"La redaction","@id":"https:\/\/vosgesinfo.fr\/epinalinfo\/#\/schema\/person\/27a3695b06db98895b354c0765cdfc31"},"headline":"G\u00e9rardmer Cyclotourisme et Loisirs : Bruno Taroni succ\u00e8de \u00e0 Yves Toussaint","datePublished":"2025-01-16T16:27:46+00:00","dateModified":"2025-01-16T16:27:46+00:00","mainEntityOfPage":{"@id":"https:\/\/vosgesinfo.fr\/epinalinfo\/2025\/01\/gerardmer-cyclotourisme-et-loisirs-bruno-taroni-succede-a-yves-toussaint\/"},"wordCount":129,"commentCount":0,"publisher":{"@id":"https:\/\/vosgesinfo.fr\/epinalinfo\/#organization"},"image":{"@id":"https:\/\/vosgesinfo.fr\/epinalinfo\/2025\/01\/gerardmer-cyclotourisme-et-loisirs-bruno-taroni-succede-a-yves-toussaint\/#primaryimage"},"thumbnailUrl":"https:\/\/vosgesinfo.fr\/app\/uploads\/sites\/3\/2025\/01\/cyclotourisme-taroni-toussaint-president-3.jpg","keywords":["Bruno Taroni","G\u00e9rardmer Cyclotourisme et Loisirs"],"articleSection":["A la Une","Culture","Epinal","Gerardmer","La plaine des vosges","Remiremont","Saint-di\u00e9","Vosges"],"inLanguage":"fr-FR","potentialAction":[{"@type":"CommentAction","name":"Comment","target":["https:\/\/vosgesinfo.fr\/epinalinfo\/2025\/01\/gerardmer-cyclotourisme-et-loisirs-bruno-taroni-succede-a-yves-toussaint\/#respond"]}]},{"@type":"WebPage","@id":"https:\/\/vosgesinfo.fr\/epinalinfo\/2025\/01\/gerardmer-cyclotourisme-et-loisirs-bruno-taroni-succede-a-yves-toussaint\/","url":"https:\/\/vosgesinfo.fr\/epinalinfo\/2025\/01\/gerardmer-cyclotourisme-et-loisirs-bruno-taroni-succede-a-yves-toussaint\/","name":"G\u00e9rardmer Cyclotourisme et Loisirs : Bruno Taroni succ\u00e8de \u00e0 Yves Toussaint - Epinal Info","isPartOf":{"@id":"https:\/\/vosgesinfo.fr\/epinalinfo\/#website"},"primaryImageOfPage":{"@id":"https:\/\/vosgesinfo.fr\/epinalinfo\/2025\/01\/gerardmer-cyclotourisme-et-loisirs-bruno-taroni-succede-a-yves-toussaint\/#primaryimage"},"image":{"@id":"https:\/\/vosgesinfo.fr\/epinalinfo\/2025\/01\/gerardmer-cyclotourisme-et-loisirs-bruno-taroni-succede-a-yves-toussaint\/#primaryimage"},"thumbnailUrl":"https:\/\/vosgesinfo.fr\/app\/uploads\/sites\/3\/2025\/01\/cyclotourisme-taroni-toussaint-president-3.jpg","datePublished":"2025-01-16T16:27:46+00:00","dateModified":"2025-01-16T16:27:46+00:00","breadcrumb":{"@id":"https:\/\/vosgesinfo.fr\/epinalinfo\/2025\/01\/gerardmer-cyclotourisme-et-loisirs-bruno-taroni-succede-a-yves-toussaint\/#breadcrumb"},"inLanguage":"fr-FR","potentialAction":[{"@type":"ReadAction","target":["https:\/\/vosgesinfo.fr\/epinalinfo\/2025\/01\/gerardmer-cyclotourisme-et-loisirs-bruno-taroni-succede-a-yves-toussaint\/"]}]},{"@type":"ImageObject","inLanguage":"fr-FR","@id":"https:\/\/vosgesinfo.fr\/epinalinfo\/2025\/01\/gerardmer-cyclotourisme-et-loisirs-bruno-taroni-succede-a-yves-toussaint\/#primaryimage","url":"https:\/\/vosgesinfo.fr\/app\/uploads\/sites\/3\/2025\/01\/cyclotourisme-taroni-toussaint-president-3.jpg","contentUrl":"https:\/\/vosgesinfo.fr\/app\/uploads\/sites\/3\/2025\/01\/cyclotourisme-taroni-toussaint-president-3.jpg","width":800,"height":600},{"@type":"BreadcrumbList","@id":"https:\/\/vosgesinfo.fr\/epinalinfo\/2025\/01\/gerardmer-cyclotourisme-et-loisirs-bruno-taroni-succede-a-yves-toussaint\/#breadcrumb","itemListElement":[{"@type":"ListItem","position":1,"name":"Home","item":"https:\/\/vosgesinfo.fr\/epinalinfo\/"},{"@type":"ListItem","position":2,"name":"G\u00e9rardmer Cyclotourisme et Loisirs : Bruno Taroni succ\u00e8de \u00e0 Yves Toussaint"}]},{"@type":"WebSite","@id":"https:\/\/vosgesinfo.fr\/epinalinfo\/#website","url":"https:\/\/vosgesinfo.fr\/epinalinfo\/","name":"Epinal Info","description":"Toute l&#039;actualit\u00e9 d&#039;\u00c9pinal","publisher":{"@id":"https:\/\/vosgesinfo.fr\/epinalinfo\/#organization"},"alternateName":"Toute l'actualit\u00e9 d'\u00c9pinal","potentialAction":[{"@type":"SearchAction","target":{"@type":"EntryPoint","urlTemplate":"https:\/\/vosgesinfo.fr\/epinalinfo\/?s={search_term_string}"},"query-input":"required name=search_term_string"}],"inLanguage":"fr-FR"},{"@type":"Organization","@id":"https:\/\/vosgesinfo.fr\/epinalinfo\/#organization","name":"Epinal Info","url":"https:\/\/vosgesinfo.fr\/epinalinfo\/","logo":{"@type":"ImageObject","inLanguage":"fr-FR","@id":"https:\/\/vosgesinfo.fr\/epinalinfo\/#\/schema\/logo\/image\/","url":"https:\/\/vosgesinfo.fr\/app\/uploads\/sites\/3\/2023\/08\/logo-epinalinfos.svg","contentUrl":"https:\/\/vosgesinfo.fr\/app\/uploads\/sites\/3\/2023\/08\/logo-epinalinfos.svg","width":1,"height":1,"caption":"Epinal Info"},"image":{"@id":"https:\/\/vosgesinfo.fr\/epinalinfo\/#\/schema\/logo\/image\/"},"sameAs":["https:\/\/www.facebook.com\/Epinalinfos","https:\/\/x.com\/VosgesInfo88","https:\/\/www.youtube.com\/@vosgesinfo"]},{"@type":"Person","@id":"https:\/\/vosgesinfo.fr\/epinalinfo\/#\/schema\/person\/27a3695b06db98895b354c0765cdfc31","name":"La redaction","image":{"@type":"ImageObject","inLanguage":"fr-FR","@id":"https:\/\/vosgesinfo.fr\/epinalinfo\/#\/schema\/person\/image\/","url":"https:\/\/secure.gravatar.com\/avatar\/64c76a78e501cedee55736f43f332df901e1896ae9cd8fad269ae2236dd0e8b6?s=96&d=mm&r=g","contentUrl":"https:\/\/secure.gravatar.com\/avatar\/64c76a78e501cedee55736f43f332df901e1896ae9cd8fad269ae2236dd0e8b6?s=96&d=mm&r=g","caption":"La redaction"},"url":"https:\/\/vosgesinfo.fr\/epinalinfo\/author\/la-redaction\/"}]}},"_links":{"self":[{"href":"https:\/\/vosgesinfo.fr\/epinalinfo\/wp-json\/wp\/v2\/posts\/127280","targetHints":{"allow":["GET"]}}],"collection":[{"href":"https:\/\/vosgesinfo.fr\/epinalinfo\/wp-json\/wp\/v2\/posts"}],"about":[{"href":"https:\/\/vosgesinfo.fr\/epinalinfo\/wp-json\/wp\/v2\/types\/post"}],"author":[{"embeddable":true,"href":"https:\/\/vosgesinfo.fr\/epinalinfo\/wp-json\/wp\/v2\/users\/391"}],"replies":[{"embeddable":true,"href":"https:\/\/vosgesinfo.fr\/epinalinfo\/wp-json\/wp\/v2\/comments?post=127280"}],"version-history":[{"count":0,"href":"https:\/\/vosgesinfo.fr\/epinalinfo\/wp-json\/wp\/v2\/posts\/127280\/revisions"}],"wp:featuredmedia":[{"embeddable":true,"href":"https:\/\/vosgesinfo.fr\/epinalinfo\/wp-json\/wp\/v2\/media\/127281"}],"wp:attachment":[{"href":"https:\/\/vosgesinfo.fr\/epinalinfo\/wp-json\/wp\/v2\/media?parent=127280"}],"wp:term":[{"taxonomy":"category","embeddable":true,"href":"https:\/\/vosgesinfo.fr\/epinalinfo\/wp-json\/wp\/v2\/categories?post=127280"},{"taxonomy":"post_tag","embeddable":true,"href":"https:\/\/vosgesinfo.fr\/epinalinfo\/wp-json\/wp\/v2\/tags?post=127280"}],"curies":[{"name":"wp","href":"https:\/\/api.w.org\/{rel}","templated":true}]}}