{"id":127438,"date":"2025-01-20T18:28:40","date_gmt":"2025-01-20T17:28:40","guid":{"rendered":"https:\/\/vosgesinfo.fr\/epinalinfo\/?p=127438"},"modified":"2025-01-20T18:28:40","modified_gmt":"2025-01-20T17:28:40","slug":"thaon-les-vosges-appel-a-temoins-apres-une-serie-de-vols-de-velos-et-de-cameras-de-recul","status":"publish","type":"post","link":"https:\/\/vosgesinfo.fr\/epinalinfo\/2025\/01\/thaon-les-vosges-appel-a-temoins-apres-une-serie-de-vols-de-velos-et-de-cameras-de-recul\/","title":{"rendered":"Thaon-l\u00e8s-Vosges : Appel \u00e0 t\u00e9moins apr\u00e8s une s\u00e9rie de vols de v\u00e9los et de cam\u00e9ras de recul"},"content":{"rendered":"<h2><a href=\"https:\/\/vosgesinfo.fr\/app\/uploads\/sites\/3\/2025\/01\/202006gendarmerie-01-393x255-1.jpg\"><img decoding=\"async\" class=\"aligncenter wp-image-127176 size-full\" src=\"https:\/\/vosgesinfo.fr\/app\/uploads\/sites\/3\/2025\/01\/202006gendarmerie-01-393x255-1.jpg\" alt=\"\" width=\"393\" height=\"255\" srcset=\"https:\/\/vosgesinfo.fr\/app\/uploads\/sites\/3\/2025\/01\/202006gendarmerie-01-393x255-1.jpg 393w, https:\/\/vosgesinfo.fr\/app\/uploads\/sites\/3\/2025\/01\/202006gendarmerie-01-393x255-1-300x195.jpg 300w\" sizes=\"(max-width: 393px) 100vw, 393px\" \/><\/a>Depuis <strong>octobre 2024<\/strong>, une s\u00e9rie de <strong>vols de v\u00e9los<\/strong> et de <strong>cam\u00e9ras de recul sur des v\u00e9hicules<\/strong> a \u00e9t\u00e9 signal\u00e9e dans le secteur de <strong>Thaon-l\u00e8s-Vosges<\/strong>. Ces infractions, qui se sont poursuivies jusqu\u2019en <strong>janvier 2025<\/strong>, suscitent l\u2019inqui\u00e9tude des habitants et mobilisent les gendarmes locaux.<\/h2>\n<h3><strong>Les gendarmes appellent \u00e0 la vigilance et recherchent des victimes<\/strong><\/h3>\n<p>Dans le cadre de leur enqu\u00eate, les gendarmes de la brigade de Thaon-l\u00e8s-Vosges lancent un appel \u00e0 t\u00e9moins. Ils invitent toute personne ayant constat\u00e9 un vol de v\u00e9lo ou de cam\u00e9ra de recul sur un v\u00e9hicule, mais qui ne se serait pas encore manifest\u00e9e, \u00e0 prendre contact avec leurs services.<\/p>\n<h3><strong>Comment signaler un vol ?<\/strong><\/h3>\n<p>Si vous avez \u00e9t\u00e9 victime de l\u2019un de ces vols durant la p\u00e9riode concern\u00e9e (octobre 2024 \u00e0 janvier 2025), il est crucial de vous rapprocher des forces de l\u2019ordre. Vous pouvez joindre la communaut\u00e9 de brigade de Thaon-l\u00e8s-Vosges au <strong>03 29 39 20 17<\/strong>.<\/p>\n","protected":false},"excerpt":{"rendered":"<p>Depuis octobre 2024, une s\u00e9rie de vols de v\u00e9los et de cam\u00e9ras de recul sur des v\u00e9hicules a \u00e9t\u00e9 signal\u00e9e [&hellip;]<\/p>\n","protected":false},"author":52,"featured_media":127176,"comment_status":"open","ping_status":"open","sticky":false,"template":"","format":"standard","meta":{"footnotes":""},"categories":[22,24,6,6055,93],"tags":[15846,268,583,213,485,424,75],"class_list":["post-127438","post","type-post","status-publish","format-standard","has-post-thumbnail","hentry","category-a-la-une","category-epinal","category-faits-divers","category-remiremont","category-thaon-les-vosges","tag-cameras-de-recul","tag-faits-divers","tag-gendarmerie-des-vosges","tag-thaon-les-vosges","tag-velos","tag-vol","tag-vosges"],"acf":[],"yoast_head":"<!-- This site is optimized with the Yoast SEO plugin v22.5 - https:\/\/yoast.com\/wordpress\/plugins\/seo\/ -->\n<title>Thaon-l\u00e8s-Vosges : Appel \u00e0 t\u00e9moins apr\u00e8s une s\u00e9rie de vols de v\u00e9los et de cam\u00e9ras de recul - Epinal Info<\/title>\n<meta name=\"robots\" content=\"index, follow, max-snippet:-1, max-image-preview:large, max-video-preview:-1\" \/>\n<link rel=\"canonical\" href=\"https:\/\/vosgesinfo.fr\/epinalinfo\/?p=127438\" \/>\n<meta name=\"twitter:card\" content=\"summary_large_image\" \/>\n<meta name=\"twitter:title\" content=\"Thaon-l\u00e8s-Vosges : Appel \u00e0 t\u00e9moins apr\u00e8s une s\u00e9rie de vols de v\u00e9los et de cam\u00e9ras de recul - Epinal Info\" \/>\n<meta name=\"twitter:description\" content=\"Depuis octobre 2024, une s\u00e9rie de vols de v\u00e9los et de cam\u00e9ras de recul sur des v\u00e9hicules a \u00e9t\u00e9 signal\u00e9e [&hellip;]\" \/>\n<meta name=\"twitter:image\" content=\"https:\/\/vosgesinfo.fr\/app\/uploads\/sites\/3\/2025\/01\/202006gendarmerie-01-393x255-1.jpg\" \/>\n<meta name=\"twitter:creator\" content=\"@VosgesInfo88\" \/>\n<meta name=\"twitter:site\" content=\"@VosgesInfo88\" \/>\n<meta name=\"twitter:label1\" content=\"\u00c9crit par\" \/>\n\t<meta name=\"twitter:data1\" content=\"C.K.\" \/>\n\t<meta name=\"twitter:label2\" content=\"Dur\u00e9e de lecture estim\u00e9e\" \/>\n\t<meta name=\"twitter:data2\" content=\"1 minute\" \/>\n<script type=\"application\/ld+json\" class=\"yoast-schema-graph\">{\"@context\":\"https:\/\/schema.org\",\"@graph\":[{\"@type\":\"Article\",\"@id\":\"https:\/\/vosgesinfo.fr\/epinalinfo\/?p=127438#article\",\"isPartOf\":{\"@id\":\"https:\/\/vosgesinfo.fr\/epinalinfo\/?p=127438\"},\"author\":{\"name\":\"C.K.\",\"@id\":\"https:\/\/vosgesinfo.fr\/epinalinfo\/#\/schema\/person\/6f9a650eeea99d969b6c4ab78fccbe81\"},\"headline\":\"Thaon-l\u00e8s-Vosges : Appel \u00e0 t\u00e9moins apr\u00e8s une s\u00e9rie de vols de v\u00e9los et de cam\u00e9ras de recul\",\"datePublished\":\"2025-01-20T17:28:40+00:00\",\"dateModified\":\"2025-01-20T17:28:40+00:00\",\"mainEntityOfPage\":{\"@id\":\"https:\/\/vosgesinfo.fr\/epinalinfo\/?p=127438\"},\"wordCount\":180,\"commentCount\":1,\"publisher\":{\"@id\":\"https:\/\/vosgesinfo.fr\/epinalinfo\/#organization\"},\"image\":{\"@id\":\"https:\/\/vosgesinfo.fr\/epinalinfo\/?p=127438#primaryimage\"},\"thumbnailUrl\":\"https:\/\/vosgesinfo.fr\/app\/uploads\/sites\/3\/2025\/01\/202006gendarmerie-01-393x255-1.jpg\",\"keywords\":[\"cam\u00e9ras de recul\",\"Faits divers\",\"gendarmerie des Vosges\",\"Thaon-l\u00e8s-Vosges\",\"v\u00e9los\",\"vol\",\"vosges\"],\"articleSection\":[\"A la Une\",\"Epinal\",\"Faits-divers\",\"Remiremont\",\"Thaon-les-Vosges\"],\"inLanguage\":\"fr-FR\",\"potentialAction\":[{\"@type\":\"CommentAction\",\"name\":\"Comment\",\"target\":[\"https:\/\/vosgesinfo.fr\/epinalinfo\/?p=127438#respond\"]}]},{\"@type\":\"WebPage\",\"@id\":\"https:\/\/vosgesinfo.fr\/epinalinfo\/?p=127438\",\"url\":\"https:\/\/vosgesinfo.fr\/epinalinfo\/?p=127438\",\"name\":\"Thaon-l\u00e8s-Vosges : Appel \u00e0 t\u00e9moins apr\u00e8s une s\u00e9rie de vols de v\u00e9los et de cam\u00e9ras de recul - Epinal Info\",\"isPartOf\":{\"@id\":\"https:\/\/vosgesinfo.fr\/epinalinfo\/#website\"},\"primaryImageOfPage\":{\"@id\":\"https:\/\/vosgesinfo.fr\/epinalinfo\/?p=127438#primaryimage\"},\"image\":{\"@id\":\"https:\/\/vosgesinfo.fr\/epinalinfo\/?p=127438#primaryimage\"},\"thumbnailUrl\":\"https:\/\/vosgesinfo.fr\/app\/uploads\/sites\/3\/2025\/01\/202006gendarmerie-01-393x255-1.jpg\",\"datePublished\":\"2025-01-20T17:28:40+00:00\",\"dateModified\":\"2025-01-20T17:28:40+00:00\",\"breadcrumb\":{\"@id\":\"https:\/\/vosgesinfo.fr\/epinalinfo\/?p=127438#breadcrumb\"},\"inLanguage\":\"fr-FR\",\"potentialAction\":[{\"@type\":\"ReadAction\",\"target\":[\"https:\/\/vosgesinfo.fr\/epinalinfo\/?p=127438\"]}]},{\"@type\":\"ImageObject\",\"inLanguage\":\"fr-FR\",\"@id\":\"https:\/\/vosgesinfo.fr\/epinalinfo\/?p=127438#primaryimage\",\"url\":\"https:\/\/vosgesinfo.fr\/app\/uploads\/sites\/3\/2025\/01\/202006gendarmerie-01-393x255-1.jpg\",\"contentUrl\":\"https:\/\/vosgesinfo.fr\/app\/uploads\/sites\/3\/2025\/01\/202006gendarmerie-01-393x255-1.jpg\",\"width\":393,\"height\":255},{\"@type\":\"BreadcrumbList\",\"@id\":\"https:\/\/vosgesinfo.fr\/epinalinfo\/?p=127438#breadcrumb\",\"itemListElement\":[{\"@type\":\"ListItem\",\"position\":1,\"name\":\"Home\",\"item\":\"https:\/\/vosgesinfo.fr\/epinalinfo\/\"},{\"@type\":\"ListItem\",\"position\":2,\"name\":\"Thaon-l\u00e8s-Vosges : Appel \u00e0 t\u00e9moins apr\u00e8s une s\u00e9rie de vols de v\u00e9los et de cam\u00e9ras de recul\"}]},{\"@type\":\"WebSite\",\"@id\":\"https:\/\/vosgesinfo.fr\/epinalinfo\/#website\",\"url\":\"https:\/\/vosgesinfo.fr\/epinalinfo\/\",\"name\":\"Epinal Info\",\"description\":\"Toute l&#039;actualit\u00e9 d&#039;\u00c9pinal\",\"publisher\":{\"@id\":\"https:\/\/vosgesinfo.fr\/epinalinfo\/#organization\"},\"alternateName\":\"Toute l'actualit\u00e9 d'\u00c9pinal\",\"potentialAction\":[{\"@type\":\"SearchAction\",\"target\":{\"@type\":\"EntryPoint\",\"urlTemplate\":\"https:\/\/vosgesinfo.fr\/epinalinfo\/?s={search_term_string}\"},\"query-input\":\"required name=search_term_string\"}],\"inLanguage\":\"fr-FR\"},{\"@type\":\"Organization\",\"@id\":\"https:\/\/vosgesinfo.fr\/epinalinfo\/#organization\",\"name\":\"Epinal Info\",\"url\":\"https:\/\/vosgesinfo.fr\/epinalinfo\/\",\"logo\":{\"@type\":\"ImageObject\",\"inLanguage\":\"fr-FR\",\"@id\":\"https:\/\/vosgesinfo.fr\/epinalinfo\/#\/schema\/logo\/image\/\",\"url\":\"https:\/\/vosgesinfo.fr\/app\/uploads\/sites\/3\/2023\/08\/logo-epinalinfos.svg\",\"contentUrl\":\"https:\/\/vosgesinfo.fr\/app\/uploads\/sites\/3\/2023\/08\/logo-epinalinfos.svg\",\"width\":1,\"height\":1,\"caption\":\"Epinal Info\"},\"image\":{\"@id\":\"https:\/\/vosgesinfo.fr\/epinalinfo\/#\/schema\/logo\/image\/\"},\"sameAs\":[\"https:\/\/www.facebook.com\/Epinalinfos\",\"https:\/\/x.com\/VosgesInfo88\",\"https:\/\/www.youtube.com\/@vosgesinfo\"]},{\"@type\":\"Person\",\"@id\":\"https:\/\/vosgesinfo.fr\/epinalinfo\/#\/schema\/person\/6f9a650eeea99d969b6c4ab78fccbe81\",\"name\":\"C.K.\",\"image\":{\"@type\":\"ImageObject\",\"inLanguage\":\"fr-FR\",\"@id\":\"https:\/\/vosgesinfo.fr\/epinalinfo\/#\/schema\/person\/image\/\",\"url\":\"https:\/\/secure.gravatar.com\/avatar\/48e3fc7f8421ba8942be6b74a2b7f014ca39bc00dece156b7a8e098ae7dc87bf?s=96&d=mm&r=g\",\"contentUrl\":\"https:\/\/secure.gravatar.com\/avatar\/48e3fc7f8421ba8942be6b74a2b7f014ca39bc00dece156b7a8e098ae7dc87bf?s=96&d=mm&r=g\",\"caption\":\"C.K.\"},\"url\":\"https:\/\/vosgesinfo.fr\/epinalinfo\/author\/celia-k-n\/\"}]}<\/script>\n<!-- \/ Yoast SEO plugin. -->","yoast_head_json":{"title":"Thaon-l\u00e8s-Vosges : Appel \u00e0 t\u00e9moins apr\u00e8s une s\u00e9rie de vols de v\u00e9los et de cam\u00e9ras de recul - Epinal Info","robots":{"index":"index","follow":"follow","max-snippet":"max-snippet:-1","max-image-preview":"max-image-preview:large","max-video-preview":"max-video-preview:-1"},"canonical":"https:\/\/vosgesinfo.fr\/epinalinfo\/?p=127438","twitter_card":"summary_large_image","twitter_title":"Thaon-l\u00e8s-Vosges : Appel \u00e0 t\u00e9moins apr\u00e8s une s\u00e9rie de vols de v\u00e9los et de cam\u00e9ras de recul - Epinal Info","twitter_description":"Depuis octobre 2024, une s\u00e9rie de vols de v\u00e9los et de cam\u00e9ras de recul sur des v\u00e9hicules a \u00e9t\u00e9 signal\u00e9e [&hellip;]","twitter_image":"https:\/\/vosgesinfo.fr\/app\/uploads\/sites\/3\/2025\/01\/202006gendarmerie-01-393x255-1.jpg","twitter_creator":"@VosgesInfo88","twitter_site":"@VosgesInfo88","twitter_misc":{"\u00c9crit par":"C.K.","Dur\u00e9e de lecture estim\u00e9e":"1 minute"},"schema":{"@context":"https:\/\/schema.org","@graph":[{"@type":"Article","@id":"https:\/\/vosgesinfo.fr\/epinalinfo\/?p=127438#article","isPartOf":{"@id":"https:\/\/vosgesinfo.fr\/epinalinfo\/?p=127438"},"author":{"name":"C.K.","@id":"https:\/\/vosgesinfo.fr\/epinalinfo\/#\/schema\/person\/6f9a650eeea99d969b6c4ab78fccbe81"},"headline":"Thaon-l\u00e8s-Vosges : Appel \u00e0 t\u00e9moins apr\u00e8s une s\u00e9rie de vols de v\u00e9los et de cam\u00e9ras de recul","datePublished":"2025-01-20T17:28:40+00:00","dateModified":"2025-01-20T17:28:40+00:00","mainEntityOfPage":{"@id":"https:\/\/vosgesinfo.fr\/epinalinfo\/?p=127438"},"wordCount":180,"commentCount":1,"publisher":{"@id":"https:\/\/vosgesinfo.fr\/epinalinfo\/#organization"},"image":{"@id":"https:\/\/vosgesinfo.fr\/epinalinfo\/?p=127438#primaryimage"},"thumbnailUrl":"https:\/\/vosgesinfo.fr\/app\/uploads\/sites\/3\/2025\/01\/202006gendarmerie-01-393x255-1.jpg","keywords":["cam\u00e9ras de recul","Faits divers","gendarmerie des Vosges","Thaon-l\u00e8s-Vosges","v\u00e9los","vol","vosges"],"articleSection":["A la Une","Epinal","Faits-divers","Remiremont","Thaon-les-Vosges"],"inLanguage":"fr-FR","potentialAction":[{"@type":"CommentAction","name":"Comment","target":["https:\/\/vosgesinfo.fr\/epinalinfo\/?p=127438#respond"]}]},{"@type":"WebPage","@id":"https:\/\/vosgesinfo.fr\/epinalinfo\/?p=127438","url":"https:\/\/vosgesinfo.fr\/epinalinfo\/?p=127438","name":"Thaon-l\u00e8s-Vosges : Appel \u00e0 t\u00e9moins apr\u00e8s une s\u00e9rie de vols de v\u00e9los et de cam\u00e9ras de recul - Epinal Info","isPartOf":{"@id":"https:\/\/vosgesinfo.fr\/epinalinfo\/#website"},"primaryImageOfPage":{"@id":"https:\/\/vosgesinfo.fr\/epinalinfo\/?p=127438#primaryimage"},"image":{"@id":"https:\/\/vosgesinfo.fr\/epinalinfo\/?p=127438#primaryimage"},"thumbnailUrl":"https:\/\/vosgesinfo.fr\/app\/uploads\/sites\/3\/2025\/01\/202006gendarmerie-01-393x255-1.jpg","datePublished":"2025-01-20T17:28:40+00:00","dateModified":"2025-01-20T17:28:40+00:00","breadcrumb":{"@id":"https:\/\/vosgesinfo.fr\/epinalinfo\/?p=127438#breadcrumb"},"inLanguage":"fr-FR","potentialAction":[{"@type":"ReadAction","target":["https:\/\/vosgesinfo.fr\/epinalinfo\/?p=127438"]}]},{"@type":"ImageObject","inLanguage":"fr-FR","@id":"https:\/\/vosgesinfo.fr\/epinalinfo\/?p=127438#primaryimage","url":"https:\/\/vosgesinfo.fr\/app\/uploads\/sites\/3\/2025\/01\/202006gendarmerie-01-393x255-1.jpg","contentUrl":"https:\/\/vosgesinfo.fr\/app\/uploads\/sites\/3\/2025\/01\/202006gendarmerie-01-393x255-1.jpg","width":393,"height":255},{"@type":"BreadcrumbList","@id":"https:\/\/vosgesinfo.fr\/epinalinfo\/?p=127438#breadcrumb","itemListElement":[{"@type":"ListItem","position":1,"name":"Home","item":"https:\/\/vosgesinfo.fr\/epinalinfo\/"},{"@type":"ListItem","position":2,"name":"Thaon-l\u00e8s-Vosges : Appel \u00e0 t\u00e9moins apr\u00e8s une s\u00e9rie de vols de v\u00e9los et de cam\u00e9ras de recul"}]},{"@type":"WebSite","@id":"https:\/\/vosgesinfo.fr\/epinalinfo\/#website","url":"https:\/\/vosgesinfo.fr\/epinalinfo\/","name":"Epinal Info","description":"Toute l&#039;actualit\u00e9 d&#039;\u00c9pinal","publisher":{"@id":"https:\/\/vosgesinfo.fr\/epinalinfo\/#organization"},"alternateName":"Toute l'actualit\u00e9 d'\u00c9pinal","potentialAction":[{"@type":"SearchAction","target":{"@type":"EntryPoint","urlTemplate":"https:\/\/vosgesinfo.fr\/epinalinfo\/?s={search_term_string}"},"query-input":"required name=search_term_string"}],"inLanguage":"fr-FR"},{"@type":"Organization","@id":"https:\/\/vosgesinfo.fr\/epinalinfo\/#organization","name":"Epinal Info","url":"https:\/\/vosgesinfo.fr\/epinalinfo\/","logo":{"@type":"ImageObject","inLanguage":"fr-FR","@id":"https:\/\/vosgesinfo.fr\/epinalinfo\/#\/schema\/logo\/image\/","url":"https:\/\/vosgesinfo.fr\/app\/uploads\/sites\/3\/2023\/08\/logo-epinalinfos.svg","contentUrl":"https:\/\/vosgesinfo.fr\/app\/uploads\/sites\/3\/2023\/08\/logo-epinalinfos.svg","width":1,"height":1,"caption":"Epinal Info"},"image":{"@id":"https:\/\/vosgesinfo.fr\/epinalinfo\/#\/schema\/logo\/image\/"},"sameAs":["https:\/\/www.facebook.com\/Epinalinfos","https:\/\/x.com\/VosgesInfo88","https:\/\/www.youtube.com\/@vosgesinfo"]},{"@type":"Person","@id":"https:\/\/vosgesinfo.fr\/epinalinfo\/#\/schema\/person\/6f9a650eeea99d969b6c4ab78fccbe81","name":"C.K.","image":{"@type":"ImageObject","inLanguage":"fr-FR","@id":"https:\/\/vosgesinfo.fr\/epinalinfo\/#\/schema\/person\/image\/","url":"https:\/\/secure.gravatar.com\/avatar\/48e3fc7f8421ba8942be6b74a2b7f014ca39bc00dece156b7a8e098ae7dc87bf?s=96&d=mm&r=g","contentUrl":"https:\/\/secure.gravatar.com\/avatar\/48e3fc7f8421ba8942be6b74a2b7f014ca39bc00dece156b7a8e098ae7dc87bf?s=96&d=mm&r=g","caption":"C.K."},"url":"https:\/\/vosgesinfo.fr\/epinalinfo\/author\/celia-k-n\/"}]}},"_links":{"self":[{"href":"https:\/\/vosgesinfo.fr\/epinalinfo\/wp-json\/wp\/v2\/posts\/127438","targetHints":{"allow":["GET"]}}],"collection":[{"href":"https:\/\/vosgesinfo.fr\/epinalinfo\/wp-json\/wp\/v2\/posts"}],"about":[{"href":"https:\/\/vosgesinfo.fr\/epinalinfo\/wp-json\/wp\/v2\/types\/post"}],"author":[{"embeddable":true,"href":"https:\/\/vosgesinfo.fr\/epinalinfo\/wp-json\/wp\/v2\/users\/52"}],"replies":[{"embeddable":true,"href":"https:\/\/vosgesinfo.fr\/epinalinfo\/wp-json\/wp\/v2\/comments?post=127438"}],"version-history":[{"count":1,"href":"https:\/\/vosgesinfo.fr\/epinalinfo\/wp-json\/wp\/v2\/posts\/127438\/revisions"}],"predecessor-version":[{"id":127439,"href":"https:\/\/vosgesinfo.fr\/epinalinfo\/wp-json\/wp\/v2\/posts\/127438\/revisions\/127439"}],"wp:featuredmedia":[{"embeddable":true,"href":"https:\/\/vosgesinfo.fr\/epinalinfo\/wp-json\/wp\/v2\/media\/127176"}],"wp:attachment":[{"href":"https:\/\/vosgesinfo.fr\/epinalinfo\/wp-json\/wp\/v2\/media?parent=127438"}],"wp:term":[{"taxonomy":"category","embeddable":true,"href":"https:\/\/vosgesinfo.fr\/epinalinfo\/wp-json\/wp\/v2\/categories?post=127438"},{"taxonomy":"post_tag","embeddable":true,"href":"https:\/\/vosgesinfo.fr\/epinalinfo\/wp-json\/wp\/v2\/tags?post=127438"}],"curies":[{"name":"wp","href":"https:\/\/api.w.org\/{rel}","templated":true}]}}