{"id":127440,"date":"2025-01-20T18:49:57","date_gmt":"2025-01-20T17:49:57","guid":{"rendered":"https:\/\/vosgesinfo.fr\/epinalinfo\/?p=127440"},"modified":"2025-01-20T18:49:57","modified_gmt":"2025-01-20T17:49:57","slug":"une-journee-immersive-avec-les-forces-de-la-gendarmerie-des-vosges","status":"publish","type":"post","link":"https:\/\/vosgesinfo.fr\/epinalinfo\/2025\/01\/une-journee-immersive-avec-les-forces-de-la-gendarmerie-des-vosges\/","title":{"rendered":"Une Journ\u00e9e Immersive avec les Forces de la Gendarmerie des Vosges"},"content":{"rendered":"<div id=\"attachment_127441\" style=\"width: 1034px\" class=\"wp-caption aligncenter\"><a href=\"https:\/\/vosgesinfo.fr\/app\/uploads\/sites\/3\/2025\/01\/journee-immersive-avec-les-forces-de-la-gendarmerie-des-vosges-5.jpg\"><img decoding=\"async\" aria-describedby=\"caption-attachment-127441\" class=\"size-large wp-image-127441\" src=\"https:\/\/vosgesinfo.fr\/app\/uploads\/sites\/3\/2025\/01\/journee-immersive-avec-les-forces-de-la-gendarmerie-des-vosges-5-1024x614.jpg\" alt=\"\" width=\"1024\" height=\"614\" srcset=\"https:\/\/vosgesinfo.fr\/app\/uploads\/sites\/3\/2025\/01\/journee-immersive-avec-les-forces-de-la-gendarmerie-des-vosges-5-1024x614.jpg 1024w, https:\/\/vosgesinfo.fr\/app\/uploads\/sites\/3\/2025\/01\/journee-immersive-avec-les-forces-de-la-gendarmerie-des-vosges-5-300x180.jpg 300w, https:\/\/vosgesinfo.fr\/app\/uploads\/sites\/3\/2025\/01\/journee-immersive-avec-les-forces-de-la-gendarmerie-des-vosges-5-768x461.jpg 768w, https:\/\/vosgesinfo.fr\/app\/uploads\/sites\/3\/2025\/01\/journee-immersive-avec-les-forces-de-la-gendarmerie-des-vosges-5.jpg 1435w\" sizes=\"(max-width: 1024px) 100vw, 1024px\" \/><\/a><p id=\"caption-attachment-127441\" class=\"wp-caption-text\">photo Gendarmerie des Vosges<\/p><\/div>\n<h2>Ce samedi, les cadets de la gendarmerie des Vosges ont eu l\u2019opportunit\u00e9 de vivre une exp\u00e9rience unique en rencontrant une des deux \u00e9quipes cynophiles bas\u00e9es \u00e0 \u00c9pinal.<\/h2>\n<p>Cette rencontre a mis en lumi\u00e8re le lien extraordinaire entre l\u2019adjudante G\u00e9raldine et son chien Tsuki, un duo aussi complice qu\u2019efficace. \u00c0 travers des d\u00e9monstrations saisissantes, les jeunes cadets ont pu d\u00e9couvrir les techniques d\u2019entra\u00eenement sp\u00e9cifiques et les missions quotidiennes de cette \u00e9quipe sp\u00e9cialis\u00e9e.<\/p>\n<p>Les d\u00e9monstrations ont permis d\u2019illustrer des situations concr\u00e8tes, allant de la recherche de stup\u00e9fiants \u00e0 la ma\u00eetrise de suspects, en mettant en avant la pr\u00e9cision et l\u2019agilit\u00e9 de Tsuki, parfaitement guid\u00e9 par l\u2019adjudante G\u00e9raldine. Une belle le\u00e7on de collaboration et de confiance entre l\u2019humain et l\u2019animal !<\/p>\n<h3><strong>Un Aper\u00e7u des Unit\u00e9s d\u2019Intervention<\/strong><\/h3>\n<p>L\u2019apr\u00e8s-midi s\u2019est poursuivi avec la pr\u00e9sentation du Peloton de Surveillance et d\u2019Intervention de la Gendarmerie (PSIG) \u00ab\u00a0Sabre\u00a0\u00bb d\u2019\u00c9pinal. Les cadets ont d\u00e9couvert les sp\u00e9cificit\u00e9s de cette unit\u00e9 d\u2019\u00e9lite, sp\u00e9cialis\u00e9e dans les interventions rapides et le maintien de l\u2019ordre dans des situations critiques. Les militaires ont partag\u00e9 leur quotidien et montr\u00e9 les \u00e9quipements sp\u00e9cifiques qu\u2019ils utilisent dans leurs missions.<\/p>\n<p>Pour cl\u00f4turer cette journ\u00e9e riche en d\u00e9couvertes, une s\u00e9ance de tir r\u00e9duit a \u00e9t\u00e9 organis\u00e9e. Encadr\u00e9e par des militaires form\u00e9s \u00e0 l\u2019intervention professionnelle, cette activit\u00e9 a permis aux cadets d\u2019apprendre les r\u00e8gles strictes de s\u00e9curit\u00e9 et de s\u2019initier \u00e0 la manipulation d\u2019armes en toute responsabilit\u00e9.<\/p>\n<h3><strong>Une Immersion inoubliable<\/strong><\/h3>\n<p>Cette journ\u00e9e, plac\u00e9e sous le signe de l\u2019apprentissage et du respect des valeurs de la gendarmerie, a offert aux jeunes cadets un aper\u00e7u concret des diff\u00e9rentes facettes de ce m\u00e9tier exigeant. Entre passion, discipline et esprit d\u2019\u00e9quipe, ils ont pu mesurer l\u2019engagement et les comp\u00e9tences n\u00e9cessaires pour servir et prot\u00e9ger la population. Une exp\u00e9rience enrichissante qui restera grav\u00e9e dans leur m\u00e9moire.<\/p>\n\n\t\t<style type=\"text\/css\">\n\t\t\t#gallery-1 {\n\t\t\t\tmargin: auto;\n\t\t\t}\n\t\t\t#gallery-1 .gallery-item {\n\t\t\t\tfloat: left;\n\t\t\t\tmargin-top: 10px;\n\t\t\t\ttext-align: center;\n\t\t\t\twidth: 33%;\n\t\t\t}\n\t\t\t#gallery-1 img {\n\t\t\t\tborder: 2px solid #cfcfcf;\n\t\t\t}\n\t\t\t#gallery-1 .gallery-caption {\n\t\t\t\tmargin-left: 0;\n\t\t\t}\n\t\t\t\/* see gallery_shortcode() in wp-includes\/media.php *\/\n\t\t<\/style>\n\t\t<div id='gallery-1' class='gallery galleryid-127440 gallery-columns-3 gallery-size-large'><dl class='gallery-item'>\n\t\t\t<dt class='gallery-icon portrait'>\n\t\t\t\t<a href='https:\/\/vosgesinfo.fr\/app\/uploads\/sites\/3\/2025\/01\/journee-immersive-avec-les-forces-de-la-gendarmerie-des-vosges5-2.jpg'><img decoding=\"async\" width=\"768\" height=\"1024\" src=\"https:\/\/vosgesinfo.fr\/app\/uploads\/sites\/3\/2025\/01\/journee-immersive-avec-les-forces-de-la-gendarmerie-des-vosges5-2-768x1024.jpg\" class=\"attachment-large size-large\" alt=\"\" aria-describedby=\"gallery-1-127442\" srcset=\"https:\/\/vosgesinfo.fr\/app\/uploads\/sites\/3\/2025\/01\/journee-immersive-avec-les-forces-de-la-gendarmerie-des-vosges5-2-768x1024.jpg 768w, https:\/\/vosgesinfo.fr\/app\/uploads\/sites\/3\/2025\/01\/journee-immersive-avec-les-forces-de-la-gendarmerie-des-vosges5-2-225x300.jpg 225w, https:\/\/vosgesinfo.fr\/app\/uploads\/sites\/3\/2025\/01\/journee-immersive-avec-les-forces-de-la-gendarmerie-des-vosges5-2-1152x1536.jpg 1152w, https:\/\/vosgesinfo.fr\/app\/uploads\/sites\/3\/2025\/01\/journee-immersive-avec-les-forces-de-la-gendarmerie-des-vosges5-2.jpg 1500w\" sizes=\"(max-width: 768px) 100vw, 768px\" \/><\/a>\n\t\t\t<\/dt>\n\t\t\t\t<dd class='wp-caption-text gallery-caption' id='gallery-1-127442'>\n\t\t\t\tphoto Gendarmerie des Vosges\n\t\t\t\t<\/dd><\/dl><dl class='gallery-item'>\n\t\t\t<dt class='gallery-icon landscape'>\n\t\t\t\t<a href='https:\/\/vosgesinfo.fr\/app\/uploads\/sites\/3\/2025\/01\/journee-immersive-avec-les-forces-de-la-gendarmerie-des-vosges-1.jpg'><img decoding=\"async\" width=\"1024\" height=\"771\" src=\"https:\/\/vosgesinfo.fr\/app\/uploads\/sites\/3\/2025\/01\/journee-immersive-avec-les-forces-de-la-gendarmerie-des-vosges-1-1024x771.jpg\" class=\"attachment-large size-large\" alt=\"\" aria-describedby=\"gallery-1-127443\" srcset=\"https:\/\/vosgesinfo.fr\/app\/uploads\/sites\/3\/2025\/01\/journee-immersive-avec-les-forces-de-la-gendarmerie-des-vosges-1-1024x771.jpg 1024w, https:\/\/vosgesinfo.fr\/app\/uploads\/sites\/3\/2025\/01\/journee-immersive-avec-les-forces-de-la-gendarmerie-des-vosges-1-300x226.jpg 300w, https:\/\/vosgesinfo.fr\/app\/uploads\/sites\/3\/2025\/01\/journee-immersive-avec-les-forces-de-la-gendarmerie-des-vosges-1-768x578.jpg 768w, https:\/\/vosgesinfo.fr\/app\/uploads\/sites\/3\/2025\/01\/journee-immersive-avec-les-forces-de-la-gendarmerie-des-vosges-1-1536x1157.jpg 1536w, https:\/\/vosgesinfo.fr\/app\/uploads\/sites\/3\/2025\/01\/journee-immersive-avec-les-forces-de-la-gendarmerie-des-vosges-1.jpg 2000w\" sizes=\"(max-width: 1024px) 100vw, 1024px\" \/><\/a>\n\t\t\t<\/dt>\n\t\t\t\t<dd class='wp-caption-text gallery-caption' id='gallery-1-127443'>\n\t\t\t\tphoto Gendarmerie des Vosges\n\t\t\t\t<\/dd><\/dl><dl class='gallery-item'>\n\t\t\t<dt class='gallery-icon portrait'>\n\t\t\t\t<a href='https:\/\/vosgesinfo.fr\/app\/uploads\/sites\/3\/2025\/01\/journee-immersive-avec-les-forces-de-la-gendarmerie-des-vosges-2.jpg'><img decoding=\"async\" width=\"824\" height=\"1024\" src=\"https:\/\/vosgesinfo.fr\/app\/uploads\/sites\/3\/2025\/01\/journee-immersive-avec-les-forces-de-la-gendarmerie-des-vosges-2-824x1024.jpg\" class=\"attachment-large size-large\" alt=\"\" aria-describedby=\"gallery-1-127444\" srcset=\"https:\/\/vosgesinfo.fr\/app\/uploads\/sites\/3\/2025\/01\/journee-immersive-avec-les-forces-de-la-gendarmerie-des-vosges-2-824x1024.jpg 824w, https:\/\/vosgesinfo.fr\/app\/uploads\/sites\/3\/2025\/01\/journee-immersive-avec-les-forces-de-la-gendarmerie-des-vosges-2-241x300.jpg 241w, https:\/\/vosgesinfo.fr\/app\/uploads\/sites\/3\/2025\/01\/journee-immersive-avec-les-forces-de-la-gendarmerie-des-vosges-2-768x954.jpg 768w, https:\/\/vosgesinfo.fr\/app\/uploads\/sites\/3\/2025\/01\/journee-immersive-avec-les-forces-de-la-gendarmerie-des-vosges-2.jpg 1207w\" sizes=\"(max-width: 824px) 100vw, 824px\" \/><\/a>\n\t\t\t<\/dt>\n\t\t\t\t<dd class='wp-caption-text gallery-caption' id='gallery-1-127444'>\n\t\t\t\tphoto Gendarmerie des Vosges\n\t\t\t\t<\/dd><\/dl><br style=\"clear: both\" \/><dl class='gallery-item'>\n\t\t\t<dt class='gallery-icon portrait'>\n\t\t\t\t<a href='https:\/\/vosgesinfo.fr\/app\/uploads\/sites\/3\/2025\/01\/journee-immersive-avec-les-forces-de-la-gendarmerie-des-vosges-3.jpg'><img decoding=\"async\" width=\"768\" height=\"1024\" src=\"https:\/\/vosgesinfo.fr\/app\/uploads\/sites\/3\/2025\/01\/journee-immersive-avec-les-forces-de-la-gendarmerie-des-vosges-3-768x1024.jpg\" class=\"attachment-large size-large\" alt=\"\" aria-describedby=\"gallery-1-127445\" srcset=\"https:\/\/vosgesinfo.fr\/app\/uploads\/sites\/3\/2025\/01\/journee-immersive-avec-les-forces-de-la-gendarmerie-des-vosges-3-768x1025.jpg 768w, https:\/\/vosgesinfo.fr\/app\/uploads\/sites\/3\/2025\/01\/journee-immersive-avec-les-forces-de-la-gendarmerie-des-vosges-3-225x300.jpg 225w, https:\/\/vosgesinfo.fr\/app\/uploads\/sites\/3\/2025\/01\/journee-immersive-avec-les-forces-de-la-gendarmerie-des-vosges-3-1151x1536.jpg 1151w, https:\/\/vosgesinfo.fr\/app\/uploads\/sites\/3\/2025\/01\/journee-immersive-avec-les-forces-de-la-gendarmerie-des-vosges-3.jpg 1188w\" sizes=\"(max-width: 768px) 100vw, 768px\" \/><\/a>\n\t\t\t<\/dt>\n\t\t\t\t<dd class='wp-caption-text gallery-caption' id='gallery-1-127445'>\n\t\t\t\tphoto Gendarmerie des Vosges\n\t\t\t\t<\/dd><\/dl><dl class='gallery-item'>\n\t\t\t<dt class='gallery-icon landscape'>\n\t\t\t\t<a href='https:\/\/vosgesinfo.fr\/app\/uploads\/sites\/3\/2025\/01\/journee-immersive-avec-les-forces-de-la-gendarmerie-des-vosges-4.jpg'><img decoding=\"async\" width=\"1024\" height=\"768\" src=\"https:\/\/vosgesinfo.fr\/app\/uploads\/sites\/3\/2025\/01\/journee-immersive-avec-les-forces-de-la-gendarmerie-des-vosges-4-1024x768.jpg\" class=\"attachment-large size-large\" alt=\"\" aria-describedby=\"gallery-1-127446\" srcset=\"https:\/\/vosgesinfo.fr\/app\/uploads\/sites\/3\/2025\/01\/journee-immersive-avec-les-forces-de-la-gendarmerie-des-vosges-4-1024x768.jpg 1024w, https:\/\/vosgesinfo.fr\/app\/uploads\/sites\/3\/2025\/01\/journee-immersive-avec-les-forces-de-la-gendarmerie-des-vosges-4-300x225.jpg 300w, https:\/\/vosgesinfo.fr\/app\/uploads\/sites\/3\/2025\/01\/journee-immersive-avec-les-forces-de-la-gendarmerie-des-vosges-4-768x576.jpg 768w, https:\/\/vosgesinfo.fr\/app\/uploads\/sites\/3\/2025\/01\/journee-immersive-avec-les-forces-de-la-gendarmerie-des-vosges-4-1536x1152.jpg 1536w, https:\/\/vosgesinfo.fr\/app\/uploads\/sites\/3\/2025\/01\/journee-immersive-avec-les-forces-de-la-gendarmerie-des-vosges-4.jpg 2000w\" sizes=\"(max-width: 1024px) 100vw, 1024px\" \/><\/a>\n\t\t\t<\/dt>\n\t\t\t\t<dd class='wp-caption-text gallery-caption' id='gallery-1-127446'>\n\t\t\t\tphoto Gendarmerie des Vosges\n\t\t\t\t<\/dd><\/dl><dl class='gallery-item'>\n\t\t\t<dt class='gallery-icon landscape'>\n\t\t\t\t<a href='https:\/\/vosgesinfo.fr\/app\/uploads\/sites\/3\/2025\/01\/journee-immersive-avec-les-forces-de-la-gendarmerie-des-vosges5-1.jpg'><img decoding=\"async\" width=\"1024\" height=\"685\" src=\"https:\/\/vosgesinfo.fr\/app\/uploads\/sites\/3\/2025\/01\/journee-immersive-avec-les-forces-de-la-gendarmerie-des-vosges5-1-1024x685.jpg\" class=\"attachment-large size-large\" alt=\"\" aria-describedby=\"gallery-1-127447\" srcset=\"https:\/\/vosgesinfo.fr\/app\/uploads\/sites\/3\/2025\/01\/journee-immersive-avec-les-forces-de-la-gendarmerie-des-vosges5-1-1024x685.jpg 1024w, https:\/\/vosgesinfo.fr\/app\/uploads\/sites\/3\/2025\/01\/journee-immersive-avec-les-forces-de-la-gendarmerie-des-vosges5-1-300x201.jpg 300w, https:\/\/vosgesinfo.fr\/app\/uploads\/sites\/3\/2025\/01\/journee-immersive-avec-les-forces-de-la-gendarmerie-des-vosges5-1-768x514.jpg 768w, https:\/\/vosgesinfo.fr\/app\/uploads\/sites\/3\/2025\/01\/journee-immersive-avec-les-forces-de-la-gendarmerie-des-vosges5-1-1536x1027.jpg 1536w, https:\/\/vosgesinfo.fr\/app\/uploads\/sites\/3\/2025\/01\/journee-immersive-avec-les-forces-de-la-gendarmerie-des-vosges5-1.jpg 1678w\" sizes=\"(max-width: 1024px) 100vw, 1024px\" \/><\/a>\n\t\t\t<\/dt>\n\t\t\t\t<dd class='wp-caption-text gallery-caption' id='gallery-1-127447'>\n\t\t\t\tphoto Gendarmerie des Vosges\n\t\t\t\t<\/dd><\/dl><br style=\"clear: both\" \/>\n\t\t<\/div>\n\n","protected":false},"excerpt":{"rendered":"<p>Ce samedi, les cadets de la gendarmerie des Vosges ont eu l\u2019opportunit\u00e9 de vivre une exp\u00e9rience unique en rencontrant une [&hellip;]<\/p>\n","protected":false},"author":52,"featured_media":127441,"comment_status":"open","ping_status":"open","sticky":false,"template":"","format":"standard","meta":{"footnotes":""},"categories":[22,24,6056,6057,6055,6155],"tags":[15847,70,8819,255,75],"class_list":["post-127440","post","type-post","status-publish","format-standard","has-post-thumbnail","hentry","category-a-la-une","category-epinal","category-gerardmer","category-la-plaine-des-vosges","category-remiremont","category-saint-die","tag-cadets-de-la-gendarmerie-des-vosges","tag-epinal","tag-equipes-cynophiles","tag-securite","tag-vosges"],"acf":[],"yoast_head":"<!-- This site is optimized with the Yoast SEO plugin v22.5 - https:\/\/yoast.com\/wordpress\/plugins\/seo\/ -->\n<title>Une Journ\u00e9e Immersive avec les Forces de la Gendarmerie des Vosges - Epinal Info<\/title>\n<meta name=\"robots\" content=\"index, follow, max-snippet:-1, max-image-preview:large, max-video-preview:-1\" \/>\n<link rel=\"canonical\" href=\"https:\/\/vosgesinfo.fr\/epinalinfo\/?p=127440\" \/>\n<meta name=\"twitter:card\" content=\"summary_large_image\" \/>\n<meta name=\"twitter:title\" content=\"Une Journ\u00e9e Immersive avec les Forces de la Gendarmerie des Vosges - Epinal Info\" \/>\n<meta name=\"twitter:description\" content=\"Ce samedi, les cadets de la gendarmerie des Vosges ont eu l\u2019opportunit\u00e9 de vivre une exp\u00e9rience unique en rencontrant une [&hellip;]\" \/>\n<meta name=\"twitter:creator\" content=\"@VosgesInfo88\" \/>\n<meta name=\"twitter:site\" content=\"@VosgesInfo88\" \/>\n<meta name=\"twitter:label1\" content=\"\u00c9crit par\" \/>\n\t<meta name=\"twitter:data1\" content=\"C.K.\" \/>\n\t<meta name=\"twitter:label2\" content=\"Dur\u00e9e de lecture estim\u00e9e\" \/>\n\t<meta name=\"twitter:data2\" content=\"2 minutes\" \/>\n<script type=\"application\/ld+json\" class=\"yoast-schema-graph\">{\"@context\":\"https:\/\/schema.org\",\"@graph\":[{\"@type\":\"Article\",\"@id\":\"https:\/\/vosgesinfo.fr\/epinalinfo\/?p=127440#article\",\"isPartOf\":{\"@id\":\"https:\/\/vosgesinfo.fr\/epinalinfo\/?p=127440\"},\"author\":{\"name\":\"C.K.\",\"@id\":\"https:\/\/vosgesinfo.fr\/epinalinfo\/#\/schema\/person\/6f9a650eeea99d969b6c4ab78fccbe81\"},\"headline\":\"Une Journ\u00e9e Immersive avec les Forces de la Gendarmerie des Vosges\",\"datePublished\":\"2025-01-20T17:49:57+00:00\",\"dateModified\":\"2025-01-20T17:49:57+00:00\",\"mainEntityOfPage\":{\"@id\":\"https:\/\/vosgesinfo.fr\/epinalinfo\/?p=127440\"},\"wordCount\":385,\"commentCount\":0,\"publisher\":{\"@id\":\"https:\/\/vosgesinfo.fr\/epinalinfo\/#organization\"},\"image\":{\"@id\":\"https:\/\/vosgesinfo.fr\/epinalinfo\/?p=127440#primaryimage\"},\"thumbnailUrl\":\"https:\/\/vosgesinfo.fr\/app\/uploads\/sites\/3\/2025\/01\/journee-immersive-avec-les-forces-de-la-gendarmerie-des-vosges-5.jpg\",\"keywords\":[\"cadets de la gendarmerie des Vosges\",\"Epinal\",\"\u00e9quipes cynophiles\",\"s\u00e9curit\u00e9\",\"vosges\"],\"articleSection\":[\"A la Une\",\"Epinal\",\"Gerardmer\",\"La plaine des vosges\",\"Remiremont\",\"Saint-di\u00e9\"],\"inLanguage\":\"fr-FR\",\"potentialAction\":[{\"@type\":\"CommentAction\",\"name\":\"Comment\",\"target\":[\"https:\/\/vosgesinfo.fr\/epinalinfo\/?p=127440#respond\"]}]},{\"@type\":\"WebPage\",\"@id\":\"https:\/\/vosgesinfo.fr\/epinalinfo\/?p=127440\",\"url\":\"https:\/\/vosgesinfo.fr\/epinalinfo\/?p=127440\",\"name\":\"Une Journ\u00e9e Immersive avec les Forces de la Gendarmerie des Vosges - Epinal Info\",\"isPartOf\":{\"@id\":\"https:\/\/vosgesinfo.fr\/epinalinfo\/#website\"},\"primaryImageOfPage\":{\"@id\":\"https:\/\/vosgesinfo.fr\/epinalinfo\/?p=127440#primaryimage\"},\"image\":{\"@id\":\"https:\/\/vosgesinfo.fr\/epinalinfo\/?p=127440#primaryimage\"},\"thumbnailUrl\":\"https:\/\/vosgesinfo.fr\/app\/uploads\/sites\/3\/2025\/01\/journee-immersive-avec-les-forces-de-la-gendarmerie-des-vosges-5.jpg\",\"datePublished\":\"2025-01-20T17:49:57+00:00\",\"dateModified\":\"2025-01-20T17:49:57+00:00\",\"breadcrumb\":{\"@id\":\"https:\/\/vosgesinfo.fr\/epinalinfo\/?p=127440#breadcrumb\"},\"inLanguage\":\"fr-FR\",\"potentialAction\":[{\"@type\":\"ReadAction\",\"target\":[\"https:\/\/vosgesinfo.fr\/epinalinfo\/?p=127440\"]}]},{\"@type\":\"ImageObject\",\"inLanguage\":\"fr-FR\",\"@id\":\"https:\/\/vosgesinfo.fr\/epinalinfo\/?p=127440#primaryimage\",\"url\":\"https:\/\/vosgesinfo.fr\/app\/uploads\/sites\/3\/2025\/01\/journee-immersive-avec-les-forces-de-la-gendarmerie-des-vosges-5.jpg\",\"contentUrl\":\"https:\/\/vosgesinfo.fr\/app\/uploads\/sites\/3\/2025\/01\/journee-immersive-avec-les-forces-de-la-gendarmerie-des-vosges-5.jpg\",\"width\":1435,\"height\":861,\"caption\":\"photo Gendarmerie des Vosges\"},{\"@type\":\"BreadcrumbList\",\"@id\":\"https:\/\/vosgesinfo.fr\/epinalinfo\/?p=127440#breadcrumb\",\"itemListElement\":[{\"@type\":\"ListItem\",\"position\":1,\"name\":\"Home\",\"item\":\"https:\/\/vosgesinfo.fr\/epinalinfo\/\"},{\"@type\":\"ListItem\",\"position\":2,\"name\":\"Une Journ\u00e9e Immersive avec les Forces de la Gendarmerie des Vosges\"}]},{\"@type\":\"WebSite\",\"@id\":\"https:\/\/vosgesinfo.fr\/epinalinfo\/#website\",\"url\":\"https:\/\/vosgesinfo.fr\/epinalinfo\/\",\"name\":\"Epinal Info\",\"description\":\"Toute l&#039;actualit\u00e9 d&#039;\u00c9pinal\",\"publisher\":{\"@id\":\"https:\/\/vosgesinfo.fr\/epinalinfo\/#organization\"},\"alternateName\":\"Toute l'actualit\u00e9 d'\u00c9pinal\",\"potentialAction\":[{\"@type\":\"SearchAction\",\"target\":{\"@type\":\"EntryPoint\",\"urlTemplate\":\"https:\/\/vosgesinfo.fr\/epinalinfo\/?s={search_term_string}\"},\"query-input\":\"required name=search_term_string\"}],\"inLanguage\":\"fr-FR\"},{\"@type\":\"Organization\",\"@id\":\"https:\/\/vosgesinfo.fr\/epinalinfo\/#organization\",\"name\":\"Epinal Info\",\"url\":\"https:\/\/vosgesinfo.fr\/epinalinfo\/\",\"logo\":{\"@type\":\"ImageObject\",\"inLanguage\":\"fr-FR\",\"@id\":\"https:\/\/vosgesinfo.fr\/epinalinfo\/#\/schema\/logo\/image\/\",\"url\":\"https:\/\/vosgesinfo.fr\/app\/uploads\/sites\/3\/2023\/08\/logo-epinalinfos.svg\",\"contentUrl\":\"https:\/\/vosgesinfo.fr\/app\/uploads\/sites\/3\/2023\/08\/logo-epinalinfos.svg\",\"width\":1,\"height\":1,\"caption\":\"Epinal Info\"},\"image\":{\"@id\":\"https:\/\/vosgesinfo.fr\/epinalinfo\/#\/schema\/logo\/image\/\"},\"sameAs\":[\"https:\/\/www.facebook.com\/Epinalinfos\",\"https:\/\/x.com\/VosgesInfo88\",\"https:\/\/www.youtube.com\/@vosgesinfo\"]},{\"@type\":\"Person\",\"@id\":\"https:\/\/vosgesinfo.fr\/epinalinfo\/#\/schema\/person\/6f9a650eeea99d969b6c4ab78fccbe81\",\"name\":\"C.K.\",\"image\":{\"@type\":\"ImageObject\",\"inLanguage\":\"fr-FR\",\"@id\":\"https:\/\/vosgesinfo.fr\/epinalinfo\/#\/schema\/person\/image\/\",\"url\":\"https:\/\/secure.gravatar.com\/avatar\/48e3fc7f8421ba8942be6b74a2b7f014ca39bc00dece156b7a8e098ae7dc87bf?s=96&d=mm&r=g\",\"contentUrl\":\"https:\/\/secure.gravatar.com\/avatar\/48e3fc7f8421ba8942be6b74a2b7f014ca39bc00dece156b7a8e098ae7dc87bf?s=96&d=mm&r=g\",\"caption\":\"C.K.\"},\"url\":\"https:\/\/vosgesinfo.fr\/epinalinfo\/author\/celia-k-n\/\"}]}<\/script>\n<!-- \/ Yoast SEO plugin. -->","yoast_head_json":{"title":"Une Journ\u00e9e Immersive avec les Forces de la Gendarmerie des Vosges - Epinal Info","robots":{"index":"index","follow":"follow","max-snippet":"max-snippet:-1","max-image-preview":"max-image-preview:large","max-video-preview":"max-video-preview:-1"},"canonical":"https:\/\/vosgesinfo.fr\/epinalinfo\/?p=127440","twitter_card":"summary_large_image","twitter_title":"Une Journ\u00e9e Immersive avec les Forces de la Gendarmerie des Vosges - Epinal Info","twitter_description":"Ce samedi, les cadets de la gendarmerie des Vosges ont eu l\u2019opportunit\u00e9 de vivre une exp\u00e9rience unique en rencontrant une [&hellip;]","twitter_creator":"@VosgesInfo88","twitter_site":"@VosgesInfo88","twitter_misc":{"\u00c9crit par":"C.K.","Dur\u00e9e de lecture estim\u00e9e":"2 minutes"},"schema":{"@context":"https:\/\/schema.org","@graph":[{"@type":"Article","@id":"https:\/\/vosgesinfo.fr\/epinalinfo\/?p=127440#article","isPartOf":{"@id":"https:\/\/vosgesinfo.fr\/epinalinfo\/?p=127440"},"author":{"name":"C.K.","@id":"https:\/\/vosgesinfo.fr\/epinalinfo\/#\/schema\/person\/6f9a650eeea99d969b6c4ab78fccbe81"},"headline":"Une Journ\u00e9e Immersive avec les Forces de la Gendarmerie des Vosges","datePublished":"2025-01-20T17:49:57+00:00","dateModified":"2025-01-20T17:49:57+00:00","mainEntityOfPage":{"@id":"https:\/\/vosgesinfo.fr\/epinalinfo\/?p=127440"},"wordCount":385,"commentCount":0,"publisher":{"@id":"https:\/\/vosgesinfo.fr\/epinalinfo\/#organization"},"image":{"@id":"https:\/\/vosgesinfo.fr\/epinalinfo\/?p=127440#primaryimage"},"thumbnailUrl":"https:\/\/vosgesinfo.fr\/app\/uploads\/sites\/3\/2025\/01\/journee-immersive-avec-les-forces-de-la-gendarmerie-des-vosges-5.jpg","keywords":["cadets de la gendarmerie des Vosges","Epinal","\u00e9quipes cynophiles","s\u00e9curit\u00e9","vosges"],"articleSection":["A la Une","Epinal","Gerardmer","La plaine des vosges","Remiremont","Saint-di\u00e9"],"inLanguage":"fr-FR","potentialAction":[{"@type":"CommentAction","name":"Comment","target":["https:\/\/vosgesinfo.fr\/epinalinfo\/?p=127440#respond"]}]},{"@type":"WebPage","@id":"https:\/\/vosgesinfo.fr\/epinalinfo\/?p=127440","url":"https:\/\/vosgesinfo.fr\/epinalinfo\/?p=127440","name":"Une Journ\u00e9e Immersive avec les Forces de la Gendarmerie des Vosges - Epinal Info","isPartOf":{"@id":"https:\/\/vosgesinfo.fr\/epinalinfo\/#website"},"primaryImageOfPage":{"@id":"https:\/\/vosgesinfo.fr\/epinalinfo\/?p=127440#primaryimage"},"image":{"@id":"https:\/\/vosgesinfo.fr\/epinalinfo\/?p=127440#primaryimage"},"thumbnailUrl":"https:\/\/vosgesinfo.fr\/app\/uploads\/sites\/3\/2025\/01\/journee-immersive-avec-les-forces-de-la-gendarmerie-des-vosges-5.jpg","datePublished":"2025-01-20T17:49:57+00:00","dateModified":"2025-01-20T17:49:57+00:00","breadcrumb":{"@id":"https:\/\/vosgesinfo.fr\/epinalinfo\/?p=127440#breadcrumb"},"inLanguage":"fr-FR","potentialAction":[{"@type":"ReadAction","target":["https:\/\/vosgesinfo.fr\/epinalinfo\/?p=127440"]}]},{"@type":"ImageObject","inLanguage":"fr-FR","@id":"https:\/\/vosgesinfo.fr\/epinalinfo\/?p=127440#primaryimage","url":"https:\/\/vosgesinfo.fr\/app\/uploads\/sites\/3\/2025\/01\/journee-immersive-avec-les-forces-de-la-gendarmerie-des-vosges-5.jpg","contentUrl":"https:\/\/vosgesinfo.fr\/app\/uploads\/sites\/3\/2025\/01\/journee-immersive-avec-les-forces-de-la-gendarmerie-des-vosges-5.jpg","width":1435,"height":861,"caption":"photo Gendarmerie des Vosges"},{"@type":"BreadcrumbList","@id":"https:\/\/vosgesinfo.fr\/epinalinfo\/?p=127440#breadcrumb","itemListElement":[{"@type":"ListItem","position":1,"name":"Home","item":"https:\/\/vosgesinfo.fr\/epinalinfo\/"},{"@type":"ListItem","position":2,"name":"Une Journ\u00e9e Immersive avec les Forces de la Gendarmerie des Vosges"}]},{"@type":"WebSite","@id":"https:\/\/vosgesinfo.fr\/epinalinfo\/#website","url":"https:\/\/vosgesinfo.fr\/epinalinfo\/","name":"Epinal Info","description":"Toute l&#039;actualit\u00e9 d&#039;\u00c9pinal","publisher":{"@id":"https:\/\/vosgesinfo.fr\/epinalinfo\/#organization"},"alternateName":"Toute l'actualit\u00e9 d'\u00c9pinal","potentialAction":[{"@type":"SearchAction","target":{"@type":"EntryPoint","urlTemplate":"https:\/\/vosgesinfo.fr\/epinalinfo\/?s={search_term_string}"},"query-input":"required name=search_term_string"}],"inLanguage":"fr-FR"},{"@type":"Organization","@id":"https:\/\/vosgesinfo.fr\/epinalinfo\/#organization","name":"Epinal Info","url":"https:\/\/vosgesinfo.fr\/epinalinfo\/","logo":{"@type":"ImageObject","inLanguage":"fr-FR","@id":"https:\/\/vosgesinfo.fr\/epinalinfo\/#\/schema\/logo\/image\/","url":"https:\/\/vosgesinfo.fr\/app\/uploads\/sites\/3\/2023\/08\/logo-epinalinfos.svg","contentUrl":"https:\/\/vosgesinfo.fr\/app\/uploads\/sites\/3\/2023\/08\/logo-epinalinfos.svg","width":1,"height":1,"caption":"Epinal Info"},"image":{"@id":"https:\/\/vosgesinfo.fr\/epinalinfo\/#\/schema\/logo\/image\/"},"sameAs":["https:\/\/www.facebook.com\/Epinalinfos","https:\/\/x.com\/VosgesInfo88","https:\/\/www.youtube.com\/@vosgesinfo"]},{"@type":"Person","@id":"https:\/\/vosgesinfo.fr\/epinalinfo\/#\/schema\/person\/6f9a650eeea99d969b6c4ab78fccbe81","name":"C.K.","image":{"@type":"ImageObject","inLanguage":"fr-FR","@id":"https:\/\/vosgesinfo.fr\/epinalinfo\/#\/schema\/person\/image\/","url":"https:\/\/secure.gravatar.com\/avatar\/48e3fc7f8421ba8942be6b74a2b7f014ca39bc00dece156b7a8e098ae7dc87bf?s=96&d=mm&r=g","contentUrl":"https:\/\/secure.gravatar.com\/avatar\/48e3fc7f8421ba8942be6b74a2b7f014ca39bc00dece156b7a8e098ae7dc87bf?s=96&d=mm&r=g","caption":"C.K."},"url":"https:\/\/vosgesinfo.fr\/epinalinfo\/author\/celia-k-n\/"}]}},"_links":{"self":[{"href":"https:\/\/vosgesinfo.fr\/epinalinfo\/wp-json\/wp\/v2\/posts\/127440","targetHints":{"allow":["GET"]}}],"collection":[{"href":"https:\/\/vosgesinfo.fr\/epinalinfo\/wp-json\/wp\/v2\/posts"}],"about":[{"href":"https:\/\/vosgesinfo.fr\/epinalinfo\/wp-json\/wp\/v2\/types\/post"}],"author":[{"embeddable":true,"href":"https:\/\/vosgesinfo.fr\/epinalinfo\/wp-json\/wp\/v2\/users\/52"}],"replies":[{"embeddable":true,"href":"https:\/\/vosgesinfo.fr\/epinalinfo\/wp-json\/wp\/v2\/comments?post=127440"}],"version-history":[{"count":1,"href":"https:\/\/vosgesinfo.fr\/epinalinfo\/wp-json\/wp\/v2\/posts\/127440\/revisions"}],"predecessor-version":[{"id":127448,"href":"https:\/\/vosgesinfo.fr\/epinalinfo\/wp-json\/wp\/v2\/posts\/127440\/revisions\/127448"}],"wp:featuredmedia":[{"embeddable":true,"href":"https:\/\/vosgesinfo.fr\/epinalinfo\/wp-json\/wp\/v2\/media\/127441"}],"wp:attachment":[{"href":"https:\/\/vosgesinfo.fr\/epinalinfo\/wp-json\/wp\/v2\/media?parent=127440"}],"wp:term":[{"taxonomy":"category","embeddable":true,"href":"https:\/\/vosgesinfo.fr\/epinalinfo\/wp-json\/wp\/v2\/categories?post=127440"},{"taxonomy":"post_tag","embeddable":true,"href":"https:\/\/vosgesinfo.fr\/epinalinfo\/wp-json\/wp\/v2\/tags?post=127440"}],"curies":[{"name":"wp","href":"https:\/\/api.w.org\/{rel}","templated":true}]}}