{"id":128046,"date":"2025-02-04T11:15:29","date_gmt":"2025-02-04T10:15:29","guid":{"rendered":"https:\/\/vosgesinfo.fr\/epinalinfo\/2025\/02\/le-salon-eroticart-debute-ce-week-end-a-plombieres-les-bains\/"},"modified":"2025-02-04T11:15:29","modified_gmt":"2025-02-04T10:15:29","slug":"le-salon-eroticart-debute-ce-week-end-a-plombieres-les-bains","status":"publish","type":"post","link":"https:\/\/vosgesinfo.fr\/epinalinfo\/2025\/02\/le-salon-eroticart-debute-ce-week-end-a-plombieres-les-bains\/","title":{"rendered":"Le salon EroticArt d\u00e9bute ce week-end \u00e0 Plombi\u00e8res-les-Bains"},"content":{"rendered":"<p><a href=\"https:\/\/vosgesinfo.fr\/app\/uploads\/sites\/5\/2024\/08\/erotic-art-scaled.jpg\"><img decoding=\"async\" class=\"aligncenter size-large wp-image-8319\" src=\"https:\/\/vosgesinfo.fr\/app\/uploads\/sites\/5\/2024\/08\/erotic-art-975x1024.jpg\" alt=\"\" width=\"975\" height=\"1024\" \/><\/a><\/p>\n<p><strong>Depuis 2017, le festival EroticArt c\u00e9l\u00e8bre l\u2019art \u00e9rotique sous toutes ses facettes. Pour sa 8\u1d49 \u00e9dition, l\u2019\u00e9v\u00e9nement investit de nouveau Plombi\u00e8res-les-Bains, dans le cadre atypique du Clos des Deux Augustins.<\/strong><\/p>\n<p>Sur <strong>deux week-ends<\/strong>, du <strong>8 au 9 f\u00e9vrier<\/strong> et du <strong>14 au 16 f\u00e9vrier 2025<\/strong>, plus de <strong>60 artistes<\/strong> aux univers vari\u00e9s exposeront leurs \u0153uvres, accompagn\u00e9s d\u2019une vingtaine d\u2019animations autour de l\u2019\u00e9rotisme, entre douceur, sensualit\u00e9 et audace.<\/p>\n<p>Au programme : <strong>shows burlesques, initiations \u00e0 la danse, body painting et bien plus encore<\/strong>. Des ateliers seront \u00e9galement propos\u00e9s, avec <strong>inscriptions ouvertes<\/strong> pour les curieux souhaitant vivre une exp\u00e9rience artistique immersive.<\/p>\n<p>\ud83d\udcc5 <strong>Dates et horaires :<\/strong><br \/>\n\ud83d\udd38 <strong>8 &amp; 9 f\u00e9vrier<\/strong> \u2013 13h \u00e0 19h<br \/>\n\ud83d\udd38 <strong>14, 15 &amp; 16 f\u00e9vrier<\/strong> \u2013 13h \u00e0 19h<\/p>\n<p>Un \u00e9v\u00e9nement unique pour explorer l\u2019\u00e9rotisme sous un angle artistique et surprenant !<\/p>\n<p><a href=\"https:\/\/vosgesinfo.fr\/app\/uploads\/sites\/5\/2025\/02\/eroticart.jpg\"><img decoding=\"async\" class=\"aligncenter size-large wp-image-78090\" src=\"https:\/\/vosgesinfo.fr\/app\/uploads\/sites\/5\/2025\/02\/eroticart-740x1024.jpg\" alt=\"\" width=\"740\" height=\"1024\" \/><\/a><\/p>\n","protected":false},"excerpt":{"rendered":"<p>Depuis 2017, le festival EroticArt c\u00e9l\u00e8bre l\u2019art \u00e9rotique sous toutes ses facettes. Pour sa 8\u1d49 \u00e9dition, l\u2019\u00e9v\u00e9nement investit de nouveau [&hellip;]<\/p>\n","protected":false},"author":418,"featured_media":128047,"comment_status":"open","ping_status":"open","sticky":false,"template":"","format":"standard","meta":{"footnotes":""},"categories":[22,24,6056,6057,6055,6155],"tags":[15993,1204],"class_list":["post-128046","post","type-post","status-publish","format-standard","has-post-thumbnail","hentry","category-a-la-une","category-epinal","category-gerardmer","category-la-plaine-des-vosges","category-remiremont","category-saint-die","tag-eroticart","tag-plombieres-les-bains"],"acf":[],"yoast_head":"<!-- This site is optimized with the Yoast SEO plugin v22.5 - https:\/\/yoast.com\/wordpress\/plugins\/seo\/ -->\n<title>Le salon EroticArt d\u00e9bute ce week-end \u00e0 Plombi\u00e8res-les-Bains - Epinal Info<\/title>\n<meta name=\"robots\" content=\"index, follow, max-snippet:-1, max-image-preview:large, max-video-preview:-1\" \/>\n<link rel=\"canonical\" href=\"https:\/\/vosgesinfo.fr\/epinalinfo\/2025\/02\/le-salon-eroticart-debute-ce-week-end-a-plombieres-les-bains\/\" \/>\n<meta name=\"twitter:card\" content=\"summary_large_image\" \/>\n<meta name=\"twitter:title\" content=\"Le salon EroticArt d\u00e9bute ce week-end \u00e0 Plombi\u00e8res-les-Bains - Epinal Info\" \/>\n<meta name=\"twitter:description\" content=\"Depuis 2017, le festival EroticArt c\u00e9l\u00e8bre l\u2019art \u00e9rotique sous toutes ses facettes. Pour sa 8\u1d49 \u00e9dition, l\u2019\u00e9v\u00e9nement investit de nouveau [&hellip;]\" \/>\n<meta name=\"twitter:image\" content=\"https:\/\/vosgesinfo.fr\/app\/uploads\/sites\/3\/2025\/02\/erotic-art-scaled-1.jpg\" \/>\n<meta name=\"twitter:creator\" content=\"@VosgesInfo88\" \/>\n<meta name=\"twitter:site\" content=\"@VosgesInfo88\" \/>\n<meta name=\"twitter:label1\" content=\"\u00c9crit par\" \/>\n\t<meta name=\"twitter:data1\" content=\"C.M\" \/>\n\t<meta name=\"twitter:label2\" content=\"Dur\u00e9e de lecture estim\u00e9e\" \/>\n\t<meta name=\"twitter:data2\" content=\"1 minute\" \/>\n<script type=\"application\/ld+json\" class=\"yoast-schema-graph\">{\"@context\":\"https:\/\/schema.org\",\"@graph\":[{\"@type\":\"Article\",\"@id\":\"https:\/\/vosgesinfo.fr\/epinalinfo\/2025\/02\/le-salon-eroticart-debute-ce-week-end-a-plombieres-les-bains\/#article\",\"isPartOf\":{\"@id\":\"https:\/\/vosgesinfo.fr\/epinalinfo\/2025\/02\/le-salon-eroticart-debute-ce-week-end-a-plombieres-les-bains\/\"},\"author\":{\"name\":\"C.M\",\"@id\":\"https:\/\/vosgesinfo.fr\/epinalinfo\/#\/schema\/person\/4f38cd3068e342935b7304695c797d08\"},\"headline\":\"Le salon EroticArt d\u00e9bute ce week-end \u00e0 Plombi\u00e8res-les-Bains\",\"datePublished\":\"2025-02-04T10:15:29+00:00\",\"dateModified\":\"2025-02-04T10:15:29+00:00\",\"mainEntityOfPage\":{\"@id\":\"https:\/\/vosgesinfo.fr\/epinalinfo\/2025\/02\/le-salon-eroticart-debute-ce-week-end-a-plombieres-les-bains\/\"},\"wordCount\":140,\"commentCount\":0,\"publisher\":{\"@id\":\"https:\/\/vosgesinfo.fr\/epinalinfo\/#organization\"},\"image\":{\"@id\":\"https:\/\/vosgesinfo.fr\/epinalinfo\/2025\/02\/le-salon-eroticart-debute-ce-week-end-a-plombieres-les-bains\/#primaryimage\"},\"thumbnailUrl\":\"https:\/\/vosgesinfo.fr\/app\/uploads\/sites\/3\/2025\/02\/erotic-art-scaled-1.jpg\",\"keywords\":[\"Erotic'art\",\"Plombi\u00e8res-l\u00e8s-Bains\"],\"articleSection\":[\"A la Une\",\"Epinal\",\"Gerardmer\",\"La plaine des vosges\",\"Remiremont\",\"Saint-di\u00e9\"],\"inLanguage\":\"fr-FR\",\"potentialAction\":[{\"@type\":\"CommentAction\",\"name\":\"Comment\",\"target\":[\"https:\/\/vosgesinfo.fr\/epinalinfo\/2025\/02\/le-salon-eroticart-debute-ce-week-end-a-plombieres-les-bains\/#respond\"]}]},{\"@type\":\"WebPage\",\"@id\":\"https:\/\/vosgesinfo.fr\/epinalinfo\/2025\/02\/le-salon-eroticart-debute-ce-week-end-a-plombieres-les-bains\/\",\"url\":\"https:\/\/vosgesinfo.fr\/epinalinfo\/2025\/02\/le-salon-eroticart-debute-ce-week-end-a-plombieres-les-bains\/\",\"name\":\"Le salon EroticArt d\u00e9bute ce week-end \u00e0 Plombi\u00e8res-les-Bains - Epinal Info\",\"isPartOf\":{\"@id\":\"https:\/\/vosgesinfo.fr\/epinalinfo\/#website\"},\"primaryImageOfPage\":{\"@id\":\"https:\/\/vosgesinfo.fr\/epinalinfo\/2025\/02\/le-salon-eroticart-debute-ce-week-end-a-plombieres-les-bains\/#primaryimage\"},\"image\":{\"@id\":\"https:\/\/vosgesinfo.fr\/epinalinfo\/2025\/02\/le-salon-eroticart-debute-ce-week-end-a-plombieres-les-bains\/#primaryimage\"},\"thumbnailUrl\":\"https:\/\/vosgesinfo.fr\/app\/uploads\/sites\/3\/2025\/02\/erotic-art-scaled-1.jpg\",\"datePublished\":\"2025-02-04T10:15:29+00:00\",\"dateModified\":\"2025-02-04T10:15:29+00:00\",\"breadcrumb\":{\"@id\":\"https:\/\/vosgesinfo.fr\/epinalinfo\/2025\/02\/le-salon-eroticart-debute-ce-week-end-a-plombieres-les-bains\/#breadcrumb\"},\"inLanguage\":\"fr-FR\",\"potentialAction\":[{\"@type\":\"ReadAction\",\"target\":[\"https:\/\/vosgesinfo.fr\/epinalinfo\/2025\/02\/le-salon-eroticart-debute-ce-week-end-a-plombieres-les-bains\/\"]}]},{\"@type\":\"ImageObject\",\"inLanguage\":\"fr-FR\",\"@id\":\"https:\/\/vosgesinfo.fr\/epinalinfo\/2025\/02\/le-salon-eroticart-debute-ce-week-end-a-plombieres-les-bains\/#primaryimage\",\"url\":\"https:\/\/vosgesinfo.fr\/app\/uploads\/sites\/3\/2025\/02\/erotic-art-scaled-1.jpg\",\"contentUrl\":\"https:\/\/vosgesinfo.fr\/app\/uploads\/sites\/3\/2025\/02\/erotic-art-scaled-1.jpg\",\"width\":2438,\"height\":2560},{\"@type\":\"BreadcrumbList\",\"@id\":\"https:\/\/vosgesinfo.fr\/epinalinfo\/2025\/02\/le-salon-eroticart-debute-ce-week-end-a-plombieres-les-bains\/#breadcrumb\",\"itemListElement\":[{\"@type\":\"ListItem\",\"position\":1,\"name\":\"Home\",\"item\":\"https:\/\/vosgesinfo.fr\/epinalinfo\/\"},{\"@type\":\"ListItem\",\"position\":2,\"name\":\"Le salon EroticArt d\u00e9bute ce week-end \u00e0 Plombi\u00e8res-les-Bains\"}]},{\"@type\":\"WebSite\",\"@id\":\"https:\/\/vosgesinfo.fr\/epinalinfo\/#website\",\"url\":\"https:\/\/vosgesinfo.fr\/epinalinfo\/\",\"name\":\"Epinal Info\",\"description\":\"Toute l&#039;actualit\u00e9 d&#039;\u00c9pinal\",\"publisher\":{\"@id\":\"https:\/\/vosgesinfo.fr\/epinalinfo\/#organization\"},\"alternateName\":\"Toute l'actualit\u00e9 d'\u00c9pinal\",\"potentialAction\":[{\"@type\":\"SearchAction\",\"target\":{\"@type\":\"EntryPoint\",\"urlTemplate\":\"https:\/\/vosgesinfo.fr\/epinalinfo\/?s={search_term_string}\"},\"query-input\":\"required name=search_term_string\"}],\"inLanguage\":\"fr-FR\"},{\"@type\":\"Organization\",\"@id\":\"https:\/\/vosgesinfo.fr\/epinalinfo\/#organization\",\"name\":\"Epinal Info\",\"url\":\"https:\/\/vosgesinfo.fr\/epinalinfo\/\",\"logo\":{\"@type\":\"ImageObject\",\"inLanguage\":\"fr-FR\",\"@id\":\"https:\/\/vosgesinfo.fr\/epinalinfo\/#\/schema\/logo\/image\/\",\"url\":\"https:\/\/vosgesinfo.fr\/app\/uploads\/sites\/3\/2023\/08\/logo-epinalinfos.svg\",\"contentUrl\":\"https:\/\/vosgesinfo.fr\/app\/uploads\/sites\/3\/2023\/08\/logo-epinalinfos.svg\",\"width\":1,\"height\":1,\"caption\":\"Epinal Info\"},\"image\":{\"@id\":\"https:\/\/vosgesinfo.fr\/epinalinfo\/#\/schema\/logo\/image\/\"},\"sameAs\":[\"https:\/\/www.facebook.com\/Epinalinfos\",\"https:\/\/x.com\/VosgesInfo88\",\"https:\/\/www.youtube.com\/@vosgesinfo\"]},{\"@type\":\"Person\",\"@id\":\"https:\/\/vosgesinfo.fr\/epinalinfo\/#\/schema\/person\/4f38cd3068e342935b7304695c797d08\",\"name\":\"C.M\",\"image\":{\"@type\":\"ImageObject\",\"inLanguage\":\"fr-FR\",\"@id\":\"https:\/\/vosgesinfo.fr\/epinalinfo\/#\/schema\/person\/image\/\",\"url\":\"https:\/\/secure.gravatar.com\/avatar\/fe9daaef0164d920717484172682f3c5c9bcf7d42aa8c7048c76c34f0eb6c8da?s=96&d=mm&r=g\",\"contentUrl\":\"https:\/\/secure.gravatar.com\/avatar\/fe9daaef0164d920717484172682f3c5c9bcf7d42aa8c7048c76c34f0eb6c8da?s=96&d=mm&r=g\",\"caption\":\"C.M\"},\"url\":\"https:\/\/vosgesinfo.fr\/epinalinfo\/author\/cm88200\/\"}]}<\/script>\n<!-- \/ Yoast SEO plugin. -->","yoast_head_json":{"title":"Le salon EroticArt d\u00e9bute ce week-end \u00e0 Plombi\u00e8res-les-Bains - Epinal Info","robots":{"index":"index","follow":"follow","max-snippet":"max-snippet:-1","max-image-preview":"max-image-preview:large","max-video-preview":"max-video-preview:-1"},"canonical":"https:\/\/vosgesinfo.fr\/epinalinfo\/2025\/02\/le-salon-eroticart-debute-ce-week-end-a-plombieres-les-bains\/","twitter_card":"summary_large_image","twitter_title":"Le salon EroticArt d\u00e9bute ce week-end \u00e0 Plombi\u00e8res-les-Bains - Epinal Info","twitter_description":"Depuis 2017, le festival EroticArt c\u00e9l\u00e8bre l\u2019art \u00e9rotique sous toutes ses facettes. Pour sa 8\u1d49 \u00e9dition, l\u2019\u00e9v\u00e9nement investit de nouveau [&hellip;]","twitter_image":"https:\/\/vosgesinfo.fr\/app\/uploads\/sites\/3\/2025\/02\/erotic-art-scaled-1.jpg","twitter_creator":"@VosgesInfo88","twitter_site":"@VosgesInfo88","twitter_misc":{"\u00c9crit par":"C.M","Dur\u00e9e de lecture estim\u00e9e":"1 minute"},"schema":{"@context":"https:\/\/schema.org","@graph":[{"@type":"Article","@id":"https:\/\/vosgesinfo.fr\/epinalinfo\/2025\/02\/le-salon-eroticart-debute-ce-week-end-a-plombieres-les-bains\/#article","isPartOf":{"@id":"https:\/\/vosgesinfo.fr\/epinalinfo\/2025\/02\/le-salon-eroticart-debute-ce-week-end-a-plombieres-les-bains\/"},"author":{"name":"C.M","@id":"https:\/\/vosgesinfo.fr\/epinalinfo\/#\/schema\/person\/4f38cd3068e342935b7304695c797d08"},"headline":"Le salon EroticArt d\u00e9bute ce week-end \u00e0 Plombi\u00e8res-les-Bains","datePublished":"2025-02-04T10:15:29+00:00","dateModified":"2025-02-04T10:15:29+00:00","mainEntityOfPage":{"@id":"https:\/\/vosgesinfo.fr\/epinalinfo\/2025\/02\/le-salon-eroticart-debute-ce-week-end-a-plombieres-les-bains\/"},"wordCount":140,"commentCount":0,"publisher":{"@id":"https:\/\/vosgesinfo.fr\/epinalinfo\/#organization"},"image":{"@id":"https:\/\/vosgesinfo.fr\/epinalinfo\/2025\/02\/le-salon-eroticart-debute-ce-week-end-a-plombieres-les-bains\/#primaryimage"},"thumbnailUrl":"https:\/\/vosgesinfo.fr\/app\/uploads\/sites\/3\/2025\/02\/erotic-art-scaled-1.jpg","keywords":["Erotic'art","Plombi\u00e8res-l\u00e8s-Bains"],"articleSection":["A la Une","Epinal","Gerardmer","La plaine des vosges","Remiremont","Saint-di\u00e9"],"inLanguage":"fr-FR","potentialAction":[{"@type":"CommentAction","name":"Comment","target":["https:\/\/vosgesinfo.fr\/epinalinfo\/2025\/02\/le-salon-eroticart-debute-ce-week-end-a-plombieres-les-bains\/#respond"]}]},{"@type":"WebPage","@id":"https:\/\/vosgesinfo.fr\/epinalinfo\/2025\/02\/le-salon-eroticart-debute-ce-week-end-a-plombieres-les-bains\/","url":"https:\/\/vosgesinfo.fr\/epinalinfo\/2025\/02\/le-salon-eroticart-debute-ce-week-end-a-plombieres-les-bains\/","name":"Le salon EroticArt d\u00e9bute ce week-end \u00e0 Plombi\u00e8res-les-Bains - Epinal Info","isPartOf":{"@id":"https:\/\/vosgesinfo.fr\/epinalinfo\/#website"},"primaryImageOfPage":{"@id":"https:\/\/vosgesinfo.fr\/epinalinfo\/2025\/02\/le-salon-eroticart-debute-ce-week-end-a-plombieres-les-bains\/#primaryimage"},"image":{"@id":"https:\/\/vosgesinfo.fr\/epinalinfo\/2025\/02\/le-salon-eroticart-debute-ce-week-end-a-plombieres-les-bains\/#primaryimage"},"thumbnailUrl":"https:\/\/vosgesinfo.fr\/app\/uploads\/sites\/3\/2025\/02\/erotic-art-scaled-1.jpg","datePublished":"2025-02-04T10:15:29+00:00","dateModified":"2025-02-04T10:15:29+00:00","breadcrumb":{"@id":"https:\/\/vosgesinfo.fr\/epinalinfo\/2025\/02\/le-salon-eroticart-debute-ce-week-end-a-plombieres-les-bains\/#breadcrumb"},"inLanguage":"fr-FR","potentialAction":[{"@type":"ReadAction","target":["https:\/\/vosgesinfo.fr\/epinalinfo\/2025\/02\/le-salon-eroticart-debute-ce-week-end-a-plombieres-les-bains\/"]}]},{"@type":"ImageObject","inLanguage":"fr-FR","@id":"https:\/\/vosgesinfo.fr\/epinalinfo\/2025\/02\/le-salon-eroticart-debute-ce-week-end-a-plombieres-les-bains\/#primaryimage","url":"https:\/\/vosgesinfo.fr\/app\/uploads\/sites\/3\/2025\/02\/erotic-art-scaled-1.jpg","contentUrl":"https:\/\/vosgesinfo.fr\/app\/uploads\/sites\/3\/2025\/02\/erotic-art-scaled-1.jpg","width":2438,"height":2560},{"@type":"BreadcrumbList","@id":"https:\/\/vosgesinfo.fr\/epinalinfo\/2025\/02\/le-salon-eroticart-debute-ce-week-end-a-plombieres-les-bains\/#breadcrumb","itemListElement":[{"@type":"ListItem","position":1,"name":"Home","item":"https:\/\/vosgesinfo.fr\/epinalinfo\/"},{"@type":"ListItem","position":2,"name":"Le salon EroticArt d\u00e9bute ce week-end \u00e0 Plombi\u00e8res-les-Bains"}]},{"@type":"WebSite","@id":"https:\/\/vosgesinfo.fr\/epinalinfo\/#website","url":"https:\/\/vosgesinfo.fr\/epinalinfo\/","name":"Epinal Info","description":"Toute l&#039;actualit\u00e9 d&#039;\u00c9pinal","publisher":{"@id":"https:\/\/vosgesinfo.fr\/epinalinfo\/#organization"},"alternateName":"Toute l'actualit\u00e9 d'\u00c9pinal","potentialAction":[{"@type":"SearchAction","target":{"@type":"EntryPoint","urlTemplate":"https:\/\/vosgesinfo.fr\/epinalinfo\/?s={search_term_string}"},"query-input":"required name=search_term_string"}],"inLanguage":"fr-FR"},{"@type":"Organization","@id":"https:\/\/vosgesinfo.fr\/epinalinfo\/#organization","name":"Epinal Info","url":"https:\/\/vosgesinfo.fr\/epinalinfo\/","logo":{"@type":"ImageObject","inLanguage":"fr-FR","@id":"https:\/\/vosgesinfo.fr\/epinalinfo\/#\/schema\/logo\/image\/","url":"https:\/\/vosgesinfo.fr\/app\/uploads\/sites\/3\/2023\/08\/logo-epinalinfos.svg","contentUrl":"https:\/\/vosgesinfo.fr\/app\/uploads\/sites\/3\/2023\/08\/logo-epinalinfos.svg","width":1,"height":1,"caption":"Epinal Info"},"image":{"@id":"https:\/\/vosgesinfo.fr\/epinalinfo\/#\/schema\/logo\/image\/"},"sameAs":["https:\/\/www.facebook.com\/Epinalinfos","https:\/\/x.com\/VosgesInfo88","https:\/\/www.youtube.com\/@vosgesinfo"]},{"@type":"Person","@id":"https:\/\/vosgesinfo.fr\/epinalinfo\/#\/schema\/person\/4f38cd3068e342935b7304695c797d08","name":"C.M","image":{"@type":"ImageObject","inLanguage":"fr-FR","@id":"https:\/\/vosgesinfo.fr\/epinalinfo\/#\/schema\/person\/image\/","url":"https:\/\/secure.gravatar.com\/avatar\/fe9daaef0164d920717484172682f3c5c9bcf7d42aa8c7048c76c34f0eb6c8da?s=96&d=mm&r=g","contentUrl":"https:\/\/secure.gravatar.com\/avatar\/fe9daaef0164d920717484172682f3c5c9bcf7d42aa8c7048c76c34f0eb6c8da?s=96&d=mm&r=g","caption":"C.M"},"url":"https:\/\/vosgesinfo.fr\/epinalinfo\/author\/cm88200\/"}]}},"_links":{"self":[{"href":"https:\/\/vosgesinfo.fr\/epinalinfo\/wp-json\/wp\/v2\/posts\/128046","targetHints":{"allow":["GET"]}}],"collection":[{"href":"https:\/\/vosgesinfo.fr\/epinalinfo\/wp-json\/wp\/v2\/posts"}],"about":[{"href":"https:\/\/vosgesinfo.fr\/epinalinfo\/wp-json\/wp\/v2\/types\/post"}],"author":[{"embeddable":true,"href":"https:\/\/vosgesinfo.fr\/epinalinfo\/wp-json\/wp\/v2\/users\/418"}],"replies":[{"embeddable":true,"href":"https:\/\/vosgesinfo.fr\/epinalinfo\/wp-json\/wp\/v2\/comments?post=128046"}],"version-history":[{"count":0,"href":"https:\/\/vosgesinfo.fr\/epinalinfo\/wp-json\/wp\/v2\/posts\/128046\/revisions"}],"wp:featuredmedia":[{"embeddable":true,"href":"https:\/\/vosgesinfo.fr\/epinalinfo\/wp-json\/wp\/v2\/media\/128047"}],"wp:attachment":[{"href":"https:\/\/vosgesinfo.fr\/epinalinfo\/wp-json\/wp\/v2\/media?parent=128046"}],"wp:term":[{"taxonomy":"category","embeddable":true,"href":"https:\/\/vosgesinfo.fr\/epinalinfo\/wp-json\/wp\/v2\/categories?post=128046"},{"taxonomy":"post_tag","embeddable":true,"href":"https:\/\/vosgesinfo.fr\/epinalinfo\/wp-json\/wp\/v2\/tags?post=128046"}],"curies":[{"name":"wp","href":"https:\/\/api.w.org\/{rel}","templated":true}]}}