{"id":128360,"date":"2025-02-13T12:41:30","date_gmt":"2025-02-13T11:41:30","guid":{"rendered":"https:\/\/vosgesinfo.fr\/epinalinfo\/?p=128360"},"modified":"2025-02-13T08:42:35","modified_gmt":"2025-02-13T07:42:35","slug":"journee-internationale-des-droits-des-femmes-cine-debat-autour-du-film-woman-le-6-mars","status":"publish","type":"post","link":"https:\/\/vosgesinfo.fr\/epinalinfo\/2025\/02\/journee-internationale-des-droits-des-femmes-cine-debat-autour-du-film-woman-le-6-mars\/","title":{"rendered":"Journ\u00e9e internationale des droits des femmes : Cin\u00e9-d\u00e9bat autour du film \u00ab\u00a0WOMAN\u00a0\u00bb le 6 mars"},"content":{"rendered":"<h2 class=\"p1\"><a href=\"https:\/\/vosgesinfo.fr\/app\/uploads\/sites\/3\/2025\/02\/cinewoman.jpg\"><img decoding=\"async\" class=\"aligncenter size-full wp-image-128361\" src=\"https:\/\/vosgesinfo.fr\/app\/uploads\/sites\/3\/2025\/02\/cinewoman.jpg\" alt=\"\" width=\"960\" height=\"540\" srcset=\"https:\/\/vosgesinfo.fr\/app\/uploads\/sites\/3\/2025\/02\/cinewoman.jpg 960w, https:\/\/vosgesinfo.fr\/app\/uploads\/sites\/3\/2025\/02\/cinewoman-300x169.jpg 300w, https:\/\/vosgesinfo.fr\/app\/uploads\/sites\/3\/2025\/02\/cinewoman-768x432.jpg 768w\" sizes=\"(max-width: 960px) 100vw, 960px\" \/><\/a>\u00c0 l\u2019occasion de la Journ\u00e9e internationale des droits des femmes, une projection-d\u00e9bat exceptionnelle\u00a0du film documentaire WOMAN, r\u00e9alis\u00e9 par Anastasia Mikova et Yann Arthus-Bertrand est organis\u00e9e au\u00a0Cin\u00e9s Palaces d\u2019Epinal.<\/h2>\n<p class=\"p1\">Deux s\u00e9ances gratuites et ouvertes \u00e0 tous se tiendront le jeudi 6 mars 2025 \u00e0 14h et 20h au Cin\u00e9s Palace\u00a0d\u2019\u00c9pinal (50 rue Saint-Michel).<\/p>\n<p class=\"p1\"><strong>La pr\u00e9inscription est obligatoire et peut \u00eatre effectu\u00e9e :<\/strong><\/p>\n<ul>\n<li>directement sur place au Cin\u00e9s Palace,<\/li>\n<li>en ligne via le lien suivant :<span class=\"Apple-converted-space\">\u00a0<a href=\"https:\/\/form.jotform.com\/noemiegraff\/cin-dbat\" target=\"_blank\" rel=\"noopener\">https:\/\/form.jotform.com\/noemiegraff\/cin-dbat<\/a><\/span><\/li>\n<\/ul>\n<p class=\"p1\"><strong>Un documentaire puissant et engag\u00e9<\/strong><\/p>\n<p class=\"p1\">Le film WOMAN donne la parole \u00e0 2 000 femmes issues de 50 pays, offrant un regard in\u00e9dit et intime\u00a0sur leurs exp\u00e9riences de vie. \u00c0 travers des t\u00e9moignages poignants, ce documentaire met en lumi\u00e8re les\u00a0injustices, mais aussi la r\u00e9silience et la force int\u00e9rieure des femmes \u00e0 travers le monde.<\/p>\n<p class=\"p1\">WOMAN aborde des th\u00e9matiques essentielles telles que :<\/p>\n<ul>\n<li>L\u2019\u00e9galit\u00e9 des sexes et les st\u00e9r\u00e9otypes de genre,<\/li>\n<li>L\u2019amour et la maternit\u00e9,<\/li>\n<li>Le mariage, l\u2019ind\u00e9pendance et l\u2019\u00e9mancipation,<\/li>\n<li>Les violences faites aux femmes,<\/li>\n<li>La sexualit\u00e9 et les tabous corporels,<\/li>\n<li>Le r\u00f4le des femmes dans le pouvoir et la soci\u00e9t\u00e9.<\/li>\n<\/ul>\n<p class=\"p1\"><strong>Un moment d\u2019\u00e9change et de r\u00e9flexion<\/strong><\/p>\n<p class=\"p1\">\u00c0 l\u2019issue de chaque projection, un d\u00e9bat sera anim\u00e9 par des intervenants engag\u00e9s dans la d\u00e9fense des\u00a0droits des femmes. Ce sera une occasion unique de partager des exp\u00e9riences, de d\u00e9battre des\u00a0probl\u00e9matiques soulev\u00e9es par le film et de r\u00e9fl\u00e9chir ensemble aux actions \u00e0 mener pour une soci\u00e9t\u00e9\u00a0plus \u00e9galitaire.<\/p>\n","protected":false},"excerpt":{"rendered":"<p>\u00c0 l\u2019occasion de la Journ\u00e9e internationale des droits des femmes, une projection-d\u00e9bat exceptionnelle\u00a0du film documentaire WOMAN, r\u00e9alis\u00e9 par Anastasia Mikova [&hellip;]<\/p>\n","protected":false},"author":52,"featured_media":128361,"comment_status":"open","ping_status":"open","sticky":false,"template":"","format":"standard","meta":{"footnotes":""},"categories":[22,24],"tags":[],"class_list":["post-128360","post","type-post","status-publish","format-standard","has-post-thumbnail","hentry","category-a-la-une","category-epinal"],"acf":[],"yoast_head":"<!-- This site is optimized with the Yoast SEO plugin v22.5 - https:\/\/yoast.com\/wordpress\/plugins\/seo\/ -->\n<title>Journ\u00e9e internationale des droits des femmes : Cin\u00e9-d\u00e9bat autour du film &quot;WOMAN&quot; le 6 mars - Epinal Info<\/title>\n<meta name=\"robots\" content=\"index, follow, max-snippet:-1, max-image-preview:large, max-video-preview:-1\" \/>\n<link rel=\"canonical\" href=\"https:\/\/vosgesinfo.fr\/epinalinfo\/2025\/02\/journee-internationale-des-droits-des-femmes-cine-debat-autour-du-film-woman-le-6-mars\/\" \/>\n<meta name=\"twitter:card\" content=\"summary_large_image\" \/>\n<meta name=\"twitter:title\" content=\"Journ\u00e9e internationale des droits des femmes : Cin\u00e9-d\u00e9bat autour du film &quot;WOMAN&quot; le 6 mars - Epinal Info\" \/>\n<meta name=\"twitter:description\" content=\"\u00c0 l\u2019occasion de la Journ\u00e9e internationale des droits des femmes, une projection-d\u00e9bat exceptionnelle\u00a0du film documentaire WOMAN, r\u00e9alis\u00e9 par Anastasia Mikova [&hellip;]\" \/>\n<meta name=\"twitter:image\" content=\"https:\/\/vosgesinfo.fr\/app\/uploads\/sites\/3\/2025\/02\/cinewoman.jpg\" \/>\n<meta name=\"twitter:creator\" content=\"@VosgesInfo88\" \/>\n<meta name=\"twitter:site\" content=\"@VosgesInfo88\" \/>\n<meta name=\"twitter:label1\" content=\"\u00c9crit par\" \/>\n\t<meta name=\"twitter:data1\" content=\"C.K.\" \/>\n\t<meta name=\"twitter:label2\" content=\"Dur\u00e9e de lecture estim\u00e9e\" \/>\n\t<meta name=\"twitter:data2\" content=\"1 minute\" \/>\n<script type=\"application\/ld+json\" class=\"yoast-schema-graph\">{\"@context\":\"https:\/\/schema.org\",\"@graph\":[{\"@type\":\"Article\",\"@id\":\"https:\/\/vosgesinfo.fr\/epinalinfo\/2025\/02\/journee-internationale-des-droits-des-femmes-cine-debat-autour-du-film-woman-le-6-mars\/#article\",\"isPartOf\":{\"@id\":\"https:\/\/vosgesinfo.fr\/epinalinfo\/2025\/02\/journee-internationale-des-droits-des-femmes-cine-debat-autour-du-film-woman-le-6-mars\/\"},\"author\":{\"name\":\"C.K.\",\"@id\":\"https:\/\/vosgesinfo.fr\/epinalinfo\/#\/schema\/person\/6f9a650eeea99d969b6c4ab78fccbe81\"},\"headline\":\"Journ\u00e9e internationale des droits des femmes : Cin\u00e9-d\u00e9bat autour du film \u00ab\u00a0WOMAN\u00a0\u00bb le 6 mars\",\"datePublished\":\"2025-02-13T11:41:30+00:00\",\"dateModified\":\"2025-02-13T07:42:35+00:00\",\"mainEntityOfPage\":{\"@id\":\"https:\/\/vosgesinfo.fr\/epinalinfo\/2025\/02\/journee-internationale-des-droits-des-femmes-cine-debat-autour-du-film-woman-le-6-mars\/\"},\"wordCount\":282,\"commentCount\":1,\"publisher\":{\"@id\":\"https:\/\/vosgesinfo.fr\/epinalinfo\/#organization\"},\"image\":{\"@id\":\"https:\/\/vosgesinfo.fr\/epinalinfo\/2025\/02\/journee-internationale-des-droits-des-femmes-cine-debat-autour-du-film-woman-le-6-mars\/#primaryimage\"},\"thumbnailUrl\":\"https:\/\/vosgesinfo.fr\/app\/uploads\/sites\/3\/2025\/02\/cinewoman.jpg\",\"articleSection\":[\"A la Une\",\"Epinal\"],\"inLanguage\":\"fr-FR\",\"potentialAction\":[{\"@type\":\"CommentAction\",\"name\":\"Comment\",\"target\":[\"https:\/\/vosgesinfo.fr\/epinalinfo\/2025\/02\/journee-internationale-des-droits-des-femmes-cine-debat-autour-du-film-woman-le-6-mars\/#respond\"]}]},{\"@type\":\"WebPage\",\"@id\":\"https:\/\/vosgesinfo.fr\/epinalinfo\/2025\/02\/journee-internationale-des-droits-des-femmes-cine-debat-autour-du-film-woman-le-6-mars\/\",\"url\":\"https:\/\/vosgesinfo.fr\/epinalinfo\/2025\/02\/journee-internationale-des-droits-des-femmes-cine-debat-autour-du-film-woman-le-6-mars\/\",\"name\":\"Journ\u00e9e internationale des droits des femmes : Cin\u00e9-d\u00e9bat autour du film \\\"WOMAN\\\" le 6 mars - Epinal Info\",\"isPartOf\":{\"@id\":\"https:\/\/vosgesinfo.fr\/epinalinfo\/#website\"},\"primaryImageOfPage\":{\"@id\":\"https:\/\/vosgesinfo.fr\/epinalinfo\/2025\/02\/journee-internationale-des-droits-des-femmes-cine-debat-autour-du-film-woman-le-6-mars\/#primaryimage\"},\"image\":{\"@id\":\"https:\/\/vosgesinfo.fr\/epinalinfo\/2025\/02\/journee-internationale-des-droits-des-femmes-cine-debat-autour-du-film-woman-le-6-mars\/#primaryimage\"},\"thumbnailUrl\":\"https:\/\/vosgesinfo.fr\/app\/uploads\/sites\/3\/2025\/02\/cinewoman.jpg\",\"datePublished\":\"2025-02-13T11:41:30+00:00\",\"dateModified\":\"2025-02-13T07:42:35+00:00\",\"breadcrumb\":{\"@id\":\"https:\/\/vosgesinfo.fr\/epinalinfo\/2025\/02\/journee-internationale-des-droits-des-femmes-cine-debat-autour-du-film-woman-le-6-mars\/#breadcrumb\"},\"inLanguage\":\"fr-FR\",\"potentialAction\":[{\"@type\":\"ReadAction\",\"target\":[\"https:\/\/vosgesinfo.fr\/epinalinfo\/2025\/02\/journee-internationale-des-droits-des-femmes-cine-debat-autour-du-film-woman-le-6-mars\/\"]}]},{\"@type\":\"ImageObject\",\"inLanguage\":\"fr-FR\",\"@id\":\"https:\/\/vosgesinfo.fr\/epinalinfo\/2025\/02\/journee-internationale-des-droits-des-femmes-cine-debat-autour-du-film-woman-le-6-mars\/#primaryimage\",\"url\":\"https:\/\/vosgesinfo.fr\/app\/uploads\/sites\/3\/2025\/02\/cinewoman.jpg\",\"contentUrl\":\"https:\/\/vosgesinfo.fr\/app\/uploads\/sites\/3\/2025\/02\/cinewoman.jpg\",\"width\":960,\"height\":540},{\"@type\":\"BreadcrumbList\",\"@id\":\"https:\/\/vosgesinfo.fr\/epinalinfo\/2025\/02\/journee-internationale-des-droits-des-femmes-cine-debat-autour-du-film-woman-le-6-mars\/#breadcrumb\",\"itemListElement\":[{\"@type\":\"ListItem\",\"position\":1,\"name\":\"Home\",\"item\":\"https:\/\/vosgesinfo.fr\/epinalinfo\/\"},{\"@type\":\"ListItem\",\"position\":2,\"name\":\"Journ\u00e9e internationale des droits des femmes : Cin\u00e9-d\u00e9bat autour du film \u00ab\u00a0WOMAN\u00a0\u00bb le 6 mars\"}]},{\"@type\":\"WebSite\",\"@id\":\"https:\/\/vosgesinfo.fr\/epinalinfo\/#website\",\"url\":\"https:\/\/vosgesinfo.fr\/epinalinfo\/\",\"name\":\"Epinal Info\",\"description\":\"Toute l&#039;actualit\u00e9 d&#039;\u00c9pinal\",\"publisher\":{\"@id\":\"https:\/\/vosgesinfo.fr\/epinalinfo\/#organization\"},\"alternateName\":\"Toute l'actualit\u00e9 d'\u00c9pinal\",\"potentialAction\":[{\"@type\":\"SearchAction\",\"target\":{\"@type\":\"EntryPoint\",\"urlTemplate\":\"https:\/\/vosgesinfo.fr\/epinalinfo\/?s={search_term_string}\"},\"query-input\":\"required name=search_term_string\"}],\"inLanguage\":\"fr-FR\"},{\"@type\":\"Organization\",\"@id\":\"https:\/\/vosgesinfo.fr\/epinalinfo\/#organization\",\"name\":\"Epinal Info\",\"url\":\"https:\/\/vosgesinfo.fr\/epinalinfo\/\",\"logo\":{\"@type\":\"ImageObject\",\"inLanguage\":\"fr-FR\",\"@id\":\"https:\/\/vosgesinfo.fr\/epinalinfo\/#\/schema\/logo\/image\/\",\"url\":\"https:\/\/vosgesinfo.fr\/app\/uploads\/sites\/3\/2023\/08\/logo-epinalinfos.svg\",\"contentUrl\":\"https:\/\/vosgesinfo.fr\/app\/uploads\/sites\/3\/2023\/08\/logo-epinalinfos.svg\",\"width\":1,\"height\":1,\"caption\":\"Epinal Info\"},\"image\":{\"@id\":\"https:\/\/vosgesinfo.fr\/epinalinfo\/#\/schema\/logo\/image\/\"},\"sameAs\":[\"https:\/\/www.facebook.com\/Epinalinfos\",\"https:\/\/x.com\/VosgesInfo88\",\"https:\/\/www.youtube.com\/@vosgesinfo\"]},{\"@type\":\"Person\",\"@id\":\"https:\/\/vosgesinfo.fr\/epinalinfo\/#\/schema\/person\/6f9a650eeea99d969b6c4ab78fccbe81\",\"name\":\"C.K.\",\"image\":{\"@type\":\"ImageObject\",\"inLanguage\":\"fr-FR\",\"@id\":\"https:\/\/vosgesinfo.fr\/epinalinfo\/#\/schema\/person\/image\/\",\"url\":\"https:\/\/secure.gravatar.com\/avatar\/48e3fc7f8421ba8942be6b74a2b7f014ca39bc00dece156b7a8e098ae7dc87bf?s=96&d=mm&r=g\",\"contentUrl\":\"https:\/\/secure.gravatar.com\/avatar\/48e3fc7f8421ba8942be6b74a2b7f014ca39bc00dece156b7a8e098ae7dc87bf?s=96&d=mm&r=g\",\"caption\":\"C.K.\"},\"url\":\"https:\/\/vosgesinfo.fr\/epinalinfo\/author\/celia-k-n\/\"}]}<\/script>\n<!-- \/ Yoast SEO plugin. -->","yoast_head_json":{"title":"Journ\u00e9e internationale des droits des femmes : Cin\u00e9-d\u00e9bat autour du film \"WOMAN\" le 6 mars - Epinal Info","robots":{"index":"index","follow":"follow","max-snippet":"max-snippet:-1","max-image-preview":"max-image-preview:large","max-video-preview":"max-video-preview:-1"},"canonical":"https:\/\/vosgesinfo.fr\/epinalinfo\/2025\/02\/journee-internationale-des-droits-des-femmes-cine-debat-autour-du-film-woman-le-6-mars\/","twitter_card":"summary_large_image","twitter_title":"Journ\u00e9e internationale des droits des femmes : Cin\u00e9-d\u00e9bat autour du film \"WOMAN\" le 6 mars - Epinal Info","twitter_description":"\u00c0 l\u2019occasion de la Journ\u00e9e internationale des droits des femmes, une projection-d\u00e9bat exceptionnelle\u00a0du film documentaire WOMAN, r\u00e9alis\u00e9 par Anastasia Mikova [&hellip;]","twitter_image":"https:\/\/vosgesinfo.fr\/app\/uploads\/sites\/3\/2025\/02\/cinewoman.jpg","twitter_creator":"@VosgesInfo88","twitter_site":"@VosgesInfo88","twitter_misc":{"\u00c9crit par":"C.K.","Dur\u00e9e de lecture estim\u00e9e":"1 minute"},"schema":{"@context":"https:\/\/schema.org","@graph":[{"@type":"Article","@id":"https:\/\/vosgesinfo.fr\/epinalinfo\/2025\/02\/journee-internationale-des-droits-des-femmes-cine-debat-autour-du-film-woman-le-6-mars\/#article","isPartOf":{"@id":"https:\/\/vosgesinfo.fr\/epinalinfo\/2025\/02\/journee-internationale-des-droits-des-femmes-cine-debat-autour-du-film-woman-le-6-mars\/"},"author":{"name":"C.K.","@id":"https:\/\/vosgesinfo.fr\/epinalinfo\/#\/schema\/person\/6f9a650eeea99d969b6c4ab78fccbe81"},"headline":"Journ\u00e9e internationale des droits des femmes : Cin\u00e9-d\u00e9bat autour du film \u00ab\u00a0WOMAN\u00a0\u00bb le 6 mars","datePublished":"2025-02-13T11:41:30+00:00","dateModified":"2025-02-13T07:42:35+00:00","mainEntityOfPage":{"@id":"https:\/\/vosgesinfo.fr\/epinalinfo\/2025\/02\/journee-internationale-des-droits-des-femmes-cine-debat-autour-du-film-woman-le-6-mars\/"},"wordCount":282,"commentCount":1,"publisher":{"@id":"https:\/\/vosgesinfo.fr\/epinalinfo\/#organization"},"image":{"@id":"https:\/\/vosgesinfo.fr\/epinalinfo\/2025\/02\/journee-internationale-des-droits-des-femmes-cine-debat-autour-du-film-woman-le-6-mars\/#primaryimage"},"thumbnailUrl":"https:\/\/vosgesinfo.fr\/app\/uploads\/sites\/3\/2025\/02\/cinewoman.jpg","articleSection":["A la Une","Epinal"],"inLanguage":"fr-FR","potentialAction":[{"@type":"CommentAction","name":"Comment","target":["https:\/\/vosgesinfo.fr\/epinalinfo\/2025\/02\/journee-internationale-des-droits-des-femmes-cine-debat-autour-du-film-woman-le-6-mars\/#respond"]}]},{"@type":"WebPage","@id":"https:\/\/vosgesinfo.fr\/epinalinfo\/2025\/02\/journee-internationale-des-droits-des-femmes-cine-debat-autour-du-film-woman-le-6-mars\/","url":"https:\/\/vosgesinfo.fr\/epinalinfo\/2025\/02\/journee-internationale-des-droits-des-femmes-cine-debat-autour-du-film-woman-le-6-mars\/","name":"Journ\u00e9e internationale des droits des femmes : Cin\u00e9-d\u00e9bat autour du film \"WOMAN\" le 6 mars - Epinal Info","isPartOf":{"@id":"https:\/\/vosgesinfo.fr\/epinalinfo\/#website"},"primaryImageOfPage":{"@id":"https:\/\/vosgesinfo.fr\/epinalinfo\/2025\/02\/journee-internationale-des-droits-des-femmes-cine-debat-autour-du-film-woman-le-6-mars\/#primaryimage"},"image":{"@id":"https:\/\/vosgesinfo.fr\/epinalinfo\/2025\/02\/journee-internationale-des-droits-des-femmes-cine-debat-autour-du-film-woman-le-6-mars\/#primaryimage"},"thumbnailUrl":"https:\/\/vosgesinfo.fr\/app\/uploads\/sites\/3\/2025\/02\/cinewoman.jpg","datePublished":"2025-02-13T11:41:30+00:00","dateModified":"2025-02-13T07:42:35+00:00","breadcrumb":{"@id":"https:\/\/vosgesinfo.fr\/epinalinfo\/2025\/02\/journee-internationale-des-droits-des-femmes-cine-debat-autour-du-film-woman-le-6-mars\/#breadcrumb"},"inLanguage":"fr-FR","potentialAction":[{"@type":"ReadAction","target":["https:\/\/vosgesinfo.fr\/epinalinfo\/2025\/02\/journee-internationale-des-droits-des-femmes-cine-debat-autour-du-film-woman-le-6-mars\/"]}]},{"@type":"ImageObject","inLanguage":"fr-FR","@id":"https:\/\/vosgesinfo.fr\/epinalinfo\/2025\/02\/journee-internationale-des-droits-des-femmes-cine-debat-autour-du-film-woman-le-6-mars\/#primaryimage","url":"https:\/\/vosgesinfo.fr\/app\/uploads\/sites\/3\/2025\/02\/cinewoman.jpg","contentUrl":"https:\/\/vosgesinfo.fr\/app\/uploads\/sites\/3\/2025\/02\/cinewoman.jpg","width":960,"height":540},{"@type":"BreadcrumbList","@id":"https:\/\/vosgesinfo.fr\/epinalinfo\/2025\/02\/journee-internationale-des-droits-des-femmes-cine-debat-autour-du-film-woman-le-6-mars\/#breadcrumb","itemListElement":[{"@type":"ListItem","position":1,"name":"Home","item":"https:\/\/vosgesinfo.fr\/epinalinfo\/"},{"@type":"ListItem","position":2,"name":"Journ\u00e9e internationale des droits des femmes : Cin\u00e9-d\u00e9bat autour du film \u00ab\u00a0WOMAN\u00a0\u00bb le 6 mars"}]},{"@type":"WebSite","@id":"https:\/\/vosgesinfo.fr\/epinalinfo\/#website","url":"https:\/\/vosgesinfo.fr\/epinalinfo\/","name":"Epinal Info","description":"Toute l&#039;actualit\u00e9 d&#039;\u00c9pinal","publisher":{"@id":"https:\/\/vosgesinfo.fr\/epinalinfo\/#organization"},"alternateName":"Toute l'actualit\u00e9 d'\u00c9pinal","potentialAction":[{"@type":"SearchAction","target":{"@type":"EntryPoint","urlTemplate":"https:\/\/vosgesinfo.fr\/epinalinfo\/?s={search_term_string}"},"query-input":"required name=search_term_string"}],"inLanguage":"fr-FR"},{"@type":"Organization","@id":"https:\/\/vosgesinfo.fr\/epinalinfo\/#organization","name":"Epinal Info","url":"https:\/\/vosgesinfo.fr\/epinalinfo\/","logo":{"@type":"ImageObject","inLanguage":"fr-FR","@id":"https:\/\/vosgesinfo.fr\/epinalinfo\/#\/schema\/logo\/image\/","url":"https:\/\/vosgesinfo.fr\/app\/uploads\/sites\/3\/2023\/08\/logo-epinalinfos.svg","contentUrl":"https:\/\/vosgesinfo.fr\/app\/uploads\/sites\/3\/2023\/08\/logo-epinalinfos.svg","width":1,"height":1,"caption":"Epinal Info"},"image":{"@id":"https:\/\/vosgesinfo.fr\/epinalinfo\/#\/schema\/logo\/image\/"},"sameAs":["https:\/\/www.facebook.com\/Epinalinfos","https:\/\/x.com\/VosgesInfo88","https:\/\/www.youtube.com\/@vosgesinfo"]},{"@type":"Person","@id":"https:\/\/vosgesinfo.fr\/epinalinfo\/#\/schema\/person\/6f9a650eeea99d969b6c4ab78fccbe81","name":"C.K.","image":{"@type":"ImageObject","inLanguage":"fr-FR","@id":"https:\/\/vosgesinfo.fr\/epinalinfo\/#\/schema\/person\/image\/","url":"https:\/\/secure.gravatar.com\/avatar\/48e3fc7f8421ba8942be6b74a2b7f014ca39bc00dece156b7a8e098ae7dc87bf?s=96&d=mm&r=g","contentUrl":"https:\/\/secure.gravatar.com\/avatar\/48e3fc7f8421ba8942be6b74a2b7f014ca39bc00dece156b7a8e098ae7dc87bf?s=96&d=mm&r=g","caption":"C.K."},"url":"https:\/\/vosgesinfo.fr\/epinalinfo\/author\/celia-k-n\/"}]}},"_links":{"self":[{"href":"https:\/\/vosgesinfo.fr\/epinalinfo\/wp-json\/wp\/v2\/posts\/128360","targetHints":{"allow":["GET"]}}],"collection":[{"href":"https:\/\/vosgesinfo.fr\/epinalinfo\/wp-json\/wp\/v2\/posts"}],"about":[{"href":"https:\/\/vosgesinfo.fr\/epinalinfo\/wp-json\/wp\/v2\/types\/post"}],"author":[{"embeddable":true,"href":"https:\/\/vosgesinfo.fr\/epinalinfo\/wp-json\/wp\/v2\/users\/52"}],"replies":[{"embeddable":true,"href":"https:\/\/vosgesinfo.fr\/epinalinfo\/wp-json\/wp\/v2\/comments?post=128360"}],"version-history":[{"count":1,"href":"https:\/\/vosgesinfo.fr\/epinalinfo\/wp-json\/wp\/v2\/posts\/128360\/revisions"}],"predecessor-version":[{"id":128362,"href":"https:\/\/vosgesinfo.fr\/epinalinfo\/wp-json\/wp\/v2\/posts\/128360\/revisions\/128362"}],"wp:featuredmedia":[{"embeddable":true,"href":"https:\/\/vosgesinfo.fr\/epinalinfo\/wp-json\/wp\/v2\/media\/128361"}],"wp:attachment":[{"href":"https:\/\/vosgesinfo.fr\/epinalinfo\/wp-json\/wp\/v2\/media?parent=128360"}],"wp:term":[{"taxonomy":"category","embeddable":true,"href":"https:\/\/vosgesinfo.fr\/epinalinfo\/wp-json\/wp\/v2\/categories?post=128360"},{"taxonomy":"post_tag","embeddable":true,"href":"https:\/\/vosgesinfo.fr\/epinalinfo\/wp-json\/wp\/v2\/tags?post=128360"}],"curies":[{"name":"wp","href":"https:\/\/api.w.org\/{rel}","templated":true}]}}