{"id":128416,"date":"2025-02-14T14:10:33","date_gmt":"2025-02-14T13:10:33","guid":{"rendered":"https:\/\/vosgesinfo.fr\/epinalinfo\/?p=128416"},"modified":"2025-02-14T14:10:33","modified_gmt":"2025-02-14T13:10:33","slug":"la-police-nationale-demantele-un-trafic-de-stupefiants-base-en-deodatie","status":"publish","type":"post","link":"https:\/\/vosgesinfo.fr\/epinalinfo\/2025\/02\/la-police-nationale-demantele-un-trafic-de-stupefiants-base-en-deodatie\/","title":{"rendered":"La Police Nationale d\u00e9mant\u00e8le un trafic de stup\u00e9fiants bas\u00e9 en D\u00e9odatie"},"content":{"rendered":"<div id=\"attachment_22036\" style=\"width: 1034px\" class=\"wp-caption alignnone\"><a href=\"https:\/\/vosgesinfo.fr\/app\/uploads\/sites\/4\/2016\/04\/police-nationale-01.jpg\"><img decoding=\"async\" aria-describedby=\"caption-attachment-22036\" class=\"wp-image-22036 size-full\" src=\"https:\/\/vosgesinfo.fr\/app\/uploads\/sites\/4\/2016\/04\/police-nationale-01.jpg\" alt=\"\" width=\"1024\" height=\"576\" \/><\/a><p id=\"caption-attachment-22036\" class=\"wp-caption-text\">(Illustration)<\/p><\/div>\n<div class=\"flex max-w-full flex-col flex-grow\">\n<div class=\"min-h-8 text-message flex w-full flex-col items-end gap-2 whitespace-normal break-words text-start [.text-message+&amp;]:mt-5\" dir=\"auto\" data-message-author-role=\"assistant\" data-message-id=\"4bb226db-b431-428e-940a-9909f4aa742d\" data-message-model-slug=\"gpt-4o\">\n<div class=\"flex w-full flex-col gap-1 empty:hidden first:pt-[3px]\">\n<div class=\"markdown prose w-full break-words dark:prose-invert light\"><\/div>\n<\/div>\n<\/div>\n<\/div>\n<div class=\"flex max-w-full flex-col flex-grow\">\n<div class=\"min-h-8 text-message flex w-full flex-col items-end gap-2 whitespace-normal break-words text-start [.text-message+&amp;]:mt-5\" dir=\"auto\" data-message-author-role=\"assistant\" data-message-id=\"4bb226db-b431-428e-940a-9909f4aa742d\" data-message-model-slug=\"gpt-4o\">\n<div class=\"flex w-full flex-col gap-1 empty:hidden first:pt-[3px]\">\n<div class=\"markdown prose w-full break-words dark:prose-invert light\">\n<h2 data-start=\"68\" data-end=\"329\">C&rsquo;est un <strong data-start=\"77\" data-end=\"99\">beau coup de filet<\/strong> qu&rsquo;a r\u00e9alis\u00e9 le <strong data-start=\"116\" data-end=\"152\">commissariat de Police Nationale<\/strong> de <strong data-start=\"156\" data-end=\"180\">Saint-Di\u00e9-des-Vosges<\/strong> en <strong data-start=\"184\" data-end=\"204\">d\u00e9but de semaine<\/strong>. Un <strong data-start=\"209\" data-end=\"244\">r\u00e9seau de trafic de stup\u00e9fiants<\/strong>, qui op\u00e9rait <strong data-start=\"255\" data-end=\"267\">D\u00e9odatie<\/strong>, a \u00e9t\u00e9 <strong data-start=\"275\" data-end=\"288\">d\u00e9mantel\u00e9<\/strong> apr\u00e8s une s\u00e9rie d&rsquo;<strong data-start=\"307\" data-end=\"326\">interpellations<\/strong>.<\/h2>\n<\/div>\n<\/div>\n<\/div>\n<\/div>\n<p data-start=\"68\" data-end=\"329\"><!--more--><\/p>\n<div class=\"flex max-w-full flex-col flex-grow\">\n<div class=\"min-h-8 text-message flex w-full flex-col items-end gap-2 whitespace-normal break-words text-start [.text-message+&amp;]:mt-5\" dir=\"auto\" data-message-author-role=\"assistant\" data-message-id=\"4bb226db-b431-428e-940a-9909f4aa742d\" data-message-model-slug=\"gpt-4o\">\n<div class=\"flex w-full flex-col gap-1 empty:hidden first:pt-[3px]\">\n<div class=\"markdown prose w-full break-words dark:prose-invert light\">\n<h3 data-start=\"331\" data-end=\"370\"><strong data-start=\"335\" data-end=\"368\">Une enqu\u00eate longue de plusieurs mois<\/strong><\/h3>\n<p data-start=\"372\" data-end=\"679\">La <strong data-start=\"375\" data-end=\"385\">Police<\/strong> travaillait depuis <strong data-start=\"405\" data-end=\"421\">juin dernier<\/strong> pour faire tomber ce r\u00e9seau, dirig\u00e9 par un <strong data-start=\"469\" data-end=\"502\">trentenaire emprisonn\u00e9 \u00e0 Metz<\/strong>. Il \u00e9tait aid\u00e9 de sa <strong data-start=\"524\" data-end=\"536\">compagne<\/strong>, bas\u00e9e \u00e0 <strong data-start=\"546\" data-end=\"570\">Saint-Di\u00e9-des-Vosges<\/strong>, qui n&rsquo;intervenait pas dans la <strong data-start=\"602\" data-end=\"638\">revente des produits stup\u00e9fiants<\/strong> mais jouait un r\u00f4le de <strong data-start=\"662\" data-end=\"676\">tr\u00e9sori\u00e8re<\/strong>.<\/p>\n<h3 data-start=\"681\" data-end=\"719\"><strong data-start=\"685\" data-end=\"717\">Un trafic mobile, sans point de revente fixe<\/strong><\/h3>\n<p data-start=\"721\" data-end=\"1057\"><strong data-start=\"721\" data-end=\"739\">Multi-produits<\/strong>, le <strong data-start=\"744\" data-end=\"754\">trafic<\/strong> fonctionnait via des applications comme <strong data-start=\"795\" data-end=\"807\">WhatsApp<\/strong>, sans <strong data-start=\"814\" data-end=\"837\">point de vente fixe<\/strong>. Quatre <strong data-start=\"846\" data-end=\"880\">revendeurs \u00ab t\u00eates de r\u00e9seau \u00bb<\/strong> se sont succ\u00e9d\u00e9 depuis <strong data-start=\"904\" data-end=\"916\">mai 2024<\/strong> pour alimenter une <strong data-start=\"936\" data-end=\"966\">soixantaine de toxicomanes<\/strong>. Ces <strong data-start=\"972\" data-end=\"986\">revendeurs<\/strong> \u00e9taient contraints de travailler pour le <strong>dirigeant du r\u00e9seau.<\/strong><\/p>\n<h3 data-start=\"1059\" data-end=\"1105\"><strong data-start=\"1063\" data-end=\"1103\">Six interpellations et des saisies<\/strong><\/h3>\n<p data-start=\"1107\" data-end=\"1513\">Le <strong data-start=\"1110\" data-end=\"1123\">dirigeant<\/strong>, sa <strong data-start=\"1128\" data-end=\"1140\">compagne<\/strong> et les <strong data-start=\"1148\" data-end=\"1164\">4 revendeurs<\/strong> ont \u00e9t\u00e9 <strong data-start=\"1173\" data-end=\"1188\">interpell\u00e9s<\/strong> ce <strong data-start=\"1192\" data-end=\"1212\">mardi 11 f\u00e9vrier<\/strong> par les <strong data-start=\"1221\" data-end=\"1245\">policiers d\u00e9odatiens<\/strong>. Ces <strong>6 interpellations<\/strong> sont survenues au moment du <strong data-start=\"1294\" data-end=\"1324\">retour d&rsquo;approvisionnement<\/strong> de l&rsquo;un des <strong data-start=\"1337\" data-end=\"1351\">revendeurs<\/strong>, une femme, qui transportait dans la voiture qu&rsquo;elle conduisait des <strong data-start=\"1430\" data-end=\"1451\">cachets d&rsquo;ecstasy<\/strong> et de la <strong data-start=\"1461\" data-end=\"1469\">MDMA<\/strong>, en provenance de <strong data-start=\"1488\" data-end=\"1510\">Meurthe-et-Moselle<\/strong>.<\/p>\n<p data-start=\"1571\" data-end=\"1772\">Les <strong data-start=\"1575\" data-end=\"1592\">perquisitions<\/strong> ont permis la saisie de <strong data-start=\"1617\" data-end=\"1641\">produits stup\u00e9fiants<\/strong>, de <strong data-start=\"1643\" data-end=\"1663\">6000\u20ac en liquide<\/strong>, de <strong data-start=\"1669\" data-end=\"1696\">fausses montres de luxe<\/strong> et d&rsquo;un <strong data-start=\"1709\" data-end=\"1726\">v\u00e9hicule vol\u00e9<\/strong>, utilis\u00e9 pour le <strong data-start=\"1744\" data-end=\"1769\">transfert des drogues<\/strong>.<\/p>\n<h3 data-start=\"1774\" data-end=\"1827\"><strong data-start=\"1778\" data-end=\"1825\">Comparution imm\u00e9diate pour les principaux suspects<\/strong><\/h3>\n<p data-start=\"1829\" data-end=\"2120\" data-is-last-node=\"\">Apr\u00e8s leur <strong data-start=\"1840\" data-end=\"1855\">garde \u00e0 vue<\/strong>, le <strong data-start=\"1860\" data-end=\"1883\">dirigeant du r\u00e9seau<\/strong> et sa <strong data-start=\"1890\" data-end=\"1902\">compagne<\/strong> ont \u00e9t\u00e9 pr\u00e9sent\u00e9s au <strong data-start=\"1924\" data-end=\"1936\">tribunal<\/strong> en <strong data-start=\"1940\" data-end=\"1965\">comparution imm\u00e9diate<\/strong> ce <strong data-start=\"1969\" data-end=\"1987\">vendredi matin<\/strong>. Les <strong data-start=\"1993\" data-end=\"2019\">4 revendeurs impliqu\u00e9s<\/strong> font quant \u00e0 eux l&rsquo;objet de <strong data-start=\"2048\" data-end=\"2108\">comparutions sur reconnaissance pr\u00e9alable de culpabilit\u00e9<\/strong> \u2013 <strong data-start=\"2111\" data-end=\"2119\">CRPC<\/strong>.<\/p>\n<\/div>\n<\/div>\n<\/div>\n<\/div>\n<p>J.J.<\/p>\n","protected":false},"excerpt":{"rendered":"<p>C&rsquo;est un beau coup de filet qu&rsquo;a r\u00e9alis\u00e9 le commissariat de Police Nationale de Saint-Di\u00e9-des-Vosges en d\u00e9but de semaine. Un [&hellip;]<\/p>\n","protected":false},"author":46,"featured_media":128417,"comment_status":"open","ping_status":"open","sticky":false,"template":"","format":"standard","meta":{"footnotes":""},"categories":[22,24,6056,6057,6055,6127,5],"tags":[16073,2017],"class_list":["post-128416","post","type-post","status-publish","format-standard","has-post-thumbnail","hentry","category-a-la-une","category-epinal","category-gerardmer","category-la-plaine-des-vosges","category-remiremont","category-saint-die-des-vosges-et-son-agglomeration","category-vosges","tag-commissariat-de-police-nationale-de-saint-die-des-vosges","tag-police-nationale"],"acf":[],"yoast_head":"<!-- This site is optimized with the Yoast SEO plugin v22.5 - https:\/\/yoast.com\/wordpress\/plugins\/seo\/ -->\n<title>La Police Nationale d\u00e9mant\u00e8le un trafic de stup\u00e9fiants bas\u00e9 en D\u00e9odatie - Epinal Info<\/title>\n<meta name=\"robots\" content=\"index, follow, max-snippet:-1, max-image-preview:large, max-video-preview:-1\" \/>\n<link rel=\"canonical\" href=\"https:\/\/vosgesinfo.fr\/epinalinfo\/2025\/02\/la-police-nationale-demantele-un-trafic-de-stupefiants-base-en-deodatie\/\" \/>\n<meta name=\"twitter:card\" content=\"summary_large_image\" \/>\n<meta name=\"twitter:title\" content=\"La Police Nationale d\u00e9mant\u00e8le un trafic de stup\u00e9fiants bas\u00e9 en D\u00e9odatie - Epinal Info\" \/>\n<meta name=\"twitter:description\" content=\"C&rsquo;est un beau coup de filet qu&rsquo;a r\u00e9alis\u00e9 le commissariat de Police Nationale de Saint-Di\u00e9-des-Vosges en d\u00e9but de semaine. Un [&hellip;]\" \/>\n<meta name=\"twitter:image\" content=\"https:\/\/vosgesinfo.fr\/app\/uploads\/sites\/3\/2025\/02\/police-nationale-01.jpg\" \/>\n<meta name=\"twitter:creator\" content=\"@VosgesInfo88\" \/>\n<meta name=\"twitter:site\" content=\"@VosgesInfo88\" \/>\n<meta name=\"twitter:label1\" content=\"\u00c9crit par\" \/>\n\t<meta name=\"twitter:data1\" content=\"J.J.\" \/>\n\t<meta name=\"twitter:label2\" content=\"Dur\u00e9e de lecture estim\u00e9e\" \/>\n\t<meta name=\"twitter:data2\" content=\"2 minutes\" \/>\n<script type=\"application\/ld+json\" class=\"yoast-schema-graph\">{\"@context\":\"https:\/\/schema.org\",\"@graph\":[{\"@type\":\"Article\",\"@id\":\"https:\/\/vosgesinfo.fr\/epinalinfo\/2025\/02\/la-police-nationale-demantele-un-trafic-de-stupefiants-base-en-deodatie\/#article\",\"isPartOf\":{\"@id\":\"https:\/\/vosgesinfo.fr\/epinalinfo\/2025\/02\/la-police-nationale-demantele-un-trafic-de-stupefiants-base-en-deodatie\/\"},\"author\":{\"name\":\"J.J.\",\"@id\":\"https:\/\/vosgesinfo.fr\/epinalinfo\/#\/schema\/person\/fa73e9f726d67bb88f46d5b7943cb572\"},\"headline\":\"La Police Nationale d\u00e9mant\u00e8le un trafic de stup\u00e9fiants bas\u00e9 en D\u00e9odatie\",\"datePublished\":\"2025-02-14T13:10:33+00:00\",\"dateModified\":\"2025-02-14T13:10:33+00:00\",\"mainEntityOfPage\":{\"@id\":\"https:\/\/vosgesinfo.fr\/epinalinfo\/2025\/02\/la-police-nationale-demantele-un-trafic-de-stupefiants-base-en-deodatie\/\"},\"wordCount\":325,\"commentCount\":2,\"publisher\":{\"@id\":\"https:\/\/vosgesinfo.fr\/epinalinfo\/#organization\"},\"image\":{\"@id\":\"https:\/\/vosgesinfo.fr\/epinalinfo\/2025\/02\/la-police-nationale-demantele-un-trafic-de-stupefiants-base-en-deodatie\/#primaryimage\"},\"thumbnailUrl\":\"https:\/\/vosgesinfo.fr\/app\/uploads\/sites\/3\/2025\/02\/police-nationale-01.jpg\",\"keywords\":[\"Commissariat de Police Nationale de Saint-Di\u00e9-des-Vosges\",\"police nationale\"],\"articleSection\":[\"A la Une\",\"Epinal\",\"Gerardmer\",\"La plaine des vosges\",\"Remiremont\",\"Saint-Di\u00e9-des-Vosges et son Agglom\u00e9ration\",\"Vosges\"],\"inLanguage\":\"fr-FR\",\"potentialAction\":[{\"@type\":\"CommentAction\",\"name\":\"Comment\",\"target\":[\"https:\/\/vosgesinfo.fr\/epinalinfo\/2025\/02\/la-police-nationale-demantele-un-trafic-de-stupefiants-base-en-deodatie\/#respond\"]}]},{\"@type\":\"WebPage\",\"@id\":\"https:\/\/vosgesinfo.fr\/epinalinfo\/2025\/02\/la-police-nationale-demantele-un-trafic-de-stupefiants-base-en-deodatie\/\",\"url\":\"https:\/\/vosgesinfo.fr\/epinalinfo\/2025\/02\/la-police-nationale-demantele-un-trafic-de-stupefiants-base-en-deodatie\/\",\"name\":\"La Police Nationale d\u00e9mant\u00e8le un trafic de stup\u00e9fiants bas\u00e9 en D\u00e9odatie - Epinal Info\",\"isPartOf\":{\"@id\":\"https:\/\/vosgesinfo.fr\/epinalinfo\/#website\"},\"primaryImageOfPage\":{\"@id\":\"https:\/\/vosgesinfo.fr\/epinalinfo\/2025\/02\/la-police-nationale-demantele-un-trafic-de-stupefiants-base-en-deodatie\/#primaryimage\"},\"image\":{\"@id\":\"https:\/\/vosgesinfo.fr\/epinalinfo\/2025\/02\/la-police-nationale-demantele-un-trafic-de-stupefiants-base-en-deodatie\/#primaryimage\"},\"thumbnailUrl\":\"https:\/\/vosgesinfo.fr\/app\/uploads\/sites\/3\/2025\/02\/police-nationale-01.jpg\",\"datePublished\":\"2025-02-14T13:10:33+00:00\",\"dateModified\":\"2025-02-14T13:10:33+00:00\",\"breadcrumb\":{\"@id\":\"https:\/\/vosgesinfo.fr\/epinalinfo\/2025\/02\/la-police-nationale-demantele-un-trafic-de-stupefiants-base-en-deodatie\/#breadcrumb\"},\"inLanguage\":\"fr-FR\",\"potentialAction\":[{\"@type\":\"ReadAction\",\"target\":[\"https:\/\/vosgesinfo.fr\/epinalinfo\/2025\/02\/la-police-nationale-demantele-un-trafic-de-stupefiants-base-en-deodatie\/\"]}]},{\"@type\":\"ImageObject\",\"inLanguage\":\"fr-FR\",\"@id\":\"https:\/\/vosgesinfo.fr\/epinalinfo\/2025\/02\/la-police-nationale-demantele-un-trafic-de-stupefiants-base-en-deodatie\/#primaryimage\",\"url\":\"https:\/\/vosgesinfo.fr\/app\/uploads\/sites\/3\/2025\/02\/police-nationale-01.jpg\",\"contentUrl\":\"https:\/\/vosgesinfo.fr\/app\/uploads\/sites\/3\/2025\/02\/police-nationale-01.jpg\",\"width\":1024,\"height\":576},{\"@type\":\"BreadcrumbList\",\"@id\":\"https:\/\/vosgesinfo.fr\/epinalinfo\/2025\/02\/la-police-nationale-demantele-un-trafic-de-stupefiants-base-en-deodatie\/#breadcrumb\",\"itemListElement\":[{\"@type\":\"ListItem\",\"position\":1,\"name\":\"Home\",\"item\":\"https:\/\/vosgesinfo.fr\/epinalinfo\/\"},{\"@type\":\"ListItem\",\"position\":2,\"name\":\"La Police Nationale d\u00e9mant\u00e8le un trafic de stup\u00e9fiants bas\u00e9 en D\u00e9odatie\"}]},{\"@type\":\"WebSite\",\"@id\":\"https:\/\/vosgesinfo.fr\/epinalinfo\/#website\",\"url\":\"https:\/\/vosgesinfo.fr\/epinalinfo\/\",\"name\":\"Epinal Info\",\"description\":\"Toute l&#039;actualit\u00e9 d&#039;\u00c9pinal\",\"publisher\":{\"@id\":\"https:\/\/vosgesinfo.fr\/epinalinfo\/#organization\"},\"alternateName\":\"Toute l'actualit\u00e9 d'\u00c9pinal\",\"potentialAction\":[{\"@type\":\"SearchAction\",\"target\":{\"@type\":\"EntryPoint\",\"urlTemplate\":\"https:\/\/vosgesinfo.fr\/epinalinfo\/?s={search_term_string}\"},\"query-input\":\"required name=search_term_string\"}],\"inLanguage\":\"fr-FR\"},{\"@type\":\"Organization\",\"@id\":\"https:\/\/vosgesinfo.fr\/epinalinfo\/#organization\",\"name\":\"Epinal Info\",\"url\":\"https:\/\/vosgesinfo.fr\/epinalinfo\/\",\"logo\":{\"@type\":\"ImageObject\",\"inLanguage\":\"fr-FR\",\"@id\":\"https:\/\/vosgesinfo.fr\/epinalinfo\/#\/schema\/logo\/image\/\",\"url\":\"https:\/\/vosgesinfo.fr\/app\/uploads\/sites\/3\/2023\/08\/logo-epinalinfos.svg\",\"contentUrl\":\"https:\/\/vosgesinfo.fr\/app\/uploads\/sites\/3\/2023\/08\/logo-epinalinfos.svg\",\"width\":1,\"height\":1,\"caption\":\"Epinal Info\"},\"image\":{\"@id\":\"https:\/\/vosgesinfo.fr\/epinalinfo\/#\/schema\/logo\/image\/\"},\"sameAs\":[\"https:\/\/www.facebook.com\/Epinalinfos\",\"https:\/\/x.com\/VosgesInfo88\",\"https:\/\/www.youtube.com\/@vosgesinfo\"]},{\"@type\":\"Person\",\"@id\":\"https:\/\/vosgesinfo.fr\/epinalinfo\/#\/schema\/person\/fa73e9f726d67bb88f46d5b7943cb572\",\"name\":\"J.J.\",\"image\":{\"@type\":\"ImageObject\",\"inLanguage\":\"fr-FR\",\"@id\":\"https:\/\/vosgesinfo.fr\/epinalinfo\/#\/schema\/person\/image\/\",\"url\":\"https:\/\/secure.gravatar.com\/avatar\/219e749e47ffbcca018a360ae4add7d4cdf1cdaaf8bc7676b27efade3fe65615?s=96&d=mm&r=g\",\"contentUrl\":\"https:\/\/secure.gravatar.com\/avatar\/219e749e47ffbcca018a360ae4add7d4cdf1cdaaf8bc7676b27efade3fe65615?s=96&d=mm&r=g\",\"caption\":\"J.J.\"},\"url\":\"https:\/\/vosgesinfo.fr\/epinalinfo\/author\/j-j\/\"}]}<\/script>\n<!-- \/ Yoast SEO plugin. -->","yoast_head_json":{"title":"La Police Nationale d\u00e9mant\u00e8le un trafic de stup\u00e9fiants bas\u00e9 en D\u00e9odatie - Epinal Info","robots":{"index":"index","follow":"follow","max-snippet":"max-snippet:-1","max-image-preview":"max-image-preview:large","max-video-preview":"max-video-preview:-1"},"canonical":"https:\/\/vosgesinfo.fr\/epinalinfo\/2025\/02\/la-police-nationale-demantele-un-trafic-de-stupefiants-base-en-deodatie\/","twitter_card":"summary_large_image","twitter_title":"La Police Nationale d\u00e9mant\u00e8le un trafic de stup\u00e9fiants bas\u00e9 en D\u00e9odatie - Epinal Info","twitter_description":"C&rsquo;est un beau coup de filet qu&rsquo;a r\u00e9alis\u00e9 le commissariat de Police Nationale de Saint-Di\u00e9-des-Vosges en d\u00e9but de semaine. Un [&hellip;]","twitter_image":"https:\/\/vosgesinfo.fr\/app\/uploads\/sites\/3\/2025\/02\/police-nationale-01.jpg","twitter_creator":"@VosgesInfo88","twitter_site":"@VosgesInfo88","twitter_misc":{"\u00c9crit par":"J.J.","Dur\u00e9e de lecture estim\u00e9e":"2 minutes"},"schema":{"@context":"https:\/\/schema.org","@graph":[{"@type":"Article","@id":"https:\/\/vosgesinfo.fr\/epinalinfo\/2025\/02\/la-police-nationale-demantele-un-trafic-de-stupefiants-base-en-deodatie\/#article","isPartOf":{"@id":"https:\/\/vosgesinfo.fr\/epinalinfo\/2025\/02\/la-police-nationale-demantele-un-trafic-de-stupefiants-base-en-deodatie\/"},"author":{"name":"J.J.","@id":"https:\/\/vosgesinfo.fr\/epinalinfo\/#\/schema\/person\/fa73e9f726d67bb88f46d5b7943cb572"},"headline":"La Police Nationale d\u00e9mant\u00e8le un trafic de stup\u00e9fiants bas\u00e9 en D\u00e9odatie","datePublished":"2025-02-14T13:10:33+00:00","dateModified":"2025-02-14T13:10:33+00:00","mainEntityOfPage":{"@id":"https:\/\/vosgesinfo.fr\/epinalinfo\/2025\/02\/la-police-nationale-demantele-un-trafic-de-stupefiants-base-en-deodatie\/"},"wordCount":325,"commentCount":2,"publisher":{"@id":"https:\/\/vosgesinfo.fr\/epinalinfo\/#organization"},"image":{"@id":"https:\/\/vosgesinfo.fr\/epinalinfo\/2025\/02\/la-police-nationale-demantele-un-trafic-de-stupefiants-base-en-deodatie\/#primaryimage"},"thumbnailUrl":"https:\/\/vosgesinfo.fr\/app\/uploads\/sites\/3\/2025\/02\/police-nationale-01.jpg","keywords":["Commissariat de Police Nationale de Saint-Di\u00e9-des-Vosges","police nationale"],"articleSection":["A la Une","Epinal","Gerardmer","La plaine des vosges","Remiremont","Saint-Di\u00e9-des-Vosges et son Agglom\u00e9ration","Vosges"],"inLanguage":"fr-FR","potentialAction":[{"@type":"CommentAction","name":"Comment","target":["https:\/\/vosgesinfo.fr\/epinalinfo\/2025\/02\/la-police-nationale-demantele-un-trafic-de-stupefiants-base-en-deodatie\/#respond"]}]},{"@type":"WebPage","@id":"https:\/\/vosgesinfo.fr\/epinalinfo\/2025\/02\/la-police-nationale-demantele-un-trafic-de-stupefiants-base-en-deodatie\/","url":"https:\/\/vosgesinfo.fr\/epinalinfo\/2025\/02\/la-police-nationale-demantele-un-trafic-de-stupefiants-base-en-deodatie\/","name":"La Police Nationale d\u00e9mant\u00e8le un trafic de stup\u00e9fiants bas\u00e9 en D\u00e9odatie - Epinal Info","isPartOf":{"@id":"https:\/\/vosgesinfo.fr\/epinalinfo\/#website"},"primaryImageOfPage":{"@id":"https:\/\/vosgesinfo.fr\/epinalinfo\/2025\/02\/la-police-nationale-demantele-un-trafic-de-stupefiants-base-en-deodatie\/#primaryimage"},"image":{"@id":"https:\/\/vosgesinfo.fr\/epinalinfo\/2025\/02\/la-police-nationale-demantele-un-trafic-de-stupefiants-base-en-deodatie\/#primaryimage"},"thumbnailUrl":"https:\/\/vosgesinfo.fr\/app\/uploads\/sites\/3\/2025\/02\/police-nationale-01.jpg","datePublished":"2025-02-14T13:10:33+00:00","dateModified":"2025-02-14T13:10:33+00:00","breadcrumb":{"@id":"https:\/\/vosgesinfo.fr\/epinalinfo\/2025\/02\/la-police-nationale-demantele-un-trafic-de-stupefiants-base-en-deodatie\/#breadcrumb"},"inLanguage":"fr-FR","potentialAction":[{"@type":"ReadAction","target":["https:\/\/vosgesinfo.fr\/epinalinfo\/2025\/02\/la-police-nationale-demantele-un-trafic-de-stupefiants-base-en-deodatie\/"]}]},{"@type":"ImageObject","inLanguage":"fr-FR","@id":"https:\/\/vosgesinfo.fr\/epinalinfo\/2025\/02\/la-police-nationale-demantele-un-trafic-de-stupefiants-base-en-deodatie\/#primaryimage","url":"https:\/\/vosgesinfo.fr\/app\/uploads\/sites\/3\/2025\/02\/police-nationale-01.jpg","contentUrl":"https:\/\/vosgesinfo.fr\/app\/uploads\/sites\/3\/2025\/02\/police-nationale-01.jpg","width":1024,"height":576},{"@type":"BreadcrumbList","@id":"https:\/\/vosgesinfo.fr\/epinalinfo\/2025\/02\/la-police-nationale-demantele-un-trafic-de-stupefiants-base-en-deodatie\/#breadcrumb","itemListElement":[{"@type":"ListItem","position":1,"name":"Home","item":"https:\/\/vosgesinfo.fr\/epinalinfo\/"},{"@type":"ListItem","position":2,"name":"La Police Nationale d\u00e9mant\u00e8le un trafic de stup\u00e9fiants bas\u00e9 en D\u00e9odatie"}]},{"@type":"WebSite","@id":"https:\/\/vosgesinfo.fr\/epinalinfo\/#website","url":"https:\/\/vosgesinfo.fr\/epinalinfo\/","name":"Epinal Info","description":"Toute l&#039;actualit\u00e9 d&#039;\u00c9pinal","publisher":{"@id":"https:\/\/vosgesinfo.fr\/epinalinfo\/#organization"},"alternateName":"Toute l'actualit\u00e9 d'\u00c9pinal","potentialAction":[{"@type":"SearchAction","target":{"@type":"EntryPoint","urlTemplate":"https:\/\/vosgesinfo.fr\/epinalinfo\/?s={search_term_string}"},"query-input":"required name=search_term_string"}],"inLanguage":"fr-FR"},{"@type":"Organization","@id":"https:\/\/vosgesinfo.fr\/epinalinfo\/#organization","name":"Epinal Info","url":"https:\/\/vosgesinfo.fr\/epinalinfo\/","logo":{"@type":"ImageObject","inLanguage":"fr-FR","@id":"https:\/\/vosgesinfo.fr\/epinalinfo\/#\/schema\/logo\/image\/","url":"https:\/\/vosgesinfo.fr\/app\/uploads\/sites\/3\/2023\/08\/logo-epinalinfos.svg","contentUrl":"https:\/\/vosgesinfo.fr\/app\/uploads\/sites\/3\/2023\/08\/logo-epinalinfos.svg","width":1,"height":1,"caption":"Epinal Info"},"image":{"@id":"https:\/\/vosgesinfo.fr\/epinalinfo\/#\/schema\/logo\/image\/"},"sameAs":["https:\/\/www.facebook.com\/Epinalinfos","https:\/\/x.com\/VosgesInfo88","https:\/\/www.youtube.com\/@vosgesinfo"]},{"@type":"Person","@id":"https:\/\/vosgesinfo.fr\/epinalinfo\/#\/schema\/person\/fa73e9f726d67bb88f46d5b7943cb572","name":"J.J.","image":{"@type":"ImageObject","inLanguage":"fr-FR","@id":"https:\/\/vosgesinfo.fr\/epinalinfo\/#\/schema\/person\/image\/","url":"https:\/\/secure.gravatar.com\/avatar\/219e749e47ffbcca018a360ae4add7d4cdf1cdaaf8bc7676b27efade3fe65615?s=96&d=mm&r=g","contentUrl":"https:\/\/secure.gravatar.com\/avatar\/219e749e47ffbcca018a360ae4add7d4cdf1cdaaf8bc7676b27efade3fe65615?s=96&d=mm&r=g","caption":"J.J."},"url":"https:\/\/vosgesinfo.fr\/epinalinfo\/author\/j-j\/"}]}},"_links":{"self":[{"href":"https:\/\/vosgesinfo.fr\/epinalinfo\/wp-json\/wp\/v2\/posts\/128416","targetHints":{"allow":["GET"]}}],"collection":[{"href":"https:\/\/vosgesinfo.fr\/epinalinfo\/wp-json\/wp\/v2\/posts"}],"about":[{"href":"https:\/\/vosgesinfo.fr\/epinalinfo\/wp-json\/wp\/v2\/types\/post"}],"author":[{"embeddable":true,"href":"https:\/\/vosgesinfo.fr\/epinalinfo\/wp-json\/wp\/v2\/users\/46"}],"replies":[{"embeddable":true,"href":"https:\/\/vosgesinfo.fr\/epinalinfo\/wp-json\/wp\/v2\/comments?post=128416"}],"version-history":[{"count":0,"href":"https:\/\/vosgesinfo.fr\/epinalinfo\/wp-json\/wp\/v2\/posts\/128416\/revisions"}],"wp:featuredmedia":[{"embeddable":true,"href":"https:\/\/vosgesinfo.fr\/epinalinfo\/wp-json\/wp\/v2\/media\/128417"}],"wp:attachment":[{"href":"https:\/\/vosgesinfo.fr\/epinalinfo\/wp-json\/wp\/v2\/media?parent=128416"}],"wp:term":[{"taxonomy":"category","embeddable":true,"href":"https:\/\/vosgesinfo.fr\/epinalinfo\/wp-json\/wp\/v2\/categories?post=128416"},{"taxonomy":"post_tag","embeddable":true,"href":"https:\/\/vosgesinfo.fr\/epinalinfo\/wp-json\/wp\/v2\/tags?post=128416"}],"curies":[{"name":"wp","href":"https:\/\/api.w.org\/{rel}","templated":true}]}}