{"id":128418,"date":"2025-02-14T15:10:44","date_gmt":"2025-02-14T14:10:44","guid":{"rendered":"https:\/\/vosgesinfo.fr\/epinalinfo\/?p=128418"},"modified":"2025-02-14T15:10:44","modified_gmt":"2025-02-14T14:10:44","slug":"saint-valentin-claudette-et-christian-une-histoire-damour-de-plus-de-60-ans","status":"publish","type":"post","link":"https:\/\/vosgesinfo.fr\/epinalinfo\/2025\/02\/saint-valentin-claudette-et-christian-une-histoire-damour-de-plus-de-60-ans\/","title":{"rendered":"Saint-Valentin\u00a0: Claudette et Christian, une histoire d&rsquo;amour de plus de 60 ans !"},"content":{"rendered":"<div id=\"attachment_74025\" style=\"width: 1034px\" class=\"wp-caption alignnone\"><a href=\"https:\/\/vosgesinfo.fr\/app\/uploads\/sites\/4\/2025\/02\/saint-valentin-hmv-claudettechristian.jpg\"><img decoding=\"async\" aria-describedby=\"caption-attachment-74025\" class=\"size-large wp-image-74025\" src=\"https:\/\/vosgesinfo.fr\/app\/uploads\/sites\/4\/2025\/02\/saint-valentin-hmv-claudettechristian-1024x768.jpg\" alt=\"\" width=\"1024\" height=\"768\" \/><\/a><p id=\"caption-attachment-74025\" class=\"wp-caption-text\">(Photographie H\u00f4pitaux du Massif des Vosges)<\/p><\/div>\n<h2 data-start=\"44\" data-end=\"436\">C&rsquo;est <strong data-start=\"50\" data-end=\"83\">aujourd\u2019hui la Saint-Valentin<\/strong>, en ce <strong data-start=\"91\" data-end=\"114\">vendredi 14 f\u00e9vrier<\/strong>. \u00c0 cette occasion, les <strong data-start=\"138\" data-end=\"177\">H\u00f4pitaux du Massif des Vosges \u2013 HMV <\/strong><strong data-start=\"138\" data-end=\"177\">\u2013 <\/strong>mettent un coup de projecteur sur la <strong data-start=\"215\" data-end=\"233\">belle histoire<\/strong> de <strong data-start=\"237\" data-end=\"269\">Claudette et Christian Billy<\/strong>. \u00c2g\u00e9s de respectivement <strong data-start=\"294\" data-end=\"310\">83 et 86 ans<\/strong>, ces <strong data-start=\"316\" data-end=\"334\">deux r\u00e9sidents<\/strong> de l&rsquo;<strong data-start=\"340\" data-end=\"363\">EHPAD de Foucharupt<\/strong> partagent une <strong data-start=\"378\" data-end=\"398\">histoire d&rsquo;amour<\/strong> qui dure <strong data-start=\"408\" data-end=\"433\">depuis plus de 60 ans<\/strong>.<\/h2>\n<p data-start=\"44\" data-end=\"436\"><!--more--><\/p>\n<h3 data-start=\"438\" data-end=\"477\">Un coup de foudre dans la Marne<\/h3>\n<p data-start=\"478\" data-end=\"1013\">Leur <strong data-start=\"483\" data-end=\"495\">histoire<\/strong> commence dans la <strong data-start=\"513\" data-end=\"522\">Marne<\/strong>, lors d&rsquo;une soir\u00e9e o\u00f9 <strong data-start=\"545\" data-end=\"558\">Claudette<\/strong>, originaire de <strong data-start=\"574\" data-end=\"587\">Champagne<\/strong>, rencontre <strong data-start=\"599\" data-end=\"612\">Christian<\/strong>, venu de <strong data-start=\"622\" data-end=\"640\">Seine-et-Marne<\/strong>. C&rsquo;est le <strong data-start=\"651\" data-end=\"669\">coup de foudre<\/strong>. Deux ans plus tard, ils se <strong data-start=\"698\" data-end=\"709\">marient<\/strong> et s&rsquo;installent dans la <strong data-start=\"734\" data-end=\"753\">ferme familiale<\/strong> de Claudette. <strong data-start=\"768\" data-end=\"810\">Quatri\u00e8me d&rsquo;une fratrie de six gar\u00e7ons<\/strong>, Christian est le <strong data-start=\"829\" data-end=\"837\">seul<\/strong> \u00e0 rester dans le <strong data-start=\"855\" data-end=\"875\">domaine agricole<\/strong>. <strong data-start=\"877\" data-end=\"922\">Claudette, passionn\u00e9e par la comptabilit\u00e9<\/strong>, s\u2019investit dans l&rsquo;<strong data-start=\"942\" data-end=\"958\">exploitation<\/strong> tout en prenant en charge la <strong data-start=\"988\" data-end=\"1010\">gestion financi\u00e8re<\/strong>.<\/p>\n<h3 data-start=\"1015\" data-end=\"1056\">Travail \u00e0 la ferme, vie de famille et engagement citoyen<\/h3>\n<p data-start=\"1057\" data-end=\"1425\">Le <strong data-start=\"1060\" data-end=\"1093\">couple traverse les d\u00e9cennies<\/strong>, partageant leur <strong data-start=\"1111\" data-end=\"1133\">travail \u00e0 la ferme<\/strong> et leur <strong data-start=\"1142\" data-end=\"1160\">vie de famille<\/strong>, tout en \u00e9levant <strong data-start=\"1178\" data-end=\"1195\">trois enfants<\/strong>. Claudette s&rsquo;engage \u00e9galement en <strong data-start=\"1229\" data-end=\"1249\">politique locale<\/strong>, devenant <strong data-start=\"1260\" data-end=\"1286\">conseill\u00e8re municipale<\/strong> durant <strong data-start=\"1294\" data-end=\"1310\">deux mandats<\/strong>. Cette exp\u00e9rience lui apporte une <strong data-start=\"1345\" data-end=\"1375\">nouvelle confiance en elle<\/strong> et lui permet de <strong data-start=\"1393\" data-end=\"1422\">s&rsquo;affirmer face \u00e0 sa m\u00e8re<\/strong>.<\/p>\n<h3 data-start=\"1427\" data-end=\"1458\">Un tournant \u00e0 la retraite<\/h3>\n<p data-start=\"1459\" data-end=\"1892\">\u00c0 l\u2019\u00e2ge de <strong data-start=\"1470\" data-end=\"1480\">60 ans<\/strong>, Claudette et Christian <strong data-start=\"1505\" data-end=\"1527\">vendent leur ferme<\/strong> pour profiter d\u2019une <strong data-start=\"1548\" data-end=\"1573\">retraite bien m\u00e9rit\u00e9e<\/strong>. Ils s\u2019installent d\u2019abord en <strong data-start=\"1603\" data-end=\"1616\">Champagne<\/strong>, avant de d\u00e9m\u00e9nager en <strong data-start=\"1640\" data-end=\"1652\">D\u00e9odatie<\/strong> afin de <strong data-start=\"1661\" data-end=\"1695\">se rapprocher de leurs enfants<\/strong>. Mais des <strong data-start=\"1706\" data-end=\"1728\">probl\u00e8mes de sant\u00e9<\/strong>, notamment plusieurs <strong data-start=\"1750\" data-end=\"1757\">AVC<\/strong> pour <strong data-start=\"1763\" data-end=\"1776\">Christian<\/strong> et des <strong data-start=\"1784\" data-end=\"1794\">chutes<\/strong> pour <strong data-start=\"1800\" data-end=\"1813\">Claudette<\/strong>, les poussent \u00e0 rejoindre l&rsquo;<strong data-start=\"1842\" data-end=\"1865\">EHPAD de Foucharupt<\/strong>, le <strong data-start=\"1870\" data-end=\"1889\">23 juillet 2024<\/strong>.<\/p>\n<h3 data-start=\"1894\" data-end=\"1930\">Une rapide adaptation \u00e0 la vie en EHPAD<\/h3>\n<p data-start=\"1931\" data-end=\"2318\" data-is-last-node=\"\">Install\u00e9s dans la <strong data-start=\"1949\" data-end=\"1965\">m\u00eame chambre<\/strong>, ils s&rsquo;<strong data-start=\"1973\" data-end=\"1996\">adaptent rapidement<\/strong> \u00e0 leur nouvel environnement. Claudette participe activement aux <strong data-start=\"2061\" data-end=\"2074\">activit\u00e9s<\/strong> et aux <strong data-start=\"2082\" data-end=\"2096\">animations<\/strong>, tandis que Christian, plus <strong data-start=\"2125\" data-end=\"2136\">discret<\/strong>, la <strong data-start=\"2141\" data-end=\"2169\">rejoint selon ses envies<\/strong>. Ce <strong data-start=\"2174\" data-end=\"2197\">vendredi 14 f\u00e9vrier<\/strong>, ils c\u00e9l\u00e8brent ensemble la <strong data-start=\"2225\" data-end=\"2243\">Saint-Valentin<\/strong> lors du <strong data-start=\"2252\" data-end=\"2268\">repas annuel<\/strong> organis\u00e9 pour les <strong data-start=\"2287\" data-end=\"2317\">couples de l\u2019\u00e9tablissement<\/strong>.<\/p>\n<p data-start=\"1931\" data-end=\"2318\" data-is-last-node=\"\">J.J.<\/p>\n","protected":false},"excerpt":{"rendered":"<p>C&rsquo;est aujourd\u2019hui la Saint-Valentin, en ce vendredi 14 f\u00e9vrier. \u00c0 cette occasion, les H\u00f4pitaux du Massif des Vosges \u2013 HMV [&hellip;]<\/p>\n","protected":false},"author":46,"featured_media":128419,"comment_status":"open","ping_status":"open","sticky":false,"template":"","format":"standard","meta":{"footnotes":""},"categories":[22,24,6056,6057,6055,5],"tags":[16074,16075,16076,16077,1429,16078],"class_list":["post-128418","post","type-post","status-publish","format-standard","has-post-thumbnail","hentry","category-a-la-une","category-epinal","category-gerardmer","category-la-plaine-des-vosges","category-remiremont","category-vosges","tag-claudette-et-christian-billy","tag-ehpad-de-foucharupt","tag-hmv","tag-hopitaux-du-massif-des-vosges","tag-saint-valentin","tag-saint-valentin-2025"],"acf":[],"yoast_head":"<!-- This site is optimized with the Yoast SEO plugin v22.5 - https:\/\/yoast.com\/wordpress\/plugins\/seo\/ -->\n<title>Saint-Valentin\u00a0: Claudette et Christian, une histoire d&#039;amour de plus de 60 ans ! - Epinal Info<\/title>\n<meta name=\"robots\" content=\"index, follow, max-snippet:-1, max-image-preview:large, max-video-preview:-1\" \/>\n<link rel=\"canonical\" href=\"https:\/\/vosgesinfo.fr\/epinalinfo\/2025\/02\/saint-valentin-claudette-et-christian-une-histoire-damour-de-plus-de-60-ans\/\" \/>\n<meta name=\"twitter:card\" content=\"summary_large_image\" \/>\n<meta name=\"twitter:title\" content=\"Saint-Valentin\u00a0: Claudette et Christian, une histoire d&#039;amour de plus de 60 ans ! - Epinal Info\" \/>\n<meta name=\"twitter:description\" content=\"C&rsquo;est aujourd\u2019hui la Saint-Valentin, en ce vendredi 14 f\u00e9vrier. \u00c0 cette occasion, les H\u00f4pitaux du Massif des Vosges \u2013 HMV [&hellip;]\" \/>\n<meta name=\"twitter:image\" content=\"https:\/\/vosgesinfo.fr\/app\/uploads\/sites\/3\/2025\/02\/saint-valentin-hmv-claudettechristian.jpg\" \/>\n<meta name=\"twitter:creator\" content=\"@VosgesInfo88\" \/>\n<meta name=\"twitter:site\" content=\"@VosgesInfo88\" \/>\n<meta name=\"twitter:label1\" content=\"\u00c9crit par\" \/>\n\t<meta name=\"twitter:data1\" content=\"J.J.\" \/>\n\t<meta name=\"twitter:label2\" content=\"Dur\u00e9e de lecture estim\u00e9e\" \/>\n\t<meta name=\"twitter:data2\" content=\"2 minutes\" \/>\n<script type=\"application\/ld+json\" class=\"yoast-schema-graph\">{\"@context\":\"https:\/\/schema.org\",\"@graph\":[{\"@type\":\"Article\",\"@id\":\"https:\/\/vosgesinfo.fr\/epinalinfo\/2025\/02\/saint-valentin-claudette-et-christian-une-histoire-damour-de-plus-de-60-ans\/#article\",\"isPartOf\":{\"@id\":\"https:\/\/vosgesinfo.fr\/epinalinfo\/2025\/02\/saint-valentin-claudette-et-christian-une-histoire-damour-de-plus-de-60-ans\/\"},\"author\":{\"name\":\"J.J.\",\"@id\":\"https:\/\/vosgesinfo.fr\/epinalinfo\/#\/schema\/person\/fa73e9f726d67bb88f46d5b7943cb572\"},\"headline\":\"Saint-Valentin\u00a0: Claudette et Christian, une histoire d&rsquo;amour de plus de 60 ans !\",\"datePublished\":\"2025-02-14T14:10:44+00:00\",\"dateModified\":\"2025-02-14T14:10:44+00:00\",\"mainEntityOfPage\":{\"@id\":\"https:\/\/vosgesinfo.fr\/epinalinfo\/2025\/02\/saint-valentin-claudette-et-christian-une-histoire-damour-de-plus-de-60-ans\/\"},\"wordCount\":373,\"commentCount\":0,\"publisher\":{\"@id\":\"https:\/\/vosgesinfo.fr\/epinalinfo\/#organization\"},\"image\":{\"@id\":\"https:\/\/vosgesinfo.fr\/epinalinfo\/2025\/02\/saint-valentin-claudette-et-christian-une-histoire-damour-de-plus-de-60-ans\/#primaryimage\"},\"thumbnailUrl\":\"https:\/\/vosgesinfo.fr\/app\/uploads\/sites\/3\/2025\/02\/saint-valentin-hmv-claudettechristian.jpg\",\"keywords\":[\"Claudette et Christian Billy\",\"EHPAD de Foucharupt\",\"HMV\",\"H\u00f4pitaux du Massif des Vosges\",\"Saint Valentin\",\"Saint-Valentin 2025\"],\"articleSection\":[\"A la Une\",\"Epinal\",\"Gerardmer\",\"La plaine des vosges\",\"Remiremont\",\"Vosges\"],\"inLanguage\":\"fr-FR\",\"potentialAction\":[{\"@type\":\"CommentAction\",\"name\":\"Comment\",\"target\":[\"https:\/\/vosgesinfo.fr\/epinalinfo\/2025\/02\/saint-valentin-claudette-et-christian-une-histoire-damour-de-plus-de-60-ans\/#respond\"]}]},{\"@type\":\"WebPage\",\"@id\":\"https:\/\/vosgesinfo.fr\/epinalinfo\/2025\/02\/saint-valentin-claudette-et-christian-une-histoire-damour-de-plus-de-60-ans\/\",\"url\":\"https:\/\/vosgesinfo.fr\/epinalinfo\/2025\/02\/saint-valentin-claudette-et-christian-une-histoire-damour-de-plus-de-60-ans\/\",\"name\":\"Saint-Valentin\u00a0: Claudette et Christian, une histoire d'amour de plus de 60 ans ! - Epinal Info\",\"isPartOf\":{\"@id\":\"https:\/\/vosgesinfo.fr\/epinalinfo\/#website\"},\"primaryImageOfPage\":{\"@id\":\"https:\/\/vosgesinfo.fr\/epinalinfo\/2025\/02\/saint-valentin-claudette-et-christian-une-histoire-damour-de-plus-de-60-ans\/#primaryimage\"},\"image\":{\"@id\":\"https:\/\/vosgesinfo.fr\/epinalinfo\/2025\/02\/saint-valentin-claudette-et-christian-une-histoire-damour-de-plus-de-60-ans\/#primaryimage\"},\"thumbnailUrl\":\"https:\/\/vosgesinfo.fr\/app\/uploads\/sites\/3\/2025\/02\/saint-valentin-hmv-claudettechristian.jpg\",\"datePublished\":\"2025-02-14T14:10:44+00:00\",\"dateModified\":\"2025-02-14T14:10:44+00:00\",\"breadcrumb\":{\"@id\":\"https:\/\/vosgesinfo.fr\/epinalinfo\/2025\/02\/saint-valentin-claudette-et-christian-une-histoire-damour-de-plus-de-60-ans\/#breadcrumb\"},\"inLanguage\":\"fr-FR\",\"potentialAction\":[{\"@type\":\"ReadAction\",\"target\":[\"https:\/\/vosgesinfo.fr\/epinalinfo\/2025\/02\/saint-valentin-claudette-et-christian-une-histoire-damour-de-plus-de-60-ans\/\"]}]},{\"@type\":\"ImageObject\",\"inLanguage\":\"fr-FR\",\"@id\":\"https:\/\/vosgesinfo.fr\/epinalinfo\/2025\/02\/saint-valentin-claudette-et-christian-une-histoire-damour-de-plus-de-60-ans\/#primaryimage\",\"url\":\"https:\/\/vosgesinfo.fr\/app\/uploads\/sites\/3\/2025\/02\/saint-valentin-hmv-claudettechristian.jpg\",\"contentUrl\":\"https:\/\/vosgesinfo.fr\/app\/uploads\/sites\/3\/2025\/02\/saint-valentin-hmv-claudettechristian.jpg\",\"width\":2048,\"height\":1536},{\"@type\":\"BreadcrumbList\",\"@id\":\"https:\/\/vosgesinfo.fr\/epinalinfo\/2025\/02\/saint-valentin-claudette-et-christian-une-histoire-damour-de-plus-de-60-ans\/#breadcrumb\",\"itemListElement\":[{\"@type\":\"ListItem\",\"position\":1,\"name\":\"Home\",\"item\":\"https:\/\/vosgesinfo.fr\/epinalinfo\/\"},{\"@type\":\"ListItem\",\"position\":2,\"name\":\"Saint-Valentin\u00a0: Claudette et Christian, une histoire d&rsquo;amour de plus de 60 ans !\"}]},{\"@type\":\"WebSite\",\"@id\":\"https:\/\/vosgesinfo.fr\/epinalinfo\/#website\",\"url\":\"https:\/\/vosgesinfo.fr\/epinalinfo\/\",\"name\":\"Epinal Info\",\"description\":\"Toute l&#039;actualit\u00e9 d&#039;\u00c9pinal\",\"publisher\":{\"@id\":\"https:\/\/vosgesinfo.fr\/epinalinfo\/#organization\"},\"alternateName\":\"Toute l'actualit\u00e9 d'\u00c9pinal\",\"potentialAction\":[{\"@type\":\"SearchAction\",\"target\":{\"@type\":\"EntryPoint\",\"urlTemplate\":\"https:\/\/vosgesinfo.fr\/epinalinfo\/?s={search_term_string}\"},\"query-input\":\"required name=search_term_string\"}],\"inLanguage\":\"fr-FR\"},{\"@type\":\"Organization\",\"@id\":\"https:\/\/vosgesinfo.fr\/epinalinfo\/#organization\",\"name\":\"Epinal Info\",\"url\":\"https:\/\/vosgesinfo.fr\/epinalinfo\/\",\"logo\":{\"@type\":\"ImageObject\",\"inLanguage\":\"fr-FR\",\"@id\":\"https:\/\/vosgesinfo.fr\/epinalinfo\/#\/schema\/logo\/image\/\",\"url\":\"https:\/\/vosgesinfo.fr\/app\/uploads\/sites\/3\/2023\/08\/logo-epinalinfos.svg\",\"contentUrl\":\"https:\/\/vosgesinfo.fr\/app\/uploads\/sites\/3\/2023\/08\/logo-epinalinfos.svg\",\"width\":1,\"height\":1,\"caption\":\"Epinal Info\"},\"image\":{\"@id\":\"https:\/\/vosgesinfo.fr\/epinalinfo\/#\/schema\/logo\/image\/\"},\"sameAs\":[\"https:\/\/www.facebook.com\/Epinalinfos\",\"https:\/\/x.com\/VosgesInfo88\",\"https:\/\/www.youtube.com\/@vosgesinfo\"]},{\"@type\":\"Person\",\"@id\":\"https:\/\/vosgesinfo.fr\/epinalinfo\/#\/schema\/person\/fa73e9f726d67bb88f46d5b7943cb572\",\"name\":\"J.J.\",\"image\":{\"@type\":\"ImageObject\",\"inLanguage\":\"fr-FR\",\"@id\":\"https:\/\/vosgesinfo.fr\/epinalinfo\/#\/schema\/person\/image\/\",\"url\":\"https:\/\/secure.gravatar.com\/avatar\/219e749e47ffbcca018a360ae4add7d4cdf1cdaaf8bc7676b27efade3fe65615?s=96&d=mm&r=g\",\"contentUrl\":\"https:\/\/secure.gravatar.com\/avatar\/219e749e47ffbcca018a360ae4add7d4cdf1cdaaf8bc7676b27efade3fe65615?s=96&d=mm&r=g\",\"caption\":\"J.J.\"},\"url\":\"https:\/\/vosgesinfo.fr\/epinalinfo\/author\/j-j\/\"}]}<\/script>\n<!-- \/ Yoast SEO plugin. -->","yoast_head_json":{"title":"Saint-Valentin\u00a0: Claudette et Christian, une histoire d'amour de plus de 60 ans ! - Epinal Info","robots":{"index":"index","follow":"follow","max-snippet":"max-snippet:-1","max-image-preview":"max-image-preview:large","max-video-preview":"max-video-preview:-1"},"canonical":"https:\/\/vosgesinfo.fr\/epinalinfo\/2025\/02\/saint-valentin-claudette-et-christian-une-histoire-damour-de-plus-de-60-ans\/","twitter_card":"summary_large_image","twitter_title":"Saint-Valentin\u00a0: Claudette et Christian, une histoire d'amour de plus de 60 ans ! - Epinal Info","twitter_description":"C&rsquo;est aujourd\u2019hui la Saint-Valentin, en ce vendredi 14 f\u00e9vrier. \u00c0 cette occasion, les H\u00f4pitaux du Massif des Vosges \u2013 HMV [&hellip;]","twitter_image":"https:\/\/vosgesinfo.fr\/app\/uploads\/sites\/3\/2025\/02\/saint-valentin-hmv-claudettechristian.jpg","twitter_creator":"@VosgesInfo88","twitter_site":"@VosgesInfo88","twitter_misc":{"\u00c9crit par":"J.J.","Dur\u00e9e de lecture estim\u00e9e":"2 minutes"},"schema":{"@context":"https:\/\/schema.org","@graph":[{"@type":"Article","@id":"https:\/\/vosgesinfo.fr\/epinalinfo\/2025\/02\/saint-valentin-claudette-et-christian-une-histoire-damour-de-plus-de-60-ans\/#article","isPartOf":{"@id":"https:\/\/vosgesinfo.fr\/epinalinfo\/2025\/02\/saint-valentin-claudette-et-christian-une-histoire-damour-de-plus-de-60-ans\/"},"author":{"name":"J.J.","@id":"https:\/\/vosgesinfo.fr\/epinalinfo\/#\/schema\/person\/fa73e9f726d67bb88f46d5b7943cb572"},"headline":"Saint-Valentin\u00a0: Claudette et Christian, une histoire d&rsquo;amour de plus de 60 ans !","datePublished":"2025-02-14T14:10:44+00:00","dateModified":"2025-02-14T14:10:44+00:00","mainEntityOfPage":{"@id":"https:\/\/vosgesinfo.fr\/epinalinfo\/2025\/02\/saint-valentin-claudette-et-christian-une-histoire-damour-de-plus-de-60-ans\/"},"wordCount":373,"commentCount":0,"publisher":{"@id":"https:\/\/vosgesinfo.fr\/epinalinfo\/#organization"},"image":{"@id":"https:\/\/vosgesinfo.fr\/epinalinfo\/2025\/02\/saint-valentin-claudette-et-christian-une-histoire-damour-de-plus-de-60-ans\/#primaryimage"},"thumbnailUrl":"https:\/\/vosgesinfo.fr\/app\/uploads\/sites\/3\/2025\/02\/saint-valentin-hmv-claudettechristian.jpg","keywords":["Claudette et Christian Billy","EHPAD de Foucharupt","HMV","H\u00f4pitaux du Massif des Vosges","Saint Valentin","Saint-Valentin 2025"],"articleSection":["A la Une","Epinal","Gerardmer","La plaine des vosges","Remiremont","Vosges"],"inLanguage":"fr-FR","potentialAction":[{"@type":"CommentAction","name":"Comment","target":["https:\/\/vosgesinfo.fr\/epinalinfo\/2025\/02\/saint-valentin-claudette-et-christian-une-histoire-damour-de-plus-de-60-ans\/#respond"]}]},{"@type":"WebPage","@id":"https:\/\/vosgesinfo.fr\/epinalinfo\/2025\/02\/saint-valentin-claudette-et-christian-une-histoire-damour-de-plus-de-60-ans\/","url":"https:\/\/vosgesinfo.fr\/epinalinfo\/2025\/02\/saint-valentin-claudette-et-christian-une-histoire-damour-de-plus-de-60-ans\/","name":"Saint-Valentin\u00a0: Claudette et Christian, une histoire d'amour de plus de 60 ans ! - Epinal Info","isPartOf":{"@id":"https:\/\/vosgesinfo.fr\/epinalinfo\/#website"},"primaryImageOfPage":{"@id":"https:\/\/vosgesinfo.fr\/epinalinfo\/2025\/02\/saint-valentin-claudette-et-christian-une-histoire-damour-de-plus-de-60-ans\/#primaryimage"},"image":{"@id":"https:\/\/vosgesinfo.fr\/epinalinfo\/2025\/02\/saint-valentin-claudette-et-christian-une-histoire-damour-de-plus-de-60-ans\/#primaryimage"},"thumbnailUrl":"https:\/\/vosgesinfo.fr\/app\/uploads\/sites\/3\/2025\/02\/saint-valentin-hmv-claudettechristian.jpg","datePublished":"2025-02-14T14:10:44+00:00","dateModified":"2025-02-14T14:10:44+00:00","breadcrumb":{"@id":"https:\/\/vosgesinfo.fr\/epinalinfo\/2025\/02\/saint-valentin-claudette-et-christian-une-histoire-damour-de-plus-de-60-ans\/#breadcrumb"},"inLanguage":"fr-FR","potentialAction":[{"@type":"ReadAction","target":["https:\/\/vosgesinfo.fr\/epinalinfo\/2025\/02\/saint-valentin-claudette-et-christian-une-histoire-damour-de-plus-de-60-ans\/"]}]},{"@type":"ImageObject","inLanguage":"fr-FR","@id":"https:\/\/vosgesinfo.fr\/epinalinfo\/2025\/02\/saint-valentin-claudette-et-christian-une-histoire-damour-de-plus-de-60-ans\/#primaryimage","url":"https:\/\/vosgesinfo.fr\/app\/uploads\/sites\/3\/2025\/02\/saint-valentin-hmv-claudettechristian.jpg","contentUrl":"https:\/\/vosgesinfo.fr\/app\/uploads\/sites\/3\/2025\/02\/saint-valentin-hmv-claudettechristian.jpg","width":2048,"height":1536},{"@type":"BreadcrumbList","@id":"https:\/\/vosgesinfo.fr\/epinalinfo\/2025\/02\/saint-valentin-claudette-et-christian-une-histoire-damour-de-plus-de-60-ans\/#breadcrumb","itemListElement":[{"@type":"ListItem","position":1,"name":"Home","item":"https:\/\/vosgesinfo.fr\/epinalinfo\/"},{"@type":"ListItem","position":2,"name":"Saint-Valentin\u00a0: Claudette et Christian, une histoire d&rsquo;amour de plus de 60 ans !"}]},{"@type":"WebSite","@id":"https:\/\/vosgesinfo.fr\/epinalinfo\/#website","url":"https:\/\/vosgesinfo.fr\/epinalinfo\/","name":"Epinal Info","description":"Toute l&#039;actualit\u00e9 d&#039;\u00c9pinal","publisher":{"@id":"https:\/\/vosgesinfo.fr\/epinalinfo\/#organization"},"alternateName":"Toute l'actualit\u00e9 d'\u00c9pinal","potentialAction":[{"@type":"SearchAction","target":{"@type":"EntryPoint","urlTemplate":"https:\/\/vosgesinfo.fr\/epinalinfo\/?s={search_term_string}"},"query-input":"required name=search_term_string"}],"inLanguage":"fr-FR"},{"@type":"Organization","@id":"https:\/\/vosgesinfo.fr\/epinalinfo\/#organization","name":"Epinal Info","url":"https:\/\/vosgesinfo.fr\/epinalinfo\/","logo":{"@type":"ImageObject","inLanguage":"fr-FR","@id":"https:\/\/vosgesinfo.fr\/epinalinfo\/#\/schema\/logo\/image\/","url":"https:\/\/vosgesinfo.fr\/app\/uploads\/sites\/3\/2023\/08\/logo-epinalinfos.svg","contentUrl":"https:\/\/vosgesinfo.fr\/app\/uploads\/sites\/3\/2023\/08\/logo-epinalinfos.svg","width":1,"height":1,"caption":"Epinal Info"},"image":{"@id":"https:\/\/vosgesinfo.fr\/epinalinfo\/#\/schema\/logo\/image\/"},"sameAs":["https:\/\/www.facebook.com\/Epinalinfos","https:\/\/x.com\/VosgesInfo88","https:\/\/www.youtube.com\/@vosgesinfo"]},{"@type":"Person","@id":"https:\/\/vosgesinfo.fr\/epinalinfo\/#\/schema\/person\/fa73e9f726d67bb88f46d5b7943cb572","name":"J.J.","image":{"@type":"ImageObject","inLanguage":"fr-FR","@id":"https:\/\/vosgesinfo.fr\/epinalinfo\/#\/schema\/person\/image\/","url":"https:\/\/secure.gravatar.com\/avatar\/219e749e47ffbcca018a360ae4add7d4cdf1cdaaf8bc7676b27efade3fe65615?s=96&d=mm&r=g","contentUrl":"https:\/\/secure.gravatar.com\/avatar\/219e749e47ffbcca018a360ae4add7d4cdf1cdaaf8bc7676b27efade3fe65615?s=96&d=mm&r=g","caption":"J.J."},"url":"https:\/\/vosgesinfo.fr\/epinalinfo\/author\/j-j\/"}]}},"_links":{"self":[{"href":"https:\/\/vosgesinfo.fr\/epinalinfo\/wp-json\/wp\/v2\/posts\/128418","targetHints":{"allow":["GET"]}}],"collection":[{"href":"https:\/\/vosgesinfo.fr\/epinalinfo\/wp-json\/wp\/v2\/posts"}],"about":[{"href":"https:\/\/vosgesinfo.fr\/epinalinfo\/wp-json\/wp\/v2\/types\/post"}],"author":[{"embeddable":true,"href":"https:\/\/vosgesinfo.fr\/epinalinfo\/wp-json\/wp\/v2\/users\/46"}],"replies":[{"embeddable":true,"href":"https:\/\/vosgesinfo.fr\/epinalinfo\/wp-json\/wp\/v2\/comments?post=128418"}],"version-history":[{"count":0,"href":"https:\/\/vosgesinfo.fr\/epinalinfo\/wp-json\/wp\/v2\/posts\/128418\/revisions"}],"wp:featuredmedia":[{"embeddable":true,"href":"https:\/\/vosgesinfo.fr\/epinalinfo\/wp-json\/wp\/v2\/media\/128419"}],"wp:attachment":[{"href":"https:\/\/vosgesinfo.fr\/epinalinfo\/wp-json\/wp\/v2\/media?parent=128418"}],"wp:term":[{"taxonomy":"category","embeddable":true,"href":"https:\/\/vosgesinfo.fr\/epinalinfo\/wp-json\/wp\/v2\/categories?post=128418"},{"taxonomy":"post_tag","embeddable":true,"href":"https:\/\/vosgesinfo.fr\/epinalinfo\/wp-json\/wp\/v2\/tags?post=128418"}],"curies":[{"name":"wp","href":"https:\/\/api.w.org\/{rel}","templated":true}]}}