{"id":129616,"date":"2025-03-13T09:14:53","date_gmt":"2025-03-13T08:14:53","guid":{"rendered":"https:\/\/vosgesinfo.fr\/epinalinfo\/?p=129616"},"modified":"2025-03-13T13:16:19","modified_gmt":"2025-03-13T12:16:19","slug":"golbey-un-eleve-de-9-ans-aurait-sorti-un-couteau-suisse-en-recreation-une-plainte-deposee","status":"publish","type":"post","link":"https:\/\/vosgesinfo.fr\/epinalinfo\/2025\/03\/golbey-un-eleve-de-9-ans-aurait-sorti-un-couteau-suisse-en-recreation-une-plainte-deposee\/","title":{"rendered":"Golbey : un \u00e9l\u00e8ve de 9 ans aurait sorti un couteau suisse en r\u00e9cr\u00e9ation, une plainte d\u00e9pos\u00e9e"},"content":{"rendered":"<div id=\"attachment_129617\" style=\"width: 1034px\" class=\"wp-caption aligncenter\"><a href=\"https:\/\/vosgesinfo.fr\/app\/uploads\/sites\/3\/2025\/03\/ecole-du-centre-golbey.jpg\"><img decoding=\"async\" aria-describedby=\"caption-attachment-129617\" class=\"size-large wp-image-129617\" src=\"https:\/\/vosgesinfo.fr\/app\/uploads\/sites\/3\/2025\/03\/ecole-du-centre-golbey-1024x359.jpg\" alt=\"\" width=\"1024\" height=\"359\" srcset=\"https:\/\/vosgesinfo.fr\/app\/uploads\/sites\/3\/2025\/03\/ecole-du-centre-golbey-1024x359.jpg 1024w, https:\/\/vosgesinfo.fr\/app\/uploads\/sites\/3\/2025\/03\/ecole-du-centre-golbey-300x105.jpg 300w, https:\/\/vosgesinfo.fr\/app\/uploads\/sites\/3\/2025\/03\/ecole-du-centre-golbey-768x269.jpg 768w, https:\/\/vosgesinfo.fr\/app\/uploads\/sites\/3\/2025\/03\/ecole-du-centre-golbey.jpg 1197w\" sizes=\"(max-width: 1024px) 100vw, 1024px\" \/><\/a><p id=\"caption-attachment-129617\" class=\"wp-caption-text\">(photo google maps)<\/p><\/div>\n<h2 data-start=\"436\" data-end=\"799\">Une sc\u00e8ne inqui\u00e9tante se serait d\u00e9roul\u00e9e mardi 11 mars \u00e0 l\u2019\u00e9cole \u00e9l\u00e9mentaire du Centre, \u00e0 Golbey. Un \u00e9l\u00e8ve de 9 ans, scolaris\u00e9 en CM1, aurait sorti un couteau suisse devant quatre de ses camarades de classe pendant la r\u00e9cr\u00e9ation. L\u2019affaire, qui circule largement sur les r\u00e9seaux sociaux, divise aujourd\u2019hui les t\u00e9moignages et suscite de nombreuses r\u00e9actions.<\/h2>\n<h3 data-start=\"801\" data-end=\"845\"><strong data-start=\"805\" data-end=\"843\">Deux versions des faits s\u2019opposent<\/strong><\/h3>\n<p data-start=\"847\" data-end=\"1260\">Selon les parents d\u2019un des enfants concern\u00e9s, l\u2019\u00e9l\u00e8ve en question aurait pris plusieurs de ses camarades \u00e0 l\u2019\u00e9cart, un par un, et les aurait menac\u00e9s de mort en prof\u00e9rant des insultes graves.<em> \u00ab\u00a0C\u2019est un \u00e9l\u00e9ment perturbateur depuis des ann\u00e9es envers nos enfants, mais l\u00e0, on a d\u00e9pass\u00e9 la chamaillerie\u2026\u00a0\u00bb,<\/em> expliquent-ils. Face \u00e0 cet \u00e9v\u00e9nement traumatisant, les parents des enfants vis\u00e9s ont d\u00e9cid\u00e9 de porter plainte.<\/p>\n<p data-start=\"1262\" data-end=\"1528\">De son c\u00f4t\u00e9, le p\u00e8re du jeune gar\u00e7on mis en cause donne une version bien diff\u00e9rente sur les r\u00e9seaux sociaux. Selon lui, son fils aurait simplement montr\u00e9 un couteau suisse \u00e0 un camarade dans un coin de la cour de r\u00e9cr\u00e9ation. Ce dernier, inquiet, aurait imm\u00e9diatement pr\u00e9venu la ma\u00eetresse. Le p\u00e8re envisage lui aussi de porter plainte pour diffamation.<\/p>\n<h3 data-start=\"1530\" data-end=\"1584\"><strong data-start=\"1534\" data-end=\"1582\">L\u2019\u00e9cole et l\u2019Inspection acad\u00e9mique inform\u00e9es<\/strong><\/h3>\n<p data-start=\"1586\" data-end=\"1875\">D\u00e8s le jour m\u00eame, l\u2019\u00e9quipe \u00e9ducative a alert\u00e9 l\u2019Inspection acad\u00e9mique, prenant l\u2019incident tr\u00e8s au s\u00e9rieux. L\u2019\u00e9tablissement n\u2019a pour l\u2019instant pas communiqu\u00e9 officiellement sur l\u2019affaire, mais des mesures disciplinaires pourraient \u00eatre envisag\u00e9es en fonction des conclusions de l\u2019enqu\u00eate.<\/p>\n<h3 data-start=\"1877\" data-end=\"1917\"><strong data-start=\"1881\" data-end=\"1915\">Une affaire qui suscite l\u2019\u00e9moi<\/strong><\/h3>\n<p data-start=\"1919\" data-end=\"2165\">La diffusion rapide de cette histoire sur les r\u00e9seaux sociaux alimente les inqui\u00e9tudes des parents d\u2019\u00e9l\u00e8ves. L\u2019affaire relance \u00e9galement le d\u00e9bat sur la s\u00e9curit\u00e9 en milieu scolaire et la gestion des comportements \u00e0 risque d\u00e8s le plus jeune \u00e2ge.<\/p>\n<p data-start=\"2167\" data-end=\"2319\" data-is-last-node=\"\" data-is-only-node=\"\">L\u2019enqu\u00eate en cours devra maintenant faire la lumi\u00e8re sur les faits et d\u00e9terminer les suites \u00e0 donner \u00e0 cette affaire qui ne laisse personne indiff\u00e9rent.<\/p>\n","protected":false},"excerpt":{"rendered":"<p>Une sc\u00e8ne inqui\u00e9tante se serait d\u00e9roul\u00e9e mardi 11 mars \u00e0 l\u2019\u00e9cole \u00e9l\u00e9mentaire du Centre, \u00e0 Golbey. Un \u00e9l\u00e8ve de 9 [&hellip;]<\/p>\n","protected":false},"author":52,"featured_media":129617,"comment_status":"open","ping_status":"open","sticky":false,"template":"","format":"standard","meta":{"footnotes":""},"categories":[22,15,24,6,148],"tags":[],"class_list":["post-129616","post","type-post","status-publish","format-standard","has-post-thumbnail","hentry","category-a-la-une","category-education","category-epinal","category-faits-divers","category-golbey"],"acf":[],"yoast_head":"<!-- This site is optimized with the Yoast SEO plugin v22.5 - https:\/\/yoast.com\/wordpress\/plugins\/seo\/ -->\n<title>Golbey : un \u00e9l\u00e8ve de 9 ans aurait sorti un couteau suisse en r\u00e9cr\u00e9ation, une plainte d\u00e9pos\u00e9e - Epinal Info<\/title>\n<meta name=\"robots\" content=\"index, follow, max-snippet:-1, max-image-preview:large, max-video-preview:-1\" \/>\n<link rel=\"canonical\" href=\"https:\/\/vosgesinfo.fr\/epinalinfo\/2025\/03\/golbey-un-eleve-de-9-ans-aurait-sorti-un-couteau-suisse-en-recreation-une-plainte-deposee\/\" \/>\n<meta name=\"twitter:card\" content=\"summary_large_image\" \/>\n<meta name=\"twitter:title\" content=\"Golbey : un \u00e9l\u00e8ve de 9 ans aurait sorti un couteau suisse en r\u00e9cr\u00e9ation, une plainte d\u00e9pos\u00e9e - Epinal Info\" \/>\n<meta name=\"twitter:description\" content=\"Une sc\u00e8ne inqui\u00e9tante se serait d\u00e9roul\u00e9e mardi 11 mars \u00e0 l\u2019\u00e9cole \u00e9l\u00e9mentaire du Centre, \u00e0 Golbey. Un \u00e9l\u00e8ve de 9 [&hellip;]\" \/>\n<meta name=\"twitter:image\" content=\"https:\/\/vosgesinfo.fr\/app\/uploads\/sites\/3\/2025\/03\/ecole-du-centre-golbey.jpg\" \/>\n<meta name=\"twitter:creator\" content=\"@VosgesInfo88\" \/>\n<meta name=\"twitter:site\" content=\"@VosgesInfo88\" \/>\n<meta name=\"twitter:label1\" content=\"\u00c9crit par\" \/>\n\t<meta name=\"twitter:data1\" content=\"C.K.\" \/>\n\t<meta name=\"twitter:label2\" content=\"Dur\u00e9e de lecture estim\u00e9e\" \/>\n\t<meta name=\"twitter:data2\" content=\"2 minutes\" \/>\n<script type=\"application\/ld+json\" class=\"yoast-schema-graph\">{\"@context\":\"https:\/\/schema.org\",\"@graph\":[{\"@type\":\"Article\",\"@id\":\"https:\/\/vosgesinfo.fr\/epinalinfo\/2025\/03\/golbey-un-eleve-de-9-ans-aurait-sorti-un-couteau-suisse-en-recreation-une-plainte-deposee\/#article\",\"isPartOf\":{\"@id\":\"https:\/\/vosgesinfo.fr\/epinalinfo\/2025\/03\/golbey-un-eleve-de-9-ans-aurait-sorti-un-couteau-suisse-en-recreation-une-plainte-deposee\/\"},\"author\":{\"name\":\"C.K.\",\"@id\":\"https:\/\/vosgesinfo.fr\/epinalinfo\/#\/schema\/person\/6f9a650eeea99d969b6c4ab78fccbe81\"},\"headline\":\"Golbey : un \u00e9l\u00e8ve de 9 ans aurait sorti un couteau suisse en r\u00e9cr\u00e9ation, une plainte d\u00e9pos\u00e9e\",\"datePublished\":\"2025-03-13T08:14:53+00:00\",\"dateModified\":\"2025-03-13T12:16:19+00:00\",\"mainEntityOfPage\":{\"@id\":\"https:\/\/vosgesinfo.fr\/epinalinfo\/2025\/03\/golbey-un-eleve-de-9-ans-aurait-sorti-un-couteau-suisse-en-recreation-une-plainte-deposee\/\"},\"wordCount\":389,\"commentCount\":2,\"publisher\":{\"@id\":\"https:\/\/vosgesinfo.fr\/epinalinfo\/#organization\"},\"image\":{\"@id\":\"https:\/\/vosgesinfo.fr\/epinalinfo\/2025\/03\/golbey-un-eleve-de-9-ans-aurait-sorti-un-couteau-suisse-en-recreation-une-plainte-deposee\/#primaryimage\"},\"thumbnailUrl\":\"https:\/\/vosgesinfo.fr\/app\/uploads\/sites\/3\/2025\/03\/ecole-du-centre-golbey.jpg\",\"articleSection\":[\"A la Une\",\"\u00c9ducation\",\"Epinal\",\"Faits-divers\",\"Golbey\"],\"inLanguage\":\"fr-FR\",\"potentialAction\":[{\"@type\":\"CommentAction\",\"name\":\"Comment\",\"target\":[\"https:\/\/vosgesinfo.fr\/epinalinfo\/2025\/03\/golbey-un-eleve-de-9-ans-aurait-sorti-un-couteau-suisse-en-recreation-une-plainte-deposee\/#respond\"]}]},{\"@type\":\"WebPage\",\"@id\":\"https:\/\/vosgesinfo.fr\/epinalinfo\/2025\/03\/golbey-un-eleve-de-9-ans-aurait-sorti-un-couteau-suisse-en-recreation-une-plainte-deposee\/\",\"url\":\"https:\/\/vosgesinfo.fr\/epinalinfo\/2025\/03\/golbey-un-eleve-de-9-ans-aurait-sorti-un-couteau-suisse-en-recreation-une-plainte-deposee\/\",\"name\":\"Golbey : un \u00e9l\u00e8ve de 9 ans aurait sorti un couteau suisse en r\u00e9cr\u00e9ation, une plainte d\u00e9pos\u00e9e - Epinal Info\",\"isPartOf\":{\"@id\":\"https:\/\/vosgesinfo.fr\/epinalinfo\/#website\"},\"primaryImageOfPage\":{\"@id\":\"https:\/\/vosgesinfo.fr\/epinalinfo\/2025\/03\/golbey-un-eleve-de-9-ans-aurait-sorti-un-couteau-suisse-en-recreation-une-plainte-deposee\/#primaryimage\"},\"image\":{\"@id\":\"https:\/\/vosgesinfo.fr\/epinalinfo\/2025\/03\/golbey-un-eleve-de-9-ans-aurait-sorti-un-couteau-suisse-en-recreation-une-plainte-deposee\/#primaryimage\"},\"thumbnailUrl\":\"https:\/\/vosgesinfo.fr\/app\/uploads\/sites\/3\/2025\/03\/ecole-du-centre-golbey.jpg\",\"datePublished\":\"2025-03-13T08:14:53+00:00\",\"dateModified\":\"2025-03-13T12:16:19+00:00\",\"breadcrumb\":{\"@id\":\"https:\/\/vosgesinfo.fr\/epinalinfo\/2025\/03\/golbey-un-eleve-de-9-ans-aurait-sorti-un-couteau-suisse-en-recreation-une-plainte-deposee\/#breadcrumb\"},\"inLanguage\":\"fr-FR\",\"potentialAction\":[{\"@type\":\"ReadAction\",\"target\":[\"https:\/\/vosgesinfo.fr\/epinalinfo\/2025\/03\/golbey-un-eleve-de-9-ans-aurait-sorti-un-couteau-suisse-en-recreation-une-plainte-deposee\/\"]}]},{\"@type\":\"ImageObject\",\"inLanguage\":\"fr-FR\",\"@id\":\"https:\/\/vosgesinfo.fr\/epinalinfo\/2025\/03\/golbey-un-eleve-de-9-ans-aurait-sorti-un-couteau-suisse-en-recreation-une-plainte-deposee\/#primaryimage\",\"url\":\"https:\/\/vosgesinfo.fr\/app\/uploads\/sites\/3\/2025\/03\/ecole-du-centre-golbey.jpg\",\"contentUrl\":\"https:\/\/vosgesinfo.fr\/app\/uploads\/sites\/3\/2025\/03\/ecole-du-centre-golbey.jpg\",\"width\":1197,\"height\":420,\"caption\":\"(photo google maps)\"},{\"@type\":\"BreadcrumbList\",\"@id\":\"https:\/\/vosgesinfo.fr\/epinalinfo\/2025\/03\/golbey-un-eleve-de-9-ans-aurait-sorti-un-couteau-suisse-en-recreation-une-plainte-deposee\/#breadcrumb\",\"itemListElement\":[{\"@type\":\"ListItem\",\"position\":1,\"name\":\"Home\",\"item\":\"https:\/\/vosgesinfo.fr\/epinalinfo\/\"},{\"@type\":\"ListItem\",\"position\":2,\"name\":\"Golbey : un \u00e9l\u00e8ve de 9 ans aurait sorti un couteau suisse en r\u00e9cr\u00e9ation, une plainte d\u00e9pos\u00e9e\"}]},{\"@type\":\"WebSite\",\"@id\":\"https:\/\/vosgesinfo.fr\/epinalinfo\/#website\",\"url\":\"https:\/\/vosgesinfo.fr\/epinalinfo\/\",\"name\":\"Epinal Info\",\"description\":\"Toute l&#039;actualit\u00e9 d&#039;\u00c9pinal\",\"publisher\":{\"@id\":\"https:\/\/vosgesinfo.fr\/epinalinfo\/#organization\"},\"alternateName\":\"Toute l'actualit\u00e9 d'\u00c9pinal\",\"potentialAction\":[{\"@type\":\"SearchAction\",\"target\":{\"@type\":\"EntryPoint\",\"urlTemplate\":\"https:\/\/vosgesinfo.fr\/epinalinfo\/?s={search_term_string}\"},\"query-input\":\"required name=search_term_string\"}],\"inLanguage\":\"fr-FR\"},{\"@type\":\"Organization\",\"@id\":\"https:\/\/vosgesinfo.fr\/epinalinfo\/#organization\",\"name\":\"Epinal Info\",\"url\":\"https:\/\/vosgesinfo.fr\/epinalinfo\/\",\"logo\":{\"@type\":\"ImageObject\",\"inLanguage\":\"fr-FR\",\"@id\":\"https:\/\/vosgesinfo.fr\/epinalinfo\/#\/schema\/logo\/image\/\",\"url\":\"https:\/\/vosgesinfo.fr\/app\/uploads\/sites\/3\/2023\/08\/logo-epinalinfos.svg\",\"contentUrl\":\"https:\/\/vosgesinfo.fr\/app\/uploads\/sites\/3\/2023\/08\/logo-epinalinfos.svg\",\"width\":1,\"height\":1,\"caption\":\"Epinal Info\"},\"image\":{\"@id\":\"https:\/\/vosgesinfo.fr\/epinalinfo\/#\/schema\/logo\/image\/\"},\"sameAs\":[\"https:\/\/www.facebook.com\/Epinalinfos\",\"https:\/\/x.com\/VosgesInfo88\",\"https:\/\/www.youtube.com\/@vosgesinfo\"]},{\"@type\":\"Person\",\"@id\":\"https:\/\/vosgesinfo.fr\/epinalinfo\/#\/schema\/person\/6f9a650eeea99d969b6c4ab78fccbe81\",\"name\":\"C.K.\",\"image\":{\"@type\":\"ImageObject\",\"inLanguage\":\"fr-FR\",\"@id\":\"https:\/\/vosgesinfo.fr\/epinalinfo\/#\/schema\/person\/image\/\",\"url\":\"https:\/\/secure.gravatar.com\/avatar\/48e3fc7f8421ba8942be6b74a2b7f014ca39bc00dece156b7a8e098ae7dc87bf?s=96&d=mm&r=g\",\"contentUrl\":\"https:\/\/secure.gravatar.com\/avatar\/48e3fc7f8421ba8942be6b74a2b7f014ca39bc00dece156b7a8e098ae7dc87bf?s=96&d=mm&r=g\",\"caption\":\"C.K.\"},\"url\":\"https:\/\/vosgesinfo.fr\/epinalinfo\/author\/celia-k-n\/\"}]}<\/script>\n<!-- \/ Yoast SEO plugin. -->","yoast_head_json":{"title":"Golbey : un \u00e9l\u00e8ve de 9 ans aurait sorti un couteau suisse en r\u00e9cr\u00e9ation, une plainte d\u00e9pos\u00e9e - Epinal Info","robots":{"index":"index","follow":"follow","max-snippet":"max-snippet:-1","max-image-preview":"max-image-preview:large","max-video-preview":"max-video-preview:-1"},"canonical":"https:\/\/vosgesinfo.fr\/epinalinfo\/2025\/03\/golbey-un-eleve-de-9-ans-aurait-sorti-un-couteau-suisse-en-recreation-une-plainte-deposee\/","twitter_card":"summary_large_image","twitter_title":"Golbey : un \u00e9l\u00e8ve de 9 ans aurait sorti un couteau suisse en r\u00e9cr\u00e9ation, une plainte d\u00e9pos\u00e9e - Epinal Info","twitter_description":"Une sc\u00e8ne inqui\u00e9tante se serait d\u00e9roul\u00e9e mardi 11 mars \u00e0 l\u2019\u00e9cole \u00e9l\u00e9mentaire du Centre, \u00e0 Golbey. Un \u00e9l\u00e8ve de 9 [&hellip;]","twitter_image":"https:\/\/vosgesinfo.fr\/app\/uploads\/sites\/3\/2025\/03\/ecole-du-centre-golbey.jpg","twitter_creator":"@VosgesInfo88","twitter_site":"@VosgesInfo88","twitter_misc":{"\u00c9crit par":"C.K.","Dur\u00e9e de lecture estim\u00e9e":"2 minutes"},"schema":{"@context":"https:\/\/schema.org","@graph":[{"@type":"Article","@id":"https:\/\/vosgesinfo.fr\/epinalinfo\/2025\/03\/golbey-un-eleve-de-9-ans-aurait-sorti-un-couteau-suisse-en-recreation-une-plainte-deposee\/#article","isPartOf":{"@id":"https:\/\/vosgesinfo.fr\/epinalinfo\/2025\/03\/golbey-un-eleve-de-9-ans-aurait-sorti-un-couteau-suisse-en-recreation-une-plainte-deposee\/"},"author":{"name":"C.K.","@id":"https:\/\/vosgesinfo.fr\/epinalinfo\/#\/schema\/person\/6f9a650eeea99d969b6c4ab78fccbe81"},"headline":"Golbey : un \u00e9l\u00e8ve de 9 ans aurait sorti un couteau suisse en r\u00e9cr\u00e9ation, une plainte d\u00e9pos\u00e9e","datePublished":"2025-03-13T08:14:53+00:00","dateModified":"2025-03-13T12:16:19+00:00","mainEntityOfPage":{"@id":"https:\/\/vosgesinfo.fr\/epinalinfo\/2025\/03\/golbey-un-eleve-de-9-ans-aurait-sorti-un-couteau-suisse-en-recreation-une-plainte-deposee\/"},"wordCount":389,"commentCount":2,"publisher":{"@id":"https:\/\/vosgesinfo.fr\/epinalinfo\/#organization"},"image":{"@id":"https:\/\/vosgesinfo.fr\/epinalinfo\/2025\/03\/golbey-un-eleve-de-9-ans-aurait-sorti-un-couteau-suisse-en-recreation-une-plainte-deposee\/#primaryimage"},"thumbnailUrl":"https:\/\/vosgesinfo.fr\/app\/uploads\/sites\/3\/2025\/03\/ecole-du-centre-golbey.jpg","articleSection":["A la Une","\u00c9ducation","Epinal","Faits-divers","Golbey"],"inLanguage":"fr-FR","potentialAction":[{"@type":"CommentAction","name":"Comment","target":["https:\/\/vosgesinfo.fr\/epinalinfo\/2025\/03\/golbey-un-eleve-de-9-ans-aurait-sorti-un-couteau-suisse-en-recreation-une-plainte-deposee\/#respond"]}]},{"@type":"WebPage","@id":"https:\/\/vosgesinfo.fr\/epinalinfo\/2025\/03\/golbey-un-eleve-de-9-ans-aurait-sorti-un-couteau-suisse-en-recreation-une-plainte-deposee\/","url":"https:\/\/vosgesinfo.fr\/epinalinfo\/2025\/03\/golbey-un-eleve-de-9-ans-aurait-sorti-un-couteau-suisse-en-recreation-une-plainte-deposee\/","name":"Golbey : un \u00e9l\u00e8ve de 9 ans aurait sorti un couteau suisse en r\u00e9cr\u00e9ation, une plainte d\u00e9pos\u00e9e - Epinal Info","isPartOf":{"@id":"https:\/\/vosgesinfo.fr\/epinalinfo\/#website"},"primaryImageOfPage":{"@id":"https:\/\/vosgesinfo.fr\/epinalinfo\/2025\/03\/golbey-un-eleve-de-9-ans-aurait-sorti-un-couteau-suisse-en-recreation-une-plainte-deposee\/#primaryimage"},"image":{"@id":"https:\/\/vosgesinfo.fr\/epinalinfo\/2025\/03\/golbey-un-eleve-de-9-ans-aurait-sorti-un-couteau-suisse-en-recreation-une-plainte-deposee\/#primaryimage"},"thumbnailUrl":"https:\/\/vosgesinfo.fr\/app\/uploads\/sites\/3\/2025\/03\/ecole-du-centre-golbey.jpg","datePublished":"2025-03-13T08:14:53+00:00","dateModified":"2025-03-13T12:16:19+00:00","breadcrumb":{"@id":"https:\/\/vosgesinfo.fr\/epinalinfo\/2025\/03\/golbey-un-eleve-de-9-ans-aurait-sorti-un-couteau-suisse-en-recreation-une-plainte-deposee\/#breadcrumb"},"inLanguage":"fr-FR","potentialAction":[{"@type":"ReadAction","target":["https:\/\/vosgesinfo.fr\/epinalinfo\/2025\/03\/golbey-un-eleve-de-9-ans-aurait-sorti-un-couteau-suisse-en-recreation-une-plainte-deposee\/"]}]},{"@type":"ImageObject","inLanguage":"fr-FR","@id":"https:\/\/vosgesinfo.fr\/epinalinfo\/2025\/03\/golbey-un-eleve-de-9-ans-aurait-sorti-un-couteau-suisse-en-recreation-une-plainte-deposee\/#primaryimage","url":"https:\/\/vosgesinfo.fr\/app\/uploads\/sites\/3\/2025\/03\/ecole-du-centre-golbey.jpg","contentUrl":"https:\/\/vosgesinfo.fr\/app\/uploads\/sites\/3\/2025\/03\/ecole-du-centre-golbey.jpg","width":1197,"height":420,"caption":"(photo google maps)"},{"@type":"BreadcrumbList","@id":"https:\/\/vosgesinfo.fr\/epinalinfo\/2025\/03\/golbey-un-eleve-de-9-ans-aurait-sorti-un-couteau-suisse-en-recreation-une-plainte-deposee\/#breadcrumb","itemListElement":[{"@type":"ListItem","position":1,"name":"Home","item":"https:\/\/vosgesinfo.fr\/epinalinfo\/"},{"@type":"ListItem","position":2,"name":"Golbey : un \u00e9l\u00e8ve de 9 ans aurait sorti un couteau suisse en r\u00e9cr\u00e9ation, une plainte d\u00e9pos\u00e9e"}]},{"@type":"WebSite","@id":"https:\/\/vosgesinfo.fr\/epinalinfo\/#website","url":"https:\/\/vosgesinfo.fr\/epinalinfo\/","name":"Epinal Info","description":"Toute l&#039;actualit\u00e9 d&#039;\u00c9pinal","publisher":{"@id":"https:\/\/vosgesinfo.fr\/epinalinfo\/#organization"},"alternateName":"Toute l'actualit\u00e9 d'\u00c9pinal","potentialAction":[{"@type":"SearchAction","target":{"@type":"EntryPoint","urlTemplate":"https:\/\/vosgesinfo.fr\/epinalinfo\/?s={search_term_string}"},"query-input":"required name=search_term_string"}],"inLanguage":"fr-FR"},{"@type":"Organization","@id":"https:\/\/vosgesinfo.fr\/epinalinfo\/#organization","name":"Epinal Info","url":"https:\/\/vosgesinfo.fr\/epinalinfo\/","logo":{"@type":"ImageObject","inLanguage":"fr-FR","@id":"https:\/\/vosgesinfo.fr\/epinalinfo\/#\/schema\/logo\/image\/","url":"https:\/\/vosgesinfo.fr\/app\/uploads\/sites\/3\/2023\/08\/logo-epinalinfos.svg","contentUrl":"https:\/\/vosgesinfo.fr\/app\/uploads\/sites\/3\/2023\/08\/logo-epinalinfos.svg","width":1,"height":1,"caption":"Epinal Info"},"image":{"@id":"https:\/\/vosgesinfo.fr\/epinalinfo\/#\/schema\/logo\/image\/"},"sameAs":["https:\/\/www.facebook.com\/Epinalinfos","https:\/\/x.com\/VosgesInfo88","https:\/\/www.youtube.com\/@vosgesinfo"]},{"@type":"Person","@id":"https:\/\/vosgesinfo.fr\/epinalinfo\/#\/schema\/person\/6f9a650eeea99d969b6c4ab78fccbe81","name":"C.K.","image":{"@type":"ImageObject","inLanguage":"fr-FR","@id":"https:\/\/vosgesinfo.fr\/epinalinfo\/#\/schema\/person\/image\/","url":"https:\/\/secure.gravatar.com\/avatar\/48e3fc7f8421ba8942be6b74a2b7f014ca39bc00dece156b7a8e098ae7dc87bf?s=96&d=mm&r=g","contentUrl":"https:\/\/secure.gravatar.com\/avatar\/48e3fc7f8421ba8942be6b74a2b7f014ca39bc00dece156b7a8e098ae7dc87bf?s=96&d=mm&r=g","caption":"C.K."},"url":"https:\/\/vosgesinfo.fr\/epinalinfo\/author\/celia-k-n\/"}]}},"_links":{"self":[{"href":"https:\/\/vosgesinfo.fr\/epinalinfo\/wp-json\/wp\/v2\/posts\/129616","targetHints":{"allow":["GET"]}}],"collection":[{"href":"https:\/\/vosgesinfo.fr\/epinalinfo\/wp-json\/wp\/v2\/posts"}],"about":[{"href":"https:\/\/vosgesinfo.fr\/epinalinfo\/wp-json\/wp\/v2\/types\/post"}],"author":[{"embeddable":true,"href":"https:\/\/vosgesinfo.fr\/epinalinfo\/wp-json\/wp\/v2\/users\/52"}],"replies":[{"embeddable":true,"href":"https:\/\/vosgesinfo.fr\/epinalinfo\/wp-json\/wp\/v2\/comments?post=129616"}],"version-history":[{"count":4,"href":"https:\/\/vosgesinfo.fr\/epinalinfo\/wp-json\/wp\/v2\/posts\/129616\/revisions"}],"predecessor-version":[{"id":129633,"href":"https:\/\/vosgesinfo.fr\/epinalinfo\/wp-json\/wp\/v2\/posts\/129616\/revisions\/129633"}],"wp:featuredmedia":[{"embeddable":true,"href":"https:\/\/vosgesinfo.fr\/epinalinfo\/wp-json\/wp\/v2\/media\/129617"}],"wp:attachment":[{"href":"https:\/\/vosgesinfo.fr\/epinalinfo\/wp-json\/wp\/v2\/media?parent=129616"}],"wp:term":[{"taxonomy":"category","embeddable":true,"href":"https:\/\/vosgesinfo.fr\/epinalinfo\/wp-json\/wp\/v2\/categories?post=129616"},{"taxonomy":"post_tag","embeddable":true,"href":"https:\/\/vosgesinfo.fr\/epinalinfo\/wp-json\/wp\/v2\/tags?post=129616"}],"curies":[{"name":"wp","href":"https:\/\/api.w.org\/{rel}","templated":true}]}}