{"id":129687,"date":"2025-03-22T09:05:51","date_gmt":"2025-03-22T08:05:51","guid":{"rendered":"https:\/\/vosgesinfo.fr\/epinalinfo\/?p=129687"},"modified":"2025-03-22T09:03:42","modified_gmt":"2025-03-22T08:03:42","slug":"fete-et-bonne-humeur-le-carnaval-anime-lecole-du-149-r-i","status":"publish","type":"post","link":"https:\/\/vosgesinfo.fr\/epinalinfo\/2025\/03\/fete-et-bonne-humeur-le-carnaval-anime-lecole-du-149-r-i\/","title":{"rendered":"F\u00eate et bonne humeur : le Carnaval anime l\u2019\u00e9cole du 149\u00b0 R.I. !"},"content":{"rendered":"<div id=\"attachment_130075\" style=\"width: 646px\" class=\"wp-caption aligncenter\"><a href=\"https:\/\/vosgesinfo.fr\/app\/uploads\/sites\/3\/2025\/03\/capture-ecran-boum-carnaval3.jpg\"><img decoding=\"async\" aria-describedby=\"caption-attachment-130075\" class=\"size-full wp-image-130075\" src=\"https:\/\/vosgesinfo.fr\/app\/uploads\/sites\/3\/2025\/03\/capture-ecran-boum-carnaval3.jpg\" alt=\"\" width=\"636\" height=\"416\" srcset=\"https:\/\/vosgesinfo.fr\/app\/uploads\/sites\/3\/2025\/03\/capture-ecran-boum-carnaval3.jpg 636w, https:\/\/vosgesinfo.fr\/app\/uploads\/sites\/3\/2025\/03\/capture-ecran-boum-carnaval3-300x196.jpg 300w\" sizes=\"(max-width: 636px) 100vw, 636px\" \/><\/a><p id=\"caption-attachment-130075\" class=\"wp-caption-text\"><br \/>PBP-PHOTOGRAPHIE<\/p><\/div>\n<h2 data-start=\"404\" data-end=\"775\"><strong>Ce vendredi 21 mars, la cour de l\u2019\u00e9cole du 149\u00b0 R.I. s&rsquo;est transform\u00e9e en un v\u00e9ritable tourbillon de couleurs et de rires \u00e0 l\u2019occasion de la grande boum du Carnaval ! Organis\u00e9e par l\u2019Amicale du 149, cette f\u00eate tant attendue permet un moment festif et joyeux pour les 150 \u00e9l\u00e8ves de la maternelle et de l\u2019\u00e9l\u00e9mentaire, ainsi que leurs familles.<\/strong><\/h2>\n<h3 data-start=\"777\" data-end=\"814\">Un \u00e9v\u00e9nement haut en couleur<\/h3>\n<p data-start=\"815\" data-end=\"1118\">Les d\u00e9guisements \u00e9taient \u00e0 l\u2019honneur : princesses, super-h\u00e9ros, cowboys et autres costumes originaux envahiront l\u2019espace, ajoutant une touche de magie \u00e0 cette belle journ\u00e9e. Les parents et les enseignants \u00e9taient aussi invit\u00e9s \u00e0 se pr\u00eater au jeu, pour une ambiance encore plus immersive et conviviale.<\/p>\n<p data-start=\"1120\" data-end=\"1310\">Gr\u00e2ce \u00e0 l\u2019implication pr\u00e9cieuse des b\u00e9n\u00e9voles de l\u2019association et des enseignants, la f\u00eate battait son plein avec une boum g\u00e9ante et un go\u00fbter gourmand, de quoi ravir petits et grands !<\/p>\n<h3 data-start=\"1120\" data-end=\"1310\">Une deuxi\u00e8me \u00e9dition sous le signe de la solidarit\u00e9<\/h3>\n<p data-start=\"1373\" data-end=\"1697\">Ce Carnaval n\u2019est pas qu\u2019une simple f\u00eate : il s\u2019inscrit dans un calendrier d\u2019actions dynamiques destin\u00e9es \u00e0 financer des projets culturels, \u00e9ducatifs et r\u00e9cr\u00e9atifs pour les \u00e9l\u00e8ves. Forte de ses 50 adh\u00e9rents engag\u00e9s, l\u2019Amicale du 149 multiplie les initiatives pour cr\u00e9er du lien et enrichir la vie scolaire.<\/p>\n\n\t\t<style type=\"text\/css\">\n\t\t\t#gallery-1 {\n\t\t\t\tmargin: auto;\n\t\t\t}\n\t\t\t#gallery-1 .gallery-item {\n\t\t\t\tfloat: left;\n\t\t\t\tmargin-top: 10px;\n\t\t\t\ttext-align: center;\n\t\t\t\twidth: 33%;\n\t\t\t}\n\t\t\t#gallery-1 img {\n\t\t\t\tborder: 2px solid #cfcfcf;\n\t\t\t}\n\t\t\t#gallery-1 .gallery-caption {\n\t\t\t\tmargin-left: 0;\n\t\t\t}\n\t\t\t\/* see gallery_shortcode() in wp-includes\/media.php *\/\n\t\t<\/style>\n\t\t<div id='gallery-1' class='gallery galleryid-129687 gallery-columns-3 gallery-size-large'><dl class='gallery-item'>\n\t\t\t<dt class='gallery-icon landscape'>\n\t\t\t\t<a href='https:\/\/vosgesinfo.fr\/app\/uploads\/sites\/3\/2025\/03\/capture-ecran-boum-carnaval.jpg'><img decoding=\"async\" width=\"641\" height=\"416\" src=\"https:\/\/vosgesinfo.fr\/app\/uploads\/sites\/3\/2025\/03\/capture-ecran-boum-carnaval.jpg\" class=\"attachment-large size-large\" alt=\"\" aria-describedby=\"gallery-1-130076\" srcset=\"https:\/\/vosgesinfo.fr\/app\/uploads\/sites\/3\/2025\/03\/capture-ecran-boum-carnaval.jpg 641w, https:\/\/vosgesinfo.fr\/app\/uploads\/sites\/3\/2025\/03\/capture-ecran-boum-carnaval-300x195.jpg 300w\" sizes=\"(max-width: 641px) 100vw, 641px\" \/><\/a>\n\t\t\t<\/dt>\n\t\t\t\t<dd class='wp-caption-text gallery-caption' id='gallery-1-130076'>\n\t\t\t\t\nPBP-PHOTOGRAPHIE\n\t\t\t\t<\/dd><\/dl><dl class='gallery-item'>\n\t\t\t<dt class='gallery-icon landscape'>\n\t\t\t\t<a href='https:\/\/vosgesinfo.fr\/app\/uploads\/sites\/3\/2025\/03\/capture-ecran-boum-carnaval2.jpg'><img decoding=\"async\" width=\"630\" height=\"418\" src=\"https:\/\/vosgesinfo.fr\/app\/uploads\/sites\/3\/2025\/03\/capture-ecran-boum-carnaval2.jpg\" class=\"attachment-large size-large\" alt=\"\" aria-describedby=\"gallery-1-130077\" srcset=\"https:\/\/vosgesinfo.fr\/app\/uploads\/sites\/3\/2025\/03\/capture-ecran-boum-carnaval2.jpg 630w, https:\/\/vosgesinfo.fr\/app\/uploads\/sites\/3\/2025\/03\/capture-ecran-boum-carnaval2-300x199.jpg 300w\" sizes=\"(max-width: 630px) 100vw, 630px\" \/><\/a>\n\t\t\t<\/dt>\n\t\t\t\t<dd class='wp-caption-text gallery-caption' id='gallery-1-130077'>\n\t\t\t\t\nPBP-PHOTOGRAPHIE\n\t\t\t\t<\/dd><\/dl><dl class='gallery-item'>\n\t\t\t<dt class='gallery-icon landscape'>\n\t\t\t\t<a href='https:\/\/vosgesinfo.fr\/app\/uploads\/sites\/3\/2025\/03\/capture-ecran-boum-carnaval4.jpg'><img decoding=\"async\" width=\"638\" height=\"420\" src=\"https:\/\/vosgesinfo.fr\/app\/uploads\/sites\/3\/2025\/03\/capture-ecran-boum-carnaval4.jpg\" class=\"attachment-large size-large\" alt=\"\" aria-describedby=\"gallery-1-130078\" srcset=\"https:\/\/vosgesinfo.fr\/app\/uploads\/sites\/3\/2025\/03\/capture-ecran-boum-carnaval4.jpg 638w, https:\/\/vosgesinfo.fr\/app\/uploads\/sites\/3\/2025\/03\/capture-ecran-boum-carnaval4-300x197.jpg 300w\" sizes=\"(max-width: 638px) 100vw, 638px\" \/><\/a>\n\t\t\t<\/dt>\n\t\t\t\t<dd class='wp-caption-text gallery-caption' id='gallery-1-130078'>\n\t\t\t\t\nPBP-PHOTOGRAPHIE\n\t\t\t\t<\/dd><\/dl><br style=\"clear: both\" \/><dl class='gallery-item'>\n\t\t\t<dt class='gallery-icon landscape'>\n\t\t\t\t<a href='https:\/\/vosgesinfo.fr\/app\/uploads\/sites\/3\/2025\/03\/capture-ecran-boum-carnaval5.jpg'><img decoding=\"async\" width=\"640\" height=\"421\" src=\"https:\/\/vosgesinfo.fr\/app\/uploads\/sites\/3\/2025\/03\/capture-ecran-boum-carnaval5.jpg\" class=\"attachment-large size-large\" alt=\"\" aria-describedby=\"gallery-1-130079\" srcset=\"https:\/\/vosgesinfo.fr\/app\/uploads\/sites\/3\/2025\/03\/capture-ecran-boum-carnaval5.jpg 640w, https:\/\/vosgesinfo.fr\/app\/uploads\/sites\/3\/2025\/03\/capture-ecran-boum-carnaval5-300x197.jpg 300w\" sizes=\"(max-width: 640px) 100vw, 640px\" \/><\/a>\n\t\t\t<\/dt>\n\t\t\t\t<dd class='wp-caption-text gallery-caption' id='gallery-1-130079'>\n\t\t\t\t\nPBP-PHOTOGRAPHIE\n\t\t\t\t<\/dd><\/dl><dl class='gallery-item'>\n\t\t\t<dt class='gallery-icon landscape'>\n\t\t\t\t<a href='https:\/\/vosgesinfo.fr\/app\/uploads\/sites\/3\/2025\/03\/capture-ecran-boum-carnaval6.jpg'><img decoding=\"async\" width=\"627\" height=\"416\" src=\"https:\/\/vosgesinfo.fr\/app\/uploads\/sites\/3\/2025\/03\/capture-ecran-boum-carnaval6.jpg\" class=\"attachment-large size-large\" alt=\"\" aria-describedby=\"gallery-1-130080\" srcset=\"https:\/\/vosgesinfo.fr\/app\/uploads\/sites\/3\/2025\/03\/capture-ecran-boum-carnaval6.jpg 627w, https:\/\/vosgesinfo.fr\/app\/uploads\/sites\/3\/2025\/03\/capture-ecran-boum-carnaval6-300x199.jpg 300w\" sizes=\"(max-width: 627px) 100vw, 627px\" \/><\/a>\n\t\t\t<\/dt>\n\t\t\t\t<dd class='wp-caption-text gallery-caption' id='gallery-1-130080'>\n\t\t\t\t\nPBP-PHOTOGRAPHIE\n\t\t\t\t<\/dd><\/dl><dl class='gallery-item'>\n\t\t\t<dt class='gallery-icon landscape'>\n\t\t\t\t<a href='https:\/\/vosgesinfo.fr\/app\/uploads\/sites\/3\/2025\/03\/capture-ecran-boum-carnaval7.jpg'><img decoding=\"async\" width=\"634\" height=\"416\" src=\"https:\/\/vosgesinfo.fr\/app\/uploads\/sites\/3\/2025\/03\/capture-ecran-boum-carnaval7.jpg\" class=\"attachment-large size-large\" alt=\"\" aria-describedby=\"gallery-1-130081\" srcset=\"https:\/\/vosgesinfo.fr\/app\/uploads\/sites\/3\/2025\/03\/capture-ecran-boum-carnaval7.jpg 634w, https:\/\/vosgesinfo.fr\/app\/uploads\/sites\/3\/2025\/03\/capture-ecran-boum-carnaval7-300x197.jpg 300w\" sizes=\"(max-width: 634px) 100vw, 634px\" \/><\/a>\n\t\t\t<\/dt>\n\t\t\t\t<dd class='wp-caption-text gallery-caption' id='gallery-1-130081'>\n\t\t\t\tPBP-PHOTOGRAPHIE\n\t\t\t\t<\/dd><\/dl><br style=\"clear: both\" \/>\n\t\t<\/div>\n\n<p data-start=\"1373\" data-end=\"1697\">\n","protected":false},"excerpt":{"rendered":"<p>Ce vendredi 21 mars, la cour de l\u2019\u00e9cole du 149\u00b0 R.I. s&rsquo;est transform\u00e9e en un v\u00e9ritable tourbillon de couleurs et [&hellip;]<\/p>\n","protected":false},"author":52,"featured_media":130075,"comment_status":"open","ping_status":"open","sticky":false,"template":"","format":"standard","meta":{"footnotes":""},"categories":[22,24],"tags":[],"class_list":["post-129687","post","type-post","status-publish","format-standard","has-post-thumbnail","hentry","category-a-la-une","category-epinal"],"acf":[],"yoast_head":"<!-- This site is optimized with the Yoast SEO plugin v22.5 - https:\/\/yoast.com\/wordpress\/plugins\/seo\/ -->\n<title>F\u00eate et bonne humeur : le Carnaval anime l\u2019\u00e9cole du 149\u00b0 R.I. ! - Epinal Info<\/title>\n<meta name=\"robots\" content=\"index, follow, max-snippet:-1, max-image-preview:large, max-video-preview:-1\" \/>\n<link rel=\"canonical\" href=\"https:\/\/vosgesinfo.fr\/epinalinfo\/2025\/03\/fete-et-bonne-humeur-le-carnaval-anime-lecole-du-149-r-i\/\" \/>\n<meta name=\"twitter:card\" content=\"summary_large_image\" \/>\n<meta name=\"twitter:title\" content=\"F\u00eate et bonne humeur : le Carnaval anime l\u2019\u00e9cole du 149\u00b0 R.I. ! - Epinal Info\" \/>\n<meta name=\"twitter:description\" content=\"Ce vendredi 21 mars, la cour de l\u2019\u00e9cole du 149\u00b0 R.I. s&rsquo;est transform\u00e9e en un v\u00e9ritable tourbillon de couleurs et [&hellip;]\" \/>\n<meta name=\"twitter:image\" content=\"https:\/\/vosgesinfo.fr\/app\/uploads\/sites\/3\/2025\/03\/capture-ecran-boum-carnaval3.jpg\" \/>\n<meta name=\"twitter:creator\" content=\"@VosgesInfo88\" \/>\n<meta name=\"twitter:site\" content=\"@VosgesInfo88\" \/>\n<meta name=\"twitter:label1\" content=\"\u00c9crit par\" \/>\n\t<meta name=\"twitter:data1\" content=\"C.K.\" \/>\n\t<meta name=\"twitter:label2\" content=\"Dur\u00e9e de lecture estim\u00e9e\" \/>\n\t<meta name=\"twitter:data2\" content=\"2 minutes\" \/>\n<script type=\"application\/ld+json\" class=\"yoast-schema-graph\">{\"@context\":\"https:\/\/schema.org\",\"@graph\":[{\"@type\":\"Article\",\"@id\":\"https:\/\/vosgesinfo.fr\/epinalinfo\/2025\/03\/fete-et-bonne-humeur-le-carnaval-anime-lecole-du-149-r-i\/#article\",\"isPartOf\":{\"@id\":\"https:\/\/vosgesinfo.fr\/epinalinfo\/2025\/03\/fete-et-bonne-humeur-le-carnaval-anime-lecole-du-149-r-i\/\"},\"author\":{\"name\":\"C.K.\",\"@id\":\"https:\/\/vosgesinfo.fr\/epinalinfo\/#\/schema\/person\/6f9a650eeea99d969b6c4ab78fccbe81\"},\"headline\":\"F\u00eate et bonne humeur : le Carnaval anime l\u2019\u00e9cole du 149\u00b0 R.I. !\",\"datePublished\":\"2025-03-22T08:05:51+00:00\",\"dateModified\":\"2025-03-22T08:03:42+00:00\",\"mainEntityOfPage\":{\"@id\":\"https:\/\/vosgesinfo.fr\/epinalinfo\/2025\/03\/fete-et-bonne-humeur-le-carnaval-anime-lecole-du-149-r-i\/\"},\"wordCount\":252,\"commentCount\":0,\"publisher\":{\"@id\":\"https:\/\/vosgesinfo.fr\/epinalinfo\/#organization\"},\"image\":{\"@id\":\"https:\/\/vosgesinfo.fr\/epinalinfo\/2025\/03\/fete-et-bonne-humeur-le-carnaval-anime-lecole-du-149-r-i\/#primaryimage\"},\"thumbnailUrl\":\"https:\/\/vosgesinfo.fr\/app\/uploads\/sites\/3\/2025\/03\/capture-ecran-boum-carnaval3.jpg\",\"articleSection\":[\"A la Une\",\"Epinal\"],\"inLanguage\":\"fr-FR\",\"potentialAction\":[{\"@type\":\"CommentAction\",\"name\":\"Comment\",\"target\":[\"https:\/\/vosgesinfo.fr\/epinalinfo\/2025\/03\/fete-et-bonne-humeur-le-carnaval-anime-lecole-du-149-r-i\/#respond\"]}]},{\"@type\":\"WebPage\",\"@id\":\"https:\/\/vosgesinfo.fr\/epinalinfo\/2025\/03\/fete-et-bonne-humeur-le-carnaval-anime-lecole-du-149-r-i\/\",\"url\":\"https:\/\/vosgesinfo.fr\/epinalinfo\/2025\/03\/fete-et-bonne-humeur-le-carnaval-anime-lecole-du-149-r-i\/\",\"name\":\"F\u00eate et bonne humeur : le Carnaval anime l\u2019\u00e9cole du 149\u00b0 R.I. ! - Epinal Info\",\"isPartOf\":{\"@id\":\"https:\/\/vosgesinfo.fr\/epinalinfo\/#website\"},\"primaryImageOfPage\":{\"@id\":\"https:\/\/vosgesinfo.fr\/epinalinfo\/2025\/03\/fete-et-bonne-humeur-le-carnaval-anime-lecole-du-149-r-i\/#primaryimage\"},\"image\":{\"@id\":\"https:\/\/vosgesinfo.fr\/epinalinfo\/2025\/03\/fete-et-bonne-humeur-le-carnaval-anime-lecole-du-149-r-i\/#primaryimage\"},\"thumbnailUrl\":\"https:\/\/vosgesinfo.fr\/app\/uploads\/sites\/3\/2025\/03\/capture-ecran-boum-carnaval3.jpg\",\"datePublished\":\"2025-03-22T08:05:51+00:00\",\"dateModified\":\"2025-03-22T08:03:42+00:00\",\"breadcrumb\":{\"@id\":\"https:\/\/vosgesinfo.fr\/epinalinfo\/2025\/03\/fete-et-bonne-humeur-le-carnaval-anime-lecole-du-149-r-i\/#breadcrumb\"},\"inLanguage\":\"fr-FR\",\"potentialAction\":[{\"@type\":\"ReadAction\",\"target\":[\"https:\/\/vosgesinfo.fr\/epinalinfo\/2025\/03\/fete-et-bonne-humeur-le-carnaval-anime-lecole-du-149-r-i\/\"]}]},{\"@type\":\"ImageObject\",\"inLanguage\":\"fr-FR\",\"@id\":\"https:\/\/vosgesinfo.fr\/epinalinfo\/2025\/03\/fete-et-bonne-humeur-le-carnaval-anime-lecole-du-149-r-i\/#primaryimage\",\"url\":\"https:\/\/vosgesinfo.fr\/app\/uploads\/sites\/3\/2025\/03\/capture-ecran-boum-carnaval3.jpg\",\"contentUrl\":\"https:\/\/vosgesinfo.fr\/app\/uploads\/sites\/3\/2025\/03\/capture-ecran-boum-carnaval3.jpg\",\"width\":636,\"height\":416,\"caption\":\"PBP-PHOTOGRAPHIE\"},{\"@type\":\"BreadcrumbList\",\"@id\":\"https:\/\/vosgesinfo.fr\/epinalinfo\/2025\/03\/fete-et-bonne-humeur-le-carnaval-anime-lecole-du-149-r-i\/#breadcrumb\",\"itemListElement\":[{\"@type\":\"ListItem\",\"position\":1,\"name\":\"Home\",\"item\":\"https:\/\/vosgesinfo.fr\/epinalinfo\/\"},{\"@type\":\"ListItem\",\"position\":2,\"name\":\"F\u00eate et bonne humeur : le Carnaval anime l\u2019\u00e9cole du 149\u00b0 R.I. !\"}]},{\"@type\":\"WebSite\",\"@id\":\"https:\/\/vosgesinfo.fr\/epinalinfo\/#website\",\"url\":\"https:\/\/vosgesinfo.fr\/epinalinfo\/\",\"name\":\"Epinal Info\",\"description\":\"Toute l&#039;actualit\u00e9 d&#039;\u00c9pinal\",\"publisher\":{\"@id\":\"https:\/\/vosgesinfo.fr\/epinalinfo\/#organization\"},\"alternateName\":\"Toute l'actualit\u00e9 d'\u00c9pinal\",\"potentialAction\":[{\"@type\":\"SearchAction\",\"target\":{\"@type\":\"EntryPoint\",\"urlTemplate\":\"https:\/\/vosgesinfo.fr\/epinalinfo\/?s={search_term_string}\"},\"query-input\":\"required name=search_term_string\"}],\"inLanguage\":\"fr-FR\"},{\"@type\":\"Organization\",\"@id\":\"https:\/\/vosgesinfo.fr\/epinalinfo\/#organization\",\"name\":\"Epinal Info\",\"url\":\"https:\/\/vosgesinfo.fr\/epinalinfo\/\",\"logo\":{\"@type\":\"ImageObject\",\"inLanguage\":\"fr-FR\",\"@id\":\"https:\/\/vosgesinfo.fr\/epinalinfo\/#\/schema\/logo\/image\/\",\"url\":\"https:\/\/vosgesinfo.fr\/app\/uploads\/sites\/3\/2023\/08\/logo-epinalinfos.svg\",\"contentUrl\":\"https:\/\/vosgesinfo.fr\/app\/uploads\/sites\/3\/2023\/08\/logo-epinalinfos.svg\",\"width\":1,\"height\":1,\"caption\":\"Epinal Info\"},\"image\":{\"@id\":\"https:\/\/vosgesinfo.fr\/epinalinfo\/#\/schema\/logo\/image\/\"},\"sameAs\":[\"https:\/\/www.facebook.com\/Epinalinfos\",\"https:\/\/x.com\/VosgesInfo88\",\"https:\/\/www.youtube.com\/@vosgesinfo\"]},{\"@type\":\"Person\",\"@id\":\"https:\/\/vosgesinfo.fr\/epinalinfo\/#\/schema\/person\/6f9a650eeea99d969b6c4ab78fccbe81\",\"name\":\"C.K.\",\"image\":{\"@type\":\"ImageObject\",\"inLanguage\":\"fr-FR\",\"@id\":\"https:\/\/vosgesinfo.fr\/epinalinfo\/#\/schema\/person\/image\/\",\"url\":\"https:\/\/secure.gravatar.com\/avatar\/48e3fc7f8421ba8942be6b74a2b7f014ca39bc00dece156b7a8e098ae7dc87bf?s=96&d=mm&r=g\",\"contentUrl\":\"https:\/\/secure.gravatar.com\/avatar\/48e3fc7f8421ba8942be6b74a2b7f014ca39bc00dece156b7a8e098ae7dc87bf?s=96&d=mm&r=g\",\"caption\":\"C.K.\"},\"url\":\"https:\/\/vosgesinfo.fr\/epinalinfo\/author\/celia-k-n\/\"}]}<\/script>\n<!-- \/ Yoast SEO plugin. -->","yoast_head_json":{"title":"F\u00eate et bonne humeur : le Carnaval anime l\u2019\u00e9cole du 149\u00b0 R.I. ! - Epinal Info","robots":{"index":"index","follow":"follow","max-snippet":"max-snippet:-1","max-image-preview":"max-image-preview:large","max-video-preview":"max-video-preview:-1"},"canonical":"https:\/\/vosgesinfo.fr\/epinalinfo\/2025\/03\/fete-et-bonne-humeur-le-carnaval-anime-lecole-du-149-r-i\/","twitter_card":"summary_large_image","twitter_title":"F\u00eate et bonne humeur : le Carnaval anime l\u2019\u00e9cole du 149\u00b0 R.I. ! - Epinal Info","twitter_description":"Ce vendredi 21 mars, la cour de l\u2019\u00e9cole du 149\u00b0 R.I. s&rsquo;est transform\u00e9e en un v\u00e9ritable tourbillon de couleurs et [&hellip;]","twitter_image":"https:\/\/vosgesinfo.fr\/app\/uploads\/sites\/3\/2025\/03\/capture-ecran-boum-carnaval3.jpg","twitter_creator":"@VosgesInfo88","twitter_site":"@VosgesInfo88","twitter_misc":{"\u00c9crit par":"C.K.","Dur\u00e9e de lecture estim\u00e9e":"2 minutes"},"schema":{"@context":"https:\/\/schema.org","@graph":[{"@type":"Article","@id":"https:\/\/vosgesinfo.fr\/epinalinfo\/2025\/03\/fete-et-bonne-humeur-le-carnaval-anime-lecole-du-149-r-i\/#article","isPartOf":{"@id":"https:\/\/vosgesinfo.fr\/epinalinfo\/2025\/03\/fete-et-bonne-humeur-le-carnaval-anime-lecole-du-149-r-i\/"},"author":{"name":"C.K.","@id":"https:\/\/vosgesinfo.fr\/epinalinfo\/#\/schema\/person\/6f9a650eeea99d969b6c4ab78fccbe81"},"headline":"F\u00eate et bonne humeur : le Carnaval anime l\u2019\u00e9cole du 149\u00b0 R.I. !","datePublished":"2025-03-22T08:05:51+00:00","dateModified":"2025-03-22T08:03:42+00:00","mainEntityOfPage":{"@id":"https:\/\/vosgesinfo.fr\/epinalinfo\/2025\/03\/fete-et-bonne-humeur-le-carnaval-anime-lecole-du-149-r-i\/"},"wordCount":252,"commentCount":0,"publisher":{"@id":"https:\/\/vosgesinfo.fr\/epinalinfo\/#organization"},"image":{"@id":"https:\/\/vosgesinfo.fr\/epinalinfo\/2025\/03\/fete-et-bonne-humeur-le-carnaval-anime-lecole-du-149-r-i\/#primaryimage"},"thumbnailUrl":"https:\/\/vosgesinfo.fr\/app\/uploads\/sites\/3\/2025\/03\/capture-ecran-boum-carnaval3.jpg","articleSection":["A la Une","Epinal"],"inLanguage":"fr-FR","potentialAction":[{"@type":"CommentAction","name":"Comment","target":["https:\/\/vosgesinfo.fr\/epinalinfo\/2025\/03\/fete-et-bonne-humeur-le-carnaval-anime-lecole-du-149-r-i\/#respond"]}]},{"@type":"WebPage","@id":"https:\/\/vosgesinfo.fr\/epinalinfo\/2025\/03\/fete-et-bonne-humeur-le-carnaval-anime-lecole-du-149-r-i\/","url":"https:\/\/vosgesinfo.fr\/epinalinfo\/2025\/03\/fete-et-bonne-humeur-le-carnaval-anime-lecole-du-149-r-i\/","name":"F\u00eate et bonne humeur : le Carnaval anime l\u2019\u00e9cole du 149\u00b0 R.I. ! - Epinal Info","isPartOf":{"@id":"https:\/\/vosgesinfo.fr\/epinalinfo\/#website"},"primaryImageOfPage":{"@id":"https:\/\/vosgesinfo.fr\/epinalinfo\/2025\/03\/fete-et-bonne-humeur-le-carnaval-anime-lecole-du-149-r-i\/#primaryimage"},"image":{"@id":"https:\/\/vosgesinfo.fr\/epinalinfo\/2025\/03\/fete-et-bonne-humeur-le-carnaval-anime-lecole-du-149-r-i\/#primaryimage"},"thumbnailUrl":"https:\/\/vosgesinfo.fr\/app\/uploads\/sites\/3\/2025\/03\/capture-ecran-boum-carnaval3.jpg","datePublished":"2025-03-22T08:05:51+00:00","dateModified":"2025-03-22T08:03:42+00:00","breadcrumb":{"@id":"https:\/\/vosgesinfo.fr\/epinalinfo\/2025\/03\/fete-et-bonne-humeur-le-carnaval-anime-lecole-du-149-r-i\/#breadcrumb"},"inLanguage":"fr-FR","potentialAction":[{"@type":"ReadAction","target":["https:\/\/vosgesinfo.fr\/epinalinfo\/2025\/03\/fete-et-bonne-humeur-le-carnaval-anime-lecole-du-149-r-i\/"]}]},{"@type":"ImageObject","inLanguage":"fr-FR","@id":"https:\/\/vosgesinfo.fr\/epinalinfo\/2025\/03\/fete-et-bonne-humeur-le-carnaval-anime-lecole-du-149-r-i\/#primaryimage","url":"https:\/\/vosgesinfo.fr\/app\/uploads\/sites\/3\/2025\/03\/capture-ecran-boum-carnaval3.jpg","contentUrl":"https:\/\/vosgesinfo.fr\/app\/uploads\/sites\/3\/2025\/03\/capture-ecran-boum-carnaval3.jpg","width":636,"height":416,"caption":"PBP-PHOTOGRAPHIE"},{"@type":"BreadcrumbList","@id":"https:\/\/vosgesinfo.fr\/epinalinfo\/2025\/03\/fete-et-bonne-humeur-le-carnaval-anime-lecole-du-149-r-i\/#breadcrumb","itemListElement":[{"@type":"ListItem","position":1,"name":"Home","item":"https:\/\/vosgesinfo.fr\/epinalinfo\/"},{"@type":"ListItem","position":2,"name":"F\u00eate et bonne humeur : le Carnaval anime l\u2019\u00e9cole du 149\u00b0 R.I. !"}]},{"@type":"WebSite","@id":"https:\/\/vosgesinfo.fr\/epinalinfo\/#website","url":"https:\/\/vosgesinfo.fr\/epinalinfo\/","name":"Epinal Info","description":"Toute l&#039;actualit\u00e9 d&#039;\u00c9pinal","publisher":{"@id":"https:\/\/vosgesinfo.fr\/epinalinfo\/#organization"},"alternateName":"Toute l'actualit\u00e9 d'\u00c9pinal","potentialAction":[{"@type":"SearchAction","target":{"@type":"EntryPoint","urlTemplate":"https:\/\/vosgesinfo.fr\/epinalinfo\/?s={search_term_string}"},"query-input":"required name=search_term_string"}],"inLanguage":"fr-FR"},{"@type":"Organization","@id":"https:\/\/vosgesinfo.fr\/epinalinfo\/#organization","name":"Epinal Info","url":"https:\/\/vosgesinfo.fr\/epinalinfo\/","logo":{"@type":"ImageObject","inLanguage":"fr-FR","@id":"https:\/\/vosgesinfo.fr\/epinalinfo\/#\/schema\/logo\/image\/","url":"https:\/\/vosgesinfo.fr\/app\/uploads\/sites\/3\/2023\/08\/logo-epinalinfos.svg","contentUrl":"https:\/\/vosgesinfo.fr\/app\/uploads\/sites\/3\/2023\/08\/logo-epinalinfos.svg","width":1,"height":1,"caption":"Epinal Info"},"image":{"@id":"https:\/\/vosgesinfo.fr\/epinalinfo\/#\/schema\/logo\/image\/"},"sameAs":["https:\/\/www.facebook.com\/Epinalinfos","https:\/\/x.com\/VosgesInfo88","https:\/\/www.youtube.com\/@vosgesinfo"]},{"@type":"Person","@id":"https:\/\/vosgesinfo.fr\/epinalinfo\/#\/schema\/person\/6f9a650eeea99d969b6c4ab78fccbe81","name":"C.K.","image":{"@type":"ImageObject","inLanguage":"fr-FR","@id":"https:\/\/vosgesinfo.fr\/epinalinfo\/#\/schema\/person\/image\/","url":"https:\/\/secure.gravatar.com\/avatar\/48e3fc7f8421ba8942be6b74a2b7f014ca39bc00dece156b7a8e098ae7dc87bf?s=96&d=mm&r=g","contentUrl":"https:\/\/secure.gravatar.com\/avatar\/48e3fc7f8421ba8942be6b74a2b7f014ca39bc00dece156b7a8e098ae7dc87bf?s=96&d=mm&r=g","caption":"C.K."},"url":"https:\/\/vosgesinfo.fr\/epinalinfo\/author\/celia-k-n\/"}]}},"_links":{"self":[{"href":"https:\/\/vosgesinfo.fr\/epinalinfo\/wp-json\/wp\/v2\/posts\/129687","targetHints":{"allow":["GET"]}}],"collection":[{"href":"https:\/\/vosgesinfo.fr\/epinalinfo\/wp-json\/wp\/v2\/posts"}],"about":[{"href":"https:\/\/vosgesinfo.fr\/epinalinfo\/wp-json\/wp\/v2\/types\/post"}],"author":[{"embeddable":true,"href":"https:\/\/vosgesinfo.fr\/epinalinfo\/wp-json\/wp\/v2\/users\/52"}],"replies":[{"embeddable":true,"href":"https:\/\/vosgesinfo.fr\/epinalinfo\/wp-json\/wp\/v2\/comments?post=129687"}],"version-history":[{"count":2,"href":"https:\/\/vosgesinfo.fr\/epinalinfo\/wp-json\/wp\/v2\/posts\/129687\/revisions"}],"predecessor-version":[{"id":130082,"href":"https:\/\/vosgesinfo.fr\/epinalinfo\/wp-json\/wp\/v2\/posts\/129687\/revisions\/130082"}],"wp:featuredmedia":[{"embeddable":true,"href":"https:\/\/vosgesinfo.fr\/epinalinfo\/wp-json\/wp\/v2\/media\/130075"}],"wp:attachment":[{"href":"https:\/\/vosgesinfo.fr\/epinalinfo\/wp-json\/wp\/v2\/media?parent=129687"}],"wp:term":[{"taxonomy":"category","embeddable":true,"href":"https:\/\/vosgesinfo.fr\/epinalinfo\/wp-json\/wp\/v2\/categories?post=129687"},{"taxonomy":"post_tag","embeddable":true,"href":"https:\/\/vosgesinfo.fr\/epinalinfo\/wp-json\/wp\/v2\/tags?post=129687"}],"curies":[{"name":"wp","href":"https:\/\/api.w.org\/{rel}","templated":true}]}}