{"id":129740,"date":"2025-03-17T09:15:32","date_gmt":"2025-03-17T08:15:32","guid":{"rendered":"https:\/\/vosgesinfo.fr\/epinalinfo\/?p=129740"},"modified":"2025-03-17T09:12:41","modified_gmt":"2025-03-17T08:12:41","slug":"30eme-edition-du-concours-international-de-piano-depinal-du-22-au-30-mars","status":"publish","type":"post","link":"https:\/\/vosgesinfo.fr\/epinalinfo\/2025\/03\/30eme-edition-du-concours-international-de-piano-depinal-du-22-au-30-mars\/","title":{"rendered":"30\u00e8me \u00e9dition du Concours International de Piano d&rsquo;Epinal du 22 au 30 mars"},"content":{"rendered":"<h2><span style=\"font-size: 12pt;\"><a href=\"https:\/\/vosgesinfo.fr\/app\/uploads\/sites\/3\/2025\/03\/concours-international-de-piano-24.jpg\"><img decoding=\"async\" class=\"aligncenter size-full wp-image-129741\" src=\"https:\/\/vosgesinfo.fr\/app\/uploads\/sites\/3\/2025\/03\/concours-international-de-piano-24.jpg\" alt=\"\" width=\"1920\" height=\"1858\" srcset=\"https:\/\/vosgesinfo.fr\/app\/uploads\/sites\/3\/2025\/03\/concours-international-de-piano-24.jpg 1920w, https:\/\/vosgesinfo.fr\/app\/uploads\/sites\/3\/2025\/03\/concours-international-de-piano-24-300x290.jpg 300w, https:\/\/vosgesinfo.fr\/app\/uploads\/sites\/3\/2025\/03\/concours-international-de-piano-24-1024x991.jpg 1024w, https:\/\/vosgesinfo.fr\/app\/uploads\/sites\/3\/2025\/03\/concours-international-de-piano-24-768x743.jpg 768w, https:\/\/vosgesinfo.fr\/app\/uploads\/sites\/3\/2025\/03\/concours-international-de-piano-24-1536x1486.jpg 1536w\" sizes=\"(max-width: 1920px) 100vw, 1920px\" \/><\/a>La musique sera reine \u00e0 Epinal du samedi 22 au dimanche 30 mars, avec la trenti\u00e8me \u00e9dition du Concours International de Piano. Une pr\u00e9-s\u00e9lection ayant \u00e9t\u00e9 mise en place pour la premi\u00e8re fois, le niveau s&rsquo;annonce particuli\u00e8rement \u00e9lev\u00e9. Le public pourra assister gratuitement aux \u00e9preuves toute la semaine au th\u00e9\u00e2tre.<\/span><\/h2>\n<p><span style=\"font-size: 12pt;\">\u00a0<\/span><\/p>\n<p><span style=\"font-size: 12pt;\">Ils seront pr\u00e8s d&rsquo;une soixantaine, repr\u00e9sentant 17 nationalit\u00e9s, les jeunes pianistes de 16 \u00e0 30 ans, qui vont arriver \u00e0 Epinal vendredi 21, avec l&rsquo;espoir de faire partie des 4 finalistes.<\/span><\/p>\n<p><span style=\"font-size: 12pt;\">La premi\u00e8re \u00e9preuve d\u00e9butera le samedi 22 au matin et s&rsquo;\u00e9talera sur 3 jours, avec des programmes \u00e9clectiques de 20 minutes. Une partie seulement des jeunes musiciens sera retenue pour la deuxi\u00e8me \u00e9preuve mardi et mercredi (35 minutes). Rel\u00e2che jeudi, avant la demi-finale pour 8 \u00e0 10 pianistes (50 minutes).<\/span><\/p>\n<p><span style=\"font-size: 12pt;\">Le public peut entrer et sortir de la salle entre deux prestations. Les \u00e9preuves ont lieu en journ\u00e9e. Les horaires pr\u00e9cis seront publi\u00e9s sur le site internet du Concours, qui est mis \u00e0 jour tout au long de la semaine.<\/span><\/p>\n<p><span style=\"font-size: 12pt;\">4 jeunes virtuoses seront enfin retenus pour la finale le dimanche 30 mars \u00e0 la Rotonde de Thaon-les-Vosges, sous la forme d&rsquo;un concert payant. Ils interpr\u00e8teront 4 concertos avec l&rsquo;Orchestre national de Metz Grand Est.<\/span><\/p>\n<p><a href=\"https:\/\/www.concours-international-piano-epinal.org\/fr\/\"><span style=\"font-size: 12pt;\">https:\/\/www.concours-international-piano-epinal.org\/fr\/<\/span><\/a><\/p>\n<p><span style=\"font-size: 12pt;\">\u00a0<\/span><\/p>\n<p><span style=\"font-size: 12pt;\"><b>&#8211; Auditions gratuites au th\u00e9\u00e2tre du samedi 22 au vendredi 28 inclus (sauf le jeudi).<\/b><\/span><\/p>\n<p><span style=\"font-size: 12pt;\"><b>&#8211; Finale le dimanche 30 mars \u00e0 15h \u00e0 la Rotonde de Thaon-les-Vosges. 25 et 20 euros. Demi-tarif pour les moins de 25 ans, gratuit pour les moins de 12 ans. R\u00e9servations \u00e0 l&rsquo;Office du Tourisme \u00e0 partir du vendredi 21 mars.<\/b><\/span><\/p>\n","protected":false},"excerpt":{"rendered":"<p>La musique sera reine \u00e0 Epinal du samedi 22 au dimanche 30 mars, avec la trenti\u00e8me \u00e9dition du Concours International [&hellip;]<\/p>\n","protected":false},"author":52,"featured_media":129741,"comment_status":"open","ping_status":"open","sticky":false,"template":"","format":"standard","meta":{"footnotes":""},"categories":[22,24,6056,6057,28,6055,6155,5],"tags":[5278],"class_list":["post-129740","post","type-post","status-publish","format-standard","has-post-thumbnail","hentry","category-a-la-une","category-epinal","category-gerardmer","category-la-plaine-des-vosges","category-musique","category-remiremont","category-saint-die","category-vosges","tag-concours-international-de-piano-depinal"],"acf":[],"yoast_head":"<!-- This site is optimized with the Yoast SEO plugin v22.5 - https:\/\/yoast.com\/wordpress\/plugins\/seo\/ -->\n<title>30\u00e8me \u00e9dition du Concours International de Piano d&#039;Epinal du 22 au 30 mars - Epinal Info<\/title>\n<meta name=\"robots\" content=\"index, follow, max-snippet:-1, max-image-preview:large, max-video-preview:-1\" \/>\n<link rel=\"canonical\" href=\"https:\/\/vosgesinfo.fr\/epinalinfo\/2025\/03\/30eme-edition-du-concours-international-de-piano-depinal-du-22-au-30-mars\/\" \/>\n<meta name=\"twitter:card\" content=\"summary_large_image\" \/>\n<meta name=\"twitter:title\" content=\"30\u00e8me \u00e9dition du Concours International de Piano d&#039;Epinal du 22 au 30 mars - Epinal Info\" \/>\n<meta name=\"twitter:description\" content=\"La musique sera reine \u00e0 Epinal du samedi 22 au dimanche 30 mars, avec la trenti\u00e8me \u00e9dition du Concours International [&hellip;]\" \/>\n<meta name=\"twitter:image\" content=\"https:\/\/vosgesinfo.fr\/app\/uploads\/sites\/3\/2025\/03\/concours-international-de-piano-24.jpg\" \/>\n<meta name=\"twitter:creator\" content=\"@VosgesInfo88\" \/>\n<meta name=\"twitter:site\" content=\"@VosgesInfo88\" \/>\n<meta name=\"twitter:label1\" content=\"\u00c9crit par\" \/>\n\t<meta name=\"twitter:data1\" content=\"C.K.\" \/>\n\t<meta name=\"twitter:label2\" content=\"Dur\u00e9e de lecture estim\u00e9e\" \/>\n\t<meta name=\"twitter:data2\" content=\"2 minutes\" \/>\n<script type=\"application\/ld+json\" class=\"yoast-schema-graph\">{\"@context\":\"https:\/\/schema.org\",\"@graph\":[{\"@type\":\"Article\",\"@id\":\"https:\/\/vosgesinfo.fr\/epinalinfo\/2025\/03\/30eme-edition-du-concours-international-de-piano-depinal-du-22-au-30-mars\/#article\",\"isPartOf\":{\"@id\":\"https:\/\/vosgesinfo.fr\/epinalinfo\/2025\/03\/30eme-edition-du-concours-international-de-piano-depinal-du-22-au-30-mars\/\"},\"author\":{\"name\":\"C.K.\",\"@id\":\"https:\/\/vosgesinfo.fr\/epinalinfo\/#\/schema\/person\/6f9a650eeea99d969b6c4ab78fccbe81\"},\"headline\":\"30\u00e8me \u00e9dition du Concours International de Piano d&rsquo;Epinal du 22 au 30 mars\",\"datePublished\":\"2025-03-17T08:15:32+00:00\",\"dateModified\":\"2025-03-17T08:12:41+00:00\",\"mainEntityOfPage\":{\"@id\":\"https:\/\/vosgesinfo.fr\/epinalinfo\/2025\/03\/30eme-edition-du-concours-international-de-piano-depinal-du-22-au-30-mars\/\"},\"wordCount\":271,\"commentCount\":0,\"publisher\":{\"@id\":\"https:\/\/vosgesinfo.fr\/epinalinfo\/#organization\"},\"image\":{\"@id\":\"https:\/\/vosgesinfo.fr\/epinalinfo\/2025\/03\/30eme-edition-du-concours-international-de-piano-depinal-du-22-au-30-mars\/#primaryimage\"},\"thumbnailUrl\":\"https:\/\/vosgesinfo.fr\/app\/uploads\/sites\/3\/2025\/03\/concours-international-de-piano-24.jpg\",\"keywords\":[\"Concours international de piano d\u2019Epinal\"],\"articleSection\":[\"A la Une\",\"Epinal\",\"Gerardmer\",\"La plaine des vosges\",\"Musique\",\"Remiremont\",\"Saint-di\u00e9\",\"Vosges\"],\"inLanguage\":\"fr-FR\",\"potentialAction\":[{\"@type\":\"CommentAction\",\"name\":\"Comment\",\"target\":[\"https:\/\/vosgesinfo.fr\/epinalinfo\/2025\/03\/30eme-edition-du-concours-international-de-piano-depinal-du-22-au-30-mars\/#respond\"]}]},{\"@type\":\"WebPage\",\"@id\":\"https:\/\/vosgesinfo.fr\/epinalinfo\/2025\/03\/30eme-edition-du-concours-international-de-piano-depinal-du-22-au-30-mars\/\",\"url\":\"https:\/\/vosgesinfo.fr\/epinalinfo\/2025\/03\/30eme-edition-du-concours-international-de-piano-depinal-du-22-au-30-mars\/\",\"name\":\"30\u00e8me \u00e9dition du Concours International de Piano d'Epinal du 22 au 30 mars - Epinal Info\",\"isPartOf\":{\"@id\":\"https:\/\/vosgesinfo.fr\/epinalinfo\/#website\"},\"primaryImageOfPage\":{\"@id\":\"https:\/\/vosgesinfo.fr\/epinalinfo\/2025\/03\/30eme-edition-du-concours-international-de-piano-depinal-du-22-au-30-mars\/#primaryimage\"},\"image\":{\"@id\":\"https:\/\/vosgesinfo.fr\/epinalinfo\/2025\/03\/30eme-edition-du-concours-international-de-piano-depinal-du-22-au-30-mars\/#primaryimage\"},\"thumbnailUrl\":\"https:\/\/vosgesinfo.fr\/app\/uploads\/sites\/3\/2025\/03\/concours-international-de-piano-24.jpg\",\"datePublished\":\"2025-03-17T08:15:32+00:00\",\"dateModified\":\"2025-03-17T08:12:41+00:00\",\"breadcrumb\":{\"@id\":\"https:\/\/vosgesinfo.fr\/epinalinfo\/2025\/03\/30eme-edition-du-concours-international-de-piano-depinal-du-22-au-30-mars\/#breadcrumb\"},\"inLanguage\":\"fr-FR\",\"potentialAction\":[{\"@type\":\"ReadAction\",\"target\":[\"https:\/\/vosgesinfo.fr\/epinalinfo\/2025\/03\/30eme-edition-du-concours-international-de-piano-depinal-du-22-au-30-mars\/\"]}]},{\"@type\":\"ImageObject\",\"inLanguage\":\"fr-FR\",\"@id\":\"https:\/\/vosgesinfo.fr\/epinalinfo\/2025\/03\/30eme-edition-du-concours-international-de-piano-depinal-du-22-au-30-mars\/#primaryimage\",\"url\":\"https:\/\/vosgesinfo.fr\/app\/uploads\/sites\/3\/2025\/03\/concours-international-de-piano-24.jpg\",\"contentUrl\":\"https:\/\/vosgesinfo.fr\/app\/uploads\/sites\/3\/2025\/03\/concours-international-de-piano-24.jpg\",\"width\":1920,\"height\":1858},{\"@type\":\"BreadcrumbList\",\"@id\":\"https:\/\/vosgesinfo.fr\/epinalinfo\/2025\/03\/30eme-edition-du-concours-international-de-piano-depinal-du-22-au-30-mars\/#breadcrumb\",\"itemListElement\":[{\"@type\":\"ListItem\",\"position\":1,\"name\":\"Home\",\"item\":\"https:\/\/vosgesinfo.fr\/epinalinfo\/\"},{\"@type\":\"ListItem\",\"position\":2,\"name\":\"30\u00e8me \u00e9dition du Concours International de Piano d&rsquo;Epinal du 22 au 30 mars\"}]},{\"@type\":\"WebSite\",\"@id\":\"https:\/\/vosgesinfo.fr\/epinalinfo\/#website\",\"url\":\"https:\/\/vosgesinfo.fr\/epinalinfo\/\",\"name\":\"Epinal Info\",\"description\":\"Toute l&#039;actualit\u00e9 d&#039;\u00c9pinal\",\"publisher\":{\"@id\":\"https:\/\/vosgesinfo.fr\/epinalinfo\/#organization\"},\"alternateName\":\"Toute l'actualit\u00e9 d'\u00c9pinal\",\"potentialAction\":[{\"@type\":\"SearchAction\",\"target\":{\"@type\":\"EntryPoint\",\"urlTemplate\":\"https:\/\/vosgesinfo.fr\/epinalinfo\/?s={search_term_string}\"},\"query-input\":\"required name=search_term_string\"}],\"inLanguage\":\"fr-FR\"},{\"@type\":\"Organization\",\"@id\":\"https:\/\/vosgesinfo.fr\/epinalinfo\/#organization\",\"name\":\"Epinal Info\",\"url\":\"https:\/\/vosgesinfo.fr\/epinalinfo\/\",\"logo\":{\"@type\":\"ImageObject\",\"inLanguage\":\"fr-FR\",\"@id\":\"https:\/\/vosgesinfo.fr\/epinalinfo\/#\/schema\/logo\/image\/\",\"url\":\"https:\/\/vosgesinfo.fr\/app\/uploads\/sites\/3\/2023\/08\/logo-epinalinfos.svg\",\"contentUrl\":\"https:\/\/vosgesinfo.fr\/app\/uploads\/sites\/3\/2023\/08\/logo-epinalinfos.svg\",\"width\":1,\"height\":1,\"caption\":\"Epinal Info\"},\"image\":{\"@id\":\"https:\/\/vosgesinfo.fr\/epinalinfo\/#\/schema\/logo\/image\/\"},\"sameAs\":[\"https:\/\/www.facebook.com\/Epinalinfos\",\"https:\/\/x.com\/VosgesInfo88\",\"https:\/\/www.youtube.com\/@vosgesinfo\"]},{\"@type\":\"Person\",\"@id\":\"https:\/\/vosgesinfo.fr\/epinalinfo\/#\/schema\/person\/6f9a650eeea99d969b6c4ab78fccbe81\",\"name\":\"C.K.\",\"image\":{\"@type\":\"ImageObject\",\"inLanguage\":\"fr-FR\",\"@id\":\"https:\/\/vosgesinfo.fr\/epinalinfo\/#\/schema\/person\/image\/\",\"url\":\"https:\/\/secure.gravatar.com\/avatar\/48e3fc7f8421ba8942be6b74a2b7f014ca39bc00dece156b7a8e098ae7dc87bf?s=96&d=mm&r=g\",\"contentUrl\":\"https:\/\/secure.gravatar.com\/avatar\/48e3fc7f8421ba8942be6b74a2b7f014ca39bc00dece156b7a8e098ae7dc87bf?s=96&d=mm&r=g\",\"caption\":\"C.K.\"},\"url\":\"https:\/\/vosgesinfo.fr\/epinalinfo\/author\/celia-k-n\/\"}]}<\/script>\n<!-- \/ Yoast SEO plugin. -->","yoast_head_json":{"title":"30\u00e8me \u00e9dition du Concours International de Piano d'Epinal du 22 au 30 mars - Epinal Info","robots":{"index":"index","follow":"follow","max-snippet":"max-snippet:-1","max-image-preview":"max-image-preview:large","max-video-preview":"max-video-preview:-1"},"canonical":"https:\/\/vosgesinfo.fr\/epinalinfo\/2025\/03\/30eme-edition-du-concours-international-de-piano-depinal-du-22-au-30-mars\/","twitter_card":"summary_large_image","twitter_title":"30\u00e8me \u00e9dition du Concours International de Piano d'Epinal du 22 au 30 mars - Epinal Info","twitter_description":"La musique sera reine \u00e0 Epinal du samedi 22 au dimanche 30 mars, avec la trenti\u00e8me \u00e9dition du Concours International [&hellip;]","twitter_image":"https:\/\/vosgesinfo.fr\/app\/uploads\/sites\/3\/2025\/03\/concours-international-de-piano-24.jpg","twitter_creator":"@VosgesInfo88","twitter_site":"@VosgesInfo88","twitter_misc":{"\u00c9crit par":"C.K.","Dur\u00e9e de lecture estim\u00e9e":"2 minutes"},"schema":{"@context":"https:\/\/schema.org","@graph":[{"@type":"Article","@id":"https:\/\/vosgesinfo.fr\/epinalinfo\/2025\/03\/30eme-edition-du-concours-international-de-piano-depinal-du-22-au-30-mars\/#article","isPartOf":{"@id":"https:\/\/vosgesinfo.fr\/epinalinfo\/2025\/03\/30eme-edition-du-concours-international-de-piano-depinal-du-22-au-30-mars\/"},"author":{"name":"C.K.","@id":"https:\/\/vosgesinfo.fr\/epinalinfo\/#\/schema\/person\/6f9a650eeea99d969b6c4ab78fccbe81"},"headline":"30\u00e8me \u00e9dition du Concours International de Piano d&rsquo;Epinal du 22 au 30 mars","datePublished":"2025-03-17T08:15:32+00:00","dateModified":"2025-03-17T08:12:41+00:00","mainEntityOfPage":{"@id":"https:\/\/vosgesinfo.fr\/epinalinfo\/2025\/03\/30eme-edition-du-concours-international-de-piano-depinal-du-22-au-30-mars\/"},"wordCount":271,"commentCount":0,"publisher":{"@id":"https:\/\/vosgesinfo.fr\/epinalinfo\/#organization"},"image":{"@id":"https:\/\/vosgesinfo.fr\/epinalinfo\/2025\/03\/30eme-edition-du-concours-international-de-piano-depinal-du-22-au-30-mars\/#primaryimage"},"thumbnailUrl":"https:\/\/vosgesinfo.fr\/app\/uploads\/sites\/3\/2025\/03\/concours-international-de-piano-24.jpg","keywords":["Concours international de piano d\u2019Epinal"],"articleSection":["A la Une","Epinal","Gerardmer","La plaine des vosges","Musique","Remiremont","Saint-di\u00e9","Vosges"],"inLanguage":"fr-FR","potentialAction":[{"@type":"CommentAction","name":"Comment","target":["https:\/\/vosgesinfo.fr\/epinalinfo\/2025\/03\/30eme-edition-du-concours-international-de-piano-depinal-du-22-au-30-mars\/#respond"]}]},{"@type":"WebPage","@id":"https:\/\/vosgesinfo.fr\/epinalinfo\/2025\/03\/30eme-edition-du-concours-international-de-piano-depinal-du-22-au-30-mars\/","url":"https:\/\/vosgesinfo.fr\/epinalinfo\/2025\/03\/30eme-edition-du-concours-international-de-piano-depinal-du-22-au-30-mars\/","name":"30\u00e8me \u00e9dition du Concours International de Piano d'Epinal du 22 au 30 mars - Epinal Info","isPartOf":{"@id":"https:\/\/vosgesinfo.fr\/epinalinfo\/#website"},"primaryImageOfPage":{"@id":"https:\/\/vosgesinfo.fr\/epinalinfo\/2025\/03\/30eme-edition-du-concours-international-de-piano-depinal-du-22-au-30-mars\/#primaryimage"},"image":{"@id":"https:\/\/vosgesinfo.fr\/epinalinfo\/2025\/03\/30eme-edition-du-concours-international-de-piano-depinal-du-22-au-30-mars\/#primaryimage"},"thumbnailUrl":"https:\/\/vosgesinfo.fr\/app\/uploads\/sites\/3\/2025\/03\/concours-international-de-piano-24.jpg","datePublished":"2025-03-17T08:15:32+00:00","dateModified":"2025-03-17T08:12:41+00:00","breadcrumb":{"@id":"https:\/\/vosgesinfo.fr\/epinalinfo\/2025\/03\/30eme-edition-du-concours-international-de-piano-depinal-du-22-au-30-mars\/#breadcrumb"},"inLanguage":"fr-FR","potentialAction":[{"@type":"ReadAction","target":["https:\/\/vosgesinfo.fr\/epinalinfo\/2025\/03\/30eme-edition-du-concours-international-de-piano-depinal-du-22-au-30-mars\/"]}]},{"@type":"ImageObject","inLanguage":"fr-FR","@id":"https:\/\/vosgesinfo.fr\/epinalinfo\/2025\/03\/30eme-edition-du-concours-international-de-piano-depinal-du-22-au-30-mars\/#primaryimage","url":"https:\/\/vosgesinfo.fr\/app\/uploads\/sites\/3\/2025\/03\/concours-international-de-piano-24.jpg","contentUrl":"https:\/\/vosgesinfo.fr\/app\/uploads\/sites\/3\/2025\/03\/concours-international-de-piano-24.jpg","width":1920,"height":1858},{"@type":"BreadcrumbList","@id":"https:\/\/vosgesinfo.fr\/epinalinfo\/2025\/03\/30eme-edition-du-concours-international-de-piano-depinal-du-22-au-30-mars\/#breadcrumb","itemListElement":[{"@type":"ListItem","position":1,"name":"Home","item":"https:\/\/vosgesinfo.fr\/epinalinfo\/"},{"@type":"ListItem","position":2,"name":"30\u00e8me \u00e9dition du Concours International de Piano d&rsquo;Epinal du 22 au 30 mars"}]},{"@type":"WebSite","@id":"https:\/\/vosgesinfo.fr\/epinalinfo\/#website","url":"https:\/\/vosgesinfo.fr\/epinalinfo\/","name":"Epinal Info","description":"Toute l&#039;actualit\u00e9 d&#039;\u00c9pinal","publisher":{"@id":"https:\/\/vosgesinfo.fr\/epinalinfo\/#organization"},"alternateName":"Toute l'actualit\u00e9 d'\u00c9pinal","potentialAction":[{"@type":"SearchAction","target":{"@type":"EntryPoint","urlTemplate":"https:\/\/vosgesinfo.fr\/epinalinfo\/?s={search_term_string}"},"query-input":"required name=search_term_string"}],"inLanguage":"fr-FR"},{"@type":"Organization","@id":"https:\/\/vosgesinfo.fr\/epinalinfo\/#organization","name":"Epinal Info","url":"https:\/\/vosgesinfo.fr\/epinalinfo\/","logo":{"@type":"ImageObject","inLanguage":"fr-FR","@id":"https:\/\/vosgesinfo.fr\/epinalinfo\/#\/schema\/logo\/image\/","url":"https:\/\/vosgesinfo.fr\/app\/uploads\/sites\/3\/2023\/08\/logo-epinalinfos.svg","contentUrl":"https:\/\/vosgesinfo.fr\/app\/uploads\/sites\/3\/2023\/08\/logo-epinalinfos.svg","width":1,"height":1,"caption":"Epinal Info"},"image":{"@id":"https:\/\/vosgesinfo.fr\/epinalinfo\/#\/schema\/logo\/image\/"},"sameAs":["https:\/\/www.facebook.com\/Epinalinfos","https:\/\/x.com\/VosgesInfo88","https:\/\/www.youtube.com\/@vosgesinfo"]},{"@type":"Person","@id":"https:\/\/vosgesinfo.fr\/epinalinfo\/#\/schema\/person\/6f9a650eeea99d969b6c4ab78fccbe81","name":"C.K.","image":{"@type":"ImageObject","inLanguage":"fr-FR","@id":"https:\/\/vosgesinfo.fr\/epinalinfo\/#\/schema\/person\/image\/","url":"https:\/\/secure.gravatar.com\/avatar\/48e3fc7f8421ba8942be6b74a2b7f014ca39bc00dece156b7a8e098ae7dc87bf?s=96&d=mm&r=g","contentUrl":"https:\/\/secure.gravatar.com\/avatar\/48e3fc7f8421ba8942be6b74a2b7f014ca39bc00dece156b7a8e098ae7dc87bf?s=96&d=mm&r=g","caption":"C.K."},"url":"https:\/\/vosgesinfo.fr\/epinalinfo\/author\/celia-k-n\/"}]}},"_links":{"self":[{"href":"https:\/\/vosgesinfo.fr\/epinalinfo\/wp-json\/wp\/v2\/posts\/129740","targetHints":{"allow":["GET"]}}],"collection":[{"href":"https:\/\/vosgesinfo.fr\/epinalinfo\/wp-json\/wp\/v2\/posts"}],"about":[{"href":"https:\/\/vosgesinfo.fr\/epinalinfo\/wp-json\/wp\/v2\/types\/post"}],"author":[{"embeddable":true,"href":"https:\/\/vosgesinfo.fr\/epinalinfo\/wp-json\/wp\/v2\/users\/52"}],"replies":[{"embeddable":true,"href":"https:\/\/vosgesinfo.fr\/epinalinfo\/wp-json\/wp\/v2\/comments?post=129740"}],"version-history":[{"count":2,"href":"https:\/\/vosgesinfo.fr\/epinalinfo\/wp-json\/wp\/v2\/posts\/129740\/revisions"}],"predecessor-version":[{"id":129743,"href":"https:\/\/vosgesinfo.fr\/epinalinfo\/wp-json\/wp\/v2\/posts\/129740\/revisions\/129743"}],"wp:featuredmedia":[{"embeddable":true,"href":"https:\/\/vosgesinfo.fr\/epinalinfo\/wp-json\/wp\/v2\/media\/129741"}],"wp:attachment":[{"href":"https:\/\/vosgesinfo.fr\/epinalinfo\/wp-json\/wp\/v2\/media?parent=129740"}],"wp:term":[{"taxonomy":"category","embeddable":true,"href":"https:\/\/vosgesinfo.fr\/epinalinfo\/wp-json\/wp\/v2\/categories?post=129740"},{"taxonomy":"post_tag","embeddable":true,"href":"https:\/\/vosgesinfo.fr\/epinalinfo\/wp-json\/wp\/v2\/tags?post=129740"}],"curies":[{"name":"wp","href":"https:\/\/api.w.org\/{rel}","templated":true}]}}