{"id":129744,"date":"2025-03-17T09:20:16","date_gmt":"2025-03-17T08:20:16","guid":{"rendered":"https:\/\/vosgesinfo.fr\/epinalinfo\/?p=129744"},"modified":"2025-03-17T11:17:12","modified_gmt":"2025-03-17T10:17:12","slug":"cine-debat-au-cinema-depinal-une-soiree-dechange-et-de-reflexion-autour-du-film-le-fil","status":"publish","type":"post","link":"https:\/\/vosgesinfo.fr\/epinalinfo\/2025\/03\/cine-debat-au-cinema-depinal-une-soiree-dechange-et-de-reflexion-autour-du-film-le-fil\/","title":{"rendered":"Cin\u00e9-D\u00e9bat au Cin\u00e9ma d\u2019\u00c9pinal : Une Soir\u00e9e d\u2019\u00c9change et de R\u00e9flexion autour du Film Le Fil"},"content":{"rendered":"<p data-start=\"434\" data-end=\"627\"><a href=\"https:\/\/vosgesinfo.fr\/app\/uploads\/sites\/3\/2025\/03\/05735f-8986c4afb18e447ab2247df63f91362emv2.png\"><img decoding=\"async\" class=\"aligncenter size-full wp-image-129745\" src=\"https:\/\/vosgesinfo.fr\/app\/uploads\/sites\/3\/2025\/03\/05735f-8986c4afb18e447ab2247df63f91362emv2.png\" alt=\"\" width=\"794\" height=\"1123\" srcset=\"https:\/\/vosgesinfo.fr\/app\/uploads\/sites\/3\/2025\/03\/05735f-8986c4afb18e447ab2247df63f91362emv2.png 794w, https:\/\/vosgesinfo.fr\/app\/uploads\/sites\/3\/2025\/03\/05735f-8986c4afb18e447ab2247df63f91362emv2-212x300.png 212w, https:\/\/vosgesinfo.fr\/app\/uploads\/sites\/3\/2025\/03\/05735f-8986c4afb18e447ab2247df63f91362emv2-724x1024.png 724w, https:\/\/vosgesinfo.fr\/app\/uploads\/sites\/3\/2025\/03\/05735f-8986c4afb18e447ab2247df63f91362emv2-768x1086.png 768w\" sizes=\"(max-width: 794px) 100vw, 794px\" \/><\/a>\ud83d\udcc5 <strong data-start=\"437\" data-end=\"459\">Lundi 31 mars 2025<\/strong><br data-start=\"459\" data-end=\"462\" \/>\ud83d\udd61 <strong data-start=\"465\" data-end=\"476\">\u00c0 18h30<\/strong><br data-start=\"476\" data-end=\"479\" \/>\ud83d\udccd <strong data-start=\"482\" data-end=\"536\">Cin\u00e9ma d\u2019\u00c9pinal, 50 Rue Saint-Michel, 88000 \u00c9pinal<\/strong><br data-start=\"536\" data-end=\"539\" \/>\ud83c\udf9f <strong data-start=\"542\" data-end=\"591\">Tarif pr\u00e9f\u00e9rentiel : 5\u20ac pour les pr\u00e9-inscrits<\/strong> (Carte ZAP et Jeun&rsquo;Est accept\u00e9es)<\/p>\n<p data-start=\"629\" data-end=\"825\">Le Cin\u00e9ma d\u2019\u00c9pinal vous invite \u00e0 un <strong data-start=\"665\" data-end=\"686\">cin\u00e9-d\u00e9bat in\u00e9dit<\/strong> autour du film <em data-start=\"702\" data-end=\"710\">Le Fil<\/em>, un \u00e9v\u00e9nement qui m\u00eale <strong data-start=\"734\" data-end=\"781\">cin\u00e9ma, r\u00e9flexion et \u00e9changes enrichissants<\/strong> sur les th\u00e9matiques abord\u00e9es par le film.<\/p>\n<h2 data-start=\"827\" data-end=\"861\"><strong data-start=\"830\" data-end=\"859\">Une Soir\u00e9e en Trois Temps<\/strong><\/h2>\n<p data-start=\"863\" data-end=\"990\">\ud83c\udfac <strong data-start=\"866\" data-end=\"888\">Projection du film<\/strong><br data-start=\"888\" data-end=\"891\" \/>\ud83d\udcac <strong data-start=\"894\" data-end=\"943\">D\u00e9bat et \u00e9change avec des invit\u00e9s d\u2019exception<\/strong><br data-start=\"943\" data-end=\"946\" \/>\ud83c\udf78 <strong data-start=\"949\" data-end=\"988\">Cocktail convivial de fin de soir\u00e9e<\/strong><\/p>\n<p data-start=\"992\" data-end=\"1185\">Cet \u00e9v\u00e9nement unique est organis\u00e9 en collaboration avec le cin\u00e9ma d\u2019\u00c9pinal et rassemblera <strong data-start=\"1082\" data-end=\"1182\">des spectateurs curieux, des \u00e9tudiants en droit ainsi que des professionnels du milieu juridique<\/strong>.<\/p>\n<h2 data-start=\"1187\" data-end=\"1229\"><strong data-start=\"1190\" data-end=\"1227\">Des Invit\u00e9s Sp\u00e9cialistes du Droit<\/strong><\/h2>\n<p data-start=\"1231\" data-end=\"1297\">\u00c0 l\u2019issue de la projection, nous aurons l\u2019honneur d\u2019accueillir :<\/p>\n<ul data-start=\"1298\" data-end=\"1397\">\n<li data-start=\"1298\" data-end=\"1369\"><strong data-start=\"1300\" data-end=\"1322\">M. Laurent Quentin<\/strong>, substitut du procureur du tribunal d\u2019\u00c9pinal<\/li>\n<li data-start=\"1370\" data-end=\"1397\"><strong data-start=\"1372\" data-end=\"1387\">Ma\u00eetre Adam<\/strong>, avocat<\/li>\n<\/ul>\n<p data-start=\"1399\" data-end=\"1676\">Ces deux experts r\u00e9pondront aux <strong data-start=\"1431\" data-end=\"1454\">questions du public<\/strong>, qu\u2019il s\u2019agisse de <strong data-start=\"1474\" data-end=\"1530\">spectateurs lambda, d\u2019\u00e9tudiants ou de professionnels<\/strong>. Ce sera l\u2019occasion d\u2019\u00e9changer sur <strong data-start=\"1566\" data-end=\"1593\">les subtilit\u00e9s du droit<\/strong> et de mieux comprendre certaines notions juridiques \u00e0 travers le prisme du film.<\/p>\n<h2 data-start=\"1678\" data-end=\"1707\"><strong data-start=\"1681\" data-end=\"1705\">Comment Participer ?<\/strong><\/h2>\n<p data-start=\"1709\" data-end=\"1857\">Les places \u00e9tant limit\u00e9es, nous vous recommandons vivement de vous <strong data-start=\"1776\" data-end=\"1806\">pr\u00e9inscrire d\u00e8s maintenant<\/strong> pour b\u00e9n\u00e9ficier du <strong data-start=\"1826\" data-end=\"1848\">tarif pr\u00e9f\u00e9rentiel<\/strong> de 5\u20ac.<\/p>\n<p data-start=\"1859\" data-end=\"2007\">\ud83d\udd17 <strong data-start=\"1862\" data-end=\"1884\">Lien d\u2019inscription<\/strong> : <a href=\"https:\/\/cinedebat.wixsite.com\/so\/1dPKJ2A6n?languageTag=en\" target=\"_new\" rel=\"noopener\" data-start=\"1887\" data-end=\"2005\">https:\/\/cinedebat.wixsite.com\/so\/1dPKJ2A6n?languageTag=en<\/a><\/p>\n<p data-start=\"2009\" data-end=\"2156\" data-is-last-node=\"\" data-is-only-node=\"\">Venez nombreux pour une <strong data-start=\"2033\" data-end=\"2057\">exp\u00e9rience immersive<\/strong> entre <strong data-start=\"2064\" data-end=\"2097\">cin\u00e9ma et r\u00e9flexion juridique<\/strong>, et profitez d\u2019un <strong data-start=\"2116\" data-end=\"2150\">moment convivial et instructif<\/strong> !<\/p>\n","protected":false},"excerpt":{"rendered":"<p>\ud83d\udcc5 Lundi 31 mars 2025\ud83d\udd61 \u00c0 18h30\ud83d\udccd Cin\u00e9ma d\u2019\u00c9pinal, 50 Rue Saint-Michel, 88000 \u00c9pinal\ud83c\udf9f Tarif pr\u00e9f\u00e9rentiel : 5\u20ac pour les [&hellip;]<\/p>\n","protected":false},"author":41,"featured_media":129745,"comment_status":"open","ping_status":"open","sticky":false,"template":"","format":"standard","meta":{"footnotes":""},"categories":[22,2,24],"tags":[],"class_list":["post-129744","post","type-post","status-publish","format-standard","has-post-thumbnail","hentry","category-a-la-une","category-breves","category-epinal"],"acf":[],"yoast_head":"<!-- This site is optimized with the Yoast SEO plugin v22.5 - https:\/\/yoast.com\/wordpress\/plugins\/seo\/ -->\n<title>Cin\u00e9-D\u00e9bat au Cin\u00e9ma d\u2019\u00c9pinal : Une Soir\u00e9e d\u2019\u00c9change et de R\u00e9flexion autour du Film Le Fil - Epinal Info<\/title>\n<meta name=\"robots\" content=\"index, follow, max-snippet:-1, max-image-preview:large, max-video-preview:-1\" \/>\n<link rel=\"canonical\" href=\"https:\/\/vosgesinfo.fr\/epinalinfo\/2025\/03\/cine-debat-au-cinema-depinal-une-soiree-dechange-et-de-reflexion-autour-du-film-le-fil\/\" \/>\n<meta name=\"twitter:card\" content=\"summary_large_image\" \/>\n<meta name=\"twitter:title\" content=\"Cin\u00e9-D\u00e9bat au Cin\u00e9ma d\u2019\u00c9pinal : Une Soir\u00e9e d\u2019\u00c9change et de R\u00e9flexion autour du Film Le Fil - Epinal Info\" \/>\n<meta name=\"twitter:description\" content=\"\ud83d\udcc5 Lundi 31 mars 2025\ud83d\udd61 \u00c0 18h30\ud83d\udccd Cin\u00e9ma d\u2019\u00c9pinal, 50 Rue Saint-Michel, 88000 \u00c9pinal\ud83c\udf9f Tarif pr\u00e9f\u00e9rentiel : 5\u20ac pour les [&hellip;]\" \/>\n<meta name=\"twitter:image\" content=\"https:\/\/vosgesinfo.fr\/app\/uploads\/sites\/3\/2025\/03\/05735f-8986c4afb18e447ab2247df63f91362emv2.png\" \/>\n<meta name=\"twitter:creator\" content=\"@VosgesInfo88\" \/>\n<meta name=\"twitter:site\" content=\"@VosgesInfo88\" \/>\n<meta name=\"twitter:label1\" content=\"\u00c9crit par\" \/>\n\t<meta name=\"twitter:data1\" content=\"La r\u00e9daction\" \/>\n\t<meta name=\"twitter:label2\" content=\"Dur\u00e9e de lecture estim\u00e9e\" \/>\n\t<meta name=\"twitter:data2\" content=\"2 minutes\" \/>\n<script type=\"application\/ld+json\" class=\"yoast-schema-graph\">{\"@context\":\"https:\/\/schema.org\",\"@graph\":[{\"@type\":\"Article\",\"@id\":\"https:\/\/vosgesinfo.fr\/epinalinfo\/2025\/03\/cine-debat-au-cinema-depinal-une-soiree-dechange-et-de-reflexion-autour-du-film-le-fil\/#article\",\"isPartOf\":{\"@id\":\"https:\/\/vosgesinfo.fr\/epinalinfo\/2025\/03\/cine-debat-au-cinema-depinal-une-soiree-dechange-et-de-reflexion-autour-du-film-le-fil\/\"},\"author\":{\"name\":\"La r\u00e9daction\",\"@id\":\"https:\/\/vosgesinfo.fr\/epinalinfo\/#\/schema\/person\/44f5fff67d0ae31d2770e1f7555c711d\"},\"headline\":\"Cin\u00e9-D\u00e9bat au Cin\u00e9ma d\u2019\u00c9pinal : Une Soir\u00e9e d\u2019\u00c9change et de R\u00e9flexion autour du Film Le Fil\",\"datePublished\":\"2025-03-17T08:20:16+00:00\",\"dateModified\":\"2025-03-17T10:17:12+00:00\",\"mainEntityOfPage\":{\"@id\":\"https:\/\/vosgesinfo.fr\/epinalinfo\/2025\/03\/cine-debat-au-cinema-depinal-une-soiree-dechange-et-de-reflexion-autour-du-film-le-fil\/\"},\"wordCount\":283,\"commentCount\":0,\"publisher\":{\"@id\":\"https:\/\/vosgesinfo.fr\/epinalinfo\/#organization\"},\"image\":{\"@id\":\"https:\/\/vosgesinfo.fr\/epinalinfo\/2025\/03\/cine-debat-au-cinema-depinal-une-soiree-dechange-et-de-reflexion-autour-du-film-le-fil\/#primaryimage\"},\"thumbnailUrl\":\"https:\/\/vosgesinfo.fr\/app\/uploads\/sites\/3\/2025\/03\/05735f-8986c4afb18e447ab2247df63f91362emv2.png\",\"articleSection\":[\"A la Une\",\"Br\u00e8ves\",\"Epinal\"],\"inLanguage\":\"fr-FR\",\"potentialAction\":[{\"@type\":\"CommentAction\",\"name\":\"Comment\",\"target\":[\"https:\/\/vosgesinfo.fr\/epinalinfo\/2025\/03\/cine-debat-au-cinema-depinal-une-soiree-dechange-et-de-reflexion-autour-du-film-le-fil\/#respond\"]}]},{\"@type\":\"WebPage\",\"@id\":\"https:\/\/vosgesinfo.fr\/epinalinfo\/2025\/03\/cine-debat-au-cinema-depinal-une-soiree-dechange-et-de-reflexion-autour-du-film-le-fil\/\",\"url\":\"https:\/\/vosgesinfo.fr\/epinalinfo\/2025\/03\/cine-debat-au-cinema-depinal-une-soiree-dechange-et-de-reflexion-autour-du-film-le-fil\/\",\"name\":\"Cin\u00e9-D\u00e9bat au Cin\u00e9ma d\u2019\u00c9pinal : Une Soir\u00e9e d\u2019\u00c9change et de R\u00e9flexion autour du Film Le Fil - Epinal Info\",\"isPartOf\":{\"@id\":\"https:\/\/vosgesinfo.fr\/epinalinfo\/#website\"},\"primaryImageOfPage\":{\"@id\":\"https:\/\/vosgesinfo.fr\/epinalinfo\/2025\/03\/cine-debat-au-cinema-depinal-une-soiree-dechange-et-de-reflexion-autour-du-film-le-fil\/#primaryimage\"},\"image\":{\"@id\":\"https:\/\/vosgesinfo.fr\/epinalinfo\/2025\/03\/cine-debat-au-cinema-depinal-une-soiree-dechange-et-de-reflexion-autour-du-film-le-fil\/#primaryimage\"},\"thumbnailUrl\":\"https:\/\/vosgesinfo.fr\/app\/uploads\/sites\/3\/2025\/03\/05735f-8986c4afb18e447ab2247df63f91362emv2.png\",\"datePublished\":\"2025-03-17T08:20:16+00:00\",\"dateModified\":\"2025-03-17T10:17:12+00:00\",\"breadcrumb\":{\"@id\":\"https:\/\/vosgesinfo.fr\/epinalinfo\/2025\/03\/cine-debat-au-cinema-depinal-une-soiree-dechange-et-de-reflexion-autour-du-film-le-fil\/#breadcrumb\"},\"inLanguage\":\"fr-FR\",\"potentialAction\":[{\"@type\":\"ReadAction\",\"target\":[\"https:\/\/vosgesinfo.fr\/epinalinfo\/2025\/03\/cine-debat-au-cinema-depinal-une-soiree-dechange-et-de-reflexion-autour-du-film-le-fil\/\"]}]},{\"@type\":\"ImageObject\",\"inLanguage\":\"fr-FR\",\"@id\":\"https:\/\/vosgesinfo.fr\/epinalinfo\/2025\/03\/cine-debat-au-cinema-depinal-une-soiree-dechange-et-de-reflexion-autour-du-film-le-fil\/#primaryimage\",\"url\":\"https:\/\/vosgesinfo.fr\/app\/uploads\/sites\/3\/2025\/03\/05735f-8986c4afb18e447ab2247df63f91362emv2.png\",\"contentUrl\":\"https:\/\/vosgesinfo.fr\/app\/uploads\/sites\/3\/2025\/03\/05735f-8986c4afb18e447ab2247df63f91362emv2.png\",\"width\":794,\"height\":1123},{\"@type\":\"BreadcrumbList\",\"@id\":\"https:\/\/vosgesinfo.fr\/epinalinfo\/2025\/03\/cine-debat-au-cinema-depinal-une-soiree-dechange-et-de-reflexion-autour-du-film-le-fil\/#breadcrumb\",\"itemListElement\":[{\"@type\":\"ListItem\",\"position\":1,\"name\":\"Home\",\"item\":\"https:\/\/vosgesinfo.fr\/epinalinfo\/\"},{\"@type\":\"ListItem\",\"position\":2,\"name\":\"Cin\u00e9-D\u00e9bat au Cin\u00e9ma d\u2019\u00c9pinal : Une Soir\u00e9e d\u2019\u00c9change et de R\u00e9flexion autour du Film Le Fil\"}]},{\"@type\":\"WebSite\",\"@id\":\"https:\/\/vosgesinfo.fr\/epinalinfo\/#website\",\"url\":\"https:\/\/vosgesinfo.fr\/epinalinfo\/\",\"name\":\"Epinal Info\",\"description\":\"Toute l&#039;actualit\u00e9 d&#039;\u00c9pinal\",\"publisher\":{\"@id\":\"https:\/\/vosgesinfo.fr\/epinalinfo\/#organization\"},\"alternateName\":\"Toute l'actualit\u00e9 d'\u00c9pinal\",\"potentialAction\":[{\"@type\":\"SearchAction\",\"target\":{\"@type\":\"EntryPoint\",\"urlTemplate\":\"https:\/\/vosgesinfo.fr\/epinalinfo\/?s={search_term_string}\"},\"query-input\":\"required name=search_term_string\"}],\"inLanguage\":\"fr-FR\"},{\"@type\":\"Organization\",\"@id\":\"https:\/\/vosgesinfo.fr\/epinalinfo\/#organization\",\"name\":\"Epinal Info\",\"url\":\"https:\/\/vosgesinfo.fr\/epinalinfo\/\",\"logo\":{\"@type\":\"ImageObject\",\"inLanguage\":\"fr-FR\",\"@id\":\"https:\/\/vosgesinfo.fr\/epinalinfo\/#\/schema\/logo\/image\/\",\"url\":\"https:\/\/vosgesinfo.fr\/app\/uploads\/sites\/3\/2023\/08\/logo-epinalinfos.svg\",\"contentUrl\":\"https:\/\/vosgesinfo.fr\/app\/uploads\/sites\/3\/2023\/08\/logo-epinalinfos.svg\",\"width\":1,\"height\":1,\"caption\":\"Epinal Info\"},\"image\":{\"@id\":\"https:\/\/vosgesinfo.fr\/epinalinfo\/#\/schema\/logo\/image\/\"},\"sameAs\":[\"https:\/\/www.facebook.com\/Epinalinfos\",\"https:\/\/x.com\/VosgesInfo88\",\"https:\/\/www.youtube.com\/@vosgesinfo\"]},{\"@type\":\"Person\",\"@id\":\"https:\/\/vosgesinfo.fr\/epinalinfo\/#\/schema\/person\/44f5fff67d0ae31d2770e1f7555c711d\",\"name\":\"La r\u00e9daction\",\"image\":{\"@type\":\"ImageObject\",\"inLanguage\":\"fr-FR\",\"@id\":\"https:\/\/vosgesinfo.fr\/epinalinfo\/#\/schema\/person\/image\/\",\"url\":\"https:\/\/secure.gravatar.com\/avatar\/16dedd2578b2ae59b9a3a38f046defecb4cf834aaec7bb1d03d9ba6b5e55a8d5?s=96&d=mm&r=g\",\"contentUrl\":\"https:\/\/secure.gravatar.com\/avatar\/16dedd2578b2ae59b9a3a38f046defecb4cf834aaec7bb1d03d9ba6b5e55a8d5?s=96&d=mm&r=g\",\"caption\":\"La r\u00e9daction\"},\"url\":\"https:\/\/vosgesinfo.fr\/epinalinfo\/author\/poupy\/\"}]}<\/script>\n<!-- \/ Yoast SEO plugin. -->","yoast_head_json":{"title":"Cin\u00e9-D\u00e9bat au Cin\u00e9ma d\u2019\u00c9pinal : Une Soir\u00e9e d\u2019\u00c9change et de R\u00e9flexion autour du Film Le Fil - Epinal Info","robots":{"index":"index","follow":"follow","max-snippet":"max-snippet:-1","max-image-preview":"max-image-preview:large","max-video-preview":"max-video-preview:-1"},"canonical":"https:\/\/vosgesinfo.fr\/epinalinfo\/2025\/03\/cine-debat-au-cinema-depinal-une-soiree-dechange-et-de-reflexion-autour-du-film-le-fil\/","twitter_card":"summary_large_image","twitter_title":"Cin\u00e9-D\u00e9bat au Cin\u00e9ma d\u2019\u00c9pinal : Une Soir\u00e9e d\u2019\u00c9change et de R\u00e9flexion autour du Film Le Fil - Epinal Info","twitter_description":"\ud83d\udcc5 Lundi 31 mars 2025\ud83d\udd61 \u00c0 18h30\ud83d\udccd Cin\u00e9ma d\u2019\u00c9pinal, 50 Rue Saint-Michel, 88000 \u00c9pinal\ud83c\udf9f Tarif pr\u00e9f\u00e9rentiel : 5\u20ac pour les [&hellip;]","twitter_image":"https:\/\/vosgesinfo.fr\/app\/uploads\/sites\/3\/2025\/03\/05735f-8986c4afb18e447ab2247df63f91362emv2.png","twitter_creator":"@VosgesInfo88","twitter_site":"@VosgesInfo88","twitter_misc":{"\u00c9crit par":"La r\u00e9daction","Dur\u00e9e de lecture estim\u00e9e":"2 minutes"},"schema":{"@context":"https:\/\/schema.org","@graph":[{"@type":"Article","@id":"https:\/\/vosgesinfo.fr\/epinalinfo\/2025\/03\/cine-debat-au-cinema-depinal-une-soiree-dechange-et-de-reflexion-autour-du-film-le-fil\/#article","isPartOf":{"@id":"https:\/\/vosgesinfo.fr\/epinalinfo\/2025\/03\/cine-debat-au-cinema-depinal-une-soiree-dechange-et-de-reflexion-autour-du-film-le-fil\/"},"author":{"name":"La r\u00e9daction","@id":"https:\/\/vosgesinfo.fr\/epinalinfo\/#\/schema\/person\/44f5fff67d0ae31d2770e1f7555c711d"},"headline":"Cin\u00e9-D\u00e9bat au Cin\u00e9ma d\u2019\u00c9pinal : Une Soir\u00e9e d\u2019\u00c9change et de R\u00e9flexion autour du Film Le Fil","datePublished":"2025-03-17T08:20:16+00:00","dateModified":"2025-03-17T10:17:12+00:00","mainEntityOfPage":{"@id":"https:\/\/vosgesinfo.fr\/epinalinfo\/2025\/03\/cine-debat-au-cinema-depinal-une-soiree-dechange-et-de-reflexion-autour-du-film-le-fil\/"},"wordCount":283,"commentCount":0,"publisher":{"@id":"https:\/\/vosgesinfo.fr\/epinalinfo\/#organization"},"image":{"@id":"https:\/\/vosgesinfo.fr\/epinalinfo\/2025\/03\/cine-debat-au-cinema-depinal-une-soiree-dechange-et-de-reflexion-autour-du-film-le-fil\/#primaryimage"},"thumbnailUrl":"https:\/\/vosgesinfo.fr\/app\/uploads\/sites\/3\/2025\/03\/05735f-8986c4afb18e447ab2247df63f91362emv2.png","articleSection":["A la Une","Br\u00e8ves","Epinal"],"inLanguage":"fr-FR","potentialAction":[{"@type":"CommentAction","name":"Comment","target":["https:\/\/vosgesinfo.fr\/epinalinfo\/2025\/03\/cine-debat-au-cinema-depinal-une-soiree-dechange-et-de-reflexion-autour-du-film-le-fil\/#respond"]}]},{"@type":"WebPage","@id":"https:\/\/vosgesinfo.fr\/epinalinfo\/2025\/03\/cine-debat-au-cinema-depinal-une-soiree-dechange-et-de-reflexion-autour-du-film-le-fil\/","url":"https:\/\/vosgesinfo.fr\/epinalinfo\/2025\/03\/cine-debat-au-cinema-depinal-une-soiree-dechange-et-de-reflexion-autour-du-film-le-fil\/","name":"Cin\u00e9-D\u00e9bat au Cin\u00e9ma d\u2019\u00c9pinal : Une Soir\u00e9e d\u2019\u00c9change et de R\u00e9flexion autour du Film Le Fil - Epinal Info","isPartOf":{"@id":"https:\/\/vosgesinfo.fr\/epinalinfo\/#website"},"primaryImageOfPage":{"@id":"https:\/\/vosgesinfo.fr\/epinalinfo\/2025\/03\/cine-debat-au-cinema-depinal-une-soiree-dechange-et-de-reflexion-autour-du-film-le-fil\/#primaryimage"},"image":{"@id":"https:\/\/vosgesinfo.fr\/epinalinfo\/2025\/03\/cine-debat-au-cinema-depinal-une-soiree-dechange-et-de-reflexion-autour-du-film-le-fil\/#primaryimage"},"thumbnailUrl":"https:\/\/vosgesinfo.fr\/app\/uploads\/sites\/3\/2025\/03\/05735f-8986c4afb18e447ab2247df63f91362emv2.png","datePublished":"2025-03-17T08:20:16+00:00","dateModified":"2025-03-17T10:17:12+00:00","breadcrumb":{"@id":"https:\/\/vosgesinfo.fr\/epinalinfo\/2025\/03\/cine-debat-au-cinema-depinal-une-soiree-dechange-et-de-reflexion-autour-du-film-le-fil\/#breadcrumb"},"inLanguage":"fr-FR","potentialAction":[{"@type":"ReadAction","target":["https:\/\/vosgesinfo.fr\/epinalinfo\/2025\/03\/cine-debat-au-cinema-depinal-une-soiree-dechange-et-de-reflexion-autour-du-film-le-fil\/"]}]},{"@type":"ImageObject","inLanguage":"fr-FR","@id":"https:\/\/vosgesinfo.fr\/epinalinfo\/2025\/03\/cine-debat-au-cinema-depinal-une-soiree-dechange-et-de-reflexion-autour-du-film-le-fil\/#primaryimage","url":"https:\/\/vosgesinfo.fr\/app\/uploads\/sites\/3\/2025\/03\/05735f-8986c4afb18e447ab2247df63f91362emv2.png","contentUrl":"https:\/\/vosgesinfo.fr\/app\/uploads\/sites\/3\/2025\/03\/05735f-8986c4afb18e447ab2247df63f91362emv2.png","width":794,"height":1123},{"@type":"BreadcrumbList","@id":"https:\/\/vosgesinfo.fr\/epinalinfo\/2025\/03\/cine-debat-au-cinema-depinal-une-soiree-dechange-et-de-reflexion-autour-du-film-le-fil\/#breadcrumb","itemListElement":[{"@type":"ListItem","position":1,"name":"Home","item":"https:\/\/vosgesinfo.fr\/epinalinfo\/"},{"@type":"ListItem","position":2,"name":"Cin\u00e9-D\u00e9bat au Cin\u00e9ma d\u2019\u00c9pinal : Une Soir\u00e9e d\u2019\u00c9change et de R\u00e9flexion autour du Film Le Fil"}]},{"@type":"WebSite","@id":"https:\/\/vosgesinfo.fr\/epinalinfo\/#website","url":"https:\/\/vosgesinfo.fr\/epinalinfo\/","name":"Epinal Info","description":"Toute l&#039;actualit\u00e9 d&#039;\u00c9pinal","publisher":{"@id":"https:\/\/vosgesinfo.fr\/epinalinfo\/#organization"},"alternateName":"Toute l'actualit\u00e9 d'\u00c9pinal","potentialAction":[{"@type":"SearchAction","target":{"@type":"EntryPoint","urlTemplate":"https:\/\/vosgesinfo.fr\/epinalinfo\/?s={search_term_string}"},"query-input":"required name=search_term_string"}],"inLanguage":"fr-FR"},{"@type":"Organization","@id":"https:\/\/vosgesinfo.fr\/epinalinfo\/#organization","name":"Epinal Info","url":"https:\/\/vosgesinfo.fr\/epinalinfo\/","logo":{"@type":"ImageObject","inLanguage":"fr-FR","@id":"https:\/\/vosgesinfo.fr\/epinalinfo\/#\/schema\/logo\/image\/","url":"https:\/\/vosgesinfo.fr\/app\/uploads\/sites\/3\/2023\/08\/logo-epinalinfos.svg","contentUrl":"https:\/\/vosgesinfo.fr\/app\/uploads\/sites\/3\/2023\/08\/logo-epinalinfos.svg","width":1,"height":1,"caption":"Epinal Info"},"image":{"@id":"https:\/\/vosgesinfo.fr\/epinalinfo\/#\/schema\/logo\/image\/"},"sameAs":["https:\/\/www.facebook.com\/Epinalinfos","https:\/\/x.com\/VosgesInfo88","https:\/\/www.youtube.com\/@vosgesinfo"]},{"@type":"Person","@id":"https:\/\/vosgesinfo.fr\/epinalinfo\/#\/schema\/person\/44f5fff67d0ae31d2770e1f7555c711d","name":"La r\u00e9daction","image":{"@type":"ImageObject","inLanguage":"fr-FR","@id":"https:\/\/vosgesinfo.fr\/epinalinfo\/#\/schema\/person\/image\/","url":"https:\/\/secure.gravatar.com\/avatar\/16dedd2578b2ae59b9a3a38f046defecb4cf834aaec7bb1d03d9ba6b5e55a8d5?s=96&d=mm&r=g","contentUrl":"https:\/\/secure.gravatar.com\/avatar\/16dedd2578b2ae59b9a3a38f046defecb4cf834aaec7bb1d03d9ba6b5e55a8d5?s=96&d=mm&r=g","caption":"La r\u00e9daction"},"url":"https:\/\/vosgesinfo.fr\/epinalinfo\/author\/poupy\/"}]}},"_links":{"self":[{"href":"https:\/\/vosgesinfo.fr\/epinalinfo\/wp-json\/wp\/v2\/posts\/129744","targetHints":{"allow":["GET"]}}],"collection":[{"href":"https:\/\/vosgesinfo.fr\/epinalinfo\/wp-json\/wp\/v2\/posts"}],"about":[{"href":"https:\/\/vosgesinfo.fr\/epinalinfo\/wp-json\/wp\/v2\/types\/post"}],"author":[{"embeddable":true,"href":"https:\/\/vosgesinfo.fr\/epinalinfo\/wp-json\/wp\/v2\/users\/41"}],"replies":[{"embeddable":true,"href":"https:\/\/vosgesinfo.fr\/epinalinfo\/wp-json\/wp\/v2\/comments?post=129744"}],"version-history":[{"count":1,"href":"https:\/\/vosgesinfo.fr\/epinalinfo\/wp-json\/wp\/v2\/posts\/129744\/revisions"}],"predecessor-version":[{"id":129746,"href":"https:\/\/vosgesinfo.fr\/epinalinfo\/wp-json\/wp\/v2\/posts\/129744\/revisions\/129746"}],"wp:featuredmedia":[{"embeddable":true,"href":"https:\/\/vosgesinfo.fr\/epinalinfo\/wp-json\/wp\/v2\/media\/129745"}],"wp:attachment":[{"href":"https:\/\/vosgesinfo.fr\/epinalinfo\/wp-json\/wp\/v2\/media?parent=129744"}],"wp:term":[{"taxonomy":"category","embeddable":true,"href":"https:\/\/vosgesinfo.fr\/epinalinfo\/wp-json\/wp\/v2\/categories?post=129744"},{"taxonomy":"post_tag","embeddable":true,"href":"https:\/\/vosgesinfo.fr\/epinalinfo\/wp-json\/wp\/v2\/tags?post=129744"}],"curies":[{"name":"wp","href":"https:\/\/api.w.org\/{rel}","templated":true}]}}