{"id":129974,"date":"2025-03-22T07:56:11","date_gmt":"2025-03-22T06:56:11","guid":{"rendered":"https:\/\/vosgesinfo.fr\/epinalinfo\/?p=129974"},"modified":"2025-03-21T08:58:29","modified_gmt":"2025-03-21T07:58:29","slug":"chasse-au-lapin-de-paques-au-parc-du-chateau-depinal-un-evenement-solidaire-et-ludique","status":"publish","type":"post","link":"https:\/\/vosgesinfo.fr\/epinalinfo\/2025\/03\/chasse-au-lapin-de-paques-au-parc-du-chateau-depinal-un-evenement-solidaire-et-ludique\/","title":{"rendered":"Chasse au Lapin de P\u00e2ques au Parc du Ch\u00e2teau d\u2019\u00c9pinal : Un \u00e9v\u00e9nement solidaire et ludique !"},"content":{"rendered":"<h2 data-start=\"435\" data-end=\"719\"><strong><a href=\"https:\/\/vosgesinfo.fr\/app\/uploads\/sites\/3\/2025\/03\/485045840-664180869340345-5608516946431014123-n.jpg\"><img decoding=\"async\" class=\"aligncenter size-full wp-image-129975\" src=\"https:\/\/vosgesinfo.fr\/app\/uploads\/sites\/3\/2025\/03\/485045840-664180869340345-5608516946431014123-n.jpg\" alt=\"\" width=\"1414\" height=\"2000\" srcset=\"https:\/\/vosgesinfo.fr\/app\/uploads\/sites\/3\/2025\/03\/485045840-664180869340345-5608516946431014123-n.jpg 1414w, https:\/\/vosgesinfo.fr\/app\/uploads\/sites\/3\/2025\/03\/485045840-664180869340345-5608516946431014123-n-212x300.jpg 212w, https:\/\/vosgesinfo.fr\/app\/uploads\/sites\/3\/2025\/03\/485045840-664180869340345-5608516946431014123-n-724x1024.jpg 724w, https:\/\/vosgesinfo.fr\/app\/uploads\/sites\/3\/2025\/03\/485045840-664180869340345-5608516946431014123-n-768x1086.jpg 768w, https:\/\/vosgesinfo.fr\/app\/uploads\/sites\/3\/2025\/03\/485045840-664180869340345-5608516946431014123-n-1086x1536.jpg 1086w\" sizes=\"(max-width: 1414px) 100vw, 1414px\" \/><\/a>Rendez-vous le dimanche 20 avril de 14h \u00e0 17h au parc du ch\u00e2teau d&rsquo;\u00c9pinal pour une chasse au tr\u00e9sor pas comme les autres ! Organis\u00e9e par l\u2019Association Esprits Solidaires 88, cette activit\u00e9 familiale promet de ravir petits et grands, tout en contribuant \u00e0 une belle cause.<\/strong><\/h2>\n<h3 data-start=\"721\" data-end=\"769\">Un jeu de piste amusant pour les enfants<\/h3>\n<p data-start=\"771\" data-end=\"1085\">Le principe est simple : chaque enfant pourra participer en \u00e9change d\u2019une contribution symbolique de 1,00 \u20ac. Cette somme donnera droit \u00e0 un ticket sp\u00e9cial qu\u2019il faudra faire valider par un lapin myst\u00e9rieux cach\u00e9 dans le parc. Une fois le ticket tamponn\u00e9, une friandise sera offerte en r\u00e9compense.<\/p>\n<h3 data-start=\"1087\" data-end=\"1115\">Une action solidaire<\/h3>\n<p data-start=\"1117\" data-end=\"1313\">Au-del\u00e0 du plaisir de la chasse, cette animation a aussi une port\u00e9e solidaire. En effet, les fonds collect\u00e9s seront revers\u00e9s sous forme de dons pour soutenir des actions caritatives locales.<\/p>\n<h3 data-start=\"1117\" data-end=\"1313\">\u00a0Un cadre enchanteur pour une journ\u00e9e festive<\/h3>\n<p data-start=\"1369\" data-end=\"1586\">Le parc du ch\u00e2teau d\u2019\u00c9pinal, avec ses vastes espaces verts et son d\u00e9cor f\u00e9\u00e9rique, est l\u2019endroit id\u00e9al pour cet \u00e9v\u00e9nement convivial. Profitez-en pour passer un moment agr\u00e9able en famille et admirer la beaut\u00e9 du site.<\/p>\n<p data-start=\"1588\" data-end=\"1758\">\ud83d\udccd <strong data-start=\"1591\" data-end=\"1612\">Infos pratiques :<\/strong><br data-start=\"1612\" data-end=\"1615\" \/>\ud83d\udcc5 <strong data-start=\"1618\" data-end=\"1628\">Date :<\/strong> Dimanche 20 avril 2025<br data-start=\"1651\" data-end=\"1654\" \/>\u23f0 <strong data-start=\"1656\" data-end=\"1670\">Horaires :<\/strong> 14h &#8211; 17h<br data-start=\"1680\" data-end=\"1683\" \/>\ud83d\udccd <strong data-start=\"1686\" data-end=\"1696\">Lieu :<\/strong> Parc du Ch\u00e2teau d\u2019\u00c9pinal<br data-start=\"1721\" data-end=\"1724\" \/>\ud83d\udcb0 <strong data-start=\"1727\" data-end=\"1738\">Tarif :<\/strong> 1,00 \u20ac par enfant<\/p>\n<p data-start=\"1760\" data-end=\"1878\" data-is-only-node=\"\">Ne manquez pas cette chasse au lapin de P\u00e2ques o\u00f9 rires, gourmandises et solidarit\u00e9 seront au rendez-vous !<\/p>\n","protected":false},"excerpt":{"rendered":"<p>Rendez-vous le dimanche 20 avril de 14h \u00e0 17h au parc du ch\u00e2teau d&rsquo;\u00c9pinal pour une chasse au tr\u00e9sor pas [&hellip;]<\/p>\n","protected":false},"author":52,"featured_media":129975,"comment_status":"open","ping_status":"open","sticky":false,"template":"","format":"standard","meta":{"footnotes":""},"categories":[22,24],"tags":[],"class_list":["post-129974","post","type-post","status-publish","format-standard","has-post-thumbnail","hentry","category-a-la-une","category-epinal"],"acf":[],"yoast_head":"<!-- This site is optimized with the Yoast SEO plugin v22.5 - https:\/\/yoast.com\/wordpress\/plugins\/seo\/ -->\n<title>Chasse au Lapin de P\u00e2ques au Parc du Ch\u00e2teau d\u2019\u00c9pinal : Un \u00e9v\u00e9nement solidaire et ludique ! - Epinal Info<\/title>\n<meta name=\"robots\" content=\"index, follow, max-snippet:-1, max-image-preview:large, max-video-preview:-1\" \/>\n<link rel=\"canonical\" href=\"https:\/\/vosgesinfo.fr\/epinalinfo\/2025\/03\/chasse-au-lapin-de-paques-au-parc-du-chateau-depinal-un-evenement-solidaire-et-ludique\/\" \/>\n<meta name=\"twitter:card\" content=\"summary_large_image\" \/>\n<meta name=\"twitter:title\" content=\"Chasse au Lapin de P\u00e2ques au Parc du Ch\u00e2teau d\u2019\u00c9pinal : Un \u00e9v\u00e9nement solidaire et ludique ! - Epinal Info\" \/>\n<meta name=\"twitter:description\" content=\"Rendez-vous le dimanche 20 avril de 14h \u00e0 17h au parc du ch\u00e2teau d&rsquo;\u00c9pinal pour une chasse au tr\u00e9sor pas [&hellip;]\" \/>\n<meta name=\"twitter:image\" content=\"https:\/\/vosgesinfo.fr\/app\/uploads\/sites\/3\/2025\/03\/485045840-664180869340345-5608516946431014123-n.jpg\" \/>\n<meta name=\"twitter:creator\" content=\"@VosgesInfo88\" \/>\n<meta name=\"twitter:site\" content=\"@VosgesInfo88\" \/>\n<meta name=\"twitter:label1\" content=\"\u00c9crit par\" \/>\n\t<meta name=\"twitter:data1\" content=\"C.K.\" \/>\n\t<meta name=\"twitter:label2\" content=\"Dur\u00e9e de lecture estim\u00e9e\" \/>\n\t<meta name=\"twitter:data2\" content=\"1 minute\" \/>\n<script type=\"application\/ld+json\" class=\"yoast-schema-graph\">{\"@context\":\"https:\/\/schema.org\",\"@graph\":[{\"@type\":\"Article\",\"@id\":\"https:\/\/vosgesinfo.fr\/epinalinfo\/2025\/03\/chasse-au-lapin-de-paques-au-parc-du-chateau-depinal-un-evenement-solidaire-et-ludique\/#article\",\"isPartOf\":{\"@id\":\"https:\/\/vosgesinfo.fr\/epinalinfo\/2025\/03\/chasse-au-lapin-de-paques-au-parc-du-chateau-depinal-un-evenement-solidaire-et-ludique\/\"},\"author\":{\"name\":\"C.K.\",\"@id\":\"https:\/\/vosgesinfo.fr\/epinalinfo\/#\/schema\/person\/6f9a650eeea99d969b6c4ab78fccbe81\"},\"headline\":\"Chasse au Lapin de P\u00e2ques au Parc du Ch\u00e2teau d\u2019\u00c9pinal : Un \u00e9v\u00e9nement solidaire et ludique !\",\"datePublished\":\"2025-03-22T06:56:11+00:00\",\"dateModified\":\"2025-03-21T07:58:29+00:00\",\"mainEntityOfPage\":{\"@id\":\"https:\/\/vosgesinfo.fr\/epinalinfo\/2025\/03\/chasse-au-lapin-de-paques-au-parc-du-chateau-depinal-un-evenement-solidaire-et-ludique\/\"},\"wordCount\":246,\"commentCount\":0,\"publisher\":{\"@id\":\"https:\/\/vosgesinfo.fr\/epinalinfo\/#organization\"},\"image\":{\"@id\":\"https:\/\/vosgesinfo.fr\/epinalinfo\/2025\/03\/chasse-au-lapin-de-paques-au-parc-du-chateau-depinal-un-evenement-solidaire-et-ludique\/#primaryimage\"},\"thumbnailUrl\":\"https:\/\/vosgesinfo.fr\/app\/uploads\/sites\/3\/2025\/03\/485045840-664180869340345-5608516946431014123-n.jpg\",\"articleSection\":[\"A la Une\",\"Epinal\"],\"inLanguage\":\"fr-FR\",\"potentialAction\":[{\"@type\":\"CommentAction\",\"name\":\"Comment\",\"target\":[\"https:\/\/vosgesinfo.fr\/epinalinfo\/2025\/03\/chasse-au-lapin-de-paques-au-parc-du-chateau-depinal-un-evenement-solidaire-et-ludique\/#respond\"]}]},{\"@type\":\"WebPage\",\"@id\":\"https:\/\/vosgesinfo.fr\/epinalinfo\/2025\/03\/chasse-au-lapin-de-paques-au-parc-du-chateau-depinal-un-evenement-solidaire-et-ludique\/\",\"url\":\"https:\/\/vosgesinfo.fr\/epinalinfo\/2025\/03\/chasse-au-lapin-de-paques-au-parc-du-chateau-depinal-un-evenement-solidaire-et-ludique\/\",\"name\":\"Chasse au Lapin de P\u00e2ques au Parc du Ch\u00e2teau d\u2019\u00c9pinal : Un \u00e9v\u00e9nement solidaire et ludique ! - Epinal Info\",\"isPartOf\":{\"@id\":\"https:\/\/vosgesinfo.fr\/epinalinfo\/#website\"},\"primaryImageOfPage\":{\"@id\":\"https:\/\/vosgesinfo.fr\/epinalinfo\/2025\/03\/chasse-au-lapin-de-paques-au-parc-du-chateau-depinal-un-evenement-solidaire-et-ludique\/#primaryimage\"},\"image\":{\"@id\":\"https:\/\/vosgesinfo.fr\/epinalinfo\/2025\/03\/chasse-au-lapin-de-paques-au-parc-du-chateau-depinal-un-evenement-solidaire-et-ludique\/#primaryimage\"},\"thumbnailUrl\":\"https:\/\/vosgesinfo.fr\/app\/uploads\/sites\/3\/2025\/03\/485045840-664180869340345-5608516946431014123-n.jpg\",\"datePublished\":\"2025-03-22T06:56:11+00:00\",\"dateModified\":\"2025-03-21T07:58:29+00:00\",\"breadcrumb\":{\"@id\":\"https:\/\/vosgesinfo.fr\/epinalinfo\/2025\/03\/chasse-au-lapin-de-paques-au-parc-du-chateau-depinal-un-evenement-solidaire-et-ludique\/#breadcrumb\"},\"inLanguage\":\"fr-FR\",\"potentialAction\":[{\"@type\":\"ReadAction\",\"target\":[\"https:\/\/vosgesinfo.fr\/epinalinfo\/2025\/03\/chasse-au-lapin-de-paques-au-parc-du-chateau-depinal-un-evenement-solidaire-et-ludique\/\"]}]},{\"@type\":\"ImageObject\",\"inLanguage\":\"fr-FR\",\"@id\":\"https:\/\/vosgesinfo.fr\/epinalinfo\/2025\/03\/chasse-au-lapin-de-paques-au-parc-du-chateau-depinal-un-evenement-solidaire-et-ludique\/#primaryimage\",\"url\":\"https:\/\/vosgesinfo.fr\/app\/uploads\/sites\/3\/2025\/03\/485045840-664180869340345-5608516946431014123-n.jpg\",\"contentUrl\":\"https:\/\/vosgesinfo.fr\/app\/uploads\/sites\/3\/2025\/03\/485045840-664180869340345-5608516946431014123-n.jpg\",\"width\":1414,\"height\":2000},{\"@type\":\"BreadcrumbList\",\"@id\":\"https:\/\/vosgesinfo.fr\/epinalinfo\/2025\/03\/chasse-au-lapin-de-paques-au-parc-du-chateau-depinal-un-evenement-solidaire-et-ludique\/#breadcrumb\",\"itemListElement\":[{\"@type\":\"ListItem\",\"position\":1,\"name\":\"Home\",\"item\":\"https:\/\/vosgesinfo.fr\/epinalinfo\/\"},{\"@type\":\"ListItem\",\"position\":2,\"name\":\"Chasse au Lapin de P\u00e2ques au Parc du Ch\u00e2teau d\u2019\u00c9pinal : Un \u00e9v\u00e9nement solidaire et ludique !\"}]},{\"@type\":\"WebSite\",\"@id\":\"https:\/\/vosgesinfo.fr\/epinalinfo\/#website\",\"url\":\"https:\/\/vosgesinfo.fr\/epinalinfo\/\",\"name\":\"Epinal Info\",\"description\":\"Toute l&#039;actualit\u00e9 d&#039;\u00c9pinal\",\"publisher\":{\"@id\":\"https:\/\/vosgesinfo.fr\/epinalinfo\/#organization\"},\"alternateName\":\"Toute l'actualit\u00e9 d'\u00c9pinal\",\"potentialAction\":[{\"@type\":\"SearchAction\",\"target\":{\"@type\":\"EntryPoint\",\"urlTemplate\":\"https:\/\/vosgesinfo.fr\/epinalinfo\/?s={search_term_string}\"},\"query-input\":\"required name=search_term_string\"}],\"inLanguage\":\"fr-FR\"},{\"@type\":\"Organization\",\"@id\":\"https:\/\/vosgesinfo.fr\/epinalinfo\/#organization\",\"name\":\"Epinal Info\",\"url\":\"https:\/\/vosgesinfo.fr\/epinalinfo\/\",\"logo\":{\"@type\":\"ImageObject\",\"inLanguage\":\"fr-FR\",\"@id\":\"https:\/\/vosgesinfo.fr\/epinalinfo\/#\/schema\/logo\/image\/\",\"url\":\"https:\/\/vosgesinfo.fr\/app\/uploads\/sites\/3\/2023\/08\/logo-epinalinfos.svg\",\"contentUrl\":\"https:\/\/vosgesinfo.fr\/app\/uploads\/sites\/3\/2023\/08\/logo-epinalinfos.svg\",\"width\":1,\"height\":1,\"caption\":\"Epinal Info\"},\"image\":{\"@id\":\"https:\/\/vosgesinfo.fr\/epinalinfo\/#\/schema\/logo\/image\/\"},\"sameAs\":[\"https:\/\/www.facebook.com\/Epinalinfos\",\"https:\/\/x.com\/VosgesInfo88\",\"https:\/\/www.youtube.com\/@vosgesinfo\"]},{\"@type\":\"Person\",\"@id\":\"https:\/\/vosgesinfo.fr\/epinalinfo\/#\/schema\/person\/6f9a650eeea99d969b6c4ab78fccbe81\",\"name\":\"C.K.\",\"image\":{\"@type\":\"ImageObject\",\"inLanguage\":\"fr-FR\",\"@id\":\"https:\/\/vosgesinfo.fr\/epinalinfo\/#\/schema\/person\/image\/\",\"url\":\"https:\/\/secure.gravatar.com\/avatar\/48e3fc7f8421ba8942be6b74a2b7f014ca39bc00dece156b7a8e098ae7dc87bf?s=96&d=mm&r=g\",\"contentUrl\":\"https:\/\/secure.gravatar.com\/avatar\/48e3fc7f8421ba8942be6b74a2b7f014ca39bc00dece156b7a8e098ae7dc87bf?s=96&d=mm&r=g\",\"caption\":\"C.K.\"},\"url\":\"https:\/\/vosgesinfo.fr\/epinalinfo\/author\/celia-k-n\/\"}]}<\/script>\n<!-- \/ Yoast SEO plugin. -->","yoast_head_json":{"title":"Chasse au Lapin de P\u00e2ques au Parc du Ch\u00e2teau d\u2019\u00c9pinal : Un \u00e9v\u00e9nement solidaire et ludique ! - Epinal Info","robots":{"index":"index","follow":"follow","max-snippet":"max-snippet:-1","max-image-preview":"max-image-preview:large","max-video-preview":"max-video-preview:-1"},"canonical":"https:\/\/vosgesinfo.fr\/epinalinfo\/2025\/03\/chasse-au-lapin-de-paques-au-parc-du-chateau-depinal-un-evenement-solidaire-et-ludique\/","twitter_card":"summary_large_image","twitter_title":"Chasse au Lapin de P\u00e2ques au Parc du Ch\u00e2teau d\u2019\u00c9pinal : Un \u00e9v\u00e9nement solidaire et ludique ! - Epinal Info","twitter_description":"Rendez-vous le dimanche 20 avril de 14h \u00e0 17h au parc du ch\u00e2teau d&rsquo;\u00c9pinal pour une chasse au tr\u00e9sor pas [&hellip;]","twitter_image":"https:\/\/vosgesinfo.fr\/app\/uploads\/sites\/3\/2025\/03\/485045840-664180869340345-5608516946431014123-n.jpg","twitter_creator":"@VosgesInfo88","twitter_site":"@VosgesInfo88","twitter_misc":{"\u00c9crit par":"C.K.","Dur\u00e9e de lecture estim\u00e9e":"1 minute"},"schema":{"@context":"https:\/\/schema.org","@graph":[{"@type":"Article","@id":"https:\/\/vosgesinfo.fr\/epinalinfo\/2025\/03\/chasse-au-lapin-de-paques-au-parc-du-chateau-depinal-un-evenement-solidaire-et-ludique\/#article","isPartOf":{"@id":"https:\/\/vosgesinfo.fr\/epinalinfo\/2025\/03\/chasse-au-lapin-de-paques-au-parc-du-chateau-depinal-un-evenement-solidaire-et-ludique\/"},"author":{"name":"C.K.","@id":"https:\/\/vosgesinfo.fr\/epinalinfo\/#\/schema\/person\/6f9a650eeea99d969b6c4ab78fccbe81"},"headline":"Chasse au Lapin de P\u00e2ques au Parc du Ch\u00e2teau d\u2019\u00c9pinal : Un \u00e9v\u00e9nement solidaire et ludique !","datePublished":"2025-03-22T06:56:11+00:00","dateModified":"2025-03-21T07:58:29+00:00","mainEntityOfPage":{"@id":"https:\/\/vosgesinfo.fr\/epinalinfo\/2025\/03\/chasse-au-lapin-de-paques-au-parc-du-chateau-depinal-un-evenement-solidaire-et-ludique\/"},"wordCount":246,"commentCount":0,"publisher":{"@id":"https:\/\/vosgesinfo.fr\/epinalinfo\/#organization"},"image":{"@id":"https:\/\/vosgesinfo.fr\/epinalinfo\/2025\/03\/chasse-au-lapin-de-paques-au-parc-du-chateau-depinal-un-evenement-solidaire-et-ludique\/#primaryimage"},"thumbnailUrl":"https:\/\/vosgesinfo.fr\/app\/uploads\/sites\/3\/2025\/03\/485045840-664180869340345-5608516946431014123-n.jpg","articleSection":["A la Une","Epinal"],"inLanguage":"fr-FR","potentialAction":[{"@type":"CommentAction","name":"Comment","target":["https:\/\/vosgesinfo.fr\/epinalinfo\/2025\/03\/chasse-au-lapin-de-paques-au-parc-du-chateau-depinal-un-evenement-solidaire-et-ludique\/#respond"]}]},{"@type":"WebPage","@id":"https:\/\/vosgesinfo.fr\/epinalinfo\/2025\/03\/chasse-au-lapin-de-paques-au-parc-du-chateau-depinal-un-evenement-solidaire-et-ludique\/","url":"https:\/\/vosgesinfo.fr\/epinalinfo\/2025\/03\/chasse-au-lapin-de-paques-au-parc-du-chateau-depinal-un-evenement-solidaire-et-ludique\/","name":"Chasse au Lapin de P\u00e2ques au Parc du Ch\u00e2teau d\u2019\u00c9pinal : Un \u00e9v\u00e9nement solidaire et ludique ! - Epinal Info","isPartOf":{"@id":"https:\/\/vosgesinfo.fr\/epinalinfo\/#website"},"primaryImageOfPage":{"@id":"https:\/\/vosgesinfo.fr\/epinalinfo\/2025\/03\/chasse-au-lapin-de-paques-au-parc-du-chateau-depinal-un-evenement-solidaire-et-ludique\/#primaryimage"},"image":{"@id":"https:\/\/vosgesinfo.fr\/epinalinfo\/2025\/03\/chasse-au-lapin-de-paques-au-parc-du-chateau-depinal-un-evenement-solidaire-et-ludique\/#primaryimage"},"thumbnailUrl":"https:\/\/vosgesinfo.fr\/app\/uploads\/sites\/3\/2025\/03\/485045840-664180869340345-5608516946431014123-n.jpg","datePublished":"2025-03-22T06:56:11+00:00","dateModified":"2025-03-21T07:58:29+00:00","breadcrumb":{"@id":"https:\/\/vosgesinfo.fr\/epinalinfo\/2025\/03\/chasse-au-lapin-de-paques-au-parc-du-chateau-depinal-un-evenement-solidaire-et-ludique\/#breadcrumb"},"inLanguage":"fr-FR","potentialAction":[{"@type":"ReadAction","target":["https:\/\/vosgesinfo.fr\/epinalinfo\/2025\/03\/chasse-au-lapin-de-paques-au-parc-du-chateau-depinal-un-evenement-solidaire-et-ludique\/"]}]},{"@type":"ImageObject","inLanguage":"fr-FR","@id":"https:\/\/vosgesinfo.fr\/epinalinfo\/2025\/03\/chasse-au-lapin-de-paques-au-parc-du-chateau-depinal-un-evenement-solidaire-et-ludique\/#primaryimage","url":"https:\/\/vosgesinfo.fr\/app\/uploads\/sites\/3\/2025\/03\/485045840-664180869340345-5608516946431014123-n.jpg","contentUrl":"https:\/\/vosgesinfo.fr\/app\/uploads\/sites\/3\/2025\/03\/485045840-664180869340345-5608516946431014123-n.jpg","width":1414,"height":2000},{"@type":"BreadcrumbList","@id":"https:\/\/vosgesinfo.fr\/epinalinfo\/2025\/03\/chasse-au-lapin-de-paques-au-parc-du-chateau-depinal-un-evenement-solidaire-et-ludique\/#breadcrumb","itemListElement":[{"@type":"ListItem","position":1,"name":"Home","item":"https:\/\/vosgesinfo.fr\/epinalinfo\/"},{"@type":"ListItem","position":2,"name":"Chasse au Lapin de P\u00e2ques au Parc du Ch\u00e2teau d\u2019\u00c9pinal : Un \u00e9v\u00e9nement solidaire et ludique !"}]},{"@type":"WebSite","@id":"https:\/\/vosgesinfo.fr\/epinalinfo\/#website","url":"https:\/\/vosgesinfo.fr\/epinalinfo\/","name":"Epinal Info","description":"Toute l&#039;actualit\u00e9 d&#039;\u00c9pinal","publisher":{"@id":"https:\/\/vosgesinfo.fr\/epinalinfo\/#organization"},"alternateName":"Toute l'actualit\u00e9 d'\u00c9pinal","potentialAction":[{"@type":"SearchAction","target":{"@type":"EntryPoint","urlTemplate":"https:\/\/vosgesinfo.fr\/epinalinfo\/?s={search_term_string}"},"query-input":"required name=search_term_string"}],"inLanguage":"fr-FR"},{"@type":"Organization","@id":"https:\/\/vosgesinfo.fr\/epinalinfo\/#organization","name":"Epinal Info","url":"https:\/\/vosgesinfo.fr\/epinalinfo\/","logo":{"@type":"ImageObject","inLanguage":"fr-FR","@id":"https:\/\/vosgesinfo.fr\/epinalinfo\/#\/schema\/logo\/image\/","url":"https:\/\/vosgesinfo.fr\/app\/uploads\/sites\/3\/2023\/08\/logo-epinalinfos.svg","contentUrl":"https:\/\/vosgesinfo.fr\/app\/uploads\/sites\/3\/2023\/08\/logo-epinalinfos.svg","width":1,"height":1,"caption":"Epinal Info"},"image":{"@id":"https:\/\/vosgesinfo.fr\/epinalinfo\/#\/schema\/logo\/image\/"},"sameAs":["https:\/\/www.facebook.com\/Epinalinfos","https:\/\/x.com\/VosgesInfo88","https:\/\/www.youtube.com\/@vosgesinfo"]},{"@type":"Person","@id":"https:\/\/vosgesinfo.fr\/epinalinfo\/#\/schema\/person\/6f9a650eeea99d969b6c4ab78fccbe81","name":"C.K.","image":{"@type":"ImageObject","inLanguage":"fr-FR","@id":"https:\/\/vosgesinfo.fr\/epinalinfo\/#\/schema\/person\/image\/","url":"https:\/\/secure.gravatar.com\/avatar\/48e3fc7f8421ba8942be6b74a2b7f014ca39bc00dece156b7a8e098ae7dc87bf?s=96&d=mm&r=g","contentUrl":"https:\/\/secure.gravatar.com\/avatar\/48e3fc7f8421ba8942be6b74a2b7f014ca39bc00dece156b7a8e098ae7dc87bf?s=96&d=mm&r=g","caption":"C.K."},"url":"https:\/\/vosgesinfo.fr\/epinalinfo\/author\/celia-k-n\/"}]}},"_links":{"self":[{"href":"https:\/\/vosgesinfo.fr\/epinalinfo\/wp-json\/wp\/v2\/posts\/129974","targetHints":{"allow":["GET"]}}],"collection":[{"href":"https:\/\/vosgesinfo.fr\/epinalinfo\/wp-json\/wp\/v2\/posts"}],"about":[{"href":"https:\/\/vosgesinfo.fr\/epinalinfo\/wp-json\/wp\/v2\/types\/post"}],"author":[{"embeddable":true,"href":"https:\/\/vosgesinfo.fr\/epinalinfo\/wp-json\/wp\/v2\/users\/52"}],"replies":[{"embeddable":true,"href":"https:\/\/vosgesinfo.fr\/epinalinfo\/wp-json\/wp\/v2\/comments?post=129974"}],"version-history":[{"count":1,"href":"https:\/\/vosgesinfo.fr\/epinalinfo\/wp-json\/wp\/v2\/posts\/129974\/revisions"}],"predecessor-version":[{"id":129976,"href":"https:\/\/vosgesinfo.fr\/epinalinfo\/wp-json\/wp\/v2\/posts\/129974\/revisions\/129976"}],"wp:featuredmedia":[{"embeddable":true,"href":"https:\/\/vosgesinfo.fr\/epinalinfo\/wp-json\/wp\/v2\/media\/129975"}],"wp:attachment":[{"href":"https:\/\/vosgesinfo.fr\/epinalinfo\/wp-json\/wp\/v2\/media?parent=129974"}],"wp:term":[{"taxonomy":"category","embeddable":true,"href":"https:\/\/vosgesinfo.fr\/epinalinfo\/wp-json\/wp\/v2\/categories?post=129974"},{"taxonomy":"post_tag","embeddable":true,"href":"https:\/\/vosgesinfo.fr\/epinalinfo\/wp-json\/wp\/v2\/tags?post=129974"}],"curies":[{"name":"wp","href":"https:\/\/api.w.org\/{rel}","templated":true}]}}