{"id":130102,"date":"2025-03-22T18:40:16","date_gmt":"2025-03-22T17:40:16","guid":{"rendered":"https:\/\/vosgesinfo.fr\/epinalinfo\/?p=130102"},"modified":"2025-03-22T18:31:18","modified_gmt":"2025-03-22T17:31:18","slug":"le-campus-national-des-jeunes-republicains-un-week-end-strategique-a-epinal","status":"publish","type":"post","link":"https:\/\/vosgesinfo.fr\/epinalinfo\/2025\/03\/le-campus-national-des-jeunes-republicains-un-week-end-strategique-a-epinal\/","title":{"rendered":"Le Campus national des Jeunes R\u00e9publicains : un week-end strat\u00e9gique \u00e0 \u00c9pinal"},"content":{"rendered":"<div id=\"attachment_130103\" style=\"width: 730px\" class=\"wp-caption aligncenter\"><a href=\"https:\/\/vosgesinfo.fr\/app\/uploads\/sites\/3\/2025\/03\/486301136-4002809796658653-4155520756422068431-n.jpg\"><img decoding=\"async\" aria-describedby=\"caption-attachment-130103\" class=\"size-full wp-image-130103\" src=\"https:\/\/vosgesinfo.fr\/app\/uploads\/sites\/3\/2025\/03\/486301136-4002809796658653-4155520756422068431-n.jpg\" alt=\"\" width=\"720\" height=\"960\" srcset=\"https:\/\/vosgesinfo.fr\/app\/uploads\/sites\/3\/2025\/03\/486301136-4002809796658653-4155520756422068431-n.jpg 720w, https:\/\/vosgesinfo.fr\/app\/uploads\/sites\/3\/2025\/03\/486301136-4002809796658653-4155520756422068431-n-225x300.jpg 225w\" sizes=\"(max-width: 720px) 100vw, 720px\" \/><\/a><p id=\"caption-attachment-130103\" class=\"wp-caption-text\">photo St\u00e9phane Viry<\/p><\/div>\n<h2 data-start=\"419\" data-end=\"764\"><strong>Le Centre des Congr\u00e8s d&rsquo;\u00c9pinal accueille tout ce week-end le Campus national des Jeunes R\u00e9publicains, un rendez-vous cl\u00e9 pour la formation et la mobilisation des jeunes cadres du parti. L&rsquo;\u00e9v\u00e9nement se tient dans un contexte politique crucial, marqu\u00e9 par une recomposition interne et la pr\u00e9paration des prochaines \u00e9ch\u00e9ances \u00e9lectorales.<\/strong><\/h2>\n<h3 data-start=\"766\" data-end=\"817\"><strong data-start=\"769\" data-end=\"815\">Des figures de premier plan au rendez-vous<\/strong><\/h3>\n<p class=\"\" data-start=\"819\" data-end=\"1245\">Plusieurs personnalit\u00e9s de premier plan des R\u00e9publicains (LR) ont fait le d\u00e9placement pour \u00e9changer avec les militants et d\u00e9finir les grandes orientations strat\u00e9giques du parti. Annie Genevard, ministre de l\u2019Agriculture et cadre influente de LR, est arriv\u00e9e \u00e0 \u00c9pinal pour participer aux discussions, aux c\u00f4t\u00e9s de Laurent Wauquiez, pr\u00e9sident du groupe LR \u00e0 l\u2019Assembl\u00e9e nationale et figure incontournable du parti.<\/p>\n<p class=\"\" data-start=\"1247\" data-end=\"1587\">Le ministre de l\u2019Int\u00e9rieur, Bruno Retailleau, \u00e9tait \u00e9galement pr\u00e9sent et a profit\u00e9 de l&rsquo;occasion pour s&rsquo;entretenir avec St\u00e9phane Viry, d\u00e9put\u00e9 des Vosges. Ce moment a permis d&rsquo;aborder divers sujets li\u00e9s aux d\u00e9fis s\u00e9curitaires et aux enjeux locaux, tout en restant dans une perspective plus large de r\u00e9flexion sur l\u2019avenir du parti.<\/p>\n<h3 data-start=\"1589\" data-end=\"1655\"><strong data-start=\"1592\" data-end=\"1653\">Une bataille pour la pr\u00e9sidence du parti en toile de fond<\/strong><\/h3>\n<p class=\"\" data-start=\"1657\" data-end=\"1939\">Si ce Campus est avant tout un moment d\u2019\u00e9change et de formation, il est \u00e9galement marqu\u00e9 par une lutte d\u2019influence en interne. En effet, les deux principales figures du parti, Laurent Wauquiez et Bruno Retailleau, sont tous deux candidats \u00e0 la pr\u00e9sidence des R\u00e9publicains.<\/p>\n<p class=\"\" data-start=\"1941\" data-end=\"2203\">Leurs interventions \u00e0 \u00c9pinal sont donc scrut\u00e9es avec attention, car elles pourraient donner des indications sur leurs orientations et strat\u00e9gies respectives. Entre fid\u00e9lit\u00e9 \u00e0 l\u2019ADN du parti et n\u00e9cessit\u00e9 de renouvellement, les d\u00e9bats promettent d\u2019\u00eatre intenses.<\/p>\n<h3 data-start=\"2205\" data-end=\"2246\"><strong data-start=\"2208\" data-end=\"2244\">Cap sur les prochaines \u00e9lections<\/strong><\/h3>\n<p class=\"\" data-start=\"2248\" data-end=\"2580\">L\u2019enjeu pour les R\u00e9publicains est double : red\u00e9finir leur positionnement politique tout en pr\u00e9parant efficacement les prochaines \u00e9ch\u00e9ances \u00e9lectorales. Dans un paysage politique en mutation, le parti doit retrouver une dynamique capable de s\u00e9duire \u00e0 la fois son \u00e9lectorat traditionnel et de nouvelles g\u00e9n\u00e9rations de militants.<\/p>\n<p class=\"\" data-start=\"2582\" data-end=\"2912\">Le Campus national des Jeunes R\u00e9publicains d\u2019\u00c9pinal se veut donc un laboratoire d\u2019id\u00e9es et un catalyseur d\u2019ambitions, \u00e0 un moment o\u00f9 le parti cherche \u00e0 renforcer son unit\u00e9 et son attractivit\u00e9.<\/p>\n<p class=\"\" data-start=\"2582\" data-end=\"2912\">Les prises de parole et les \u00e9changes tout au long du week-end seront d\u00e9terminants pour tracer la feuille de route des mois \u00e0 venir.<\/p>\n<div id=\"attachment_130104\" style=\"width: 730px\" class=\"wp-caption aligncenter\"><a href=\"https:\/\/vosgesinfo.fr\/app\/uploads\/sites\/3\/2025\/03\/485693523-4002809679991998-2550154662249427779-n.jpg\"><img decoding=\"async\" aria-describedby=\"caption-attachment-130104\" class=\"size-full wp-image-130104\" src=\"https:\/\/vosgesinfo.fr\/app\/uploads\/sites\/3\/2025\/03\/485693523-4002809679991998-2550154662249427779-n.jpg\" alt=\"\" width=\"720\" height=\"960\" srcset=\"https:\/\/vosgesinfo.fr\/app\/uploads\/sites\/3\/2025\/03\/485693523-4002809679991998-2550154662249427779-n.jpg 720w, https:\/\/vosgesinfo.fr\/app\/uploads\/sites\/3\/2025\/03\/485693523-4002809679991998-2550154662249427779-n-225x300.jpg 225w\" sizes=\"(max-width: 720px) 100vw, 720px\" \/><\/a><p id=\"caption-attachment-130104\" class=\"wp-caption-text\">photo St\u00e9phane Viry<\/p><\/div>\n","protected":false},"excerpt":{"rendered":"<p>Le Centre des Congr\u00e8s d&rsquo;\u00c9pinal accueille tout ce week-end le Campus national des Jeunes R\u00e9publicains, un rendez-vous cl\u00e9 pour la [&hellip;]<\/p>\n","protected":false},"author":52,"featured_media":130103,"comment_status":"open","ping_status":"open","sticky":false,"template":"","format":"standard","meta":{"footnotes":""},"categories":[22,24,9,5],"tags":[],"class_list":["post-130102","post","type-post","status-publish","format-standard","has-post-thumbnail","hentry","category-a-la-une","category-epinal","category-politique","category-vosges"],"acf":[],"yoast_head":"<!-- This site is optimized with the Yoast SEO plugin v22.5 - https:\/\/yoast.com\/wordpress\/plugins\/seo\/ -->\n<title>Le Campus national des Jeunes R\u00e9publicains : un week-end strat\u00e9gique \u00e0 \u00c9pinal - Epinal Info<\/title>\n<meta name=\"robots\" content=\"index, follow, max-snippet:-1, max-image-preview:large, max-video-preview:-1\" \/>\n<link rel=\"canonical\" href=\"https:\/\/vosgesinfo.fr\/epinalinfo\/2025\/03\/le-campus-national-des-jeunes-republicains-un-week-end-strategique-a-epinal\/\" \/>\n<meta name=\"twitter:card\" content=\"summary_large_image\" \/>\n<meta name=\"twitter:title\" content=\"Le Campus national des Jeunes R\u00e9publicains : un week-end strat\u00e9gique \u00e0 \u00c9pinal - Epinal Info\" \/>\n<meta name=\"twitter:description\" content=\"Le Centre des Congr\u00e8s d&rsquo;\u00c9pinal accueille tout ce week-end le Campus national des Jeunes R\u00e9publicains, un rendez-vous cl\u00e9 pour la [&hellip;]\" \/>\n<meta name=\"twitter:image\" content=\"https:\/\/vosgesinfo.fr\/app\/uploads\/sites\/3\/2025\/03\/486301136-4002809796658653-4155520756422068431-n.jpg\" \/>\n<meta name=\"twitter:creator\" content=\"@VosgesInfo88\" \/>\n<meta name=\"twitter:site\" content=\"@VosgesInfo88\" \/>\n<meta name=\"twitter:label1\" content=\"\u00c9crit par\" \/>\n\t<meta name=\"twitter:data1\" content=\"C.K.\" \/>\n\t<meta name=\"twitter:label2\" content=\"Dur\u00e9e de lecture estim\u00e9e\" \/>\n\t<meta name=\"twitter:data2\" content=\"2 minutes\" \/>\n<script type=\"application\/ld+json\" class=\"yoast-schema-graph\">{\"@context\":\"https:\/\/schema.org\",\"@graph\":[{\"@type\":\"Article\",\"@id\":\"https:\/\/vosgesinfo.fr\/epinalinfo\/2025\/03\/le-campus-national-des-jeunes-republicains-un-week-end-strategique-a-epinal\/#article\",\"isPartOf\":{\"@id\":\"https:\/\/vosgesinfo.fr\/epinalinfo\/2025\/03\/le-campus-national-des-jeunes-republicains-un-week-end-strategique-a-epinal\/\"},\"author\":{\"name\":\"C.K.\",\"@id\":\"https:\/\/vosgesinfo.fr\/epinalinfo\/#\/schema\/person\/6f9a650eeea99d969b6c4ab78fccbe81\"},\"headline\":\"Le Campus national des Jeunes R\u00e9publicains : un week-end strat\u00e9gique \u00e0 \u00c9pinal\",\"datePublished\":\"2025-03-22T17:40:16+00:00\",\"dateModified\":\"2025-03-22T17:31:18+00:00\",\"mainEntityOfPage\":{\"@id\":\"https:\/\/vosgesinfo.fr\/epinalinfo\/2025\/03\/le-campus-national-des-jeunes-republicains-un-week-end-strategique-a-epinal\/\"},\"wordCount\":446,\"commentCount\":0,\"publisher\":{\"@id\":\"https:\/\/vosgesinfo.fr\/epinalinfo\/#organization\"},\"image\":{\"@id\":\"https:\/\/vosgesinfo.fr\/epinalinfo\/2025\/03\/le-campus-national-des-jeunes-republicains-un-week-end-strategique-a-epinal\/#primaryimage\"},\"thumbnailUrl\":\"https:\/\/vosgesinfo.fr\/app\/uploads\/sites\/3\/2025\/03\/486301136-4002809796658653-4155520756422068431-n.jpg\",\"articleSection\":[\"A la Une\",\"Epinal\",\"Politique\",\"Vosges\"],\"inLanguage\":\"fr-FR\",\"potentialAction\":[{\"@type\":\"CommentAction\",\"name\":\"Comment\",\"target\":[\"https:\/\/vosgesinfo.fr\/epinalinfo\/2025\/03\/le-campus-national-des-jeunes-republicains-un-week-end-strategique-a-epinal\/#respond\"]}]},{\"@type\":\"WebPage\",\"@id\":\"https:\/\/vosgesinfo.fr\/epinalinfo\/2025\/03\/le-campus-national-des-jeunes-republicains-un-week-end-strategique-a-epinal\/\",\"url\":\"https:\/\/vosgesinfo.fr\/epinalinfo\/2025\/03\/le-campus-national-des-jeunes-republicains-un-week-end-strategique-a-epinal\/\",\"name\":\"Le Campus national des Jeunes R\u00e9publicains : un week-end strat\u00e9gique \u00e0 \u00c9pinal - Epinal Info\",\"isPartOf\":{\"@id\":\"https:\/\/vosgesinfo.fr\/epinalinfo\/#website\"},\"primaryImageOfPage\":{\"@id\":\"https:\/\/vosgesinfo.fr\/epinalinfo\/2025\/03\/le-campus-national-des-jeunes-republicains-un-week-end-strategique-a-epinal\/#primaryimage\"},\"image\":{\"@id\":\"https:\/\/vosgesinfo.fr\/epinalinfo\/2025\/03\/le-campus-national-des-jeunes-republicains-un-week-end-strategique-a-epinal\/#primaryimage\"},\"thumbnailUrl\":\"https:\/\/vosgesinfo.fr\/app\/uploads\/sites\/3\/2025\/03\/486301136-4002809796658653-4155520756422068431-n.jpg\",\"datePublished\":\"2025-03-22T17:40:16+00:00\",\"dateModified\":\"2025-03-22T17:31:18+00:00\",\"breadcrumb\":{\"@id\":\"https:\/\/vosgesinfo.fr\/epinalinfo\/2025\/03\/le-campus-national-des-jeunes-republicains-un-week-end-strategique-a-epinal\/#breadcrumb\"},\"inLanguage\":\"fr-FR\",\"potentialAction\":[{\"@type\":\"ReadAction\",\"target\":[\"https:\/\/vosgesinfo.fr\/epinalinfo\/2025\/03\/le-campus-national-des-jeunes-republicains-un-week-end-strategique-a-epinal\/\"]}]},{\"@type\":\"ImageObject\",\"inLanguage\":\"fr-FR\",\"@id\":\"https:\/\/vosgesinfo.fr\/epinalinfo\/2025\/03\/le-campus-national-des-jeunes-republicains-un-week-end-strategique-a-epinal\/#primaryimage\",\"url\":\"https:\/\/vosgesinfo.fr\/app\/uploads\/sites\/3\/2025\/03\/486301136-4002809796658653-4155520756422068431-n.jpg\",\"contentUrl\":\"https:\/\/vosgesinfo.fr\/app\/uploads\/sites\/3\/2025\/03\/486301136-4002809796658653-4155520756422068431-n.jpg\",\"width\":720,\"height\":960,\"caption\":\"photo St\u00e9phane Viry\"},{\"@type\":\"BreadcrumbList\",\"@id\":\"https:\/\/vosgesinfo.fr\/epinalinfo\/2025\/03\/le-campus-national-des-jeunes-republicains-un-week-end-strategique-a-epinal\/#breadcrumb\",\"itemListElement\":[{\"@type\":\"ListItem\",\"position\":1,\"name\":\"Home\",\"item\":\"https:\/\/vosgesinfo.fr\/epinalinfo\/\"},{\"@type\":\"ListItem\",\"position\":2,\"name\":\"Le Campus national des Jeunes R\u00e9publicains : un week-end strat\u00e9gique \u00e0 \u00c9pinal\"}]},{\"@type\":\"WebSite\",\"@id\":\"https:\/\/vosgesinfo.fr\/epinalinfo\/#website\",\"url\":\"https:\/\/vosgesinfo.fr\/epinalinfo\/\",\"name\":\"Epinal Info\",\"description\":\"Toute l&#039;actualit\u00e9 d&#039;\u00c9pinal\",\"publisher\":{\"@id\":\"https:\/\/vosgesinfo.fr\/epinalinfo\/#organization\"},\"alternateName\":\"Toute l'actualit\u00e9 d'\u00c9pinal\",\"potentialAction\":[{\"@type\":\"SearchAction\",\"target\":{\"@type\":\"EntryPoint\",\"urlTemplate\":\"https:\/\/vosgesinfo.fr\/epinalinfo\/?s={search_term_string}\"},\"query-input\":\"required name=search_term_string\"}],\"inLanguage\":\"fr-FR\"},{\"@type\":\"Organization\",\"@id\":\"https:\/\/vosgesinfo.fr\/epinalinfo\/#organization\",\"name\":\"Epinal Info\",\"url\":\"https:\/\/vosgesinfo.fr\/epinalinfo\/\",\"logo\":{\"@type\":\"ImageObject\",\"inLanguage\":\"fr-FR\",\"@id\":\"https:\/\/vosgesinfo.fr\/epinalinfo\/#\/schema\/logo\/image\/\",\"url\":\"https:\/\/vosgesinfo.fr\/app\/uploads\/sites\/3\/2023\/08\/logo-epinalinfos.svg\",\"contentUrl\":\"https:\/\/vosgesinfo.fr\/app\/uploads\/sites\/3\/2023\/08\/logo-epinalinfos.svg\",\"width\":1,\"height\":1,\"caption\":\"Epinal Info\"},\"image\":{\"@id\":\"https:\/\/vosgesinfo.fr\/epinalinfo\/#\/schema\/logo\/image\/\"},\"sameAs\":[\"https:\/\/www.facebook.com\/Epinalinfos\",\"https:\/\/x.com\/VosgesInfo88\",\"https:\/\/www.youtube.com\/@vosgesinfo\"]},{\"@type\":\"Person\",\"@id\":\"https:\/\/vosgesinfo.fr\/epinalinfo\/#\/schema\/person\/6f9a650eeea99d969b6c4ab78fccbe81\",\"name\":\"C.K.\",\"image\":{\"@type\":\"ImageObject\",\"inLanguage\":\"fr-FR\",\"@id\":\"https:\/\/vosgesinfo.fr\/epinalinfo\/#\/schema\/person\/image\/\",\"url\":\"https:\/\/secure.gravatar.com\/avatar\/48e3fc7f8421ba8942be6b74a2b7f014ca39bc00dece156b7a8e098ae7dc87bf?s=96&d=mm&r=g\",\"contentUrl\":\"https:\/\/secure.gravatar.com\/avatar\/48e3fc7f8421ba8942be6b74a2b7f014ca39bc00dece156b7a8e098ae7dc87bf?s=96&d=mm&r=g\",\"caption\":\"C.K.\"},\"url\":\"https:\/\/vosgesinfo.fr\/epinalinfo\/author\/celia-k-n\/\"}]}<\/script>\n<!-- \/ Yoast SEO plugin. -->","yoast_head_json":{"title":"Le Campus national des Jeunes R\u00e9publicains : un week-end strat\u00e9gique \u00e0 \u00c9pinal - Epinal Info","robots":{"index":"index","follow":"follow","max-snippet":"max-snippet:-1","max-image-preview":"max-image-preview:large","max-video-preview":"max-video-preview:-1"},"canonical":"https:\/\/vosgesinfo.fr\/epinalinfo\/2025\/03\/le-campus-national-des-jeunes-republicains-un-week-end-strategique-a-epinal\/","twitter_card":"summary_large_image","twitter_title":"Le Campus national des Jeunes R\u00e9publicains : un week-end strat\u00e9gique \u00e0 \u00c9pinal - Epinal Info","twitter_description":"Le Centre des Congr\u00e8s d&rsquo;\u00c9pinal accueille tout ce week-end le Campus national des Jeunes R\u00e9publicains, un rendez-vous cl\u00e9 pour la [&hellip;]","twitter_image":"https:\/\/vosgesinfo.fr\/app\/uploads\/sites\/3\/2025\/03\/486301136-4002809796658653-4155520756422068431-n.jpg","twitter_creator":"@VosgesInfo88","twitter_site":"@VosgesInfo88","twitter_misc":{"\u00c9crit par":"C.K.","Dur\u00e9e de lecture estim\u00e9e":"2 minutes"},"schema":{"@context":"https:\/\/schema.org","@graph":[{"@type":"Article","@id":"https:\/\/vosgesinfo.fr\/epinalinfo\/2025\/03\/le-campus-national-des-jeunes-republicains-un-week-end-strategique-a-epinal\/#article","isPartOf":{"@id":"https:\/\/vosgesinfo.fr\/epinalinfo\/2025\/03\/le-campus-national-des-jeunes-republicains-un-week-end-strategique-a-epinal\/"},"author":{"name":"C.K.","@id":"https:\/\/vosgesinfo.fr\/epinalinfo\/#\/schema\/person\/6f9a650eeea99d969b6c4ab78fccbe81"},"headline":"Le Campus national des Jeunes R\u00e9publicains : un week-end strat\u00e9gique \u00e0 \u00c9pinal","datePublished":"2025-03-22T17:40:16+00:00","dateModified":"2025-03-22T17:31:18+00:00","mainEntityOfPage":{"@id":"https:\/\/vosgesinfo.fr\/epinalinfo\/2025\/03\/le-campus-national-des-jeunes-republicains-un-week-end-strategique-a-epinal\/"},"wordCount":446,"commentCount":0,"publisher":{"@id":"https:\/\/vosgesinfo.fr\/epinalinfo\/#organization"},"image":{"@id":"https:\/\/vosgesinfo.fr\/epinalinfo\/2025\/03\/le-campus-national-des-jeunes-republicains-un-week-end-strategique-a-epinal\/#primaryimage"},"thumbnailUrl":"https:\/\/vosgesinfo.fr\/app\/uploads\/sites\/3\/2025\/03\/486301136-4002809796658653-4155520756422068431-n.jpg","articleSection":["A la Une","Epinal","Politique","Vosges"],"inLanguage":"fr-FR","potentialAction":[{"@type":"CommentAction","name":"Comment","target":["https:\/\/vosgesinfo.fr\/epinalinfo\/2025\/03\/le-campus-national-des-jeunes-republicains-un-week-end-strategique-a-epinal\/#respond"]}]},{"@type":"WebPage","@id":"https:\/\/vosgesinfo.fr\/epinalinfo\/2025\/03\/le-campus-national-des-jeunes-republicains-un-week-end-strategique-a-epinal\/","url":"https:\/\/vosgesinfo.fr\/epinalinfo\/2025\/03\/le-campus-national-des-jeunes-republicains-un-week-end-strategique-a-epinal\/","name":"Le Campus national des Jeunes R\u00e9publicains : un week-end strat\u00e9gique \u00e0 \u00c9pinal - Epinal Info","isPartOf":{"@id":"https:\/\/vosgesinfo.fr\/epinalinfo\/#website"},"primaryImageOfPage":{"@id":"https:\/\/vosgesinfo.fr\/epinalinfo\/2025\/03\/le-campus-national-des-jeunes-republicains-un-week-end-strategique-a-epinal\/#primaryimage"},"image":{"@id":"https:\/\/vosgesinfo.fr\/epinalinfo\/2025\/03\/le-campus-national-des-jeunes-republicains-un-week-end-strategique-a-epinal\/#primaryimage"},"thumbnailUrl":"https:\/\/vosgesinfo.fr\/app\/uploads\/sites\/3\/2025\/03\/486301136-4002809796658653-4155520756422068431-n.jpg","datePublished":"2025-03-22T17:40:16+00:00","dateModified":"2025-03-22T17:31:18+00:00","breadcrumb":{"@id":"https:\/\/vosgesinfo.fr\/epinalinfo\/2025\/03\/le-campus-national-des-jeunes-republicains-un-week-end-strategique-a-epinal\/#breadcrumb"},"inLanguage":"fr-FR","potentialAction":[{"@type":"ReadAction","target":["https:\/\/vosgesinfo.fr\/epinalinfo\/2025\/03\/le-campus-national-des-jeunes-republicains-un-week-end-strategique-a-epinal\/"]}]},{"@type":"ImageObject","inLanguage":"fr-FR","@id":"https:\/\/vosgesinfo.fr\/epinalinfo\/2025\/03\/le-campus-national-des-jeunes-republicains-un-week-end-strategique-a-epinal\/#primaryimage","url":"https:\/\/vosgesinfo.fr\/app\/uploads\/sites\/3\/2025\/03\/486301136-4002809796658653-4155520756422068431-n.jpg","contentUrl":"https:\/\/vosgesinfo.fr\/app\/uploads\/sites\/3\/2025\/03\/486301136-4002809796658653-4155520756422068431-n.jpg","width":720,"height":960,"caption":"photo St\u00e9phane Viry"},{"@type":"BreadcrumbList","@id":"https:\/\/vosgesinfo.fr\/epinalinfo\/2025\/03\/le-campus-national-des-jeunes-republicains-un-week-end-strategique-a-epinal\/#breadcrumb","itemListElement":[{"@type":"ListItem","position":1,"name":"Home","item":"https:\/\/vosgesinfo.fr\/epinalinfo\/"},{"@type":"ListItem","position":2,"name":"Le Campus national des Jeunes R\u00e9publicains : un week-end strat\u00e9gique \u00e0 \u00c9pinal"}]},{"@type":"WebSite","@id":"https:\/\/vosgesinfo.fr\/epinalinfo\/#website","url":"https:\/\/vosgesinfo.fr\/epinalinfo\/","name":"Epinal Info","description":"Toute l&#039;actualit\u00e9 d&#039;\u00c9pinal","publisher":{"@id":"https:\/\/vosgesinfo.fr\/epinalinfo\/#organization"},"alternateName":"Toute l'actualit\u00e9 d'\u00c9pinal","potentialAction":[{"@type":"SearchAction","target":{"@type":"EntryPoint","urlTemplate":"https:\/\/vosgesinfo.fr\/epinalinfo\/?s={search_term_string}"},"query-input":"required name=search_term_string"}],"inLanguage":"fr-FR"},{"@type":"Organization","@id":"https:\/\/vosgesinfo.fr\/epinalinfo\/#organization","name":"Epinal Info","url":"https:\/\/vosgesinfo.fr\/epinalinfo\/","logo":{"@type":"ImageObject","inLanguage":"fr-FR","@id":"https:\/\/vosgesinfo.fr\/epinalinfo\/#\/schema\/logo\/image\/","url":"https:\/\/vosgesinfo.fr\/app\/uploads\/sites\/3\/2023\/08\/logo-epinalinfos.svg","contentUrl":"https:\/\/vosgesinfo.fr\/app\/uploads\/sites\/3\/2023\/08\/logo-epinalinfos.svg","width":1,"height":1,"caption":"Epinal Info"},"image":{"@id":"https:\/\/vosgesinfo.fr\/epinalinfo\/#\/schema\/logo\/image\/"},"sameAs":["https:\/\/www.facebook.com\/Epinalinfos","https:\/\/x.com\/VosgesInfo88","https:\/\/www.youtube.com\/@vosgesinfo"]},{"@type":"Person","@id":"https:\/\/vosgesinfo.fr\/epinalinfo\/#\/schema\/person\/6f9a650eeea99d969b6c4ab78fccbe81","name":"C.K.","image":{"@type":"ImageObject","inLanguage":"fr-FR","@id":"https:\/\/vosgesinfo.fr\/epinalinfo\/#\/schema\/person\/image\/","url":"https:\/\/secure.gravatar.com\/avatar\/48e3fc7f8421ba8942be6b74a2b7f014ca39bc00dece156b7a8e098ae7dc87bf?s=96&d=mm&r=g","contentUrl":"https:\/\/secure.gravatar.com\/avatar\/48e3fc7f8421ba8942be6b74a2b7f014ca39bc00dece156b7a8e098ae7dc87bf?s=96&d=mm&r=g","caption":"C.K."},"url":"https:\/\/vosgesinfo.fr\/epinalinfo\/author\/celia-k-n\/"}]}},"_links":{"self":[{"href":"https:\/\/vosgesinfo.fr\/epinalinfo\/wp-json\/wp\/v2\/posts\/130102","targetHints":{"allow":["GET"]}}],"collection":[{"href":"https:\/\/vosgesinfo.fr\/epinalinfo\/wp-json\/wp\/v2\/posts"}],"about":[{"href":"https:\/\/vosgesinfo.fr\/epinalinfo\/wp-json\/wp\/v2\/types\/post"}],"author":[{"embeddable":true,"href":"https:\/\/vosgesinfo.fr\/epinalinfo\/wp-json\/wp\/v2\/users\/52"}],"replies":[{"embeddable":true,"href":"https:\/\/vosgesinfo.fr\/epinalinfo\/wp-json\/wp\/v2\/comments?post=130102"}],"version-history":[{"count":1,"href":"https:\/\/vosgesinfo.fr\/epinalinfo\/wp-json\/wp\/v2\/posts\/130102\/revisions"}],"predecessor-version":[{"id":130105,"href":"https:\/\/vosgesinfo.fr\/epinalinfo\/wp-json\/wp\/v2\/posts\/130102\/revisions\/130105"}],"wp:featuredmedia":[{"embeddable":true,"href":"https:\/\/vosgesinfo.fr\/epinalinfo\/wp-json\/wp\/v2\/media\/130103"}],"wp:attachment":[{"href":"https:\/\/vosgesinfo.fr\/epinalinfo\/wp-json\/wp\/v2\/media?parent=130102"}],"wp:term":[{"taxonomy":"category","embeddable":true,"href":"https:\/\/vosgesinfo.fr\/epinalinfo\/wp-json\/wp\/v2\/categories?post=130102"},{"taxonomy":"post_tag","embeddable":true,"href":"https:\/\/vosgesinfo.fr\/epinalinfo\/wp-json\/wp\/v2\/tags?post=130102"}],"curies":[{"name":"wp","href":"https:\/\/api.w.org\/{rel}","templated":true}]}}