{"id":130216,"date":"2025-03-26T18:15:56","date_gmt":"2025-03-26T17:15:56","guid":{"rendered":"https:\/\/vosgesinfo.fr\/epinalinfo\/?p=130216"},"modified":"2025-03-26T18:29:09","modified_gmt":"2025-03-26T17:29:09","slug":"la-fete-foraine-de-thaon-les-vosges-un-rendez-vous-incontournable-pour-petits-et-grands","status":"publish","type":"post","link":"https:\/\/vosgesinfo.fr\/epinalinfo\/2025\/03\/la-fete-foraine-de-thaon-les-vosges-un-rendez-vous-incontournable-pour-petits-et-grands\/","title":{"rendered":"La f\u00eate foraine de Thaon-les-Vosges : un rendez-vous incontournable pour petits et grands"},"content":{"rendered":"<h2><strong><a href=\"https:\/\/vosgesinfo.fr\/app\/uploads\/sites\/3\/2025\/03\/thumbnail-img-7955.jpg\"><img decoding=\"async\" class=\"aligncenter size-full wp-image-130217\" src=\"https:\/\/vosgesinfo.fr\/app\/uploads\/sites\/3\/2025\/03\/thumbnail-img-7955.jpg\" alt=\"\" width=\"1440\" height=\"1920\" srcset=\"https:\/\/vosgesinfo.fr\/app\/uploads\/sites\/3\/2025\/03\/thumbnail-img-7955.jpg 1440w, https:\/\/vosgesinfo.fr\/app\/uploads\/sites\/3\/2025\/03\/thumbnail-img-7955-225x300.jpg 225w, https:\/\/vosgesinfo.fr\/app\/uploads\/sites\/3\/2025\/03\/thumbnail-img-7955-768x1024.jpg 768w, https:\/\/vosgesinfo.fr\/app\/uploads\/sites\/3\/2025\/03\/thumbnail-img-7955-1152x1536.jpg 1152w\" sizes=\"(max-width: 1440px) 100vw, 1440px\" \/><\/a>Depuis dimanche, les ext\u00e9rieurs de la Rotonde \u00e0 Thaon-les-Vosges sont anim\u00e9s par la f\u00eate foraine de printemps. Install\u00e9e jusqu\u2019au 30 mars, cet \u00e9v\u00e9nement propose une multitude de man\u00e8ges \u00e0 sensations fortes, des attractions pour les plus jeunes, des stands de confiseries, des jeux d\u2019adresse et surtout une ambiance joyeuse et festive.<\/strong><\/h2>\n<p>L\u2019ouverture dimanche dernier a attir\u00e9 une foule impressionnante, et il faut dire que le carnaval de la ville, qui se d\u00e9roulait en parall\u00e8le, a contribu\u00e9 \u00e0 attirer encore plus de monde. L\u2019atmosph\u00e8re \u00e9tait conviviale : familles se promenant entre les stands, rires des enfants et une foule enjou\u00e9e. Les man\u00e8ges \u00e0 sensations fortes ont rencontr\u00e9 un grand succ\u00e8s, tout comme les man\u00e8ges plus doux pour les plus jeunes \u00e9galement.<\/p>\n<p>Aujourd&rsquo;hui, la f\u00eate prend une tournure encore plus magique avec la journ\u00e9e des enfants, marqu\u00e9e par un grand l\u00e2cher de peluches pour \u00e9merveiller les plus jeunes. Les mascottes seront \u00e9galement pr\u00e9sentes pour faire briller les yeux des petits, qui pourront repartir avec une peluche en souvenir de ce moment joyeux.<\/p>\n<p>Mais la f\u00eate ne s&rsquo;arr\u00eate pas l\u00e0 ! Les visiteurs peuvent encore attendre plusieurs temps forts pour clore cette belle semaine de festivit\u00e9s. Samedi 29 mars, un grand feu d\u2019artifice illuminera le ciel pour offrir un spectacle grandiose, marquant la fin en beaut\u00e9 de cette f\u00eate foraine.<\/p>\n<p>Julie, foraine qui participe \u00e0 la f\u00eate pour la premi\u00e8re fois \u00e0 Thaon-les-Vosges a confi\u00e9 :<\/p>\n<p>\u00ab C\u2019est ma premi\u00e8re fois ici et je suis un peu surprise par le monde. Il y a vraiment beaucoup de gens, et c\u2019est g\u00e9nial ! Je pense que le carnaval a beaucoup attir\u00e9 de monde, mais l\u2019ambiance est super. \u00bb<\/p>\n<p>Avec ses lumi\u00e8res \u00e9clatantes, ses musiques entra\u00eenantes et son atmosph\u00e8re joyeuse, la f\u00eate foraine de Thaon-les-Vosges est un rendez-vous \u00e0 ne pas manquer. Il reste encore quelques jours pour en profiter pleinement !<\/p>\n<p><strong>Zo\u00e9 Souvay<\/strong><\/p>\n<p>&nbsp;<\/p>\n\n\t\t<style type=\"text\/css\">\n\t\t\t#gallery-1 {\n\t\t\t\tmargin: auto;\n\t\t\t}\n\t\t\t#gallery-1 .gallery-item {\n\t\t\t\tfloat: left;\n\t\t\t\tmargin-top: 10px;\n\t\t\t\ttext-align: center;\n\t\t\t\twidth: 33%;\n\t\t\t}\n\t\t\t#gallery-1 img {\n\t\t\t\tborder: 2px solid #cfcfcf;\n\t\t\t}\n\t\t\t#gallery-1 .gallery-caption {\n\t\t\t\tmargin-left: 0;\n\t\t\t}\n\t\t\t\/* see gallery_shortcode() in wp-includes\/media.php *\/\n\t\t<\/style>\n\t\t<div id='gallery-1' class='gallery galleryid-130216 gallery-columns-3 gallery-size-large'><dl class='gallery-item'>\n\t\t\t<dt class='gallery-icon portrait'>\n\t\t\t\t<a href='https:\/\/vosgesinfo.fr\/app\/uploads\/sites\/3\/2025\/03\/thumbnail-img-7953.jpg'><img decoding=\"async\" width=\"768\" height=\"1024\" src=\"https:\/\/vosgesinfo.fr\/app\/uploads\/sites\/3\/2025\/03\/thumbnail-img-7953-768x1024.jpg\" class=\"attachment-large size-large\" alt=\"\" srcset=\"https:\/\/vosgesinfo.fr\/app\/uploads\/sites\/3\/2025\/03\/thumbnail-img-7953-768x1024.jpg 768w, https:\/\/vosgesinfo.fr\/app\/uploads\/sites\/3\/2025\/03\/thumbnail-img-7953-225x300.jpg 225w, https:\/\/vosgesinfo.fr\/app\/uploads\/sites\/3\/2025\/03\/thumbnail-img-7953-1152x1536.jpg 1152w, https:\/\/vosgesinfo.fr\/app\/uploads\/sites\/3\/2025\/03\/thumbnail-img-7953.jpg 1440w\" sizes=\"(max-width: 768px) 100vw, 768px\" \/><\/a>\n\t\t\t<\/dt><\/dl><dl class='gallery-item'>\n\t\t\t<dt class='gallery-icon portrait'>\n\t\t\t\t<a href='https:\/\/vosgesinfo.fr\/app\/uploads\/sites\/3\/2025\/03\/img-0013.jpeg'><img decoding=\"async\" width=\"576\" height=\"1024\" src=\"https:\/\/vosgesinfo.fr\/app\/uploads\/sites\/3\/2025\/03\/img-0013-576x1024.jpeg\" class=\"attachment-large size-large\" alt=\"\" srcset=\"https:\/\/vosgesinfo.fr\/app\/uploads\/sites\/3\/2025\/03\/img-0013-576x1024.jpeg 576w, https:\/\/vosgesinfo.fr\/app\/uploads\/sites\/3\/2025\/03\/img-0013-169x300.jpeg 169w, https:\/\/vosgesinfo.fr\/app\/uploads\/sites\/3\/2025\/03\/img-0013-768x1365.jpeg 768w, https:\/\/vosgesinfo.fr\/app\/uploads\/sites\/3\/2025\/03\/img-0013-865x1536.jpeg 865w, https:\/\/vosgesinfo.fr\/app\/uploads\/sites\/3\/2025\/03\/img-0013-1153x2048.jpeg 1153w, https:\/\/vosgesinfo.fr\/app\/uploads\/sites\/3\/2025\/03\/img-0013.jpeg 1178w\" sizes=\"(max-width: 576px) 100vw, 576px\" \/><\/a>\n\t\t\t<\/dt><\/dl>\n\t\t\t<br style='clear: both' \/>\n\t\t<\/div>\n\n","protected":false},"excerpt":{"rendered":"<p>Depuis dimanche, les ext\u00e9rieurs de la Rotonde \u00e0 Thaon-les-Vosges sont anim\u00e9s par la f\u00eate foraine de printemps. Install\u00e9e jusqu\u2019au 30 [&hellip;]<\/p>\n","protected":false},"author":41,"featured_media":130217,"comment_status":"open","ping_status":"open","sticky":false,"template":"","format":"standard","meta":{"footnotes":""},"categories":[22,24,93],"tags":[],"class_list":["post-130216","post","type-post","status-publish","format-standard","has-post-thumbnail","hentry","category-a-la-une","category-epinal","category-thaon-les-vosges"],"acf":[],"yoast_head":"<!-- This site is optimized with the Yoast SEO plugin v22.5 - https:\/\/yoast.com\/wordpress\/plugins\/seo\/ -->\n<title>La f\u00eate foraine de Thaon-les-Vosges : un rendez-vous incontournable pour petits et grands - Epinal Info<\/title>\n<meta name=\"robots\" content=\"index, follow, max-snippet:-1, max-image-preview:large, max-video-preview:-1\" \/>\n<link rel=\"canonical\" href=\"https:\/\/vosgesinfo.fr\/epinalinfo\/2025\/03\/la-fete-foraine-de-thaon-les-vosges-un-rendez-vous-incontournable-pour-petits-et-grands\/\" \/>\n<meta name=\"twitter:card\" content=\"summary_large_image\" \/>\n<meta name=\"twitter:title\" content=\"La f\u00eate foraine de Thaon-les-Vosges : un rendez-vous incontournable pour petits et grands - Epinal Info\" \/>\n<meta name=\"twitter:description\" content=\"Depuis dimanche, les ext\u00e9rieurs de la Rotonde \u00e0 Thaon-les-Vosges sont anim\u00e9s par la f\u00eate foraine de printemps. Install\u00e9e jusqu\u2019au 30 [&hellip;]\" \/>\n<meta name=\"twitter:image\" content=\"https:\/\/vosgesinfo.fr\/app\/uploads\/sites\/3\/2025\/03\/thumbnail-img-7955.jpg\" \/>\n<meta name=\"twitter:creator\" content=\"@VosgesInfo88\" \/>\n<meta name=\"twitter:site\" content=\"@VosgesInfo88\" \/>\n<meta name=\"twitter:label1\" content=\"\u00c9crit par\" \/>\n\t<meta name=\"twitter:data1\" content=\"La r\u00e9daction\" \/>\n\t<meta name=\"twitter:label2\" content=\"Dur\u00e9e de lecture estim\u00e9e\" \/>\n\t<meta name=\"twitter:data2\" content=\"2 minutes\" \/>\n<script type=\"application\/ld+json\" class=\"yoast-schema-graph\">{\"@context\":\"https:\/\/schema.org\",\"@graph\":[{\"@type\":\"Article\",\"@id\":\"https:\/\/vosgesinfo.fr\/epinalinfo\/2025\/03\/la-fete-foraine-de-thaon-les-vosges-un-rendez-vous-incontournable-pour-petits-et-grands\/#article\",\"isPartOf\":{\"@id\":\"https:\/\/vosgesinfo.fr\/epinalinfo\/2025\/03\/la-fete-foraine-de-thaon-les-vosges-un-rendez-vous-incontournable-pour-petits-et-grands\/\"},\"author\":{\"name\":\"La r\u00e9daction\",\"@id\":\"https:\/\/vosgesinfo.fr\/epinalinfo\/#\/schema\/person\/44f5fff67d0ae31d2770e1f7555c711d\"},\"headline\":\"La f\u00eate foraine de Thaon-les-Vosges : un rendez-vous incontournable pour petits et grands\",\"datePublished\":\"2025-03-26T17:15:56+00:00\",\"dateModified\":\"2025-03-26T17:29:09+00:00\",\"mainEntityOfPage\":{\"@id\":\"https:\/\/vosgesinfo.fr\/epinalinfo\/2025\/03\/la-fete-foraine-de-thaon-les-vosges-un-rendez-vous-incontournable-pour-petits-et-grands\/\"},\"wordCount\":353,\"commentCount\":0,\"publisher\":{\"@id\":\"https:\/\/vosgesinfo.fr\/epinalinfo\/#organization\"},\"image\":{\"@id\":\"https:\/\/vosgesinfo.fr\/epinalinfo\/2025\/03\/la-fete-foraine-de-thaon-les-vosges-un-rendez-vous-incontournable-pour-petits-et-grands\/#primaryimage\"},\"thumbnailUrl\":\"https:\/\/vosgesinfo.fr\/app\/uploads\/sites\/3\/2025\/03\/thumbnail-img-7955.jpg\",\"articleSection\":[\"A la Une\",\"Epinal\",\"Thaon-les-Vosges\"],\"inLanguage\":\"fr-FR\",\"potentialAction\":[{\"@type\":\"CommentAction\",\"name\":\"Comment\",\"target\":[\"https:\/\/vosgesinfo.fr\/epinalinfo\/2025\/03\/la-fete-foraine-de-thaon-les-vosges-un-rendez-vous-incontournable-pour-petits-et-grands\/#respond\"]}]},{\"@type\":\"WebPage\",\"@id\":\"https:\/\/vosgesinfo.fr\/epinalinfo\/2025\/03\/la-fete-foraine-de-thaon-les-vosges-un-rendez-vous-incontournable-pour-petits-et-grands\/\",\"url\":\"https:\/\/vosgesinfo.fr\/epinalinfo\/2025\/03\/la-fete-foraine-de-thaon-les-vosges-un-rendez-vous-incontournable-pour-petits-et-grands\/\",\"name\":\"La f\u00eate foraine de Thaon-les-Vosges : un rendez-vous incontournable pour petits et grands - Epinal Info\",\"isPartOf\":{\"@id\":\"https:\/\/vosgesinfo.fr\/epinalinfo\/#website\"},\"primaryImageOfPage\":{\"@id\":\"https:\/\/vosgesinfo.fr\/epinalinfo\/2025\/03\/la-fete-foraine-de-thaon-les-vosges-un-rendez-vous-incontournable-pour-petits-et-grands\/#primaryimage\"},\"image\":{\"@id\":\"https:\/\/vosgesinfo.fr\/epinalinfo\/2025\/03\/la-fete-foraine-de-thaon-les-vosges-un-rendez-vous-incontournable-pour-petits-et-grands\/#primaryimage\"},\"thumbnailUrl\":\"https:\/\/vosgesinfo.fr\/app\/uploads\/sites\/3\/2025\/03\/thumbnail-img-7955.jpg\",\"datePublished\":\"2025-03-26T17:15:56+00:00\",\"dateModified\":\"2025-03-26T17:29:09+00:00\",\"breadcrumb\":{\"@id\":\"https:\/\/vosgesinfo.fr\/epinalinfo\/2025\/03\/la-fete-foraine-de-thaon-les-vosges-un-rendez-vous-incontournable-pour-petits-et-grands\/#breadcrumb\"},\"inLanguage\":\"fr-FR\",\"potentialAction\":[{\"@type\":\"ReadAction\",\"target\":[\"https:\/\/vosgesinfo.fr\/epinalinfo\/2025\/03\/la-fete-foraine-de-thaon-les-vosges-un-rendez-vous-incontournable-pour-petits-et-grands\/\"]}]},{\"@type\":\"ImageObject\",\"inLanguage\":\"fr-FR\",\"@id\":\"https:\/\/vosgesinfo.fr\/epinalinfo\/2025\/03\/la-fete-foraine-de-thaon-les-vosges-un-rendez-vous-incontournable-pour-petits-et-grands\/#primaryimage\",\"url\":\"https:\/\/vosgesinfo.fr\/app\/uploads\/sites\/3\/2025\/03\/thumbnail-img-7955.jpg\",\"contentUrl\":\"https:\/\/vosgesinfo.fr\/app\/uploads\/sites\/3\/2025\/03\/thumbnail-img-7955.jpg\",\"width\":1440,\"height\":1920},{\"@type\":\"BreadcrumbList\",\"@id\":\"https:\/\/vosgesinfo.fr\/epinalinfo\/2025\/03\/la-fete-foraine-de-thaon-les-vosges-un-rendez-vous-incontournable-pour-petits-et-grands\/#breadcrumb\",\"itemListElement\":[{\"@type\":\"ListItem\",\"position\":1,\"name\":\"Home\",\"item\":\"https:\/\/vosgesinfo.fr\/epinalinfo\/\"},{\"@type\":\"ListItem\",\"position\":2,\"name\":\"La f\u00eate foraine de Thaon-les-Vosges : un rendez-vous incontournable pour petits et grands\"}]},{\"@type\":\"WebSite\",\"@id\":\"https:\/\/vosgesinfo.fr\/epinalinfo\/#website\",\"url\":\"https:\/\/vosgesinfo.fr\/epinalinfo\/\",\"name\":\"Epinal Info\",\"description\":\"Toute l&#039;actualit\u00e9 d&#039;\u00c9pinal\",\"publisher\":{\"@id\":\"https:\/\/vosgesinfo.fr\/epinalinfo\/#organization\"},\"alternateName\":\"Toute l'actualit\u00e9 d'\u00c9pinal\",\"potentialAction\":[{\"@type\":\"SearchAction\",\"target\":{\"@type\":\"EntryPoint\",\"urlTemplate\":\"https:\/\/vosgesinfo.fr\/epinalinfo\/?s={search_term_string}\"},\"query-input\":\"required name=search_term_string\"}],\"inLanguage\":\"fr-FR\"},{\"@type\":\"Organization\",\"@id\":\"https:\/\/vosgesinfo.fr\/epinalinfo\/#organization\",\"name\":\"Epinal Info\",\"url\":\"https:\/\/vosgesinfo.fr\/epinalinfo\/\",\"logo\":{\"@type\":\"ImageObject\",\"inLanguage\":\"fr-FR\",\"@id\":\"https:\/\/vosgesinfo.fr\/epinalinfo\/#\/schema\/logo\/image\/\",\"url\":\"https:\/\/vosgesinfo.fr\/app\/uploads\/sites\/3\/2023\/08\/logo-epinalinfos.svg\",\"contentUrl\":\"https:\/\/vosgesinfo.fr\/app\/uploads\/sites\/3\/2023\/08\/logo-epinalinfos.svg\",\"width\":1,\"height\":1,\"caption\":\"Epinal Info\"},\"image\":{\"@id\":\"https:\/\/vosgesinfo.fr\/epinalinfo\/#\/schema\/logo\/image\/\"},\"sameAs\":[\"https:\/\/www.facebook.com\/Epinalinfos\",\"https:\/\/x.com\/VosgesInfo88\",\"https:\/\/www.youtube.com\/@vosgesinfo\"]},{\"@type\":\"Person\",\"@id\":\"https:\/\/vosgesinfo.fr\/epinalinfo\/#\/schema\/person\/44f5fff67d0ae31d2770e1f7555c711d\",\"name\":\"La r\u00e9daction\",\"image\":{\"@type\":\"ImageObject\",\"inLanguage\":\"fr-FR\",\"@id\":\"https:\/\/vosgesinfo.fr\/epinalinfo\/#\/schema\/person\/image\/\",\"url\":\"https:\/\/secure.gravatar.com\/avatar\/16dedd2578b2ae59b9a3a38f046defecb4cf834aaec7bb1d03d9ba6b5e55a8d5?s=96&d=mm&r=g\",\"contentUrl\":\"https:\/\/secure.gravatar.com\/avatar\/16dedd2578b2ae59b9a3a38f046defecb4cf834aaec7bb1d03d9ba6b5e55a8d5?s=96&d=mm&r=g\",\"caption\":\"La r\u00e9daction\"},\"url\":\"https:\/\/vosgesinfo.fr\/epinalinfo\/author\/poupy\/\"}]}<\/script>\n<!-- \/ Yoast SEO plugin. -->","yoast_head_json":{"title":"La f\u00eate foraine de Thaon-les-Vosges : un rendez-vous incontournable pour petits et grands - Epinal Info","robots":{"index":"index","follow":"follow","max-snippet":"max-snippet:-1","max-image-preview":"max-image-preview:large","max-video-preview":"max-video-preview:-1"},"canonical":"https:\/\/vosgesinfo.fr\/epinalinfo\/2025\/03\/la-fete-foraine-de-thaon-les-vosges-un-rendez-vous-incontournable-pour-petits-et-grands\/","twitter_card":"summary_large_image","twitter_title":"La f\u00eate foraine de Thaon-les-Vosges : un rendez-vous incontournable pour petits et grands - Epinal Info","twitter_description":"Depuis dimanche, les ext\u00e9rieurs de la Rotonde \u00e0 Thaon-les-Vosges sont anim\u00e9s par la f\u00eate foraine de printemps. Install\u00e9e jusqu\u2019au 30 [&hellip;]","twitter_image":"https:\/\/vosgesinfo.fr\/app\/uploads\/sites\/3\/2025\/03\/thumbnail-img-7955.jpg","twitter_creator":"@VosgesInfo88","twitter_site":"@VosgesInfo88","twitter_misc":{"\u00c9crit par":"La r\u00e9daction","Dur\u00e9e de lecture estim\u00e9e":"2 minutes"},"schema":{"@context":"https:\/\/schema.org","@graph":[{"@type":"Article","@id":"https:\/\/vosgesinfo.fr\/epinalinfo\/2025\/03\/la-fete-foraine-de-thaon-les-vosges-un-rendez-vous-incontournable-pour-petits-et-grands\/#article","isPartOf":{"@id":"https:\/\/vosgesinfo.fr\/epinalinfo\/2025\/03\/la-fete-foraine-de-thaon-les-vosges-un-rendez-vous-incontournable-pour-petits-et-grands\/"},"author":{"name":"La r\u00e9daction","@id":"https:\/\/vosgesinfo.fr\/epinalinfo\/#\/schema\/person\/44f5fff67d0ae31d2770e1f7555c711d"},"headline":"La f\u00eate foraine de Thaon-les-Vosges : un rendez-vous incontournable pour petits et grands","datePublished":"2025-03-26T17:15:56+00:00","dateModified":"2025-03-26T17:29:09+00:00","mainEntityOfPage":{"@id":"https:\/\/vosgesinfo.fr\/epinalinfo\/2025\/03\/la-fete-foraine-de-thaon-les-vosges-un-rendez-vous-incontournable-pour-petits-et-grands\/"},"wordCount":353,"commentCount":0,"publisher":{"@id":"https:\/\/vosgesinfo.fr\/epinalinfo\/#organization"},"image":{"@id":"https:\/\/vosgesinfo.fr\/epinalinfo\/2025\/03\/la-fete-foraine-de-thaon-les-vosges-un-rendez-vous-incontournable-pour-petits-et-grands\/#primaryimage"},"thumbnailUrl":"https:\/\/vosgesinfo.fr\/app\/uploads\/sites\/3\/2025\/03\/thumbnail-img-7955.jpg","articleSection":["A la Une","Epinal","Thaon-les-Vosges"],"inLanguage":"fr-FR","potentialAction":[{"@type":"CommentAction","name":"Comment","target":["https:\/\/vosgesinfo.fr\/epinalinfo\/2025\/03\/la-fete-foraine-de-thaon-les-vosges-un-rendez-vous-incontournable-pour-petits-et-grands\/#respond"]}]},{"@type":"WebPage","@id":"https:\/\/vosgesinfo.fr\/epinalinfo\/2025\/03\/la-fete-foraine-de-thaon-les-vosges-un-rendez-vous-incontournable-pour-petits-et-grands\/","url":"https:\/\/vosgesinfo.fr\/epinalinfo\/2025\/03\/la-fete-foraine-de-thaon-les-vosges-un-rendez-vous-incontournable-pour-petits-et-grands\/","name":"La f\u00eate foraine de Thaon-les-Vosges : un rendez-vous incontournable pour petits et grands - Epinal Info","isPartOf":{"@id":"https:\/\/vosgesinfo.fr\/epinalinfo\/#website"},"primaryImageOfPage":{"@id":"https:\/\/vosgesinfo.fr\/epinalinfo\/2025\/03\/la-fete-foraine-de-thaon-les-vosges-un-rendez-vous-incontournable-pour-petits-et-grands\/#primaryimage"},"image":{"@id":"https:\/\/vosgesinfo.fr\/epinalinfo\/2025\/03\/la-fete-foraine-de-thaon-les-vosges-un-rendez-vous-incontournable-pour-petits-et-grands\/#primaryimage"},"thumbnailUrl":"https:\/\/vosgesinfo.fr\/app\/uploads\/sites\/3\/2025\/03\/thumbnail-img-7955.jpg","datePublished":"2025-03-26T17:15:56+00:00","dateModified":"2025-03-26T17:29:09+00:00","breadcrumb":{"@id":"https:\/\/vosgesinfo.fr\/epinalinfo\/2025\/03\/la-fete-foraine-de-thaon-les-vosges-un-rendez-vous-incontournable-pour-petits-et-grands\/#breadcrumb"},"inLanguage":"fr-FR","potentialAction":[{"@type":"ReadAction","target":["https:\/\/vosgesinfo.fr\/epinalinfo\/2025\/03\/la-fete-foraine-de-thaon-les-vosges-un-rendez-vous-incontournable-pour-petits-et-grands\/"]}]},{"@type":"ImageObject","inLanguage":"fr-FR","@id":"https:\/\/vosgesinfo.fr\/epinalinfo\/2025\/03\/la-fete-foraine-de-thaon-les-vosges-un-rendez-vous-incontournable-pour-petits-et-grands\/#primaryimage","url":"https:\/\/vosgesinfo.fr\/app\/uploads\/sites\/3\/2025\/03\/thumbnail-img-7955.jpg","contentUrl":"https:\/\/vosgesinfo.fr\/app\/uploads\/sites\/3\/2025\/03\/thumbnail-img-7955.jpg","width":1440,"height":1920},{"@type":"BreadcrumbList","@id":"https:\/\/vosgesinfo.fr\/epinalinfo\/2025\/03\/la-fete-foraine-de-thaon-les-vosges-un-rendez-vous-incontournable-pour-petits-et-grands\/#breadcrumb","itemListElement":[{"@type":"ListItem","position":1,"name":"Home","item":"https:\/\/vosgesinfo.fr\/epinalinfo\/"},{"@type":"ListItem","position":2,"name":"La f\u00eate foraine de Thaon-les-Vosges : un rendez-vous incontournable pour petits et grands"}]},{"@type":"WebSite","@id":"https:\/\/vosgesinfo.fr\/epinalinfo\/#website","url":"https:\/\/vosgesinfo.fr\/epinalinfo\/","name":"Epinal Info","description":"Toute l&#039;actualit\u00e9 d&#039;\u00c9pinal","publisher":{"@id":"https:\/\/vosgesinfo.fr\/epinalinfo\/#organization"},"alternateName":"Toute l'actualit\u00e9 d'\u00c9pinal","potentialAction":[{"@type":"SearchAction","target":{"@type":"EntryPoint","urlTemplate":"https:\/\/vosgesinfo.fr\/epinalinfo\/?s={search_term_string}"},"query-input":"required name=search_term_string"}],"inLanguage":"fr-FR"},{"@type":"Organization","@id":"https:\/\/vosgesinfo.fr\/epinalinfo\/#organization","name":"Epinal Info","url":"https:\/\/vosgesinfo.fr\/epinalinfo\/","logo":{"@type":"ImageObject","inLanguage":"fr-FR","@id":"https:\/\/vosgesinfo.fr\/epinalinfo\/#\/schema\/logo\/image\/","url":"https:\/\/vosgesinfo.fr\/app\/uploads\/sites\/3\/2023\/08\/logo-epinalinfos.svg","contentUrl":"https:\/\/vosgesinfo.fr\/app\/uploads\/sites\/3\/2023\/08\/logo-epinalinfos.svg","width":1,"height":1,"caption":"Epinal Info"},"image":{"@id":"https:\/\/vosgesinfo.fr\/epinalinfo\/#\/schema\/logo\/image\/"},"sameAs":["https:\/\/www.facebook.com\/Epinalinfos","https:\/\/x.com\/VosgesInfo88","https:\/\/www.youtube.com\/@vosgesinfo"]},{"@type":"Person","@id":"https:\/\/vosgesinfo.fr\/epinalinfo\/#\/schema\/person\/44f5fff67d0ae31d2770e1f7555c711d","name":"La r\u00e9daction","image":{"@type":"ImageObject","inLanguage":"fr-FR","@id":"https:\/\/vosgesinfo.fr\/epinalinfo\/#\/schema\/person\/image\/","url":"https:\/\/secure.gravatar.com\/avatar\/16dedd2578b2ae59b9a3a38f046defecb4cf834aaec7bb1d03d9ba6b5e55a8d5?s=96&d=mm&r=g","contentUrl":"https:\/\/secure.gravatar.com\/avatar\/16dedd2578b2ae59b9a3a38f046defecb4cf834aaec7bb1d03d9ba6b5e55a8d5?s=96&d=mm&r=g","caption":"La r\u00e9daction"},"url":"https:\/\/vosgesinfo.fr\/epinalinfo\/author\/poupy\/"}]}},"_links":{"self":[{"href":"https:\/\/vosgesinfo.fr\/epinalinfo\/wp-json\/wp\/v2\/posts\/130216","targetHints":{"allow":["GET"]}}],"collection":[{"href":"https:\/\/vosgesinfo.fr\/epinalinfo\/wp-json\/wp\/v2\/posts"}],"about":[{"href":"https:\/\/vosgesinfo.fr\/epinalinfo\/wp-json\/wp\/v2\/types\/post"}],"author":[{"embeddable":true,"href":"https:\/\/vosgesinfo.fr\/epinalinfo\/wp-json\/wp\/v2\/users\/41"}],"replies":[{"embeddable":true,"href":"https:\/\/vosgesinfo.fr\/epinalinfo\/wp-json\/wp\/v2\/comments?post=130216"}],"version-history":[{"count":4,"href":"https:\/\/vosgesinfo.fr\/epinalinfo\/wp-json\/wp\/v2\/posts\/130216\/revisions"}],"predecessor-version":[{"id":130226,"href":"https:\/\/vosgesinfo.fr\/epinalinfo\/wp-json\/wp\/v2\/posts\/130216\/revisions\/130226"}],"wp:featuredmedia":[{"embeddable":true,"href":"https:\/\/vosgesinfo.fr\/epinalinfo\/wp-json\/wp\/v2\/media\/130217"}],"wp:attachment":[{"href":"https:\/\/vosgesinfo.fr\/epinalinfo\/wp-json\/wp\/v2\/media?parent=130216"}],"wp:term":[{"taxonomy":"category","embeddable":true,"href":"https:\/\/vosgesinfo.fr\/epinalinfo\/wp-json\/wp\/v2\/categories?post=130216"},{"taxonomy":"post_tag","embeddable":true,"href":"https:\/\/vosgesinfo.fr\/epinalinfo\/wp-json\/wp\/v2\/tags?post=130216"}],"curies":[{"name":"wp","href":"https:\/\/api.w.org\/{rel}","templated":true}]}}