{"id":130223,"date":"2025-03-27T07:19:01","date_gmt":"2025-03-27T06:19:01","guid":{"rendered":"https:\/\/vosgesinfo.fr\/epinalinfo\/?p=130223"},"modified":"2025-03-26T18:23:58","modified_gmt":"2025-03-26T17:23:58","slug":"les-collegiens-de-saint-exupery-sinvestissent-dans-la-vegetalisation-du-plateau-de-la-justice","status":"publish","type":"post","link":"https:\/\/vosgesinfo.fr\/epinalinfo\/2025\/03\/les-collegiens-de-saint-exupery-sinvestissent-dans-la-vegetalisation-du-plateau-de-la-justice\/","title":{"rendered":"Les coll\u00e9giens de Saint-Exup\u00e9ry s&rsquo;investissent dans la v\u00e9g\u00e9talisation du Plateau de la Justice !"},"content":{"rendered":"<div id=\"attachment_130224\" style=\"width: 642px\" class=\"wp-caption aligncenter\"><a href=\"https:\/\/vosgesinfo.fr\/app\/uploads\/sites\/3\/2025\/03\/budget-participatif-epinal-verger-gourmand.compressjpg.jpg\"><img decoding=\"async\" aria-describedby=\"caption-attachment-130224\" class=\"size-full wp-image-130224\" src=\"https:\/\/vosgesinfo.fr\/app\/uploads\/sites\/3\/2025\/03\/budget-participatif-epinal-verger-gourmand.compressjpg.jpg\" alt=\"\" width=\"632\" height=\"418\" srcset=\"https:\/\/vosgesinfo.fr\/app\/uploads\/sites\/3\/2025\/03\/budget-participatif-epinal-verger-gourmand.compressjpg.jpg 632w, https:\/\/vosgesinfo.fr\/app\/uploads\/sites\/3\/2025\/03\/budget-participatif-epinal-verger-gourmand.compressjpg-300x198.jpg 300w\" sizes=\"(max-width: 632px) 100vw, 632px\" \/><\/a><p id=\"caption-attachment-130224\" class=\"wp-caption-text\">photo ville d&rsquo;Epinal<\/p><\/div>\n<h2 data-start=\"488\" data-end=\"913\"><strong>Le Plateau de la Justice continue sa transformation verte ! Gr\u00e2ce au budget participatif, un nouveau verger gourmand voit progressivement le jour, port\u00e9 par trois habitants soucieux de biodiversit\u00e9 et d\u2019autosuffisance alimentaire.<\/strong><\/h2>\n<p class=\"\" data-start=\"488\" data-end=\"913\">Cette semaine marque une nouvelle \u00e9tape cl\u00e9 du projet avec la plantation d\u2019arbustes fruitiers, un moment fort auquel ont particip\u00e9 les coll\u00e9giens du Coll\u00e8ge Saint-Exup\u00e9ry.<\/p>\n<h3 data-start=\"915\" data-end=\"983\"><strong data-start=\"918\" data-end=\"973\">Une mobilisation citoyenne pour un espace plus vert<\/strong><\/h3>\n<p class=\"\" data-start=\"985\" data-end=\"1451\">Du 24 au 26 mars, deux classes de 5e et 4e se sont retrouss\u00e9es les manches aux c\u00f4t\u00e9s des agents municipaux pour enrichir ce futur verger.<\/p>\n<p class=\"\" data-start=\"985\" data-end=\"1451\">Au programme : la mise en terre de pr\u00e8s d\u2019une centaine de plants fruitiers, parmi lesquels des haies de framboisiers, groseilliers, m\u00fbriers et vignes. Un travail collectif qui s\u2019inscrit pleinement dans la dynamique du budget participatif, favorisant l\u2019implication citoyenne et le d\u00e9veloppement durable.<\/p>\n<h3 data-start=\"1453\" data-end=\"1505\"><strong data-start=\"1456\" data-end=\"1498\">Une exp\u00e9rience \u00e9ducative et \u00e9cologique<\/strong><\/h3>\n<p class=\"\" data-start=\"1507\" data-end=\"1936\">Au-del\u00e0 de la simple plantation, cet engagement des coll\u00e9giens vise \u00e0 les sensibiliser aux enjeux environnementaux et alimentaires.<\/p>\n<p class=\"\" data-start=\"1507\" data-end=\"1936\">Planter, entretenir, et bient\u00f4t r\u00e9colter : une belle fa\u00e7on de les initier aux cycles naturels et de les encourager \u00e0 prendre soin de leur environnement. Dans quelques mois, ces jeunes jardiniers pourront profiter des fruits de leur travail et les partager avec les habitants du quartier.<\/p>\n<h3 data-start=\"1938\" data-end=\"2006\"><strong data-start=\"1941\" data-end=\"2000\">Le budget participatif, un moteur d&rsquo;initiatives locales<\/strong><\/h3>\n<p class=\"\" data-start=\"2008\" data-end=\"2384\">Ce projet illustre une nouvelle fois l\u2019impact positif du budget participatif sur le cadre de vie des habitants d\u2019\u00c9pinal. Gr\u00e2ce \u00e0 cette d\u00e9marche, des initiatives locales voient le jour et transforment durablement les espaces publics. V\u00e9g\u00e9talisation, am\u00e9nagements urbains, projets culturels ou sportifs\u2026 chaque \u00e9dition permet aux citoyens d\u2019\u00eatre acteurs du changement.<\/p>\n<p class=\"\" data-start=\"2386\" data-end=\"2581\">Avec ce verger gourmand, le Plateau de la Justice prend des couleurs et du go\u00fbt ! Un bel exemple de solidarit\u00e9 et d\u2019engagement, o\u00f9 chaque plantation est une graine sem\u00e9e pour l\u2019avenir.<\/p>\n","protected":false},"excerpt":{"rendered":"<p>Le Plateau de la Justice continue sa transformation verte ! Gr\u00e2ce au budget participatif, un nouveau verger gourmand voit progressivement [&hellip;]<\/p>\n","protected":false},"author":52,"featured_media":130224,"comment_status":"open","ping_status":"open","sticky":false,"template":"","format":"standard","meta":{"footnotes":""},"categories":[22,24],"tags":[],"class_list":["post-130223","post","type-post","status-publish","format-standard","has-post-thumbnail","hentry","category-a-la-une","category-epinal"],"acf":[],"yoast_head":"<!-- This site is optimized with the Yoast SEO plugin v22.5 - https:\/\/yoast.com\/wordpress\/plugins\/seo\/ -->\n<title>Les coll\u00e9giens de Saint-Exup\u00e9ry s&#039;investissent dans la v\u00e9g\u00e9talisation du Plateau de la Justice ! - Epinal Info<\/title>\n<meta name=\"robots\" content=\"index, follow, max-snippet:-1, max-image-preview:large, max-video-preview:-1\" \/>\n<link rel=\"canonical\" href=\"https:\/\/vosgesinfo.fr\/epinalinfo\/2025\/03\/les-collegiens-de-saint-exupery-sinvestissent-dans-la-vegetalisation-du-plateau-de-la-justice\/\" \/>\n<meta name=\"twitter:card\" content=\"summary_large_image\" \/>\n<meta name=\"twitter:title\" content=\"Les coll\u00e9giens de Saint-Exup\u00e9ry s&#039;investissent dans la v\u00e9g\u00e9talisation du Plateau de la Justice ! - Epinal Info\" \/>\n<meta name=\"twitter:description\" content=\"Le Plateau de la Justice continue sa transformation verte ! Gr\u00e2ce au budget participatif, un nouveau verger gourmand voit progressivement [&hellip;]\" \/>\n<meta name=\"twitter:image\" content=\"https:\/\/vosgesinfo.fr\/app\/uploads\/sites\/3\/2025\/03\/budget-participatif-epinal-verger-gourmand.compressjpg.jpg\" \/>\n<meta name=\"twitter:creator\" content=\"@VosgesInfo88\" \/>\n<meta name=\"twitter:site\" content=\"@VosgesInfo88\" \/>\n<meta name=\"twitter:label1\" content=\"\u00c9crit par\" \/>\n\t<meta name=\"twitter:data1\" content=\"C.K.\" \/>\n\t<meta name=\"twitter:label2\" content=\"Dur\u00e9e de lecture estim\u00e9e\" \/>\n\t<meta name=\"twitter:data2\" content=\"2 minutes\" \/>\n<script type=\"application\/ld+json\" class=\"yoast-schema-graph\">{\"@context\":\"https:\/\/schema.org\",\"@graph\":[{\"@type\":\"Article\",\"@id\":\"https:\/\/vosgesinfo.fr\/epinalinfo\/2025\/03\/les-collegiens-de-saint-exupery-sinvestissent-dans-la-vegetalisation-du-plateau-de-la-justice\/#article\",\"isPartOf\":{\"@id\":\"https:\/\/vosgesinfo.fr\/epinalinfo\/2025\/03\/les-collegiens-de-saint-exupery-sinvestissent-dans-la-vegetalisation-du-plateau-de-la-justice\/\"},\"author\":{\"name\":\"C.K.\",\"@id\":\"https:\/\/vosgesinfo.fr\/epinalinfo\/#\/schema\/person\/6f9a650eeea99d969b6c4ab78fccbe81\"},\"headline\":\"Les coll\u00e9giens de Saint-Exup\u00e9ry s&rsquo;investissent dans la v\u00e9g\u00e9talisation du Plateau de la Justice !\",\"datePublished\":\"2025-03-27T06:19:01+00:00\",\"dateModified\":\"2025-03-26T17:23:58+00:00\",\"mainEntityOfPage\":{\"@id\":\"https:\/\/vosgesinfo.fr\/epinalinfo\/2025\/03\/les-collegiens-de-saint-exupery-sinvestissent-dans-la-vegetalisation-du-plateau-de-la-justice\/\"},\"wordCount\":346,\"commentCount\":1,\"publisher\":{\"@id\":\"https:\/\/vosgesinfo.fr\/epinalinfo\/#organization\"},\"image\":{\"@id\":\"https:\/\/vosgesinfo.fr\/epinalinfo\/2025\/03\/les-collegiens-de-saint-exupery-sinvestissent-dans-la-vegetalisation-du-plateau-de-la-justice\/#primaryimage\"},\"thumbnailUrl\":\"https:\/\/vosgesinfo.fr\/app\/uploads\/sites\/3\/2025\/03\/budget-participatif-epinal-verger-gourmand.compressjpg.jpg\",\"articleSection\":[\"A la Une\",\"Epinal\"],\"inLanguage\":\"fr-FR\",\"potentialAction\":[{\"@type\":\"CommentAction\",\"name\":\"Comment\",\"target\":[\"https:\/\/vosgesinfo.fr\/epinalinfo\/2025\/03\/les-collegiens-de-saint-exupery-sinvestissent-dans-la-vegetalisation-du-plateau-de-la-justice\/#respond\"]}]},{\"@type\":\"WebPage\",\"@id\":\"https:\/\/vosgesinfo.fr\/epinalinfo\/2025\/03\/les-collegiens-de-saint-exupery-sinvestissent-dans-la-vegetalisation-du-plateau-de-la-justice\/\",\"url\":\"https:\/\/vosgesinfo.fr\/epinalinfo\/2025\/03\/les-collegiens-de-saint-exupery-sinvestissent-dans-la-vegetalisation-du-plateau-de-la-justice\/\",\"name\":\"Les coll\u00e9giens de Saint-Exup\u00e9ry s'investissent dans la v\u00e9g\u00e9talisation du Plateau de la Justice ! - Epinal Info\",\"isPartOf\":{\"@id\":\"https:\/\/vosgesinfo.fr\/epinalinfo\/#website\"},\"primaryImageOfPage\":{\"@id\":\"https:\/\/vosgesinfo.fr\/epinalinfo\/2025\/03\/les-collegiens-de-saint-exupery-sinvestissent-dans-la-vegetalisation-du-plateau-de-la-justice\/#primaryimage\"},\"image\":{\"@id\":\"https:\/\/vosgesinfo.fr\/epinalinfo\/2025\/03\/les-collegiens-de-saint-exupery-sinvestissent-dans-la-vegetalisation-du-plateau-de-la-justice\/#primaryimage\"},\"thumbnailUrl\":\"https:\/\/vosgesinfo.fr\/app\/uploads\/sites\/3\/2025\/03\/budget-participatif-epinal-verger-gourmand.compressjpg.jpg\",\"datePublished\":\"2025-03-27T06:19:01+00:00\",\"dateModified\":\"2025-03-26T17:23:58+00:00\",\"breadcrumb\":{\"@id\":\"https:\/\/vosgesinfo.fr\/epinalinfo\/2025\/03\/les-collegiens-de-saint-exupery-sinvestissent-dans-la-vegetalisation-du-plateau-de-la-justice\/#breadcrumb\"},\"inLanguage\":\"fr-FR\",\"potentialAction\":[{\"@type\":\"ReadAction\",\"target\":[\"https:\/\/vosgesinfo.fr\/epinalinfo\/2025\/03\/les-collegiens-de-saint-exupery-sinvestissent-dans-la-vegetalisation-du-plateau-de-la-justice\/\"]}]},{\"@type\":\"ImageObject\",\"inLanguage\":\"fr-FR\",\"@id\":\"https:\/\/vosgesinfo.fr\/epinalinfo\/2025\/03\/les-collegiens-de-saint-exupery-sinvestissent-dans-la-vegetalisation-du-plateau-de-la-justice\/#primaryimage\",\"url\":\"https:\/\/vosgesinfo.fr\/app\/uploads\/sites\/3\/2025\/03\/budget-participatif-epinal-verger-gourmand.compressjpg.jpg\",\"contentUrl\":\"https:\/\/vosgesinfo.fr\/app\/uploads\/sites\/3\/2025\/03\/budget-participatif-epinal-verger-gourmand.compressjpg.jpg\",\"width\":632,\"height\":418,\"caption\":\"photo archive\"},{\"@type\":\"BreadcrumbList\",\"@id\":\"https:\/\/vosgesinfo.fr\/epinalinfo\/2025\/03\/les-collegiens-de-saint-exupery-sinvestissent-dans-la-vegetalisation-du-plateau-de-la-justice\/#breadcrumb\",\"itemListElement\":[{\"@type\":\"ListItem\",\"position\":1,\"name\":\"Home\",\"item\":\"https:\/\/vosgesinfo.fr\/epinalinfo\/\"},{\"@type\":\"ListItem\",\"position\":2,\"name\":\"Les coll\u00e9giens de Saint-Exup\u00e9ry s&rsquo;investissent dans la v\u00e9g\u00e9talisation du Plateau de la Justice !\"}]},{\"@type\":\"WebSite\",\"@id\":\"https:\/\/vosgesinfo.fr\/epinalinfo\/#website\",\"url\":\"https:\/\/vosgesinfo.fr\/epinalinfo\/\",\"name\":\"Epinal Info\",\"description\":\"Toute l&#039;actualit\u00e9 d&#039;\u00c9pinal\",\"publisher\":{\"@id\":\"https:\/\/vosgesinfo.fr\/epinalinfo\/#organization\"},\"alternateName\":\"Toute l'actualit\u00e9 d'\u00c9pinal\",\"potentialAction\":[{\"@type\":\"SearchAction\",\"target\":{\"@type\":\"EntryPoint\",\"urlTemplate\":\"https:\/\/vosgesinfo.fr\/epinalinfo\/?s={search_term_string}\"},\"query-input\":\"required name=search_term_string\"}],\"inLanguage\":\"fr-FR\"},{\"@type\":\"Organization\",\"@id\":\"https:\/\/vosgesinfo.fr\/epinalinfo\/#organization\",\"name\":\"Epinal Info\",\"url\":\"https:\/\/vosgesinfo.fr\/epinalinfo\/\",\"logo\":{\"@type\":\"ImageObject\",\"inLanguage\":\"fr-FR\",\"@id\":\"https:\/\/vosgesinfo.fr\/epinalinfo\/#\/schema\/logo\/image\/\",\"url\":\"https:\/\/vosgesinfo.fr\/app\/uploads\/sites\/3\/2023\/08\/logo-epinalinfos.svg\",\"contentUrl\":\"https:\/\/vosgesinfo.fr\/app\/uploads\/sites\/3\/2023\/08\/logo-epinalinfos.svg\",\"width\":1,\"height\":1,\"caption\":\"Epinal Info\"},\"image\":{\"@id\":\"https:\/\/vosgesinfo.fr\/epinalinfo\/#\/schema\/logo\/image\/\"},\"sameAs\":[\"https:\/\/www.facebook.com\/Epinalinfos\",\"https:\/\/x.com\/VosgesInfo88\",\"https:\/\/www.youtube.com\/@vosgesinfo\"]},{\"@type\":\"Person\",\"@id\":\"https:\/\/vosgesinfo.fr\/epinalinfo\/#\/schema\/person\/6f9a650eeea99d969b6c4ab78fccbe81\",\"name\":\"C.K.\",\"image\":{\"@type\":\"ImageObject\",\"inLanguage\":\"fr-FR\",\"@id\":\"https:\/\/vosgesinfo.fr\/epinalinfo\/#\/schema\/person\/image\/\",\"url\":\"https:\/\/secure.gravatar.com\/avatar\/48e3fc7f8421ba8942be6b74a2b7f014ca39bc00dece156b7a8e098ae7dc87bf?s=96&d=mm&r=g\",\"contentUrl\":\"https:\/\/secure.gravatar.com\/avatar\/48e3fc7f8421ba8942be6b74a2b7f014ca39bc00dece156b7a8e098ae7dc87bf?s=96&d=mm&r=g\",\"caption\":\"C.K.\"},\"url\":\"https:\/\/vosgesinfo.fr\/epinalinfo\/author\/celia-k-n\/\"}]}<\/script>\n<!-- \/ Yoast SEO plugin. -->","yoast_head_json":{"title":"Les coll\u00e9giens de Saint-Exup\u00e9ry s'investissent dans la v\u00e9g\u00e9talisation du Plateau de la Justice ! - Epinal Info","robots":{"index":"index","follow":"follow","max-snippet":"max-snippet:-1","max-image-preview":"max-image-preview:large","max-video-preview":"max-video-preview:-1"},"canonical":"https:\/\/vosgesinfo.fr\/epinalinfo\/2025\/03\/les-collegiens-de-saint-exupery-sinvestissent-dans-la-vegetalisation-du-plateau-de-la-justice\/","twitter_card":"summary_large_image","twitter_title":"Les coll\u00e9giens de Saint-Exup\u00e9ry s'investissent dans la v\u00e9g\u00e9talisation du Plateau de la Justice ! - Epinal Info","twitter_description":"Le Plateau de la Justice continue sa transformation verte ! Gr\u00e2ce au budget participatif, un nouveau verger gourmand voit progressivement [&hellip;]","twitter_image":"https:\/\/vosgesinfo.fr\/app\/uploads\/sites\/3\/2025\/03\/budget-participatif-epinal-verger-gourmand.compressjpg.jpg","twitter_creator":"@VosgesInfo88","twitter_site":"@VosgesInfo88","twitter_misc":{"\u00c9crit par":"C.K.","Dur\u00e9e de lecture estim\u00e9e":"2 minutes"},"schema":{"@context":"https:\/\/schema.org","@graph":[{"@type":"Article","@id":"https:\/\/vosgesinfo.fr\/epinalinfo\/2025\/03\/les-collegiens-de-saint-exupery-sinvestissent-dans-la-vegetalisation-du-plateau-de-la-justice\/#article","isPartOf":{"@id":"https:\/\/vosgesinfo.fr\/epinalinfo\/2025\/03\/les-collegiens-de-saint-exupery-sinvestissent-dans-la-vegetalisation-du-plateau-de-la-justice\/"},"author":{"name":"C.K.","@id":"https:\/\/vosgesinfo.fr\/epinalinfo\/#\/schema\/person\/6f9a650eeea99d969b6c4ab78fccbe81"},"headline":"Les coll\u00e9giens de Saint-Exup\u00e9ry s&rsquo;investissent dans la v\u00e9g\u00e9talisation du Plateau de la Justice !","datePublished":"2025-03-27T06:19:01+00:00","dateModified":"2025-03-26T17:23:58+00:00","mainEntityOfPage":{"@id":"https:\/\/vosgesinfo.fr\/epinalinfo\/2025\/03\/les-collegiens-de-saint-exupery-sinvestissent-dans-la-vegetalisation-du-plateau-de-la-justice\/"},"wordCount":346,"commentCount":1,"publisher":{"@id":"https:\/\/vosgesinfo.fr\/epinalinfo\/#organization"},"image":{"@id":"https:\/\/vosgesinfo.fr\/epinalinfo\/2025\/03\/les-collegiens-de-saint-exupery-sinvestissent-dans-la-vegetalisation-du-plateau-de-la-justice\/#primaryimage"},"thumbnailUrl":"https:\/\/vosgesinfo.fr\/app\/uploads\/sites\/3\/2025\/03\/budget-participatif-epinal-verger-gourmand.compressjpg.jpg","articleSection":["A la Une","Epinal"],"inLanguage":"fr-FR","potentialAction":[{"@type":"CommentAction","name":"Comment","target":["https:\/\/vosgesinfo.fr\/epinalinfo\/2025\/03\/les-collegiens-de-saint-exupery-sinvestissent-dans-la-vegetalisation-du-plateau-de-la-justice\/#respond"]}]},{"@type":"WebPage","@id":"https:\/\/vosgesinfo.fr\/epinalinfo\/2025\/03\/les-collegiens-de-saint-exupery-sinvestissent-dans-la-vegetalisation-du-plateau-de-la-justice\/","url":"https:\/\/vosgesinfo.fr\/epinalinfo\/2025\/03\/les-collegiens-de-saint-exupery-sinvestissent-dans-la-vegetalisation-du-plateau-de-la-justice\/","name":"Les coll\u00e9giens de Saint-Exup\u00e9ry s'investissent dans la v\u00e9g\u00e9talisation du Plateau de la Justice ! - Epinal Info","isPartOf":{"@id":"https:\/\/vosgesinfo.fr\/epinalinfo\/#website"},"primaryImageOfPage":{"@id":"https:\/\/vosgesinfo.fr\/epinalinfo\/2025\/03\/les-collegiens-de-saint-exupery-sinvestissent-dans-la-vegetalisation-du-plateau-de-la-justice\/#primaryimage"},"image":{"@id":"https:\/\/vosgesinfo.fr\/epinalinfo\/2025\/03\/les-collegiens-de-saint-exupery-sinvestissent-dans-la-vegetalisation-du-plateau-de-la-justice\/#primaryimage"},"thumbnailUrl":"https:\/\/vosgesinfo.fr\/app\/uploads\/sites\/3\/2025\/03\/budget-participatif-epinal-verger-gourmand.compressjpg.jpg","datePublished":"2025-03-27T06:19:01+00:00","dateModified":"2025-03-26T17:23:58+00:00","breadcrumb":{"@id":"https:\/\/vosgesinfo.fr\/epinalinfo\/2025\/03\/les-collegiens-de-saint-exupery-sinvestissent-dans-la-vegetalisation-du-plateau-de-la-justice\/#breadcrumb"},"inLanguage":"fr-FR","potentialAction":[{"@type":"ReadAction","target":["https:\/\/vosgesinfo.fr\/epinalinfo\/2025\/03\/les-collegiens-de-saint-exupery-sinvestissent-dans-la-vegetalisation-du-plateau-de-la-justice\/"]}]},{"@type":"ImageObject","inLanguage":"fr-FR","@id":"https:\/\/vosgesinfo.fr\/epinalinfo\/2025\/03\/les-collegiens-de-saint-exupery-sinvestissent-dans-la-vegetalisation-du-plateau-de-la-justice\/#primaryimage","url":"https:\/\/vosgesinfo.fr\/app\/uploads\/sites\/3\/2025\/03\/budget-participatif-epinal-verger-gourmand.compressjpg.jpg","contentUrl":"https:\/\/vosgesinfo.fr\/app\/uploads\/sites\/3\/2025\/03\/budget-participatif-epinal-verger-gourmand.compressjpg.jpg","width":632,"height":418,"caption":"photo archive"},{"@type":"BreadcrumbList","@id":"https:\/\/vosgesinfo.fr\/epinalinfo\/2025\/03\/les-collegiens-de-saint-exupery-sinvestissent-dans-la-vegetalisation-du-plateau-de-la-justice\/#breadcrumb","itemListElement":[{"@type":"ListItem","position":1,"name":"Home","item":"https:\/\/vosgesinfo.fr\/epinalinfo\/"},{"@type":"ListItem","position":2,"name":"Les coll\u00e9giens de Saint-Exup\u00e9ry s&rsquo;investissent dans la v\u00e9g\u00e9talisation du Plateau de la Justice !"}]},{"@type":"WebSite","@id":"https:\/\/vosgesinfo.fr\/epinalinfo\/#website","url":"https:\/\/vosgesinfo.fr\/epinalinfo\/","name":"Epinal Info","description":"Toute l&#039;actualit\u00e9 d&#039;\u00c9pinal","publisher":{"@id":"https:\/\/vosgesinfo.fr\/epinalinfo\/#organization"},"alternateName":"Toute l'actualit\u00e9 d'\u00c9pinal","potentialAction":[{"@type":"SearchAction","target":{"@type":"EntryPoint","urlTemplate":"https:\/\/vosgesinfo.fr\/epinalinfo\/?s={search_term_string}"},"query-input":"required name=search_term_string"}],"inLanguage":"fr-FR"},{"@type":"Organization","@id":"https:\/\/vosgesinfo.fr\/epinalinfo\/#organization","name":"Epinal Info","url":"https:\/\/vosgesinfo.fr\/epinalinfo\/","logo":{"@type":"ImageObject","inLanguage":"fr-FR","@id":"https:\/\/vosgesinfo.fr\/epinalinfo\/#\/schema\/logo\/image\/","url":"https:\/\/vosgesinfo.fr\/app\/uploads\/sites\/3\/2023\/08\/logo-epinalinfos.svg","contentUrl":"https:\/\/vosgesinfo.fr\/app\/uploads\/sites\/3\/2023\/08\/logo-epinalinfos.svg","width":1,"height":1,"caption":"Epinal Info"},"image":{"@id":"https:\/\/vosgesinfo.fr\/epinalinfo\/#\/schema\/logo\/image\/"},"sameAs":["https:\/\/www.facebook.com\/Epinalinfos","https:\/\/x.com\/VosgesInfo88","https:\/\/www.youtube.com\/@vosgesinfo"]},{"@type":"Person","@id":"https:\/\/vosgesinfo.fr\/epinalinfo\/#\/schema\/person\/6f9a650eeea99d969b6c4ab78fccbe81","name":"C.K.","image":{"@type":"ImageObject","inLanguage":"fr-FR","@id":"https:\/\/vosgesinfo.fr\/epinalinfo\/#\/schema\/person\/image\/","url":"https:\/\/secure.gravatar.com\/avatar\/48e3fc7f8421ba8942be6b74a2b7f014ca39bc00dece156b7a8e098ae7dc87bf?s=96&d=mm&r=g","contentUrl":"https:\/\/secure.gravatar.com\/avatar\/48e3fc7f8421ba8942be6b74a2b7f014ca39bc00dece156b7a8e098ae7dc87bf?s=96&d=mm&r=g","caption":"C.K."},"url":"https:\/\/vosgesinfo.fr\/epinalinfo\/author\/celia-k-n\/"}]}},"_links":{"self":[{"href":"https:\/\/vosgesinfo.fr\/epinalinfo\/wp-json\/wp\/v2\/posts\/130223","targetHints":{"allow":["GET"]}}],"collection":[{"href":"https:\/\/vosgesinfo.fr\/epinalinfo\/wp-json\/wp\/v2\/posts"}],"about":[{"href":"https:\/\/vosgesinfo.fr\/epinalinfo\/wp-json\/wp\/v2\/types\/post"}],"author":[{"embeddable":true,"href":"https:\/\/vosgesinfo.fr\/epinalinfo\/wp-json\/wp\/v2\/users\/52"}],"replies":[{"embeddable":true,"href":"https:\/\/vosgesinfo.fr\/epinalinfo\/wp-json\/wp\/v2\/comments?post=130223"}],"version-history":[{"count":1,"href":"https:\/\/vosgesinfo.fr\/epinalinfo\/wp-json\/wp\/v2\/posts\/130223\/revisions"}],"predecessor-version":[{"id":130225,"href":"https:\/\/vosgesinfo.fr\/epinalinfo\/wp-json\/wp\/v2\/posts\/130223\/revisions\/130225"}],"wp:featuredmedia":[{"embeddable":true,"href":"https:\/\/vosgesinfo.fr\/epinalinfo\/wp-json\/wp\/v2\/media\/130224"}],"wp:attachment":[{"href":"https:\/\/vosgesinfo.fr\/epinalinfo\/wp-json\/wp\/v2\/media?parent=130223"}],"wp:term":[{"taxonomy":"category","embeddable":true,"href":"https:\/\/vosgesinfo.fr\/epinalinfo\/wp-json\/wp\/v2\/categories?post=130223"},{"taxonomy":"post_tag","embeddable":true,"href":"https:\/\/vosgesinfo.fr\/epinalinfo\/wp-json\/wp\/v2\/tags?post=130223"}],"curies":[{"name":"wp","href":"https:\/\/api.w.org\/{rel}","templated":true}]}}