{"id":130227,"date":"2025-03-27T08:45:07","date_gmt":"2025-03-27T07:45:07","guid":{"rendered":"https:\/\/vosgesinfo.fr\/epinalinfo\/?p=130227"},"modified":"2025-03-27T08:37:55","modified_gmt":"2025-03-27T07:37:55","slug":"3%e1%b5%89-edition-des-rencontres-de-lemploi-public-a-epinal-un-rendez-vous-incontournable-le-25-avril","status":"publish","type":"post","link":"https:\/\/vosgesinfo.fr\/epinalinfo\/2025\/03\/3%e1%b5%89-edition-des-rencontres-de-lemploi-public-a-epinal-un-rendez-vous-incontournable-le-25-avril\/","title":{"rendered":"3\u1d49 \u00e9dition des Rencontres de l\u2019Emploi Public \u00e0 \u00c9pinal : Un rendez-vous incontournable le 25 avril !"},"content":{"rendered":"<h2 data-start=\"441\" data-end=\"776\"><strong><a href=\"https:\/\/vosgesinfo.fr\/app\/uploads\/sites\/3\/2025\/03\/487034055-966701692275570-5199419762659712774-n.jpg\"><img decoding=\"async\" class=\"aligncenter size-full wp-image-130228\" src=\"https:\/\/vosgesinfo.fr\/app\/uploads\/sites\/3\/2025\/03\/487034055-966701692275570-5199419762659712774-n.jpg\" alt=\"\" width=\"940\" height=\"788\" srcset=\"https:\/\/vosgesinfo.fr\/app\/uploads\/sites\/3\/2025\/03\/487034055-966701692275570-5199419762659712774-n.jpg 940w, https:\/\/vosgesinfo.fr\/app\/uploads\/sites\/3\/2025\/03\/487034055-966701692275570-5199419762659712774-n-300x251.jpg 300w, https:\/\/vosgesinfo.fr\/app\/uploads\/sites\/3\/2025\/03\/487034055-966701692275570-5199419762659712774-n-768x644.jpg 768w\" sizes=\"(max-width: 940px) 100vw, 940px\" \/><\/a>Vous \u00eates \u00e0 la recherche d\u2019un emploi dans la fonction publique ou souhaitez mieux comprendre les opportunit\u00e9s qu\u2019elle offre ? Ne manquez pas la 3\u1d49 \u00e9dition des Rencontres de l\u2019Emploi Public, qui se tiendra \u00e0 \u00c9pinal, le jeudi 25 avril, de 11h \u00e0 18h au Centre des Congr\u00e8s. Un \u00e9v\u00e9nement ouvert \u00e0 tous et enti\u00e8rement gratuit !<\/strong><\/h2>\n<h3 data-start=\"778\" data-end=\"824\"><strong data-start=\"781\" data-end=\"822\">Un \u00e9v\u00e9nement cl\u00e9 pour l&#8217;emploi public<\/strong><\/h3>\n<p class=\"\" data-start=\"825\" data-end=\"1222\">Organis\u00e9es pour la troisi\u00e8me ann\u00e9e cons\u00e9cutive, ces rencontres sont devenues un moment phare pour celles et ceux qui souhaitent int\u00e9grer la fonction publique ou \u00e9voluer dans leur carri\u00e8re.<\/p>\n<p class=\"\" data-start=\"825\" data-end=\"1222\"><strong data-start=\"1014\" data-end=\"1046\">Plusieurs employeurs publics<\/strong> \u2013 collectivit\u00e9s territoriales, administrations d\u2019\u00c9tat, h\u00f4pitaux et autres organismes \u2013 seront pr\u00e9sents pour \u00e9changer avec les visiteurs et proposer des opportunit\u00e9s vari\u00e9es.<\/p>\n<h2 class=\"\" data-start=\"1224\" data-end=\"1265\"><strong data-start=\"1227\" data-end=\"1263\">Rencontrez, \u00e9changez, postulez !<\/strong><\/h2>\n<p class=\"\" data-start=\"1266\" data-end=\"1636\">Au programme de cette journ\u00e9e :<br data-start=\"1297\" data-end=\"1300\" \/>\u2705 <strong data-start=\"1302\" data-end=\"1326\">Stands et rencontres<\/strong> avec des recruteurs publics pr\u00eats \u00e0 vous informer sur leurs besoins et leurs m\u00e9tiers.<br data-start=\"1412\" data-end=\"1415\" \/>\u2705 <strong>Animations et ateliers <\/strong>pour mieux comprendre le fonctionnement de l\u2019emploi public, les concours et les parcours professionnels.<br data-start=\"1549\" data-end=\"1552\" \/>\u2705 <strong data-start=\"1554\" data-end=\"1580\">Conseils personnalis\u00e9s<\/strong> pour optimiser votre CV et pr\u00e9parer vos candidatures.<\/p>\n<p class=\"\" data-start=\"1638\" data-end=\"1900\">Que vous soyez <strong data-start=\"1653\" data-end=\"1732\">\u00e9tudiant, demandeur d\u2019emploi, salari\u00e9 en reconversion ou d\u00e9j\u00e0 fonctionnaire<\/strong>, cet \u00e9v\u00e9nement est une occasion unique de <strong data-start=\"1775\" data-end=\"1897\">d\u00e9couvrir des opportunit\u00e9s professionnelles, poser vos questions directement aux recruteurs et m\u00eame postuler sur place<\/strong>.<\/p>\n<h2 class=\"\" data-start=\"1902\" data-end=\"1926\"><strong data-start=\"1905\" data-end=\"1924\">Infos pratiques<\/strong><\/h2>\n<p class=\"\" data-start=\"1927\" data-end=\"2071\">\ud83d\udccd <strong data-start=\"1930\" data-end=\"1938\">Lieu<\/strong> : Centre des Congr\u00e8s d\u2019\u00c9pinal<br data-start=\"1968\" data-end=\"1971\" \/>\ud83d\udcc5 <strong data-start=\"1974\" data-end=\"1982\">Date<\/strong> : Jeudi 25 avril 2024<br data-start=\"2004\" data-end=\"2007\" \/>\ud83d\udd5a <strong data-start=\"2010\" data-end=\"2022\">Horaires<\/strong> : 11h \u2013 18h<br data-start=\"2034\" data-end=\"2037\" \/>\ud83c\udf9f\ufe0f <strong data-start=\"2041\" data-end=\"2069\">Entr\u00e9e libre et gratuite<\/strong><\/p>\n<p class=\"\" data-start=\"2073\" data-end=\"2271\">Ne ratez pas cette opportunit\u00e9 unique d\u2019avancer dans votre parcours professionnel ! Pour plus d\u2019informations, restez connect\u00e9s aux actualit\u00e9s locales ou contactez les organisateurs de l\u2019\u00e9v\u00e9nement.<\/p>\n<p class=\"\" data-start=\"2273\" data-end=\"2337\">\ud83d\udc49 <strong data-start=\"2276\" data-end=\"2337\" data-is-last-node=\"\">Partagez l\u2019information autour de vous et venez nombreux !<\/strong><\/p>\n","protected":false},"excerpt":{"rendered":"<p>Vous \u00eates \u00e0 la recherche d\u2019un emploi dans la fonction publique ou souhaitez mieux comprendre les opportunit\u00e9s qu\u2019elle offre ? [&hellip;]<\/p>\n","protected":false},"author":52,"featured_media":130228,"comment_status":"open","ping_status":"open","sticky":false,"template":"","format":"standard","meta":{"footnotes":""},"categories":[22,24],"tags":[],"class_list":["post-130227","post","type-post","status-publish","format-standard","has-post-thumbnail","hentry","category-a-la-une","category-epinal"],"acf":[],"yoast_head":"<!-- This site is optimized with the Yoast SEO plugin v22.5 - https:\/\/yoast.com\/wordpress\/plugins\/seo\/ -->\n<title>3\u1d49 \u00e9dition des Rencontres de l\u2019Emploi Public \u00e0 \u00c9pinal : Un rendez-vous incontournable le 25 avril ! - Epinal Info<\/title>\n<meta name=\"robots\" content=\"index, follow, max-snippet:-1, max-image-preview:large, max-video-preview:-1\" \/>\n<link rel=\"canonical\" href=\"https:\/\/vosgesinfo.fr\/epinalinfo\/2025\/03\/3\u1d49-edition-des-rencontres-de-lemploi-public-a-epinal-un-rendez-vous-incontournable-le-25-avril\/\" \/>\n<meta name=\"twitter:card\" content=\"summary_large_image\" \/>\n<meta name=\"twitter:title\" content=\"3\u1d49 \u00e9dition des Rencontres de l\u2019Emploi Public \u00e0 \u00c9pinal : Un rendez-vous incontournable le 25 avril ! - Epinal Info\" \/>\n<meta name=\"twitter:description\" content=\"Vous \u00eates \u00e0 la recherche d\u2019un emploi dans la fonction publique ou souhaitez mieux comprendre les opportunit\u00e9s qu\u2019elle offre ? [&hellip;]\" \/>\n<meta name=\"twitter:image\" content=\"https:\/\/vosgesinfo.fr\/app\/uploads\/sites\/3\/2025\/03\/487034055-966701692275570-5199419762659712774-n.jpg\" \/>\n<meta name=\"twitter:creator\" content=\"@VosgesInfo88\" \/>\n<meta name=\"twitter:site\" content=\"@VosgesInfo88\" \/>\n<meta name=\"twitter:label1\" content=\"\u00c9crit par\" \/>\n\t<meta name=\"twitter:data1\" content=\"C.K.\" \/>\n\t<meta name=\"twitter:label2\" content=\"Dur\u00e9e de lecture estim\u00e9e\" \/>\n\t<meta name=\"twitter:data2\" content=\"1 minute\" \/>\n<script type=\"application\/ld+json\" class=\"yoast-schema-graph\">{\"@context\":\"https:\/\/schema.org\",\"@graph\":[{\"@type\":\"Article\",\"@id\":\"https:\/\/vosgesinfo.fr\/epinalinfo\/2025\/03\/3%e1%b5%89-edition-des-rencontres-de-lemploi-public-a-epinal-un-rendez-vous-incontournable-le-25-avril\/#article\",\"isPartOf\":{\"@id\":\"https:\/\/vosgesinfo.fr\/epinalinfo\/2025\/03\/3%e1%b5%89-edition-des-rencontres-de-lemploi-public-a-epinal-un-rendez-vous-incontournable-le-25-avril\/\"},\"author\":{\"name\":\"C.K.\",\"@id\":\"https:\/\/vosgesinfo.fr\/epinalinfo\/#\/schema\/person\/6f9a650eeea99d969b6c4ab78fccbe81\"},\"headline\":\"3\u1d49 \u00e9dition des Rencontres de l\u2019Emploi Public \u00e0 \u00c9pinal : Un rendez-vous incontournable le 25 avril !\",\"datePublished\":\"2025-03-27T07:45:07+00:00\",\"dateModified\":\"2025-03-27T07:37:55+00:00\",\"mainEntityOfPage\":{\"@id\":\"https:\/\/vosgesinfo.fr\/epinalinfo\/2025\/03\/3%e1%b5%89-edition-des-rencontres-de-lemploi-public-a-epinal-un-rendez-vous-incontournable-le-25-avril\/\"},\"wordCount\":297,\"commentCount\":0,\"publisher\":{\"@id\":\"https:\/\/vosgesinfo.fr\/epinalinfo\/#organization\"},\"image\":{\"@id\":\"https:\/\/vosgesinfo.fr\/epinalinfo\/2025\/03\/3%e1%b5%89-edition-des-rencontres-de-lemploi-public-a-epinal-un-rendez-vous-incontournable-le-25-avril\/#primaryimage\"},\"thumbnailUrl\":\"https:\/\/vosgesinfo.fr\/app\/uploads\/sites\/3\/2025\/03\/487034055-966701692275570-5199419762659712774-n.jpg\",\"articleSection\":[\"A la Une\",\"Epinal\"],\"inLanguage\":\"fr-FR\",\"potentialAction\":[{\"@type\":\"CommentAction\",\"name\":\"Comment\",\"target\":[\"https:\/\/vosgesinfo.fr\/epinalinfo\/2025\/03\/3%e1%b5%89-edition-des-rencontres-de-lemploi-public-a-epinal-un-rendez-vous-incontournable-le-25-avril\/#respond\"]}]},{\"@type\":\"WebPage\",\"@id\":\"https:\/\/vosgesinfo.fr\/epinalinfo\/2025\/03\/3%e1%b5%89-edition-des-rencontres-de-lemploi-public-a-epinal-un-rendez-vous-incontournable-le-25-avril\/\",\"url\":\"https:\/\/vosgesinfo.fr\/epinalinfo\/2025\/03\/3%e1%b5%89-edition-des-rencontres-de-lemploi-public-a-epinal-un-rendez-vous-incontournable-le-25-avril\/\",\"name\":\"3\u1d49 \u00e9dition des Rencontres de l\u2019Emploi Public \u00e0 \u00c9pinal : Un rendez-vous incontournable le 25 avril ! - Epinal Info\",\"isPartOf\":{\"@id\":\"https:\/\/vosgesinfo.fr\/epinalinfo\/#website\"},\"primaryImageOfPage\":{\"@id\":\"https:\/\/vosgesinfo.fr\/epinalinfo\/2025\/03\/3%e1%b5%89-edition-des-rencontres-de-lemploi-public-a-epinal-un-rendez-vous-incontournable-le-25-avril\/#primaryimage\"},\"image\":{\"@id\":\"https:\/\/vosgesinfo.fr\/epinalinfo\/2025\/03\/3%e1%b5%89-edition-des-rencontres-de-lemploi-public-a-epinal-un-rendez-vous-incontournable-le-25-avril\/#primaryimage\"},\"thumbnailUrl\":\"https:\/\/vosgesinfo.fr\/app\/uploads\/sites\/3\/2025\/03\/487034055-966701692275570-5199419762659712774-n.jpg\",\"datePublished\":\"2025-03-27T07:45:07+00:00\",\"dateModified\":\"2025-03-27T07:37:55+00:00\",\"breadcrumb\":{\"@id\":\"https:\/\/vosgesinfo.fr\/epinalinfo\/2025\/03\/3%e1%b5%89-edition-des-rencontres-de-lemploi-public-a-epinal-un-rendez-vous-incontournable-le-25-avril\/#breadcrumb\"},\"inLanguage\":\"fr-FR\",\"potentialAction\":[{\"@type\":\"ReadAction\",\"target\":[\"https:\/\/vosgesinfo.fr\/epinalinfo\/2025\/03\/3%e1%b5%89-edition-des-rencontres-de-lemploi-public-a-epinal-un-rendez-vous-incontournable-le-25-avril\/\"]}]},{\"@type\":\"ImageObject\",\"inLanguage\":\"fr-FR\",\"@id\":\"https:\/\/vosgesinfo.fr\/epinalinfo\/2025\/03\/3%e1%b5%89-edition-des-rencontres-de-lemploi-public-a-epinal-un-rendez-vous-incontournable-le-25-avril\/#primaryimage\",\"url\":\"https:\/\/vosgesinfo.fr\/app\/uploads\/sites\/3\/2025\/03\/487034055-966701692275570-5199419762659712774-n.jpg\",\"contentUrl\":\"https:\/\/vosgesinfo.fr\/app\/uploads\/sites\/3\/2025\/03\/487034055-966701692275570-5199419762659712774-n.jpg\",\"width\":940,\"height\":788},{\"@type\":\"BreadcrumbList\",\"@id\":\"https:\/\/vosgesinfo.fr\/epinalinfo\/2025\/03\/3%e1%b5%89-edition-des-rencontres-de-lemploi-public-a-epinal-un-rendez-vous-incontournable-le-25-avril\/#breadcrumb\",\"itemListElement\":[{\"@type\":\"ListItem\",\"position\":1,\"name\":\"Home\",\"item\":\"https:\/\/vosgesinfo.fr\/epinalinfo\/\"},{\"@type\":\"ListItem\",\"position\":2,\"name\":\"3\u1d49 \u00e9dition des Rencontres de l\u2019Emploi Public \u00e0 \u00c9pinal : Un rendez-vous incontournable le 25 avril !\"}]},{\"@type\":\"WebSite\",\"@id\":\"https:\/\/vosgesinfo.fr\/epinalinfo\/#website\",\"url\":\"https:\/\/vosgesinfo.fr\/epinalinfo\/\",\"name\":\"Epinal Info\",\"description\":\"Toute l&#039;actualit\u00e9 d&#039;\u00c9pinal\",\"publisher\":{\"@id\":\"https:\/\/vosgesinfo.fr\/epinalinfo\/#organization\"},\"alternateName\":\"Toute l'actualit\u00e9 d'\u00c9pinal\",\"potentialAction\":[{\"@type\":\"SearchAction\",\"target\":{\"@type\":\"EntryPoint\",\"urlTemplate\":\"https:\/\/vosgesinfo.fr\/epinalinfo\/?s={search_term_string}\"},\"query-input\":\"required name=search_term_string\"}],\"inLanguage\":\"fr-FR\"},{\"@type\":\"Organization\",\"@id\":\"https:\/\/vosgesinfo.fr\/epinalinfo\/#organization\",\"name\":\"Epinal Info\",\"url\":\"https:\/\/vosgesinfo.fr\/epinalinfo\/\",\"logo\":{\"@type\":\"ImageObject\",\"inLanguage\":\"fr-FR\",\"@id\":\"https:\/\/vosgesinfo.fr\/epinalinfo\/#\/schema\/logo\/image\/\",\"url\":\"https:\/\/vosgesinfo.fr\/app\/uploads\/sites\/3\/2023\/08\/logo-epinalinfos.svg\",\"contentUrl\":\"https:\/\/vosgesinfo.fr\/app\/uploads\/sites\/3\/2023\/08\/logo-epinalinfos.svg\",\"width\":1,\"height\":1,\"caption\":\"Epinal Info\"},\"image\":{\"@id\":\"https:\/\/vosgesinfo.fr\/epinalinfo\/#\/schema\/logo\/image\/\"},\"sameAs\":[\"https:\/\/www.facebook.com\/Epinalinfos\",\"https:\/\/x.com\/VosgesInfo88\",\"https:\/\/www.youtube.com\/@vosgesinfo\"]},{\"@type\":\"Person\",\"@id\":\"https:\/\/vosgesinfo.fr\/epinalinfo\/#\/schema\/person\/6f9a650eeea99d969b6c4ab78fccbe81\",\"name\":\"C.K.\",\"image\":{\"@type\":\"ImageObject\",\"inLanguage\":\"fr-FR\",\"@id\":\"https:\/\/vosgesinfo.fr\/epinalinfo\/#\/schema\/person\/image\/\",\"url\":\"https:\/\/secure.gravatar.com\/avatar\/48e3fc7f8421ba8942be6b74a2b7f014ca39bc00dece156b7a8e098ae7dc87bf?s=96&d=mm&r=g\",\"contentUrl\":\"https:\/\/secure.gravatar.com\/avatar\/48e3fc7f8421ba8942be6b74a2b7f014ca39bc00dece156b7a8e098ae7dc87bf?s=96&d=mm&r=g\",\"caption\":\"C.K.\"},\"url\":\"https:\/\/vosgesinfo.fr\/epinalinfo\/author\/celia-k-n\/\"}]}<\/script>\n<!-- \/ Yoast SEO plugin. -->","yoast_head_json":{"title":"3\u1d49 \u00e9dition des Rencontres de l\u2019Emploi Public \u00e0 \u00c9pinal : Un rendez-vous incontournable le 25 avril ! - Epinal Info","robots":{"index":"index","follow":"follow","max-snippet":"max-snippet:-1","max-image-preview":"max-image-preview:large","max-video-preview":"max-video-preview:-1"},"canonical":"https:\/\/vosgesinfo.fr\/epinalinfo\/2025\/03\/3\u1d49-edition-des-rencontres-de-lemploi-public-a-epinal-un-rendez-vous-incontournable-le-25-avril\/","twitter_card":"summary_large_image","twitter_title":"3\u1d49 \u00e9dition des Rencontres de l\u2019Emploi Public \u00e0 \u00c9pinal : Un rendez-vous incontournable le 25 avril ! - Epinal Info","twitter_description":"Vous \u00eates \u00e0 la recherche d\u2019un emploi dans la fonction publique ou souhaitez mieux comprendre les opportunit\u00e9s qu\u2019elle offre ? [&hellip;]","twitter_image":"https:\/\/vosgesinfo.fr\/app\/uploads\/sites\/3\/2025\/03\/487034055-966701692275570-5199419762659712774-n.jpg","twitter_creator":"@VosgesInfo88","twitter_site":"@VosgesInfo88","twitter_misc":{"\u00c9crit par":"C.K.","Dur\u00e9e de lecture estim\u00e9e":"1 minute"},"schema":{"@context":"https:\/\/schema.org","@graph":[{"@type":"Article","@id":"https:\/\/vosgesinfo.fr\/epinalinfo\/2025\/03\/3%e1%b5%89-edition-des-rencontres-de-lemploi-public-a-epinal-un-rendez-vous-incontournable-le-25-avril\/#article","isPartOf":{"@id":"https:\/\/vosgesinfo.fr\/epinalinfo\/2025\/03\/3%e1%b5%89-edition-des-rencontres-de-lemploi-public-a-epinal-un-rendez-vous-incontournable-le-25-avril\/"},"author":{"name":"C.K.","@id":"https:\/\/vosgesinfo.fr\/epinalinfo\/#\/schema\/person\/6f9a650eeea99d969b6c4ab78fccbe81"},"headline":"3\u1d49 \u00e9dition des Rencontres de l\u2019Emploi Public \u00e0 \u00c9pinal : Un rendez-vous incontournable le 25 avril !","datePublished":"2025-03-27T07:45:07+00:00","dateModified":"2025-03-27T07:37:55+00:00","mainEntityOfPage":{"@id":"https:\/\/vosgesinfo.fr\/epinalinfo\/2025\/03\/3%e1%b5%89-edition-des-rencontres-de-lemploi-public-a-epinal-un-rendez-vous-incontournable-le-25-avril\/"},"wordCount":297,"commentCount":0,"publisher":{"@id":"https:\/\/vosgesinfo.fr\/epinalinfo\/#organization"},"image":{"@id":"https:\/\/vosgesinfo.fr\/epinalinfo\/2025\/03\/3%e1%b5%89-edition-des-rencontres-de-lemploi-public-a-epinal-un-rendez-vous-incontournable-le-25-avril\/#primaryimage"},"thumbnailUrl":"https:\/\/vosgesinfo.fr\/app\/uploads\/sites\/3\/2025\/03\/487034055-966701692275570-5199419762659712774-n.jpg","articleSection":["A la Une","Epinal"],"inLanguage":"fr-FR","potentialAction":[{"@type":"CommentAction","name":"Comment","target":["https:\/\/vosgesinfo.fr\/epinalinfo\/2025\/03\/3%e1%b5%89-edition-des-rencontres-de-lemploi-public-a-epinal-un-rendez-vous-incontournable-le-25-avril\/#respond"]}]},{"@type":"WebPage","@id":"https:\/\/vosgesinfo.fr\/epinalinfo\/2025\/03\/3%e1%b5%89-edition-des-rencontres-de-lemploi-public-a-epinal-un-rendez-vous-incontournable-le-25-avril\/","url":"https:\/\/vosgesinfo.fr\/epinalinfo\/2025\/03\/3%e1%b5%89-edition-des-rencontres-de-lemploi-public-a-epinal-un-rendez-vous-incontournable-le-25-avril\/","name":"3\u1d49 \u00e9dition des Rencontres de l\u2019Emploi Public \u00e0 \u00c9pinal : Un rendez-vous incontournable le 25 avril ! - Epinal Info","isPartOf":{"@id":"https:\/\/vosgesinfo.fr\/epinalinfo\/#website"},"primaryImageOfPage":{"@id":"https:\/\/vosgesinfo.fr\/epinalinfo\/2025\/03\/3%e1%b5%89-edition-des-rencontres-de-lemploi-public-a-epinal-un-rendez-vous-incontournable-le-25-avril\/#primaryimage"},"image":{"@id":"https:\/\/vosgesinfo.fr\/epinalinfo\/2025\/03\/3%e1%b5%89-edition-des-rencontres-de-lemploi-public-a-epinal-un-rendez-vous-incontournable-le-25-avril\/#primaryimage"},"thumbnailUrl":"https:\/\/vosgesinfo.fr\/app\/uploads\/sites\/3\/2025\/03\/487034055-966701692275570-5199419762659712774-n.jpg","datePublished":"2025-03-27T07:45:07+00:00","dateModified":"2025-03-27T07:37:55+00:00","breadcrumb":{"@id":"https:\/\/vosgesinfo.fr\/epinalinfo\/2025\/03\/3%e1%b5%89-edition-des-rencontres-de-lemploi-public-a-epinal-un-rendez-vous-incontournable-le-25-avril\/#breadcrumb"},"inLanguage":"fr-FR","potentialAction":[{"@type":"ReadAction","target":["https:\/\/vosgesinfo.fr\/epinalinfo\/2025\/03\/3%e1%b5%89-edition-des-rencontres-de-lemploi-public-a-epinal-un-rendez-vous-incontournable-le-25-avril\/"]}]},{"@type":"ImageObject","inLanguage":"fr-FR","@id":"https:\/\/vosgesinfo.fr\/epinalinfo\/2025\/03\/3%e1%b5%89-edition-des-rencontres-de-lemploi-public-a-epinal-un-rendez-vous-incontournable-le-25-avril\/#primaryimage","url":"https:\/\/vosgesinfo.fr\/app\/uploads\/sites\/3\/2025\/03\/487034055-966701692275570-5199419762659712774-n.jpg","contentUrl":"https:\/\/vosgesinfo.fr\/app\/uploads\/sites\/3\/2025\/03\/487034055-966701692275570-5199419762659712774-n.jpg","width":940,"height":788},{"@type":"BreadcrumbList","@id":"https:\/\/vosgesinfo.fr\/epinalinfo\/2025\/03\/3%e1%b5%89-edition-des-rencontres-de-lemploi-public-a-epinal-un-rendez-vous-incontournable-le-25-avril\/#breadcrumb","itemListElement":[{"@type":"ListItem","position":1,"name":"Home","item":"https:\/\/vosgesinfo.fr\/epinalinfo\/"},{"@type":"ListItem","position":2,"name":"3\u1d49 \u00e9dition des Rencontres de l\u2019Emploi Public \u00e0 \u00c9pinal : Un rendez-vous incontournable le 25 avril !"}]},{"@type":"WebSite","@id":"https:\/\/vosgesinfo.fr\/epinalinfo\/#website","url":"https:\/\/vosgesinfo.fr\/epinalinfo\/","name":"Epinal Info","description":"Toute l&#039;actualit\u00e9 d&#039;\u00c9pinal","publisher":{"@id":"https:\/\/vosgesinfo.fr\/epinalinfo\/#organization"},"alternateName":"Toute l'actualit\u00e9 d'\u00c9pinal","potentialAction":[{"@type":"SearchAction","target":{"@type":"EntryPoint","urlTemplate":"https:\/\/vosgesinfo.fr\/epinalinfo\/?s={search_term_string}"},"query-input":"required name=search_term_string"}],"inLanguage":"fr-FR"},{"@type":"Organization","@id":"https:\/\/vosgesinfo.fr\/epinalinfo\/#organization","name":"Epinal Info","url":"https:\/\/vosgesinfo.fr\/epinalinfo\/","logo":{"@type":"ImageObject","inLanguage":"fr-FR","@id":"https:\/\/vosgesinfo.fr\/epinalinfo\/#\/schema\/logo\/image\/","url":"https:\/\/vosgesinfo.fr\/app\/uploads\/sites\/3\/2023\/08\/logo-epinalinfos.svg","contentUrl":"https:\/\/vosgesinfo.fr\/app\/uploads\/sites\/3\/2023\/08\/logo-epinalinfos.svg","width":1,"height":1,"caption":"Epinal Info"},"image":{"@id":"https:\/\/vosgesinfo.fr\/epinalinfo\/#\/schema\/logo\/image\/"},"sameAs":["https:\/\/www.facebook.com\/Epinalinfos","https:\/\/x.com\/VosgesInfo88","https:\/\/www.youtube.com\/@vosgesinfo"]},{"@type":"Person","@id":"https:\/\/vosgesinfo.fr\/epinalinfo\/#\/schema\/person\/6f9a650eeea99d969b6c4ab78fccbe81","name":"C.K.","image":{"@type":"ImageObject","inLanguage":"fr-FR","@id":"https:\/\/vosgesinfo.fr\/epinalinfo\/#\/schema\/person\/image\/","url":"https:\/\/secure.gravatar.com\/avatar\/48e3fc7f8421ba8942be6b74a2b7f014ca39bc00dece156b7a8e098ae7dc87bf?s=96&d=mm&r=g","contentUrl":"https:\/\/secure.gravatar.com\/avatar\/48e3fc7f8421ba8942be6b74a2b7f014ca39bc00dece156b7a8e098ae7dc87bf?s=96&d=mm&r=g","caption":"C.K."},"url":"https:\/\/vosgesinfo.fr\/epinalinfo\/author\/celia-k-n\/"}]}},"_links":{"self":[{"href":"https:\/\/vosgesinfo.fr\/epinalinfo\/wp-json\/wp\/v2\/posts\/130227","targetHints":{"allow":["GET"]}}],"collection":[{"href":"https:\/\/vosgesinfo.fr\/epinalinfo\/wp-json\/wp\/v2\/posts"}],"about":[{"href":"https:\/\/vosgesinfo.fr\/epinalinfo\/wp-json\/wp\/v2\/types\/post"}],"author":[{"embeddable":true,"href":"https:\/\/vosgesinfo.fr\/epinalinfo\/wp-json\/wp\/v2\/users\/52"}],"replies":[{"embeddable":true,"href":"https:\/\/vosgesinfo.fr\/epinalinfo\/wp-json\/wp\/v2\/comments?post=130227"}],"version-history":[{"count":1,"href":"https:\/\/vosgesinfo.fr\/epinalinfo\/wp-json\/wp\/v2\/posts\/130227\/revisions"}],"predecessor-version":[{"id":130229,"href":"https:\/\/vosgesinfo.fr\/epinalinfo\/wp-json\/wp\/v2\/posts\/130227\/revisions\/130229"}],"wp:featuredmedia":[{"embeddable":true,"href":"https:\/\/vosgesinfo.fr\/epinalinfo\/wp-json\/wp\/v2\/media\/130228"}],"wp:attachment":[{"href":"https:\/\/vosgesinfo.fr\/epinalinfo\/wp-json\/wp\/v2\/media?parent=130227"}],"wp:term":[{"taxonomy":"category","embeddable":true,"href":"https:\/\/vosgesinfo.fr\/epinalinfo\/wp-json\/wp\/v2\/categories?post=130227"},{"taxonomy":"post_tag","embeddable":true,"href":"https:\/\/vosgesinfo.fr\/epinalinfo\/wp-json\/wp\/v2\/tags?post=130227"}],"curies":[{"name":"wp","href":"https:\/\/api.w.org\/{rel}","templated":true}]}}