{"id":130230,"date":"2025-03-27T09:40:26","date_gmt":"2025-03-27T08:40:26","guid":{"rendered":"https:\/\/vosgesinfo.fr\/epinalinfo\/?p=130230"},"modified":"2025-03-27T09:38:45","modified_gmt":"2025-03-27T08:38:45","slug":"conference-ia-et-entreprises-decryptage-et-opportunites-pour-les-entrepreneurs","status":"publish","type":"post","link":"https:\/\/vosgesinfo.fr\/epinalinfo\/2025\/03\/conference-ia-et-entreprises-decryptage-et-opportunites-pour-les-entrepreneurs\/","title":{"rendered":"Conf\u00e9rence \u00ab\u00a0IA et entreprises\u00a0\u00bb : D\u00e9cryptage et opportunit\u00e9s pour les entrepreneurs"},"content":{"rendered":"<h2 data-start=\"424\" data-end=\"865\"><strong><a href=\"https:\/\/vosgesinfo.fr\/app\/uploads\/sites\/3\/2025\/03\/thumbnail-1743064639849.jpg\"><img decoding=\"async\" class=\"aligncenter size-full wp-image-130238\" src=\"https:\/\/vosgesinfo.fr\/app\/uploads\/sites\/3\/2025\/03\/thumbnail-1743064639849.jpg\" alt=\"\" width=\"1024\" height=\"768\" srcset=\"https:\/\/vosgesinfo.fr\/app\/uploads\/sites\/3\/2025\/03\/thumbnail-1743064639849.jpg 1024w, https:\/\/vosgesinfo.fr\/app\/uploads\/sites\/3\/2025\/03\/thumbnail-1743064639849-300x225.jpg 300w, https:\/\/vosgesinfo.fr\/app\/uploads\/sites\/3\/2025\/03\/thumbnail-1743064639849-768x576.jpg 768w\" sizes=\"(max-width: 1024px) 100vw, 1024px\" \/><\/a>L\u2019intelligence artificielle est en train de red\u00e9finir notre fa\u00e7on de travailler et d\u2019innover. Mais comment les entreprises peuvent-elles l\u2019adopter efficacement ? Ce mercredi 26 mars, le Quai Alpha \u00e0 \u00c9pinal a accueilli une conf\u00e9rence passionnante intitul\u00e9e \u00ab\u00a0IA et entreprises : ce que vous devez savoir et ce que vous pouvez faire\u00a0\u00bb, anim\u00e9e par Marjory Canonne, experte en intelligence artificielle et fondatrice de Spinalia.<\/strong><\/h2>\n<h3 data-start=\"867\" data-end=\"921\"><strong data-start=\"870\" data-end=\"919\">D\u00e9mystifier l\u2019IA : comprendre pour mieux agir<\/strong><\/h3>\n<p class=\"\" data-start=\"922\" data-end=\"1297\">Dans une premi\u00e8re partie, Marjory Canonne a propos\u00e9 un panorama des diff\u00e9rents domaines de l\u2019intelligence artificielle, en mettant l\u2019accent sur l\u2019IA g\u00e9n\u00e9rative, une technologie en plein essor qui transforme d\u00e9j\u00e0 de nombreux secteurs.<\/p>\n<p class=\"\" data-start=\"922\" data-end=\"1297\">L\u2019objectif : permettre aux participants de mieux comprendre les capacit\u00e9s r\u00e9elles de l\u2019IA, au-del\u00e0 des clich\u00e9s et des id\u00e9es re\u00e7ues.<\/p>\n<h3 data-start=\"1299\" data-end=\"1354\"><strong data-start=\"1302\" data-end=\"1352\">Des cas concrets pour inspirer les entreprises<\/strong><\/h3>\n<p class=\"\" data-start=\"1355\" data-end=\"1775\">La deuxi\u00e8me partie de la conf\u00e9rence a \u00e9t\u00e9 consacr\u00e9e \u00e0 des exemples concrets d\u2019entreprises ayant int\u00e9gr\u00e9 l\u2019IA avec succ\u00e8s, notamment dans les Vosges.<\/p>\n<p class=\"\" data-start=\"1355\" data-end=\"1775\">De l\u2019optimisation des processus industriels \u00e0 l\u2019am\u00e9lioration de la relation client, ces t\u00e9moignages ont illustr\u00e9 la mani\u00e8re dont l\u2019intelligence artificielle peut apporter une valeur ajout\u00e9e significative, quelle que soit la taille ou l\u2019activit\u00e9 de l\u2019entreprise.<\/p>\n<h3 data-start=\"1777\" data-end=\"1824\"><strong data-start=\"1780\" data-end=\"1822\">Une experte au parcours impressionnant<\/strong><\/h3>\n<p class=\"\" data-start=\"1825\" data-end=\"2268\">Ing\u00e9nieure dipl\u00f4m\u00e9e de l\u2019\u00c9cole de l\u2019Air et de l\u2019Espace, de Telecom ParisTech et titulaire d\u2019un Executive Master de l\u2019\u00c9cole Polytechnique, Marjory Canonne poss\u00e8de une exp\u00e9rience unique dans le domaine de l\u2019IA.<\/p>\n<p class=\"\" data-start=\"1825\" data-end=\"2268\">Ancienne dirigeante d\u2019un Datalab innovant au sein de la Gendarmerie Nationale, elle accompagne aujourd\u2019hui les entreprises dans leur adoption strat\u00e9gique de l\u2019IA, avec une approche pragmatique et durable.<\/p>\n<h3 data-start=\"2270\" data-end=\"2318\"><strong data-start=\"2273\" data-end=\"2316\">Un \u00e9v\u00e9nement qui ouvre des perspectives<\/strong><\/h3>\n<p class=\"\" data-start=\"2319\" data-end=\"2646\">Cette conf\u00e9rence a permis aux participants d\u2019appr\u00e9hender les v\u00e9ritables enjeux de l\u2019intelligence artificielle et de repartir avec des cl\u00e9s concr\u00e8tes pour l\u2019int\u00e9grer dans leur entreprise. Une chose est s\u00fbre : l\u2019IA n\u2019est plus une technologie r\u00e9serv\u00e9e aux grandes entreprises, mais une opportunit\u00e9 accessible \u00e0 tous.<\/p>\n<p class=\"\" data-start=\"2648\" data-end=\"2787\">Restez \u00e0 l\u2019aff\u00fbt des prochains \u00e9v\u00e9nements du Quai Alpha pour continuer \u00e0 explorer les innovations qui transforment notre quotidien !<\/p>\n","protected":false},"excerpt":{"rendered":"<p>L\u2019intelligence artificielle est en train de red\u00e9finir notre fa\u00e7on de travailler et d\u2019innover. Mais comment les entreprises peuvent-elles l\u2019adopter efficacement [&hellip;]<\/p>\n","protected":false},"author":52,"featured_media":130238,"comment_status":"open","ping_status":"open","sticky":false,"template":"","format":"standard","meta":{"footnotes":""},"categories":[22,24],"tags":[16310,70],"class_list":["post-130230","post","type-post","status-publish","format-standard","has-post-thumbnail","hentry","category-a-la-une","category-epinal","tag-conference-ia-et-entreprises","tag-epinal"],"acf":[],"yoast_head":"<!-- This site is optimized with the Yoast SEO plugin v22.5 - https:\/\/yoast.com\/wordpress\/plugins\/seo\/ -->\n<title>Conf\u00e9rence &quot;IA et entreprises&quot; : D\u00e9cryptage et opportunit\u00e9s pour les entrepreneurs - Epinal Info<\/title>\n<meta name=\"robots\" content=\"index, follow, max-snippet:-1, max-image-preview:large, max-video-preview:-1\" \/>\n<link rel=\"canonical\" href=\"https:\/\/vosgesinfo.fr\/epinalinfo\/2025\/03\/conference-ia-et-entreprises-decryptage-et-opportunites-pour-les-entrepreneurs\/\" \/>\n<meta name=\"twitter:card\" content=\"summary_large_image\" \/>\n<meta name=\"twitter:title\" content=\"Conf\u00e9rence &quot;IA et entreprises&quot; : D\u00e9cryptage et opportunit\u00e9s pour les entrepreneurs - Epinal Info\" \/>\n<meta name=\"twitter:description\" content=\"L\u2019intelligence artificielle est en train de red\u00e9finir notre fa\u00e7on de travailler et d\u2019innover. Mais comment les entreprises peuvent-elles l\u2019adopter efficacement [&hellip;]\" \/>\n<meta name=\"twitter:image\" content=\"https:\/\/vosgesinfo.fr\/app\/uploads\/sites\/3\/2025\/03\/thumbnail-1743064639849.jpg\" \/>\n<meta name=\"twitter:creator\" content=\"@VosgesInfo88\" \/>\n<meta name=\"twitter:site\" content=\"@VosgesInfo88\" \/>\n<meta name=\"twitter:label1\" content=\"\u00c9crit par\" \/>\n\t<meta name=\"twitter:data1\" content=\"C.K.\" \/>\n\t<meta name=\"twitter:label2\" content=\"Dur\u00e9e de lecture estim\u00e9e\" \/>\n\t<meta name=\"twitter:data2\" content=\"2 minutes\" \/>\n<script type=\"application\/ld+json\" class=\"yoast-schema-graph\">{\"@context\":\"https:\/\/schema.org\",\"@graph\":[{\"@type\":\"Article\",\"@id\":\"https:\/\/vosgesinfo.fr\/epinalinfo\/2025\/03\/conference-ia-et-entreprises-decryptage-et-opportunites-pour-les-entrepreneurs\/#article\",\"isPartOf\":{\"@id\":\"https:\/\/vosgesinfo.fr\/epinalinfo\/2025\/03\/conference-ia-et-entreprises-decryptage-et-opportunites-pour-les-entrepreneurs\/\"},\"author\":{\"name\":\"C.K.\",\"@id\":\"https:\/\/vosgesinfo.fr\/epinalinfo\/#\/schema\/person\/6f9a650eeea99d969b6c4ab78fccbe81\"},\"headline\":\"Conf\u00e9rence \u00ab\u00a0IA et entreprises\u00a0\u00bb : D\u00e9cryptage et opportunit\u00e9s pour les entrepreneurs\",\"datePublished\":\"2025-03-27T08:40:26+00:00\",\"dateModified\":\"2025-03-27T08:38:45+00:00\",\"mainEntityOfPage\":{\"@id\":\"https:\/\/vosgesinfo.fr\/epinalinfo\/2025\/03\/conference-ia-et-entreprises-decryptage-et-opportunites-pour-les-entrepreneurs\/\"},\"wordCount\":397,\"commentCount\":0,\"publisher\":{\"@id\":\"https:\/\/vosgesinfo.fr\/epinalinfo\/#organization\"},\"image\":{\"@id\":\"https:\/\/vosgesinfo.fr\/epinalinfo\/2025\/03\/conference-ia-et-entreprises-decryptage-et-opportunites-pour-les-entrepreneurs\/#primaryimage\"},\"thumbnailUrl\":\"https:\/\/vosgesinfo.fr\/app\/uploads\/sites\/3\/2025\/03\/thumbnail-1743064639849.jpg\",\"keywords\":[\"Conf\u00e9rence \\\"IA et entreprises\\\"\",\"Epinal\"],\"articleSection\":[\"A la Une\",\"Epinal\"],\"inLanguage\":\"fr-FR\",\"potentialAction\":[{\"@type\":\"CommentAction\",\"name\":\"Comment\",\"target\":[\"https:\/\/vosgesinfo.fr\/epinalinfo\/2025\/03\/conference-ia-et-entreprises-decryptage-et-opportunites-pour-les-entrepreneurs\/#respond\"]}]},{\"@type\":\"WebPage\",\"@id\":\"https:\/\/vosgesinfo.fr\/epinalinfo\/2025\/03\/conference-ia-et-entreprises-decryptage-et-opportunites-pour-les-entrepreneurs\/\",\"url\":\"https:\/\/vosgesinfo.fr\/epinalinfo\/2025\/03\/conference-ia-et-entreprises-decryptage-et-opportunites-pour-les-entrepreneurs\/\",\"name\":\"Conf\u00e9rence \\\"IA et entreprises\\\" : D\u00e9cryptage et opportunit\u00e9s pour les entrepreneurs - Epinal Info\",\"isPartOf\":{\"@id\":\"https:\/\/vosgesinfo.fr\/epinalinfo\/#website\"},\"primaryImageOfPage\":{\"@id\":\"https:\/\/vosgesinfo.fr\/epinalinfo\/2025\/03\/conference-ia-et-entreprises-decryptage-et-opportunites-pour-les-entrepreneurs\/#primaryimage\"},\"image\":{\"@id\":\"https:\/\/vosgesinfo.fr\/epinalinfo\/2025\/03\/conference-ia-et-entreprises-decryptage-et-opportunites-pour-les-entrepreneurs\/#primaryimage\"},\"thumbnailUrl\":\"https:\/\/vosgesinfo.fr\/app\/uploads\/sites\/3\/2025\/03\/thumbnail-1743064639849.jpg\",\"datePublished\":\"2025-03-27T08:40:26+00:00\",\"dateModified\":\"2025-03-27T08:38:45+00:00\",\"breadcrumb\":{\"@id\":\"https:\/\/vosgesinfo.fr\/epinalinfo\/2025\/03\/conference-ia-et-entreprises-decryptage-et-opportunites-pour-les-entrepreneurs\/#breadcrumb\"},\"inLanguage\":\"fr-FR\",\"potentialAction\":[{\"@type\":\"ReadAction\",\"target\":[\"https:\/\/vosgesinfo.fr\/epinalinfo\/2025\/03\/conference-ia-et-entreprises-decryptage-et-opportunites-pour-les-entrepreneurs\/\"]}]},{\"@type\":\"ImageObject\",\"inLanguage\":\"fr-FR\",\"@id\":\"https:\/\/vosgesinfo.fr\/epinalinfo\/2025\/03\/conference-ia-et-entreprises-decryptage-et-opportunites-pour-les-entrepreneurs\/#primaryimage\",\"url\":\"https:\/\/vosgesinfo.fr\/app\/uploads\/sites\/3\/2025\/03\/thumbnail-1743064639849.jpg\",\"contentUrl\":\"https:\/\/vosgesinfo.fr\/app\/uploads\/sites\/3\/2025\/03\/thumbnail-1743064639849.jpg\",\"width\":1024,\"height\":768},{\"@type\":\"BreadcrumbList\",\"@id\":\"https:\/\/vosgesinfo.fr\/epinalinfo\/2025\/03\/conference-ia-et-entreprises-decryptage-et-opportunites-pour-les-entrepreneurs\/#breadcrumb\",\"itemListElement\":[{\"@type\":\"ListItem\",\"position\":1,\"name\":\"Home\",\"item\":\"https:\/\/vosgesinfo.fr\/epinalinfo\/\"},{\"@type\":\"ListItem\",\"position\":2,\"name\":\"Conf\u00e9rence \u00ab\u00a0IA et entreprises\u00a0\u00bb : D\u00e9cryptage et opportunit\u00e9s pour les entrepreneurs\"}]},{\"@type\":\"WebSite\",\"@id\":\"https:\/\/vosgesinfo.fr\/epinalinfo\/#website\",\"url\":\"https:\/\/vosgesinfo.fr\/epinalinfo\/\",\"name\":\"Epinal Info\",\"description\":\"Toute l&#039;actualit\u00e9 d&#039;\u00c9pinal\",\"publisher\":{\"@id\":\"https:\/\/vosgesinfo.fr\/epinalinfo\/#organization\"},\"alternateName\":\"Toute l'actualit\u00e9 d'\u00c9pinal\",\"potentialAction\":[{\"@type\":\"SearchAction\",\"target\":{\"@type\":\"EntryPoint\",\"urlTemplate\":\"https:\/\/vosgesinfo.fr\/epinalinfo\/?s={search_term_string}\"},\"query-input\":\"required name=search_term_string\"}],\"inLanguage\":\"fr-FR\"},{\"@type\":\"Organization\",\"@id\":\"https:\/\/vosgesinfo.fr\/epinalinfo\/#organization\",\"name\":\"Epinal Info\",\"url\":\"https:\/\/vosgesinfo.fr\/epinalinfo\/\",\"logo\":{\"@type\":\"ImageObject\",\"inLanguage\":\"fr-FR\",\"@id\":\"https:\/\/vosgesinfo.fr\/epinalinfo\/#\/schema\/logo\/image\/\",\"url\":\"https:\/\/vosgesinfo.fr\/app\/uploads\/sites\/3\/2023\/08\/logo-epinalinfos.svg\",\"contentUrl\":\"https:\/\/vosgesinfo.fr\/app\/uploads\/sites\/3\/2023\/08\/logo-epinalinfos.svg\",\"width\":1,\"height\":1,\"caption\":\"Epinal Info\"},\"image\":{\"@id\":\"https:\/\/vosgesinfo.fr\/epinalinfo\/#\/schema\/logo\/image\/\"},\"sameAs\":[\"https:\/\/www.facebook.com\/Epinalinfos\",\"https:\/\/x.com\/VosgesInfo88\",\"https:\/\/www.youtube.com\/@vosgesinfo\"]},{\"@type\":\"Person\",\"@id\":\"https:\/\/vosgesinfo.fr\/epinalinfo\/#\/schema\/person\/6f9a650eeea99d969b6c4ab78fccbe81\",\"name\":\"C.K.\",\"image\":{\"@type\":\"ImageObject\",\"inLanguage\":\"fr-FR\",\"@id\":\"https:\/\/vosgesinfo.fr\/epinalinfo\/#\/schema\/person\/image\/\",\"url\":\"https:\/\/secure.gravatar.com\/avatar\/48e3fc7f8421ba8942be6b74a2b7f014ca39bc00dece156b7a8e098ae7dc87bf?s=96&d=mm&r=g\",\"contentUrl\":\"https:\/\/secure.gravatar.com\/avatar\/48e3fc7f8421ba8942be6b74a2b7f014ca39bc00dece156b7a8e098ae7dc87bf?s=96&d=mm&r=g\",\"caption\":\"C.K.\"},\"url\":\"https:\/\/vosgesinfo.fr\/epinalinfo\/author\/celia-k-n\/\"}]}<\/script>\n<!-- \/ Yoast SEO plugin. -->","yoast_head_json":{"title":"Conf\u00e9rence \"IA et entreprises\" : D\u00e9cryptage et opportunit\u00e9s pour les entrepreneurs - Epinal Info","robots":{"index":"index","follow":"follow","max-snippet":"max-snippet:-1","max-image-preview":"max-image-preview:large","max-video-preview":"max-video-preview:-1"},"canonical":"https:\/\/vosgesinfo.fr\/epinalinfo\/2025\/03\/conference-ia-et-entreprises-decryptage-et-opportunites-pour-les-entrepreneurs\/","twitter_card":"summary_large_image","twitter_title":"Conf\u00e9rence \"IA et entreprises\" : D\u00e9cryptage et opportunit\u00e9s pour les entrepreneurs - Epinal Info","twitter_description":"L\u2019intelligence artificielle est en train de red\u00e9finir notre fa\u00e7on de travailler et d\u2019innover. Mais comment les entreprises peuvent-elles l\u2019adopter efficacement [&hellip;]","twitter_image":"https:\/\/vosgesinfo.fr\/app\/uploads\/sites\/3\/2025\/03\/thumbnail-1743064639849.jpg","twitter_creator":"@VosgesInfo88","twitter_site":"@VosgesInfo88","twitter_misc":{"\u00c9crit par":"C.K.","Dur\u00e9e de lecture estim\u00e9e":"2 minutes"},"schema":{"@context":"https:\/\/schema.org","@graph":[{"@type":"Article","@id":"https:\/\/vosgesinfo.fr\/epinalinfo\/2025\/03\/conference-ia-et-entreprises-decryptage-et-opportunites-pour-les-entrepreneurs\/#article","isPartOf":{"@id":"https:\/\/vosgesinfo.fr\/epinalinfo\/2025\/03\/conference-ia-et-entreprises-decryptage-et-opportunites-pour-les-entrepreneurs\/"},"author":{"name":"C.K.","@id":"https:\/\/vosgesinfo.fr\/epinalinfo\/#\/schema\/person\/6f9a650eeea99d969b6c4ab78fccbe81"},"headline":"Conf\u00e9rence \u00ab\u00a0IA et entreprises\u00a0\u00bb : D\u00e9cryptage et opportunit\u00e9s pour les entrepreneurs","datePublished":"2025-03-27T08:40:26+00:00","dateModified":"2025-03-27T08:38:45+00:00","mainEntityOfPage":{"@id":"https:\/\/vosgesinfo.fr\/epinalinfo\/2025\/03\/conference-ia-et-entreprises-decryptage-et-opportunites-pour-les-entrepreneurs\/"},"wordCount":397,"commentCount":0,"publisher":{"@id":"https:\/\/vosgesinfo.fr\/epinalinfo\/#organization"},"image":{"@id":"https:\/\/vosgesinfo.fr\/epinalinfo\/2025\/03\/conference-ia-et-entreprises-decryptage-et-opportunites-pour-les-entrepreneurs\/#primaryimage"},"thumbnailUrl":"https:\/\/vosgesinfo.fr\/app\/uploads\/sites\/3\/2025\/03\/thumbnail-1743064639849.jpg","keywords":["Conf\u00e9rence \"IA et entreprises\"","Epinal"],"articleSection":["A la Une","Epinal"],"inLanguage":"fr-FR","potentialAction":[{"@type":"CommentAction","name":"Comment","target":["https:\/\/vosgesinfo.fr\/epinalinfo\/2025\/03\/conference-ia-et-entreprises-decryptage-et-opportunites-pour-les-entrepreneurs\/#respond"]}]},{"@type":"WebPage","@id":"https:\/\/vosgesinfo.fr\/epinalinfo\/2025\/03\/conference-ia-et-entreprises-decryptage-et-opportunites-pour-les-entrepreneurs\/","url":"https:\/\/vosgesinfo.fr\/epinalinfo\/2025\/03\/conference-ia-et-entreprises-decryptage-et-opportunites-pour-les-entrepreneurs\/","name":"Conf\u00e9rence \"IA et entreprises\" : D\u00e9cryptage et opportunit\u00e9s pour les entrepreneurs - Epinal Info","isPartOf":{"@id":"https:\/\/vosgesinfo.fr\/epinalinfo\/#website"},"primaryImageOfPage":{"@id":"https:\/\/vosgesinfo.fr\/epinalinfo\/2025\/03\/conference-ia-et-entreprises-decryptage-et-opportunites-pour-les-entrepreneurs\/#primaryimage"},"image":{"@id":"https:\/\/vosgesinfo.fr\/epinalinfo\/2025\/03\/conference-ia-et-entreprises-decryptage-et-opportunites-pour-les-entrepreneurs\/#primaryimage"},"thumbnailUrl":"https:\/\/vosgesinfo.fr\/app\/uploads\/sites\/3\/2025\/03\/thumbnail-1743064639849.jpg","datePublished":"2025-03-27T08:40:26+00:00","dateModified":"2025-03-27T08:38:45+00:00","breadcrumb":{"@id":"https:\/\/vosgesinfo.fr\/epinalinfo\/2025\/03\/conference-ia-et-entreprises-decryptage-et-opportunites-pour-les-entrepreneurs\/#breadcrumb"},"inLanguage":"fr-FR","potentialAction":[{"@type":"ReadAction","target":["https:\/\/vosgesinfo.fr\/epinalinfo\/2025\/03\/conference-ia-et-entreprises-decryptage-et-opportunites-pour-les-entrepreneurs\/"]}]},{"@type":"ImageObject","inLanguage":"fr-FR","@id":"https:\/\/vosgesinfo.fr\/epinalinfo\/2025\/03\/conference-ia-et-entreprises-decryptage-et-opportunites-pour-les-entrepreneurs\/#primaryimage","url":"https:\/\/vosgesinfo.fr\/app\/uploads\/sites\/3\/2025\/03\/thumbnail-1743064639849.jpg","contentUrl":"https:\/\/vosgesinfo.fr\/app\/uploads\/sites\/3\/2025\/03\/thumbnail-1743064639849.jpg","width":1024,"height":768},{"@type":"BreadcrumbList","@id":"https:\/\/vosgesinfo.fr\/epinalinfo\/2025\/03\/conference-ia-et-entreprises-decryptage-et-opportunites-pour-les-entrepreneurs\/#breadcrumb","itemListElement":[{"@type":"ListItem","position":1,"name":"Home","item":"https:\/\/vosgesinfo.fr\/epinalinfo\/"},{"@type":"ListItem","position":2,"name":"Conf\u00e9rence \u00ab\u00a0IA et entreprises\u00a0\u00bb : D\u00e9cryptage et opportunit\u00e9s pour les entrepreneurs"}]},{"@type":"WebSite","@id":"https:\/\/vosgesinfo.fr\/epinalinfo\/#website","url":"https:\/\/vosgesinfo.fr\/epinalinfo\/","name":"Epinal Info","description":"Toute l&#039;actualit\u00e9 d&#039;\u00c9pinal","publisher":{"@id":"https:\/\/vosgesinfo.fr\/epinalinfo\/#organization"},"alternateName":"Toute l'actualit\u00e9 d'\u00c9pinal","potentialAction":[{"@type":"SearchAction","target":{"@type":"EntryPoint","urlTemplate":"https:\/\/vosgesinfo.fr\/epinalinfo\/?s={search_term_string}"},"query-input":"required name=search_term_string"}],"inLanguage":"fr-FR"},{"@type":"Organization","@id":"https:\/\/vosgesinfo.fr\/epinalinfo\/#organization","name":"Epinal Info","url":"https:\/\/vosgesinfo.fr\/epinalinfo\/","logo":{"@type":"ImageObject","inLanguage":"fr-FR","@id":"https:\/\/vosgesinfo.fr\/epinalinfo\/#\/schema\/logo\/image\/","url":"https:\/\/vosgesinfo.fr\/app\/uploads\/sites\/3\/2023\/08\/logo-epinalinfos.svg","contentUrl":"https:\/\/vosgesinfo.fr\/app\/uploads\/sites\/3\/2023\/08\/logo-epinalinfos.svg","width":1,"height":1,"caption":"Epinal Info"},"image":{"@id":"https:\/\/vosgesinfo.fr\/epinalinfo\/#\/schema\/logo\/image\/"},"sameAs":["https:\/\/www.facebook.com\/Epinalinfos","https:\/\/x.com\/VosgesInfo88","https:\/\/www.youtube.com\/@vosgesinfo"]},{"@type":"Person","@id":"https:\/\/vosgesinfo.fr\/epinalinfo\/#\/schema\/person\/6f9a650eeea99d969b6c4ab78fccbe81","name":"C.K.","image":{"@type":"ImageObject","inLanguage":"fr-FR","@id":"https:\/\/vosgesinfo.fr\/epinalinfo\/#\/schema\/person\/image\/","url":"https:\/\/secure.gravatar.com\/avatar\/48e3fc7f8421ba8942be6b74a2b7f014ca39bc00dece156b7a8e098ae7dc87bf?s=96&d=mm&r=g","contentUrl":"https:\/\/secure.gravatar.com\/avatar\/48e3fc7f8421ba8942be6b74a2b7f014ca39bc00dece156b7a8e098ae7dc87bf?s=96&d=mm&r=g","caption":"C.K."},"url":"https:\/\/vosgesinfo.fr\/epinalinfo\/author\/celia-k-n\/"}]}},"_links":{"self":[{"href":"https:\/\/vosgesinfo.fr\/epinalinfo\/wp-json\/wp\/v2\/posts\/130230","targetHints":{"allow":["GET"]}}],"collection":[{"href":"https:\/\/vosgesinfo.fr\/epinalinfo\/wp-json\/wp\/v2\/posts"}],"about":[{"href":"https:\/\/vosgesinfo.fr\/epinalinfo\/wp-json\/wp\/v2\/types\/post"}],"author":[{"embeddable":true,"href":"https:\/\/vosgesinfo.fr\/epinalinfo\/wp-json\/wp\/v2\/users\/52"}],"replies":[{"embeddable":true,"href":"https:\/\/vosgesinfo.fr\/epinalinfo\/wp-json\/wp\/v2\/comments?post=130230"}],"version-history":[{"count":2,"href":"https:\/\/vosgesinfo.fr\/epinalinfo\/wp-json\/wp\/v2\/posts\/130230\/revisions"}],"predecessor-version":[{"id":130239,"href":"https:\/\/vosgesinfo.fr\/epinalinfo\/wp-json\/wp\/v2\/posts\/130230\/revisions\/130239"}],"wp:featuredmedia":[{"embeddable":true,"href":"https:\/\/vosgesinfo.fr\/epinalinfo\/wp-json\/wp\/v2\/media\/130238"}],"wp:attachment":[{"href":"https:\/\/vosgesinfo.fr\/epinalinfo\/wp-json\/wp\/v2\/media?parent=130230"}],"wp:term":[{"taxonomy":"category","embeddable":true,"href":"https:\/\/vosgesinfo.fr\/epinalinfo\/wp-json\/wp\/v2\/categories?post=130230"},{"taxonomy":"post_tag","embeddable":true,"href":"https:\/\/vosgesinfo.fr\/epinalinfo\/wp-json\/wp\/v2\/tags?post=130230"}],"curies":[{"name":"wp","href":"https:\/\/api.w.org\/{rel}","templated":true}]}}