{"id":130240,"date":"2025-03-27T10:25:00","date_gmt":"2025-03-27T09:25:00","guid":{"rendered":"https:\/\/vosgesinfo.fr\/epinalinfo\/?p=130240"},"modified":"2025-03-27T10:22:18","modified_gmt":"2025-03-27T09:22:18","slug":"affaire-gregory-les-nouvelles-expertises-adn-nont-pas-permis-davancer-mais-lenquete-se-poursuit","status":"publish","type":"post","link":"https:\/\/vosgesinfo.fr\/epinalinfo\/2025\/03\/affaire-gregory-les-nouvelles-expertises-adn-nont-pas-permis-davancer-mais-lenquete-se-poursuit\/","title":{"rendered":"Affaire Gr\u00e9gory : les nouvelles expertises ADN n\u2019ont pas permis d\u2019avancer, mais l\u2019enqu\u00eate se poursuit"},"content":{"rendered":"<h2 data-start=\"443\" data-end=\"919\"><strong><a href=\"https:\/\/vosgesinfo.fr\/app\/uploads\/sites\/3\/2017\/06\/affaire-gregory.jpg\"><img decoding=\"async\" class=\"aligncenter size-full wp-image-1840\" src=\"https:\/\/vosgesinfo.fr\/app\/uploads\/sites\/3\/2017\/06\/affaire-gregory.jpg\" alt=\"\" width=\"800\" height=\"534\" srcset=\"https:\/\/vosgesinfo.fr\/app\/uploads\/sites\/3\/2017\/06\/affaire-gregory.jpg 800w, https:\/\/vosgesinfo.fr\/app\/uploads\/sites\/3\/2017\/06\/affaire-gregory-300x200.jpg 300w, https:\/\/vosgesinfo.fr\/app\/uploads\/sites\/3\/2017\/06\/affaire-gregory-768x513.jpg 768w\" sizes=\"(max-width: 800px) 100vw, 800px\" \/><\/a>Quarante ans apr\u00e8s le meurtre du petit Gr\u00e9gory Villemin, l\u2019affaire continue de hanter la justice fran\u00e7aise. Ce mercredi 26 mars 2025, le procureur g\u00e9n\u00e9ral de Dijon, Philippe Astruc, a annonc\u00e9 \u00e0 nos confr\u00e8res de France Info que les expertises ADN et biom\u00e9triques ordonn\u00e9es en mars 2024 n\u2019avaient pas apport\u00e9 de nouveaux \u00e9l\u00e9ments d\u00e9terminants pour \u00e9lucider ce crime rest\u00e9 irr\u00e9solu. Malgr\u00e9 cette impasse, les investigations se poursuivent sous l\u2019autorit\u00e9 du pr\u00e9sident de la chambre de l\u2019instruction de Dijon.<\/strong><\/h2>\n<h3 data-start=\"921\" data-end=\"991\"><strong data-start=\"924\" data-end=\"989\">Des expertises ADN et biom\u00e9triques sans avanc\u00e9e significative<\/strong><\/h3>\n<p class=\"\" data-start=\"993\" data-end=\"1553\">Les expertises avaient \u00e9t\u00e9 ordonn\u00e9es par la cour d\u2019appel de Dijon \u00e0 la demande des parents de l\u2019enfant, Christine et Jean-Marie Villemin, dans l\u2019espoir que les progr\u00e8s technologiques permettraient d\u2019identifier un ou plusieurs suspects. Elles portaient sur des traces d\u2019ADN pr\u00e9lev\u00e9es sur les cordelettes ayant servi \u00e0 entraver l\u2019enfant, son anorak, ainsi que sur certains courriers anonymes envoy\u00e9s par le myst\u00e9rieux \u00ab corbeau \u00bb. Une analyse biom\u00e9trique vocale devait \u00e9galement \u00eatre men\u00e9e afin de comparer la voix du corbeau \u00e0 d\u2019autres enregistrements connus.<\/p>\n<p class=\"\" data-start=\"1555\" data-end=\"1732\">Cependant, selon le procureur g\u00e9n\u00e9ral, interrog\u00e9 par nos confr\u00e8res de France Info, ces investigations scientifiques n\u2019ont pas permis de faire \u00e9merger \u00ab d\u2019\u00e9l\u00e9ments significatifs \u00bb susceptibles de faire avancer l\u2019affaire.<\/p>\n<h3 data-start=\"1734\" data-end=\"1777\"><strong data-start=\"1737\" data-end=\"1775\">Un myst\u00e8re judiciaire qui persiste<\/strong><\/h3>\n<p class=\"\" data-start=\"1779\" data-end=\"2072\">Depuis la d\u00e9couverte du corps de Gr\u00e9gory Villemin, le 16 octobre 1984 dans la Vologne, cette affaire est devenue l\u2019un des plus grands myst\u00e8res criminels fran\u00e7ais. Marqu\u00e9e par de nombreux rebondissements, des erreurs judiciaires et des accusations multiples, elle demeure \u00e0 ce jour irr\u00e9solue.<\/p>\n<p class=\"\" data-start=\"2074\" data-end=\"2356\">Malgr\u00e9 les \u00e9checs successifs pour identifier les coupables, les parents du petit gar\u00e7on maintiennent leur confiance en la justice. Leurs avocats continuent de plaider pour que toute la lumi\u00e8re soit faite sur cette affaire, esp\u00e9rant que de nouvelles pistes puissent encore \u00e9merger.<\/p>\n<h3 data-start=\"2358\" data-end=\"2401\"><strong data-start=\"2361\" data-end=\"2399\">Vers de nouvelles investigations ?<\/strong><\/h3>\n<p class=\"\" data-start=\"2403\" data-end=\"2698\">Si ces expertises ADN et biom\u00e9triques n\u2019ont pas apport\u00e9 de r\u00e9v\u00e9lations, l\u2019enqu\u00eate reste ouverte. L\u2019\u00e9volution des techniques d\u2019investigation criminelle et la pers\u00e9v\u00e9rance des autorit\u00e9s judiciaires pourraient, un jour, permettre de lever le voile sur ce drame qui a boulevers\u00e9 la France enti\u00e8re.<\/p>\n<p class=\"\" data-start=\"2700\" data-end=\"2843\">En attendant, l\u2019affaire Gr\u00e9gory demeure une \u00e9nigme judiciaire, symbole des complexit\u00e9s et des limites des enqu\u00eates criminelles de longue dur\u00e9e.<\/p>\n","protected":false},"excerpt":{"rendered":"<p>Quarante ans apr\u00e8s le meurtre du petit Gr\u00e9gory Villemin, l\u2019affaire continue de hanter la justice fran\u00e7aise. Ce mercredi 26 mars [&hellip;]<\/p>\n","protected":false},"author":52,"featured_media":1840,"comment_status":"open","ping_status":"open","sticky":false,"template":"","format":"standard","meta":{"footnotes":""},"categories":[22,24],"tags":[761],"class_list":["post-130240","post","type-post","status-publish","format-standard","has-post-thumbnail","hentry","category-a-la-une","category-epinal","tag-affaire-gregory"],"acf":[],"yoast_head":"<!-- This site is optimized with the Yoast SEO plugin v22.5 - https:\/\/yoast.com\/wordpress\/plugins\/seo\/ -->\n<title>Affaire Gr\u00e9gory : les nouvelles expertises ADN n\u2019ont pas permis d\u2019avancer, mais l\u2019enqu\u00eate se poursuit - Epinal Info<\/title>\n<meta name=\"robots\" content=\"index, follow, max-snippet:-1, max-image-preview:large, max-video-preview:-1\" \/>\n<link rel=\"canonical\" href=\"https:\/\/vosgesinfo.fr\/epinalinfo\/2025\/03\/affaire-gregory-les-nouvelles-expertises-adn-nont-pas-permis-davancer-mais-lenquete-se-poursuit\/\" \/>\n<meta name=\"twitter:card\" content=\"summary_large_image\" \/>\n<meta name=\"twitter:title\" content=\"Affaire Gr\u00e9gory : les nouvelles expertises ADN n\u2019ont pas permis d\u2019avancer, mais l\u2019enqu\u00eate se poursuit - Epinal Info\" \/>\n<meta name=\"twitter:description\" content=\"Quarante ans apr\u00e8s le meurtre du petit Gr\u00e9gory Villemin, l\u2019affaire continue de hanter la justice fran\u00e7aise. Ce mercredi 26 mars [&hellip;]\" \/>\n<meta name=\"twitter:image\" content=\"https:\/\/vosgesinfo.fr\/app\/uploads\/sites\/3\/2017\/06\/affaire-gregory.jpg\" \/>\n<meta name=\"twitter:creator\" content=\"@VosgesInfo88\" \/>\n<meta name=\"twitter:site\" content=\"@VosgesInfo88\" \/>\n<meta name=\"twitter:label1\" content=\"\u00c9crit par\" \/>\n\t<meta name=\"twitter:data1\" content=\"C.K.\" \/>\n\t<meta name=\"twitter:label2\" content=\"Dur\u00e9e de lecture estim\u00e9e\" \/>\n\t<meta name=\"twitter:data2\" content=\"2 minutes\" \/>\n<script type=\"application\/ld+json\" class=\"yoast-schema-graph\">{\"@context\":\"https:\/\/schema.org\",\"@graph\":[{\"@type\":\"Article\",\"@id\":\"https:\/\/vosgesinfo.fr\/epinalinfo\/2025\/03\/affaire-gregory-les-nouvelles-expertises-adn-nont-pas-permis-davancer-mais-lenquete-se-poursuit\/#article\",\"isPartOf\":{\"@id\":\"https:\/\/vosgesinfo.fr\/epinalinfo\/2025\/03\/affaire-gregory-les-nouvelles-expertises-adn-nont-pas-permis-davancer-mais-lenquete-se-poursuit\/\"},\"author\":{\"name\":\"C.K.\",\"@id\":\"https:\/\/vosgesinfo.fr\/epinalinfo\/#\/schema\/person\/6f9a650eeea99d969b6c4ab78fccbe81\"},\"headline\":\"Affaire Gr\u00e9gory : les nouvelles expertises ADN n\u2019ont pas permis d\u2019avancer, mais l\u2019enqu\u00eate se poursuit\",\"datePublished\":\"2025-03-27T09:25:00+00:00\",\"dateModified\":\"2025-03-27T09:22:18+00:00\",\"mainEntityOfPage\":{\"@id\":\"https:\/\/vosgesinfo.fr\/epinalinfo\/2025\/03\/affaire-gregory-les-nouvelles-expertises-adn-nont-pas-permis-davancer-mais-lenquete-se-poursuit\/\"},\"wordCount\":428,\"commentCount\":0,\"publisher\":{\"@id\":\"https:\/\/vosgesinfo.fr\/epinalinfo\/#organization\"},\"image\":{\"@id\":\"https:\/\/vosgesinfo.fr\/epinalinfo\/2025\/03\/affaire-gregory-les-nouvelles-expertises-adn-nont-pas-permis-davancer-mais-lenquete-se-poursuit\/#primaryimage\"},\"thumbnailUrl\":\"https:\/\/vosgesinfo.fr\/app\/uploads\/sites\/3\/2017\/06\/affaire-gregory.jpg\",\"keywords\":[\"Affaire Gr\u00e9gory\"],\"articleSection\":[\"A la Une\",\"Epinal\"],\"inLanguage\":\"fr-FR\",\"potentialAction\":[{\"@type\":\"CommentAction\",\"name\":\"Comment\",\"target\":[\"https:\/\/vosgesinfo.fr\/epinalinfo\/2025\/03\/affaire-gregory-les-nouvelles-expertises-adn-nont-pas-permis-davancer-mais-lenquete-se-poursuit\/#respond\"]}]},{\"@type\":\"WebPage\",\"@id\":\"https:\/\/vosgesinfo.fr\/epinalinfo\/2025\/03\/affaire-gregory-les-nouvelles-expertises-adn-nont-pas-permis-davancer-mais-lenquete-se-poursuit\/\",\"url\":\"https:\/\/vosgesinfo.fr\/epinalinfo\/2025\/03\/affaire-gregory-les-nouvelles-expertises-adn-nont-pas-permis-davancer-mais-lenquete-se-poursuit\/\",\"name\":\"Affaire Gr\u00e9gory : les nouvelles expertises ADN n\u2019ont pas permis d\u2019avancer, mais l\u2019enqu\u00eate se poursuit - Epinal Info\",\"isPartOf\":{\"@id\":\"https:\/\/vosgesinfo.fr\/epinalinfo\/#website\"},\"primaryImageOfPage\":{\"@id\":\"https:\/\/vosgesinfo.fr\/epinalinfo\/2025\/03\/affaire-gregory-les-nouvelles-expertises-adn-nont-pas-permis-davancer-mais-lenquete-se-poursuit\/#primaryimage\"},\"image\":{\"@id\":\"https:\/\/vosgesinfo.fr\/epinalinfo\/2025\/03\/affaire-gregory-les-nouvelles-expertises-adn-nont-pas-permis-davancer-mais-lenquete-se-poursuit\/#primaryimage\"},\"thumbnailUrl\":\"https:\/\/vosgesinfo.fr\/app\/uploads\/sites\/3\/2017\/06\/affaire-gregory.jpg\",\"datePublished\":\"2025-03-27T09:25:00+00:00\",\"dateModified\":\"2025-03-27T09:22:18+00:00\",\"breadcrumb\":{\"@id\":\"https:\/\/vosgesinfo.fr\/epinalinfo\/2025\/03\/affaire-gregory-les-nouvelles-expertises-adn-nont-pas-permis-davancer-mais-lenquete-se-poursuit\/#breadcrumb\"},\"inLanguage\":\"fr-FR\",\"potentialAction\":[{\"@type\":\"ReadAction\",\"target\":[\"https:\/\/vosgesinfo.fr\/epinalinfo\/2025\/03\/affaire-gregory-les-nouvelles-expertises-adn-nont-pas-permis-davancer-mais-lenquete-se-poursuit\/\"]}]},{\"@type\":\"ImageObject\",\"inLanguage\":\"fr-FR\",\"@id\":\"https:\/\/vosgesinfo.fr\/epinalinfo\/2025\/03\/affaire-gregory-les-nouvelles-expertises-adn-nont-pas-permis-davancer-mais-lenquete-se-poursuit\/#primaryimage\",\"url\":\"https:\/\/vosgesinfo.fr\/app\/uploads\/sites\/3\/2017\/06\/affaire-gregory.jpg\",\"contentUrl\":\"https:\/\/vosgesinfo.fr\/app\/uploads\/sites\/3\/2017\/06\/affaire-gregory.jpg\",\"width\":800,\"height\":534},{\"@type\":\"BreadcrumbList\",\"@id\":\"https:\/\/vosgesinfo.fr\/epinalinfo\/2025\/03\/affaire-gregory-les-nouvelles-expertises-adn-nont-pas-permis-davancer-mais-lenquete-se-poursuit\/#breadcrumb\",\"itemListElement\":[{\"@type\":\"ListItem\",\"position\":1,\"name\":\"Home\",\"item\":\"https:\/\/vosgesinfo.fr\/epinalinfo\/\"},{\"@type\":\"ListItem\",\"position\":2,\"name\":\"Affaire Gr\u00e9gory : les nouvelles expertises ADN n\u2019ont pas permis d\u2019avancer, mais l\u2019enqu\u00eate se poursuit\"}]},{\"@type\":\"WebSite\",\"@id\":\"https:\/\/vosgesinfo.fr\/epinalinfo\/#website\",\"url\":\"https:\/\/vosgesinfo.fr\/epinalinfo\/\",\"name\":\"Epinal Info\",\"description\":\"Toute l&#039;actualit\u00e9 d&#039;\u00c9pinal\",\"publisher\":{\"@id\":\"https:\/\/vosgesinfo.fr\/epinalinfo\/#organization\"},\"alternateName\":\"Toute l'actualit\u00e9 d'\u00c9pinal\",\"potentialAction\":[{\"@type\":\"SearchAction\",\"target\":{\"@type\":\"EntryPoint\",\"urlTemplate\":\"https:\/\/vosgesinfo.fr\/epinalinfo\/?s={search_term_string}\"},\"query-input\":\"required name=search_term_string\"}],\"inLanguage\":\"fr-FR\"},{\"@type\":\"Organization\",\"@id\":\"https:\/\/vosgesinfo.fr\/epinalinfo\/#organization\",\"name\":\"Epinal Info\",\"url\":\"https:\/\/vosgesinfo.fr\/epinalinfo\/\",\"logo\":{\"@type\":\"ImageObject\",\"inLanguage\":\"fr-FR\",\"@id\":\"https:\/\/vosgesinfo.fr\/epinalinfo\/#\/schema\/logo\/image\/\",\"url\":\"https:\/\/vosgesinfo.fr\/app\/uploads\/sites\/3\/2023\/08\/logo-epinalinfos.svg\",\"contentUrl\":\"https:\/\/vosgesinfo.fr\/app\/uploads\/sites\/3\/2023\/08\/logo-epinalinfos.svg\",\"width\":1,\"height\":1,\"caption\":\"Epinal Info\"},\"image\":{\"@id\":\"https:\/\/vosgesinfo.fr\/epinalinfo\/#\/schema\/logo\/image\/\"},\"sameAs\":[\"https:\/\/www.facebook.com\/Epinalinfos\",\"https:\/\/x.com\/VosgesInfo88\",\"https:\/\/www.youtube.com\/@vosgesinfo\"]},{\"@type\":\"Person\",\"@id\":\"https:\/\/vosgesinfo.fr\/epinalinfo\/#\/schema\/person\/6f9a650eeea99d969b6c4ab78fccbe81\",\"name\":\"C.K.\",\"image\":{\"@type\":\"ImageObject\",\"inLanguage\":\"fr-FR\",\"@id\":\"https:\/\/vosgesinfo.fr\/epinalinfo\/#\/schema\/person\/image\/\",\"url\":\"https:\/\/secure.gravatar.com\/avatar\/48e3fc7f8421ba8942be6b74a2b7f014ca39bc00dece156b7a8e098ae7dc87bf?s=96&d=mm&r=g\",\"contentUrl\":\"https:\/\/secure.gravatar.com\/avatar\/48e3fc7f8421ba8942be6b74a2b7f014ca39bc00dece156b7a8e098ae7dc87bf?s=96&d=mm&r=g\",\"caption\":\"C.K.\"},\"url\":\"https:\/\/vosgesinfo.fr\/epinalinfo\/author\/celia-k-n\/\"}]}<\/script>\n<!-- \/ Yoast SEO plugin. -->","yoast_head_json":{"title":"Affaire Gr\u00e9gory : les nouvelles expertises ADN n\u2019ont pas permis d\u2019avancer, mais l\u2019enqu\u00eate se poursuit - Epinal Info","robots":{"index":"index","follow":"follow","max-snippet":"max-snippet:-1","max-image-preview":"max-image-preview:large","max-video-preview":"max-video-preview:-1"},"canonical":"https:\/\/vosgesinfo.fr\/epinalinfo\/2025\/03\/affaire-gregory-les-nouvelles-expertises-adn-nont-pas-permis-davancer-mais-lenquete-se-poursuit\/","twitter_card":"summary_large_image","twitter_title":"Affaire Gr\u00e9gory : les nouvelles expertises ADN n\u2019ont pas permis d\u2019avancer, mais l\u2019enqu\u00eate se poursuit - Epinal Info","twitter_description":"Quarante ans apr\u00e8s le meurtre du petit Gr\u00e9gory Villemin, l\u2019affaire continue de hanter la justice fran\u00e7aise. Ce mercredi 26 mars [&hellip;]","twitter_image":"https:\/\/vosgesinfo.fr\/app\/uploads\/sites\/3\/2017\/06\/affaire-gregory.jpg","twitter_creator":"@VosgesInfo88","twitter_site":"@VosgesInfo88","twitter_misc":{"\u00c9crit par":"C.K.","Dur\u00e9e de lecture estim\u00e9e":"2 minutes"},"schema":{"@context":"https:\/\/schema.org","@graph":[{"@type":"Article","@id":"https:\/\/vosgesinfo.fr\/epinalinfo\/2025\/03\/affaire-gregory-les-nouvelles-expertises-adn-nont-pas-permis-davancer-mais-lenquete-se-poursuit\/#article","isPartOf":{"@id":"https:\/\/vosgesinfo.fr\/epinalinfo\/2025\/03\/affaire-gregory-les-nouvelles-expertises-adn-nont-pas-permis-davancer-mais-lenquete-se-poursuit\/"},"author":{"name":"C.K.","@id":"https:\/\/vosgesinfo.fr\/epinalinfo\/#\/schema\/person\/6f9a650eeea99d969b6c4ab78fccbe81"},"headline":"Affaire Gr\u00e9gory : les nouvelles expertises ADN n\u2019ont pas permis d\u2019avancer, mais l\u2019enqu\u00eate se poursuit","datePublished":"2025-03-27T09:25:00+00:00","dateModified":"2025-03-27T09:22:18+00:00","mainEntityOfPage":{"@id":"https:\/\/vosgesinfo.fr\/epinalinfo\/2025\/03\/affaire-gregory-les-nouvelles-expertises-adn-nont-pas-permis-davancer-mais-lenquete-se-poursuit\/"},"wordCount":428,"commentCount":0,"publisher":{"@id":"https:\/\/vosgesinfo.fr\/epinalinfo\/#organization"},"image":{"@id":"https:\/\/vosgesinfo.fr\/epinalinfo\/2025\/03\/affaire-gregory-les-nouvelles-expertises-adn-nont-pas-permis-davancer-mais-lenquete-se-poursuit\/#primaryimage"},"thumbnailUrl":"https:\/\/vosgesinfo.fr\/app\/uploads\/sites\/3\/2017\/06\/affaire-gregory.jpg","keywords":["Affaire Gr\u00e9gory"],"articleSection":["A la Une","Epinal"],"inLanguage":"fr-FR","potentialAction":[{"@type":"CommentAction","name":"Comment","target":["https:\/\/vosgesinfo.fr\/epinalinfo\/2025\/03\/affaire-gregory-les-nouvelles-expertises-adn-nont-pas-permis-davancer-mais-lenquete-se-poursuit\/#respond"]}]},{"@type":"WebPage","@id":"https:\/\/vosgesinfo.fr\/epinalinfo\/2025\/03\/affaire-gregory-les-nouvelles-expertises-adn-nont-pas-permis-davancer-mais-lenquete-se-poursuit\/","url":"https:\/\/vosgesinfo.fr\/epinalinfo\/2025\/03\/affaire-gregory-les-nouvelles-expertises-adn-nont-pas-permis-davancer-mais-lenquete-se-poursuit\/","name":"Affaire Gr\u00e9gory : les nouvelles expertises ADN n\u2019ont pas permis d\u2019avancer, mais l\u2019enqu\u00eate se poursuit - Epinal Info","isPartOf":{"@id":"https:\/\/vosgesinfo.fr\/epinalinfo\/#website"},"primaryImageOfPage":{"@id":"https:\/\/vosgesinfo.fr\/epinalinfo\/2025\/03\/affaire-gregory-les-nouvelles-expertises-adn-nont-pas-permis-davancer-mais-lenquete-se-poursuit\/#primaryimage"},"image":{"@id":"https:\/\/vosgesinfo.fr\/epinalinfo\/2025\/03\/affaire-gregory-les-nouvelles-expertises-adn-nont-pas-permis-davancer-mais-lenquete-se-poursuit\/#primaryimage"},"thumbnailUrl":"https:\/\/vosgesinfo.fr\/app\/uploads\/sites\/3\/2017\/06\/affaire-gregory.jpg","datePublished":"2025-03-27T09:25:00+00:00","dateModified":"2025-03-27T09:22:18+00:00","breadcrumb":{"@id":"https:\/\/vosgesinfo.fr\/epinalinfo\/2025\/03\/affaire-gregory-les-nouvelles-expertises-adn-nont-pas-permis-davancer-mais-lenquete-se-poursuit\/#breadcrumb"},"inLanguage":"fr-FR","potentialAction":[{"@type":"ReadAction","target":["https:\/\/vosgesinfo.fr\/epinalinfo\/2025\/03\/affaire-gregory-les-nouvelles-expertises-adn-nont-pas-permis-davancer-mais-lenquete-se-poursuit\/"]}]},{"@type":"ImageObject","inLanguage":"fr-FR","@id":"https:\/\/vosgesinfo.fr\/epinalinfo\/2025\/03\/affaire-gregory-les-nouvelles-expertises-adn-nont-pas-permis-davancer-mais-lenquete-se-poursuit\/#primaryimage","url":"https:\/\/vosgesinfo.fr\/app\/uploads\/sites\/3\/2017\/06\/affaire-gregory.jpg","contentUrl":"https:\/\/vosgesinfo.fr\/app\/uploads\/sites\/3\/2017\/06\/affaire-gregory.jpg","width":800,"height":534},{"@type":"BreadcrumbList","@id":"https:\/\/vosgesinfo.fr\/epinalinfo\/2025\/03\/affaire-gregory-les-nouvelles-expertises-adn-nont-pas-permis-davancer-mais-lenquete-se-poursuit\/#breadcrumb","itemListElement":[{"@type":"ListItem","position":1,"name":"Home","item":"https:\/\/vosgesinfo.fr\/epinalinfo\/"},{"@type":"ListItem","position":2,"name":"Affaire Gr\u00e9gory : les nouvelles expertises ADN n\u2019ont pas permis d\u2019avancer, mais l\u2019enqu\u00eate se poursuit"}]},{"@type":"WebSite","@id":"https:\/\/vosgesinfo.fr\/epinalinfo\/#website","url":"https:\/\/vosgesinfo.fr\/epinalinfo\/","name":"Epinal Info","description":"Toute l&#039;actualit\u00e9 d&#039;\u00c9pinal","publisher":{"@id":"https:\/\/vosgesinfo.fr\/epinalinfo\/#organization"},"alternateName":"Toute l'actualit\u00e9 d'\u00c9pinal","potentialAction":[{"@type":"SearchAction","target":{"@type":"EntryPoint","urlTemplate":"https:\/\/vosgesinfo.fr\/epinalinfo\/?s={search_term_string}"},"query-input":"required name=search_term_string"}],"inLanguage":"fr-FR"},{"@type":"Organization","@id":"https:\/\/vosgesinfo.fr\/epinalinfo\/#organization","name":"Epinal Info","url":"https:\/\/vosgesinfo.fr\/epinalinfo\/","logo":{"@type":"ImageObject","inLanguage":"fr-FR","@id":"https:\/\/vosgesinfo.fr\/epinalinfo\/#\/schema\/logo\/image\/","url":"https:\/\/vosgesinfo.fr\/app\/uploads\/sites\/3\/2023\/08\/logo-epinalinfos.svg","contentUrl":"https:\/\/vosgesinfo.fr\/app\/uploads\/sites\/3\/2023\/08\/logo-epinalinfos.svg","width":1,"height":1,"caption":"Epinal Info"},"image":{"@id":"https:\/\/vosgesinfo.fr\/epinalinfo\/#\/schema\/logo\/image\/"},"sameAs":["https:\/\/www.facebook.com\/Epinalinfos","https:\/\/x.com\/VosgesInfo88","https:\/\/www.youtube.com\/@vosgesinfo"]},{"@type":"Person","@id":"https:\/\/vosgesinfo.fr\/epinalinfo\/#\/schema\/person\/6f9a650eeea99d969b6c4ab78fccbe81","name":"C.K.","image":{"@type":"ImageObject","inLanguage":"fr-FR","@id":"https:\/\/vosgesinfo.fr\/epinalinfo\/#\/schema\/person\/image\/","url":"https:\/\/secure.gravatar.com\/avatar\/48e3fc7f8421ba8942be6b74a2b7f014ca39bc00dece156b7a8e098ae7dc87bf?s=96&d=mm&r=g","contentUrl":"https:\/\/secure.gravatar.com\/avatar\/48e3fc7f8421ba8942be6b74a2b7f014ca39bc00dece156b7a8e098ae7dc87bf?s=96&d=mm&r=g","caption":"C.K."},"url":"https:\/\/vosgesinfo.fr\/epinalinfo\/author\/celia-k-n\/"}]}},"_links":{"self":[{"href":"https:\/\/vosgesinfo.fr\/epinalinfo\/wp-json\/wp\/v2\/posts\/130240","targetHints":{"allow":["GET"]}}],"collection":[{"href":"https:\/\/vosgesinfo.fr\/epinalinfo\/wp-json\/wp\/v2\/posts"}],"about":[{"href":"https:\/\/vosgesinfo.fr\/epinalinfo\/wp-json\/wp\/v2\/types\/post"}],"author":[{"embeddable":true,"href":"https:\/\/vosgesinfo.fr\/epinalinfo\/wp-json\/wp\/v2\/users\/52"}],"replies":[{"embeddable":true,"href":"https:\/\/vosgesinfo.fr\/epinalinfo\/wp-json\/wp\/v2\/comments?post=130240"}],"version-history":[{"count":1,"href":"https:\/\/vosgesinfo.fr\/epinalinfo\/wp-json\/wp\/v2\/posts\/130240\/revisions"}],"predecessor-version":[{"id":130241,"href":"https:\/\/vosgesinfo.fr\/epinalinfo\/wp-json\/wp\/v2\/posts\/130240\/revisions\/130241"}],"wp:featuredmedia":[{"embeddable":true,"href":"https:\/\/vosgesinfo.fr\/epinalinfo\/wp-json\/wp\/v2\/media\/1840"}],"wp:attachment":[{"href":"https:\/\/vosgesinfo.fr\/epinalinfo\/wp-json\/wp\/v2\/media?parent=130240"}],"wp:term":[{"taxonomy":"category","embeddable":true,"href":"https:\/\/vosgesinfo.fr\/epinalinfo\/wp-json\/wp\/v2\/categories?post=130240"},{"taxonomy":"post_tag","embeddable":true,"href":"https:\/\/vosgesinfo.fr\/epinalinfo\/wp-json\/wp\/v2\/tags?post=130240"}],"curies":[{"name":"wp","href":"https:\/\/api.w.org\/{rel}","templated":true}]}}