{"id":130242,"date":"2025-03-27T10:35:28","date_gmt":"2025-03-27T09:35:28","guid":{"rendered":"https:\/\/vosgesinfo.fr\/epinalinfo\/?p=130242"},"modified":"2025-03-27T10:32:34","modified_gmt":"2025-03-27T09:32:34","slug":"hopital-depinal-la-cgt-des-vosges-tire-la-sonnette-dalarme-face-a-une-situation-critique","status":"publish","type":"post","link":"https:\/\/vosgesinfo.fr\/epinalinfo\/2025\/03\/hopital-depinal-la-cgt-des-vosges-tire-la-sonnette-dalarme-face-a-une-situation-critique\/","title":{"rendered":"H\u00f4pital d\u2019\u00c9pinal : la CGT des Vosges tire la sonnette d\u2019alarme face \u00e0 une situation critique"},"content":{"rendered":"<h2 data-start=\"434\" data-end=\"843\"><strong><a href=\"https:\/\/vosgesinfo.fr\/app\/uploads\/sites\/3\/2025\/01\/hopital-emile-durkheim-epinal-urgences6.jpg\"><img decoding=\"async\" class=\"aligncenter size-full wp-image-126987\" src=\"https:\/\/vosgesinfo.fr\/app\/uploads\/sites\/3\/2025\/01\/hopital-emile-durkheim-epinal-urgences6.jpg\" alt=\"\" width=\"800\" height=\"600\" srcset=\"https:\/\/vosgesinfo.fr\/app\/uploads\/sites\/3\/2025\/01\/hopital-emile-durkheim-epinal-urgences6.jpg 800w, https:\/\/vosgesinfo.fr\/app\/uploads\/sites\/3\/2025\/01\/hopital-emile-durkheim-epinal-urgences6-300x225.jpg 300w, https:\/\/vosgesinfo.fr\/app\/uploads\/sites\/3\/2025\/01\/hopital-emile-durkheim-epinal-urgences6-768x576.jpg 768w\" sizes=\"(max-width: 800px) 100vw, 800px\" \/><\/a>La situation \u00e0 l\u2019h\u00f4pital d\u2019\u00c9pinal devient de plus en plus pr\u00e9occupante. La CGT des Vosges monte au cr\u00e9neau et interpelle les autorit\u00e9s sanitaires et politiques face \u00e0 un syst\u00e8me hospitalier en grande difficult\u00e9. Le syndicat alerte sur un afflux de patients bien sup\u00e9rieur aux capacit\u00e9s d\u2019accueil, une saturation des \u00e9tablissements voisins et une inqui\u00e9tude croissante quant \u00e0 la qualit\u00e9 des soins prodigu\u00e9s.<\/strong><\/h2>\n<h3 data-start=\"845\" data-end=\"885\"><strong data-start=\"848\" data-end=\"883\">Un h\u00f4pital sous tension extr\u00eame<\/strong><\/h3>\n<p class=\"\" data-start=\"887\" data-end=\"1349\">Au lendemain d\u2019une cellule de crise, la CGT a renouvel\u00e9 ses alertes concernant la saturation des urgences et le manque de lits disponibles. L\u2019\u00e9tablissement est d\u00e9sormais plac\u00e9 en niveau 1 du dispositif H\u00f4pital en tension (HET), un indicateur de la gravit\u00e9 de la situation. Les soignants sont \u00e0 bout, contraints de faire face \u00e0 une charge de travail toujours plus lourde, tandis que le manque de m\u00e9decins complique davantage la prise en charge des patients.<\/p>\n<p class=\"\" data-start=\"1351\" data-end=\"1462\">\u00c9lisabeth Da Silva, secr\u00e9taire g\u00e9n\u00e9rale de la CGT H\u00f4pital, d\u00e9nonce une crise largement \u00ab sous-estim\u00e9e \u00bb :<\/p>\n<blockquote data-start=\"1464\" data-end=\"1726\">\n<p class=\"\" data-start=\"1466\" data-end=\"1726\"><em data-start=\"1466\" data-end=\"1724\">\u00ab Nous venons d\u2019assister \u00e0 une r\u00e9union de crise \u00e0 l\u2019h\u00f4pital d\u2019\u00c9pinal qui a raviv\u00e9 une fois encore notre plus profonde inqui\u00e9tude face \u00e0 la situation actuelle au sein de notre service d\u2019urgence ainsi que sur l\u2019ensemble de notre h\u00f4pital et sites rattach\u00e9s. \u00bb<\/em><\/p>\n<\/blockquote>\n<h3 data-start=\"1728\" data-end=\"1787\"><strong data-start=\"1731\" data-end=\"1785\">Un appel aux autorit\u00e9s pour des mesures imm\u00e9diates<\/strong><\/h3>\n<p class=\"\" data-start=\"1789\" data-end=\"2221\">Face \u00e0 cette situation alarmante, la CGT exhorte les responsables \u00e0 r\u00e9agir sans tarder. Le syndicat interpelle directement la directrice territoriale de l\u2019Agence r\u00e9gionale de sant\u00e9 (ARS), la pr\u00e9f\u00e8te des Vosges et le pr\u00e9sident de la commission de surveillance de l\u2019h\u00f4pital, les appelant \u00e0 prendre des mesures concr\u00e8tes pour all\u00e9ger la pression sur l\u2019\u00e9tablissement et garantir la s\u00e9curit\u00e9 des patients comme celle des soignants.<\/p>\n<p class=\"\" data-start=\"2223\" data-end=\"2560\">Pour l\u2019heure, aucune annonce officielle n\u2019a \u00e9t\u00e9 faite quant \u00e0 un \u00e9ventuel renfort de personnel ou \u00e0 une r\u00e9organisation des services pour pallier cette crise. Mais pour les syndicats et les professionnels de sant\u00e9, l\u2019heure n\u2019est plus \u00e0 l\u2019attente : il est imp\u00e9ratif d\u2019agir avant que la situation ne devienne totalement incontr\u00f4lable.<\/p>\n<p class=\"\" data-start=\"2562\" data-end=\"2718\">La CGT maintient la pression et reste mobilis\u00e9e, exigeant des solutions rapides et p\u00e9rennes pour redonner un souffle \u00e0 un h\u00f4pital au bord de l\u2019asphyxie.<\/p>\n","protected":false},"excerpt":{"rendered":"<p>La situation \u00e0 l\u2019h\u00f4pital d\u2019\u00c9pinal devient de plus en plus pr\u00e9occupante. La CGT des Vosges monte au cr\u00e9neau et interpelle [&hellip;]<\/p>\n","protected":false},"author":52,"featured_media":126987,"comment_status":"open","ping_status":"open","sticky":false,"template":"","format":"standard","meta":{"footnotes":""},"categories":[22,14,162,5],"tags":[4772,427,85],"class_list":["post-130242","post","type-post","status-publish","format-standard","has-post-thumbnail","hentry","category-a-la-une","category-sante","category-social","category-vosges","tag-cgt-des-vosges","tag-hopital-depinal","tag-sante"],"acf":[],"yoast_head":"<!-- This site is optimized with the Yoast SEO plugin v22.5 - https:\/\/yoast.com\/wordpress\/plugins\/seo\/ -->\n<title>H\u00f4pital d\u2019\u00c9pinal : la CGT des Vosges tire la sonnette d\u2019alarme face \u00e0 une situation critique - Epinal Info<\/title>\n<meta name=\"robots\" content=\"index, follow, max-snippet:-1, max-image-preview:large, max-video-preview:-1\" \/>\n<link rel=\"canonical\" href=\"https:\/\/vosgesinfo.fr\/epinalinfo\/2025\/03\/hopital-depinal-la-cgt-des-vosges-tire-la-sonnette-dalarme-face-a-une-situation-critique\/\" \/>\n<meta name=\"twitter:card\" content=\"summary_large_image\" \/>\n<meta name=\"twitter:title\" content=\"H\u00f4pital d\u2019\u00c9pinal : la CGT des Vosges tire la sonnette d\u2019alarme face \u00e0 une situation critique - Epinal Info\" \/>\n<meta name=\"twitter:description\" content=\"La situation \u00e0 l\u2019h\u00f4pital d\u2019\u00c9pinal devient de plus en plus pr\u00e9occupante. La CGT des Vosges monte au cr\u00e9neau et interpelle [&hellip;]\" \/>\n<meta name=\"twitter:image\" content=\"https:\/\/vosgesinfo.fr\/app\/uploads\/sites\/3\/2025\/01\/hopital-emile-durkheim-epinal-urgences6.jpg\" \/>\n<meta name=\"twitter:creator\" content=\"@VosgesInfo88\" \/>\n<meta name=\"twitter:site\" content=\"@VosgesInfo88\" \/>\n<meta name=\"twitter:label1\" content=\"\u00c9crit par\" \/>\n\t<meta name=\"twitter:data1\" content=\"C.K.\" \/>\n\t<meta name=\"twitter:label2\" content=\"Dur\u00e9e de lecture estim\u00e9e\" \/>\n\t<meta name=\"twitter:data2\" content=\"2 minutes\" \/>\n<script type=\"application\/ld+json\" class=\"yoast-schema-graph\">{\"@context\":\"https:\/\/schema.org\",\"@graph\":[{\"@type\":\"Article\",\"@id\":\"https:\/\/vosgesinfo.fr\/epinalinfo\/2025\/03\/hopital-depinal-la-cgt-des-vosges-tire-la-sonnette-dalarme-face-a-une-situation-critique\/#article\",\"isPartOf\":{\"@id\":\"https:\/\/vosgesinfo.fr\/epinalinfo\/2025\/03\/hopital-depinal-la-cgt-des-vosges-tire-la-sonnette-dalarme-face-a-une-situation-critique\/\"},\"author\":{\"name\":\"C.K.\",\"@id\":\"https:\/\/vosgesinfo.fr\/epinalinfo\/#\/schema\/person\/6f9a650eeea99d969b6c4ab78fccbe81\"},\"headline\":\"H\u00f4pital d\u2019\u00c9pinal : la CGT des Vosges tire la sonnette d\u2019alarme face \u00e0 une situation critique\",\"datePublished\":\"2025-03-27T09:35:28+00:00\",\"dateModified\":\"2025-03-27T09:32:34+00:00\",\"mainEntityOfPage\":{\"@id\":\"https:\/\/vosgesinfo.fr\/epinalinfo\/2025\/03\/hopital-depinal-la-cgt-des-vosges-tire-la-sonnette-dalarme-face-a-une-situation-critique\/\"},\"wordCount\":409,\"commentCount\":0,\"publisher\":{\"@id\":\"https:\/\/vosgesinfo.fr\/epinalinfo\/#organization\"},\"image\":{\"@id\":\"https:\/\/vosgesinfo.fr\/epinalinfo\/2025\/03\/hopital-depinal-la-cgt-des-vosges-tire-la-sonnette-dalarme-face-a-une-situation-critique\/#primaryimage\"},\"thumbnailUrl\":\"https:\/\/vosgesinfo.fr\/app\/uploads\/sites\/3\/2025\/01\/hopital-emile-durkheim-epinal-urgences6.jpg\",\"keywords\":[\"CGT des Vosges\",\"h\u00f4pital d\u2019Epinal\",\"sant\u00e9\"],\"articleSection\":[\"A la Une\",\"Sant\u00e9\",\"Social\",\"Vosges\"],\"inLanguage\":\"fr-FR\",\"potentialAction\":[{\"@type\":\"CommentAction\",\"name\":\"Comment\",\"target\":[\"https:\/\/vosgesinfo.fr\/epinalinfo\/2025\/03\/hopital-depinal-la-cgt-des-vosges-tire-la-sonnette-dalarme-face-a-une-situation-critique\/#respond\"]}]},{\"@type\":\"WebPage\",\"@id\":\"https:\/\/vosgesinfo.fr\/epinalinfo\/2025\/03\/hopital-depinal-la-cgt-des-vosges-tire-la-sonnette-dalarme-face-a-une-situation-critique\/\",\"url\":\"https:\/\/vosgesinfo.fr\/epinalinfo\/2025\/03\/hopital-depinal-la-cgt-des-vosges-tire-la-sonnette-dalarme-face-a-une-situation-critique\/\",\"name\":\"H\u00f4pital d\u2019\u00c9pinal : la CGT des Vosges tire la sonnette d\u2019alarme face \u00e0 une situation critique - Epinal Info\",\"isPartOf\":{\"@id\":\"https:\/\/vosgesinfo.fr\/epinalinfo\/#website\"},\"primaryImageOfPage\":{\"@id\":\"https:\/\/vosgesinfo.fr\/epinalinfo\/2025\/03\/hopital-depinal-la-cgt-des-vosges-tire-la-sonnette-dalarme-face-a-une-situation-critique\/#primaryimage\"},\"image\":{\"@id\":\"https:\/\/vosgesinfo.fr\/epinalinfo\/2025\/03\/hopital-depinal-la-cgt-des-vosges-tire-la-sonnette-dalarme-face-a-une-situation-critique\/#primaryimage\"},\"thumbnailUrl\":\"https:\/\/vosgesinfo.fr\/app\/uploads\/sites\/3\/2025\/01\/hopital-emile-durkheim-epinal-urgences6.jpg\",\"datePublished\":\"2025-03-27T09:35:28+00:00\",\"dateModified\":\"2025-03-27T09:32:34+00:00\",\"breadcrumb\":{\"@id\":\"https:\/\/vosgesinfo.fr\/epinalinfo\/2025\/03\/hopital-depinal-la-cgt-des-vosges-tire-la-sonnette-dalarme-face-a-une-situation-critique\/#breadcrumb\"},\"inLanguage\":\"fr-FR\",\"potentialAction\":[{\"@type\":\"ReadAction\",\"target\":[\"https:\/\/vosgesinfo.fr\/epinalinfo\/2025\/03\/hopital-depinal-la-cgt-des-vosges-tire-la-sonnette-dalarme-face-a-une-situation-critique\/\"]}]},{\"@type\":\"ImageObject\",\"inLanguage\":\"fr-FR\",\"@id\":\"https:\/\/vosgesinfo.fr\/epinalinfo\/2025\/03\/hopital-depinal-la-cgt-des-vosges-tire-la-sonnette-dalarme-face-a-une-situation-critique\/#primaryimage\",\"url\":\"https:\/\/vosgesinfo.fr\/app\/uploads\/sites\/3\/2025\/01\/hopital-emile-durkheim-epinal-urgences6.jpg\",\"contentUrl\":\"https:\/\/vosgesinfo.fr\/app\/uploads\/sites\/3\/2025\/01\/hopital-emile-durkheim-epinal-urgences6.jpg\",\"width\":800,\"height\":600},{\"@type\":\"BreadcrumbList\",\"@id\":\"https:\/\/vosgesinfo.fr\/epinalinfo\/2025\/03\/hopital-depinal-la-cgt-des-vosges-tire-la-sonnette-dalarme-face-a-une-situation-critique\/#breadcrumb\",\"itemListElement\":[{\"@type\":\"ListItem\",\"position\":1,\"name\":\"Home\",\"item\":\"https:\/\/vosgesinfo.fr\/epinalinfo\/\"},{\"@type\":\"ListItem\",\"position\":2,\"name\":\"H\u00f4pital d\u2019\u00c9pinal : la CGT des Vosges tire la sonnette d\u2019alarme face \u00e0 une situation critique\"}]},{\"@type\":\"WebSite\",\"@id\":\"https:\/\/vosgesinfo.fr\/epinalinfo\/#website\",\"url\":\"https:\/\/vosgesinfo.fr\/epinalinfo\/\",\"name\":\"Epinal Info\",\"description\":\"Toute l&#039;actualit\u00e9 d&#039;\u00c9pinal\",\"publisher\":{\"@id\":\"https:\/\/vosgesinfo.fr\/epinalinfo\/#organization\"},\"alternateName\":\"Toute l'actualit\u00e9 d'\u00c9pinal\",\"potentialAction\":[{\"@type\":\"SearchAction\",\"target\":{\"@type\":\"EntryPoint\",\"urlTemplate\":\"https:\/\/vosgesinfo.fr\/epinalinfo\/?s={search_term_string}\"},\"query-input\":\"required name=search_term_string\"}],\"inLanguage\":\"fr-FR\"},{\"@type\":\"Organization\",\"@id\":\"https:\/\/vosgesinfo.fr\/epinalinfo\/#organization\",\"name\":\"Epinal Info\",\"url\":\"https:\/\/vosgesinfo.fr\/epinalinfo\/\",\"logo\":{\"@type\":\"ImageObject\",\"inLanguage\":\"fr-FR\",\"@id\":\"https:\/\/vosgesinfo.fr\/epinalinfo\/#\/schema\/logo\/image\/\",\"url\":\"https:\/\/vosgesinfo.fr\/app\/uploads\/sites\/3\/2023\/08\/logo-epinalinfos.svg\",\"contentUrl\":\"https:\/\/vosgesinfo.fr\/app\/uploads\/sites\/3\/2023\/08\/logo-epinalinfos.svg\",\"width\":1,\"height\":1,\"caption\":\"Epinal Info\"},\"image\":{\"@id\":\"https:\/\/vosgesinfo.fr\/epinalinfo\/#\/schema\/logo\/image\/\"},\"sameAs\":[\"https:\/\/www.facebook.com\/Epinalinfos\",\"https:\/\/x.com\/VosgesInfo88\",\"https:\/\/www.youtube.com\/@vosgesinfo\"]},{\"@type\":\"Person\",\"@id\":\"https:\/\/vosgesinfo.fr\/epinalinfo\/#\/schema\/person\/6f9a650eeea99d969b6c4ab78fccbe81\",\"name\":\"C.K.\",\"image\":{\"@type\":\"ImageObject\",\"inLanguage\":\"fr-FR\",\"@id\":\"https:\/\/vosgesinfo.fr\/epinalinfo\/#\/schema\/person\/image\/\",\"url\":\"https:\/\/secure.gravatar.com\/avatar\/48e3fc7f8421ba8942be6b74a2b7f014ca39bc00dece156b7a8e098ae7dc87bf?s=96&d=mm&r=g\",\"contentUrl\":\"https:\/\/secure.gravatar.com\/avatar\/48e3fc7f8421ba8942be6b74a2b7f014ca39bc00dece156b7a8e098ae7dc87bf?s=96&d=mm&r=g\",\"caption\":\"C.K.\"},\"url\":\"https:\/\/vosgesinfo.fr\/epinalinfo\/author\/celia-k-n\/\"}]}<\/script>\n<!-- \/ Yoast SEO plugin. -->","yoast_head_json":{"title":"H\u00f4pital d\u2019\u00c9pinal : la CGT des Vosges tire la sonnette d\u2019alarme face \u00e0 une situation critique - Epinal Info","robots":{"index":"index","follow":"follow","max-snippet":"max-snippet:-1","max-image-preview":"max-image-preview:large","max-video-preview":"max-video-preview:-1"},"canonical":"https:\/\/vosgesinfo.fr\/epinalinfo\/2025\/03\/hopital-depinal-la-cgt-des-vosges-tire-la-sonnette-dalarme-face-a-une-situation-critique\/","twitter_card":"summary_large_image","twitter_title":"H\u00f4pital d\u2019\u00c9pinal : la CGT des Vosges tire la sonnette d\u2019alarme face \u00e0 une situation critique - Epinal Info","twitter_description":"La situation \u00e0 l\u2019h\u00f4pital d\u2019\u00c9pinal devient de plus en plus pr\u00e9occupante. La CGT des Vosges monte au cr\u00e9neau et interpelle [&hellip;]","twitter_image":"https:\/\/vosgesinfo.fr\/app\/uploads\/sites\/3\/2025\/01\/hopital-emile-durkheim-epinal-urgences6.jpg","twitter_creator":"@VosgesInfo88","twitter_site":"@VosgesInfo88","twitter_misc":{"\u00c9crit par":"C.K.","Dur\u00e9e de lecture estim\u00e9e":"2 minutes"},"schema":{"@context":"https:\/\/schema.org","@graph":[{"@type":"Article","@id":"https:\/\/vosgesinfo.fr\/epinalinfo\/2025\/03\/hopital-depinal-la-cgt-des-vosges-tire-la-sonnette-dalarme-face-a-une-situation-critique\/#article","isPartOf":{"@id":"https:\/\/vosgesinfo.fr\/epinalinfo\/2025\/03\/hopital-depinal-la-cgt-des-vosges-tire-la-sonnette-dalarme-face-a-une-situation-critique\/"},"author":{"name":"C.K.","@id":"https:\/\/vosgesinfo.fr\/epinalinfo\/#\/schema\/person\/6f9a650eeea99d969b6c4ab78fccbe81"},"headline":"H\u00f4pital d\u2019\u00c9pinal : la CGT des Vosges tire la sonnette d\u2019alarme face \u00e0 une situation critique","datePublished":"2025-03-27T09:35:28+00:00","dateModified":"2025-03-27T09:32:34+00:00","mainEntityOfPage":{"@id":"https:\/\/vosgesinfo.fr\/epinalinfo\/2025\/03\/hopital-depinal-la-cgt-des-vosges-tire-la-sonnette-dalarme-face-a-une-situation-critique\/"},"wordCount":409,"commentCount":0,"publisher":{"@id":"https:\/\/vosgesinfo.fr\/epinalinfo\/#organization"},"image":{"@id":"https:\/\/vosgesinfo.fr\/epinalinfo\/2025\/03\/hopital-depinal-la-cgt-des-vosges-tire-la-sonnette-dalarme-face-a-une-situation-critique\/#primaryimage"},"thumbnailUrl":"https:\/\/vosgesinfo.fr\/app\/uploads\/sites\/3\/2025\/01\/hopital-emile-durkheim-epinal-urgences6.jpg","keywords":["CGT des Vosges","h\u00f4pital d\u2019Epinal","sant\u00e9"],"articleSection":["A la Une","Sant\u00e9","Social","Vosges"],"inLanguage":"fr-FR","potentialAction":[{"@type":"CommentAction","name":"Comment","target":["https:\/\/vosgesinfo.fr\/epinalinfo\/2025\/03\/hopital-depinal-la-cgt-des-vosges-tire-la-sonnette-dalarme-face-a-une-situation-critique\/#respond"]}]},{"@type":"WebPage","@id":"https:\/\/vosgesinfo.fr\/epinalinfo\/2025\/03\/hopital-depinal-la-cgt-des-vosges-tire-la-sonnette-dalarme-face-a-une-situation-critique\/","url":"https:\/\/vosgesinfo.fr\/epinalinfo\/2025\/03\/hopital-depinal-la-cgt-des-vosges-tire-la-sonnette-dalarme-face-a-une-situation-critique\/","name":"H\u00f4pital d\u2019\u00c9pinal : la CGT des Vosges tire la sonnette d\u2019alarme face \u00e0 une situation critique - Epinal Info","isPartOf":{"@id":"https:\/\/vosgesinfo.fr\/epinalinfo\/#website"},"primaryImageOfPage":{"@id":"https:\/\/vosgesinfo.fr\/epinalinfo\/2025\/03\/hopital-depinal-la-cgt-des-vosges-tire-la-sonnette-dalarme-face-a-une-situation-critique\/#primaryimage"},"image":{"@id":"https:\/\/vosgesinfo.fr\/epinalinfo\/2025\/03\/hopital-depinal-la-cgt-des-vosges-tire-la-sonnette-dalarme-face-a-une-situation-critique\/#primaryimage"},"thumbnailUrl":"https:\/\/vosgesinfo.fr\/app\/uploads\/sites\/3\/2025\/01\/hopital-emile-durkheim-epinal-urgences6.jpg","datePublished":"2025-03-27T09:35:28+00:00","dateModified":"2025-03-27T09:32:34+00:00","breadcrumb":{"@id":"https:\/\/vosgesinfo.fr\/epinalinfo\/2025\/03\/hopital-depinal-la-cgt-des-vosges-tire-la-sonnette-dalarme-face-a-une-situation-critique\/#breadcrumb"},"inLanguage":"fr-FR","potentialAction":[{"@type":"ReadAction","target":["https:\/\/vosgesinfo.fr\/epinalinfo\/2025\/03\/hopital-depinal-la-cgt-des-vosges-tire-la-sonnette-dalarme-face-a-une-situation-critique\/"]}]},{"@type":"ImageObject","inLanguage":"fr-FR","@id":"https:\/\/vosgesinfo.fr\/epinalinfo\/2025\/03\/hopital-depinal-la-cgt-des-vosges-tire-la-sonnette-dalarme-face-a-une-situation-critique\/#primaryimage","url":"https:\/\/vosgesinfo.fr\/app\/uploads\/sites\/3\/2025\/01\/hopital-emile-durkheim-epinal-urgences6.jpg","contentUrl":"https:\/\/vosgesinfo.fr\/app\/uploads\/sites\/3\/2025\/01\/hopital-emile-durkheim-epinal-urgences6.jpg","width":800,"height":600},{"@type":"BreadcrumbList","@id":"https:\/\/vosgesinfo.fr\/epinalinfo\/2025\/03\/hopital-depinal-la-cgt-des-vosges-tire-la-sonnette-dalarme-face-a-une-situation-critique\/#breadcrumb","itemListElement":[{"@type":"ListItem","position":1,"name":"Home","item":"https:\/\/vosgesinfo.fr\/epinalinfo\/"},{"@type":"ListItem","position":2,"name":"H\u00f4pital d\u2019\u00c9pinal : la CGT des Vosges tire la sonnette d\u2019alarme face \u00e0 une situation critique"}]},{"@type":"WebSite","@id":"https:\/\/vosgesinfo.fr\/epinalinfo\/#website","url":"https:\/\/vosgesinfo.fr\/epinalinfo\/","name":"Epinal Info","description":"Toute l&#039;actualit\u00e9 d&#039;\u00c9pinal","publisher":{"@id":"https:\/\/vosgesinfo.fr\/epinalinfo\/#organization"},"alternateName":"Toute l'actualit\u00e9 d'\u00c9pinal","potentialAction":[{"@type":"SearchAction","target":{"@type":"EntryPoint","urlTemplate":"https:\/\/vosgesinfo.fr\/epinalinfo\/?s={search_term_string}"},"query-input":"required name=search_term_string"}],"inLanguage":"fr-FR"},{"@type":"Organization","@id":"https:\/\/vosgesinfo.fr\/epinalinfo\/#organization","name":"Epinal Info","url":"https:\/\/vosgesinfo.fr\/epinalinfo\/","logo":{"@type":"ImageObject","inLanguage":"fr-FR","@id":"https:\/\/vosgesinfo.fr\/epinalinfo\/#\/schema\/logo\/image\/","url":"https:\/\/vosgesinfo.fr\/app\/uploads\/sites\/3\/2023\/08\/logo-epinalinfos.svg","contentUrl":"https:\/\/vosgesinfo.fr\/app\/uploads\/sites\/3\/2023\/08\/logo-epinalinfos.svg","width":1,"height":1,"caption":"Epinal Info"},"image":{"@id":"https:\/\/vosgesinfo.fr\/epinalinfo\/#\/schema\/logo\/image\/"},"sameAs":["https:\/\/www.facebook.com\/Epinalinfos","https:\/\/x.com\/VosgesInfo88","https:\/\/www.youtube.com\/@vosgesinfo"]},{"@type":"Person","@id":"https:\/\/vosgesinfo.fr\/epinalinfo\/#\/schema\/person\/6f9a650eeea99d969b6c4ab78fccbe81","name":"C.K.","image":{"@type":"ImageObject","inLanguage":"fr-FR","@id":"https:\/\/vosgesinfo.fr\/epinalinfo\/#\/schema\/person\/image\/","url":"https:\/\/secure.gravatar.com\/avatar\/48e3fc7f8421ba8942be6b74a2b7f014ca39bc00dece156b7a8e098ae7dc87bf?s=96&d=mm&r=g","contentUrl":"https:\/\/secure.gravatar.com\/avatar\/48e3fc7f8421ba8942be6b74a2b7f014ca39bc00dece156b7a8e098ae7dc87bf?s=96&d=mm&r=g","caption":"C.K."},"url":"https:\/\/vosgesinfo.fr\/epinalinfo\/author\/celia-k-n\/"}]}},"_links":{"self":[{"href":"https:\/\/vosgesinfo.fr\/epinalinfo\/wp-json\/wp\/v2\/posts\/130242","targetHints":{"allow":["GET"]}}],"collection":[{"href":"https:\/\/vosgesinfo.fr\/epinalinfo\/wp-json\/wp\/v2\/posts"}],"about":[{"href":"https:\/\/vosgesinfo.fr\/epinalinfo\/wp-json\/wp\/v2\/types\/post"}],"author":[{"embeddable":true,"href":"https:\/\/vosgesinfo.fr\/epinalinfo\/wp-json\/wp\/v2\/users\/52"}],"replies":[{"embeddable":true,"href":"https:\/\/vosgesinfo.fr\/epinalinfo\/wp-json\/wp\/v2\/comments?post=130242"}],"version-history":[{"count":1,"href":"https:\/\/vosgesinfo.fr\/epinalinfo\/wp-json\/wp\/v2\/posts\/130242\/revisions"}],"predecessor-version":[{"id":130243,"href":"https:\/\/vosgesinfo.fr\/epinalinfo\/wp-json\/wp\/v2\/posts\/130242\/revisions\/130243"}],"wp:featuredmedia":[{"embeddable":true,"href":"https:\/\/vosgesinfo.fr\/epinalinfo\/wp-json\/wp\/v2\/media\/126987"}],"wp:attachment":[{"href":"https:\/\/vosgesinfo.fr\/epinalinfo\/wp-json\/wp\/v2\/media?parent=130242"}],"wp:term":[{"taxonomy":"category","embeddable":true,"href":"https:\/\/vosgesinfo.fr\/epinalinfo\/wp-json\/wp\/v2\/categories?post=130242"},{"taxonomy":"post_tag","embeddable":true,"href":"https:\/\/vosgesinfo.fr\/epinalinfo\/wp-json\/wp\/v2\/tags?post=130242"}],"curies":[{"name":"wp","href":"https:\/\/api.w.org\/{rel}","templated":true}]}}