{"id":130246,"date":"2025-03-27T10:45:41","date_gmt":"2025-03-27T09:45:41","guid":{"rendered":"https:\/\/vosgesinfo.fr\/epinalinfo\/?p=130246"},"modified":"2025-03-27T10:39:19","modified_gmt":"2025-03-27T09:39:19","slug":"liut-depinal-innove-avec-son-premier-programme-international-hybride","status":"publish","type":"post","link":"https:\/\/vosgesinfo.fr\/epinalinfo\/2025\/03\/liut-depinal-innove-avec-son-premier-programme-international-hybride\/","title":{"rendered":"L\u2019IUT d\u2019\u00c9pinal innove avec son premier programme international hybride !"},"content":{"rendered":"<h2 data-start=\"414\" data-end=\"866\"><strong><a href=\"https:\/\/vosgesinfo.fr\/app\/uploads\/sites\/3\/2025\/03\/iut-hubert-curien-epinal.jpg\"><img decoding=\"async\" class=\"aligncenter size-full wp-image-130249\" src=\"https:\/\/vosgesinfo.fr\/app\/uploads\/sites\/3\/2025\/03\/iut-hubert-curien-epinal.jpg\" alt=\"\" width=\"1280\" height=\"720\" srcset=\"https:\/\/vosgesinfo.fr\/app\/uploads\/sites\/3\/2025\/03\/iut-hubert-curien-epinal.jpg 1280w, https:\/\/vosgesinfo.fr\/app\/uploads\/sites\/3\/2025\/03\/iut-hubert-curien-epinal-300x169.jpg 300w, https:\/\/vosgesinfo.fr\/app\/uploads\/sites\/3\/2025\/03\/iut-hubert-curien-epinal-1024x576.jpg 1024w, https:\/\/vosgesinfo.fr\/app\/uploads\/sites\/3\/2025\/03\/iut-hubert-curien-epinal-768x432.jpg 768w\" sizes=\"(max-width: 1280px) 100vw, 1280px\" \/><\/a>L\u2019IUT d\u2019\u00c9pinal-Hubert Curien franchit une nouvelle \u00e9tape dans son ouverture \u00e0 l\u2019international en organisant, pour la premi\u00e8re fois, son propre Blended Intensive Programme (BIP). Ce programme ambitieux, financ\u00e9 par Erasmus+, r\u00e9unira 36 \u00e9tudiants venus de toute l\u2019Europe \u2013 Espagne, Autriche, Slovaquie, Finlande, Pays-Bas, Allemagne et Lituanie \u2013 pour une exp\u00e9rience \u00e9ducative unique, combinant travail \u00e0 distance et immersion physique.<\/strong><\/h2>\n<h3 data-start=\"868\" data-end=\"915\"><strong data-start=\"871\" data-end=\"913\">Un programme innovant et interculturel<\/strong><\/h3>\n<p class=\"\" data-start=\"917\" data-end=\"1416\">Pr\u00e9vu du 31 mars au 4 avril 2025, ce BIP s\u2019adresse aux \u00e9tudiants en Bachelor et Master, avec un objectif clair : d\u00e9velopper des comp\u00e9tences en gestion de projet et en travail d\u2019\u00e9quipe dans un contexte international. Le c\u0153ur du programme repose sur l\u2019apprentissage par projet, o\u00f9 les participants, r\u00e9partis en \u00e9quipes internationales et interdisciplinaires, travailleront en anglais pour concevoir et commercialiser des produits textiles issus des usines locales vosgiennes.<\/p>\n<p class=\"\" data-start=\"1418\" data-end=\"1478\">Le programme se d\u00e9roulera en deux phases compl\u00e9mentaires :<\/p>\n<ol data-start=\"1480\" data-end=\"1986\">\n<li class=\"\" data-start=\"1480\" data-end=\"1703\">\n<p class=\"\" data-start=\"1483\" data-end=\"1703\">Travail \u00e0 distance : Avant leur venue en France, les \u00e9tudiants participeront \u00e0 deux demi-journ\u00e9es de classes virtuelles, anim\u00e9es par des enseignants internationaux, afin de poser les bases th\u00e9oriques du projet.<\/p>\n<\/li>\n<li class=\"\" data-start=\"1704\" data-end=\"1986\">\n<p class=\"\" data-start=\"1707\" data-end=\"1986\">Mobilit\u00e9 physique : Pendant cinq jours \u00e0 \u00c9pinal, les participants se consacreront \u00e0 la conception et \u00e0 la commercialisation de leurs produits textiles, tout en d\u00e9couvrant la culture locale \u00e0 travers des activit\u00e9s culturelles et des excursions \u00e0 \u00c9pinal et G\u00e9rardmer.<\/p>\n<\/li>\n<\/ol>\n<h3 data-start=\"1988\" data-end=\"2055\"><strong data-start=\"1991\" data-end=\"2053\">Un engagement fort en faveur de la mobilit\u00e9 internationale<\/strong><\/h3>\n<p class=\"\" data-start=\"2057\" data-end=\"2421\">Avec ce premier BIP, l\u2019IUT d\u2019\u00c9pinal-Hubert Curien affirme son engagement en faveur des \u00e9changes acad\u00e9miques internationaux. Ce programme ne se limite pas \u00e0 l\u2019accueil d\u2019\u00e9tudiants \u00e9trangers : il offre \u00e9galement aux \u00e9tudiants locaux l\u2019opportunit\u00e9 de partir en mobilit\u00e9 dans des universit\u00e9s partenaires, renfor\u00e7ant ainsi leur ouverture \u00e0 l\u2019international.<\/p>\n<p class=\"\" data-start=\"2423\" data-end=\"2709\">En alliant p\u00e9dagogie innovante, collaboration interculturelle et immersion locale, l\u2019IUT d\u2019\u00c9pinal se positionne comme un acteur dynamique de la formation sup\u00e9rieure en Europe. Une initiative prometteuse, qui pourrait bien ouvrir la voie \u00e0 d\u2019autres \u00e9ditions de ce programme novateur.<\/p>\n","protected":false},"excerpt":{"rendered":"<p>L\u2019IUT d\u2019\u00c9pinal-Hubert Curien franchit une nouvelle \u00e9tape dans son ouverture \u00e0 l\u2019international en organisant, pour la premi\u00e8re fois, son propre [&hellip;]<\/p>\n","protected":false},"author":52,"featured_media":130249,"comment_status":"open","ping_status":"open","sticky":false,"template":"","format":"standard","meta":{"footnotes":""},"categories":[22,24],"tags":[16315,16316],"class_list":["post-130246","post","type-post","status-publish","format-standard","has-post-thumbnail","hentry","category-a-la-une","category-epinal","tag-liut-depinal","tag-programme-international-hybride"],"acf":[],"yoast_head":"<!-- This site is optimized with the Yoast SEO plugin v22.5 - https:\/\/yoast.com\/wordpress\/plugins\/seo\/ -->\n<title>L\u2019IUT d\u2019\u00c9pinal innove avec son premier programme international hybride ! - Epinal Info<\/title>\n<meta name=\"robots\" content=\"index, follow, max-snippet:-1, max-image-preview:large, max-video-preview:-1\" \/>\n<link rel=\"canonical\" href=\"https:\/\/vosgesinfo.fr\/epinalinfo\/2025\/03\/liut-depinal-innove-avec-son-premier-programme-international-hybride\/\" \/>\n<meta name=\"twitter:card\" content=\"summary_large_image\" \/>\n<meta name=\"twitter:title\" content=\"L\u2019IUT d\u2019\u00c9pinal innove avec son premier programme international hybride ! - Epinal Info\" \/>\n<meta name=\"twitter:description\" content=\"L\u2019IUT d\u2019\u00c9pinal-Hubert Curien franchit une nouvelle \u00e9tape dans son ouverture \u00e0 l\u2019international en organisant, pour la premi\u00e8re fois, son propre [&hellip;]\" \/>\n<meta name=\"twitter:image\" content=\"https:\/\/vosgesinfo.fr\/app\/uploads\/sites\/3\/2025\/03\/iut-hubert-curien-epinal.jpg\" \/>\n<meta name=\"twitter:creator\" content=\"@VosgesInfo88\" \/>\n<meta name=\"twitter:site\" content=\"@VosgesInfo88\" \/>\n<meta name=\"twitter:label1\" content=\"\u00c9crit par\" \/>\n\t<meta name=\"twitter:data1\" content=\"C.K.\" \/>\n\t<meta name=\"twitter:label2\" content=\"Dur\u00e9e de lecture estim\u00e9e\" \/>\n\t<meta name=\"twitter:data2\" content=\"2 minutes\" \/>\n<script type=\"application\/ld+json\" class=\"yoast-schema-graph\">{\"@context\":\"https:\/\/schema.org\",\"@graph\":[{\"@type\":\"Article\",\"@id\":\"https:\/\/vosgesinfo.fr\/epinalinfo\/2025\/03\/liut-depinal-innove-avec-son-premier-programme-international-hybride\/#article\",\"isPartOf\":{\"@id\":\"https:\/\/vosgesinfo.fr\/epinalinfo\/2025\/03\/liut-depinal-innove-avec-son-premier-programme-international-hybride\/\"},\"author\":{\"name\":\"C.K.\",\"@id\":\"https:\/\/vosgesinfo.fr\/epinalinfo\/#\/schema\/person\/6f9a650eeea99d969b6c4ab78fccbe81\"},\"headline\":\"L\u2019IUT d\u2019\u00c9pinal innove avec son premier programme international hybride !\",\"datePublished\":\"2025-03-27T09:45:41+00:00\",\"dateModified\":\"2025-03-27T09:39:19+00:00\",\"mainEntityOfPage\":{\"@id\":\"https:\/\/vosgesinfo.fr\/epinalinfo\/2025\/03\/liut-depinal-innove-avec-son-premier-programme-international-hybride\/\"},\"wordCount\":336,\"commentCount\":0,\"publisher\":{\"@id\":\"https:\/\/vosgesinfo.fr\/epinalinfo\/#organization\"},\"image\":{\"@id\":\"https:\/\/vosgesinfo.fr\/epinalinfo\/2025\/03\/liut-depinal-innove-avec-son-premier-programme-international-hybride\/#primaryimage\"},\"thumbnailUrl\":\"https:\/\/vosgesinfo.fr\/app\/uploads\/sites\/3\/2025\/03\/iut-hubert-curien-epinal.jpg\",\"keywords\":[\"L\u2019IUT d\u2019\u00c9pinal\",\"programme international hybride\"],\"articleSection\":[\"A la Une\",\"Epinal\"],\"inLanguage\":\"fr-FR\",\"potentialAction\":[{\"@type\":\"CommentAction\",\"name\":\"Comment\",\"target\":[\"https:\/\/vosgesinfo.fr\/epinalinfo\/2025\/03\/liut-depinal-innove-avec-son-premier-programme-international-hybride\/#respond\"]}]},{\"@type\":\"WebPage\",\"@id\":\"https:\/\/vosgesinfo.fr\/epinalinfo\/2025\/03\/liut-depinal-innove-avec-son-premier-programme-international-hybride\/\",\"url\":\"https:\/\/vosgesinfo.fr\/epinalinfo\/2025\/03\/liut-depinal-innove-avec-son-premier-programme-international-hybride\/\",\"name\":\"L\u2019IUT d\u2019\u00c9pinal innove avec son premier programme international hybride ! - Epinal Info\",\"isPartOf\":{\"@id\":\"https:\/\/vosgesinfo.fr\/epinalinfo\/#website\"},\"primaryImageOfPage\":{\"@id\":\"https:\/\/vosgesinfo.fr\/epinalinfo\/2025\/03\/liut-depinal-innove-avec-son-premier-programme-international-hybride\/#primaryimage\"},\"image\":{\"@id\":\"https:\/\/vosgesinfo.fr\/epinalinfo\/2025\/03\/liut-depinal-innove-avec-son-premier-programme-international-hybride\/#primaryimage\"},\"thumbnailUrl\":\"https:\/\/vosgesinfo.fr\/app\/uploads\/sites\/3\/2025\/03\/iut-hubert-curien-epinal.jpg\",\"datePublished\":\"2025-03-27T09:45:41+00:00\",\"dateModified\":\"2025-03-27T09:39:19+00:00\",\"breadcrumb\":{\"@id\":\"https:\/\/vosgesinfo.fr\/epinalinfo\/2025\/03\/liut-depinal-innove-avec-son-premier-programme-international-hybride\/#breadcrumb\"},\"inLanguage\":\"fr-FR\",\"potentialAction\":[{\"@type\":\"ReadAction\",\"target\":[\"https:\/\/vosgesinfo.fr\/epinalinfo\/2025\/03\/liut-depinal-innove-avec-son-premier-programme-international-hybride\/\"]}]},{\"@type\":\"ImageObject\",\"inLanguage\":\"fr-FR\",\"@id\":\"https:\/\/vosgesinfo.fr\/epinalinfo\/2025\/03\/liut-depinal-innove-avec-son-premier-programme-international-hybride\/#primaryimage\",\"url\":\"https:\/\/vosgesinfo.fr\/app\/uploads\/sites\/3\/2025\/03\/iut-hubert-curien-epinal.jpg\",\"contentUrl\":\"https:\/\/vosgesinfo.fr\/app\/uploads\/sites\/3\/2025\/03\/iut-hubert-curien-epinal.jpg\",\"width\":1280,\"height\":720},{\"@type\":\"BreadcrumbList\",\"@id\":\"https:\/\/vosgesinfo.fr\/epinalinfo\/2025\/03\/liut-depinal-innove-avec-son-premier-programme-international-hybride\/#breadcrumb\",\"itemListElement\":[{\"@type\":\"ListItem\",\"position\":1,\"name\":\"Home\",\"item\":\"https:\/\/vosgesinfo.fr\/epinalinfo\/\"},{\"@type\":\"ListItem\",\"position\":2,\"name\":\"L\u2019IUT d\u2019\u00c9pinal innove avec son premier programme international hybride !\"}]},{\"@type\":\"WebSite\",\"@id\":\"https:\/\/vosgesinfo.fr\/epinalinfo\/#website\",\"url\":\"https:\/\/vosgesinfo.fr\/epinalinfo\/\",\"name\":\"Epinal Info\",\"description\":\"Toute l&#039;actualit\u00e9 d&#039;\u00c9pinal\",\"publisher\":{\"@id\":\"https:\/\/vosgesinfo.fr\/epinalinfo\/#organization\"},\"alternateName\":\"Toute l'actualit\u00e9 d'\u00c9pinal\",\"potentialAction\":[{\"@type\":\"SearchAction\",\"target\":{\"@type\":\"EntryPoint\",\"urlTemplate\":\"https:\/\/vosgesinfo.fr\/epinalinfo\/?s={search_term_string}\"},\"query-input\":\"required name=search_term_string\"}],\"inLanguage\":\"fr-FR\"},{\"@type\":\"Organization\",\"@id\":\"https:\/\/vosgesinfo.fr\/epinalinfo\/#organization\",\"name\":\"Epinal Info\",\"url\":\"https:\/\/vosgesinfo.fr\/epinalinfo\/\",\"logo\":{\"@type\":\"ImageObject\",\"inLanguage\":\"fr-FR\",\"@id\":\"https:\/\/vosgesinfo.fr\/epinalinfo\/#\/schema\/logo\/image\/\",\"url\":\"https:\/\/vosgesinfo.fr\/app\/uploads\/sites\/3\/2023\/08\/logo-epinalinfos.svg\",\"contentUrl\":\"https:\/\/vosgesinfo.fr\/app\/uploads\/sites\/3\/2023\/08\/logo-epinalinfos.svg\",\"width\":1,\"height\":1,\"caption\":\"Epinal Info\"},\"image\":{\"@id\":\"https:\/\/vosgesinfo.fr\/epinalinfo\/#\/schema\/logo\/image\/\"},\"sameAs\":[\"https:\/\/www.facebook.com\/Epinalinfos\",\"https:\/\/x.com\/VosgesInfo88\",\"https:\/\/www.youtube.com\/@vosgesinfo\"]},{\"@type\":\"Person\",\"@id\":\"https:\/\/vosgesinfo.fr\/epinalinfo\/#\/schema\/person\/6f9a650eeea99d969b6c4ab78fccbe81\",\"name\":\"C.K.\",\"image\":{\"@type\":\"ImageObject\",\"inLanguage\":\"fr-FR\",\"@id\":\"https:\/\/vosgesinfo.fr\/epinalinfo\/#\/schema\/person\/image\/\",\"url\":\"https:\/\/secure.gravatar.com\/avatar\/48e3fc7f8421ba8942be6b74a2b7f014ca39bc00dece156b7a8e098ae7dc87bf?s=96&d=mm&r=g\",\"contentUrl\":\"https:\/\/secure.gravatar.com\/avatar\/48e3fc7f8421ba8942be6b74a2b7f014ca39bc00dece156b7a8e098ae7dc87bf?s=96&d=mm&r=g\",\"caption\":\"C.K.\"},\"url\":\"https:\/\/vosgesinfo.fr\/epinalinfo\/author\/celia-k-n\/\"}]}<\/script>\n<!-- \/ Yoast SEO plugin. -->","yoast_head_json":{"title":"L\u2019IUT d\u2019\u00c9pinal innove avec son premier programme international hybride ! - Epinal Info","robots":{"index":"index","follow":"follow","max-snippet":"max-snippet:-1","max-image-preview":"max-image-preview:large","max-video-preview":"max-video-preview:-1"},"canonical":"https:\/\/vosgesinfo.fr\/epinalinfo\/2025\/03\/liut-depinal-innove-avec-son-premier-programme-international-hybride\/","twitter_card":"summary_large_image","twitter_title":"L\u2019IUT d\u2019\u00c9pinal innove avec son premier programme international hybride ! - Epinal Info","twitter_description":"L\u2019IUT d\u2019\u00c9pinal-Hubert Curien franchit une nouvelle \u00e9tape dans son ouverture \u00e0 l\u2019international en organisant, pour la premi\u00e8re fois, son propre [&hellip;]","twitter_image":"https:\/\/vosgesinfo.fr\/app\/uploads\/sites\/3\/2025\/03\/iut-hubert-curien-epinal.jpg","twitter_creator":"@VosgesInfo88","twitter_site":"@VosgesInfo88","twitter_misc":{"\u00c9crit par":"C.K.","Dur\u00e9e de lecture estim\u00e9e":"2 minutes"},"schema":{"@context":"https:\/\/schema.org","@graph":[{"@type":"Article","@id":"https:\/\/vosgesinfo.fr\/epinalinfo\/2025\/03\/liut-depinal-innove-avec-son-premier-programme-international-hybride\/#article","isPartOf":{"@id":"https:\/\/vosgesinfo.fr\/epinalinfo\/2025\/03\/liut-depinal-innove-avec-son-premier-programme-international-hybride\/"},"author":{"name":"C.K.","@id":"https:\/\/vosgesinfo.fr\/epinalinfo\/#\/schema\/person\/6f9a650eeea99d969b6c4ab78fccbe81"},"headline":"L\u2019IUT d\u2019\u00c9pinal innove avec son premier programme international hybride !","datePublished":"2025-03-27T09:45:41+00:00","dateModified":"2025-03-27T09:39:19+00:00","mainEntityOfPage":{"@id":"https:\/\/vosgesinfo.fr\/epinalinfo\/2025\/03\/liut-depinal-innove-avec-son-premier-programme-international-hybride\/"},"wordCount":336,"commentCount":0,"publisher":{"@id":"https:\/\/vosgesinfo.fr\/epinalinfo\/#organization"},"image":{"@id":"https:\/\/vosgesinfo.fr\/epinalinfo\/2025\/03\/liut-depinal-innove-avec-son-premier-programme-international-hybride\/#primaryimage"},"thumbnailUrl":"https:\/\/vosgesinfo.fr\/app\/uploads\/sites\/3\/2025\/03\/iut-hubert-curien-epinal.jpg","keywords":["L\u2019IUT d\u2019\u00c9pinal","programme international hybride"],"articleSection":["A la Une","Epinal"],"inLanguage":"fr-FR","potentialAction":[{"@type":"CommentAction","name":"Comment","target":["https:\/\/vosgesinfo.fr\/epinalinfo\/2025\/03\/liut-depinal-innove-avec-son-premier-programme-international-hybride\/#respond"]}]},{"@type":"WebPage","@id":"https:\/\/vosgesinfo.fr\/epinalinfo\/2025\/03\/liut-depinal-innove-avec-son-premier-programme-international-hybride\/","url":"https:\/\/vosgesinfo.fr\/epinalinfo\/2025\/03\/liut-depinal-innove-avec-son-premier-programme-international-hybride\/","name":"L\u2019IUT d\u2019\u00c9pinal innove avec son premier programme international hybride ! - Epinal Info","isPartOf":{"@id":"https:\/\/vosgesinfo.fr\/epinalinfo\/#website"},"primaryImageOfPage":{"@id":"https:\/\/vosgesinfo.fr\/epinalinfo\/2025\/03\/liut-depinal-innove-avec-son-premier-programme-international-hybride\/#primaryimage"},"image":{"@id":"https:\/\/vosgesinfo.fr\/epinalinfo\/2025\/03\/liut-depinal-innove-avec-son-premier-programme-international-hybride\/#primaryimage"},"thumbnailUrl":"https:\/\/vosgesinfo.fr\/app\/uploads\/sites\/3\/2025\/03\/iut-hubert-curien-epinal.jpg","datePublished":"2025-03-27T09:45:41+00:00","dateModified":"2025-03-27T09:39:19+00:00","breadcrumb":{"@id":"https:\/\/vosgesinfo.fr\/epinalinfo\/2025\/03\/liut-depinal-innove-avec-son-premier-programme-international-hybride\/#breadcrumb"},"inLanguage":"fr-FR","potentialAction":[{"@type":"ReadAction","target":["https:\/\/vosgesinfo.fr\/epinalinfo\/2025\/03\/liut-depinal-innove-avec-son-premier-programme-international-hybride\/"]}]},{"@type":"ImageObject","inLanguage":"fr-FR","@id":"https:\/\/vosgesinfo.fr\/epinalinfo\/2025\/03\/liut-depinal-innove-avec-son-premier-programme-international-hybride\/#primaryimage","url":"https:\/\/vosgesinfo.fr\/app\/uploads\/sites\/3\/2025\/03\/iut-hubert-curien-epinal.jpg","contentUrl":"https:\/\/vosgesinfo.fr\/app\/uploads\/sites\/3\/2025\/03\/iut-hubert-curien-epinal.jpg","width":1280,"height":720},{"@type":"BreadcrumbList","@id":"https:\/\/vosgesinfo.fr\/epinalinfo\/2025\/03\/liut-depinal-innove-avec-son-premier-programme-international-hybride\/#breadcrumb","itemListElement":[{"@type":"ListItem","position":1,"name":"Home","item":"https:\/\/vosgesinfo.fr\/epinalinfo\/"},{"@type":"ListItem","position":2,"name":"L\u2019IUT d\u2019\u00c9pinal innove avec son premier programme international hybride !"}]},{"@type":"WebSite","@id":"https:\/\/vosgesinfo.fr\/epinalinfo\/#website","url":"https:\/\/vosgesinfo.fr\/epinalinfo\/","name":"Epinal Info","description":"Toute l&#039;actualit\u00e9 d&#039;\u00c9pinal","publisher":{"@id":"https:\/\/vosgesinfo.fr\/epinalinfo\/#organization"},"alternateName":"Toute l'actualit\u00e9 d'\u00c9pinal","potentialAction":[{"@type":"SearchAction","target":{"@type":"EntryPoint","urlTemplate":"https:\/\/vosgesinfo.fr\/epinalinfo\/?s={search_term_string}"},"query-input":"required name=search_term_string"}],"inLanguage":"fr-FR"},{"@type":"Organization","@id":"https:\/\/vosgesinfo.fr\/epinalinfo\/#organization","name":"Epinal Info","url":"https:\/\/vosgesinfo.fr\/epinalinfo\/","logo":{"@type":"ImageObject","inLanguage":"fr-FR","@id":"https:\/\/vosgesinfo.fr\/epinalinfo\/#\/schema\/logo\/image\/","url":"https:\/\/vosgesinfo.fr\/app\/uploads\/sites\/3\/2023\/08\/logo-epinalinfos.svg","contentUrl":"https:\/\/vosgesinfo.fr\/app\/uploads\/sites\/3\/2023\/08\/logo-epinalinfos.svg","width":1,"height":1,"caption":"Epinal Info"},"image":{"@id":"https:\/\/vosgesinfo.fr\/epinalinfo\/#\/schema\/logo\/image\/"},"sameAs":["https:\/\/www.facebook.com\/Epinalinfos","https:\/\/x.com\/VosgesInfo88","https:\/\/www.youtube.com\/@vosgesinfo"]},{"@type":"Person","@id":"https:\/\/vosgesinfo.fr\/epinalinfo\/#\/schema\/person\/6f9a650eeea99d969b6c4ab78fccbe81","name":"C.K.","image":{"@type":"ImageObject","inLanguage":"fr-FR","@id":"https:\/\/vosgesinfo.fr\/epinalinfo\/#\/schema\/person\/image\/","url":"https:\/\/secure.gravatar.com\/avatar\/48e3fc7f8421ba8942be6b74a2b7f014ca39bc00dece156b7a8e098ae7dc87bf?s=96&d=mm&r=g","contentUrl":"https:\/\/secure.gravatar.com\/avatar\/48e3fc7f8421ba8942be6b74a2b7f014ca39bc00dece156b7a8e098ae7dc87bf?s=96&d=mm&r=g","caption":"C.K."},"url":"https:\/\/vosgesinfo.fr\/epinalinfo\/author\/celia-k-n\/"}]}},"_links":{"self":[{"href":"https:\/\/vosgesinfo.fr\/epinalinfo\/wp-json\/wp\/v2\/posts\/130246","targetHints":{"allow":["GET"]}}],"collection":[{"href":"https:\/\/vosgesinfo.fr\/epinalinfo\/wp-json\/wp\/v2\/posts"}],"about":[{"href":"https:\/\/vosgesinfo.fr\/epinalinfo\/wp-json\/wp\/v2\/types\/post"}],"author":[{"embeddable":true,"href":"https:\/\/vosgesinfo.fr\/epinalinfo\/wp-json\/wp\/v2\/users\/52"}],"replies":[{"embeddable":true,"href":"https:\/\/vosgesinfo.fr\/epinalinfo\/wp-json\/wp\/v2\/comments?post=130246"}],"version-history":[{"count":1,"href":"https:\/\/vosgesinfo.fr\/epinalinfo\/wp-json\/wp\/v2\/posts\/130246\/revisions"}],"predecessor-version":[{"id":130250,"href":"https:\/\/vosgesinfo.fr\/epinalinfo\/wp-json\/wp\/v2\/posts\/130246\/revisions\/130250"}],"wp:featuredmedia":[{"embeddable":true,"href":"https:\/\/vosgesinfo.fr\/epinalinfo\/wp-json\/wp\/v2\/media\/130249"}],"wp:attachment":[{"href":"https:\/\/vosgesinfo.fr\/epinalinfo\/wp-json\/wp\/v2\/media?parent=130246"}],"wp:term":[{"taxonomy":"category","embeddable":true,"href":"https:\/\/vosgesinfo.fr\/epinalinfo\/wp-json\/wp\/v2\/categories?post=130246"},{"taxonomy":"post_tag","embeddable":true,"href":"https:\/\/vosgesinfo.fr\/epinalinfo\/wp-json\/wp\/v2\/tags?post=130246"}],"curies":[{"name":"wp","href":"https:\/\/api.w.org\/{rel}","templated":true}]}}