{"id":130251,"date":"2025-03-27T10:50:43","date_gmt":"2025-03-27T09:50:43","guid":{"rendered":"https:\/\/vosgesinfo.fr\/epinalinfo\/?p=130251"},"modified":"2025-03-27T10:43:16","modified_gmt":"2025-03-27T09:43:16","slug":"cafe-jazz-un-voyage-musical-envoutant-avec-alex-stuart-group","status":"publish","type":"post","link":"https:\/\/vosgesinfo.fr\/epinalinfo\/2025\/03\/cafe-jazz-un-voyage-musical-envoutant-avec-alex-stuart-group\/","title":{"rendered":"Caf\u00e9 Jazz : Un voyage musical envo\u00fbtant avec Alex Stuart Group"},"content":{"rendered":"<h2 data-start=\"407\" data-end=\"794\"><a href=\"https:\/\/vosgesinfo.fr\/app\/uploads\/sites\/3\/2025\/03\/thumbnail-alex-stuart-group-1.jpg\"><img decoding=\"async\" class=\"aligncenter size-full wp-image-130252\" src=\"https:\/\/vosgesinfo.fr\/app\/uploads\/sites\/3\/2025\/03\/thumbnail-alex-stuart-group-1.jpg\" alt=\"\" width=\"1024\" height=\"683\" srcset=\"https:\/\/vosgesinfo.fr\/app\/uploads\/sites\/3\/2025\/03\/thumbnail-alex-stuart-group-1.jpg 1024w, https:\/\/vosgesinfo.fr\/app\/uploads\/sites\/3\/2025\/03\/thumbnail-alex-stuart-group-1-300x200.jpg 300w, https:\/\/vosgesinfo.fr\/app\/uploads\/sites\/3\/2025\/03\/thumbnail-alex-stuart-group-1-768x512.jpg 768w\" sizes=\"(max-width: 1024px) 100vw, 1024px\" \/><\/a>L\u2019<strong data-start=\"409\" data-end=\"439\">Association Lavoir Entendu<\/strong> donne rendez-vous aux amateurs de jazz pour une soir\u00e9e exceptionnelle ! Le prochain <strong data-start=\"524\" data-end=\"537\">Caf\u00e9 Jazz<\/strong> se tiendra le <strong data-start=\"552\" data-end=\"585\">vendredi 4 avril 2025 \u00e0 20h30<\/strong>, au <strong data-start=\"590\" data-end=\"608\">Lavoir-Th\u00e9\u00e2tre<\/strong> (rue des Petites Boucheries, \u00c9pinal). \u00c0 l&rsquo;affiche : le talentueux <strong data-start=\"675\" data-end=\"696\">Alex Stuart Group<\/strong>, qui pr\u00e9sentera un <strong data-start=\"716\" data-end=\"738\">nouveau r\u00e9pertoire<\/strong> et c\u00e9l\u00e8brera la <strong data-start=\"755\" data-end=\"791\">sortie de son tout dernier album<\/strong>.<\/h2>\n<h3 data-start=\"796\" data-end=\"827\"><strong data-start=\"799\" data-end=\"825\">Un quintet d\u2019exception<\/strong><\/h3>\n<p class=\"\" data-start=\"828\" data-end=\"930\">\u00c0 la guitare et aux compositions, <strong data-start=\"862\" data-end=\"877\">Alex Stuart<\/strong> sera entour\u00e9 de <strong data-start=\"894\" data-end=\"926\">quatre musiciens de haut vol<\/strong> :<\/p>\n<p class=\"\" data-start=\"932\" data-end=\"1103\">\ud83c\udfb7 <strong data-start=\"935\" data-end=\"950\">Irving Acao<\/strong> : saxophone et claviers<br data-start=\"974\" data-end=\"977\" \/>\ud83c\udfba <strong data-start=\"980\" data-end=\"1000\">Arno de Casanove<\/strong> : trompette, claviers, voix<br data-start=\"1028\" data-end=\"1031\" \/>\ud83c\udfb8 <strong data-start=\"1034\" data-end=\"1050\">Beno\u00eet Lugu\u00e9<\/strong> : basse, voix<br data-start=\"1064\" data-end=\"1067\" \/>\ud83e\udd41 <strong data-start=\"1070\" data-end=\"1090\">Antoine Banville<\/strong> : batterie<\/p>\n<p class=\"\" data-start=\"1105\" data-end=\"1233\">Une formation brillante, o\u00f9 chaque artiste apporte son talent singulier pour une <strong data-start=\"1186\" data-end=\"1230\">fusion musicale hypnotique et captivante<\/strong>.<\/p>\n<h3 data-start=\"1235\" data-end=\"1267\"><strong data-start=\"1238\" data-end=\"1265\">Un jazz sans fronti\u00e8res<\/strong><\/h3>\n<p class=\"\" data-start=\"1268\" data-end=\"1490\">Avec ce nouveau projet, le <strong data-start=\"1295\" data-end=\"1316\">Alex Stuart Group<\/strong> nous embarque dans une <strong data-start=\"1340\" data-end=\"1369\">aventure musicale intense<\/strong>, o\u00f9 les influences se croisent et s&rsquo;entrelacent. Comme le souligne <strong data-start=\"1437\" data-end=\"1455\">F\u00e9lix Marciano<\/strong> de <em data-start=\"1459\" data-end=\"1474\">Jazz Magazine<\/em> (4 \u00e9toiles) :<\/p>\n<p class=\"\" data-start=\"1492\" data-end=\"1590\">\ud83d\udde3\ufe0f <em data-start=\"1496\" data-end=\"1588\">\u00ab Une musique sans fronti\u00e8re dont la po\u00e9sie invite \u00e0 la transe et au voyage int\u00e9rieur&#8230; \u00bb<\/em><\/p>\n<p class=\"\" data-start=\"1592\" data-end=\"1681\">Un ressenti partag\u00e9 par <strong data-start=\"1616\" data-end=\"1633\">Clinton White<\/strong> de <em data-start=\"1637\" data-end=\"1648\">City News<\/em>, qui d\u00e9crit ce quintet comme :<\/p>\n<p class=\"\" data-start=\"1683\" data-end=\"1767\">\ud83d\udde3\ufe0f <em data-start=\"1687\" data-end=\"1765\">\u00ab Aussi brillant collectivement que chaque artiste l\u2019est individuellement. \u00bb<\/em><\/p>\n<h3 data-start=\"1769\" data-end=\"1793\"><strong data-start=\"1772\" data-end=\"1791\">Infos pratiques<\/strong><\/h3>\n<p class=\"\" data-start=\"1794\" data-end=\"1812\">\ud83c\udf9f\ufe0f <strong data-start=\"1798\" data-end=\"1808\">Tarifs<\/strong> :<\/p>\n<ul data-start=\"1813\" data-end=\"1865\">\n<li class=\"\" data-start=\"1813\" data-end=\"1838\">\n<p class=\"\" data-start=\"1815\" data-end=\"1838\">Plein tarif : <strong data-start=\"1829\" data-end=\"1836\">15\u20ac<\/strong><\/p>\n<\/li>\n<li class=\"\" data-start=\"1839\" data-end=\"1865\">\n<p class=\"\" data-start=\"1841\" data-end=\"1865\">Tarif r\u00e9duit : <strong data-start=\"1856\" data-end=\"1863\">10\u20ac<\/strong><\/p>\n<\/li>\n<\/ul>\n<p class=\"\" data-start=\"1867\" data-end=\"1972\">\ud83d\udcde <strong data-start=\"1870\" data-end=\"1903\">Renseignements &amp; R\u00e9servations<\/strong> :<br data-start=\"1905\" data-end=\"1908\" \/>\u260e\ufe0f <strong data-start=\"1911\" data-end=\"1929\">06 09 37 88 20<\/strong><br data-start=\"1929\" data-end=\"1932\" \/>\ud83d\udce7 <strong data-start=\"1935\" data-end=\"1970\"><a class=\"cursor-pointer\" rel=\"noopener\" data-start=\"1937\" data-end=\"1968\">isabelle.sartori@numericable.fr<\/a><\/strong><\/p>\n<p class=\"\" data-start=\"1974\" data-end=\"2123\">Ne manquez pas ce rendez-vous unique avec <strong data-start=\"2016\" data-end=\"2037\">Alex Stuart Group<\/strong>, pour une soir\u00e9e o\u00f9 le jazz se r\u00e9invente et repousse les fronti\u00e8res du possible !<\/p>\n<p data-start=\"1974\" data-end=\"2123\"><a href=\"https:\/\/vosgesinfo.fr\/app\/uploads\/sites\/3\/2025\/03\/thumbnail-alex-stuart-group.jpg\"><img decoding=\"async\" class=\"aligncenter size-full wp-image-130253\" src=\"https:\/\/vosgesinfo.fr\/app\/uploads\/sites\/3\/2025\/03\/thumbnail-alex-stuart-group.jpg\" alt=\"\" width=\"1920\" height=\"1280\" srcset=\"https:\/\/vosgesinfo.fr\/app\/uploads\/sites\/3\/2025\/03\/thumbnail-alex-stuart-group.jpg 1920w, https:\/\/vosgesinfo.fr\/app\/uploads\/sites\/3\/2025\/03\/thumbnail-alex-stuart-group-300x200.jpg 300w, https:\/\/vosgesinfo.fr\/app\/uploads\/sites\/3\/2025\/03\/thumbnail-alex-stuart-group-1024x683.jpg 1024w, https:\/\/vosgesinfo.fr\/app\/uploads\/sites\/3\/2025\/03\/thumbnail-alex-stuart-group-768x512.jpg 768w, https:\/\/vosgesinfo.fr\/app\/uploads\/sites\/3\/2025\/03\/thumbnail-alex-stuart-group-1536x1024.jpg 1536w\" sizes=\"(max-width: 1920px) 100vw, 1920px\" \/><\/a><\/p>\n","protected":false},"excerpt":{"rendered":"<p>L\u2019Association Lavoir Entendu donne rendez-vous aux amateurs de jazz pour une soir\u00e9e exceptionnelle ! Le prochain Caf\u00e9 Jazz se tiendra [&hellip;]<\/p>\n","protected":false},"author":52,"featured_media":130252,"comment_status":"open","ping_status":"open","sticky":false,"template":"","format":"standard","meta":{"footnotes":""},"categories":[22,24],"tags":[322,70,664],"class_list":["post-130251","post","type-post","status-publish","format-standard","has-post-thumbnail","hentry","category-a-la-une","category-epinal","tag-cafe-jazz","tag-epinal","tag-musique"],"acf":[],"yoast_head":"<!-- This site is optimized with the Yoast SEO plugin v22.5 - https:\/\/yoast.com\/wordpress\/plugins\/seo\/ -->\n<title>Caf\u00e9 Jazz : Un voyage musical envo\u00fbtant avec Alex Stuart Group - Epinal Info<\/title>\n<meta name=\"robots\" content=\"index, follow, max-snippet:-1, max-image-preview:large, max-video-preview:-1\" \/>\n<link rel=\"canonical\" href=\"https:\/\/vosgesinfo.fr\/epinalinfo\/2025\/03\/cafe-jazz-un-voyage-musical-envoutant-avec-alex-stuart-group\/\" \/>\n<meta name=\"twitter:card\" content=\"summary_large_image\" \/>\n<meta name=\"twitter:title\" content=\"Caf\u00e9 Jazz : Un voyage musical envo\u00fbtant avec Alex Stuart Group - Epinal Info\" \/>\n<meta name=\"twitter:description\" content=\"L\u2019Association Lavoir Entendu donne rendez-vous aux amateurs de jazz pour une soir\u00e9e exceptionnelle ! Le prochain Caf\u00e9 Jazz se tiendra [&hellip;]\" \/>\n<meta name=\"twitter:image\" content=\"https:\/\/vosgesinfo.fr\/app\/uploads\/sites\/3\/2025\/03\/thumbnail-alex-stuart-group-1.jpg\" \/>\n<meta name=\"twitter:creator\" content=\"@VosgesInfo88\" \/>\n<meta name=\"twitter:site\" content=\"@VosgesInfo88\" \/>\n<meta name=\"twitter:label1\" content=\"\u00c9crit par\" \/>\n\t<meta name=\"twitter:data1\" content=\"C.K.\" \/>\n\t<meta name=\"twitter:label2\" content=\"Dur\u00e9e de lecture estim\u00e9e\" \/>\n\t<meta name=\"twitter:data2\" content=\"1 minute\" \/>\n<script type=\"application\/ld+json\" class=\"yoast-schema-graph\">{\"@context\":\"https:\/\/schema.org\",\"@graph\":[{\"@type\":\"Article\",\"@id\":\"https:\/\/vosgesinfo.fr\/epinalinfo\/2025\/03\/cafe-jazz-un-voyage-musical-envoutant-avec-alex-stuart-group\/#article\",\"isPartOf\":{\"@id\":\"https:\/\/vosgesinfo.fr\/epinalinfo\/2025\/03\/cafe-jazz-un-voyage-musical-envoutant-avec-alex-stuart-group\/\"},\"author\":{\"name\":\"C.K.\",\"@id\":\"https:\/\/vosgesinfo.fr\/epinalinfo\/#\/schema\/person\/6f9a650eeea99d969b6c4ab78fccbe81\"},\"headline\":\"Caf\u00e9 Jazz : Un voyage musical envo\u00fbtant avec Alex Stuart Group\",\"datePublished\":\"2025-03-27T09:50:43+00:00\",\"dateModified\":\"2025-03-27T09:43:16+00:00\",\"mainEntityOfPage\":{\"@id\":\"https:\/\/vosgesinfo.fr\/epinalinfo\/2025\/03\/cafe-jazz-un-voyage-musical-envoutant-avec-alex-stuart-group\/\"},\"wordCount\":246,\"commentCount\":0,\"publisher\":{\"@id\":\"https:\/\/vosgesinfo.fr\/epinalinfo\/#organization\"},\"image\":{\"@id\":\"https:\/\/vosgesinfo.fr\/epinalinfo\/2025\/03\/cafe-jazz-un-voyage-musical-envoutant-avec-alex-stuart-group\/#primaryimage\"},\"thumbnailUrl\":\"https:\/\/vosgesinfo.fr\/app\/uploads\/sites\/3\/2025\/03\/thumbnail-alex-stuart-group-1.jpg\",\"keywords\":[\"Caf\u00e9 Jazz\",\"Epinal\",\"musique\"],\"articleSection\":[\"A la Une\",\"Epinal\"],\"inLanguage\":\"fr-FR\",\"potentialAction\":[{\"@type\":\"CommentAction\",\"name\":\"Comment\",\"target\":[\"https:\/\/vosgesinfo.fr\/epinalinfo\/2025\/03\/cafe-jazz-un-voyage-musical-envoutant-avec-alex-stuart-group\/#respond\"]}]},{\"@type\":\"WebPage\",\"@id\":\"https:\/\/vosgesinfo.fr\/epinalinfo\/2025\/03\/cafe-jazz-un-voyage-musical-envoutant-avec-alex-stuart-group\/\",\"url\":\"https:\/\/vosgesinfo.fr\/epinalinfo\/2025\/03\/cafe-jazz-un-voyage-musical-envoutant-avec-alex-stuart-group\/\",\"name\":\"Caf\u00e9 Jazz : Un voyage musical envo\u00fbtant avec Alex Stuart Group - Epinal Info\",\"isPartOf\":{\"@id\":\"https:\/\/vosgesinfo.fr\/epinalinfo\/#website\"},\"primaryImageOfPage\":{\"@id\":\"https:\/\/vosgesinfo.fr\/epinalinfo\/2025\/03\/cafe-jazz-un-voyage-musical-envoutant-avec-alex-stuart-group\/#primaryimage\"},\"image\":{\"@id\":\"https:\/\/vosgesinfo.fr\/epinalinfo\/2025\/03\/cafe-jazz-un-voyage-musical-envoutant-avec-alex-stuart-group\/#primaryimage\"},\"thumbnailUrl\":\"https:\/\/vosgesinfo.fr\/app\/uploads\/sites\/3\/2025\/03\/thumbnail-alex-stuart-group-1.jpg\",\"datePublished\":\"2025-03-27T09:50:43+00:00\",\"dateModified\":\"2025-03-27T09:43:16+00:00\",\"breadcrumb\":{\"@id\":\"https:\/\/vosgesinfo.fr\/epinalinfo\/2025\/03\/cafe-jazz-un-voyage-musical-envoutant-avec-alex-stuart-group\/#breadcrumb\"},\"inLanguage\":\"fr-FR\",\"potentialAction\":[{\"@type\":\"ReadAction\",\"target\":[\"https:\/\/vosgesinfo.fr\/epinalinfo\/2025\/03\/cafe-jazz-un-voyage-musical-envoutant-avec-alex-stuart-group\/\"]}]},{\"@type\":\"ImageObject\",\"inLanguage\":\"fr-FR\",\"@id\":\"https:\/\/vosgesinfo.fr\/epinalinfo\/2025\/03\/cafe-jazz-un-voyage-musical-envoutant-avec-alex-stuart-group\/#primaryimage\",\"url\":\"https:\/\/vosgesinfo.fr\/app\/uploads\/sites\/3\/2025\/03\/thumbnail-alex-stuart-group-1.jpg\",\"contentUrl\":\"https:\/\/vosgesinfo.fr\/app\/uploads\/sites\/3\/2025\/03\/thumbnail-alex-stuart-group-1.jpg\",\"width\":1024,\"height\":683},{\"@type\":\"BreadcrumbList\",\"@id\":\"https:\/\/vosgesinfo.fr\/epinalinfo\/2025\/03\/cafe-jazz-un-voyage-musical-envoutant-avec-alex-stuart-group\/#breadcrumb\",\"itemListElement\":[{\"@type\":\"ListItem\",\"position\":1,\"name\":\"Home\",\"item\":\"https:\/\/vosgesinfo.fr\/epinalinfo\/\"},{\"@type\":\"ListItem\",\"position\":2,\"name\":\"Caf\u00e9 Jazz : Un voyage musical envo\u00fbtant avec Alex Stuart Group\"}]},{\"@type\":\"WebSite\",\"@id\":\"https:\/\/vosgesinfo.fr\/epinalinfo\/#website\",\"url\":\"https:\/\/vosgesinfo.fr\/epinalinfo\/\",\"name\":\"Epinal Info\",\"description\":\"Toute l&#039;actualit\u00e9 d&#039;\u00c9pinal\",\"publisher\":{\"@id\":\"https:\/\/vosgesinfo.fr\/epinalinfo\/#organization\"},\"alternateName\":\"Toute l'actualit\u00e9 d'\u00c9pinal\",\"potentialAction\":[{\"@type\":\"SearchAction\",\"target\":{\"@type\":\"EntryPoint\",\"urlTemplate\":\"https:\/\/vosgesinfo.fr\/epinalinfo\/?s={search_term_string}\"},\"query-input\":\"required name=search_term_string\"}],\"inLanguage\":\"fr-FR\"},{\"@type\":\"Organization\",\"@id\":\"https:\/\/vosgesinfo.fr\/epinalinfo\/#organization\",\"name\":\"Epinal Info\",\"url\":\"https:\/\/vosgesinfo.fr\/epinalinfo\/\",\"logo\":{\"@type\":\"ImageObject\",\"inLanguage\":\"fr-FR\",\"@id\":\"https:\/\/vosgesinfo.fr\/epinalinfo\/#\/schema\/logo\/image\/\",\"url\":\"https:\/\/vosgesinfo.fr\/app\/uploads\/sites\/3\/2023\/08\/logo-epinalinfos.svg\",\"contentUrl\":\"https:\/\/vosgesinfo.fr\/app\/uploads\/sites\/3\/2023\/08\/logo-epinalinfos.svg\",\"width\":1,\"height\":1,\"caption\":\"Epinal Info\"},\"image\":{\"@id\":\"https:\/\/vosgesinfo.fr\/epinalinfo\/#\/schema\/logo\/image\/\"},\"sameAs\":[\"https:\/\/www.facebook.com\/Epinalinfos\",\"https:\/\/x.com\/VosgesInfo88\",\"https:\/\/www.youtube.com\/@vosgesinfo\"]},{\"@type\":\"Person\",\"@id\":\"https:\/\/vosgesinfo.fr\/epinalinfo\/#\/schema\/person\/6f9a650eeea99d969b6c4ab78fccbe81\",\"name\":\"C.K.\",\"image\":{\"@type\":\"ImageObject\",\"inLanguage\":\"fr-FR\",\"@id\":\"https:\/\/vosgesinfo.fr\/epinalinfo\/#\/schema\/person\/image\/\",\"url\":\"https:\/\/secure.gravatar.com\/avatar\/48e3fc7f8421ba8942be6b74a2b7f014ca39bc00dece156b7a8e098ae7dc87bf?s=96&d=mm&r=g\",\"contentUrl\":\"https:\/\/secure.gravatar.com\/avatar\/48e3fc7f8421ba8942be6b74a2b7f014ca39bc00dece156b7a8e098ae7dc87bf?s=96&d=mm&r=g\",\"caption\":\"C.K.\"},\"url\":\"https:\/\/vosgesinfo.fr\/epinalinfo\/author\/celia-k-n\/\"}]}<\/script>\n<!-- \/ Yoast SEO plugin. -->","yoast_head_json":{"title":"Caf\u00e9 Jazz : Un voyage musical envo\u00fbtant avec Alex Stuart Group - Epinal Info","robots":{"index":"index","follow":"follow","max-snippet":"max-snippet:-1","max-image-preview":"max-image-preview:large","max-video-preview":"max-video-preview:-1"},"canonical":"https:\/\/vosgesinfo.fr\/epinalinfo\/2025\/03\/cafe-jazz-un-voyage-musical-envoutant-avec-alex-stuart-group\/","twitter_card":"summary_large_image","twitter_title":"Caf\u00e9 Jazz : Un voyage musical envo\u00fbtant avec Alex Stuart Group - Epinal Info","twitter_description":"L\u2019Association Lavoir Entendu donne rendez-vous aux amateurs de jazz pour une soir\u00e9e exceptionnelle ! Le prochain Caf\u00e9 Jazz se tiendra [&hellip;]","twitter_image":"https:\/\/vosgesinfo.fr\/app\/uploads\/sites\/3\/2025\/03\/thumbnail-alex-stuart-group-1.jpg","twitter_creator":"@VosgesInfo88","twitter_site":"@VosgesInfo88","twitter_misc":{"\u00c9crit par":"C.K.","Dur\u00e9e de lecture estim\u00e9e":"1 minute"},"schema":{"@context":"https:\/\/schema.org","@graph":[{"@type":"Article","@id":"https:\/\/vosgesinfo.fr\/epinalinfo\/2025\/03\/cafe-jazz-un-voyage-musical-envoutant-avec-alex-stuart-group\/#article","isPartOf":{"@id":"https:\/\/vosgesinfo.fr\/epinalinfo\/2025\/03\/cafe-jazz-un-voyage-musical-envoutant-avec-alex-stuart-group\/"},"author":{"name":"C.K.","@id":"https:\/\/vosgesinfo.fr\/epinalinfo\/#\/schema\/person\/6f9a650eeea99d969b6c4ab78fccbe81"},"headline":"Caf\u00e9 Jazz : Un voyage musical envo\u00fbtant avec Alex Stuart Group","datePublished":"2025-03-27T09:50:43+00:00","dateModified":"2025-03-27T09:43:16+00:00","mainEntityOfPage":{"@id":"https:\/\/vosgesinfo.fr\/epinalinfo\/2025\/03\/cafe-jazz-un-voyage-musical-envoutant-avec-alex-stuart-group\/"},"wordCount":246,"commentCount":0,"publisher":{"@id":"https:\/\/vosgesinfo.fr\/epinalinfo\/#organization"},"image":{"@id":"https:\/\/vosgesinfo.fr\/epinalinfo\/2025\/03\/cafe-jazz-un-voyage-musical-envoutant-avec-alex-stuart-group\/#primaryimage"},"thumbnailUrl":"https:\/\/vosgesinfo.fr\/app\/uploads\/sites\/3\/2025\/03\/thumbnail-alex-stuart-group-1.jpg","keywords":["Caf\u00e9 Jazz","Epinal","musique"],"articleSection":["A la Une","Epinal"],"inLanguage":"fr-FR","potentialAction":[{"@type":"CommentAction","name":"Comment","target":["https:\/\/vosgesinfo.fr\/epinalinfo\/2025\/03\/cafe-jazz-un-voyage-musical-envoutant-avec-alex-stuart-group\/#respond"]}]},{"@type":"WebPage","@id":"https:\/\/vosgesinfo.fr\/epinalinfo\/2025\/03\/cafe-jazz-un-voyage-musical-envoutant-avec-alex-stuart-group\/","url":"https:\/\/vosgesinfo.fr\/epinalinfo\/2025\/03\/cafe-jazz-un-voyage-musical-envoutant-avec-alex-stuart-group\/","name":"Caf\u00e9 Jazz : Un voyage musical envo\u00fbtant avec Alex Stuart Group - Epinal Info","isPartOf":{"@id":"https:\/\/vosgesinfo.fr\/epinalinfo\/#website"},"primaryImageOfPage":{"@id":"https:\/\/vosgesinfo.fr\/epinalinfo\/2025\/03\/cafe-jazz-un-voyage-musical-envoutant-avec-alex-stuart-group\/#primaryimage"},"image":{"@id":"https:\/\/vosgesinfo.fr\/epinalinfo\/2025\/03\/cafe-jazz-un-voyage-musical-envoutant-avec-alex-stuart-group\/#primaryimage"},"thumbnailUrl":"https:\/\/vosgesinfo.fr\/app\/uploads\/sites\/3\/2025\/03\/thumbnail-alex-stuart-group-1.jpg","datePublished":"2025-03-27T09:50:43+00:00","dateModified":"2025-03-27T09:43:16+00:00","breadcrumb":{"@id":"https:\/\/vosgesinfo.fr\/epinalinfo\/2025\/03\/cafe-jazz-un-voyage-musical-envoutant-avec-alex-stuart-group\/#breadcrumb"},"inLanguage":"fr-FR","potentialAction":[{"@type":"ReadAction","target":["https:\/\/vosgesinfo.fr\/epinalinfo\/2025\/03\/cafe-jazz-un-voyage-musical-envoutant-avec-alex-stuart-group\/"]}]},{"@type":"ImageObject","inLanguage":"fr-FR","@id":"https:\/\/vosgesinfo.fr\/epinalinfo\/2025\/03\/cafe-jazz-un-voyage-musical-envoutant-avec-alex-stuart-group\/#primaryimage","url":"https:\/\/vosgesinfo.fr\/app\/uploads\/sites\/3\/2025\/03\/thumbnail-alex-stuart-group-1.jpg","contentUrl":"https:\/\/vosgesinfo.fr\/app\/uploads\/sites\/3\/2025\/03\/thumbnail-alex-stuart-group-1.jpg","width":1024,"height":683},{"@type":"BreadcrumbList","@id":"https:\/\/vosgesinfo.fr\/epinalinfo\/2025\/03\/cafe-jazz-un-voyage-musical-envoutant-avec-alex-stuart-group\/#breadcrumb","itemListElement":[{"@type":"ListItem","position":1,"name":"Home","item":"https:\/\/vosgesinfo.fr\/epinalinfo\/"},{"@type":"ListItem","position":2,"name":"Caf\u00e9 Jazz : Un voyage musical envo\u00fbtant avec Alex Stuart Group"}]},{"@type":"WebSite","@id":"https:\/\/vosgesinfo.fr\/epinalinfo\/#website","url":"https:\/\/vosgesinfo.fr\/epinalinfo\/","name":"Epinal Info","description":"Toute l&#039;actualit\u00e9 d&#039;\u00c9pinal","publisher":{"@id":"https:\/\/vosgesinfo.fr\/epinalinfo\/#organization"},"alternateName":"Toute l'actualit\u00e9 d'\u00c9pinal","potentialAction":[{"@type":"SearchAction","target":{"@type":"EntryPoint","urlTemplate":"https:\/\/vosgesinfo.fr\/epinalinfo\/?s={search_term_string}"},"query-input":"required name=search_term_string"}],"inLanguage":"fr-FR"},{"@type":"Organization","@id":"https:\/\/vosgesinfo.fr\/epinalinfo\/#organization","name":"Epinal Info","url":"https:\/\/vosgesinfo.fr\/epinalinfo\/","logo":{"@type":"ImageObject","inLanguage":"fr-FR","@id":"https:\/\/vosgesinfo.fr\/epinalinfo\/#\/schema\/logo\/image\/","url":"https:\/\/vosgesinfo.fr\/app\/uploads\/sites\/3\/2023\/08\/logo-epinalinfos.svg","contentUrl":"https:\/\/vosgesinfo.fr\/app\/uploads\/sites\/3\/2023\/08\/logo-epinalinfos.svg","width":1,"height":1,"caption":"Epinal Info"},"image":{"@id":"https:\/\/vosgesinfo.fr\/epinalinfo\/#\/schema\/logo\/image\/"},"sameAs":["https:\/\/www.facebook.com\/Epinalinfos","https:\/\/x.com\/VosgesInfo88","https:\/\/www.youtube.com\/@vosgesinfo"]},{"@type":"Person","@id":"https:\/\/vosgesinfo.fr\/epinalinfo\/#\/schema\/person\/6f9a650eeea99d969b6c4ab78fccbe81","name":"C.K.","image":{"@type":"ImageObject","inLanguage":"fr-FR","@id":"https:\/\/vosgesinfo.fr\/epinalinfo\/#\/schema\/person\/image\/","url":"https:\/\/secure.gravatar.com\/avatar\/48e3fc7f8421ba8942be6b74a2b7f014ca39bc00dece156b7a8e098ae7dc87bf?s=96&d=mm&r=g","contentUrl":"https:\/\/secure.gravatar.com\/avatar\/48e3fc7f8421ba8942be6b74a2b7f014ca39bc00dece156b7a8e098ae7dc87bf?s=96&d=mm&r=g","caption":"C.K."},"url":"https:\/\/vosgesinfo.fr\/epinalinfo\/author\/celia-k-n\/"}]}},"_links":{"self":[{"href":"https:\/\/vosgesinfo.fr\/epinalinfo\/wp-json\/wp\/v2\/posts\/130251","targetHints":{"allow":["GET"]}}],"collection":[{"href":"https:\/\/vosgesinfo.fr\/epinalinfo\/wp-json\/wp\/v2\/posts"}],"about":[{"href":"https:\/\/vosgesinfo.fr\/epinalinfo\/wp-json\/wp\/v2\/types\/post"}],"author":[{"embeddable":true,"href":"https:\/\/vosgesinfo.fr\/epinalinfo\/wp-json\/wp\/v2\/users\/52"}],"replies":[{"embeddable":true,"href":"https:\/\/vosgesinfo.fr\/epinalinfo\/wp-json\/wp\/v2\/comments?post=130251"}],"version-history":[{"count":1,"href":"https:\/\/vosgesinfo.fr\/epinalinfo\/wp-json\/wp\/v2\/posts\/130251\/revisions"}],"predecessor-version":[{"id":130254,"href":"https:\/\/vosgesinfo.fr\/epinalinfo\/wp-json\/wp\/v2\/posts\/130251\/revisions\/130254"}],"wp:featuredmedia":[{"embeddable":true,"href":"https:\/\/vosgesinfo.fr\/epinalinfo\/wp-json\/wp\/v2\/media\/130252"}],"wp:attachment":[{"href":"https:\/\/vosgesinfo.fr\/epinalinfo\/wp-json\/wp\/v2\/media?parent=130251"}],"wp:term":[{"taxonomy":"category","embeddable":true,"href":"https:\/\/vosgesinfo.fr\/epinalinfo\/wp-json\/wp\/v2\/categories?post=130251"},{"taxonomy":"post_tag","embeddable":true,"href":"https:\/\/vosgesinfo.fr\/epinalinfo\/wp-json\/wp\/v2\/tags?post=130251"}],"curies":[{"name":"wp","href":"https:\/\/api.w.org\/{rel}","templated":true}]}}