{"id":130255,"date":"2025-03-27T11:00:40","date_gmt":"2025-03-27T10:00:40","guid":{"rendered":"https:\/\/vosgesinfo.fr\/epinalinfo\/?p=130255"},"modified":"2025-03-27T10:45:39","modified_gmt":"2025-03-27T09:45:39","slug":"france-services-bruyeres-animation-france-renov-le-10-avril","status":"publish","type":"post","link":"https:\/\/vosgesinfo.fr\/epinalinfo\/2025\/03\/france-services-bruyeres-animation-france-renov-le-10-avril\/","title":{"rendered":"France Services Bruy\u00e8res : animation France R\u00e9nov&rsquo; le 10 avril"},"content":{"rendered":"<p class=\"x_MsoNormal\" data-olk-copy-source=\"MessageBody\"><a href=\"https:\/\/vosgesinfo.fr\/app\/uploads\/sites\/3\/2025\/03\/486832896-584236794634901-5389239064238165747-n.jpg\"><img decoding=\"async\" class=\"aligncenter size-full wp-image-130256\" src=\"https:\/\/vosgesinfo.fr\/app\/uploads\/sites\/3\/2025\/03\/486832896-584236794634901-5389239064238165747-n.jpg\" alt=\"\" width=\"1449\" height=\"1875\" srcset=\"https:\/\/vosgesinfo.fr\/app\/uploads\/sites\/3\/2025\/03\/486832896-584236794634901-5389239064238165747-n.jpg 1449w, https:\/\/vosgesinfo.fr\/app\/uploads\/sites\/3\/2025\/03\/486832896-584236794634901-5389239064238165747-n-232x300.jpg 232w, https:\/\/vosgesinfo.fr\/app\/uploads\/sites\/3\/2025\/03\/486832896-584236794634901-5389239064238165747-n-791x1024.jpg 791w, https:\/\/vosgesinfo.fr\/app\/uploads\/sites\/3\/2025\/03\/486832896-584236794634901-5389239064238165747-n-768x994.jpg 768w, https:\/\/vosgesinfo.fr\/app\/uploads\/sites\/3\/2025\/03\/486832896-584236794634901-5389239064238165747-n-1187x1536.jpg 1187w\" sizes=\"(max-width: 1449px) 100vw, 1449px\" \/><\/a>L\u2019\u00e9quipe France Services de Bruy\u00e8res convie tous les habitants de la communaut\u00e9 de communes \u00e0 une animation de pr\u00e9sentation du dispositif France R\u00e9nov\u2019 le jeudi 10 avril de 14h \u00e0 16h \u00e0 la salle de convivialit\u00e9 de la maison des associations de Bruy\u00e8res (19b rue du g\u00e9n\u00e9ral de Gaulle).<\/p>\n<p class=\"x_MsoNormal\">R\u00e9novez malin : venez d\u00e9couvrir les cl\u00e9s d\u2019une r\u00e9novation r\u00e9ussie et les aides financi\u00e8res qui vous accompagnent avec Simon Duch\u00eane, conseiller France R\u00e9nov\u2019 \u00e0 la maison de l\u2019Habitat et de l\u2019\u00e9nergie de Saint-Di\u00e9-des-Vosges.<\/p>\n<p class=\"x_MsoNormal\" aria-hidden=\"true\">\n<p class=\"x_MsoNormal\">Inscriptions aupr\u00e8s de France Services Bruy\u00e8res : 03.29.57.99.79 ou en vous rendant sur place (4 place Stanislas)<\/p>\n","protected":false},"excerpt":{"rendered":"<p>L\u2019\u00e9quipe France Services de Bruy\u00e8res convie tous les habitants de la communaut\u00e9 de communes \u00e0 une animation de pr\u00e9sentation du [&hellip;]<\/p>\n","protected":false},"author":52,"featured_media":130256,"comment_status":"open","ping_status":"open","sticky":false,"template":"","format":"standard","meta":{"footnotes":""},"categories":[22,60,24],"tags":[16318,16317],"class_list":["post-130255","post","type-post","status-publish","format-standard","has-post-thumbnail","hentry","category-a-la-une","category-bruyeres","category-epinal","tag-animation-france-renov","tag-france-services-bruyeres"],"acf":[],"yoast_head":"<!-- This site is optimized with the Yoast SEO plugin v22.5 - https:\/\/yoast.com\/wordpress\/plugins\/seo\/ -->\n<title>France Services Bruy\u00e8res : animation France R\u00e9nov&#039; le 10 avril - Epinal Info<\/title>\n<meta name=\"robots\" content=\"index, follow, max-snippet:-1, max-image-preview:large, max-video-preview:-1\" \/>\n<link rel=\"canonical\" href=\"https:\/\/vosgesinfo.fr\/epinalinfo\/2025\/03\/france-services-bruyeres-animation-france-renov-le-10-avril\/\" \/>\n<meta name=\"twitter:card\" content=\"summary_large_image\" \/>\n<meta name=\"twitter:title\" content=\"France Services Bruy\u00e8res : animation France R\u00e9nov&#039; le 10 avril - Epinal Info\" \/>\n<meta name=\"twitter:description\" content=\"L\u2019\u00e9quipe France Services de Bruy\u00e8res convie tous les habitants de la communaut\u00e9 de communes \u00e0 une animation de pr\u00e9sentation du [&hellip;]\" \/>\n<meta name=\"twitter:image\" content=\"https:\/\/vosgesinfo.fr\/app\/uploads\/sites\/3\/2025\/03\/486832896-584236794634901-5389239064238165747-n.jpg\" \/>\n<meta name=\"twitter:creator\" content=\"@VosgesInfo88\" \/>\n<meta name=\"twitter:site\" content=\"@VosgesInfo88\" \/>\n<meta name=\"twitter:label1\" content=\"\u00c9crit par\" \/>\n\t<meta name=\"twitter:data1\" content=\"C.K.\" \/>\n\t<meta name=\"twitter:label2\" content=\"Dur\u00e9e de lecture estim\u00e9e\" \/>\n\t<meta name=\"twitter:data2\" content=\"1 minute\" \/>\n<script type=\"application\/ld+json\" class=\"yoast-schema-graph\">{\"@context\":\"https:\/\/schema.org\",\"@graph\":[{\"@type\":\"Article\",\"@id\":\"https:\/\/vosgesinfo.fr\/epinalinfo\/2025\/03\/france-services-bruyeres-animation-france-renov-le-10-avril\/#article\",\"isPartOf\":{\"@id\":\"https:\/\/vosgesinfo.fr\/epinalinfo\/2025\/03\/france-services-bruyeres-animation-france-renov-le-10-avril\/\"},\"author\":{\"name\":\"C.K.\",\"@id\":\"https:\/\/vosgesinfo.fr\/epinalinfo\/#\/schema\/person\/6f9a650eeea99d969b6c4ab78fccbe81\"},\"headline\":\"France Services Bruy\u00e8res : animation France R\u00e9nov&rsquo; le 10 avril\",\"datePublished\":\"2025-03-27T10:00:40+00:00\",\"dateModified\":\"2025-03-27T09:45:39+00:00\",\"mainEntityOfPage\":{\"@id\":\"https:\/\/vosgesinfo.fr\/epinalinfo\/2025\/03\/france-services-bruyeres-animation-france-renov-le-10-avril\/\"},\"wordCount\":121,\"commentCount\":0,\"publisher\":{\"@id\":\"https:\/\/vosgesinfo.fr\/epinalinfo\/#organization\"},\"image\":{\"@id\":\"https:\/\/vosgesinfo.fr\/epinalinfo\/2025\/03\/france-services-bruyeres-animation-france-renov-le-10-avril\/#primaryimage\"},\"thumbnailUrl\":\"https:\/\/vosgesinfo.fr\/app\/uploads\/sites\/3\/2025\/03\/486832896-584236794634901-5389239064238165747-n.jpg\",\"keywords\":[\"animation France R\u00e9nov'\",\"France Services Bruy\u00e8res\"],\"articleSection\":[\"A la Une\",\"Bruy\u00e8res\",\"Epinal\"],\"inLanguage\":\"fr-FR\",\"potentialAction\":[{\"@type\":\"CommentAction\",\"name\":\"Comment\",\"target\":[\"https:\/\/vosgesinfo.fr\/epinalinfo\/2025\/03\/france-services-bruyeres-animation-france-renov-le-10-avril\/#respond\"]}]},{\"@type\":\"WebPage\",\"@id\":\"https:\/\/vosgesinfo.fr\/epinalinfo\/2025\/03\/france-services-bruyeres-animation-france-renov-le-10-avril\/\",\"url\":\"https:\/\/vosgesinfo.fr\/epinalinfo\/2025\/03\/france-services-bruyeres-animation-france-renov-le-10-avril\/\",\"name\":\"France Services Bruy\u00e8res : animation France R\u00e9nov' le 10 avril - Epinal Info\",\"isPartOf\":{\"@id\":\"https:\/\/vosgesinfo.fr\/epinalinfo\/#website\"},\"primaryImageOfPage\":{\"@id\":\"https:\/\/vosgesinfo.fr\/epinalinfo\/2025\/03\/france-services-bruyeres-animation-france-renov-le-10-avril\/#primaryimage\"},\"image\":{\"@id\":\"https:\/\/vosgesinfo.fr\/epinalinfo\/2025\/03\/france-services-bruyeres-animation-france-renov-le-10-avril\/#primaryimage\"},\"thumbnailUrl\":\"https:\/\/vosgesinfo.fr\/app\/uploads\/sites\/3\/2025\/03\/486832896-584236794634901-5389239064238165747-n.jpg\",\"datePublished\":\"2025-03-27T10:00:40+00:00\",\"dateModified\":\"2025-03-27T09:45:39+00:00\",\"breadcrumb\":{\"@id\":\"https:\/\/vosgesinfo.fr\/epinalinfo\/2025\/03\/france-services-bruyeres-animation-france-renov-le-10-avril\/#breadcrumb\"},\"inLanguage\":\"fr-FR\",\"potentialAction\":[{\"@type\":\"ReadAction\",\"target\":[\"https:\/\/vosgesinfo.fr\/epinalinfo\/2025\/03\/france-services-bruyeres-animation-france-renov-le-10-avril\/\"]}]},{\"@type\":\"ImageObject\",\"inLanguage\":\"fr-FR\",\"@id\":\"https:\/\/vosgesinfo.fr\/epinalinfo\/2025\/03\/france-services-bruyeres-animation-france-renov-le-10-avril\/#primaryimage\",\"url\":\"https:\/\/vosgesinfo.fr\/app\/uploads\/sites\/3\/2025\/03\/486832896-584236794634901-5389239064238165747-n.jpg\",\"contentUrl\":\"https:\/\/vosgesinfo.fr\/app\/uploads\/sites\/3\/2025\/03\/486832896-584236794634901-5389239064238165747-n.jpg\",\"width\":1449,\"height\":1875},{\"@type\":\"BreadcrumbList\",\"@id\":\"https:\/\/vosgesinfo.fr\/epinalinfo\/2025\/03\/france-services-bruyeres-animation-france-renov-le-10-avril\/#breadcrumb\",\"itemListElement\":[{\"@type\":\"ListItem\",\"position\":1,\"name\":\"Home\",\"item\":\"https:\/\/vosgesinfo.fr\/epinalinfo\/\"},{\"@type\":\"ListItem\",\"position\":2,\"name\":\"France Services Bruy\u00e8res : animation France R\u00e9nov&rsquo; le 10 avril\"}]},{\"@type\":\"WebSite\",\"@id\":\"https:\/\/vosgesinfo.fr\/epinalinfo\/#website\",\"url\":\"https:\/\/vosgesinfo.fr\/epinalinfo\/\",\"name\":\"Epinal Info\",\"description\":\"Toute l&#039;actualit\u00e9 d&#039;\u00c9pinal\",\"publisher\":{\"@id\":\"https:\/\/vosgesinfo.fr\/epinalinfo\/#organization\"},\"alternateName\":\"Toute l'actualit\u00e9 d'\u00c9pinal\",\"potentialAction\":[{\"@type\":\"SearchAction\",\"target\":{\"@type\":\"EntryPoint\",\"urlTemplate\":\"https:\/\/vosgesinfo.fr\/epinalinfo\/?s={search_term_string}\"},\"query-input\":\"required name=search_term_string\"}],\"inLanguage\":\"fr-FR\"},{\"@type\":\"Organization\",\"@id\":\"https:\/\/vosgesinfo.fr\/epinalinfo\/#organization\",\"name\":\"Epinal Info\",\"url\":\"https:\/\/vosgesinfo.fr\/epinalinfo\/\",\"logo\":{\"@type\":\"ImageObject\",\"inLanguage\":\"fr-FR\",\"@id\":\"https:\/\/vosgesinfo.fr\/epinalinfo\/#\/schema\/logo\/image\/\",\"url\":\"https:\/\/vosgesinfo.fr\/app\/uploads\/sites\/3\/2023\/08\/logo-epinalinfos.svg\",\"contentUrl\":\"https:\/\/vosgesinfo.fr\/app\/uploads\/sites\/3\/2023\/08\/logo-epinalinfos.svg\",\"width\":1,\"height\":1,\"caption\":\"Epinal Info\"},\"image\":{\"@id\":\"https:\/\/vosgesinfo.fr\/epinalinfo\/#\/schema\/logo\/image\/\"},\"sameAs\":[\"https:\/\/www.facebook.com\/Epinalinfos\",\"https:\/\/x.com\/VosgesInfo88\",\"https:\/\/www.youtube.com\/@vosgesinfo\"]},{\"@type\":\"Person\",\"@id\":\"https:\/\/vosgesinfo.fr\/epinalinfo\/#\/schema\/person\/6f9a650eeea99d969b6c4ab78fccbe81\",\"name\":\"C.K.\",\"image\":{\"@type\":\"ImageObject\",\"inLanguage\":\"fr-FR\",\"@id\":\"https:\/\/vosgesinfo.fr\/epinalinfo\/#\/schema\/person\/image\/\",\"url\":\"https:\/\/secure.gravatar.com\/avatar\/48e3fc7f8421ba8942be6b74a2b7f014ca39bc00dece156b7a8e098ae7dc87bf?s=96&d=mm&r=g\",\"contentUrl\":\"https:\/\/secure.gravatar.com\/avatar\/48e3fc7f8421ba8942be6b74a2b7f014ca39bc00dece156b7a8e098ae7dc87bf?s=96&d=mm&r=g\",\"caption\":\"C.K.\"},\"url\":\"https:\/\/vosgesinfo.fr\/epinalinfo\/author\/celia-k-n\/\"}]}<\/script>\n<!-- \/ Yoast SEO plugin. -->","yoast_head_json":{"title":"France Services Bruy\u00e8res : animation France R\u00e9nov' le 10 avril - Epinal Info","robots":{"index":"index","follow":"follow","max-snippet":"max-snippet:-1","max-image-preview":"max-image-preview:large","max-video-preview":"max-video-preview:-1"},"canonical":"https:\/\/vosgesinfo.fr\/epinalinfo\/2025\/03\/france-services-bruyeres-animation-france-renov-le-10-avril\/","twitter_card":"summary_large_image","twitter_title":"France Services Bruy\u00e8res : animation France R\u00e9nov' le 10 avril - Epinal Info","twitter_description":"L\u2019\u00e9quipe France Services de Bruy\u00e8res convie tous les habitants de la communaut\u00e9 de communes \u00e0 une animation de pr\u00e9sentation du [&hellip;]","twitter_image":"https:\/\/vosgesinfo.fr\/app\/uploads\/sites\/3\/2025\/03\/486832896-584236794634901-5389239064238165747-n.jpg","twitter_creator":"@VosgesInfo88","twitter_site":"@VosgesInfo88","twitter_misc":{"\u00c9crit par":"C.K.","Dur\u00e9e de lecture estim\u00e9e":"1 minute"},"schema":{"@context":"https:\/\/schema.org","@graph":[{"@type":"Article","@id":"https:\/\/vosgesinfo.fr\/epinalinfo\/2025\/03\/france-services-bruyeres-animation-france-renov-le-10-avril\/#article","isPartOf":{"@id":"https:\/\/vosgesinfo.fr\/epinalinfo\/2025\/03\/france-services-bruyeres-animation-france-renov-le-10-avril\/"},"author":{"name":"C.K.","@id":"https:\/\/vosgesinfo.fr\/epinalinfo\/#\/schema\/person\/6f9a650eeea99d969b6c4ab78fccbe81"},"headline":"France Services Bruy\u00e8res : animation France R\u00e9nov&rsquo; le 10 avril","datePublished":"2025-03-27T10:00:40+00:00","dateModified":"2025-03-27T09:45:39+00:00","mainEntityOfPage":{"@id":"https:\/\/vosgesinfo.fr\/epinalinfo\/2025\/03\/france-services-bruyeres-animation-france-renov-le-10-avril\/"},"wordCount":121,"commentCount":0,"publisher":{"@id":"https:\/\/vosgesinfo.fr\/epinalinfo\/#organization"},"image":{"@id":"https:\/\/vosgesinfo.fr\/epinalinfo\/2025\/03\/france-services-bruyeres-animation-france-renov-le-10-avril\/#primaryimage"},"thumbnailUrl":"https:\/\/vosgesinfo.fr\/app\/uploads\/sites\/3\/2025\/03\/486832896-584236794634901-5389239064238165747-n.jpg","keywords":["animation France R\u00e9nov'","France Services Bruy\u00e8res"],"articleSection":["A la Une","Bruy\u00e8res","Epinal"],"inLanguage":"fr-FR","potentialAction":[{"@type":"CommentAction","name":"Comment","target":["https:\/\/vosgesinfo.fr\/epinalinfo\/2025\/03\/france-services-bruyeres-animation-france-renov-le-10-avril\/#respond"]}]},{"@type":"WebPage","@id":"https:\/\/vosgesinfo.fr\/epinalinfo\/2025\/03\/france-services-bruyeres-animation-france-renov-le-10-avril\/","url":"https:\/\/vosgesinfo.fr\/epinalinfo\/2025\/03\/france-services-bruyeres-animation-france-renov-le-10-avril\/","name":"France Services Bruy\u00e8res : animation France R\u00e9nov' le 10 avril - Epinal Info","isPartOf":{"@id":"https:\/\/vosgesinfo.fr\/epinalinfo\/#website"},"primaryImageOfPage":{"@id":"https:\/\/vosgesinfo.fr\/epinalinfo\/2025\/03\/france-services-bruyeres-animation-france-renov-le-10-avril\/#primaryimage"},"image":{"@id":"https:\/\/vosgesinfo.fr\/epinalinfo\/2025\/03\/france-services-bruyeres-animation-france-renov-le-10-avril\/#primaryimage"},"thumbnailUrl":"https:\/\/vosgesinfo.fr\/app\/uploads\/sites\/3\/2025\/03\/486832896-584236794634901-5389239064238165747-n.jpg","datePublished":"2025-03-27T10:00:40+00:00","dateModified":"2025-03-27T09:45:39+00:00","breadcrumb":{"@id":"https:\/\/vosgesinfo.fr\/epinalinfo\/2025\/03\/france-services-bruyeres-animation-france-renov-le-10-avril\/#breadcrumb"},"inLanguage":"fr-FR","potentialAction":[{"@type":"ReadAction","target":["https:\/\/vosgesinfo.fr\/epinalinfo\/2025\/03\/france-services-bruyeres-animation-france-renov-le-10-avril\/"]}]},{"@type":"ImageObject","inLanguage":"fr-FR","@id":"https:\/\/vosgesinfo.fr\/epinalinfo\/2025\/03\/france-services-bruyeres-animation-france-renov-le-10-avril\/#primaryimage","url":"https:\/\/vosgesinfo.fr\/app\/uploads\/sites\/3\/2025\/03\/486832896-584236794634901-5389239064238165747-n.jpg","contentUrl":"https:\/\/vosgesinfo.fr\/app\/uploads\/sites\/3\/2025\/03\/486832896-584236794634901-5389239064238165747-n.jpg","width":1449,"height":1875},{"@type":"BreadcrumbList","@id":"https:\/\/vosgesinfo.fr\/epinalinfo\/2025\/03\/france-services-bruyeres-animation-france-renov-le-10-avril\/#breadcrumb","itemListElement":[{"@type":"ListItem","position":1,"name":"Home","item":"https:\/\/vosgesinfo.fr\/epinalinfo\/"},{"@type":"ListItem","position":2,"name":"France Services Bruy\u00e8res : animation France R\u00e9nov&rsquo; le 10 avril"}]},{"@type":"WebSite","@id":"https:\/\/vosgesinfo.fr\/epinalinfo\/#website","url":"https:\/\/vosgesinfo.fr\/epinalinfo\/","name":"Epinal Info","description":"Toute l&#039;actualit\u00e9 d&#039;\u00c9pinal","publisher":{"@id":"https:\/\/vosgesinfo.fr\/epinalinfo\/#organization"},"alternateName":"Toute l'actualit\u00e9 d'\u00c9pinal","potentialAction":[{"@type":"SearchAction","target":{"@type":"EntryPoint","urlTemplate":"https:\/\/vosgesinfo.fr\/epinalinfo\/?s={search_term_string}"},"query-input":"required name=search_term_string"}],"inLanguage":"fr-FR"},{"@type":"Organization","@id":"https:\/\/vosgesinfo.fr\/epinalinfo\/#organization","name":"Epinal Info","url":"https:\/\/vosgesinfo.fr\/epinalinfo\/","logo":{"@type":"ImageObject","inLanguage":"fr-FR","@id":"https:\/\/vosgesinfo.fr\/epinalinfo\/#\/schema\/logo\/image\/","url":"https:\/\/vosgesinfo.fr\/app\/uploads\/sites\/3\/2023\/08\/logo-epinalinfos.svg","contentUrl":"https:\/\/vosgesinfo.fr\/app\/uploads\/sites\/3\/2023\/08\/logo-epinalinfos.svg","width":1,"height":1,"caption":"Epinal Info"},"image":{"@id":"https:\/\/vosgesinfo.fr\/epinalinfo\/#\/schema\/logo\/image\/"},"sameAs":["https:\/\/www.facebook.com\/Epinalinfos","https:\/\/x.com\/VosgesInfo88","https:\/\/www.youtube.com\/@vosgesinfo"]},{"@type":"Person","@id":"https:\/\/vosgesinfo.fr\/epinalinfo\/#\/schema\/person\/6f9a650eeea99d969b6c4ab78fccbe81","name":"C.K.","image":{"@type":"ImageObject","inLanguage":"fr-FR","@id":"https:\/\/vosgesinfo.fr\/epinalinfo\/#\/schema\/person\/image\/","url":"https:\/\/secure.gravatar.com\/avatar\/48e3fc7f8421ba8942be6b74a2b7f014ca39bc00dece156b7a8e098ae7dc87bf?s=96&d=mm&r=g","contentUrl":"https:\/\/secure.gravatar.com\/avatar\/48e3fc7f8421ba8942be6b74a2b7f014ca39bc00dece156b7a8e098ae7dc87bf?s=96&d=mm&r=g","caption":"C.K."},"url":"https:\/\/vosgesinfo.fr\/epinalinfo\/author\/celia-k-n\/"}]}},"_links":{"self":[{"href":"https:\/\/vosgesinfo.fr\/epinalinfo\/wp-json\/wp\/v2\/posts\/130255","targetHints":{"allow":["GET"]}}],"collection":[{"href":"https:\/\/vosgesinfo.fr\/epinalinfo\/wp-json\/wp\/v2\/posts"}],"about":[{"href":"https:\/\/vosgesinfo.fr\/epinalinfo\/wp-json\/wp\/v2\/types\/post"}],"author":[{"embeddable":true,"href":"https:\/\/vosgesinfo.fr\/epinalinfo\/wp-json\/wp\/v2\/users\/52"}],"replies":[{"embeddable":true,"href":"https:\/\/vosgesinfo.fr\/epinalinfo\/wp-json\/wp\/v2\/comments?post=130255"}],"version-history":[{"count":1,"href":"https:\/\/vosgesinfo.fr\/epinalinfo\/wp-json\/wp\/v2\/posts\/130255\/revisions"}],"predecessor-version":[{"id":130257,"href":"https:\/\/vosgesinfo.fr\/epinalinfo\/wp-json\/wp\/v2\/posts\/130255\/revisions\/130257"}],"wp:featuredmedia":[{"embeddable":true,"href":"https:\/\/vosgesinfo.fr\/epinalinfo\/wp-json\/wp\/v2\/media\/130256"}],"wp:attachment":[{"href":"https:\/\/vosgesinfo.fr\/epinalinfo\/wp-json\/wp\/v2\/media?parent=130255"}],"wp:term":[{"taxonomy":"category","embeddable":true,"href":"https:\/\/vosgesinfo.fr\/epinalinfo\/wp-json\/wp\/v2\/categories?post=130255"},{"taxonomy":"post_tag","embeddable":true,"href":"https:\/\/vosgesinfo.fr\/epinalinfo\/wp-json\/wp\/v2\/tags?post=130255"}],"curies":[{"name":"wp","href":"https:\/\/api.w.org\/{rel}","templated":true}]}}