{"id":130376,"date":"2025-03-30T11:15:27","date_gmt":"2025-03-30T09:15:27","guid":{"rendered":"https:\/\/vosgesinfo.fr\/epinalinfo\/?p=130376"},"modified":"2025-03-30T11:01:52","modified_gmt":"2025-03-30T09:01:52","slug":"marche-bleue-a-bouzey-une-mobilisation-pour-la-lutte-contre-le-cancer","status":"publish","type":"post","link":"https:\/\/vosgesinfo.fr\/epinalinfo\/2025\/03\/marche-bleue-a-bouzey-une-mobilisation-pour-la-lutte-contre-le-cancer\/","title":{"rendered":"Marche Bleue \u00e0 Bouzey : une mobilisation pour la lutte contre le cancer"},"content":{"rendered":"<h2><strong><a href=\"https:\/\/vosgesinfo.fr\/app\/uploads\/sites\/3\/2025\/03\/marche-bleue-bouzey-1.jpg\"><img decoding=\"async\" class=\"aligncenter size-full wp-image-130378\" src=\"https:\/\/vosgesinfo.fr\/app\/uploads\/sites\/3\/2025\/03\/marche-bleue-bouzey-1.jpg\" alt=\"\" width=\"1920\" height=\"1850\" srcset=\"https:\/\/vosgesinfo.fr\/app\/uploads\/sites\/3\/2025\/03\/marche-bleue-bouzey-1.jpg 1920w, https:\/\/vosgesinfo.fr\/app\/uploads\/sites\/3\/2025\/03\/marche-bleue-bouzey-1-300x289.jpg 300w, https:\/\/vosgesinfo.fr\/app\/uploads\/sites\/3\/2025\/03\/marche-bleue-bouzey-1-1024x987.jpg 1024w, https:\/\/vosgesinfo.fr\/app\/uploads\/sites\/3\/2025\/03\/marche-bleue-bouzey-1-768x740.jpg 768w, https:\/\/vosgesinfo.fr\/app\/uploads\/sites\/3\/2025\/03\/marche-bleue-bouzey-1-1536x1480.jpg 1536w\" sizes=\"(max-width: 1920px) 100vw, 1920px\" \/><\/a>Ce samedi 29 mars 2025, la Marche Bleue a rassembl\u00e9 marcheurs et b\u00e9n\u00e9voles autour du lac de Bouzey pour une ultime mobilisation dans le cadre de Mars Bleu, le mois d\u00e9di\u00e9 \u00e0 la sensibilisation \u00e0 la lutte contre le cancer. Cet \u00e9v\u00e9nement marquait la derni\u00e8re action de pr\u00e9vention organis\u00e9e dans le secteur, apr\u00e8s les marches de Thaon-les-Vosges, Chantraine et Uxegney.<\/strong><\/h2>\n<h3><strong>Une participation frein\u00e9e par la pluie<\/strong><\/h3>\n<p>La matin\u00e9e a d\u00e9but\u00e9 sous une pluie l\u00e9g\u00e8re, rendant la participation quelque peu timide mais \u00e0 mesure que le temps s\u2019am\u00e9liorait, les groupes se sont form\u00e9s dynamisant l\u2019ambiance autour du lac. Le d\u00e9part depuis la Maison du V\u00e9lo, point de rassemblement des participants, \u00e9tait \u00e9galement l\u2019endroit o\u00f9 ils s\u2019inscrivaient avant d\u2019entamer un parcours de 7 kilom\u00e8tres autour du lac de Bouzey moyennant une participation de 3 euros.<\/p>\n<p>Tout au long du circuit, des b\u00e9n\u00e9voles \u00e9taient post\u00e9s \u00e0 diff\u00e9rents endroits, pour encadrer la marche.<\/p>\n<p>Un b\u00e9n\u00e9vole, raconte : <em>\u00ab\u00a0Ce matin, on \u00e9tait peu nombreux, mais au fil des heures, les gens arrivent. C\u2019est bien de voir que malgr\u00e9 la m\u00e9t\u00e9o, les gens restent mobilis\u00e9s.\u00a0\u00bb<\/em><\/p>\n<h3><strong>Sensibiliser et informer<\/strong><\/h3>\n<p>Un stand d&rsquo;information \u00e9tait \u00e9galement tenu par des b\u00e9n\u00e9voles de la Ligue contre le cancer o\u00f9 des brochures sur la pr\u00e9vention et le d\u00e9pistage \u00e9taient mises \u00e0 disposition et chaque participant \u00e9tait convi\u00e9 apr\u00e8s le parcours \u00e0 venir d\u00e9guster un choix copieux d\u2019en-cas.<\/p>\n<h3><strong>Une cl\u00f4ture symbolique pour Mars Bleu<\/strong><\/h3>\n<p>Ce rendez-vous \u00e0 Bouzey marque la fin de campagne Mars Bleu 2025 dans les Vosges. Rappelons que le cancer reste la premi\u00e8re cause de mortalit\u00e9 en France, avec pr\u00e8s de 400 000 nouveaux cas chaque ann\u00e9e. C\u2019est gr\u00e2ce \u00e0 ce type d\u2019initiative que la pr\u00e9vention se r\u00e9v\u00e8le efficace tout en mobilisant des fonds pour la recherche et permettre ainsi les avanc\u00e9es m\u00e9dicales qui am\u00e9liorent aujourd\u2019hui la prise en charge du cancer.<\/p>\n<p><strong>Zo\u00e9 Souvay<\/strong><\/p>\n<p><a href=\"https:\/\/vosgesinfo.fr\/app\/uploads\/sites\/3\/2025\/03\/marche-bleue-bouzey-2-compress.jpg\"><img decoding=\"async\" class=\"aligncenter size-full wp-image-130379\" src=\"https:\/\/vosgesinfo.fr\/app\/uploads\/sites\/3\/2025\/03\/marche-bleue-bouzey-2-compress.jpg\" alt=\"\" width=\"312\" height=\"417\" srcset=\"https:\/\/vosgesinfo.fr\/app\/uploads\/sites\/3\/2025\/03\/marche-bleue-bouzey-2-compress.jpg 312w, https:\/\/vosgesinfo.fr\/app\/uploads\/sites\/3\/2025\/03\/marche-bleue-bouzey-2-compress-224x300.jpg 224w\" sizes=\"(max-width: 312px) 100vw, 312px\" \/><\/a><\/p>\n<p>&nbsp;<\/p>\n<p>&nbsp;<\/p>\n<p>&nbsp;<\/p>\n<p>&nbsp;<\/p>\n","protected":false},"excerpt":{"rendered":"<p>Ce samedi 29 mars 2025, la Marche Bleue a rassembl\u00e9 marcheurs et b\u00e9n\u00e9voles autour du lac de Bouzey pour une [&hellip;]<\/p>\n","protected":false},"author":391,"featured_media":130378,"comment_status":"open","ping_status":"open","sticky":false,"template":"","format":"standard","meta":{"footnotes":""},"categories":[22,24,54,14],"tags":[1563,352,16348,85,75],"class_list":["post-130376","post","type-post","status-publish","format-standard","has-post-thumbnail","hentry","category-a-la-une","category-epinal","category-sanchey","category-sante","tag-cancer","tag-marche","tag-marche-bleue-a-bouzey","tag-sante","tag-vosges"],"acf":[],"yoast_head":"<!-- This site is optimized with the Yoast SEO plugin v22.5 - https:\/\/yoast.com\/wordpress\/plugins\/seo\/ -->\n<title>Marche Bleue \u00e0 Bouzey : une mobilisation pour la lutte contre le cancer - Epinal Info<\/title>\n<meta name=\"robots\" content=\"index, follow, max-snippet:-1, max-image-preview:large, max-video-preview:-1\" \/>\n<link rel=\"canonical\" href=\"https:\/\/vosgesinfo.fr\/epinalinfo\/2025\/03\/marche-bleue-a-bouzey-une-mobilisation-pour-la-lutte-contre-le-cancer\/\" \/>\n<meta name=\"twitter:card\" content=\"summary_large_image\" \/>\n<meta name=\"twitter:title\" content=\"Marche Bleue \u00e0 Bouzey : une mobilisation pour la lutte contre le cancer - Epinal Info\" \/>\n<meta name=\"twitter:description\" content=\"Ce samedi 29 mars 2025, la Marche Bleue a rassembl\u00e9 marcheurs et b\u00e9n\u00e9voles autour du lac de Bouzey pour une [&hellip;]\" \/>\n<meta name=\"twitter:image\" content=\"https:\/\/vosgesinfo.fr\/app\/uploads\/sites\/3\/2025\/03\/marche-bleue-bouzey-1.jpg\" \/>\n<meta name=\"twitter:creator\" content=\"@VosgesInfo88\" \/>\n<meta name=\"twitter:site\" content=\"@VosgesInfo88\" \/>\n<meta name=\"twitter:label1\" content=\"\u00c9crit par\" \/>\n\t<meta name=\"twitter:data1\" content=\"La redaction\" \/>\n\t<meta name=\"twitter:label2\" content=\"Dur\u00e9e de lecture estim\u00e9e\" \/>\n\t<meta name=\"twitter:data2\" content=\"2 minutes\" \/>\n<script type=\"application\/ld+json\" class=\"yoast-schema-graph\">{\"@context\":\"https:\/\/schema.org\",\"@graph\":[{\"@type\":\"Article\",\"@id\":\"https:\/\/vosgesinfo.fr\/epinalinfo\/2025\/03\/marche-bleue-a-bouzey-une-mobilisation-pour-la-lutte-contre-le-cancer\/#article\",\"isPartOf\":{\"@id\":\"https:\/\/vosgesinfo.fr\/epinalinfo\/2025\/03\/marche-bleue-a-bouzey-une-mobilisation-pour-la-lutte-contre-le-cancer\/\"},\"author\":{\"name\":\"La redaction\",\"@id\":\"https:\/\/vosgesinfo.fr\/epinalinfo\/#\/schema\/person\/27a3695b06db98895b354c0765cdfc31\"},\"headline\":\"Marche Bleue \u00e0 Bouzey : une mobilisation pour la lutte contre le cancer\",\"datePublished\":\"2025-03-30T09:15:27+00:00\",\"dateModified\":\"2025-03-30T09:01:52+00:00\",\"mainEntityOfPage\":{\"@id\":\"https:\/\/vosgesinfo.fr\/epinalinfo\/2025\/03\/marche-bleue-a-bouzey-une-mobilisation-pour-la-lutte-contre-le-cancer\/\"},\"wordCount\":358,\"commentCount\":0,\"publisher\":{\"@id\":\"https:\/\/vosgesinfo.fr\/epinalinfo\/#organization\"},\"image\":{\"@id\":\"https:\/\/vosgesinfo.fr\/epinalinfo\/2025\/03\/marche-bleue-a-bouzey-une-mobilisation-pour-la-lutte-contre-le-cancer\/#primaryimage\"},\"thumbnailUrl\":\"https:\/\/vosgesinfo.fr\/app\/uploads\/sites\/3\/2025\/03\/marche-bleue-bouzey-1.jpg\",\"keywords\":[\"cancer\",\"marche\",\"Marche Bleue \u00e0 Bouzey\",\"sant\u00e9\",\"vosges\"],\"articleSection\":[\"A la Une\",\"Epinal\",\"sanchey\",\"Sant\u00e9\"],\"inLanguage\":\"fr-FR\",\"potentialAction\":[{\"@type\":\"CommentAction\",\"name\":\"Comment\",\"target\":[\"https:\/\/vosgesinfo.fr\/epinalinfo\/2025\/03\/marche-bleue-a-bouzey-une-mobilisation-pour-la-lutte-contre-le-cancer\/#respond\"]}]},{\"@type\":\"WebPage\",\"@id\":\"https:\/\/vosgesinfo.fr\/epinalinfo\/2025\/03\/marche-bleue-a-bouzey-une-mobilisation-pour-la-lutte-contre-le-cancer\/\",\"url\":\"https:\/\/vosgesinfo.fr\/epinalinfo\/2025\/03\/marche-bleue-a-bouzey-une-mobilisation-pour-la-lutte-contre-le-cancer\/\",\"name\":\"Marche Bleue \u00e0 Bouzey : une mobilisation pour la lutte contre le cancer - Epinal Info\",\"isPartOf\":{\"@id\":\"https:\/\/vosgesinfo.fr\/epinalinfo\/#website\"},\"primaryImageOfPage\":{\"@id\":\"https:\/\/vosgesinfo.fr\/epinalinfo\/2025\/03\/marche-bleue-a-bouzey-une-mobilisation-pour-la-lutte-contre-le-cancer\/#primaryimage\"},\"image\":{\"@id\":\"https:\/\/vosgesinfo.fr\/epinalinfo\/2025\/03\/marche-bleue-a-bouzey-une-mobilisation-pour-la-lutte-contre-le-cancer\/#primaryimage\"},\"thumbnailUrl\":\"https:\/\/vosgesinfo.fr\/app\/uploads\/sites\/3\/2025\/03\/marche-bleue-bouzey-1.jpg\",\"datePublished\":\"2025-03-30T09:15:27+00:00\",\"dateModified\":\"2025-03-30T09:01:52+00:00\",\"breadcrumb\":{\"@id\":\"https:\/\/vosgesinfo.fr\/epinalinfo\/2025\/03\/marche-bleue-a-bouzey-une-mobilisation-pour-la-lutte-contre-le-cancer\/#breadcrumb\"},\"inLanguage\":\"fr-FR\",\"potentialAction\":[{\"@type\":\"ReadAction\",\"target\":[\"https:\/\/vosgesinfo.fr\/epinalinfo\/2025\/03\/marche-bleue-a-bouzey-une-mobilisation-pour-la-lutte-contre-le-cancer\/\"]}]},{\"@type\":\"ImageObject\",\"inLanguage\":\"fr-FR\",\"@id\":\"https:\/\/vosgesinfo.fr\/epinalinfo\/2025\/03\/marche-bleue-a-bouzey-une-mobilisation-pour-la-lutte-contre-le-cancer\/#primaryimage\",\"url\":\"https:\/\/vosgesinfo.fr\/app\/uploads\/sites\/3\/2025\/03\/marche-bleue-bouzey-1.jpg\",\"contentUrl\":\"https:\/\/vosgesinfo.fr\/app\/uploads\/sites\/3\/2025\/03\/marche-bleue-bouzey-1.jpg\",\"width\":1920,\"height\":1850},{\"@type\":\"BreadcrumbList\",\"@id\":\"https:\/\/vosgesinfo.fr\/epinalinfo\/2025\/03\/marche-bleue-a-bouzey-une-mobilisation-pour-la-lutte-contre-le-cancer\/#breadcrumb\",\"itemListElement\":[{\"@type\":\"ListItem\",\"position\":1,\"name\":\"Home\",\"item\":\"https:\/\/vosgesinfo.fr\/epinalinfo\/\"},{\"@type\":\"ListItem\",\"position\":2,\"name\":\"Marche Bleue \u00e0 Bouzey : une mobilisation pour la lutte contre le cancer\"}]},{\"@type\":\"WebSite\",\"@id\":\"https:\/\/vosgesinfo.fr\/epinalinfo\/#website\",\"url\":\"https:\/\/vosgesinfo.fr\/epinalinfo\/\",\"name\":\"Epinal Info\",\"description\":\"Toute l&#039;actualit\u00e9 d&#039;\u00c9pinal\",\"publisher\":{\"@id\":\"https:\/\/vosgesinfo.fr\/epinalinfo\/#organization\"},\"alternateName\":\"Toute l'actualit\u00e9 d'\u00c9pinal\",\"potentialAction\":[{\"@type\":\"SearchAction\",\"target\":{\"@type\":\"EntryPoint\",\"urlTemplate\":\"https:\/\/vosgesinfo.fr\/epinalinfo\/?s={search_term_string}\"},\"query-input\":\"required name=search_term_string\"}],\"inLanguage\":\"fr-FR\"},{\"@type\":\"Organization\",\"@id\":\"https:\/\/vosgesinfo.fr\/epinalinfo\/#organization\",\"name\":\"Epinal Info\",\"url\":\"https:\/\/vosgesinfo.fr\/epinalinfo\/\",\"logo\":{\"@type\":\"ImageObject\",\"inLanguage\":\"fr-FR\",\"@id\":\"https:\/\/vosgesinfo.fr\/epinalinfo\/#\/schema\/logo\/image\/\",\"url\":\"https:\/\/vosgesinfo.fr\/app\/uploads\/sites\/3\/2023\/08\/logo-epinalinfos.svg\",\"contentUrl\":\"https:\/\/vosgesinfo.fr\/app\/uploads\/sites\/3\/2023\/08\/logo-epinalinfos.svg\",\"width\":1,\"height\":1,\"caption\":\"Epinal Info\"},\"image\":{\"@id\":\"https:\/\/vosgesinfo.fr\/epinalinfo\/#\/schema\/logo\/image\/\"},\"sameAs\":[\"https:\/\/www.facebook.com\/Epinalinfos\",\"https:\/\/x.com\/VosgesInfo88\",\"https:\/\/www.youtube.com\/@vosgesinfo\"]},{\"@type\":\"Person\",\"@id\":\"https:\/\/vosgesinfo.fr\/epinalinfo\/#\/schema\/person\/27a3695b06db98895b354c0765cdfc31\",\"name\":\"La redaction\",\"image\":{\"@type\":\"ImageObject\",\"inLanguage\":\"fr-FR\",\"@id\":\"https:\/\/vosgesinfo.fr\/epinalinfo\/#\/schema\/person\/image\/\",\"url\":\"https:\/\/secure.gravatar.com\/avatar\/64c76a78e501cedee55736f43f332df901e1896ae9cd8fad269ae2236dd0e8b6?s=96&d=mm&r=g\",\"contentUrl\":\"https:\/\/secure.gravatar.com\/avatar\/64c76a78e501cedee55736f43f332df901e1896ae9cd8fad269ae2236dd0e8b6?s=96&d=mm&r=g\",\"caption\":\"La redaction\"},\"url\":\"https:\/\/vosgesinfo.fr\/epinalinfo\/author\/la-redaction\/\"}]}<\/script>\n<!-- \/ Yoast SEO plugin. -->","yoast_head_json":{"title":"Marche Bleue \u00e0 Bouzey : une mobilisation pour la lutte contre le cancer - Epinal Info","robots":{"index":"index","follow":"follow","max-snippet":"max-snippet:-1","max-image-preview":"max-image-preview:large","max-video-preview":"max-video-preview:-1"},"canonical":"https:\/\/vosgesinfo.fr\/epinalinfo\/2025\/03\/marche-bleue-a-bouzey-une-mobilisation-pour-la-lutte-contre-le-cancer\/","twitter_card":"summary_large_image","twitter_title":"Marche Bleue \u00e0 Bouzey : une mobilisation pour la lutte contre le cancer - Epinal Info","twitter_description":"Ce samedi 29 mars 2025, la Marche Bleue a rassembl\u00e9 marcheurs et b\u00e9n\u00e9voles autour du lac de Bouzey pour une [&hellip;]","twitter_image":"https:\/\/vosgesinfo.fr\/app\/uploads\/sites\/3\/2025\/03\/marche-bleue-bouzey-1.jpg","twitter_creator":"@VosgesInfo88","twitter_site":"@VosgesInfo88","twitter_misc":{"\u00c9crit par":"La redaction","Dur\u00e9e de lecture estim\u00e9e":"2 minutes"},"schema":{"@context":"https:\/\/schema.org","@graph":[{"@type":"Article","@id":"https:\/\/vosgesinfo.fr\/epinalinfo\/2025\/03\/marche-bleue-a-bouzey-une-mobilisation-pour-la-lutte-contre-le-cancer\/#article","isPartOf":{"@id":"https:\/\/vosgesinfo.fr\/epinalinfo\/2025\/03\/marche-bleue-a-bouzey-une-mobilisation-pour-la-lutte-contre-le-cancer\/"},"author":{"name":"La redaction","@id":"https:\/\/vosgesinfo.fr\/epinalinfo\/#\/schema\/person\/27a3695b06db98895b354c0765cdfc31"},"headline":"Marche Bleue \u00e0 Bouzey : une mobilisation pour la lutte contre le cancer","datePublished":"2025-03-30T09:15:27+00:00","dateModified":"2025-03-30T09:01:52+00:00","mainEntityOfPage":{"@id":"https:\/\/vosgesinfo.fr\/epinalinfo\/2025\/03\/marche-bleue-a-bouzey-une-mobilisation-pour-la-lutte-contre-le-cancer\/"},"wordCount":358,"commentCount":0,"publisher":{"@id":"https:\/\/vosgesinfo.fr\/epinalinfo\/#organization"},"image":{"@id":"https:\/\/vosgesinfo.fr\/epinalinfo\/2025\/03\/marche-bleue-a-bouzey-une-mobilisation-pour-la-lutte-contre-le-cancer\/#primaryimage"},"thumbnailUrl":"https:\/\/vosgesinfo.fr\/app\/uploads\/sites\/3\/2025\/03\/marche-bleue-bouzey-1.jpg","keywords":["cancer","marche","Marche Bleue \u00e0 Bouzey","sant\u00e9","vosges"],"articleSection":["A la Une","Epinal","sanchey","Sant\u00e9"],"inLanguage":"fr-FR","potentialAction":[{"@type":"CommentAction","name":"Comment","target":["https:\/\/vosgesinfo.fr\/epinalinfo\/2025\/03\/marche-bleue-a-bouzey-une-mobilisation-pour-la-lutte-contre-le-cancer\/#respond"]}]},{"@type":"WebPage","@id":"https:\/\/vosgesinfo.fr\/epinalinfo\/2025\/03\/marche-bleue-a-bouzey-une-mobilisation-pour-la-lutte-contre-le-cancer\/","url":"https:\/\/vosgesinfo.fr\/epinalinfo\/2025\/03\/marche-bleue-a-bouzey-une-mobilisation-pour-la-lutte-contre-le-cancer\/","name":"Marche Bleue \u00e0 Bouzey : une mobilisation pour la lutte contre le cancer - Epinal Info","isPartOf":{"@id":"https:\/\/vosgesinfo.fr\/epinalinfo\/#website"},"primaryImageOfPage":{"@id":"https:\/\/vosgesinfo.fr\/epinalinfo\/2025\/03\/marche-bleue-a-bouzey-une-mobilisation-pour-la-lutte-contre-le-cancer\/#primaryimage"},"image":{"@id":"https:\/\/vosgesinfo.fr\/epinalinfo\/2025\/03\/marche-bleue-a-bouzey-une-mobilisation-pour-la-lutte-contre-le-cancer\/#primaryimage"},"thumbnailUrl":"https:\/\/vosgesinfo.fr\/app\/uploads\/sites\/3\/2025\/03\/marche-bleue-bouzey-1.jpg","datePublished":"2025-03-30T09:15:27+00:00","dateModified":"2025-03-30T09:01:52+00:00","breadcrumb":{"@id":"https:\/\/vosgesinfo.fr\/epinalinfo\/2025\/03\/marche-bleue-a-bouzey-une-mobilisation-pour-la-lutte-contre-le-cancer\/#breadcrumb"},"inLanguage":"fr-FR","potentialAction":[{"@type":"ReadAction","target":["https:\/\/vosgesinfo.fr\/epinalinfo\/2025\/03\/marche-bleue-a-bouzey-une-mobilisation-pour-la-lutte-contre-le-cancer\/"]}]},{"@type":"ImageObject","inLanguage":"fr-FR","@id":"https:\/\/vosgesinfo.fr\/epinalinfo\/2025\/03\/marche-bleue-a-bouzey-une-mobilisation-pour-la-lutte-contre-le-cancer\/#primaryimage","url":"https:\/\/vosgesinfo.fr\/app\/uploads\/sites\/3\/2025\/03\/marche-bleue-bouzey-1.jpg","contentUrl":"https:\/\/vosgesinfo.fr\/app\/uploads\/sites\/3\/2025\/03\/marche-bleue-bouzey-1.jpg","width":1920,"height":1850},{"@type":"BreadcrumbList","@id":"https:\/\/vosgesinfo.fr\/epinalinfo\/2025\/03\/marche-bleue-a-bouzey-une-mobilisation-pour-la-lutte-contre-le-cancer\/#breadcrumb","itemListElement":[{"@type":"ListItem","position":1,"name":"Home","item":"https:\/\/vosgesinfo.fr\/epinalinfo\/"},{"@type":"ListItem","position":2,"name":"Marche Bleue \u00e0 Bouzey : une mobilisation pour la lutte contre le cancer"}]},{"@type":"WebSite","@id":"https:\/\/vosgesinfo.fr\/epinalinfo\/#website","url":"https:\/\/vosgesinfo.fr\/epinalinfo\/","name":"Epinal Info","description":"Toute l&#039;actualit\u00e9 d&#039;\u00c9pinal","publisher":{"@id":"https:\/\/vosgesinfo.fr\/epinalinfo\/#organization"},"alternateName":"Toute l'actualit\u00e9 d'\u00c9pinal","potentialAction":[{"@type":"SearchAction","target":{"@type":"EntryPoint","urlTemplate":"https:\/\/vosgesinfo.fr\/epinalinfo\/?s={search_term_string}"},"query-input":"required name=search_term_string"}],"inLanguage":"fr-FR"},{"@type":"Organization","@id":"https:\/\/vosgesinfo.fr\/epinalinfo\/#organization","name":"Epinal Info","url":"https:\/\/vosgesinfo.fr\/epinalinfo\/","logo":{"@type":"ImageObject","inLanguage":"fr-FR","@id":"https:\/\/vosgesinfo.fr\/epinalinfo\/#\/schema\/logo\/image\/","url":"https:\/\/vosgesinfo.fr\/app\/uploads\/sites\/3\/2023\/08\/logo-epinalinfos.svg","contentUrl":"https:\/\/vosgesinfo.fr\/app\/uploads\/sites\/3\/2023\/08\/logo-epinalinfos.svg","width":1,"height":1,"caption":"Epinal Info"},"image":{"@id":"https:\/\/vosgesinfo.fr\/epinalinfo\/#\/schema\/logo\/image\/"},"sameAs":["https:\/\/www.facebook.com\/Epinalinfos","https:\/\/x.com\/VosgesInfo88","https:\/\/www.youtube.com\/@vosgesinfo"]},{"@type":"Person","@id":"https:\/\/vosgesinfo.fr\/epinalinfo\/#\/schema\/person\/27a3695b06db98895b354c0765cdfc31","name":"La redaction","image":{"@type":"ImageObject","inLanguage":"fr-FR","@id":"https:\/\/vosgesinfo.fr\/epinalinfo\/#\/schema\/person\/image\/","url":"https:\/\/secure.gravatar.com\/avatar\/64c76a78e501cedee55736f43f332df901e1896ae9cd8fad269ae2236dd0e8b6?s=96&d=mm&r=g","contentUrl":"https:\/\/secure.gravatar.com\/avatar\/64c76a78e501cedee55736f43f332df901e1896ae9cd8fad269ae2236dd0e8b6?s=96&d=mm&r=g","caption":"La redaction"},"url":"https:\/\/vosgesinfo.fr\/epinalinfo\/author\/la-redaction\/"}]}},"_links":{"self":[{"href":"https:\/\/vosgesinfo.fr\/epinalinfo\/wp-json\/wp\/v2\/posts\/130376","targetHints":{"allow":["GET"]}}],"collection":[{"href":"https:\/\/vosgesinfo.fr\/epinalinfo\/wp-json\/wp\/v2\/posts"}],"about":[{"href":"https:\/\/vosgesinfo.fr\/epinalinfo\/wp-json\/wp\/v2\/types\/post"}],"author":[{"embeddable":true,"href":"https:\/\/vosgesinfo.fr\/epinalinfo\/wp-json\/wp\/v2\/users\/391"}],"replies":[{"embeddable":true,"href":"https:\/\/vosgesinfo.fr\/epinalinfo\/wp-json\/wp\/v2\/comments?post=130376"}],"version-history":[{"count":2,"href":"https:\/\/vosgesinfo.fr\/epinalinfo\/wp-json\/wp\/v2\/posts\/130376\/revisions"}],"predecessor-version":[{"id":130380,"href":"https:\/\/vosgesinfo.fr\/epinalinfo\/wp-json\/wp\/v2\/posts\/130376\/revisions\/130380"}],"wp:featuredmedia":[{"embeddable":true,"href":"https:\/\/vosgesinfo.fr\/epinalinfo\/wp-json\/wp\/v2\/media\/130378"}],"wp:attachment":[{"href":"https:\/\/vosgesinfo.fr\/epinalinfo\/wp-json\/wp\/v2\/media?parent=130376"}],"wp:term":[{"taxonomy":"category","embeddable":true,"href":"https:\/\/vosgesinfo.fr\/epinalinfo\/wp-json\/wp\/v2\/categories?post=130376"},{"taxonomy":"post_tag","embeddable":true,"href":"https:\/\/vosgesinfo.fr\/epinalinfo\/wp-json\/wp\/v2\/tags?post=130376"}],"curies":[{"name":"wp","href":"https:\/\/api.w.org\/{rel}","templated":true}]}}