{"id":130392,"date":"2025-04-01T08:15:07","date_gmt":"2025-04-01T06:15:07","guid":{"rendered":"https:\/\/vosgesinfo.fr\/epinalinfo\/?p=130392"},"modified":"2025-03-31T14:09:28","modified_gmt":"2025-03-31T12:09:28","slug":"trail-de-la-verturi-2025-prets-a-relever-le-defi","status":"publish","type":"post","link":"https:\/\/vosgesinfo.fr\/epinalinfo\/2025\/04\/trail-de-la-verturi-2025-prets-a-relever-le-defi\/","title":{"rendered":"Trail de la Vert&rsquo;Uri 2025 : Pr\u00eats \u00e0 relever le d\u00e9fi ?"},"content":{"rendered":"<h2 data-start=\"391\" data-end=\"646\"><a href=\"https:\/\/vosgesinfo.fr\/app\/uploads\/sites\/3\/2025\/03\/484331650-1098628675397101-688686370129893647-n.jpg\"><img decoding=\"async\" class=\"aligncenter size-full wp-image-130393\" src=\"https:\/\/vosgesinfo.fr\/app\/uploads\/sites\/3\/2025\/03\/484331650-1098628675397101-688686370129893647-n.jpg\" alt=\"\" width=\"1241\" height=\"1754\" srcset=\"https:\/\/vosgesinfo.fr\/app\/uploads\/sites\/3\/2025\/03\/484331650-1098628675397101-688686370129893647-n.jpg 1241w, https:\/\/vosgesinfo.fr\/app\/uploads\/sites\/3\/2025\/03\/484331650-1098628675397101-688686370129893647-n-212x300.jpg 212w, https:\/\/vosgesinfo.fr\/app\/uploads\/sites\/3\/2025\/03\/484331650-1098628675397101-688686370129893647-n-725x1024.jpg 725w, https:\/\/vosgesinfo.fr\/app\/uploads\/sites\/3\/2025\/03\/484331650-1098628675397101-688686370129893647-n-768x1085.jpg 768w, https:\/\/vosgesinfo.fr\/app\/uploads\/sites\/3\/2025\/03\/484331650-1098628675397101-688686370129893647-n-1087x1536.jpg 1087w\" sizes=\"(max-width: 1241px) 100vw, 1241px\" \/><\/a><strong>Le dimanche 6 avril 2025, l\u2019ASCUrim\u00e9nil vous donne rendez-vous pour une nouvelle \u00e9dition du Trail d\u2019Urim\u00e9nil ! Apr\u00e8s le succ\u00e8s de l\u2019ann\u00e9e derni\u00e8re, la course revient avec trois parcours adapt\u00e9s \u00e0 tous les niveaux : 10 km, 16 km et 21 km.<\/strong><\/h2>\n<h3 class=\"\" data-start=\"648\" data-end=\"691\"><strong data-start=\"652\" data-end=\"689\">Un \u00e9v\u00e9nement sportif et convivial<\/strong><\/h3>\n<p class=\"\" data-start=\"692\" data-end=\"1020\">Que vous soyez coureur aguerri ou amateur de sensations en pleine nature, le Trail d\u2019Urim\u00e9nil est l\u2019occasion id\u00e9ale de repousser vos limites tout en profitant des magnifiques sentiers vosgiens.<\/p>\n<p class=\"\" data-start=\"692\" data-end=\"1020\">L\u2019ambiance promet d\u2019\u00eatre chaleureuse et festive, avec une organisation aux petits soins pour les participants et les supporters.<\/p>\n<h3 class=\"\" data-start=\"1022\" data-end=\"1079\"><strong data-start=\"1026\" data-end=\"1077\">Du nouveau sur la zone de d\u00e9part et d\u2019arriv\u00e9e !<\/strong><\/h3>\n<p class=\"\" data-start=\"1080\" data-end=\"1353\">Pour cette \u00e9dition 2025, l\u2019ASCUrim\u00e9nil vous r\u00e9serve une nouvelle configuration du site de d\u00e9part et d\u2019arriv\u00e9e, au stade d\u2019Urim\u00e9nil.<\/p>\n<p class=\"\" data-start=\"1547\" data-end=\"1669\">\ud83d\udccd <strong data-start=\"1550\" data-end=\"1560\">Lieu :<\/strong> Stade d\u2019Urim\u00e9nil (88220)<br data-start=\"1585\" data-end=\"1588\" \/>\ud83d\udcc5 <strong data-start=\"1591\" data-end=\"1601\">Date :<\/strong> Dimanche 6 avril 2025<br data-start=\"1623\" data-end=\"1626\" \/>\ud83c\udfc3\u200d\u2642\ufe0f <strong data-start=\"1632\" data-end=\"1645\">Courses :<\/strong> 10 km \u2013 16 km \u2013 21 km<\/p>\n","protected":false},"excerpt":{"rendered":"<p>Le dimanche 6 avril 2025, l\u2019ASCUrim\u00e9nil vous donne rendez-vous pour une nouvelle \u00e9dition du Trail d\u2019Urim\u00e9nil ! Apr\u00e8s le succ\u00e8s [&hellip;]<\/p>\n","protected":false},"author":52,"featured_media":130393,"comment_status":"open","ping_status":"open","sticky":false,"template":"","format":"standard","meta":{"footnotes":""},"categories":[22,24,7,5],"tags":[218,16355,16353,16354,75],"class_list":["post-130392","post","type-post","status-publish","format-standard","has-post-thumbnail","hentry","category-a-la-une","category-epinal","category-sport","category-vosges","tag-sport","tag-trail-durimenil","tag-trail-durimenil-2025","tag-trail-de-la-verturi","tag-vosges"],"acf":[],"yoast_head":"<!-- This site is optimized with the Yoast SEO plugin v22.5 - https:\/\/yoast.com\/wordpress\/plugins\/seo\/ -->\n<title>Trail de la Vert&#039;Uri 2025 : Pr\u00eats \u00e0 relever le d\u00e9fi ? - Epinal Info<\/title>\n<meta name=\"robots\" content=\"index, follow, max-snippet:-1, max-image-preview:large, max-video-preview:-1\" \/>\n<link rel=\"canonical\" href=\"https:\/\/vosgesinfo.fr\/epinalinfo\/2025\/04\/trail-de-la-verturi-2025-prets-a-relever-le-defi\/\" \/>\n<meta name=\"twitter:card\" content=\"summary_large_image\" \/>\n<meta name=\"twitter:title\" content=\"Trail de la Vert&#039;Uri 2025 : Pr\u00eats \u00e0 relever le d\u00e9fi ? - Epinal Info\" \/>\n<meta name=\"twitter:description\" content=\"Le dimanche 6 avril 2025, l\u2019ASCUrim\u00e9nil vous donne rendez-vous pour une nouvelle \u00e9dition du Trail d\u2019Urim\u00e9nil ! Apr\u00e8s le succ\u00e8s [&hellip;]\" \/>\n<meta name=\"twitter:image\" content=\"https:\/\/vosgesinfo.fr\/app\/uploads\/sites\/3\/2025\/03\/484331650-1098628675397101-688686370129893647-n.jpg\" \/>\n<meta name=\"twitter:creator\" content=\"@VosgesInfo88\" \/>\n<meta name=\"twitter:site\" content=\"@VosgesInfo88\" \/>\n<meta name=\"twitter:label1\" content=\"\u00c9crit par\" \/>\n\t<meta name=\"twitter:data1\" content=\"C.K.\" \/>\n\t<meta name=\"twitter:label2\" content=\"Dur\u00e9e de lecture estim\u00e9e\" \/>\n\t<meta name=\"twitter:data2\" content=\"1 minute\" \/>\n<script type=\"application\/ld+json\" class=\"yoast-schema-graph\">{\"@context\":\"https:\/\/schema.org\",\"@graph\":[{\"@type\":\"Article\",\"@id\":\"https:\/\/vosgesinfo.fr\/epinalinfo\/2025\/04\/trail-de-la-verturi-2025-prets-a-relever-le-defi\/#article\",\"isPartOf\":{\"@id\":\"https:\/\/vosgesinfo.fr\/epinalinfo\/2025\/04\/trail-de-la-verturi-2025-prets-a-relever-le-defi\/\"},\"author\":{\"name\":\"C.K.\",\"@id\":\"https:\/\/vosgesinfo.fr\/epinalinfo\/#\/schema\/person\/6f9a650eeea99d969b6c4ab78fccbe81\"},\"headline\":\"Trail de la Vert&rsquo;Uri 2025 : Pr\u00eats \u00e0 relever le d\u00e9fi ?\",\"datePublished\":\"2025-04-01T06:15:07+00:00\",\"dateModified\":\"2025-03-31T12:09:28+00:00\",\"mainEntityOfPage\":{\"@id\":\"https:\/\/vosgesinfo.fr\/epinalinfo\/2025\/04\/trail-de-la-verturi-2025-prets-a-relever-le-defi\/\"},\"wordCount\":164,\"commentCount\":0,\"publisher\":{\"@id\":\"https:\/\/vosgesinfo.fr\/epinalinfo\/#organization\"},\"image\":{\"@id\":\"https:\/\/vosgesinfo.fr\/epinalinfo\/2025\/04\/trail-de-la-verturi-2025-prets-a-relever-le-defi\/#primaryimage\"},\"thumbnailUrl\":\"https:\/\/vosgesinfo.fr\/app\/uploads\/sites\/3\/2025\/03\/484331650-1098628675397101-688686370129893647-n.jpg\",\"keywords\":[\"sport\",\"Trail d\u2019Urim\u00e9nil\",\"Trail d\u2019Urim\u00e9nil 2025\",\"Trail de la Vert'Uri\",\"vosges\"],\"articleSection\":[\"A la Une\",\"Epinal\",\"Sport\",\"Vosges\"],\"inLanguage\":\"fr-FR\",\"potentialAction\":[{\"@type\":\"CommentAction\",\"name\":\"Comment\",\"target\":[\"https:\/\/vosgesinfo.fr\/epinalinfo\/2025\/04\/trail-de-la-verturi-2025-prets-a-relever-le-defi\/#respond\"]}]},{\"@type\":\"WebPage\",\"@id\":\"https:\/\/vosgesinfo.fr\/epinalinfo\/2025\/04\/trail-de-la-verturi-2025-prets-a-relever-le-defi\/\",\"url\":\"https:\/\/vosgesinfo.fr\/epinalinfo\/2025\/04\/trail-de-la-verturi-2025-prets-a-relever-le-defi\/\",\"name\":\"Trail de la Vert'Uri 2025 : Pr\u00eats \u00e0 relever le d\u00e9fi ? - Epinal Info\",\"isPartOf\":{\"@id\":\"https:\/\/vosgesinfo.fr\/epinalinfo\/#website\"},\"primaryImageOfPage\":{\"@id\":\"https:\/\/vosgesinfo.fr\/epinalinfo\/2025\/04\/trail-de-la-verturi-2025-prets-a-relever-le-defi\/#primaryimage\"},\"image\":{\"@id\":\"https:\/\/vosgesinfo.fr\/epinalinfo\/2025\/04\/trail-de-la-verturi-2025-prets-a-relever-le-defi\/#primaryimage\"},\"thumbnailUrl\":\"https:\/\/vosgesinfo.fr\/app\/uploads\/sites\/3\/2025\/03\/484331650-1098628675397101-688686370129893647-n.jpg\",\"datePublished\":\"2025-04-01T06:15:07+00:00\",\"dateModified\":\"2025-03-31T12:09:28+00:00\",\"breadcrumb\":{\"@id\":\"https:\/\/vosgesinfo.fr\/epinalinfo\/2025\/04\/trail-de-la-verturi-2025-prets-a-relever-le-defi\/#breadcrumb\"},\"inLanguage\":\"fr-FR\",\"potentialAction\":[{\"@type\":\"ReadAction\",\"target\":[\"https:\/\/vosgesinfo.fr\/epinalinfo\/2025\/04\/trail-de-la-verturi-2025-prets-a-relever-le-defi\/\"]}]},{\"@type\":\"ImageObject\",\"inLanguage\":\"fr-FR\",\"@id\":\"https:\/\/vosgesinfo.fr\/epinalinfo\/2025\/04\/trail-de-la-verturi-2025-prets-a-relever-le-defi\/#primaryimage\",\"url\":\"https:\/\/vosgesinfo.fr\/app\/uploads\/sites\/3\/2025\/03\/484331650-1098628675397101-688686370129893647-n.jpg\",\"contentUrl\":\"https:\/\/vosgesinfo.fr\/app\/uploads\/sites\/3\/2025\/03\/484331650-1098628675397101-688686370129893647-n.jpg\",\"width\":1241,\"height\":1754},{\"@type\":\"BreadcrumbList\",\"@id\":\"https:\/\/vosgesinfo.fr\/epinalinfo\/2025\/04\/trail-de-la-verturi-2025-prets-a-relever-le-defi\/#breadcrumb\",\"itemListElement\":[{\"@type\":\"ListItem\",\"position\":1,\"name\":\"Home\",\"item\":\"https:\/\/vosgesinfo.fr\/epinalinfo\/\"},{\"@type\":\"ListItem\",\"position\":2,\"name\":\"Trail de la Vert&rsquo;Uri 2025 : Pr\u00eats \u00e0 relever le d\u00e9fi ?\"}]},{\"@type\":\"WebSite\",\"@id\":\"https:\/\/vosgesinfo.fr\/epinalinfo\/#website\",\"url\":\"https:\/\/vosgesinfo.fr\/epinalinfo\/\",\"name\":\"Epinal Info\",\"description\":\"Toute l&#039;actualit\u00e9 d&#039;\u00c9pinal\",\"publisher\":{\"@id\":\"https:\/\/vosgesinfo.fr\/epinalinfo\/#organization\"},\"alternateName\":\"Toute l'actualit\u00e9 d'\u00c9pinal\",\"potentialAction\":[{\"@type\":\"SearchAction\",\"target\":{\"@type\":\"EntryPoint\",\"urlTemplate\":\"https:\/\/vosgesinfo.fr\/epinalinfo\/?s={search_term_string}\"},\"query-input\":\"required name=search_term_string\"}],\"inLanguage\":\"fr-FR\"},{\"@type\":\"Organization\",\"@id\":\"https:\/\/vosgesinfo.fr\/epinalinfo\/#organization\",\"name\":\"Epinal Info\",\"url\":\"https:\/\/vosgesinfo.fr\/epinalinfo\/\",\"logo\":{\"@type\":\"ImageObject\",\"inLanguage\":\"fr-FR\",\"@id\":\"https:\/\/vosgesinfo.fr\/epinalinfo\/#\/schema\/logo\/image\/\",\"url\":\"https:\/\/vosgesinfo.fr\/app\/uploads\/sites\/3\/2023\/08\/logo-epinalinfos.svg\",\"contentUrl\":\"https:\/\/vosgesinfo.fr\/app\/uploads\/sites\/3\/2023\/08\/logo-epinalinfos.svg\",\"width\":1,\"height\":1,\"caption\":\"Epinal Info\"},\"image\":{\"@id\":\"https:\/\/vosgesinfo.fr\/epinalinfo\/#\/schema\/logo\/image\/\"},\"sameAs\":[\"https:\/\/www.facebook.com\/Epinalinfos\",\"https:\/\/x.com\/VosgesInfo88\",\"https:\/\/www.youtube.com\/@vosgesinfo\"]},{\"@type\":\"Person\",\"@id\":\"https:\/\/vosgesinfo.fr\/epinalinfo\/#\/schema\/person\/6f9a650eeea99d969b6c4ab78fccbe81\",\"name\":\"C.K.\",\"image\":{\"@type\":\"ImageObject\",\"inLanguage\":\"fr-FR\",\"@id\":\"https:\/\/vosgesinfo.fr\/epinalinfo\/#\/schema\/person\/image\/\",\"url\":\"https:\/\/secure.gravatar.com\/avatar\/48e3fc7f8421ba8942be6b74a2b7f014ca39bc00dece156b7a8e098ae7dc87bf?s=96&d=mm&r=g\",\"contentUrl\":\"https:\/\/secure.gravatar.com\/avatar\/48e3fc7f8421ba8942be6b74a2b7f014ca39bc00dece156b7a8e098ae7dc87bf?s=96&d=mm&r=g\",\"caption\":\"C.K.\"},\"url\":\"https:\/\/vosgesinfo.fr\/epinalinfo\/author\/celia-k-n\/\"}]}<\/script>\n<!-- \/ Yoast SEO plugin. -->","yoast_head_json":{"title":"Trail de la Vert'Uri 2025 : Pr\u00eats \u00e0 relever le d\u00e9fi ? - Epinal Info","robots":{"index":"index","follow":"follow","max-snippet":"max-snippet:-1","max-image-preview":"max-image-preview:large","max-video-preview":"max-video-preview:-1"},"canonical":"https:\/\/vosgesinfo.fr\/epinalinfo\/2025\/04\/trail-de-la-verturi-2025-prets-a-relever-le-defi\/","twitter_card":"summary_large_image","twitter_title":"Trail de la Vert'Uri 2025 : Pr\u00eats \u00e0 relever le d\u00e9fi ? - Epinal Info","twitter_description":"Le dimanche 6 avril 2025, l\u2019ASCUrim\u00e9nil vous donne rendez-vous pour une nouvelle \u00e9dition du Trail d\u2019Urim\u00e9nil ! Apr\u00e8s le succ\u00e8s [&hellip;]","twitter_image":"https:\/\/vosgesinfo.fr\/app\/uploads\/sites\/3\/2025\/03\/484331650-1098628675397101-688686370129893647-n.jpg","twitter_creator":"@VosgesInfo88","twitter_site":"@VosgesInfo88","twitter_misc":{"\u00c9crit par":"C.K.","Dur\u00e9e de lecture estim\u00e9e":"1 minute"},"schema":{"@context":"https:\/\/schema.org","@graph":[{"@type":"Article","@id":"https:\/\/vosgesinfo.fr\/epinalinfo\/2025\/04\/trail-de-la-verturi-2025-prets-a-relever-le-defi\/#article","isPartOf":{"@id":"https:\/\/vosgesinfo.fr\/epinalinfo\/2025\/04\/trail-de-la-verturi-2025-prets-a-relever-le-defi\/"},"author":{"name":"C.K.","@id":"https:\/\/vosgesinfo.fr\/epinalinfo\/#\/schema\/person\/6f9a650eeea99d969b6c4ab78fccbe81"},"headline":"Trail de la Vert&rsquo;Uri 2025 : Pr\u00eats \u00e0 relever le d\u00e9fi ?","datePublished":"2025-04-01T06:15:07+00:00","dateModified":"2025-03-31T12:09:28+00:00","mainEntityOfPage":{"@id":"https:\/\/vosgesinfo.fr\/epinalinfo\/2025\/04\/trail-de-la-verturi-2025-prets-a-relever-le-defi\/"},"wordCount":164,"commentCount":0,"publisher":{"@id":"https:\/\/vosgesinfo.fr\/epinalinfo\/#organization"},"image":{"@id":"https:\/\/vosgesinfo.fr\/epinalinfo\/2025\/04\/trail-de-la-verturi-2025-prets-a-relever-le-defi\/#primaryimage"},"thumbnailUrl":"https:\/\/vosgesinfo.fr\/app\/uploads\/sites\/3\/2025\/03\/484331650-1098628675397101-688686370129893647-n.jpg","keywords":["sport","Trail d\u2019Urim\u00e9nil","Trail d\u2019Urim\u00e9nil 2025","Trail de la Vert'Uri","vosges"],"articleSection":["A la Une","Epinal","Sport","Vosges"],"inLanguage":"fr-FR","potentialAction":[{"@type":"CommentAction","name":"Comment","target":["https:\/\/vosgesinfo.fr\/epinalinfo\/2025\/04\/trail-de-la-verturi-2025-prets-a-relever-le-defi\/#respond"]}]},{"@type":"WebPage","@id":"https:\/\/vosgesinfo.fr\/epinalinfo\/2025\/04\/trail-de-la-verturi-2025-prets-a-relever-le-defi\/","url":"https:\/\/vosgesinfo.fr\/epinalinfo\/2025\/04\/trail-de-la-verturi-2025-prets-a-relever-le-defi\/","name":"Trail de la Vert'Uri 2025 : Pr\u00eats \u00e0 relever le d\u00e9fi ? - Epinal Info","isPartOf":{"@id":"https:\/\/vosgesinfo.fr\/epinalinfo\/#website"},"primaryImageOfPage":{"@id":"https:\/\/vosgesinfo.fr\/epinalinfo\/2025\/04\/trail-de-la-verturi-2025-prets-a-relever-le-defi\/#primaryimage"},"image":{"@id":"https:\/\/vosgesinfo.fr\/epinalinfo\/2025\/04\/trail-de-la-verturi-2025-prets-a-relever-le-defi\/#primaryimage"},"thumbnailUrl":"https:\/\/vosgesinfo.fr\/app\/uploads\/sites\/3\/2025\/03\/484331650-1098628675397101-688686370129893647-n.jpg","datePublished":"2025-04-01T06:15:07+00:00","dateModified":"2025-03-31T12:09:28+00:00","breadcrumb":{"@id":"https:\/\/vosgesinfo.fr\/epinalinfo\/2025\/04\/trail-de-la-verturi-2025-prets-a-relever-le-defi\/#breadcrumb"},"inLanguage":"fr-FR","potentialAction":[{"@type":"ReadAction","target":["https:\/\/vosgesinfo.fr\/epinalinfo\/2025\/04\/trail-de-la-verturi-2025-prets-a-relever-le-defi\/"]}]},{"@type":"ImageObject","inLanguage":"fr-FR","@id":"https:\/\/vosgesinfo.fr\/epinalinfo\/2025\/04\/trail-de-la-verturi-2025-prets-a-relever-le-defi\/#primaryimage","url":"https:\/\/vosgesinfo.fr\/app\/uploads\/sites\/3\/2025\/03\/484331650-1098628675397101-688686370129893647-n.jpg","contentUrl":"https:\/\/vosgesinfo.fr\/app\/uploads\/sites\/3\/2025\/03\/484331650-1098628675397101-688686370129893647-n.jpg","width":1241,"height":1754},{"@type":"BreadcrumbList","@id":"https:\/\/vosgesinfo.fr\/epinalinfo\/2025\/04\/trail-de-la-verturi-2025-prets-a-relever-le-defi\/#breadcrumb","itemListElement":[{"@type":"ListItem","position":1,"name":"Home","item":"https:\/\/vosgesinfo.fr\/epinalinfo\/"},{"@type":"ListItem","position":2,"name":"Trail de la Vert&rsquo;Uri 2025 : Pr\u00eats \u00e0 relever le d\u00e9fi ?"}]},{"@type":"WebSite","@id":"https:\/\/vosgesinfo.fr\/epinalinfo\/#website","url":"https:\/\/vosgesinfo.fr\/epinalinfo\/","name":"Epinal Info","description":"Toute l&#039;actualit\u00e9 d&#039;\u00c9pinal","publisher":{"@id":"https:\/\/vosgesinfo.fr\/epinalinfo\/#organization"},"alternateName":"Toute l'actualit\u00e9 d'\u00c9pinal","potentialAction":[{"@type":"SearchAction","target":{"@type":"EntryPoint","urlTemplate":"https:\/\/vosgesinfo.fr\/epinalinfo\/?s={search_term_string}"},"query-input":"required name=search_term_string"}],"inLanguage":"fr-FR"},{"@type":"Organization","@id":"https:\/\/vosgesinfo.fr\/epinalinfo\/#organization","name":"Epinal Info","url":"https:\/\/vosgesinfo.fr\/epinalinfo\/","logo":{"@type":"ImageObject","inLanguage":"fr-FR","@id":"https:\/\/vosgesinfo.fr\/epinalinfo\/#\/schema\/logo\/image\/","url":"https:\/\/vosgesinfo.fr\/app\/uploads\/sites\/3\/2023\/08\/logo-epinalinfos.svg","contentUrl":"https:\/\/vosgesinfo.fr\/app\/uploads\/sites\/3\/2023\/08\/logo-epinalinfos.svg","width":1,"height":1,"caption":"Epinal Info"},"image":{"@id":"https:\/\/vosgesinfo.fr\/epinalinfo\/#\/schema\/logo\/image\/"},"sameAs":["https:\/\/www.facebook.com\/Epinalinfos","https:\/\/x.com\/VosgesInfo88","https:\/\/www.youtube.com\/@vosgesinfo"]},{"@type":"Person","@id":"https:\/\/vosgesinfo.fr\/epinalinfo\/#\/schema\/person\/6f9a650eeea99d969b6c4ab78fccbe81","name":"C.K.","image":{"@type":"ImageObject","inLanguage":"fr-FR","@id":"https:\/\/vosgesinfo.fr\/epinalinfo\/#\/schema\/person\/image\/","url":"https:\/\/secure.gravatar.com\/avatar\/48e3fc7f8421ba8942be6b74a2b7f014ca39bc00dece156b7a8e098ae7dc87bf?s=96&d=mm&r=g","contentUrl":"https:\/\/secure.gravatar.com\/avatar\/48e3fc7f8421ba8942be6b74a2b7f014ca39bc00dece156b7a8e098ae7dc87bf?s=96&d=mm&r=g","caption":"C.K."},"url":"https:\/\/vosgesinfo.fr\/epinalinfo\/author\/celia-k-n\/"}]}},"_links":{"self":[{"href":"https:\/\/vosgesinfo.fr\/epinalinfo\/wp-json\/wp\/v2\/posts\/130392","targetHints":{"allow":["GET"]}}],"collection":[{"href":"https:\/\/vosgesinfo.fr\/epinalinfo\/wp-json\/wp\/v2\/posts"}],"about":[{"href":"https:\/\/vosgesinfo.fr\/epinalinfo\/wp-json\/wp\/v2\/types\/post"}],"author":[{"embeddable":true,"href":"https:\/\/vosgesinfo.fr\/epinalinfo\/wp-json\/wp\/v2\/users\/52"}],"replies":[{"embeddable":true,"href":"https:\/\/vosgesinfo.fr\/epinalinfo\/wp-json\/wp\/v2\/comments?post=130392"}],"version-history":[{"count":2,"href":"https:\/\/vosgesinfo.fr\/epinalinfo\/wp-json\/wp\/v2\/posts\/130392\/revisions"}],"predecessor-version":[{"id":130395,"href":"https:\/\/vosgesinfo.fr\/epinalinfo\/wp-json\/wp\/v2\/posts\/130392\/revisions\/130395"}],"wp:featuredmedia":[{"embeddable":true,"href":"https:\/\/vosgesinfo.fr\/epinalinfo\/wp-json\/wp\/v2\/media\/130393"}],"wp:attachment":[{"href":"https:\/\/vosgesinfo.fr\/epinalinfo\/wp-json\/wp\/v2\/media?parent=130392"}],"wp:term":[{"taxonomy":"category","embeddable":true,"href":"https:\/\/vosgesinfo.fr\/epinalinfo\/wp-json\/wp\/v2\/categories?post=130392"},{"taxonomy":"post_tag","embeddable":true,"href":"https:\/\/vosgesinfo.fr\/epinalinfo\/wp-json\/wp\/v2\/tags?post=130392"}],"curies":[{"name":"wp","href":"https:\/\/api.w.org\/{rel}","templated":true}]}}