{"id":130416,"date":"2025-04-01T08:28:24","date_gmt":"2025-04-01T06:28:24","guid":{"rendered":"https:\/\/vosgesinfo.fr\/epinalinfo\/?p=130416"},"modified":"2025-03-31T18:32:52","modified_gmt":"2025-03-31T16:32:52","slug":"un-nouvel-espace-plein-air-dedie-au-velo-a-epinal","status":"publish","type":"post","link":"https:\/\/vosgesinfo.fr\/epinalinfo\/2025\/04\/un-nouvel-espace-plein-air-dedie-au-velo-a-epinal\/","title":{"rendered":"Un nouvel espace plein air d\u00e9di\u00e9 au v\u00e9lo \u00e0 \u00c9pinal"},"content":{"rendered":"<h2><a href=\"https:\/\/vosgesinfo.fr\/app\/uploads\/sites\/3\/2024\/08\/201707velo-moustache-1.jpg\"><img decoding=\"async\" class=\"aligncenter size-full wp-image-113488\" src=\"https:\/\/vosgesinfo.fr\/app\/uploads\/sites\/3\/2024\/08\/201707velo-moustache-1.jpg\" alt=\"\" width=\"800\" height=\"534\" srcset=\"https:\/\/vosgesinfo.fr\/app\/uploads\/sites\/3\/2024\/08\/201707velo-moustache-1.jpg 800w, https:\/\/vosgesinfo.fr\/app\/uploads\/sites\/3\/2024\/08\/201707velo-moustache-1-300x200.jpg 300w, https:\/\/vosgesinfo.fr\/app\/uploads\/sites\/3\/2024\/08\/201707velo-moustache-1-768x513.jpg 768w\" sizes=\"(max-width: 800px) 100vw, 800px\" \/><\/a>Ce lundi 31 mars, la Ville d&rsquo;\u00c9pinal a lanc\u00e9 le chantier de construction d&rsquo;une plateforme p\u00e9dagogique sur l\u2019apprentissage du v\u00e9lo pour tous et d&rsquo;un circuit de pumptrack qui seront implant\u00e9s au bord de la Moselle dans le quartier de Saint Laurent. Ces deux \u00e9quipements seront ouverts au public pour cet \u00e9t\u00e9.<\/h2>\n<p>La plateforme p\u00e9dagogique permettra \u00e0 chacun d\u2019apprendre \u00e0 circuler \u00e0 bicyclette en respectant le<br \/>\nCode de la route avec panneaux de signalisation verticale et marquages au sol. Elle s\u2019inscrit dans le<br \/>\ncadre du dispositif gouvernemental \u00ab Savoir Rouler \u00e0 V\u00e9lo \u00bb, qui enseigne aux enfants \u00e0 p\u00e9daler en<br \/>\ntoute s\u00e9curit\u00e9 et \u00e0 se d\u00e9placer de mani\u00e8re autonome \u00e0 v\u00e9lo avant leur entr\u00e9e au coll\u00e8ge.<br \/>\nLa pumptrack, circuit ferm\u00e9 avec des bosses et des virages relev\u00e9s, est con\u00e7u pour \u00eatre parcouru en<br \/>\nutilisant le mouvement de balancier du corps plut\u00f4t que de p\u00e9daler. Il sera compos\u00e9 de deux boucles :<br \/>\nl\u2019une pour les d\u00e9butants (de niveau vert) et l\u2019autre pour les cyclistes de niveaux interm\u00e9diaires \u00e0<br \/>\nconfirm\u00e9s avec trois niveaux de difficult\u00e9 (bleu, rouge et noir).<br \/>\nSitu\u00e9 au stade Durupt, \u00e0 c\u00f4t\u00e9 du club d\u2019aviron et du bassin d\u2019\u00e9t\u00e9 de ce quartier sud de la ville, la<br \/>\nplateforme p\u00e9dagogique sera construite \u00e0 la place des anciens cours de tennis et la pumptrack sur<br \/>\nl&rsquo;ancien terrain de foot.<br \/>\nCe projet d\u00e9coule de la volont\u00e9 municipale de favoriser les mobilit\u00e9s douces et de concr\u00e9tiser une id\u00e9e<br \/>\narriv\u00e9e en 2\u1d49 position lors du vote des Spinaliens dans le cadre du budget participatif 2023-2024. Son<br \/>\ninauguration est d\u2019ores et d\u00e9j\u00e0 programm\u00e9e le 21 juin 2025.<br \/>\nLe co\u00fbt total de l&rsquo;op\u00e9ration s&rsquo;\u00e9l\u00e8ve \u00e0 214 500\u20ac HT, avec des subventions de l&rsquo;\u00c9tat (44 000 \u20ac), de la<br \/>\nR\u00e9gion Grand Est (60 000 \u20ac) et du Conseil d\u00e9partemental des Vosges (22 500 \u20ac).<\/p>\n","protected":false},"excerpt":{"rendered":"<p>Ce lundi 31 mars, la Ville d&rsquo;\u00c9pinal a lanc\u00e9 le chantier de construction d&rsquo;une plateforme p\u00e9dagogique sur l\u2019apprentissage du v\u00e9lo [&hellip;]<\/p>\n","protected":false},"author":52,"featured_media":113488,"comment_status":"open","ping_status":"open","sticky":false,"template":"","format":"standard","meta":{"footnotes":""},"categories":[22,24],"tags":[70,218,278],"class_list":["post-130416","post","type-post","status-publish","format-standard","has-post-thumbnail","hentry","category-a-la-une","category-epinal","tag-epinal","tag-sport","tag-velo"],"acf":[],"yoast_head":"<!-- This site is optimized with the Yoast SEO plugin v22.5 - https:\/\/yoast.com\/wordpress\/plugins\/seo\/ -->\n<title>Un nouvel espace plein air d\u00e9di\u00e9 au v\u00e9lo \u00e0 \u00c9pinal - Epinal Info<\/title>\n<meta name=\"robots\" content=\"index, follow, max-snippet:-1, max-image-preview:large, max-video-preview:-1\" \/>\n<link rel=\"canonical\" href=\"https:\/\/vosgesinfo.fr\/epinalinfo\/2025\/04\/un-nouvel-espace-plein-air-dedie-au-velo-a-epinal\/\" \/>\n<meta name=\"twitter:card\" content=\"summary_large_image\" \/>\n<meta name=\"twitter:title\" content=\"Un nouvel espace plein air d\u00e9di\u00e9 au v\u00e9lo \u00e0 \u00c9pinal - Epinal Info\" \/>\n<meta name=\"twitter:description\" content=\"Ce lundi 31 mars, la Ville d&rsquo;\u00c9pinal a lanc\u00e9 le chantier de construction d&rsquo;une plateforme p\u00e9dagogique sur l\u2019apprentissage du v\u00e9lo [&hellip;]\" \/>\n<meta name=\"twitter:image\" content=\"https:\/\/vosgesinfo.fr\/app\/uploads\/sites\/3\/2024\/08\/201707velo-moustache-1.jpg\" \/>\n<meta name=\"twitter:creator\" content=\"@VosgesInfo88\" \/>\n<meta name=\"twitter:site\" content=\"@VosgesInfo88\" \/>\n<meta name=\"twitter:label1\" content=\"\u00c9crit par\" \/>\n\t<meta name=\"twitter:data1\" content=\"C.K.\" \/>\n\t<meta name=\"twitter:label2\" content=\"Dur\u00e9e de lecture estim\u00e9e\" \/>\n\t<meta name=\"twitter:data2\" content=\"2 minutes\" \/>\n<script type=\"application\/ld+json\" class=\"yoast-schema-graph\">{\"@context\":\"https:\/\/schema.org\",\"@graph\":[{\"@type\":\"Article\",\"@id\":\"https:\/\/vosgesinfo.fr\/epinalinfo\/2025\/04\/un-nouvel-espace-plein-air-dedie-au-velo-a-epinal\/#article\",\"isPartOf\":{\"@id\":\"https:\/\/vosgesinfo.fr\/epinalinfo\/2025\/04\/un-nouvel-espace-plein-air-dedie-au-velo-a-epinal\/\"},\"author\":{\"name\":\"C.K.\",\"@id\":\"https:\/\/vosgesinfo.fr\/epinalinfo\/#\/schema\/person\/6f9a650eeea99d969b6c4ab78fccbe81\"},\"headline\":\"Un nouvel espace plein air d\u00e9di\u00e9 au v\u00e9lo \u00e0 \u00c9pinal\",\"datePublished\":\"2025-04-01T06:28:24+00:00\",\"dateModified\":\"2025-03-31T16:32:52+00:00\",\"mainEntityOfPage\":{\"@id\":\"https:\/\/vosgesinfo.fr\/epinalinfo\/2025\/04\/un-nouvel-espace-plein-air-dedie-au-velo-a-epinal\/\"},\"wordCount\":326,\"commentCount\":0,\"publisher\":{\"@id\":\"https:\/\/vosgesinfo.fr\/epinalinfo\/#organization\"},\"image\":{\"@id\":\"https:\/\/vosgesinfo.fr\/epinalinfo\/2025\/04\/un-nouvel-espace-plein-air-dedie-au-velo-a-epinal\/#primaryimage\"},\"thumbnailUrl\":\"https:\/\/vosgesinfo.fr\/app\/uploads\/sites\/3\/2024\/08\/201707velo-moustache-1.jpg\",\"keywords\":[\"Epinal\",\"sport\",\"v\u00e9lo\"],\"articleSection\":[\"A la Une\",\"Epinal\"],\"inLanguage\":\"fr-FR\",\"potentialAction\":[{\"@type\":\"CommentAction\",\"name\":\"Comment\",\"target\":[\"https:\/\/vosgesinfo.fr\/epinalinfo\/2025\/04\/un-nouvel-espace-plein-air-dedie-au-velo-a-epinal\/#respond\"]}]},{\"@type\":\"WebPage\",\"@id\":\"https:\/\/vosgesinfo.fr\/epinalinfo\/2025\/04\/un-nouvel-espace-plein-air-dedie-au-velo-a-epinal\/\",\"url\":\"https:\/\/vosgesinfo.fr\/epinalinfo\/2025\/04\/un-nouvel-espace-plein-air-dedie-au-velo-a-epinal\/\",\"name\":\"Un nouvel espace plein air d\u00e9di\u00e9 au v\u00e9lo \u00e0 \u00c9pinal - Epinal Info\",\"isPartOf\":{\"@id\":\"https:\/\/vosgesinfo.fr\/epinalinfo\/#website\"},\"primaryImageOfPage\":{\"@id\":\"https:\/\/vosgesinfo.fr\/epinalinfo\/2025\/04\/un-nouvel-espace-plein-air-dedie-au-velo-a-epinal\/#primaryimage\"},\"image\":{\"@id\":\"https:\/\/vosgesinfo.fr\/epinalinfo\/2025\/04\/un-nouvel-espace-plein-air-dedie-au-velo-a-epinal\/#primaryimage\"},\"thumbnailUrl\":\"https:\/\/vosgesinfo.fr\/app\/uploads\/sites\/3\/2024\/08\/201707velo-moustache-1.jpg\",\"datePublished\":\"2025-04-01T06:28:24+00:00\",\"dateModified\":\"2025-03-31T16:32:52+00:00\",\"breadcrumb\":{\"@id\":\"https:\/\/vosgesinfo.fr\/epinalinfo\/2025\/04\/un-nouvel-espace-plein-air-dedie-au-velo-a-epinal\/#breadcrumb\"},\"inLanguage\":\"fr-FR\",\"potentialAction\":[{\"@type\":\"ReadAction\",\"target\":[\"https:\/\/vosgesinfo.fr\/epinalinfo\/2025\/04\/un-nouvel-espace-plein-air-dedie-au-velo-a-epinal\/\"]}]},{\"@type\":\"ImageObject\",\"inLanguage\":\"fr-FR\",\"@id\":\"https:\/\/vosgesinfo.fr\/epinalinfo\/2025\/04\/un-nouvel-espace-plein-air-dedie-au-velo-a-epinal\/#primaryimage\",\"url\":\"https:\/\/vosgesinfo.fr\/app\/uploads\/sites\/3\/2024\/08\/201707velo-moustache-1.jpg\",\"contentUrl\":\"https:\/\/vosgesinfo.fr\/app\/uploads\/sites\/3\/2024\/08\/201707velo-moustache-1.jpg\",\"width\":800,\"height\":534},{\"@type\":\"BreadcrumbList\",\"@id\":\"https:\/\/vosgesinfo.fr\/epinalinfo\/2025\/04\/un-nouvel-espace-plein-air-dedie-au-velo-a-epinal\/#breadcrumb\",\"itemListElement\":[{\"@type\":\"ListItem\",\"position\":1,\"name\":\"Home\",\"item\":\"https:\/\/vosgesinfo.fr\/epinalinfo\/\"},{\"@type\":\"ListItem\",\"position\":2,\"name\":\"Un nouvel espace plein air d\u00e9di\u00e9 au v\u00e9lo \u00e0 \u00c9pinal\"}]},{\"@type\":\"WebSite\",\"@id\":\"https:\/\/vosgesinfo.fr\/epinalinfo\/#website\",\"url\":\"https:\/\/vosgesinfo.fr\/epinalinfo\/\",\"name\":\"Epinal Info\",\"description\":\"Toute l&#039;actualit\u00e9 d&#039;\u00c9pinal\",\"publisher\":{\"@id\":\"https:\/\/vosgesinfo.fr\/epinalinfo\/#organization\"},\"alternateName\":\"Toute l'actualit\u00e9 d'\u00c9pinal\",\"potentialAction\":[{\"@type\":\"SearchAction\",\"target\":{\"@type\":\"EntryPoint\",\"urlTemplate\":\"https:\/\/vosgesinfo.fr\/epinalinfo\/?s={search_term_string}\"},\"query-input\":\"required name=search_term_string\"}],\"inLanguage\":\"fr-FR\"},{\"@type\":\"Organization\",\"@id\":\"https:\/\/vosgesinfo.fr\/epinalinfo\/#organization\",\"name\":\"Epinal Info\",\"url\":\"https:\/\/vosgesinfo.fr\/epinalinfo\/\",\"logo\":{\"@type\":\"ImageObject\",\"inLanguage\":\"fr-FR\",\"@id\":\"https:\/\/vosgesinfo.fr\/epinalinfo\/#\/schema\/logo\/image\/\",\"url\":\"https:\/\/vosgesinfo.fr\/app\/uploads\/sites\/3\/2023\/08\/logo-epinalinfos.svg\",\"contentUrl\":\"https:\/\/vosgesinfo.fr\/app\/uploads\/sites\/3\/2023\/08\/logo-epinalinfos.svg\",\"width\":1,\"height\":1,\"caption\":\"Epinal Info\"},\"image\":{\"@id\":\"https:\/\/vosgesinfo.fr\/epinalinfo\/#\/schema\/logo\/image\/\"},\"sameAs\":[\"https:\/\/www.facebook.com\/Epinalinfos\",\"https:\/\/x.com\/VosgesInfo88\",\"https:\/\/www.youtube.com\/@vosgesinfo\"]},{\"@type\":\"Person\",\"@id\":\"https:\/\/vosgesinfo.fr\/epinalinfo\/#\/schema\/person\/6f9a650eeea99d969b6c4ab78fccbe81\",\"name\":\"C.K.\",\"image\":{\"@type\":\"ImageObject\",\"inLanguage\":\"fr-FR\",\"@id\":\"https:\/\/vosgesinfo.fr\/epinalinfo\/#\/schema\/person\/image\/\",\"url\":\"https:\/\/secure.gravatar.com\/avatar\/48e3fc7f8421ba8942be6b74a2b7f014ca39bc00dece156b7a8e098ae7dc87bf?s=96&d=mm&r=g\",\"contentUrl\":\"https:\/\/secure.gravatar.com\/avatar\/48e3fc7f8421ba8942be6b74a2b7f014ca39bc00dece156b7a8e098ae7dc87bf?s=96&d=mm&r=g\",\"caption\":\"C.K.\"},\"url\":\"https:\/\/vosgesinfo.fr\/epinalinfo\/author\/celia-k-n\/\"}]}<\/script>\n<!-- \/ Yoast SEO plugin. -->","yoast_head_json":{"title":"Un nouvel espace plein air d\u00e9di\u00e9 au v\u00e9lo \u00e0 \u00c9pinal - Epinal Info","robots":{"index":"index","follow":"follow","max-snippet":"max-snippet:-1","max-image-preview":"max-image-preview:large","max-video-preview":"max-video-preview:-1"},"canonical":"https:\/\/vosgesinfo.fr\/epinalinfo\/2025\/04\/un-nouvel-espace-plein-air-dedie-au-velo-a-epinal\/","twitter_card":"summary_large_image","twitter_title":"Un nouvel espace plein air d\u00e9di\u00e9 au v\u00e9lo \u00e0 \u00c9pinal - Epinal Info","twitter_description":"Ce lundi 31 mars, la Ville d&rsquo;\u00c9pinal a lanc\u00e9 le chantier de construction d&rsquo;une plateforme p\u00e9dagogique sur l\u2019apprentissage du v\u00e9lo [&hellip;]","twitter_image":"https:\/\/vosgesinfo.fr\/app\/uploads\/sites\/3\/2024\/08\/201707velo-moustache-1.jpg","twitter_creator":"@VosgesInfo88","twitter_site":"@VosgesInfo88","twitter_misc":{"\u00c9crit par":"C.K.","Dur\u00e9e de lecture estim\u00e9e":"2 minutes"},"schema":{"@context":"https:\/\/schema.org","@graph":[{"@type":"Article","@id":"https:\/\/vosgesinfo.fr\/epinalinfo\/2025\/04\/un-nouvel-espace-plein-air-dedie-au-velo-a-epinal\/#article","isPartOf":{"@id":"https:\/\/vosgesinfo.fr\/epinalinfo\/2025\/04\/un-nouvel-espace-plein-air-dedie-au-velo-a-epinal\/"},"author":{"name":"C.K.","@id":"https:\/\/vosgesinfo.fr\/epinalinfo\/#\/schema\/person\/6f9a650eeea99d969b6c4ab78fccbe81"},"headline":"Un nouvel espace plein air d\u00e9di\u00e9 au v\u00e9lo \u00e0 \u00c9pinal","datePublished":"2025-04-01T06:28:24+00:00","dateModified":"2025-03-31T16:32:52+00:00","mainEntityOfPage":{"@id":"https:\/\/vosgesinfo.fr\/epinalinfo\/2025\/04\/un-nouvel-espace-plein-air-dedie-au-velo-a-epinal\/"},"wordCount":326,"commentCount":0,"publisher":{"@id":"https:\/\/vosgesinfo.fr\/epinalinfo\/#organization"},"image":{"@id":"https:\/\/vosgesinfo.fr\/epinalinfo\/2025\/04\/un-nouvel-espace-plein-air-dedie-au-velo-a-epinal\/#primaryimage"},"thumbnailUrl":"https:\/\/vosgesinfo.fr\/app\/uploads\/sites\/3\/2024\/08\/201707velo-moustache-1.jpg","keywords":["Epinal","sport","v\u00e9lo"],"articleSection":["A la Une","Epinal"],"inLanguage":"fr-FR","potentialAction":[{"@type":"CommentAction","name":"Comment","target":["https:\/\/vosgesinfo.fr\/epinalinfo\/2025\/04\/un-nouvel-espace-plein-air-dedie-au-velo-a-epinal\/#respond"]}]},{"@type":"WebPage","@id":"https:\/\/vosgesinfo.fr\/epinalinfo\/2025\/04\/un-nouvel-espace-plein-air-dedie-au-velo-a-epinal\/","url":"https:\/\/vosgesinfo.fr\/epinalinfo\/2025\/04\/un-nouvel-espace-plein-air-dedie-au-velo-a-epinal\/","name":"Un nouvel espace plein air d\u00e9di\u00e9 au v\u00e9lo \u00e0 \u00c9pinal - Epinal Info","isPartOf":{"@id":"https:\/\/vosgesinfo.fr\/epinalinfo\/#website"},"primaryImageOfPage":{"@id":"https:\/\/vosgesinfo.fr\/epinalinfo\/2025\/04\/un-nouvel-espace-plein-air-dedie-au-velo-a-epinal\/#primaryimage"},"image":{"@id":"https:\/\/vosgesinfo.fr\/epinalinfo\/2025\/04\/un-nouvel-espace-plein-air-dedie-au-velo-a-epinal\/#primaryimage"},"thumbnailUrl":"https:\/\/vosgesinfo.fr\/app\/uploads\/sites\/3\/2024\/08\/201707velo-moustache-1.jpg","datePublished":"2025-04-01T06:28:24+00:00","dateModified":"2025-03-31T16:32:52+00:00","breadcrumb":{"@id":"https:\/\/vosgesinfo.fr\/epinalinfo\/2025\/04\/un-nouvel-espace-plein-air-dedie-au-velo-a-epinal\/#breadcrumb"},"inLanguage":"fr-FR","potentialAction":[{"@type":"ReadAction","target":["https:\/\/vosgesinfo.fr\/epinalinfo\/2025\/04\/un-nouvel-espace-plein-air-dedie-au-velo-a-epinal\/"]}]},{"@type":"ImageObject","inLanguage":"fr-FR","@id":"https:\/\/vosgesinfo.fr\/epinalinfo\/2025\/04\/un-nouvel-espace-plein-air-dedie-au-velo-a-epinal\/#primaryimage","url":"https:\/\/vosgesinfo.fr\/app\/uploads\/sites\/3\/2024\/08\/201707velo-moustache-1.jpg","contentUrl":"https:\/\/vosgesinfo.fr\/app\/uploads\/sites\/3\/2024\/08\/201707velo-moustache-1.jpg","width":800,"height":534},{"@type":"BreadcrumbList","@id":"https:\/\/vosgesinfo.fr\/epinalinfo\/2025\/04\/un-nouvel-espace-plein-air-dedie-au-velo-a-epinal\/#breadcrumb","itemListElement":[{"@type":"ListItem","position":1,"name":"Home","item":"https:\/\/vosgesinfo.fr\/epinalinfo\/"},{"@type":"ListItem","position":2,"name":"Un nouvel espace plein air d\u00e9di\u00e9 au v\u00e9lo \u00e0 \u00c9pinal"}]},{"@type":"WebSite","@id":"https:\/\/vosgesinfo.fr\/epinalinfo\/#website","url":"https:\/\/vosgesinfo.fr\/epinalinfo\/","name":"Epinal Info","description":"Toute l&#039;actualit\u00e9 d&#039;\u00c9pinal","publisher":{"@id":"https:\/\/vosgesinfo.fr\/epinalinfo\/#organization"},"alternateName":"Toute l'actualit\u00e9 d'\u00c9pinal","potentialAction":[{"@type":"SearchAction","target":{"@type":"EntryPoint","urlTemplate":"https:\/\/vosgesinfo.fr\/epinalinfo\/?s={search_term_string}"},"query-input":"required name=search_term_string"}],"inLanguage":"fr-FR"},{"@type":"Organization","@id":"https:\/\/vosgesinfo.fr\/epinalinfo\/#organization","name":"Epinal Info","url":"https:\/\/vosgesinfo.fr\/epinalinfo\/","logo":{"@type":"ImageObject","inLanguage":"fr-FR","@id":"https:\/\/vosgesinfo.fr\/epinalinfo\/#\/schema\/logo\/image\/","url":"https:\/\/vosgesinfo.fr\/app\/uploads\/sites\/3\/2023\/08\/logo-epinalinfos.svg","contentUrl":"https:\/\/vosgesinfo.fr\/app\/uploads\/sites\/3\/2023\/08\/logo-epinalinfos.svg","width":1,"height":1,"caption":"Epinal Info"},"image":{"@id":"https:\/\/vosgesinfo.fr\/epinalinfo\/#\/schema\/logo\/image\/"},"sameAs":["https:\/\/www.facebook.com\/Epinalinfos","https:\/\/x.com\/VosgesInfo88","https:\/\/www.youtube.com\/@vosgesinfo"]},{"@type":"Person","@id":"https:\/\/vosgesinfo.fr\/epinalinfo\/#\/schema\/person\/6f9a650eeea99d969b6c4ab78fccbe81","name":"C.K.","image":{"@type":"ImageObject","inLanguage":"fr-FR","@id":"https:\/\/vosgesinfo.fr\/epinalinfo\/#\/schema\/person\/image\/","url":"https:\/\/secure.gravatar.com\/avatar\/48e3fc7f8421ba8942be6b74a2b7f014ca39bc00dece156b7a8e098ae7dc87bf?s=96&d=mm&r=g","contentUrl":"https:\/\/secure.gravatar.com\/avatar\/48e3fc7f8421ba8942be6b74a2b7f014ca39bc00dece156b7a8e098ae7dc87bf?s=96&d=mm&r=g","caption":"C.K."},"url":"https:\/\/vosgesinfo.fr\/epinalinfo\/author\/celia-k-n\/"}]}},"_links":{"self":[{"href":"https:\/\/vosgesinfo.fr\/epinalinfo\/wp-json\/wp\/v2\/posts\/130416","targetHints":{"allow":["GET"]}}],"collection":[{"href":"https:\/\/vosgesinfo.fr\/epinalinfo\/wp-json\/wp\/v2\/posts"}],"about":[{"href":"https:\/\/vosgesinfo.fr\/epinalinfo\/wp-json\/wp\/v2\/types\/post"}],"author":[{"embeddable":true,"href":"https:\/\/vosgesinfo.fr\/epinalinfo\/wp-json\/wp\/v2\/users\/52"}],"replies":[{"embeddable":true,"href":"https:\/\/vosgesinfo.fr\/epinalinfo\/wp-json\/wp\/v2\/comments?post=130416"}],"version-history":[{"count":1,"href":"https:\/\/vosgesinfo.fr\/epinalinfo\/wp-json\/wp\/v2\/posts\/130416\/revisions"}],"predecessor-version":[{"id":130417,"href":"https:\/\/vosgesinfo.fr\/epinalinfo\/wp-json\/wp\/v2\/posts\/130416\/revisions\/130417"}],"wp:featuredmedia":[{"embeddable":true,"href":"https:\/\/vosgesinfo.fr\/epinalinfo\/wp-json\/wp\/v2\/media\/113488"}],"wp:attachment":[{"href":"https:\/\/vosgesinfo.fr\/epinalinfo\/wp-json\/wp\/v2\/media?parent=130416"}],"wp:term":[{"taxonomy":"category","embeddable":true,"href":"https:\/\/vosgesinfo.fr\/epinalinfo\/wp-json\/wp\/v2\/categories?post=130416"},{"taxonomy":"post_tag","embeddable":true,"href":"https:\/\/vosgesinfo.fr\/epinalinfo\/wp-json\/wp\/v2\/tags?post=130416"}],"curies":[{"name":"wp","href":"https:\/\/api.w.org\/{rel}","templated":true}]}}