{"id":130436,"date":"2025-04-01T11:00:27","date_gmt":"2025-04-01T09:00:27","guid":{"rendered":"https:\/\/vosgesinfo.fr\/epinalinfo\/?p=130436"},"modified":"2025-04-01T11:00:17","modified_gmt":"2025-04-01T09:00:17","slug":"drame-a-xertigny-deux-personnes-tuees","status":"publish","type":"post","link":"https:\/\/vosgesinfo.fr\/epinalinfo\/2025\/04\/drame-a-xertigny-deux-personnes-tuees\/","title":{"rendered":"Drame \u00e0 Xertigny : deux personnes tu\u00e9es"},"content":{"rendered":"<h2 data-start=\"400\" data-end=\"708\"><a href=\"https:\/\/vosgesinfo.fr\/app\/uploads\/sites\/3\/2025\/01\/202006gendarmerie-01-393x255-1.jpg\"><img decoding=\"async\" class=\"aligncenter size-full wp-image-127176\" src=\"https:\/\/vosgesinfo.fr\/app\/uploads\/sites\/3\/2025\/01\/202006gendarmerie-01-393x255-1.jpg\" alt=\"\" width=\"393\" height=\"255\" srcset=\"https:\/\/vosgesinfo.fr\/app\/uploads\/sites\/3\/2025\/01\/202006gendarmerie-01-393x255-1.jpg 393w, https:\/\/vosgesinfo.fr\/app\/uploads\/sites\/3\/2025\/01\/202006gendarmerie-01-393x255-1-300x195.jpg 300w\" sizes=\"(max-width: 393px) 100vw, 393px\" \/><\/a>Lundi 31 mars 2025, un double homicide a secou\u00e9 la commune de Xertigny, dans les Vosges. Deux personnes ont \u00e9t\u00e9 tu\u00e9es \u00e0 coups de pierres dans des circonstances encore floues. Une enqu\u00eate pour meurtre a \u00e9t\u00e9 ouverte afin de faire la lumi\u00e8re sur cette trag\u00e9die.<\/h2>\n<h3 data-start=\"710\" data-end=\"739\"><strong data-start=\"713\" data-end=\"737\">Une enqu\u00eate en cours<\/strong><\/h3>\n<p class=\"\" data-start=\"741\" data-end=\"1030\">Les autorit\u00e9s locales, sous la direction du parquet des Vosges, ont imm\u00e9diatement ouvert une enqu\u00eate pour d\u00e9terminer les circonstances exactes du drame. Les premi\u00e8res informations laissent penser \u00e0 une agression violente, mais les motivations du suspect restent pour l\u2019instant inconnues.<\/p>\n<p class=\"\" data-start=\"1032\" data-end=\"1391\">Le procureur de la R\u00e9publique des Vosges, Fr\u00e9d\u00e9ric Nahon, a annonc\u00e9 qu\u2019une conf\u00e9rence de presse se tiendra demain, mercredi 2 avril, afin de donner davantage de pr\u00e9cisions sur l\u2019affaire. Cette communication officielle pourrait apporter des \u00e9l\u00e9ments nouveaux sur l\u2019identit\u00e9 des victimes, le profil du suspect et les causes possibles de cette attaque brutale.<\/p>\n<h3 data-start=\"1393\" data-end=\"1425\"><strong data-start=\"1396\" data-end=\"1423\">Un choc pour la commune<\/strong><\/h3>\n<p class=\"\" data-start=\"1427\" data-end=\"1682\">Situ\u00e9e \u00e0 une vingtaine de kilom\u00e8tres d&rsquo;\u00c9pinal, la petite ville de Xertigny est d\u2019ordinaire paisible, ce qui rend ce drame encore plus marquant pour ses habitants. L\u2019annonce de ce double meurtre a suscit\u00e9 une vive \u00e9motion au sein de la communaut\u00e9 locale.<\/p>\n<p class=\"\" data-start=\"1684\" data-end=\"1948\">Les enqu\u00eateurs poursuivent leurs investigations, mais toutes les hypoth\u00e8ses restent ouvertes \u00e0 ce stade de l\u2019enqu\u00eate.<\/p>\n<h3 data-start=\"1950\" data-end=\"1987\"><strong data-start=\"1953\" data-end=\"1985\">Attente de nouveaux \u00e9l\u00e9ments<\/strong><\/h3>\n<p class=\"\" data-start=\"1989\" data-end=\"2221\">L\u2019intervention du procureur ce mercredi devrait permettre d\u2019en savoir plus sur le mobile du crime et le profil du suspect.<\/p>\n","protected":false},"excerpt":{"rendered":"<p>Lundi 31 mars 2025, un double homicide a secou\u00e9 la commune de Xertigny, dans les Vosges. Deux personnes ont \u00e9t\u00e9 [&hellip;]<\/p>\n","protected":false},"author":52,"featured_media":127176,"comment_status":"open","ping_status":"open","sticky":false,"template":"","format":"standard","meta":{"footnotes":""},"categories":[22,24,5,283],"tags":[16365,268,295,75,378],"class_list":["post-130436","post","type-post","status-publish","format-standard","has-post-thumbnail","hentry","category-a-la-une","category-epinal","category-vosges","category-xertigny","tag-drame-a-xertigny","tag-faits-divers","tag-meurtre","tag-vosges","tag-xertigny"],"acf":[],"yoast_head":"<!-- This site is optimized with the Yoast SEO plugin v22.5 - https:\/\/yoast.com\/wordpress\/plugins\/seo\/ -->\n<title>Drame \u00e0 Xertigny : deux personnes tu\u00e9es - Epinal Info<\/title>\n<meta name=\"robots\" content=\"index, follow, max-snippet:-1, max-image-preview:large, max-video-preview:-1\" \/>\n<link rel=\"canonical\" href=\"https:\/\/vosgesinfo.fr\/epinalinfo\/2025\/04\/drame-a-xertigny-deux-personnes-tuees\/\" \/>\n<meta name=\"twitter:card\" content=\"summary_large_image\" \/>\n<meta name=\"twitter:title\" content=\"Drame \u00e0 Xertigny : deux personnes tu\u00e9es - Epinal Info\" \/>\n<meta name=\"twitter:description\" content=\"Lundi 31 mars 2025, un double homicide a secou\u00e9 la commune de Xertigny, dans les Vosges. Deux personnes ont \u00e9t\u00e9 [&hellip;]\" \/>\n<meta name=\"twitter:image\" content=\"https:\/\/vosgesinfo.fr\/app\/uploads\/sites\/3\/2025\/01\/202006gendarmerie-01-393x255-1.jpg\" \/>\n<meta name=\"twitter:creator\" content=\"@VosgesInfo88\" \/>\n<meta name=\"twitter:site\" content=\"@VosgesInfo88\" \/>\n<meta name=\"twitter:label1\" content=\"\u00c9crit par\" \/>\n\t<meta name=\"twitter:data1\" content=\"C.K.\" \/>\n\t<meta name=\"twitter:label2\" content=\"Dur\u00e9e de lecture estim\u00e9e\" \/>\n\t<meta name=\"twitter:data2\" content=\"2 minutes\" \/>\n<script type=\"application\/ld+json\" class=\"yoast-schema-graph\">{\"@context\":\"https:\/\/schema.org\",\"@graph\":[{\"@type\":\"Article\",\"@id\":\"https:\/\/vosgesinfo.fr\/epinalinfo\/2025\/04\/drame-a-xertigny-deux-personnes-tuees\/#article\",\"isPartOf\":{\"@id\":\"https:\/\/vosgesinfo.fr\/epinalinfo\/2025\/04\/drame-a-xertigny-deux-personnes-tuees\/\"},\"author\":{\"name\":\"C.K.\",\"@id\":\"https:\/\/vosgesinfo.fr\/epinalinfo\/#\/schema\/person\/6f9a650eeea99d969b6c4ab78fccbe81\"},\"headline\":\"Drame \u00e0 Xertigny : deux personnes tu\u00e9es\",\"datePublished\":\"2025-04-01T09:00:27+00:00\",\"dateModified\":\"2025-04-01T09:00:17+00:00\",\"mainEntityOfPage\":{\"@id\":\"https:\/\/vosgesinfo.fr\/epinalinfo\/2025\/04\/drame-a-xertigny-deux-personnes-tuees\/\"},\"wordCount\":260,\"commentCount\":2,\"publisher\":{\"@id\":\"https:\/\/vosgesinfo.fr\/epinalinfo\/#organization\"},\"image\":{\"@id\":\"https:\/\/vosgesinfo.fr\/epinalinfo\/2025\/04\/drame-a-xertigny-deux-personnes-tuees\/#primaryimage\"},\"thumbnailUrl\":\"https:\/\/vosgesinfo.fr\/app\/uploads\/sites\/3\/2025\/01\/202006gendarmerie-01-393x255-1.jpg\",\"keywords\":[\"Drame \u00e0 Xertigny\",\"Faits divers\",\"meurtre\",\"vosges\",\"Xertigny\"],\"articleSection\":[\"A la Une\",\"Epinal\",\"Vosges\",\"Xertigny\"],\"inLanguage\":\"fr-FR\",\"potentialAction\":[{\"@type\":\"CommentAction\",\"name\":\"Comment\",\"target\":[\"https:\/\/vosgesinfo.fr\/epinalinfo\/2025\/04\/drame-a-xertigny-deux-personnes-tuees\/#respond\"]}]},{\"@type\":\"WebPage\",\"@id\":\"https:\/\/vosgesinfo.fr\/epinalinfo\/2025\/04\/drame-a-xertigny-deux-personnes-tuees\/\",\"url\":\"https:\/\/vosgesinfo.fr\/epinalinfo\/2025\/04\/drame-a-xertigny-deux-personnes-tuees\/\",\"name\":\"Drame \u00e0 Xertigny : deux personnes tu\u00e9es - Epinal Info\",\"isPartOf\":{\"@id\":\"https:\/\/vosgesinfo.fr\/epinalinfo\/#website\"},\"primaryImageOfPage\":{\"@id\":\"https:\/\/vosgesinfo.fr\/epinalinfo\/2025\/04\/drame-a-xertigny-deux-personnes-tuees\/#primaryimage\"},\"image\":{\"@id\":\"https:\/\/vosgesinfo.fr\/epinalinfo\/2025\/04\/drame-a-xertigny-deux-personnes-tuees\/#primaryimage\"},\"thumbnailUrl\":\"https:\/\/vosgesinfo.fr\/app\/uploads\/sites\/3\/2025\/01\/202006gendarmerie-01-393x255-1.jpg\",\"datePublished\":\"2025-04-01T09:00:27+00:00\",\"dateModified\":\"2025-04-01T09:00:17+00:00\",\"breadcrumb\":{\"@id\":\"https:\/\/vosgesinfo.fr\/epinalinfo\/2025\/04\/drame-a-xertigny-deux-personnes-tuees\/#breadcrumb\"},\"inLanguage\":\"fr-FR\",\"potentialAction\":[{\"@type\":\"ReadAction\",\"target\":[\"https:\/\/vosgesinfo.fr\/epinalinfo\/2025\/04\/drame-a-xertigny-deux-personnes-tuees\/\"]}]},{\"@type\":\"ImageObject\",\"inLanguage\":\"fr-FR\",\"@id\":\"https:\/\/vosgesinfo.fr\/epinalinfo\/2025\/04\/drame-a-xertigny-deux-personnes-tuees\/#primaryimage\",\"url\":\"https:\/\/vosgesinfo.fr\/app\/uploads\/sites\/3\/2025\/01\/202006gendarmerie-01-393x255-1.jpg\",\"contentUrl\":\"https:\/\/vosgesinfo.fr\/app\/uploads\/sites\/3\/2025\/01\/202006gendarmerie-01-393x255-1.jpg\",\"width\":393,\"height\":255},{\"@type\":\"BreadcrumbList\",\"@id\":\"https:\/\/vosgesinfo.fr\/epinalinfo\/2025\/04\/drame-a-xertigny-deux-personnes-tuees\/#breadcrumb\",\"itemListElement\":[{\"@type\":\"ListItem\",\"position\":1,\"name\":\"Home\",\"item\":\"https:\/\/vosgesinfo.fr\/epinalinfo\/\"},{\"@type\":\"ListItem\",\"position\":2,\"name\":\"Drame \u00e0 Xertigny : deux personnes tu\u00e9es\"}]},{\"@type\":\"WebSite\",\"@id\":\"https:\/\/vosgesinfo.fr\/epinalinfo\/#website\",\"url\":\"https:\/\/vosgesinfo.fr\/epinalinfo\/\",\"name\":\"Epinal Info\",\"description\":\"Toute l&#039;actualit\u00e9 d&#039;\u00c9pinal\",\"publisher\":{\"@id\":\"https:\/\/vosgesinfo.fr\/epinalinfo\/#organization\"},\"alternateName\":\"Toute l'actualit\u00e9 d'\u00c9pinal\",\"potentialAction\":[{\"@type\":\"SearchAction\",\"target\":{\"@type\":\"EntryPoint\",\"urlTemplate\":\"https:\/\/vosgesinfo.fr\/epinalinfo\/?s={search_term_string}\"},\"query-input\":\"required name=search_term_string\"}],\"inLanguage\":\"fr-FR\"},{\"@type\":\"Organization\",\"@id\":\"https:\/\/vosgesinfo.fr\/epinalinfo\/#organization\",\"name\":\"Epinal Info\",\"url\":\"https:\/\/vosgesinfo.fr\/epinalinfo\/\",\"logo\":{\"@type\":\"ImageObject\",\"inLanguage\":\"fr-FR\",\"@id\":\"https:\/\/vosgesinfo.fr\/epinalinfo\/#\/schema\/logo\/image\/\",\"url\":\"https:\/\/vosgesinfo.fr\/app\/uploads\/sites\/3\/2023\/08\/logo-epinalinfos.svg\",\"contentUrl\":\"https:\/\/vosgesinfo.fr\/app\/uploads\/sites\/3\/2023\/08\/logo-epinalinfos.svg\",\"width\":1,\"height\":1,\"caption\":\"Epinal Info\"},\"image\":{\"@id\":\"https:\/\/vosgesinfo.fr\/epinalinfo\/#\/schema\/logo\/image\/\"},\"sameAs\":[\"https:\/\/www.facebook.com\/Epinalinfos\",\"https:\/\/x.com\/VosgesInfo88\",\"https:\/\/www.youtube.com\/@vosgesinfo\"]},{\"@type\":\"Person\",\"@id\":\"https:\/\/vosgesinfo.fr\/epinalinfo\/#\/schema\/person\/6f9a650eeea99d969b6c4ab78fccbe81\",\"name\":\"C.K.\",\"image\":{\"@type\":\"ImageObject\",\"inLanguage\":\"fr-FR\",\"@id\":\"https:\/\/vosgesinfo.fr\/epinalinfo\/#\/schema\/person\/image\/\",\"url\":\"https:\/\/secure.gravatar.com\/avatar\/48e3fc7f8421ba8942be6b74a2b7f014ca39bc00dece156b7a8e098ae7dc87bf?s=96&d=mm&r=g\",\"contentUrl\":\"https:\/\/secure.gravatar.com\/avatar\/48e3fc7f8421ba8942be6b74a2b7f014ca39bc00dece156b7a8e098ae7dc87bf?s=96&d=mm&r=g\",\"caption\":\"C.K.\"},\"url\":\"https:\/\/vosgesinfo.fr\/epinalinfo\/author\/celia-k-n\/\"}]}<\/script>\n<!-- \/ Yoast SEO plugin. -->","yoast_head_json":{"title":"Drame \u00e0 Xertigny : deux personnes tu\u00e9es - Epinal Info","robots":{"index":"index","follow":"follow","max-snippet":"max-snippet:-1","max-image-preview":"max-image-preview:large","max-video-preview":"max-video-preview:-1"},"canonical":"https:\/\/vosgesinfo.fr\/epinalinfo\/2025\/04\/drame-a-xertigny-deux-personnes-tuees\/","twitter_card":"summary_large_image","twitter_title":"Drame \u00e0 Xertigny : deux personnes tu\u00e9es - Epinal Info","twitter_description":"Lundi 31 mars 2025, un double homicide a secou\u00e9 la commune de Xertigny, dans les Vosges. Deux personnes ont \u00e9t\u00e9 [&hellip;]","twitter_image":"https:\/\/vosgesinfo.fr\/app\/uploads\/sites\/3\/2025\/01\/202006gendarmerie-01-393x255-1.jpg","twitter_creator":"@VosgesInfo88","twitter_site":"@VosgesInfo88","twitter_misc":{"\u00c9crit par":"C.K.","Dur\u00e9e de lecture estim\u00e9e":"2 minutes"},"schema":{"@context":"https:\/\/schema.org","@graph":[{"@type":"Article","@id":"https:\/\/vosgesinfo.fr\/epinalinfo\/2025\/04\/drame-a-xertigny-deux-personnes-tuees\/#article","isPartOf":{"@id":"https:\/\/vosgesinfo.fr\/epinalinfo\/2025\/04\/drame-a-xertigny-deux-personnes-tuees\/"},"author":{"name":"C.K.","@id":"https:\/\/vosgesinfo.fr\/epinalinfo\/#\/schema\/person\/6f9a650eeea99d969b6c4ab78fccbe81"},"headline":"Drame \u00e0 Xertigny : deux personnes tu\u00e9es","datePublished":"2025-04-01T09:00:27+00:00","dateModified":"2025-04-01T09:00:17+00:00","mainEntityOfPage":{"@id":"https:\/\/vosgesinfo.fr\/epinalinfo\/2025\/04\/drame-a-xertigny-deux-personnes-tuees\/"},"wordCount":260,"commentCount":2,"publisher":{"@id":"https:\/\/vosgesinfo.fr\/epinalinfo\/#organization"},"image":{"@id":"https:\/\/vosgesinfo.fr\/epinalinfo\/2025\/04\/drame-a-xertigny-deux-personnes-tuees\/#primaryimage"},"thumbnailUrl":"https:\/\/vosgesinfo.fr\/app\/uploads\/sites\/3\/2025\/01\/202006gendarmerie-01-393x255-1.jpg","keywords":["Drame \u00e0 Xertigny","Faits divers","meurtre","vosges","Xertigny"],"articleSection":["A la Une","Epinal","Vosges","Xertigny"],"inLanguage":"fr-FR","potentialAction":[{"@type":"CommentAction","name":"Comment","target":["https:\/\/vosgesinfo.fr\/epinalinfo\/2025\/04\/drame-a-xertigny-deux-personnes-tuees\/#respond"]}]},{"@type":"WebPage","@id":"https:\/\/vosgesinfo.fr\/epinalinfo\/2025\/04\/drame-a-xertigny-deux-personnes-tuees\/","url":"https:\/\/vosgesinfo.fr\/epinalinfo\/2025\/04\/drame-a-xertigny-deux-personnes-tuees\/","name":"Drame \u00e0 Xertigny : deux personnes tu\u00e9es - Epinal Info","isPartOf":{"@id":"https:\/\/vosgesinfo.fr\/epinalinfo\/#website"},"primaryImageOfPage":{"@id":"https:\/\/vosgesinfo.fr\/epinalinfo\/2025\/04\/drame-a-xertigny-deux-personnes-tuees\/#primaryimage"},"image":{"@id":"https:\/\/vosgesinfo.fr\/epinalinfo\/2025\/04\/drame-a-xertigny-deux-personnes-tuees\/#primaryimage"},"thumbnailUrl":"https:\/\/vosgesinfo.fr\/app\/uploads\/sites\/3\/2025\/01\/202006gendarmerie-01-393x255-1.jpg","datePublished":"2025-04-01T09:00:27+00:00","dateModified":"2025-04-01T09:00:17+00:00","breadcrumb":{"@id":"https:\/\/vosgesinfo.fr\/epinalinfo\/2025\/04\/drame-a-xertigny-deux-personnes-tuees\/#breadcrumb"},"inLanguage":"fr-FR","potentialAction":[{"@type":"ReadAction","target":["https:\/\/vosgesinfo.fr\/epinalinfo\/2025\/04\/drame-a-xertigny-deux-personnes-tuees\/"]}]},{"@type":"ImageObject","inLanguage":"fr-FR","@id":"https:\/\/vosgesinfo.fr\/epinalinfo\/2025\/04\/drame-a-xertigny-deux-personnes-tuees\/#primaryimage","url":"https:\/\/vosgesinfo.fr\/app\/uploads\/sites\/3\/2025\/01\/202006gendarmerie-01-393x255-1.jpg","contentUrl":"https:\/\/vosgesinfo.fr\/app\/uploads\/sites\/3\/2025\/01\/202006gendarmerie-01-393x255-1.jpg","width":393,"height":255},{"@type":"BreadcrumbList","@id":"https:\/\/vosgesinfo.fr\/epinalinfo\/2025\/04\/drame-a-xertigny-deux-personnes-tuees\/#breadcrumb","itemListElement":[{"@type":"ListItem","position":1,"name":"Home","item":"https:\/\/vosgesinfo.fr\/epinalinfo\/"},{"@type":"ListItem","position":2,"name":"Drame \u00e0 Xertigny : deux personnes tu\u00e9es"}]},{"@type":"WebSite","@id":"https:\/\/vosgesinfo.fr\/epinalinfo\/#website","url":"https:\/\/vosgesinfo.fr\/epinalinfo\/","name":"Epinal Info","description":"Toute l&#039;actualit\u00e9 d&#039;\u00c9pinal","publisher":{"@id":"https:\/\/vosgesinfo.fr\/epinalinfo\/#organization"},"alternateName":"Toute l'actualit\u00e9 d'\u00c9pinal","potentialAction":[{"@type":"SearchAction","target":{"@type":"EntryPoint","urlTemplate":"https:\/\/vosgesinfo.fr\/epinalinfo\/?s={search_term_string}"},"query-input":"required name=search_term_string"}],"inLanguage":"fr-FR"},{"@type":"Organization","@id":"https:\/\/vosgesinfo.fr\/epinalinfo\/#organization","name":"Epinal Info","url":"https:\/\/vosgesinfo.fr\/epinalinfo\/","logo":{"@type":"ImageObject","inLanguage":"fr-FR","@id":"https:\/\/vosgesinfo.fr\/epinalinfo\/#\/schema\/logo\/image\/","url":"https:\/\/vosgesinfo.fr\/app\/uploads\/sites\/3\/2023\/08\/logo-epinalinfos.svg","contentUrl":"https:\/\/vosgesinfo.fr\/app\/uploads\/sites\/3\/2023\/08\/logo-epinalinfos.svg","width":1,"height":1,"caption":"Epinal Info"},"image":{"@id":"https:\/\/vosgesinfo.fr\/epinalinfo\/#\/schema\/logo\/image\/"},"sameAs":["https:\/\/www.facebook.com\/Epinalinfos","https:\/\/x.com\/VosgesInfo88","https:\/\/www.youtube.com\/@vosgesinfo"]},{"@type":"Person","@id":"https:\/\/vosgesinfo.fr\/epinalinfo\/#\/schema\/person\/6f9a650eeea99d969b6c4ab78fccbe81","name":"C.K.","image":{"@type":"ImageObject","inLanguage":"fr-FR","@id":"https:\/\/vosgesinfo.fr\/epinalinfo\/#\/schema\/person\/image\/","url":"https:\/\/secure.gravatar.com\/avatar\/48e3fc7f8421ba8942be6b74a2b7f014ca39bc00dece156b7a8e098ae7dc87bf?s=96&d=mm&r=g","contentUrl":"https:\/\/secure.gravatar.com\/avatar\/48e3fc7f8421ba8942be6b74a2b7f014ca39bc00dece156b7a8e098ae7dc87bf?s=96&d=mm&r=g","caption":"C.K."},"url":"https:\/\/vosgesinfo.fr\/epinalinfo\/author\/celia-k-n\/"}]}},"_links":{"self":[{"href":"https:\/\/vosgesinfo.fr\/epinalinfo\/wp-json\/wp\/v2\/posts\/130436","targetHints":{"allow":["GET"]}}],"collection":[{"href":"https:\/\/vosgesinfo.fr\/epinalinfo\/wp-json\/wp\/v2\/posts"}],"about":[{"href":"https:\/\/vosgesinfo.fr\/epinalinfo\/wp-json\/wp\/v2\/types\/post"}],"author":[{"embeddable":true,"href":"https:\/\/vosgesinfo.fr\/epinalinfo\/wp-json\/wp\/v2\/users\/52"}],"replies":[{"embeddable":true,"href":"https:\/\/vosgesinfo.fr\/epinalinfo\/wp-json\/wp\/v2\/comments?post=130436"}],"version-history":[{"count":1,"href":"https:\/\/vosgesinfo.fr\/epinalinfo\/wp-json\/wp\/v2\/posts\/130436\/revisions"}],"predecessor-version":[{"id":130437,"href":"https:\/\/vosgesinfo.fr\/epinalinfo\/wp-json\/wp\/v2\/posts\/130436\/revisions\/130437"}],"wp:featuredmedia":[{"embeddable":true,"href":"https:\/\/vosgesinfo.fr\/epinalinfo\/wp-json\/wp\/v2\/media\/127176"}],"wp:attachment":[{"href":"https:\/\/vosgesinfo.fr\/epinalinfo\/wp-json\/wp\/v2\/media?parent=130436"}],"wp:term":[{"taxonomy":"category","embeddable":true,"href":"https:\/\/vosgesinfo.fr\/epinalinfo\/wp-json\/wp\/v2\/categories?post=130436"},{"taxonomy":"post_tag","embeddable":true,"href":"https:\/\/vosgesinfo.fr\/epinalinfo\/wp-json\/wp\/v2\/tags?post=130436"}],"curies":[{"name":"wp","href":"https:\/\/api.w.org\/{rel}","templated":true}]}}