{"id":130480,"date":"2025-04-03T07:21:20","date_gmt":"2025-04-03T05:21:20","guid":{"rendered":"https:\/\/vosgesinfo.fr\/epinalinfo\/?p=130480"},"modified":"2025-04-02T20:22:36","modified_gmt":"2025-04-02T18:22:36","slug":"daniel-gremillet-fait-voter-au-senat-la-prolongation-de-deux-mesures-en-faveur-du-revenu-des-agriculteurs-et-du-pouvoir-dachat","status":"publish","type":"post","link":"https:\/\/vosgesinfo.fr\/epinalinfo\/2025\/04\/daniel-gremillet-fait-voter-au-senat-la-prolongation-de-deux-mesures-en-faveur-du-revenu-des-agriculteurs-et-du-pouvoir-dachat\/","title":{"rendered":"Daniel Gremillet fait voter, au S\u00e9nat, la prolongation de deux mesures en faveur du revenu des agriculteurs et du pouvoir d\u2019achat"},"content":{"rendered":"<h2><strong><u><a href=\"https:\/\/vosgesinfo.fr\/app\/uploads\/sites\/3\/2024\/08\/201605dg20150312-agroalimentaire-02-gremillet-2.jpg\"><img decoding=\"async\" class=\"aligncenter size-full wp-image-69914\" src=\"https:\/\/vosgesinfo.fr\/app\/uploads\/sites\/3\/2024\/08\/201605dg20150312-agroalimentaire-02-gremillet-2.jpg\" alt=\"\" width=\"640\" height=\"360\" srcset=\"https:\/\/vosgesinfo.fr\/app\/uploads\/sites\/3\/2024\/08\/201605dg20150312-agroalimentaire-02-gremillet-2.jpg 640w, https:\/\/vosgesinfo.fr\/app\/uploads\/sites\/3\/2024\/08\/201605dg20150312-agroalimentaire-02-gremillet-2-300x169.jpg 300w\" sizes=\"(max-width: 640px) 100vw, 640px\" \/><\/a>Mardi 1er avril 2025<\/u>, <u>le S\u00e9nat a adopt\u00e9<\/u> avec modifications, par 246 voix pour et 0 voix contre, <u>la proposition de loi (PPL) visant \u00e0 renforcer la stabilit\u00e9 \u00e9conomique et la comp\u00e9titivit\u00e9 du secteur agroalimentaire<\/u> qui s\u2019inscrit dans la continuit\u00e9 des lois Egalim de 2018, 2021 et 2023.<\/strong><\/h2>\n<p>&nbsp;<\/p>\n<p><u>Cette PPL vise principalement \u00e0 prolonger le dispositif du seuil de revente \u00e0 perte major\u00e9 de 10 % (SRP+10)<\/u> qui oblige les distributeurs \u00e0 vendre les produits alimentaires \u00e0 un prix minimum major\u00e9 de 10 % par rapport au prix d\u2019achat. Il arrive \u00e0 expiration d\u2019ici le 15 avril prochain.<\/p>\n<p>&nbsp;<\/p>\n<p>Co-Rapporteur de ce texte de loi, <u>Daniel Gremillet, a estim\u00e9 n\u00e9cessaire, \u00e0 ce stade, de stabiliser les r\u00e8gles commerciales en vigueur dans le secteur alimentaire<\/u> et de permettre la prolongation de cette exp\u00e9rimentation jusqu\u2019au 15 avril 2028.<\/p>\n<p>&nbsp;<\/p>\n<p>\u00ab\u00a0<em>Cette mesure du SRP+10 a \u00e9t\u00e9 introduite en 2017. Elle visait \u00e0 revaloriser le prix des productions agricoles et alimentaires, en \u00e9vitant d\u2019en faire des produits d\u2019appel et les variables d\u2019ajustement des prix pratiqu\u00e9s par la grande distribution\u00a0Elle visait aussi \u00e0 prot\u00e9ger les consommateurs d\u00e8s lors que les reventes \u00e0 perte \u00e9taient susceptibles d\u2019inciter les supermarch\u00e9s \u00e0 \u00ab\u00a0rattraper\u00a0\u00bb ses marges sur d\u2019autres produits. <u>Tous les acteurs que nous avons auditionn\u00e9s au S\u00e9nat ont soulign\u00e9 la n\u00e9cessit\u00e9 de prolonger ce dispositif, pour \u00e9viter un nouvel \u00e9pisode de la guerre des prix qui ne manquerait de p\u00e9naliser les agriculteurs, les industriels et les consommateurs<\/u>.<\/em>\u00a0\u00bb a-t-il expliqu\u00e9.<\/p>\n<p>&nbsp;<\/p>\n<p>\u00ab <em>Une chose est s\u00fbre, les lois EGAlim n\u2019emp\u00eachent, h\u00e9las, pas le d\u00e9crochage de la Ferme France. Elles restent insuffisamment appliqu\u00e9es et, pire, elles sont m\u00eame contourn\u00e9es via des centrales d\u2019achat bas\u00e9es \u00e0 l\u2019\u00e9tranger. C\u2019est pourquoi, bien qu\u2019imparfaites, <u>il importe avant tout de renforcer l\u2019application de ces lois, d\u2019en am\u00e9liorer l\u2019\u00e9valuation et de poursuivre leur objectif initial \u00e0 savoir une juste r\u00e9mun\u00e9ration des agriculteurs et de l\u2019ensemble des maillons de la cha\u00eene.<\/u>\u00a0<\/em>\u00bb<\/p>\n<p>&nbsp;<\/p>\n<p>En ce sens, <u>le S\u00e9nateur des Vosges s\u2019est \u00e9galement prononc\u00e9 pour la prolongation du m\u00e9canisme d\u2019encadrement des promotions sur les produits alimentaires et des produits de droguerie, parfurmerie et hygi\u00e8ne (DPH)<\/u>, \u00e9galement jusqu\u2019au 15 avril 2028.<\/p>\n<p>&nbsp;<\/p>\n<p>\u00ab <em><u>Cet encadrement des promotions n\u2019a pas engendr\u00e9 de hausse des prix pour les consommateurs. Il a m\u00eame permis une hausse des r\u00e9f\u00e9rences en promotion<\/u> et a facilit\u00e9 le lancement de nouveaux produits. <u>En mati\u00e8re de DPH, il permet de prot\u00e9ger le tissu industriel national<\/u>, notamment nos petites et moyennes entreprises (PME) et peu m\u00eame tendre \u00e0 une baisse des prix en fond de rayon favorable au consommateur<\/em>\u00a0\u00bb.<\/p>\n<p>&nbsp;<\/p>\n<p><u>Daniel Gremillet<\/u> a, par ailleurs, <u>fait adopter<\/u> aupr\u00e8s de ses coll\u00e8gues <u>des amendements tendant \u00e0 pr\u00e9ciser les sanctions applicables en cas d\u2019infraction au SRP ou d\u2019absence de remont\u00e9es d\u2019informations<\/u>.<\/p>\n<p>&nbsp;<\/p>\n<p>Il doit \u00e0 pr\u00e9sent participer \u00e0 la commission mixte paritaire (7 d\u00e9put\u00e9s et 7 s\u00e9nateurs) charg\u00e9e d\u2019\u00e9laborer un texte de compromis entre l&rsquo;Assembl\u00e9e nationale et le S\u00e9nat, qui se r\u00e9unira le mardi 8 avril prochain.<\/p>\n<p>&nbsp;<\/p>\n<p>Pour en savoir plus : <a href=\"https:\/\/www.senat.fr\/travaux-parlementaires\/textes-legislatifs\/la-loi-en-clair\/proposition-de-loi-visant-a-renforcer-la-stabilite-economique-et-la-competitivite-du-secteur-agroalimentaire-1.html\">https:\/\/www.senat.fr\/travaux-parlementaires\/textes-legislatifs\/la-loi-en-clair\/proposition-de-loi-visant-a-renforcer-la-stabilite-economique-et-la-competitivite-du-secteur-agroalimentaire-1.html<\/a><\/p>\n<p>&nbsp;<\/p>\n<p>&nbsp;<\/p>\n","protected":false},"excerpt":{"rendered":"<p>Mardi 1er avril 2025, le S\u00e9nat a adopt\u00e9 avec modifications, par 246 voix pour et 0 voix contre, la proposition [&hellip;]<\/p>\n","protected":false},"author":52,"featured_media":69914,"comment_status":"open","ping_status":"open","sticky":false,"template":"","format":"standard","meta":{"footnotes":""},"categories":[22,5],"tags":[],"class_list":["post-130480","post","type-post","status-publish","format-standard","has-post-thumbnail","hentry","category-a-la-une","category-vosges"],"acf":[],"yoast_head":"<!-- This site is optimized with the Yoast SEO plugin v22.5 - https:\/\/yoast.com\/wordpress\/plugins\/seo\/ -->\n<title>Daniel Gremillet fait voter, au S\u00e9nat, la prolongation de deux mesures en faveur du revenu des agriculteurs et du pouvoir d\u2019achat - Epinal Info<\/title>\n<meta name=\"robots\" content=\"index, follow, max-snippet:-1, max-image-preview:large, max-video-preview:-1\" \/>\n<link rel=\"canonical\" href=\"https:\/\/vosgesinfo.fr\/epinalinfo\/2025\/04\/daniel-gremillet-fait-voter-au-senat-la-prolongation-de-deux-mesures-en-faveur-du-revenu-des-agriculteurs-et-du-pouvoir-dachat\/\" \/>\n<meta name=\"twitter:card\" content=\"summary_large_image\" \/>\n<meta name=\"twitter:title\" content=\"Daniel Gremillet fait voter, au S\u00e9nat, la prolongation de deux mesures en faveur du revenu des agriculteurs et du pouvoir d\u2019achat - Epinal Info\" \/>\n<meta name=\"twitter:description\" content=\"Mardi 1er avril 2025, le S\u00e9nat a adopt\u00e9 avec modifications, par 246 voix pour et 0 voix contre, la proposition [&hellip;]\" \/>\n<meta name=\"twitter:image\" content=\"https:\/\/vosgesinfo.fr\/app\/uploads\/sites\/3\/2024\/08\/201605dg20150312-agroalimentaire-02-gremillet-2.jpg\" \/>\n<meta name=\"twitter:creator\" content=\"@VosgesInfo88\" \/>\n<meta name=\"twitter:site\" content=\"@VosgesInfo88\" \/>\n<meta name=\"twitter:label1\" content=\"\u00c9crit par\" \/>\n\t<meta name=\"twitter:data1\" content=\"C.K.\" \/>\n\t<meta name=\"twitter:label2\" content=\"Dur\u00e9e de lecture estim\u00e9e\" \/>\n\t<meta name=\"twitter:data2\" content=\"3 minutes\" \/>\n<script type=\"application\/ld+json\" class=\"yoast-schema-graph\">{\"@context\":\"https:\/\/schema.org\",\"@graph\":[{\"@type\":\"Article\",\"@id\":\"https:\/\/vosgesinfo.fr\/epinalinfo\/2025\/04\/daniel-gremillet-fait-voter-au-senat-la-prolongation-de-deux-mesures-en-faveur-du-revenu-des-agriculteurs-et-du-pouvoir-dachat\/#article\",\"isPartOf\":{\"@id\":\"https:\/\/vosgesinfo.fr\/epinalinfo\/2025\/04\/daniel-gremillet-fait-voter-au-senat-la-prolongation-de-deux-mesures-en-faveur-du-revenu-des-agriculteurs-et-du-pouvoir-dachat\/\"},\"author\":{\"name\":\"C.K.\",\"@id\":\"https:\/\/vosgesinfo.fr\/epinalinfo\/#\/schema\/person\/6f9a650eeea99d969b6c4ab78fccbe81\"},\"headline\":\"Daniel Gremillet fait voter, au S\u00e9nat, la prolongation de deux mesures en faveur du revenu des agriculteurs et du pouvoir d\u2019achat\",\"datePublished\":\"2025-04-03T05:21:20+00:00\",\"dateModified\":\"2025-04-02T18:22:36+00:00\",\"mainEntityOfPage\":{\"@id\":\"https:\/\/vosgesinfo.fr\/epinalinfo\/2025\/04\/daniel-gremillet-fait-voter-au-senat-la-prolongation-de-deux-mesures-en-faveur-du-revenu-des-agriculteurs-et-du-pouvoir-dachat\/\"},\"wordCount\":562,\"commentCount\":0,\"publisher\":{\"@id\":\"https:\/\/vosgesinfo.fr\/epinalinfo\/#organization\"},\"image\":{\"@id\":\"https:\/\/vosgesinfo.fr\/epinalinfo\/2025\/04\/daniel-gremillet-fait-voter-au-senat-la-prolongation-de-deux-mesures-en-faveur-du-revenu-des-agriculteurs-et-du-pouvoir-dachat\/#primaryimage\"},\"thumbnailUrl\":\"https:\/\/vosgesinfo.fr\/app\/uploads\/sites\/3\/2024\/08\/201605dg20150312-agroalimentaire-02-gremillet-2.jpg\",\"articleSection\":[\"A la Une\",\"Vosges\"],\"inLanguage\":\"fr-FR\",\"potentialAction\":[{\"@type\":\"CommentAction\",\"name\":\"Comment\",\"target\":[\"https:\/\/vosgesinfo.fr\/epinalinfo\/2025\/04\/daniel-gremillet-fait-voter-au-senat-la-prolongation-de-deux-mesures-en-faveur-du-revenu-des-agriculteurs-et-du-pouvoir-dachat\/#respond\"]}]},{\"@type\":\"WebPage\",\"@id\":\"https:\/\/vosgesinfo.fr\/epinalinfo\/2025\/04\/daniel-gremillet-fait-voter-au-senat-la-prolongation-de-deux-mesures-en-faveur-du-revenu-des-agriculteurs-et-du-pouvoir-dachat\/\",\"url\":\"https:\/\/vosgesinfo.fr\/epinalinfo\/2025\/04\/daniel-gremillet-fait-voter-au-senat-la-prolongation-de-deux-mesures-en-faveur-du-revenu-des-agriculteurs-et-du-pouvoir-dachat\/\",\"name\":\"Daniel Gremillet fait voter, au S\u00e9nat, la prolongation de deux mesures en faveur du revenu des agriculteurs et du pouvoir d\u2019achat - Epinal Info\",\"isPartOf\":{\"@id\":\"https:\/\/vosgesinfo.fr\/epinalinfo\/#website\"},\"primaryImageOfPage\":{\"@id\":\"https:\/\/vosgesinfo.fr\/epinalinfo\/2025\/04\/daniel-gremillet-fait-voter-au-senat-la-prolongation-de-deux-mesures-en-faveur-du-revenu-des-agriculteurs-et-du-pouvoir-dachat\/#primaryimage\"},\"image\":{\"@id\":\"https:\/\/vosgesinfo.fr\/epinalinfo\/2025\/04\/daniel-gremillet-fait-voter-au-senat-la-prolongation-de-deux-mesures-en-faveur-du-revenu-des-agriculteurs-et-du-pouvoir-dachat\/#primaryimage\"},\"thumbnailUrl\":\"https:\/\/vosgesinfo.fr\/app\/uploads\/sites\/3\/2024\/08\/201605dg20150312-agroalimentaire-02-gremillet-2.jpg\",\"datePublished\":\"2025-04-03T05:21:20+00:00\",\"dateModified\":\"2025-04-02T18:22:36+00:00\",\"breadcrumb\":{\"@id\":\"https:\/\/vosgesinfo.fr\/epinalinfo\/2025\/04\/daniel-gremillet-fait-voter-au-senat-la-prolongation-de-deux-mesures-en-faveur-du-revenu-des-agriculteurs-et-du-pouvoir-dachat\/#breadcrumb\"},\"inLanguage\":\"fr-FR\",\"potentialAction\":[{\"@type\":\"ReadAction\",\"target\":[\"https:\/\/vosgesinfo.fr\/epinalinfo\/2025\/04\/daniel-gremillet-fait-voter-au-senat-la-prolongation-de-deux-mesures-en-faveur-du-revenu-des-agriculteurs-et-du-pouvoir-dachat\/\"]}]},{\"@type\":\"ImageObject\",\"inLanguage\":\"fr-FR\",\"@id\":\"https:\/\/vosgesinfo.fr\/epinalinfo\/2025\/04\/daniel-gremillet-fait-voter-au-senat-la-prolongation-de-deux-mesures-en-faveur-du-revenu-des-agriculteurs-et-du-pouvoir-dachat\/#primaryimage\",\"url\":\"https:\/\/vosgesinfo.fr\/app\/uploads\/sites\/3\/2024\/08\/201605dg20150312-agroalimentaire-02-gremillet-2.jpg\",\"contentUrl\":\"https:\/\/vosgesinfo.fr\/app\/uploads\/sites\/3\/2024\/08\/201605dg20150312-agroalimentaire-02-gremillet-2.jpg\",\"width\":640,\"height\":360},{\"@type\":\"BreadcrumbList\",\"@id\":\"https:\/\/vosgesinfo.fr\/epinalinfo\/2025\/04\/daniel-gremillet-fait-voter-au-senat-la-prolongation-de-deux-mesures-en-faveur-du-revenu-des-agriculteurs-et-du-pouvoir-dachat\/#breadcrumb\",\"itemListElement\":[{\"@type\":\"ListItem\",\"position\":1,\"name\":\"Home\",\"item\":\"https:\/\/vosgesinfo.fr\/epinalinfo\/\"},{\"@type\":\"ListItem\",\"position\":2,\"name\":\"Daniel Gremillet fait voter, au S\u00e9nat, la prolongation de deux mesures en faveur du revenu des agriculteurs et du pouvoir d\u2019achat\"}]},{\"@type\":\"WebSite\",\"@id\":\"https:\/\/vosgesinfo.fr\/epinalinfo\/#website\",\"url\":\"https:\/\/vosgesinfo.fr\/epinalinfo\/\",\"name\":\"Epinal Info\",\"description\":\"Toute l&#039;actualit\u00e9 d&#039;\u00c9pinal\",\"publisher\":{\"@id\":\"https:\/\/vosgesinfo.fr\/epinalinfo\/#organization\"},\"alternateName\":\"Toute l'actualit\u00e9 d'\u00c9pinal\",\"potentialAction\":[{\"@type\":\"SearchAction\",\"target\":{\"@type\":\"EntryPoint\",\"urlTemplate\":\"https:\/\/vosgesinfo.fr\/epinalinfo\/?s={search_term_string}\"},\"query-input\":\"required name=search_term_string\"}],\"inLanguage\":\"fr-FR\"},{\"@type\":\"Organization\",\"@id\":\"https:\/\/vosgesinfo.fr\/epinalinfo\/#organization\",\"name\":\"Epinal Info\",\"url\":\"https:\/\/vosgesinfo.fr\/epinalinfo\/\",\"logo\":{\"@type\":\"ImageObject\",\"inLanguage\":\"fr-FR\",\"@id\":\"https:\/\/vosgesinfo.fr\/epinalinfo\/#\/schema\/logo\/image\/\",\"url\":\"https:\/\/vosgesinfo.fr\/app\/uploads\/sites\/3\/2023\/08\/logo-epinalinfos.svg\",\"contentUrl\":\"https:\/\/vosgesinfo.fr\/app\/uploads\/sites\/3\/2023\/08\/logo-epinalinfos.svg\",\"width\":1,\"height\":1,\"caption\":\"Epinal Info\"},\"image\":{\"@id\":\"https:\/\/vosgesinfo.fr\/epinalinfo\/#\/schema\/logo\/image\/\"},\"sameAs\":[\"https:\/\/www.facebook.com\/Epinalinfos\",\"https:\/\/x.com\/VosgesInfo88\",\"https:\/\/www.youtube.com\/@vosgesinfo\"]},{\"@type\":\"Person\",\"@id\":\"https:\/\/vosgesinfo.fr\/epinalinfo\/#\/schema\/person\/6f9a650eeea99d969b6c4ab78fccbe81\",\"name\":\"C.K.\",\"image\":{\"@type\":\"ImageObject\",\"inLanguage\":\"fr-FR\",\"@id\":\"https:\/\/vosgesinfo.fr\/epinalinfo\/#\/schema\/person\/image\/\",\"url\":\"https:\/\/secure.gravatar.com\/avatar\/48e3fc7f8421ba8942be6b74a2b7f014ca39bc00dece156b7a8e098ae7dc87bf?s=96&d=mm&r=g\",\"contentUrl\":\"https:\/\/secure.gravatar.com\/avatar\/48e3fc7f8421ba8942be6b74a2b7f014ca39bc00dece156b7a8e098ae7dc87bf?s=96&d=mm&r=g\",\"caption\":\"C.K.\"},\"url\":\"https:\/\/vosgesinfo.fr\/epinalinfo\/author\/celia-k-n\/\"}]}<\/script>\n<!-- \/ Yoast SEO plugin. -->","yoast_head_json":{"title":"Daniel Gremillet fait voter, au S\u00e9nat, la prolongation de deux mesures en faveur du revenu des agriculteurs et du pouvoir d\u2019achat - Epinal Info","robots":{"index":"index","follow":"follow","max-snippet":"max-snippet:-1","max-image-preview":"max-image-preview:large","max-video-preview":"max-video-preview:-1"},"canonical":"https:\/\/vosgesinfo.fr\/epinalinfo\/2025\/04\/daniel-gremillet-fait-voter-au-senat-la-prolongation-de-deux-mesures-en-faveur-du-revenu-des-agriculteurs-et-du-pouvoir-dachat\/","twitter_card":"summary_large_image","twitter_title":"Daniel Gremillet fait voter, au S\u00e9nat, la prolongation de deux mesures en faveur du revenu des agriculteurs et du pouvoir d\u2019achat - Epinal Info","twitter_description":"Mardi 1er avril 2025, le S\u00e9nat a adopt\u00e9 avec modifications, par 246 voix pour et 0 voix contre, la proposition [&hellip;]","twitter_image":"https:\/\/vosgesinfo.fr\/app\/uploads\/sites\/3\/2024\/08\/201605dg20150312-agroalimentaire-02-gremillet-2.jpg","twitter_creator":"@VosgesInfo88","twitter_site":"@VosgesInfo88","twitter_misc":{"\u00c9crit par":"C.K.","Dur\u00e9e de lecture estim\u00e9e":"3 minutes"},"schema":{"@context":"https:\/\/schema.org","@graph":[{"@type":"Article","@id":"https:\/\/vosgesinfo.fr\/epinalinfo\/2025\/04\/daniel-gremillet-fait-voter-au-senat-la-prolongation-de-deux-mesures-en-faveur-du-revenu-des-agriculteurs-et-du-pouvoir-dachat\/#article","isPartOf":{"@id":"https:\/\/vosgesinfo.fr\/epinalinfo\/2025\/04\/daniel-gremillet-fait-voter-au-senat-la-prolongation-de-deux-mesures-en-faveur-du-revenu-des-agriculteurs-et-du-pouvoir-dachat\/"},"author":{"name":"C.K.","@id":"https:\/\/vosgesinfo.fr\/epinalinfo\/#\/schema\/person\/6f9a650eeea99d969b6c4ab78fccbe81"},"headline":"Daniel Gremillet fait voter, au S\u00e9nat, la prolongation de deux mesures en faveur du revenu des agriculteurs et du pouvoir d\u2019achat","datePublished":"2025-04-03T05:21:20+00:00","dateModified":"2025-04-02T18:22:36+00:00","mainEntityOfPage":{"@id":"https:\/\/vosgesinfo.fr\/epinalinfo\/2025\/04\/daniel-gremillet-fait-voter-au-senat-la-prolongation-de-deux-mesures-en-faveur-du-revenu-des-agriculteurs-et-du-pouvoir-dachat\/"},"wordCount":562,"commentCount":0,"publisher":{"@id":"https:\/\/vosgesinfo.fr\/epinalinfo\/#organization"},"image":{"@id":"https:\/\/vosgesinfo.fr\/epinalinfo\/2025\/04\/daniel-gremillet-fait-voter-au-senat-la-prolongation-de-deux-mesures-en-faveur-du-revenu-des-agriculteurs-et-du-pouvoir-dachat\/#primaryimage"},"thumbnailUrl":"https:\/\/vosgesinfo.fr\/app\/uploads\/sites\/3\/2024\/08\/201605dg20150312-agroalimentaire-02-gremillet-2.jpg","articleSection":["A la Une","Vosges"],"inLanguage":"fr-FR","potentialAction":[{"@type":"CommentAction","name":"Comment","target":["https:\/\/vosgesinfo.fr\/epinalinfo\/2025\/04\/daniel-gremillet-fait-voter-au-senat-la-prolongation-de-deux-mesures-en-faveur-du-revenu-des-agriculteurs-et-du-pouvoir-dachat\/#respond"]}]},{"@type":"WebPage","@id":"https:\/\/vosgesinfo.fr\/epinalinfo\/2025\/04\/daniel-gremillet-fait-voter-au-senat-la-prolongation-de-deux-mesures-en-faveur-du-revenu-des-agriculteurs-et-du-pouvoir-dachat\/","url":"https:\/\/vosgesinfo.fr\/epinalinfo\/2025\/04\/daniel-gremillet-fait-voter-au-senat-la-prolongation-de-deux-mesures-en-faveur-du-revenu-des-agriculteurs-et-du-pouvoir-dachat\/","name":"Daniel Gremillet fait voter, au S\u00e9nat, la prolongation de deux mesures en faveur du revenu des agriculteurs et du pouvoir d\u2019achat - Epinal Info","isPartOf":{"@id":"https:\/\/vosgesinfo.fr\/epinalinfo\/#website"},"primaryImageOfPage":{"@id":"https:\/\/vosgesinfo.fr\/epinalinfo\/2025\/04\/daniel-gremillet-fait-voter-au-senat-la-prolongation-de-deux-mesures-en-faveur-du-revenu-des-agriculteurs-et-du-pouvoir-dachat\/#primaryimage"},"image":{"@id":"https:\/\/vosgesinfo.fr\/epinalinfo\/2025\/04\/daniel-gremillet-fait-voter-au-senat-la-prolongation-de-deux-mesures-en-faveur-du-revenu-des-agriculteurs-et-du-pouvoir-dachat\/#primaryimage"},"thumbnailUrl":"https:\/\/vosgesinfo.fr\/app\/uploads\/sites\/3\/2024\/08\/201605dg20150312-agroalimentaire-02-gremillet-2.jpg","datePublished":"2025-04-03T05:21:20+00:00","dateModified":"2025-04-02T18:22:36+00:00","breadcrumb":{"@id":"https:\/\/vosgesinfo.fr\/epinalinfo\/2025\/04\/daniel-gremillet-fait-voter-au-senat-la-prolongation-de-deux-mesures-en-faveur-du-revenu-des-agriculteurs-et-du-pouvoir-dachat\/#breadcrumb"},"inLanguage":"fr-FR","potentialAction":[{"@type":"ReadAction","target":["https:\/\/vosgesinfo.fr\/epinalinfo\/2025\/04\/daniel-gremillet-fait-voter-au-senat-la-prolongation-de-deux-mesures-en-faveur-du-revenu-des-agriculteurs-et-du-pouvoir-dachat\/"]}]},{"@type":"ImageObject","inLanguage":"fr-FR","@id":"https:\/\/vosgesinfo.fr\/epinalinfo\/2025\/04\/daniel-gremillet-fait-voter-au-senat-la-prolongation-de-deux-mesures-en-faveur-du-revenu-des-agriculteurs-et-du-pouvoir-dachat\/#primaryimage","url":"https:\/\/vosgesinfo.fr\/app\/uploads\/sites\/3\/2024\/08\/201605dg20150312-agroalimentaire-02-gremillet-2.jpg","contentUrl":"https:\/\/vosgesinfo.fr\/app\/uploads\/sites\/3\/2024\/08\/201605dg20150312-agroalimentaire-02-gremillet-2.jpg","width":640,"height":360},{"@type":"BreadcrumbList","@id":"https:\/\/vosgesinfo.fr\/epinalinfo\/2025\/04\/daniel-gremillet-fait-voter-au-senat-la-prolongation-de-deux-mesures-en-faveur-du-revenu-des-agriculteurs-et-du-pouvoir-dachat\/#breadcrumb","itemListElement":[{"@type":"ListItem","position":1,"name":"Home","item":"https:\/\/vosgesinfo.fr\/epinalinfo\/"},{"@type":"ListItem","position":2,"name":"Daniel Gremillet fait voter, au S\u00e9nat, la prolongation de deux mesures en faveur du revenu des agriculteurs et du pouvoir d\u2019achat"}]},{"@type":"WebSite","@id":"https:\/\/vosgesinfo.fr\/epinalinfo\/#website","url":"https:\/\/vosgesinfo.fr\/epinalinfo\/","name":"Epinal Info","description":"Toute l&#039;actualit\u00e9 d&#039;\u00c9pinal","publisher":{"@id":"https:\/\/vosgesinfo.fr\/epinalinfo\/#organization"},"alternateName":"Toute l'actualit\u00e9 d'\u00c9pinal","potentialAction":[{"@type":"SearchAction","target":{"@type":"EntryPoint","urlTemplate":"https:\/\/vosgesinfo.fr\/epinalinfo\/?s={search_term_string}"},"query-input":"required name=search_term_string"}],"inLanguage":"fr-FR"},{"@type":"Organization","@id":"https:\/\/vosgesinfo.fr\/epinalinfo\/#organization","name":"Epinal Info","url":"https:\/\/vosgesinfo.fr\/epinalinfo\/","logo":{"@type":"ImageObject","inLanguage":"fr-FR","@id":"https:\/\/vosgesinfo.fr\/epinalinfo\/#\/schema\/logo\/image\/","url":"https:\/\/vosgesinfo.fr\/app\/uploads\/sites\/3\/2023\/08\/logo-epinalinfos.svg","contentUrl":"https:\/\/vosgesinfo.fr\/app\/uploads\/sites\/3\/2023\/08\/logo-epinalinfos.svg","width":1,"height":1,"caption":"Epinal Info"},"image":{"@id":"https:\/\/vosgesinfo.fr\/epinalinfo\/#\/schema\/logo\/image\/"},"sameAs":["https:\/\/www.facebook.com\/Epinalinfos","https:\/\/x.com\/VosgesInfo88","https:\/\/www.youtube.com\/@vosgesinfo"]},{"@type":"Person","@id":"https:\/\/vosgesinfo.fr\/epinalinfo\/#\/schema\/person\/6f9a650eeea99d969b6c4ab78fccbe81","name":"C.K.","image":{"@type":"ImageObject","inLanguage":"fr-FR","@id":"https:\/\/vosgesinfo.fr\/epinalinfo\/#\/schema\/person\/image\/","url":"https:\/\/secure.gravatar.com\/avatar\/48e3fc7f8421ba8942be6b74a2b7f014ca39bc00dece156b7a8e098ae7dc87bf?s=96&d=mm&r=g","contentUrl":"https:\/\/secure.gravatar.com\/avatar\/48e3fc7f8421ba8942be6b74a2b7f014ca39bc00dece156b7a8e098ae7dc87bf?s=96&d=mm&r=g","caption":"C.K."},"url":"https:\/\/vosgesinfo.fr\/epinalinfo\/author\/celia-k-n\/"}]}},"_links":{"self":[{"href":"https:\/\/vosgesinfo.fr\/epinalinfo\/wp-json\/wp\/v2\/posts\/130480","targetHints":{"allow":["GET"]}}],"collection":[{"href":"https:\/\/vosgesinfo.fr\/epinalinfo\/wp-json\/wp\/v2\/posts"}],"about":[{"href":"https:\/\/vosgesinfo.fr\/epinalinfo\/wp-json\/wp\/v2\/types\/post"}],"author":[{"embeddable":true,"href":"https:\/\/vosgesinfo.fr\/epinalinfo\/wp-json\/wp\/v2\/users\/52"}],"replies":[{"embeddable":true,"href":"https:\/\/vosgesinfo.fr\/epinalinfo\/wp-json\/wp\/v2\/comments?post=130480"}],"version-history":[{"count":1,"href":"https:\/\/vosgesinfo.fr\/epinalinfo\/wp-json\/wp\/v2\/posts\/130480\/revisions"}],"predecessor-version":[{"id":130481,"href":"https:\/\/vosgesinfo.fr\/epinalinfo\/wp-json\/wp\/v2\/posts\/130480\/revisions\/130481"}],"wp:featuredmedia":[{"embeddable":true,"href":"https:\/\/vosgesinfo.fr\/epinalinfo\/wp-json\/wp\/v2\/media\/69914"}],"wp:attachment":[{"href":"https:\/\/vosgesinfo.fr\/epinalinfo\/wp-json\/wp\/v2\/media?parent=130480"}],"wp:term":[{"taxonomy":"category","embeddable":true,"href":"https:\/\/vosgesinfo.fr\/epinalinfo\/wp-json\/wp\/v2\/categories?post=130480"},{"taxonomy":"post_tag","embeddable":true,"href":"https:\/\/vosgesinfo.fr\/epinalinfo\/wp-json\/wp\/v2\/tags?post=130480"}],"curies":[{"name":"wp","href":"https:\/\/api.w.org\/{rel}","templated":true}]}}