{"id":130482,"date":"2025-04-03T08:55:10","date_gmt":"2025-04-03T06:55:10","guid":{"rendered":"https:\/\/vosgesinfo.fr\/epinalinfo\/?p=130482"},"modified":"2025-04-03T08:47:09","modified_gmt":"2025-04-03T06:47:09","slug":"une-journee-citoyenne-au-parcours-de-sante-de-thaon-les-vosges","status":"publish","type":"post","link":"https:\/\/vosgesinfo.fr\/epinalinfo\/2025\/04\/une-journee-citoyenne-au-parcours-de-sante-de-thaon-les-vosges\/","title":{"rendered":"Une Journ\u00e9e Citoyenne au Parcours de Sant\u00e9 de Thaon-les-Vosges !"},"content":{"rendered":"<div id=\"attachment_130483\" style=\"width: 2058px\" class=\"wp-caption aligncenter\"><a href=\"https:\/\/vosgesinfo.fr\/app\/uploads\/sites\/3\/2025\/04\/488853298-1139394941557992-4601011993481965866-n.jpg\"><img decoding=\"async\" aria-describedby=\"caption-attachment-130483\" class=\"size-full wp-image-130483\" src=\"https:\/\/vosgesinfo.fr\/app\/uploads\/sites\/3\/2025\/04\/488853298-1139394941557992-4601011993481965866-n.jpg\" alt=\"\" width=\"2048\" height=\"1536\" srcset=\"https:\/\/vosgesinfo.fr\/app\/uploads\/sites\/3\/2025\/04\/488853298-1139394941557992-4601011993481965866-n.jpg 2048w, https:\/\/vosgesinfo.fr\/app\/uploads\/sites\/3\/2025\/04\/488853298-1139394941557992-4601011993481965866-n-300x225.jpg 300w, https:\/\/vosgesinfo.fr\/app\/uploads\/sites\/3\/2025\/04\/488853298-1139394941557992-4601011993481965866-n-1024x768.jpg 1024w, https:\/\/vosgesinfo.fr\/app\/uploads\/sites\/3\/2025\/04\/488853298-1139394941557992-4601011993481965866-n-768x576.jpg 768w, https:\/\/vosgesinfo.fr\/app\/uploads\/sites\/3\/2025\/04\/488853298-1139394941557992-4601011993481965866-n-1536x1152.jpg 1536w\" sizes=\"(max-width: 2048px) 100vw, 2048px\" \/><\/a><p id=\"caption-attachment-130483\" class=\"wp-caption-text\">photo ville de Thaon-les-Vosges<\/p><\/div>\n<h2 data-start=\"421\" data-end=\"712\"><strong>Ce dimanche 30 mars, la solidarit\u00e9 et l\u2019engagement citoyen \u00e9taient au rendez-vous \u00e0 Thaon-les-Vosges ! \u00c9lus, agents municipaux et habitants se sont mobilis\u00e9s avec enthousiasme pour redonner un coup de fra\u00eecheur au Parcours de Sant\u00e9, un lieu appr\u00e9ci\u00e9 des promeneurs et des sportifs.<\/strong><\/h2>\n<h3 data-start=\"714\" data-end=\"770\"><strong data-start=\"717\" data-end=\"768\">Un bel \u00e9lan collectif pour un espace revitalis\u00e9<\/strong><\/h3>\n<p class=\"\" data-start=\"772\" data-end=\"1099\">Durant cette journ\u00e9e plac\u00e9e sous le signe du partage et du dynamisme, petits et grands ont uni leurs efforts pour entretenir et embellir les infrastructures du parcours. Ponts, agr\u00e8s, poutres, foss\u00e9s\u2026 chaque \u00e9l\u00e9ment a b\u00e9n\u00e9fici\u00e9 d\u2019un soin particulier afin d\u2019am\u00e9liorer la s\u00e9curit\u00e9 et l\u2019esth\u00e9tique de cet espace naturel.<\/p>\n<p class=\"\" data-start=\"1101\" data-end=\"1371\">Arm\u00e9s de pinceaux, pelles et autres outils, les b\u00e9n\u00e9voles n\u2019ont pas m\u00e9nag\u00e9 leurs efforts, faisant de cette action un v\u00e9ritable succ\u00e8s. L\u2019occasion \u00e9galement de renforcer les liens entre habitants et de sensibiliser \u00e0 l\u2019importance de l\u2019entretien des espaces publics.<\/p>\n<h3 data-start=\"1373\" data-end=\"1415\"><strong data-start=\"1376\" data-end=\"1413\">Un grand merci aux participants !<\/strong><\/h3>\n<p class=\"\" data-start=\"1417\" data-end=\"1726\">La municipalit\u00e9 tient \u00e0 remercier chaleureusement toutes les personnes pr\u00e9sentes, dont la motivation et la bonne humeur ont fait de cette journ\u00e9e un moment convivial et efficace. Gr\u00e2ce \u00e0 leur engagement, le Parcours de Sant\u00e9 retrouve tout son \u00e9clat et continue d\u2019\u00eatre un lieu de bien-\u00eatre pour tous.<\/p>\n<p class=\"\" data-start=\"1728\" data-end=\"1805\">\n","protected":false},"excerpt":{"rendered":"<p>Ce dimanche 30 mars, la solidarit\u00e9 et l\u2019engagement citoyen \u00e9taient au rendez-vous \u00e0 Thaon-les-Vosges ! \u00c9lus, agents municipaux et habitants [&hellip;]<\/p>\n","protected":false},"author":52,"featured_media":130483,"comment_status":"open","ping_status":"open","sticky":false,"template":"","format":"standard","meta":{"footnotes":""},"categories":[22,24,10,192,93],"tags":[16380,213],"class_list":["post-130482","post","type-post","status-publish","format-standard","has-post-thumbnail","hentry","category-a-la-une","category-epinal","category-societe","category-solidarite","category-thaon-les-vosges","tag-journee-citoyenne-au-parcours-de-sante","tag-thaon-les-vosges"],"acf":[],"yoast_head":"<!-- This site is optimized with the Yoast SEO plugin v22.5 - https:\/\/yoast.com\/wordpress\/plugins\/seo\/ -->\n<title>Une Journ\u00e9e Citoyenne au Parcours de Sant\u00e9 de Thaon-les-Vosges ! - Epinal Info<\/title>\n<meta name=\"robots\" content=\"index, follow, max-snippet:-1, max-image-preview:large, max-video-preview:-1\" \/>\n<link rel=\"canonical\" href=\"https:\/\/vosgesinfo.fr\/epinalinfo\/2025\/04\/une-journee-citoyenne-au-parcours-de-sante-de-thaon-les-vosges\/\" \/>\n<meta name=\"twitter:card\" content=\"summary_large_image\" \/>\n<meta name=\"twitter:title\" content=\"Une Journ\u00e9e Citoyenne au Parcours de Sant\u00e9 de Thaon-les-Vosges ! - Epinal Info\" \/>\n<meta name=\"twitter:description\" content=\"Ce dimanche 30 mars, la solidarit\u00e9 et l\u2019engagement citoyen \u00e9taient au rendez-vous \u00e0 Thaon-les-Vosges ! \u00c9lus, agents municipaux et habitants [&hellip;]\" \/>\n<meta name=\"twitter:image\" content=\"https:\/\/vosgesinfo.fr\/app\/uploads\/sites\/3\/2025\/04\/488853298-1139394941557992-4601011993481965866-n.jpg\" \/>\n<meta name=\"twitter:creator\" content=\"@VosgesInfo88\" \/>\n<meta name=\"twitter:site\" content=\"@VosgesInfo88\" \/>\n<meta name=\"twitter:label1\" content=\"\u00c9crit par\" \/>\n\t<meta name=\"twitter:data1\" content=\"C.K.\" \/>\n\t<meta name=\"twitter:label2\" content=\"Dur\u00e9e de lecture estim\u00e9e\" \/>\n\t<meta name=\"twitter:data2\" content=\"1 minute\" \/>\n<script type=\"application\/ld+json\" class=\"yoast-schema-graph\">{\"@context\":\"https:\/\/schema.org\",\"@graph\":[{\"@type\":\"Article\",\"@id\":\"https:\/\/vosgesinfo.fr\/epinalinfo\/2025\/04\/une-journee-citoyenne-au-parcours-de-sante-de-thaon-les-vosges\/#article\",\"isPartOf\":{\"@id\":\"https:\/\/vosgesinfo.fr\/epinalinfo\/2025\/04\/une-journee-citoyenne-au-parcours-de-sante-de-thaon-les-vosges\/\"},\"author\":{\"name\":\"C.K.\",\"@id\":\"https:\/\/vosgesinfo.fr\/epinalinfo\/#\/schema\/person\/6f9a650eeea99d969b6c4ab78fccbe81\"},\"headline\":\"Une Journ\u00e9e Citoyenne au Parcours de Sant\u00e9 de Thaon-les-Vosges !\",\"datePublished\":\"2025-04-03T06:55:10+00:00\",\"dateModified\":\"2025-04-03T06:47:09+00:00\",\"mainEntityOfPage\":{\"@id\":\"https:\/\/vosgesinfo.fr\/epinalinfo\/2025\/04\/une-journee-citoyenne-au-parcours-de-sante-de-thaon-les-vosges\/\"},\"wordCount\":238,\"commentCount\":0,\"publisher\":{\"@id\":\"https:\/\/vosgesinfo.fr\/epinalinfo\/#organization\"},\"image\":{\"@id\":\"https:\/\/vosgesinfo.fr\/epinalinfo\/2025\/04\/une-journee-citoyenne-au-parcours-de-sante-de-thaon-les-vosges\/#primaryimage\"},\"thumbnailUrl\":\"https:\/\/vosgesinfo.fr\/app\/uploads\/sites\/3\/2025\/04\/488853298-1139394941557992-4601011993481965866-n.jpg\",\"keywords\":[\"Journ\u00e9e Citoyenne au Parcours de Sant\u00e9\",\"Thaon-l\u00e8s-Vosges\"],\"articleSection\":[\"A la Une\",\"Epinal\",\"Soci\u00e9t\u00e9\",\"Solidarit\u00e9\",\"Thaon-les-Vosges\"],\"inLanguage\":\"fr-FR\",\"potentialAction\":[{\"@type\":\"CommentAction\",\"name\":\"Comment\",\"target\":[\"https:\/\/vosgesinfo.fr\/epinalinfo\/2025\/04\/une-journee-citoyenne-au-parcours-de-sante-de-thaon-les-vosges\/#respond\"]}]},{\"@type\":\"WebPage\",\"@id\":\"https:\/\/vosgesinfo.fr\/epinalinfo\/2025\/04\/une-journee-citoyenne-au-parcours-de-sante-de-thaon-les-vosges\/\",\"url\":\"https:\/\/vosgesinfo.fr\/epinalinfo\/2025\/04\/une-journee-citoyenne-au-parcours-de-sante-de-thaon-les-vosges\/\",\"name\":\"Une Journ\u00e9e Citoyenne au Parcours de Sant\u00e9 de Thaon-les-Vosges ! - Epinal Info\",\"isPartOf\":{\"@id\":\"https:\/\/vosgesinfo.fr\/epinalinfo\/#website\"},\"primaryImageOfPage\":{\"@id\":\"https:\/\/vosgesinfo.fr\/epinalinfo\/2025\/04\/une-journee-citoyenne-au-parcours-de-sante-de-thaon-les-vosges\/#primaryimage\"},\"image\":{\"@id\":\"https:\/\/vosgesinfo.fr\/epinalinfo\/2025\/04\/une-journee-citoyenne-au-parcours-de-sante-de-thaon-les-vosges\/#primaryimage\"},\"thumbnailUrl\":\"https:\/\/vosgesinfo.fr\/app\/uploads\/sites\/3\/2025\/04\/488853298-1139394941557992-4601011993481965866-n.jpg\",\"datePublished\":\"2025-04-03T06:55:10+00:00\",\"dateModified\":\"2025-04-03T06:47:09+00:00\",\"breadcrumb\":{\"@id\":\"https:\/\/vosgesinfo.fr\/epinalinfo\/2025\/04\/une-journee-citoyenne-au-parcours-de-sante-de-thaon-les-vosges\/#breadcrumb\"},\"inLanguage\":\"fr-FR\",\"potentialAction\":[{\"@type\":\"ReadAction\",\"target\":[\"https:\/\/vosgesinfo.fr\/epinalinfo\/2025\/04\/une-journee-citoyenne-au-parcours-de-sante-de-thaon-les-vosges\/\"]}]},{\"@type\":\"ImageObject\",\"inLanguage\":\"fr-FR\",\"@id\":\"https:\/\/vosgesinfo.fr\/epinalinfo\/2025\/04\/une-journee-citoyenne-au-parcours-de-sante-de-thaon-les-vosges\/#primaryimage\",\"url\":\"https:\/\/vosgesinfo.fr\/app\/uploads\/sites\/3\/2025\/04\/488853298-1139394941557992-4601011993481965866-n.jpg\",\"contentUrl\":\"https:\/\/vosgesinfo.fr\/app\/uploads\/sites\/3\/2025\/04\/488853298-1139394941557992-4601011993481965866-n.jpg\",\"width\":2048,\"height\":1536,\"caption\":\"photo ville de Thaon-les-Vosges\"},{\"@type\":\"BreadcrumbList\",\"@id\":\"https:\/\/vosgesinfo.fr\/epinalinfo\/2025\/04\/une-journee-citoyenne-au-parcours-de-sante-de-thaon-les-vosges\/#breadcrumb\",\"itemListElement\":[{\"@type\":\"ListItem\",\"position\":1,\"name\":\"Home\",\"item\":\"https:\/\/vosgesinfo.fr\/epinalinfo\/\"},{\"@type\":\"ListItem\",\"position\":2,\"name\":\"Une Journ\u00e9e Citoyenne au Parcours de Sant\u00e9 de Thaon-les-Vosges !\"}]},{\"@type\":\"WebSite\",\"@id\":\"https:\/\/vosgesinfo.fr\/epinalinfo\/#website\",\"url\":\"https:\/\/vosgesinfo.fr\/epinalinfo\/\",\"name\":\"Epinal Info\",\"description\":\"Toute l&#039;actualit\u00e9 d&#039;\u00c9pinal\",\"publisher\":{\"@id\":\"https:\/\/vosgesinfo.fr\/epinalinfo\/#organization\"},\"alternateName\":\"Toute l'actualit\u00e9 d'\u00c9pinal\",\"potentialAction\":[{\"@type\":\"SearchAction\",\"target\":{\"@type\":\"EntryPoint\",\"urlTemplate\":\"https:\/\/vosgesinfo.fr\/epinalinfo\/?s={search_term_string}\"},\"query-input\":\"required name=search_term_string\"}],\"inLanguage\":\"fr-FR\"},{\"@type\":\"Organization\",\"@id\":\"https:\/\/vosgesinfo.fr\/epinalinfo\/#organization\",\"name\":\"Epinal Info\",\"url\":\"https:\/\/vosgesinfo.fr\/epinalinfo\/\",\"logo\":{\"@type\":\"ImageObject\",\"inLanguage\":\"fr-FR\",\"@id\":\"https:\/\/vosgesinfo.fr\/epinalinfo\/#\/schema\/logo\/image\/\",\"url\":\"https:\/\/vosgesinfo.fr\/app\/uploads\/sites\/3\/2023\/08\/logo-epinalinfos.svg\",\"contentUrl\":\"https:\/\/vosgesinfo.fr\/app\/uploads\/sites\/3\/2023\/08\/logo-epinalinfos.svg\",\"width\":1,\"height\":1,\"caption\":\"Epinal Info\"},\"image\":{\"@id\":\"https:\/\/vosgesinfo.fr\/epinalinfo\/#\/schema\/logo\/image\/\"},\"sameAs\":[\"https:\/\/www.facebook.com\/Epinalinfos\",\"https:\/\/x.com\/VosgesInfo88\",\"https:\/\/www.youtube.com\/@vosgesinfo\"]},{\"@type\":\"Person\",\"@id\":\"https:\/\/vosgesinfo.fr\/epinalinfo\/#\/schema\/person\/6f9a650eeea99d969b6c4ab78fccbe81\",\"name\":\"C.K.\",\"image\":{\"@type\":\"ImageObject\",\"inLanguage\":\"fr-FR\",\"@id\":\"https:\/\/vosgesinfo.fr\/epinalinfo\/#\/schema\/person\/image\/\",\"url\":\"https:\/\/secure.gravatar.com\/avatar\/48e3fc7f8421ba8942be6b74a2b7f014ca39bc00dece156b7a8e098ae7dc87bf?s=96&d=mm&r=g\",\"contentUrl\":\"https:\/\/secure.gravatar.com\/avatar\/48e3fc7f8421ba8942be6b74a2b7f014ca39bc00dece156b7a8e098ae7dc87bf?s=96&d=mm&r=g\",\"caption\":\"C.K.\"},\"url\":\"https:\/\/vosgesinfo.fr\/epinalinfo\/author\/celia-k-n\/\"}]}<\/script>\n<!-- \/ Yoast SEO plugin. -->","yoast_head_json":{"title":"Une Journ\u00e9e Citoyenne au Parcours de Sant\u00e9 de Thaon-les-Vosges ! - Epinal Info","robots":{"index":"index","follow":"follow","max-snippet":"max-snippet:-1","max-image-preview":"max-image-preview:large","max-video-preview":"max-video-preview:-1"},"canonical":"https:\/\/vosgesinfo.fr\/epinalinfo\/2025\/04\/une-journee-citoyenne-au-parcours-de-sante-de-thaon-les-vosges\/","twitter_card":"summary_large_image","twitter_title":"Une Journ\u00e9e Citoyenne au Parcours de Sant\u00e9 de Thaon-les-Vosges ! - Epinal Info","twitter_description":"Ce dimanche 30 mars, la solidarit\u00e9 et l\u2019engagement citoyen \u00e9taient au rendez-vous \u00e0 Thaon-les-Vosges ! \u00c9lus, agents municipaux et habitants [&hellip;]","twitter_image":"https:\/\/vosgesinfo.fr\/app\/uploads\/sites\/3\/2025\/04\/488853298-1139394941557992-4601011993481965866-n.jpg","twitter_creator":"@VosgesInfo88","twitter_site":"@VosgesInfo88","twitter_misc":{"\u00c9crit par":"C.K.","Dur\u00e9e de lecture estim\u00e9e":"1 minute"},"schema":{"@context":"https:\/\/schema.org","@graph":[{"@type":"Article","@id":"https:\/\/vosgesinfo.fr\/epinalinfo\/2025\/04\/une-journee-citoyenne-au-parcours-de-sante-de-thaon-les-vosges\/#article","isPartOf":{"@id":"https:\/\/vosgesinfo.fr\/epinalinfo\/2025\/04\/une-journee-citoyenne-au-parcours-de-sante-de-thaon-les-vosges\/"},"author":{"name":"C.K.","@id":"https:\/\/vosgesinfo.fr\/epinalinfo\/#\/schema\/person\/6f9a650eeea99d969b6c4ab78fccbe81"},"headline":"Une Journ\u00e9e Citoyenne au Parcours de Sant\u00e9 de Thaon-les-Vosges !","datePublished":"2025-04-03T06:55:10+00:00","dateModified":"2025-04-03T06:47:09+00:00","mainEntityOfPage":{"@id":"https:\/\/vosgesinfo.fr\/epinalinfo\/2025\/04\/une-journee-citoyenne-au-parcours-de-sante-de-thaon-les-vosges\/"},"wordCount":238,"commentCount":0,"publisher":{"@id":"https:\/\/vosgesinfo.fr\/epinalinfo\/#organization"},"image":{"@id":"https:\/\/vosgesinfo.fr\/epinalinfo\/2025\/04\/une-journee-citoyenne-au-parcours-de-sante-de-thaon-les-vosges\/#primaryimage"},"thumbnailUrl":"https:\/\/vosgesinfo.fr\/app\/uploads\/sites\/3\/2025\/04\/488853298-1139394941557992-4601011993481965866-n.jpg","keywords":["Journ\u00e9e Citoyenne au Parcours de Sant\u00e9","Thaon-l\u00e8s-Vosges"],"articleSection":["A la Une","Epinal","Soci\u00e9t\u00e9","Solidarit\u00e9","Thaon-les-Vosges"],"inLanguage":"fr-FR","potentialAction":[{"@type":"CommentAction","name":"Comment","target":["https:\/\/vosgesinfo.fr\/epinalinfo\/2025\/04\/une-journee-citoyenne-au-parcours-de-sante-de-thaon-les-vosges\/#respond"]}]},{"@type":"WebPage","@id":"https:\/\/vosgesinfo.fr\/epinalinfo\/2025\/04\/une-journee-citoyenne-au-parcours-de-sante-de-thaon-les-vosges\/","url":"https:\/\/vosgesinfo.fr\/epinalinfo\/2025\/04\/une-journee-citoyenne-au-parcours-de-sante-de-thaon-les-vosges\/","name":"Une Journ\u00e9e Citoyenne au Parcours de Sant\u00e9 de Thaon-les-Vosges ! - Epinal Info","isPartOf":{"@id":"https:\/\/vosgesinfo.fr\/epinalinfo\/#website"},"primaryImageOfPage":{"@id":"https:\/\/vosgesinfo.fr\/epinalinfo\/2025\/04\/une-journee-citoyenne-au-parcours-de-sante-de-thaon-les-vosges\/#primaryimage"},"image":{"@id":"https:\/\/vosgesinfo.fr\/epinalinfo\/2025\/04\/une-journee-citoyenne-au-parcours-de-sante-de-thaon-les-vosges\/#primaryimage"},"thumbnailUrl":"https:\/\/vosgesinfo.fr\/app\/uploads\/sites\/3\/2025\/04\/488853298-1139394941557992-4601011993481965866-n.jpg","datePublished":"2025-04-03T06:55:10+00:00","dateModified":"2025-04-03T06:47:09+00:00","breadcrumb":{"@id":"https:\/\/vosgesinfo.fr\/epinalinfo\/2025\/04\/une-journee-citoyenne-au-parcours-de-sante-de-thaon-les-vosges\/#breadcrumb"},"inLanguage":"fr-FR","potentialAction":[{"@type":"ReadAction","target":["https:\/\/vosgesinfo.fr\/epinalinfo\/2025\/04\/une-journee-citoyenne-au-parcours-de-sante-de-thaon-les-vosges\/"]}]},{"@type":"ImageObject","inLanguage":"fr-FR","@id":"https:\/\/vosgesinfo.fr\/epinalinfo\/2025\/04\/une-journee-citoyenne-au-parcours-de-sante-de-thaon-les-vosges\/#primaryimage","url":"https:\/\/vosgesinfo.fr\/app\/uploads\/sites\/3\/2025\/04\/488853298-1139394941557992-4601011993481965866-n.jpg","contentUrl":"https:\/\/vosgesinfo.fr\/app\/uploads\/sites\/3\/2025\/04\/488853298-1139394941557992-4601011993481965866-n.jpg","width":2048,"height":1536,"caption":"photo ville de Thaon-les-Vosges"},{"@type":"BreadcrumbList","@id":"https:\/\/vosgesinfo.fr\/epinalinfo\/2025\/04\/une-journee-citoyenne-au-parcours-de-sante-de-thaon-les-vosges\/#breadcrumb","itemListElement":[{"@type":"ListItem","position":1,"name":"Home","item":"https:\/\/vosgesinfo.fr\/epinalinfo\/"},{"@type":"ListItem","position":2,"name":"Une Journ\u00e9e Citoyenne au Parcours de Sant\u00e9 de Thaon-les-Vosges !"}]},{"@type":"WebSite","@id":"https:\/\/vosgesinfo.fr\/epinalinfo\/#website","url":"https:\/\/vosgesinfo.fr\/epinalinfo\/","name":"Epinal Info","description":"Toute l&#039;actualit\u00e9 d&#039;\u00c9pinal","publisher":{"@id":"https:\/\/vosgesinfo.fr\/epinalinfo\/#organization"},"alternateName":"Toute l'actualit\u00e9 d'\u00c9pinal","potentialAction":[{"@type":"SearchAction","target":{"@type":"EntryPoint","urlTemplate":"https:\/\/vosgesinfo.fr\/epinalinfo\/?s={search_term_string}"},"query-input":"required name=search_term_string"}],"inLanguage":"fr-FR"},{"@type":"Organization","@id":"https:\/\/vosgesinfo.fr\/epinalinfo\/#organization","name":"Epinal Info","url":"https:\/\/vosgesinfo.fr\/epinalinfo\/","logo":{"@type":"ImageObject","inLanguage":"fr-FR","@id":"https:\/\/vosgesinfo.fr\/epinalinfo\/#\/schema\/logo\/image\/","url":"https:\/\/vosgesinfo.fr\/app\/uploads\/sites\/3\/2023\/08\/logo-epinalinfos.svg","contentUrl":"https:\/\/vosgesinfo.fr\/app\/uploads\/sites\/3\/2023\/08\/logo-epinalinfos.svg","width":1,"height":1,"caption":"Epinal Info"},"image":{"@id":"https:\/\/vosgesinfo.fr\/epinalinfo\/#\/schema\/logo\/image\/"},"sameAs":["https:\/\/www.facebook.com\/Epinalinfos","https:\/\/x.com\/VosgesInfo88","https:\/\/www.youtube.com\/@vosgesinfo"]},{"@type":"Person","@id":"https:\/\/vosgesinfo.fr\/epinalinfo\/#\/schema\/person\/6f9a650eeea99d969b6c4ab78fccbe81","name":"C.K.","image":{"@type":"ImageObject","inLanguage":"fr-FR","@id":"https:\/\/vosgesinfo.fr\/epinalinfo\/#\/schema\/person\/image\/","url":"https:\/\/secure.gravatar.com\/avatar\/48e3fc7f8421ba8942be6b74a2b7f014ca39bc00dece156b7a8e098ae7dc87bf?s=96&d=mm&r=g","contentUrl":"https:\/\/secure.gravatar.com\/avatar\/48e3fc7f8421ba8942be6b74a2b7f014ca39bc00dece156b7a8e098ae7dc87bf?s=96&d=mm&r=g","caption":"C.K."},"url":"https:\/\/vosgesinfo.fr\/epinalinfo\/author\/celia-k-n\/"}]}},"_links":{"self":[{"href":"https:\/\/vosgesinfo.fr\/epinalinfo\/wp-json\/wp\/v2\/posts\/130482","targetHints":{"allow":["GET"]}}],"collection":[{"href":"https:\/\/vosgesinfo.fr\/epinalinfo\/wp-json\/wp\/v2\/posts"}],"about":[{"href":"https:\/\/vosgesinfo.fr\/epinalinfo\/wp-json\/wp\/v2\/types\/post"}],"author":[{"embeddable":true,"href":"https:\/\/vosgesinfo.fr\/epinalinfo\/wp-json\/wp\/v2\/users\/52"}],"replies":[{"embeddable":true,"href":"https:\/\/vosgesinfo.fr\/epinalinfo\/wp-json\/wp\/v2\/comments?post=130482"}],"version-history":[{"count":1,"href":"https:\/\/vosgesinfo.fr\/epinalinfo\/wp-json\/wp\/v2\/posts\/130482\/revisions"}],"predecessor-version":[{"id":130484,"href":"https:\/\/vosgesinfo.fr\/epinalinfo\/wp-json\/wp\/v2\/posts\/130482\/revisions\/130484"}],"wp:featuredmedia":[{"embeddable":true,"href":"https:\/\/vosgesinfo.fr\/epinalinfo\/wp-json\/wp\/v2\/media\/130483"}],"wp:attachment":[{"href":"https:\/\/vosgesinfo.fr\/epinalinfo\/wp-json\/wp\/v2\/media?parent=130482"}],"wp:term":[{"taxonomy":"category","embeddable":true,"href":"https:\/\/vosgesinfo.fr\/epinalinfo\/wp-json\/wp\/v2\/categories?post=130482"},{"taxonomy":"post_tag","embeddable":true,"href":"https:\/\/vosgesinfo.fr\/epinalinfo\/wp-json\/wp\/v2\/tags?post=130482"}],"curies":[{"name":"wp","href":"https:\/\/api.w.org\/{rel}","templated":true}]}}