{"id":130485,"date":"2025-04-03T09:10:41","date_gmt":"2025-04-03T07:10:41","guid":{"rendered":"https:\/\/vosgesinfo.fr\/epinalinfo\/?p=130485"},"modified":"2025-04-03T08:56:54","modified_gmt":"2025-04-03T06:56:54","slug":"le-courageux-combat-dantoine-vous-donne-rendez-vous-pour-son-marche-de-lartisanat-et-aux-fleurs","status":"publish","type":"post","link":"https:\/\/vosgesinfo.fr\/epinalinfo\/2025\/04\/le-courageux-combat-dantoine-vous-donne-rendez-vous-pour-son-marche-de-lartisanat-et-aux-fleurs\/","title":{"rendered":"Le Courageux Combat d\u2019Antoine vous donne rendez-vous pour son march\u00e9 de l\u2019artisanat et aux fleurs !"},"content":{"rendered":"<h2 data-start=\"446\" data-end=\"667\"><strong><a href=\"https:\/\/vosgesinfo.fr\/app\/uploads\/sites\/3\/2025\/04\/thumbnail-ma-affiche-2025.jpg\"><img decoding=\"async\" class=\"aligncenter size-full wp-image-130486\" src=\"https:\/\/vosgesinfo.fr\/app\/uploads\/sites\/3\/2025\/04\/thumbnail-ma-affiche-2025.jpg\" alt=\"\" width=\"1277\" height=\"1790\" srcset=\"https:\/\/vosgesinfo.fr\/app\/uploads\/sites\/3\/2025\/04\/thumbnail-ma-affiche-2025.jpg 1277w, https:\/\/vosgesinfo.fr\/app\/uploads\/sites\/3\/2025\/04\/thumbnail-ma-affiche-2025-214x300.jpg 214w, https:\/\/vosgesinfo.fr\/app\/uploads\/sites\/3\/2025\/04\/thumbnail-ma-affiche-2025-731x1024.jpg 731w, https:\/\/vosgesinfo.fr\/app\/uploads\/sites\/3\/2025\/04\/thumbnail-ma-affiche-2025-768x1077.jpg 768w, https:\/\/vosgesinfo.fr\/app\/uploads\/sites\/3\/2025\/04\/thumbnail-ma-affiche-2025-1096x1536.jpg 1096w\" sizes=\"(max-width: 1277px) 100vw, 1277px\" \/><\/a>L\u2019association Le Courageux Combat d\u2019Antoine est heureuse de vous convier \u00e0 son march\u00e9 de l\u2019artisanat et march\u00e9 aux fleurs, qui se tiendra le dimanche 13 avril 2025 sous le pr\u00e9au des \u00e9coles et sous chapiteau.<\/strong><\/h2>\n<h3 data-start=\"669\" data-end=\"719\"><strong data-start=\"672\" data-end=\"717\">Un \u00e9v\u00e9nement solidaire et convivial<br \/>\n<\/strong><\/h3>\n<p class=\"\" data-start=\"721\" data-end=\"1044\">Cette nouvelle \u00e9dition accueillera 20 exposants, dont de nombreux nouveaux talents \u00e0 d\u00e9couvrir ! Artisans passionn\u00e9s, cr\u00e9ateurs inspir\u00e9s et amoureux des plantes vous proposeront leurs plus belles r\u00e9alisations et trouvailles. C\u2019est l\u2019occasion id\u00e9ale pour d\u00e9nicher des tr\u00e9sors uniques tout en soutenant une noble cause.<\/p>\n<h3 data-start=\"1046\" data-end=\"1086\"><strong data-start=\"1049\" data-end=\"1084\">Une tombola 100 % gagnante<br \/>\n<\/strong><\/h3>\n<p class=\"\" data-start=\"1088\" data-end=\"1397\">Cette ann\u00e9e encore, participez \u00e0 la tombola solidaire : chaque ticket est gagnant et vous permettra de repartir avec de jolis lots ! Une belle fa\u00e7on de joindre l\u2019utile \u00e0 l\u2019agr\u00e9able en soutenant la recherche contre les cancers p\u00e9diatriques, \u00e0 laquelle seront revers\u00e9s les b\u00e9n\u00e9fices de l\u2019\u00e9v\u00e9nement.<\/p>\n<h3 data-start=\"1399\" data-end=\"1457\"><strong data-start=\"1402\" data-end=\"1455\">Restauration et bonne humeur au rendez-vous<br \/>\n<\/strong><\/h3>\n<p class=\"\" data-start=\"1459\" data-end=\"1646\">Sur place, profitez d\u2019un espace gourmand avec petite restauration, cr\u00eapes et buvette tenus par les b\u00e9n\u00e9voles de l\u2019association. Un moment chaleureux garanti, quel que soit le temps !<\/p>\n<p class=\"\" data-start=\"1856\" data-end=\"1989\">\n","protected":false},"excerpt":{"rendered":"<p>L\u2019association Le Courageux Combat d\u2019Antoine est heureuse de vous convier \u00e0 son march\u00e9 de l\u2019artisanat et march\u00e9 aux fleurs, qui [&hellip;]<\/p>\n","protected":false},"author":52,"featured_media":130486,"comment_status":"open","ping_status":"open","sticky":false,"template":"","format":"standard","meta":{"footnotes":""},"categories":[22,24],"tags":[2123,16381],"class_list":["post-130485","post","type-post","status-publish","format-standard","has-post-thumbnail","hentry","category-a-la-une","category-epinal","tag-le-courageux-combat-dantoine","tag-marche-de-lartisanat-et-aux-fleurs"],"acf":[],"yoast_head":"<!-- This site is optimized with the Yoast SEO plugin v22.5 - https:\/\/yoast.com\/wordpress\/plugins\/seo\/ -->\n<title>Le Courageux Combat d\u2019Antoine vous donne rendez-vous pour son march\u00e9 de l\u2019artisanat et aux fleurs ! - Epinal Info<\/title>\n<meta name=\"robots\" content=\"index, follow, max-snippet:-1, max-image-preview:large, max-video-preview:-1\" \/>\n<link rel=\"canonical\" href=\"https:\/\/vosgesinfo.fr\/epinalinfo\/2025\/04\/le-courageux-combat-dantoine-vous-donne-rendez-vous-pour-son-marche-de-lartisanat-et-aux-fleurs\/\" \/>\n<meta name=\"twitter:card\" content=\"summary_large_image\" \/>\n<meta name=\"twitter:title\" content=\"Le Courageux Combat d\u2019Antoine vous donne rendez-vous pour son march\u00e9 de l\u2019artisanat et aux fleurs ! - Epinal Info\" \/>\n<meta name=\"twitter:description\" content=\"L\u2019association Le Courageux Combat d\u2019Antoine est heureuse de vous convier \u00e0 son march\u00e9 de l\u2019artisanat et march\u00e9 aux fleurs, qui [&hellip;]\" \/>\n<meta name=\"twitter:image\" content=\"https:\/\/vosgesinfo.fr\/app\/uploads\/sites\/3\/2025\/04\/thumbnail-ma-affiche-2025.jpg\" \/>\n<meta name=\"twitter:creator\" content=\"@VosgesInfo88\" \/>\n<meta name=\"twitter:site\" content=\"@VosgesInfo88\" \/>\n<meta name=\"twitter:label1\" content=\"\u00c9crit par\" \/>\n\t<meta name=\"twitter:data1\" content=\"C.K.\" \/>\n\t<meta name=\"twitter:label2\" content=\"Dur\u00e9e de lecture estim\u00e9e\" \/>\n\t<meta name=\"twitter:data2\" content=\"1 minute\" \/>\n<script type=\"application\/ld+json\" class=\"yoast-schema-graph\">{\"@context\":\"https:\/\/schema.org\",\"@graph\":[{\"@type\":\"Article\",\"@id\":\"https:\/\/vosgesinfo.fr\/epinalinfo\/2025\/04\/le-courageux-combat-dantoine-vous-donne-rendez-vous-pour-son-marche-de-lartisanat-et-aux-fleurs\/#article\",\"isPartOf\":{\"@id\":\"https:\/\/vosgesinfo.fr\/epinalinfo\/2025\/04\/le-courageux-combat-dantoine-vous-donne-rendez-vous-pour-son-marche-de-lartisanat-et-aux-fleurs\/\"},\"author\":{\"name\":\"C.K.\",\"@id\":\"https:\/\/vosgesinfo.fr\/epinalinfo\/#\/schema\/person\/6f9a650eeea99d969b6c4ab78fccbe81\"},\"headline\":\"Le Courageux Combat d\u2019Antoine vous donne rendez-vous pour son march\u00e9 de l\u2019artisanat et aux fleurs !\",\"datePublished\":\"2025-04-03T07:10:41+00:00\",\"dateModified\":\"2025-04-03T06:56:54+00:00\",\"mainEntityOfPage\":{\"@id\":\"https:\/\/vosgesinfo.fr\/epinalinfo\/2025\/04\/le-courageux-combat-dantoine-vous-donne-rendez-vous-pour-son-marche-de-lartisanat-et-aux-fleurs\/\"},\"wordCount\":204,\"commentCount\":0,\"publisher\":{\"@id\":\"https:\/\/vosgesinfo.fr\/epinalinfo\/#organization\"},\"image\":{\"@id\":\"https:\/\/vosgesinfo.fr\/epinalinfo\/2025\/04\/le-courageux-combat-dantoine-vous-donne-rendez-vous-pour-son-marche-de-lartisanat-et-aux-fleurs\/#primaryimage\"},\"thumbnailUrl\":\"https:\/\/vosgesinfo.fr\/app\/uploads\/sites\/3\/2025\/04\/thumbnail-ma-affiche-2025.jpg\",\"keywords\":[\"\u00ab Le Courageux Combat d\u2019Antoine \u00bb\",\"march\u00e9 de l\u2019artisanat et aux fleurs\"],\"articleSection\":[\"A la Une\",\"Epinal\"],\"inLanguage\":\"fr-FR\",\"potentialAction\":[{\"@type\":\"CommentAction\",\"name\":\"Comment\",\"target\":[\"https:\/\/vosgesinfo.fr\/epinalinfo\/2025\/04\/le-courageux-combat-dantoine-vous-donne-rendez-vous-pour-son-marche-de-lartisanat-et-aux-fleurs\/#respond\"]}]},{\"@type\":\"WebPage\",\"@id\":\"https:\/\/vosgesinfo.fr\/epinalinfo\/2025\/04\/le-courageux-combat-dantoine-vous-donne-rendez-vous-pour-son-marche-de-lartisanat-et-aux-fleurs\/\",\"url\":\"https:\/\/vosgesinfo.fr\/epinalinfo\/2025\/04\/le-courageux-combat-dantoine-vous-donne-rendez-vous-pour-son-marche-de-lartisanat-et-aux-fleurs\/\",\"name\":\"Le Courageux Combat d\u2019Antoine vous donne rendez-vous pour son march\u00e9 de l\u2019artisanat et aux fleurs ! - Epinal Info\",\"isPartOf\":{\"@id\":\"https:\/\/vosgesinfo.fr\/epinalinfo\/#website\"},\"primaryImageOfPage\":{\"@id\":\"https:\/\/vosgesinfo.fr\/epinalinfo\/2025\/04\/le-courageux-combat-dantoine-vous-donne-rendez-vous-pour-son-marche-de-lartisanat-et-aux-fleurs\/#primaryimage\"},\"image\":{\"@id\":\"https:\/\/vosgesinfo.fr\/epinalinfo\/2025\/04\/le-courageux-combat-dantoine-vous-donne-rendez-vous-pour-son-marche-de-lartisanat-et-aux-fleurs\/#primaryimage\"},\"thumbnailUrl\":\"https:\/\/vosgesinfo.fr\/app\/uploads\/sites\/3\/2025\/04\/thumbnail-ma-affiche-2025.jpg\",\"datePublished\":\"2025-04-03T07:10:41+00:00\",\"dateModified\":\"2025-04-03T06:56:54+00:00\",\"breadcrumb\":{\"@id\":\"https:\/\/vosgesinfo.fr\/epinalinfo\/2025\/04\/le-courageux-combat-dantoine-vous-donne-rendez-vous-pour-son-marche-de-lartisanat-et-aux-fleurs\/#breadcrumb\"},\"inLanguage\":\"fr-FR\",\"potentialAction\":[{\"@type\":\"ReadAction\",\"target\":[\"https:\/\/vosgesinfo.fr\/epinalinfo\/2025\/04\/le-courageux-combat-dantoine-vous-donne-rendez-vous-pour-son-marche-de-lartisanat-et-aux-fleurs\/\"]}]},{\"@type\":\"ImageObject\",\"inLanguage\":\"fr-FR\",\"@id\":\"https:\/\/vosgesinfo.fr\/epinalinfo\/2025\/04\/le-courageux-combat-dantoine-vous-donne-rendez-vous-pour-son-marche-de-lartisanat-et-aux-fleurs\/#primaryimage\",\"url\":\"https:\/\/vosgesinfo.fr\/app\/uploads\/sites\/3\/2025\/04\/thumbnail-ma-affiche-2025.jpg\",\"contentUrl\":\"https:\/\/vosgesinfo.fr\/app\/uploads\/sites\/3\/2025\/04\/thumbnail-ma-affiche-2025.jpg\",\"width\":1277,\"height\":1790},{\"@type\":\"BreadcrumbList\",\"@id\":\"https:\/\/vosgesinfo.fr\/epinalinfo\/2025\/04\/le-courageux-combat-dantoine-vous-donne-rendez-vous-pour-son-marche-de-lartisanat-et-aux-fleurs\/#breadcrumb\",\"itemListElement\":[{\"@type\":\"ListItem\",\"position\":1,\"name\":\"Home\",\"item\":\"https:\/\/vosgesinfo.fr\/epinalinfo\/\"},{\"@type\":\"ListItem\",\"position\":2,\"name\":\"Le Courageux Combat d\u2019Antoine vous donne rendez-vous pour son march\u00e9 de l\u2019artisanat et aux fleurs !\"}]},{\"@type\":\"WebSite\",\"@id\":\"https:\/\/vosgesinfo.fr\/epinalinfo\/#website\",\"url\":\"https:\/\/vosgesinfo.fr\/epinalinfo\/\",\"name\":\"Epinal Info\",\"description\":\"Toute l&#039;actualit\u00e9 d&#039;\u00c9pinal\",\"publisher\":{\"@id\":\"https:\/\/vosgesinfo.fr\/epinalinfo\/#organization\"},\"alternateName\":\"Toute l'actualit\u00e9 d'\u00c9pinal\",\"potentialAction\":[{\"@type\":\"SearchAction\",\"target\":{\"@type\":\"EntryPoint\",\"urlTemplate\":\"https:\/\/vosgesinfo.fr\/epinalinfo\/?s={search_term_string}\"},\"query-input\":\"required name=search_term_string\"}],\"inLanguage\":\"fr-FR\"},{\"@type\":\"Organization\",\"@id\":\"https:\/\/vosgesinfo.fr\/epinalinfo\/#organization\",\"name\":\"Epinal Info\",\"url\":\"https:\/\/vosgesinfo.fr\/epinalinfo\/\",\"logo\":{\"@type\":\"ImageObject\",\"inLanguage\":\"fr-FR\",\"@id\":\"https:\/\/vosgesinfo.fr\/epinalinfo\/#\/schema\/logo\/image\/\",\"url\":\"https:\/\/vosgesinfo.fr\/app\/uploads\/sites\/3\/2023\/08\/logo-epinalinfos.svg\",\"contentUrl\":\"https:\/\/vosgesinfo.fr\/app\/uploads\/sites\/3\/2023\/08\/logo-epinalinfos.svg\",\"width\":1,\"height\":1,\"caption\":\"Epinal Info\"},\"image\":{\"@id\":\"https:\/\/vosgesinfo.fr\/epinalinfo\/#\/schema\/logo\/image\/\"},\"sameAs\":[\"https:\/\/www.facebook.com\/Epinalinfos\",\"https:\/\/x.com\/VosgesInfo88\",\"https:\/\/www.youtube.com\/@vosgesinfo\"]},{\"@type\":\"Person\",\"@id\":\"https:\/\/vosgesinfo.fr\/epinalinfo\/#\/schema\/person\/6f9a650eeea99d969b6c4ab78fccbe81\",\"name\":\"C.K.\",\"image\":{\"@type\":\"ImageObject\",\"inLanguage\":\"fr-FR\",\"@id\":\"https:\/\/vosgesinfo.fr\/epinalinfo\/#\/schema\/person\/image\/\",\"url\":\"https:\/\/secure.gravatar.com\/avatar\/48e3fc7f8421ba8942be6b74a2b7f014ca39bc00dece156b7a8e098ae7dc87bf?s=96&d=mm&r=g\",\"contentUrl\":\"https:\/\/secure.gravatar.com\/avatar\/48e3fc7f8421ba8942be6b74a2b7f014ca39bc00dece156b7a8e098ae7dc87bf?s=96&d=mm&r=g\",\"caption\":\"C.K.\"},\"url\":\"https:\/\/vosgesinfo.fr\/epinalinfo\/author\/celia-k-n\/\"}]}<\/script>\n<!-- \/ Yoast SEO plugin. -->","yoast_head_json":{"title":"Le Courageux Combat d\u2019Antoine vous donne rendez-vous pour son march\u00e9 de l\u2019artisanat et aux fleurs ! - Epinal Info","robots":{"index":"index","follow":"follow","max-snippet":"max-snippet:-1","max-image-preview":"max-image-preview:large","max-video-preview":"max-video-preview:-1"},"canonical":"https:\/\/vosgesinfo.fr\/epinalinfo\/2025\/04\/le-courageux-combat-dantoine-vous-donne-rendez-vous-pour-son-marche-de-lartisanat-et-aux-fleurs\/","twitter_card":"summary_large_image","twitter_title":"Le Courageux Combat d\u2019Antoine vous donne rendez-vous pour son march\u00e9 de l\u2019artisanat et aux fleurs ! - Epinal Info","twitter_description":"L\u2019association Le Courageux Combat d\u2019Antoine est heureuse de vous convier \u00e0 son march\u00e9 de l\u2019artisanat et march\u00e9 aux fleurs, qui [&hellip;]","twitter_image":"https:\/\/vosgesinfo.fr\/app\/uploads\/sites\/3\/2025\/04\/thumbnail-ma-affiche-2025.jpg","twitter_creator":"@VosgesInfo88","twitter_site":"@VosgesInfo88","twitter_misc":{"\u00c9crit par":"C.K.","Dur\u00e9e de lecture estim\u00e9e":"1 minute"},"schema":{"@context":"https:\/\/schema.org","@graph":[{"@type":"Article","@id":"https:\/\/vosgesinfo.fr\/epinalinfo\/2025\/04\/le-courageux-combat-dantoine-vous-donne-rendez-vous-pour-son-marche-de-lartisanat-et-aux-fleurs\/#article","isPartOf":{"@id":"https:\/\/vosgesinfo.fr\/epinalinfo\/2025\/04\/le-courageux-combat-dantoine-vous-donne-rendez-vous-pour-son-marche-de-lartisanat-et-aux-fleurs\/"},"author":{"name":"C.K.","@id":"https:\/\/vosgesinfo.fr\/epinalinfo\/#\/schema\/person\/6f9a650eeea99d969b6c4ab78fccbe81"},"headline":"Le Courageux Combat d\u2019Antoine vous donne rendez-vous pour son march\u00e9 de l\u2019artisanat et aux fleurs !","datePublished":"2025-04-03T07:10:41+00:00","dateModified":"2025-04-03T06:56:54+00:00","mainEntityOfPage":{"@id":"https:\/\/vosgesinfo.fr\/epinalinfo\/2025\/04\/le-courageux-combat-dantoine-vous-donne-rendez-vous-pour-son-marche-de-lartisanat-et-aux-fleurs\/"},"wordCount":204,"commentCount":0,"publisher":{"@id":"https:\/\/vosgesinfo.fr\/epinalinfo\/#organization"},"image":{"@id":"https:\/\/vosgesinfo.fr\/epinalinfo\/2025\/04\/le-courageux-combat-dantoine-vous-donne-rendez-vous-pour-son-marche-de-lartisanat-et-aux-fleurs\/#primaryimage"},"thumbnailUrl":"https:\/\/vosgesinfo.fr\/app\/uploads\/sites\/3\/2025\/04\/thumbnail-ma-affiche-2025.jpg","keywords":["\u00ab Le Courageux Combat d\u2019Antoine \u00bb","march\u00e9 de l\u2019artisanat et aux fleurs"],"articleSection":["A la Une","Epinal"],"inLanguage":"fr-FR","potentialAction":[{"@type":"CommentAction","name":"Comment","target":["https:\/\/vosgesinfo.fr\/epinalinfo\/2025\/04\/le-courageux-combat-dantoine-vous-donne-rendez-vous-pour-son-marche-de-lartisanat-et-aux-fleurs\/#respond"]}]},{"@type":"WebPage","@id":"https:\/\/vosgesinfo.fr\/epinalinfo\/2025\/04\/le-courageux-combat-dantoine-vous-donne-rendez-vous-pour-son-marche-de-lartisanat-et-aux-fleurs\/","url":"https:\/\/vosgesinfo.fr\/epinalinfo\/2025\/04\/le-courageux-combat-dantoine-vous-donne-rendez-vous-pour-son-marche-de-lartisanat-et-aux-fleurs\/","name":"Le Courageux Combat d\u2019Antoine vous donne rendez-vous pour son march\u00e9 de l\u2019artisanat et aux fleurs ! - Epinal Info","isPartOf":{"@id":"https:\/\/vosgesinfo.fr\/epinalinfo\/#website"},"primaryImageOfPage":{"@id":"https:\/\/vosgesinfo.fr\/epinalinfo\/2025\/04\/le-courageux-combat-dantoine-vous-donne-rendez-vous-pour-son-marche-de-lartisanat-et-aux-fleurs\/#primaryimage"},"image":{"@id":"https:\/\/vosgesinfo.fr\/epinalinfo\/2025\/04\/le-courageux-combat-dantoine-vous-donne-rendez-vous-pour-son-marche-de-lartisanat-et-aux-fleurs\/#primaryimage"},"thumbnailUrl":"https:\/\/vosgesinfo.fr\/app\/uploads\/sites\/3\/2025\/04\/thumbnail-ma-affiche-2025.jpg","datePublished":"2025-04-03T07:10:41+00:00","dateModified":"2025-04-03T06:56:54+00:00","breadcrumb":{"@id":"https:\/\/vosgesinfo.fr\/epinalinfo\/2025\/04\/le-courageux-combat-dantoine-vous-donne-rendez-vous-pour-son-marche-de-lartisanat-et-aux-fleurs\/#breadcrumb"},"inLanguage":"fr-FR","potentialAction":[{"@type":"ReadAction","target":["https:\/\/vosgesinfo.fr\/epinalinfo\/2025\/04\/le-courageux-combat-dantoine-vous-donne-rendez-vous-pour-son-marche-de-lartisanat-et-aux-fleurs\/"]}]},{"@type":"ImageObject","inLanguage":"fr-FR","@id":"https:\/\/vosgesinfo.fr\/epinalinfo\/2025\/04\/le-courageux-combat-dantoine-vous-donne-rendez-vous-pour-son-marche-de-lartisanat-et-aux-fleurs\/#primaryimage","url":"https:\/\/vosgesinfo.fr\/app\/uploads\/sites\/3\/2025\/04\/thumbnail-ma-affiche-2025.jpg","contentUrl":"https:\/\/vosgesinfo.fr\/app\/uploads\/sites\/3\/2025\/04\/thumbnail-ma-affiche-2025.jpg","width":1277,"height":1790},{"@type":"BreadcrumbList","@id":"https:\/\/vosgesinfo.fr\/epinalinfo\/2025\/04\/le-courageux-combat-dantoine-vous-donne-rendez-vous-pour-son-marche-de-lartisanat-et-aux-fleurs\/#breadcrumb","itemListElement":[{"@type":"ListItem","position":1,"name":"Home","item":"https:\/\/vosgesinfo.fr\/epinalinfo\/"},{"@type":"ListItem","position":2,"name":"Le Courageux Combat d\u2019Antoine vous donne rendez-vous pour son march\u00e9 de l\u2019artisanat et aux fleurs !"}]},{"@type":"WebSite","@id":"https:\/\/vosgesinfo.fr\/epinalinfo\/#website","url":"https:\/\/vosgesinfo.fr\/epinalinfo\/","name":"Epinal Info","description":"Toute l&#039;actualit\u00e9 d&#039;\u00c9pinal","publisher":{"@id":"https:\/\/vosgesinfo.fr\/epinalinfo\/#organization"},"alternateName":"Toute l'actualit\u00e9 d'\u00c9pinal","potentialAction":[{"@type":"SearchAction","target":{"@type":"EntryPoint","urlTemplate":"https:\/\/vosgesinfo.fr\/epinalinfo\/?s={search_term_string}"},"query-input":"required name=search_term_string"}],"inLanguage":"fr-FR"},{"@type":"Organization","@id":"https:\/\/vosgesinfo.fr\/epinalinfo\/#organization","name":"Epinal Info","url":"https:\/\/vosgesinfo.fr\/epinalinfo\/","logo":{"@type":"ImageObject","inLanguage":"fr-FR","@id":"https:\/\/vosgesinfo.fr\/epinalinfo\/#\/schema\/logo\/image\/","url":"https:\/\/vosgesinfo.fr\/app\/uploads\/sites\/3\/2023\/08\/logo-epinalinfos.svg","contentUrl":"https:\/\/vosgesinfo.fr\/app\/uploads\/sites\/3\/2023\/08\/logo-epinalinfos.svg","width":1,"height":1,"caption":"Epinal Info"},"image":{"@id":"https:\/\/vosgesinfo.fr\/epinalinfo\/#\/schema\/logo\/image\/"},"sameAs":["https:\/\/www.facebook.com\/Epinalinfos","https:\/\/x.com\/VosgesInfo88","https:\/\/www.youtube.com\/@vosgesinfo"]},{"@type":"Person","@id":"https:\/\/vosgesinfo.fr\/epinalinfo\/#\/schema\/person\/6f9a650eeea99d969b6c4ab78fccbe81","name":"C.K.","image":{"@type":"ImageObject","inLanguage":"fr-FR","@id":"https:\/\/vosgesinfo.fr\/epinalinfo\/#\/schema\/person\/image\/","url":"https:\/\/secure.gravatar.com\/avatar\/48e3fc7f8421ba8942be6b74a2b7f014ca39bc00dece156b7a8e098ae7dc87bf?s=96&d=mm&r=g","contentUrl":"https:\/\/secure.gravatar.com\/avatar\/48e3fc7f8421ba8942be6b74a2b7f014ca39bc00dece156b7a8e098ae7dc87bf?s=96&d=mm&r=g","caption":"C.K."},"url":"https:\/\/vosgesinfo.fr\/epinalinfo\/author\/celia-k-n\/"}]}},"_links":{"self":[{"href":"https:\/\/vosgesinfo.fr\/epinalinfo\/wp-json\/wp\/v2\/posts\/130485","targetHints":{"allow":["GET"]}}],"collection":[{"href":"https:\/\/vosgesinfo.fr\/epinalinfo\/wp-json\/wp\/v2\/posts"}],"about":[{"href":"https:\/\/vosgesinfo.fr\/epinalinfo\/wp-json\/wp\/v2\/types\/post"}],"author":[{"embeddable":true,"href":"https:\/\/vosgesinfo.fr\/epinalinfo\/wp-json\/wp\/v2\/users\/52"}],"replies":[{"embeddable":true,"href":"https:\/\/vosgesinfo.fr\/epinalinfo\/wp-json\/wp\/v2\/comments?post=130485"}],"version-history":[{"count":1,"href":"https:\/\/vosgesinfo.fr\/epinalinfo\/wp-json\/wp\/v2\/posts\/130485\/revisions"}],"predecessor-version":[{"id":130487,"href":"https:\/\/vosgesinfo.fr\/epinalinfo\/wp-json\/wp\/v2\/posts\/130485\/revisions\/130487"}],"wp:featuredmedia":[{"embeddable":true,"href":"https:\/\/vosgesinfo.fr\/epinalinfo\/wp-json\/wp\/v2\/media\/130486"}],"wp:attachment":[{"href":"https:\/\/vosgesinfo.fr\/epinalinfo\/wp-json\/wp\/v2\/media?parent=130485"}],"wp:term":[{"taxonomy":"category","embeddable":true,"href":"https:\/\/vosgesinfo.fr\/epinalinfo\/wp-json\/wp\/v2\/categories?post=130485"},{"taxonomy":"post_tag","embeddable":true,"href":"https:\/\/vosgesinfo.fr\/epinalinfo\/wp-json\/wp\/v2\/tags?post=130485"}],"curies":[{"name":"wp","href":"https:\/\/api.w.org\/{rel}","templated":true}]}}