{"id":130488,"date":"2025-04-03T09:15:39","date_gmt":"2025-04-03T07:15:39","guid":{"rendered":"https:\/\/vosgesinfo.fr\/epinalinfo\/?p=130488"},"modified":"2025-04-03T09:02:50","modified_gmt":"2025-04-03T07:02:50","slug":"un-sou-dor-de-charlemagne-et-une-mappemonde-du-xviie-siecle-remis-a-la-bnf-par-la-douane","status":"publish","type":"post","link":"https:\/\/vosgesinfo.fr\/epinalinfo\/2025\/04\/un-sou-dor-de-charlemagne-et-une-mappemonde-du-xviie-siecle-remis-a-la-bnf-par-la-douane\/","title":{"rendered":"Un sou d\u2019or de Charlemagne et une mappemonde du XVIIe si\u00e8cle remis \u00e0 la BnF par la douane"},"content":{"rendered":"<div id=\"attachment_130489\" style=\"width: 613px\" class=\"wp-caption aligncenter\"><a href=\"https:\/\/vosgesinfo.fr\/app\/uploads\/sites\/3\/2025\/04\/26573.jpg\"><img decoding=\"async\" aria-describedby=\"caption-attachment-130489\" class=\"size-full wp-image-130489\" src=\"https:\/\/vosgesinfo.fr\/app\/uploads\/sites\/3\/2025\/04\/26573.jpg\" alt=\"\" width=\"603\" height=\"406\" srcset=\"https:\/\/vosgesinfo.fr\/app\/uploads\/sites\/3\/2025\/04\/26573.jpg 603w, https:\/\/vosgesinfo.fr\/app\/uploads\/sites\/3\/2025\/04\/26573-300x202.jpg 300w\" sizes=\"(max-width: 603px) 100vw, 603px\" \/><\/a><p id=\"caption-attachment-130489\" class=\"wp-caption-text\">photos Service de presse de la douane<\/p><\/div>\n<h2 data-start=\"431\" data-end=\"909\"><strong>Le 1er avril 2025, la Biblioth\u00e8que nationale de France (BnF) a officiellement re\u00e7u deux pi\u00e8ces historiques d\u2019exception : un sou d\u2019or de Charlemagne et une mappemonde murale du XVIIe si\u00e8cle. Ces tr\u00e9sors, saisis par la Direction Nationale du Renseignement et des Enqu\u00eates Douani\u00e8res (DNRED), ont \u00e9t\u00e9 remis \u00e0 la BnF dans le cadre d\u2019une cession amiable \u00e0 titre gracieux, illustrant l\u2019engagement des services douaniers dans la protection du patrimoine culturel.<\/strong><\/h2>\n<h3 data-start=\"911\" data-end=\"971\"><strong data-start=\"914\" data-end=\"969\">Un tr\u00e9sor numismatique : le sou d\u2019or de Charlemagne<\/strong><\/h3>\n<p class=\"\" data-start=\"973\" data-end=\"1245\">Ce sou d\u2019or, frapp\u00e9 sous le r\u00e8gne de Charlemagne entre 768 et 814 \u00e0 Uz\u00e8s, constitue une d\u00e9couverte rare dans le domaine de la numismatique fran\u00e7aise. Seulement quatre exemplaires de cette monnaie sont connus dans le monde, dont l\u2019un d\u00e9j\u00e0 conserv\u00e9 par la BnF.<\/p>\n<p class=\"\" data-start=\"1247\" data-end=\"1641\">Saisi par la douane apr\u00e8s avoir \u00e9t\u00e9 identifi\u00e9 sur le march\u00e9 de l\u2019art en 2018, ce sou d\u2019or avait probablement \u00e9t\u00e9 d\u00e9couvert lors d\u2019une fouille illicite non d\u00e9clar\u00e9e. Apr\u00e8s une proc\u00e9dure judiciaire aboutissant \u00e0 sa confiscation d\u00e9finitive en avril 2024, il rejoint d\u00e9sormais les collections prestigieuses de la BnF, enrichissant ainsi un fonds de r\u00e9f\u00e9rence sur la monnaie carolingienne.<\/p>\n<p class=\"\" data-start=\"1643\" data-end=\"1921\">Son \u00e9tat de conservation remarquable en fait un t\u00e9moignage pr\u00e9cieux de l\u2019histoire mon\u00e9taire sous l\u2019empire de Charlemagne. Sur son avers, on distingue un monogramme carolin, tandis que son revers affiche le nom de l\u2019atelier mon\u00e9taire, \u00ab\u00a0VCE-CIV\u00a0\u00bb, en deux lignes.<\/p>\n<h3 data-start=\"1923\" data-end=\"1969\"><strong data-start=\"1926\" data-end=\"1967\">Une mappemonde unique du XVIIe si\u00e8cle<\/strong><\/h3>\n<p class=\"\" data-start=\"1971\" data-end=\"2341\">Autre pi\u00e8ce ma\u00eetresse de cette restitution : une mappemonde murale imprim\u00e9e \u00e0 Paris vers 1660, saisie en 2007 apr\u00e8s avoir \u00e9t\u00e9 export\u00e9e illicitement d\u2019une collection fran\u00e7aise vers l\u2019Allemagne. Restaur\u00e9e et d\u00e9sormais num\u00e9ris\u00e9e sur Gallica, cette carte est extr\u00eamement rare : seuls quatre autres exemplaires sont r\u00e9pertori\u00e9s, dont trois \u00e0 l\u2019\u00e9tranger.<\/p>\n<p class=\"\" data-start=\"2343\" data-end=\"2781\">Il s\u2019agit de la deuxi\u00e8me carte murale du monde publi\u00e9e en France, apr\u00e8s celle de Guillaume Postel en 1581. Son auteur reste inconnu, mais elle a \u00e9t\u00e9 \u00e9dit\u00e9e par le marchand d\u2019estampes Fran\u00e7ois Jollain et compl\u00e9t\u00e9e d\u2019une \u00ab\u00a0Description g\u00e9ographique du globe terrestre\u00a0\u00bb par le g\u00e9ographe du roi, Pierre Duval. Son retour en France permet ainsi de pr\u00e9server une \u0153uvre cartographique d\u2019une valeur historique inestimable.<\/p>\n<h3><strong data-start=\"2786\" data-end=\"2845\">La douane, un acteur cl\u00e9 de la protection du patrimoine<\/strong><\/h3>\n<p class=\"\" data-start=\"2849\" data-end=\"3268\">Ces saisies sont le fruit des enqu\u00eates approfondies men\u00e9es par la DNRED, le service de renseignement de la douane, sp\u00e9cialis\u00e9 dans la lutte contre le trafic de biens culturels. En 2024, la douane fran\u00e7aise a recens\u00e9 60 infractions li\u00e9es \u00e0 ce type de trafic, aboutissant \u00e0 la saisie de 22 125 objets. Parmi eux, des pi\u00e8ces arch\u00e9ologiques antiques, des \u0153uvres d\u2019art et des documents historiques.<\/p>\n<p class=\"\" data-start=\"3270\" data-end=\"3616\">Cette remise officielle illustre l\u2019efficacit\u00e9 de la coop\u00e9ration entre les services douaniers et les institutions culturelles, notamment la BnF, les mus\u00e9es nationaux et les services patrimoniaux de l\u2019\u00c9tat. Elle souligne \u00e9galement l\u2019importance de la vigilance face aux trafics ill\u00e9gaux, qui menacent la pr\u00e9servation du patrimoine mondial.<\/p>\n<p class=\"\" data-start=\"3618\" data-end=\"3809\">Gr\u00e2ce \u00e0 cette collaboration, ces tr\u00e9sors nationaux retrouvent leur place l\u00e9gitime, accessibles aux chercheurs et au grand public, assurant ainsi leur transmission aux g\u00e9n\u00e9rations futures.<\/p>\n\n\t\t<style type=\"text\/css\">\n\t\t\t#gallery-1 {\n\t\t\t\tmargin: auto;\n\t\t\t}\n\t\t\t#gallery-1 .gallery-item {\n\t\t\t\tfloat: left;\n\t\t\t\tmargin-top: 10px;\n\t\t\t\ttext-align: center;\n\t\t\t\twidth: 33%;\n\t\t\t}\n\t\t\t#gallery-1 img {\n\t\t\t\tborder: 2px solid #cfcfcf;\n\t\t\t}\n\t\t\t#gallery-1 .gallery-caption {\n\t\t\t\tmargin-left: 0;\n\t\t\t}\n\t\t\t\/* see gallery_shortcode() in wp-includes\/media.php *\/\n\t\t<\/style>\n\t\t<div id='gallery-1' class='gallery galleryid-130488 gallery-columns-3 gallery-size-large'><dl class='gallery-item'>\n\t\t\t<dt class='gallery-icon landscape'>\n\t\t\t\t<a href='https:\/\/vosgesinfo.fr\/app\/uploads\/sites\/3\/2025\/04\/165465.jpg'><img decoding=\"async\" width=\"615\" height=\"402\" src=\"https:\/\/vosgesinfo.fr\/app\/uploads\/sites\/3\/2025\/04\/165465.jpg\" class=\"attachment-large size-large\" alt=\"\" srcset=\"https:\/\/vosgesinfo.fr\/app\/uploads\/sites\/3\/2025\/04\/165465.jpg 615w, https:\/\/vosgesinfo.fr\/app\/uploads\/sites\/3\/2025\/04\/165465-300x196.jpg 300w\" sizes=\"(max-width: 615px) 100vw, 615px\" \/><\/a>\n\t\t\t<\/dt><\/dl><dl class='gallery-item'>\n\t\t\t<dt class='gallery-icon landscape'>\n\t\t\t\t<a href='https:\/\/vosgesinfo.fr\/app\/uploads\/sites\/3\/2025\/04\/3453641.jpg'><img decoding=\"async\" width=\"1024\" height=\"449\" src=\"https:\/\/vosgesinfo.fr\/app\/uploads\/sites\/3\/2025\/04\/3453641-1024x449.jpg\" class=\"attachment-large size-large\" alt=\"\" srcset=\"https:\/\/vosgesinfo.fr\/app\/uploads\/sites\/3\/2025\/04\/3453641-1024x449.jpg 1024w, https:\/\/vosgesinfo.fr\/app\/uploads\/sites\/3\/2025\/04\/3453641-300x131.jpg 300w, https:\/\/vosgesinfo.fr\/app\/uploads\/sites\/3\/2025\/04\/3453641-768x337.jpg 768w, https:\/\/vosgesinfo.fr\/app\/uploads\/sites\/3\/2025\/04\/3453641.jpg 1070w\" sizes=\"(max-width: 1024px) 100vw, 1024px\" \/><\/a>\n\t\t\t<\/dt><\/dl>\n\t\t\t<br style='clear: both' \/>\n\t\t<\/div>\n\n","protected":false},"excerpt":{"rendered":"<p>Le 1er avril 2025, la Biblioth\u00e8que nationale de France (BnF) a officiellement re\u00e7u deux pi\u00e8ces historiques d\u2019exception : un sou [&hellip;]<\/p>\n","protected":false},"author":52,"featured_media":130489,"comment_status":"open","ping_status":"open","sticky":false,"template":"","format":"standard","meta":{"footnotes":""},"categories":[22,24,5],"tags":[16382,16383,16384,16385],"class_list":["post-130488","post","type-post","status-publish","format-standard","has-post-thumbnail","hentry","category-a-la-une","category-epinal","category-vosges","tag-bibliotheque-nationale-de-france-bnf","tag-douane","tag-un-sou-dor-de-charlemagne","tag-une-mappemonde-murale-du-xviie-siecle"],"acf":[],"yoast_head":"<!-- This site is optimized with the Yoast SEO plugin v22.5 - https:\/\/yoast.com\/wordpress\/plugins\/seo\/ -->\n<title>Un sou d\u2019or de Charlemagne et une mappemonde du XVIIe si\u00e8cle remis \u00e0 la BnF par la douane - Epinal Info<\/title>\n<meta name=\"robots\" content=\"index, follow, max-snippet:-1, max-image-preview:large, max-video-preview:-1\" \/>\n<link rel=\"canonical\" href=\"https:\/\/vosgesinfo.fr\/epinalinfo\/2025\/04\/un-sou-dor-de-charlemagne-et-une-mappemonde-du-xviie-siecle-remis-a-la-bnf-par-la-douane\/\" \/>\n<meta name=\"twitter:card\" content=\"summary_large_image\" \/>\n<meta name=\"twitter:title\" content=\"Un sou d\u2019or de Charlemagne et une mappemonde du XVIIe si\u00e8cle remis \u00e0 la BnF par la douane - Epinal Info\" \/>\n<meta name=\"twitter:description\" content=\"Le 1er avril 2025, la Biblioth\u00e8que nationale de France (BnF) a officiellement re\u00e7u deux pi\u00e8ces historiques d\u2019exception : un sou [&hellip;]\" \/>\n<meta name=\"twitter:image\" content=\"https:\/\/vosgesinfo.fr\/app\/uploads\/sites\/3\/2025\/04\/26573.jpg\" \/>\n<meta name=\"twitter:creator\" content=\"@VosgesInfo88\" \/>\n<meta name=\"twitter:site\" content=\"@VosgesInfo88\" \/>\n<meta name=\"twitter:label1\" content=\"\u00c9crit par\" \/>\n\t<meta name=\"twitter:data1\" content=\"C.K.\" \/>\n\t<meta name=\"twitter:label2\" content=\"Dur\u00e9e de lecture estim\u00e9e\" \/>\n\t<meta name=\"twitter:data2\" content=\"3 minutes\" \/>\n<script type=\"application\/ld+json\" class=\"yoast-schema-graph\">{\"@context\":\"https:\/\/schema.org\",\"@graph\":[{\"@type\":\"Article\",\"@id\":\"https:\/\/vosgesinfo.fr\/epinalinfo\/2025\/04\/un-sou-dor-de-charlemagne-et-une-mappemonde-du-xviie-siecle-remis-a-la-bnf-par-la-douane\/#article\",\"isPartOf\":{\"@id\":\"https:\/\/vosgesinfo.fr\/epinalinfo\/2025\/04\/un-sou-dor-de-charlemagne-et-une-mappemonde-du-xviie-siecle-remis-a-la-bnf-par-la-douane\/\"},\"author\":{\"name\":\"C.K.\",\"@id\":\"https:\/\/vosgesinfo.fr\/epinalinfo\/#\/schema\/person\/6f9a650eeea99d969b6c4ab78fccbe81\"},\"headline\":\"Un sou d\u2019or de Charlemagne et une mappemonde du XVIIe si\u00e8cle remis \u00e0 la BnF par la douane\",\"datePublished\":\"2025-04-03T07:15:39+00:00\",\"dateModified\":\"2025-04-03T07:02:50+00:00\",\"mainEntityOfPage\":{\"@id\":\"https:\/\/vosgesinfo.fr\/epinalinfo\/2025\/04\/un-sou-dor-de-charlemagne-et-une-mappemonde-du-xviie-siecle-remis-a-la-bnf-par-la-douane\/\"},\"wordCount\":592,\"commentCount\":0,\"publisher\":{\"@id\":\"https:\/\/vosgesinfo.fr\/epinalinfo\/#organization\"},\"image\":{\"@id\":\"https:\/\/vosgesinfo.fr\/epinalinfo\/2025\/04\/un-sou-dor-de-charlemagne-et-une-mappemonde-du-xviie-siecle-remis-a-la-bnf-par-la-douane\/#primaryimage\"},\"thumbnailUrl\":\"https:\/\/vosgesinfo.fr\/app\/uploads\/sites\/3\/2025\/04\/26573.jpg\",\"keywords\":[\"Biblioth\u00e8que nationale de France (BnF)\",\"douane\",\"un sou d\u2019or de Charlemagne\",\"une mappemonde murale du XVIIe si\u00e8cle\"],\"articleSection\":[\"A la Une\",\"Epinal\",\"Vosges\"],\"inLanguage\":\"fr-FR\",\"potentialAction\":[{\"@type\":\"CommentAction\",\"name\":\"Comment\",\"target\":[\"https:\/\/vosgesinfo.fr\/epinalinfo\/2025\/04\/un-sou-dor-de-charlemagne-et-une-mappemonde-du-xviie-siecle-remis-a-la-bnf-par-la-douane\/#respond\"]}]},{\"@type\":\"WebPage\",\"@id\":\"https:\/\/vosgesinfo.fr\/epinalinfo\/2025\/04\/un-sou-dor-de-charlemagne-et-une-mappemonde-du-xviie-siecle-remis-a-la-bnf-par-la-douane\/\",\"url\":\"https:\/\/vosgesinfo.fr\/epinalinfo\/2025\/04\/un-sou-dor-de-charlemagne-et-une-mappemonde-du-xviie-siecle-remis-a-la-bnf-par-la-douane\/\",\"name\":\"Un sou d\u2019or de Charlemagne et une mappemonde du XVIIe si\u00e8cle remis \u00e0 la BnF par la douane - Epinal Info\",\"isPartOf\":{\"@id\":\"https:\/\/vosgesinfo.fr\/epinalinfo\/#website\"},\"primaryImageOfPage\":{\"@id\":\"https:\/\/vosgesinfo.fr\/epinalinfo\/2025\/04\/un-sou-dor-de-charlemagne-et-une-mappemonde-du-xviie-siecle-remis-a-la-bnf-par-la-douane\/#primaryimage\"},\"image\":{\"@id\":\"https:\/\/vosgesinfo.fr\/epinalinfo\/2025\/04\/un-sou-dor-de-charlemagne-et-une-mappemonde-du-xviie-siecle-remis-a-la-bnf-par-la-douane\/#primaryimage\"},\"thumbnailUrl\":\"https:\/\/vosgesinfo.fr\/app\/uploads\/sites\/3\/2025\/04\/26573.jpg\",\"datePublished\":\"2025-04-03T07:15:39+00:00\",\"dateModified\":\"2025-04-03T07:02:50+00:00\",\"breadcrumb\":{\"@id\":\"https:\/\/vosgesinfo.fr\/epinalinfo\/2025\/04\/un-sou-dor-de-charlemagne-et-une-mappemonde-du-xviie-siecle-remis-a-la-bnf-par-la-douane\/#breadcrumb\"},\"inLanguage\":\"fr-FR\",\"potentialAction\":[{\"@type\":\"ReadAction\",\"target\":[\"https:\/\/vosgesinfo.fr\/epinalinfo\/2025\/04\/un-sou-dor-de-charlemagne-et-une-mappemonde-du-xviie-siecle-remis-a-la-bnf-par-la-douane\/\"]}]},{\"@type\":\"ImageObject\",\"inLanguage\":\"fr-FR\",\"@id\":\"https:\/\/vosgesinfo.fr\/epinalinfo\/2025\/04\/un-sou-dor-de-charlemagne-et-une-mappemonde-du-xviie-siecle-remis-a-la-bnf-par-la-douane\/#primaryimage\",\"url\":\"https:\/\/vosgesinfo.fr\/app\/uploads\/sites\/3\/2025\/04\/26573.jpg\",\"contentUrl\":\"https:\/\/vosgesinfo.fr\/app\/uploads\/sites\/3\/2025\/04\/26573.jpg\",\"width\":603,\"height\":406,\"caption\":\"photos Service de presse de la douane\"},{\"@type\":\"BreadcrumbList\",\"@id\":\"https:\/\/vosgesinfo.fr\/epinalinfo\/2025\/04\/un-sou-dor-de-charlemagne-et-une-mappemonde-du-xviie-siecle-remis-a-la-bnf-par-la-douane\/#breadcrumb\",\"itemListElement\":[{\"@type\":\"ListItem\",\"position\":1,\"name\":\"Home\",\"item\":\"https:\/\/vosgesinfo.fr\/epinalinfo\/\"},{\"@type\":\"ListItem\",\"position\":2,\"name\":\"Un sou d\u2019or de Charlemagne et une mappemonde du XVIIe si\u00e8cle remis \u00e0 la BnF par la douane\"}]},{\"@type\":\"WebSite\",\"@id\":\"https:\/\/vosgesinfo.fr\/epinalinfo\/#website\",\"url\":\"https:\/\/vosgesinfo.fr\/epinalinfo\/\",\"name\":\"Epinal Info\",\"description\":\"Toute l&#039;actualit\u00e9 d&#039;\u00c9pinal\",\"publisher\":{\"@id\":\"https:\/\/vosgesinfo.fr\/epinalinfo\/#organization\"},\"alternateName\":\"Toute l'actualit\u00e9 d'\u00c9pinal\",\"potentialAction\":[{\"@type\":\"SearchAction\",\"target\":{\"@type\":\"EntryPoint\",\"urlTemplate\":\"https:\/\/vosgesinfo.fr\/epinalinfo\/?s={search_term_string}\"},\"query-input\":\"required name=search_term_string\"}],\"inLanguage\":\"fr-FR\"},{\"@type\":\"Organization\",\"@id\":\"https:\/\/vosgesinfo.fr\/epinalinfo\/#organization\",\"name\":\"Epinal Info\",\"url\":\"https:\/\/vosgesinfo.fr\/epinalinfo\/\",\"logo\":{\"@type\":\"ImageObject\",\"inLanguage\":\"fr-FR\",\"@id\":\"https:\/\/vosgesinfo.fr\/epinalinfo\/#\/schema\/logo\/image\/\",\"url\":\"https:\/\/vosgesinfo.fr\/app\/uploads\/sites\/3\/2023\/08\/logo-epinalinfos.svg\",\"contentUrl\":\"https:\/\/vosgesinfo.fr\/app\/uploads\/sites\/3\/2023\/08\/logo-epinalinfos.svg\",\"width\":1,\"height\":1,\"caption\":\"Epinal Info\"},\"image\":{\"@id\":\"https:\/\/vosgesinfo.fr\/epinalinfo\/#\/schema\/logo\/image\/\"},\"sameAs\":[\"https:\/\/www.facebook.com\/Epinalinfos\",\"https:\/\/x.com\/VosgesInfo88\",\"https:\/\/www.youtube.com\/@vosgesinfo\"]},{\"@type\":\"Person\",\"@id\":\"https:\/\/vosgesinfo.fr\/epinalinfo\/#\/schema\/person\/6f9a650eeea99d969b6c4ab78fccbe81\",\"name\":\"C.K.\",\"image\":{\"@type\":\"ImageObject\",\"inLanguage\":\"fr-FR\",\"@id\":\"https:\/\/vosgesinfo.fr\/epinalinfo\/#\/schema\/person\/image\/\",\"url\":\"https:\/\/secure.gravatar.com\/avatar\/48e3fc7f8421ba8942be6b74a2b7f014ca39bc00dece156b7a8e098ae7dc87bf?s=96&d=mm&r=g\",\"contentUrl\":\"https:\/\/secure.gravatar.com\/avatar\/48e3fc7f8421ba8942be6b74a2b7f014ca39bc00dece156b7a8e098ae7dc87bf?s=96&d=mm&r=g\",\"caption\":\"C.K.\"},\"url\":\"https:\/\/vosgesinfo.fr\/epinalinfo\/author\/celia-k-n\/\"}]}<\/script>\n<!-- \/ Yoast SEO plugin. -->","yoast_head_json":{"title":"Un sou d\u2019or de Charlemagne et une mappemonde du XVIIe si\u00e8cle remis \u00e0 la BnF par la douane - Epinal Info","robots":{"index":"index","follow":"follow","max-snippet":"max-snippet:-1","max-image-preview":"max-image-preview:large","max-video-preview":"max-video-preview:-1"},"canonical":"https:\/\/vosgesinfo.fr\/epinalinfo\/2025\/04\/un-sou-dor-de-charlemagne-et-une-mappemonde-du-xviie-siecle-remis-a-la-bnf-par-la-douane\/","twitter_card":"summary_large_image","twitter_title":"Un sou d\u2019or de Charlemagne et une mappemonde du XVIIe si\u00e8cle remis \u00e0 la BnF par la douane - Epinal Info","twitter_description":"Le 1er avril 2025, la Biblioth\u00e8que nationale de France (BnF) a officiellement re\u00e7u deux pi\u00e8ces historiques d\u2019exception : un sou [&hellip;]","twitter_image":"https:\/\/vosgesinfo.fr\/app\/uploads\/sites\/3\/2025\/04\/26573.jpg","twitter_creator":"@VosgesInfo88","twitter_site":"@VosgesInfo88","twitter_misc":{"\u00c9crit par":"C.K.","Dur\u00e9e de lecture estim\u00e9e":"3 minutes"},"schema":{"@context":"https:\/\/schema.org","@graph":[{"@type":"Article","@id":"https:\/\/vosgesinfo.fr\/epinalinfo\/2025\/04\/un-sou-dor-de-charlemagne-et-une-mappemonde-du-xviie-siecle-remis-a-la-bnf-par-la-douane\/#article","isPartOf":{"@id":"https:\/\/vosgesinfo.fr\/epinalinfo\/2025\/04\/un-sou-dor-de-charlemagne-et-une-mappemonde-du-xviie-siecle-remis-a-la-bnf-par-la-douane\/"},"author":{"name":"C.K.","@id":"https:\/\/vosgesinfo.fr\/epinalinfo\/#\/schema\/person\/6f9a650eeea99d969b6c4ab78fccbe81"},"headline":"Un sou d\u2019or de Charlemagne et une mappemonde du XVIIe si\u00e8cle remis \u00e0 la BnF par la douane","datePublished":"2025-04-03T07:15:39+00:00","dateModified":"2025-04-03T07:02:50+00:00","mainEntityOfPage":{"@id":"https:\/\/vosgesinfo.fr\/epinalinfo\/2025\/04\/un-sou-dor-de-charlemagne-et-une-mappemonde-du-xviie-siecle-remis-a-la-bnf-par-la-douane\/"},"wordCount":592,"commentCount":0,"publisher":{"@id":"https:\/\/vosgesinfo.fr\/epinalinfo\/#organization"},"image":{"@id":"https:\/\/vosgesinfo.fr\/epinalinfo\/2025\/04\/un-sou-dor-de-charlemagne-et-une-mappemonde-du-xviie-siecle-remis-a-la-bnf-par-la-douane\/#primaryimage"},"thumbnailUrl":"https:\/\/vosgesinfo.fr\/app\/uploads\/sites\/3\/2025\/04\/26573.jpg","keywords":["Biblioth\u00e8que nationale de France (BnF)","douane","un sou d\u2019or de Charlemagne","une mappemonde murale du XVIIe si\u00e8cle"],"articleSection":["A la Une","Epinal","Vosges"],"inLanguage":"fr-FR","potentialAction":[{"@type":"CommentAction","name":"Comment","target":["https:\/\/vosgesinfo.fr\/epinalinfo\/2025\/04\/un-sou-dor-de-charlemagne-et-une-mappemonde-du-xviie-siecle-remis-a-la-bnf-par-la-douane\/#respond"]}]},{"@type":"WebPage","@id":"https:\/\/vosgesinfo.fr\/epinalinfo\/2025\/04\/un-sou-dor-de-charlemagne-et-une-mappemonde-du-xviie-siecle-remis-a-la-bnf-par-la-douane\/","url":"https:\/\/vosgesinfo.fr\/epinalinfo\/2025\/04\/un-sou-dor-de-charlemagne-et-une-mappemonde-du-xviie-siecle-remis-a-la-bnf-par-la-douane\/","name":"Un sou d\u2019or de Charlemagne et une mappemonde du XVIIe si\u00e8cle remis \u00e0 la BnF par la douane - Epinal Info","isPartOf":{"@id":"https:\/\/vosgesinfo.fr\/epinalinfo\/#website"},"primaryImageOfPage":{"@id":"https:\/\/vosgesinfo.fr\/epinalinfo\/2025\/04\/un-sou-dor-de-charlemagne-et-une-mappemonde-du-xviie-siecle-remis-a-la-bnf-par-la-douane\/#primaryimage"},"image":{"@id":"https:\/\/vosgesinfo.fr\/epinalinfo\/2025\/04\/un-sou-dor-de-charlemagne-et-une-mappemonde-du-xviie-siecle-remis-a-la-bnf-par-la-douane\/#primaryimage"},"thumbnailUrl":"https:\/\/vosgesinfo.fr\/app\/uploads\/sites\/3\/2025\/04\/26573.jpg","datePublished":"2025-04-03T07:15:39+00:00","dateModified":"2025-04-03T07:02:50+00:00","breadcrumb":{"@id":"https:\/\/vosgesinfo.fr\/epinalinfo\/2025\/04\/un-sou-dor-de-charlemagne-et-une-mappemonde-du-xviie-siecle-remis-a-la-bnf-par-la-douane\/#breadcrumb"},"inLanguage":"fr-FR","potentialAction":[{"@type":"ReadAction","target":["https:\/\/vosgesinfo.fr\/epinalinfo\/2025\/04\/un-sou-dor-de-charlemagne-et-une-mappemonde-du-xviie-siecle-remis-a-la-bnf-par-la-douane\/"]}]},{"@type":"ImageObject","inLanguage":"fr-FR","@id":"https:\/\/vosgesinfo.fr\/epinalinfo\/2025\/04\/un-sou-dor-de-charlemagne-et-une-mappemonde-du-xviie-siecle-remis-a-la-bnf-par-la-douane\/#primaryimage","url":"https:\/\/vosgesinfo.fr\/app\/uploads\/sites\/3\/2025\/04\/26573.jpg","contentUrl":"https:\/\/vosgesinfo.fr\/app\/uploads\/sites\/3\/2025\/04\/26573.jpg","width":603,"height":406,"caption":"photos Service de presse de la douane"},{"@type":"BreadcrumbList","@id":"https:\/\/vosgesinfo.fr\/epinalinfo\/2025\/04\/un-sou-dor-de-charlemagne-et-une-mappemonde-du-xviie-siecle-remis-a-la-bnf-par-la-douane\/#breadcrumb","itemListElement":[{"@type":"ListItem","position":1,"name":"Home","item":"https:\/\/vosgesinfo.fr\/epinalinfo\/"},{"@type":"ListItem","position":2,"name":"Un sou d\u2019or de Charlemagne et une mappemonde du XVIIe si\u00e8cle remis \u00e0 la BnF par la douane"}]},{"@type":"WebSite","@id":"https:\/\/vosgesinfo.fr\/epinalinfo\/#website","url":"https:\/\/vosgesinfo.fr\/epinalinfo\/","name":"Epinal Info","description":"Toute l&#039;actualit\u00e9 d&#039;\u00c9pinal","publisher":{"@id":"https:\/\/vosgesinfo.fr\/epinalinfo\/#organization"},"alternateName":"Toute l'actualit\u00e9 d'\u00c9pinal","potentialAction":[{"@type":"SearchAction","target":{"@type":"EntryPoint","urlTemplate":"https:\/\/vosgesinfo.fr\/epinalinfo\/?s={search_term_string}"},"query-input":"required name=search_term_string"}],"inLanguage":"fr-FR"},{"@type":"Organization","@id":"https:\/\/vosgesinfo.fr\/epinalinfo\/#organization","name":"Epinal Info","url":"https:\/\/vosgesinfo.fr\/epinalinfo\/","logo":{"@type":"ImageObject","inLanguage":"fr-FR","@id":"https:\/\/vosgesinfo.fr\/epinalinfo\/#\/schema\/logo\/image\/","url":"https:\/\/vosgesinfo.fr\/app\/uploads\/sites\/3\/2023\/08\/logo-epinalinfos.svg","contentUrl":"https:\/\/vosgesinfo.fr\/app\/uploads\/sites\/3\/2023\/08\/logo-epinalinfos.svg","width":1,"height":1,"caption":"Epinal Info"},"image":{"@id":"https:\/\/vosgesinfo.fr\/epinalinfo\/#\/schema\/logo\/image\/"},"sameAs":["https:\/\/www.facebook.com\/Epinalinfos","https:\/\/x.com\/VosgesInfo88","https:\/\/www.youtube.com\/@vosgesinfo"]},{"@type":"Person","@id":"https:\/\/vosgesinfo.fr\/epinalinfo\/#\/schema\/person\/6f9a650eeea99d969b6c4ab78fccbe81","name":"C.K.","image":{"@type":"ImageObject","inLanguage":"fr-FR","@id":"https:\/\/vosgesinfo.fr\/epinalinfo\/#\/schema\/person\/image\/","url":"https:\/\/secure.gravatar.com\/avatar\/48e3fc7f8421ba8942be6b74a2b7f014ca39bc00dece156b7a8e098ae7dc87bf?s=96&d=mm&r=g","contentUrl":"https:\/\/secure.gravatar.com\/avatar\/48e3fc7f8421ba8942be6b74a2b7f014ca39bc00dece156b7a8e098ae7dc87bf?s=96&d=mm&r=g","caption":"C.K."},"url":"https:\/\/vosgesinfo.fr\/epinalinfo\/author\/celia-k-n\/"}]}},"_links":{"self":[{"href":"https:\/\/vosgesinfo.fr\/epinalinfo\/wp-json\/wp\/v2\/posts\/130488","targetHints":{"allow":["GET"]}}],"collection":[{"href":"https:\/\/vosgesinfo.fr\/epinalinfo\/wp-json\/wp\/v2\/posts"}],"about":[{"href":"https:\/\/vosgesinfo.fr\/epinalinfo\/wp-json\/wp\/v2\/types\/post"}],"author":[{"embeddable":true,"href":"https:\/\/vosgesinfo.fr\/epinalinfo\/wp-json\/wp\/v2\/users\/52"}],"replies":[{"embeddable":true,"href":"https:\/\/vosgesinfo.fr\/epinalinfo\/wp-json\/wp\/v2\/comments?post=130488"}],"version-history":[{"count":1,"href":"https:\/\/vosgesinfo.fr\/epinalinfo\/wp-json\/wp\/v2\/posts\/130488\/revisions"}],"predecessor-version":[{"id":130492,"href":"https:\/\/vosgesinfo.fr\/epinalinfo\/wp-json\/wp\/v2\/posts\/130488\/revisions\/130492"}],"wp:featuredmedia":[{"embeddable":true,"href":"https:\/\/vosgesinfo.fr\/epinalinfo\/wp-json\/wp\/v2\/media\/130489"}],"wp:attachment":[{"href":"https:\/\/vosgesinfo.fr\/epinalinfo\/wp-json\/wp\/v2\/media?parent=130488"}],"wp:term":[{"taxonomy":"category","embeddable":true,"href":"https:\/\/vosgesinfo.fr\/epinalinfo\/wp-json\/wp\/v2\/categories?post=130488"},{"taxonomy":"post_tag","embeddable":true,"href":"https:\/\/vosgesinfo.fr\/epinalinfo\/wp-json\/wp\/v2\/tags?post=130488"}],"curies":[{"name":"wp","href":"https:\/\/api.w.org\/{rel}","templated":true}]}}