{"id":130493,"date":"2025-04-03T09:20:15","date_gmt":"2025-04-03T07:20:15","guid":{"rendered":"https:\/\/vosgesinfo.fr\/epinalinfo\/?p=130493"},"modified":"2025-04-03T09:07:18","modified_gmt":"2025-04-03T07:07:18","slug":"les-crapaudromes-un-outil-pedagogique-pour-sensibiliser-les-enfants-a-la-biodiversite","status":"publish","type":"post","link":"https:\/\/vosgesinfo.fr\/epinalinfo\/2025\/04\/les-crapaudromes-un-outil-pedagogique-pour-sensibiliser-les-enfants-a-la-biodiversite\/","title":{"rendered":"Les crapaudromes, un outil p\u00e9dagogique pour sensibiliser les enfants \u00e0 la biodiversit\u00e9"},"content":{"rendered":"<div id=\"attachment_130494\" style=\"width: 1546px\" class=\"wp-caption aligncenter\"><a href=\"https:\/\/vosgesinfo.fr\/app\/uploads\/sites\/3\/2025\/04\/crapaudromes.jpg\"><img decoding=\"async\" aria-describedby=\"caption-attachment-130494\" class=\"size-full wp-image-130494\" src=\"https:\/\/vosgesinfo.fr\/app\/uploads\/sites\/3\/2025\/04\/crapaudromes.jpg\" alt=\"\" width=\"1536\" height=\"1536\" srcset=\"https:\/\/vosgesinfo.fr\/app\/uploads\/sites\/3\/2025\/04\/crapaudromes.jpg 1536w, https:\/\/vosgesinfo.fr\/app\/uploads\/sites\/3\/2025\/04\/crapaudromes-300x300.jpg 300w, https:\/\/vosgesinfo.fr\/app\/uploads\/sites\/3\/2025\/04\/crapaudromes-1024x1024.jpg 1024w, https:\/\/vosgesinfo.fr\/app\/uploads\/sites\/3\/2025\/04\/crapaudromes-150x150.jpg 150w, https:\/\/vosgesinfo.fr\/app\/uploads\/sites\/3\/2025\/04\/crapaudromes-768x768.jpg 768w\" sizes=\"(max-width: 1536px) 100vw, 1536px\" \/><\/a><p id=\"caption-attachment-130494\" class=\"wp-caption-text\">photo Communaut\u00e9 de Communes de Bruy\u00e8res, Vallons des Vosges<\/p><\/div>\n<h2 data-start=\"428\" data-end=\"949\"><strong>Cette ann\u00e9e, les crapaudromes ont \u00e9t\u00e9 bien plus que de simples passages prot\u00e9g\u00e9s pour les amphibiens : ils sont devenus de v\u00e9ritables lieux d\u2019apprentissage et de sensibilisation pour les jeunes g\u00e9n\u00e9rations. Quatre \u00e9coles \u2013 celles de Fr\u00e9mifontaine, Pierrepont-sur-l&rsquo;Arent\u00e8le, Destord et Saint-H\u00e9l\u00e8ne \u2013 ont eu l\u2019opportunit\u00e9 de venir d\u00e9couvrir ces dispositifs, permettant aux \u00e9l\u00e8ves de mieux comprendre les enjeux li\u00e9s \u00e0 la protection des amphibiens et aux dangers de la route pour la faune locale.<\/strong><\/h2>\n<h3 data-start=\"951\" data-end=\"999\"><strong data-start=\"954\" data-end=\"992\">Une immersion au c\u0153ur de la nature<\/strong><\/h3>\n<p class=\"\" data-start=\"1001\" data-end=\"1376\">Les crapaudromes, ces installations temporaires con\u00e7ues pour s\u00e9curiser la migration des amphibiens, ont offert aux enfants une exp\u00e9rience concr\u00e8te et enrichissante. Gr\u00e2ce \u00e0 des explications adapt\u00e9es, ils ont appris comment ces dispositifs permettent aux crapauds, grenouilles et tritons d\u2019atteindre leurs zones de reproduction sans risquer leur vie sur la chauss\u00e9e.<\/p>\n<p class=\"\" data-start=\"1378\" data-end=\"1637\">Sur place, certains \u00e9l\u00e8ves ont eu la chance d\u2019observer des amphibiens dans les seaux de r\u00e9cup\u00e9ration, tandis que d\u2019autres n\u2019en ont pas vu cette fois-ci. Mais c\u2019est aussi \u00e7a, la nature ! Elle est impr\u00e9visible et enseigne la patience et l\u2019observation.<\/p>\n<h3 data-start=\"1639\" data-end=\"1680\"><strong data-start=\"1642\" data-end=\"1678\">Sensibiliser pour mieux prot\u00e9ger<\/strong><\/h3>\n<p class=\"\" data-start=\"1682\" data-end=\"2151\">Au-del\u00e0 de la simple d\u00e9couverte, cette sortie a \u00e9t\u00e9 une v\u00e9ritable sensibilisation \u00e0 la biodiversit\u00e9 locale. Les enfants ont pris conscience que de nombreuses esp\u00e8ces vivent \u00e0 proximit\u00e9 de chez eux et qu\u2019elles sont directement menac\u00e9es par les infrastructures humaines.<\/p>\n<p class=\"\" data-start=\"1682\" data-end=\"2151\">Ils ont \u00e9galement compris que de simples gestes \u2013 comme respecter les zones prot\u00e9g\u00e9es ou participer aux actions locales \u2013 peuvent avoir un impact positif sur la pr\u00e9servation de la faune.<\/p>\n<h3 data-start=\"2153\" data-end=\"2191\"><strong data-start=\"2156\" data-end=\"2189\">Un apprentissage \u00e0 renouveler<\/strong><\/h3>\n<p class=\"\" data-start=\"2193\" data-end=\"2515\">Face au succ\u00e8s de cette initiative, l\u2019objectif est de poursuivre ces actions \u00e9ducatives et de faire des crapaudromes un rendez-vous annuel pour les \u00e9coles. Plus les jeunes g\u00e9n\u00e9rations seront inform\u00e9es, plus elles auront les outils pour prot\u00e9ger la nature et devenir des citoyens engag\u00e9s pour l\u2019environnement.<\/p>\n<p class=\"\" data-start=\"2517\" data-end=\"2735\">Gr\u00e2ce \u00e0 ces sorties sur le terrain, les enfants ont pu allier curiosit\u00e9, apprentissage et \u00e9merveillement, tout en contribuant \u00e0 une cause essentielle : la protection des esp\u00e8ces qui partagent notre territoire.<\/p>\n","protected":false},"excerpt":{"rendered":"<p>Cette ann\u00e9e, les crapaudromes ont \u00e9t\u00e9 bien plus que de simples passages prot\u00e9g\u00e9s pour les amphibiens : ils sont devenus [&hellip;]<\/p>\n","protected":false},"author":52,"featured_media":130494,"comment_status":"open","ping_status":"open","sticky":false,"template":"","format":"standard","meta":{"footnotes":""},"categories":[22,60,24],"tags":[1779,61,6084,449],"class_list":["post-130493","post","type-post","status-publish","format-standard","has-post-thumbnail","hentry","category-a-la-une","category-bruyeres","category-epinal","tag-biodiversite","tag-bruyeres","tag-crapaudromes","tag-ecologie"],"acf":[],"yoast_head":"<!-- This site is optimized with the Yoast SEO plugin v22.5 - https:\/\/yoast.com\/wordpress\/plugins\/seo\/ -->\n<title>Les crapaudromes, un outil p\u00e9dagogique pour sensibiliser les enfants \u00e0 la biodiversit\u00e9 - Epinal Info<\/title>\n<meta name=\"robots\" content=\"index, follow, max-snippet:-1, max-image-preview:large, max-video-preview:-1\" \/>\n<link rel=\"canonical\" href=\"https:\/\/vosgesinfo.fr\/epinalinfo\/2025\/04\/les-crapaudromes-un-outil-pedagogique-pour-sensibiliser-les-enfants-a-la-biodiversite\/\" \/>\n<meta name=\"twitter:card\" content=\"summary_large_image\" \/>\n<meta name=\"twitter:title\" content=\"Les crapaudromes, un outil p\u00e9dagogique pour sensibiliser les enfants \u00e0 la biodiversit\u00e9 - Epinal Info\" \/>\n<meta name=\"twitter:description\" content=\"Cette ann\u00e9e, les crapaudromes ont \u00e9t\u00e9 bien plus que de simples passages prot\u00e9g\u00e9s pour les amphibiens : ils sont devenus [&hellip;]\" \/>\n<meta name=\"twitter:image\" content=\"https:\/\/vosgesinfo.fr\/app\/uploads\/sites\/3\/2025\/04\/crapaudromes.jpg\" \/>\n<meta name=\"twitter:creator\" content=\"@VosgesInfo88\" \/>\n<meta name=\"twitter:site\" content=\"@VosgesInfo88\" \/>\n<meta name=\"twitter:label1\" content=\"\u00c9crit par\" \/>\n\t<meta name=\"twitter:data1\" content=\"C.K.\" \/>\n\t<meta name=\"twitter:label2\" content=\"Dur\u00e9e de lecture estim\u00e9e\" \/>\n\t<meta name=\"twitter:data2\" content=\"2 minutes\" \/>\n<script type=\"application\/ld+json\" class=\"yoast-schema-graph\">{\"@context\":\"https:\/\/schema.org\",\"@graph\":[{\"@type\":\"Article\",\"@id\":\"https:\/\/vosgesinfo.fr\/epinalinfo\/2025\/04\/les-crapaudromes-un-outil-pedagogique-pour-sensibiliser-les-enfants-a-la-biodiversite\/#article\",\"isPartOf\":{\"@id\":\"https:\/\/vosgesinfo.fr\/epinalinfo\/2025\/04\/les-crapaudromes-un-outil-pedagogique-pour-sensibiliser-les-enfants-a-la-biodiversite\/\"},\"author\":{\"name\":\"C.K.\",\"@id\":\"https:\/\/vosgesinfo.fr\/epinalinfo\/#\/schema\/person\/6f9a650eeea99d969b6c4ab78fccbe81\"},\"headline\":\"Les crapaudromes, un outil p\u00e9dagogique pour sensibiliser les enfants \u00e0 la biodiversit\u00e9\",\"datePublished\":\"2025-04-03T07:20:15+00:00\",\"dateModified\":\"2025-04-03T07:07:18+00:00\",\"mainEntityOfPage\":{\"@id\":\"https:\/\/vosgesinfo.fr\/epinalinfo\/2025\/04\/les-crapaudromes-un-outil-pedagogique-pour-sensibiliser-les-enfants-a-la-biodiversite\/\"},\"wordCount\":397,\"commentCount\":0,\"publisher\":{\"@id\":\"https:\/\/vosgesinfo.fr\/epinalinfo\/#organization\"},\"image\":{\"@id\":\"https:\/\/vosgesinfo.fr\/epinalinfo\/2025\/04\/les-crapaudromes-un-outil-pedagogique-pour-sensibiliser-les-enfants-a-la-biodiversite\/#primaryimage\"},\"thumbnailUrl\":\"https:\/\/vosgesinfo.fr\/app\/uploads\/sites\/3\/2025\/04\/crapaudromes.jpg\",\"keywords\":[\"biodiversit\u00e9\",\"Bruy\u00e8res\",\"Crapaudromes\",\"\u00e9cologie\"],\"articleSection\":[\"A la Une\",\"Bruy\u00e8res\",\"Epinal\"],\"inLanguage\":\"fr-FR\",\"potentialAction\":[{\"@type\":\"CommentAction\",\"name\":\"Comment\",\"target\":[\"https:\/\/vosgesinfo.fr\/epinalinfo\/2025\/04\/les-crapaudromes-un-outil-pedagogique-pour-sensibiliser-les-enfants-a-la-biodiversite\/#respond\"]}]},{\"@type\":\"WebPage\",\"@id\":\"https:\/\/vosgesinfo.fr\/epinalinfo\/2025\/04\/les-crapaudromes-un-outil-pedagogique-pour-sensibiliser-les-enfants-a-la-biodiversite\/\",\"url\":\"https:\/\/vosgesinfo.fr\/epinalinfo\/2025\/04\/les-crapaudromes-un-outil-pedagogique-pour-sensibiliser-les-enfants-a-la-biodiversite\/\",\"name\":\"Les crapaudromes, un outil p\u00e9dagogique pour sensibiliser les enfants \u00e0 la biodiversit\u00e9 - Epinal Info\",\"isPartOf\":{\"@id\":\"https:\/\/vosgesinfo.fr\/epinalinfo\/#website\"},\"primaryImageOfPage\":{\"@id\":\"https:\/\/vosgesinfo.fr\/epinalinfo\/2025\/04\/les-crapaudromes-un-outil-pedagogique-pour-sensibiliser-les-enfants-a-la-biodiversite\/#primaryimage\"},\"image\":{\"@id\":\"https:\/\/vosgesinfo.fr\/epinalinfo\/2025\/04\/les-crapaudromes-un-outil-pedagogique-pour-sensibiliser-les-enfants-a-la-biodiversite\/#primaryimage\"},\"thumbnailUrl\":\"https:\/\/vosgesinfo.fr\/app\/uploads\/sites\/3\/2025\/04\/crapaudromes.jpg\",\"datePublished\":\"2025-04-03T07:20:15+00:00\",\"dateModified\":\"2025-04-03T07:07:18+00:00\",\"breadcrumb\":{\"@id\":\"https:\/\/vosgesinfo.fr\/epinalinfo\/2025\/04\/les-crapaudromes-un-outil-pedagogique-pour-sensibiliser-les-enfants-a-la-biodiversite\/#breadcrumb\"},\"inLanguage\":\"fr-FR\",\"potentialAction\":[{\"@type\":\"ReadAction\",\"target\":[\"https:\/\/vosgesinfo.fr\/epinalinfo\/2025\/04\/les-crapaudromes-un-outil-pedagogique-pour-sensibiliser-les-enfants-a-la-biodiversite\/\"]}]},{\"@type\":\"ImageObject\",\"inLanguage\":\"fr-FR\",\"@id\":\"https:\/\/vosgesinfo.fr\/epinalinfo\/2025\/04\/les-crapaudromes-un-outil-pedagogique-pour-sensibiliser-les-enfants-a-la-biodiversite\/#primaryimage\",\"url\":\"https:\/\/vosgesinfo.fr\/app\/uploads\/sites\/3\/2025\/04\/crapaudromes.jpg\",\"contentUrl\":\"https:\/\/vosgesinfo.fr\/app\/uploads\/sites\/3\/2025\/04\/crapaudromes.jpg\",\"width\":1536,\"height\":1536,\"caption\":\"photo Communaut\u00e9 de Communes de Bruy\u00e8res, Vallons des Vosges\"},{\"@type\":\"BreadcrumbList\",\"@id\":\"https:\/\/vosgesinfo.fr\/epinalinfo\/2025\/04\/les-crapaudromes-un-outil-pedagogique-pour-sensibiliser-les-enfants-a-la-biodiversite\/#breadcrumb\",\"itemListElement\":[{\"@type\":\"ListItem\",\"position\":1,\"name\":\"Home\",\"item\":\"https:\/\/vosgesinfo.fr\/epinalinfo\/\"},{\"@type\":\"ListItem\",\"position\":2,\"name\":\"Les crapaudromes, un outil p\u00e9dagogique pour sensibiliser les enfants \u00e0 la biodiversit\u00e9\"}]},{\"@type\":\"WebSite\",\"@id\":\"https:\/\/vosgesinfo.fr\/epinalinfo\/#website\",\"url\":\"https:\/\/vosgesinfo.fr\/epinalinfo\/\",\"name\":\"Epinal Info\",\"description\":\"Toute l&#039;actualit\u00e9 d&#039;\u00c9pinal\",\"publisher\":{\"@id\":\"https:\/\/vosgesinfo.fr\/epinalinfo\/#organization\"},\"alternateName\":\"Toute l'actualit\u00e9 d'\u00c9pinal\",\"potentialAction\":[{\"@type\":\"SearchAction\",\"target\":{\"@type\":\"EntryPoint\",\"urlTemplate\":\"https:\/\/vosgesinfo.fr\/epinalinfo\/?s={search_term_string}\"},\"query-input\":\"required name=search_term_string\"}],\"inLanguage\":\"fr-FR\"},{\"@type\":\"Organization\",\"@id\":\"https:\/\/vosgesinfo.fr\/epinalinfo\/#organization\",\"name\":\"Epinal Info\",\"url\":\"https:\/\/vosgesinfo.fr\/epinalinfo\/\",\"logo\":{\"@type\":\"ImageObject\",\"inLanguage\":\"fr-FR\",\"@id\":\"https:\/\/vosgesinfo.fr\/epinalinfo\/#\/schema\/logo\/image\/\",\"url\":\"https:\/\/vosgesinfo.fr\/app\/uploads\/sites\/3\/2023\/08\/logo-epinalinfos.svg\",\"contentUrl\":\"https:\/\/vosgesinfo.fr\/app\/uploads\/sites\/3\/2023\/08\/logo-epinalinfos.svg\",\"width\":1,\"height\":1,\"caption\":\"Epinal Info\"},\"image\":{\"@id\":\"https:\/\/vosgesinfo.fr\/epinalinfo\/#\/schema\/logo\/image\/\"},\"sameAs\":[\"https:\/\/www.facebook.com\/Epinalinfos\",\"https:\/\/x.com\/VosgesInfo88\",\"https:\/\/www.youtube.com\/@vosgesinfo\"]},{\"@type\":\"Person\",\"@id\":\"https:\/\/vosgesinfo.fr\/epinalinfo\/#\/schema\/person\/6f9a650eeea99d969b6c4ab78fccbe81\",\"name\":\"C.K.\",\"image\":{\"@type\":\"ImageObject\",\"inLanguage\":\"fr-FR\",\"@id\":\"https:\/\/vosgesinfo.fr\/epinalinfo\/#\/schema\/person\/image\/\",\"url\":\"https:\/\/secure.gravatar.com\/avatar\/48e3fc7f8421ba8942be6b74a2b7f014ca39bc00dece156b7a8e098ae7dc87bf?s=96&d=mm&r=g\",\"contentUrl\":\"https:\/\/secure.gravatar.com\/avatar\/48e3fc7f8421ba8942be6b74a2b7f014ca39bc00dece156b7a8e098ae7dc87bf?s=96&d=mm&r=g\",\"caption\":\"C.K.\"},\"url\":\"https:\/\/vosgesinfo.fr\/epinalinfo\/author\/celia-k-n\/\"}]}<\/script>\n<!-- \/ Yoast SEO plugin. -->","yoast_head_json":{"title":"Les crapaudromes, un outil p\u00e9dagogique pour sensibiliser les enfants \u00e0 la biodiversit\u00e9 - Epinal Info","robots":{"index":"index","follow":"follow","max-snippet":"max-snippet:-1","max-image-preview":"max-image-preview:large","max-video-preview":"max-video-preview:-1"},"canonical":"https:\/\/vosgesinfo.fr\/epinalinfo\/2025\/04\/les-crapaudromes-un-outil-pedagogique-pour-sensibiliser-les-enfants-a-la-biodiversite\/","twitter_card":"summary_large_image","twitter_title":"Les crapaudromes, un outil p\u00e9dagogique pour sensibiliser les enfants \u00e0 la biodiversit\u00e9 - Epinal Info","twitter_description":"Cette ann\u00e9e, les crapaudromes ont \u00e9t\u00e9 bien plus que de simples passages prot\u00e9g\u00e9s pour les amphibiens : ils sont devenus [&hellip;]","twitter_image":"https:\/\/vosgesinfo.fr\/app\/uploads\/sites\/3\/2025\/04\/crapaudromes.jpg","twitter_creator":"@VosgesInfo88","twitter_site":"@VosgesInfo88","twitter_misc":{"\u00c9crit par":"C.K.","Dur\u00e9e de lecture estim\u00e9e":"2 minutes"},"schema":{"@context":"https:\/\/schema.org","@graph":[{"@type":"Article","@id":"https:\/\/vosgesinfo.fr\/epinalinfo\/2025\/04\/les-crapaudromes-un-outil-pedagogique-pour-sensibiliser-les-enfants-a-la-biodiversite\/#article","isPartOf":{"@id":"https:\/\/vosgesinfo.fr\/epinalinfo\/2025\/04\/les-crapaudromes-un-outil-pedagogique-pour-sensibiliser-les-enfants-a-la-biodiversite\/"},"author":{"name":"C.K.","@id":"https:\/\/vosgesinfo.fr\/epinalinfo\/#\/schema\/person\/6f9a650eeea99d969b6c4ab78fccbe81"},"headline":"Les crapaudromes, un outil p\u00e9dagogique pour sensibiliser les enfants \u00e0 la biodiversit\u00e9","datePublished":"2025-04-03T07:20:15+00:00","dateModified":"2025-04-03T07:07:18+00:00","mainEntityOfPage":{"@id":"https:\/\/vosgesinfo.fr\/epinalinfo\/2025\/04\/les-crapaudromes-un-outil-pedagogique-pour-sensibiliser-les-enfants-a-la-biodiversite\/"},"wordCount":397,"commentCount":0,"publisher":{"@id":"https:\/\/vosgesinfo.fr\/epinalinfo\/#organization"},"image":{"@id":"https:\/\/vosgesinfo.fr\/epinalinfo\/2025\/04\/les-crapaudromes-un-outil-pedagogique-pour-sensibiliser-les-enfants-a-la-biodiversite\/#primaryimage"},"thumbnailUrl":"https:\/\/vosgesinfo.fr\/app\/uploads\/sites\/3\/2025\/04\/crapaudromes.jpg","keywords":["biodiversit\u00e9","Bruy\u00e8res","Crapaudromes","\u00e9cologie"],"articleSection":["A la Une","Bruy\u00e8res","Epinal"],"inLanguage":"fr-FR","potentialAction":[{"@type":"CommentAction","name":"Comment","target":["https:\/\/vosgesinfo.fr\/epinalinfo\/2025\/04\/les-crapaudromes-un-outil-pedagogique-pour-sensibiliser-les-enfants-a-la-biodiversite\/#respond"]}]},{"@type":"WebPage","@id":"https:\/\/vosgesinfo.fr\/epinalinfo\/2025\/04\/les-crapaudromes-un-outil-pedagogique-pour-sensibiliser-les-enfants-a-la-biodiversite\/","url":"https:\/\/vosgesinfo.fr\/epinalinfo\/2025\/04\/les-crapaudromes-un-outil-pedagogique-pour-sensibiliser-les-enfants-a-la-biodiversite\/","name":"Les crapaudromes, un outil p\u00e9dagogique pour sensibiliser les enfants \u00e0 la biodiversit\u00e9 - Epinal Info","isPartOf":{"@id":"https:\/\/vosgesinfo.fr\/epinalinfo\/#website"},"primaryImageOfPage":{"@id":"https:\/\/vosgesinfo.fr\/epinalinfo\/2025\/04\/les-crapaudromes-un-outil-pedagogique-pour-sensibiliser-les-enfants-a-la-biodiversite\/#primaryimage"},"image":{"@id":"https:\/\/vosgesinfo.fr\/epinalinfo\/2025\/04\/les-crapaudromes-un-outil-pedagogique-pour-sensibiliser-les-enfants-a-la-biodiversite\/#primaryimage"},"thumbnailUrl":"https:\/\/vosgesinfo.fr\/app\/uploads\/sites\/3\/2025\/04\/crapaudromes.jpg","datePublished":"2025-04-03T07:20:15+00:00","dateModified":"2025-04-03T07:07:18+00:00","breadcrumb":{"@id":"https:\/\/vosgesinfo.fr\/epinalinfo\/2025\/04\/les-crapaudromes-un-outil-pedagogique-pour-sensibiliser-les-enfants-a-la-biodiversite\/#breadcrumb"},"inLanguage":"fr-FR","potentialAction":[{"@type":"ReadAction","target":["https:\/\/vosgesinfo.fr\/epinalinfo\/2025\/04\/les-crapaudromes-un-outil-pedagogique-pour-sensibiliser-les-enfants-a-la-biodiversite\/"]}]},{"@type":"ImageObject","inLanguage":"fr-FR","@id":"https:\/\/vosgesinfo.fr\/epinalinfo\/2025\/04\/les-crapaudromes-un-outil-pedagogique-pour-sensibiliser-les-enfants-a-la-biodiversite\/#primaryimage","url":"https:\/\/vosgesinfo.fr\/app\/uploads\/sites\/3\/2025\/04\/crapaudromes.jpg","contentUrl":"https:\/\/vosgesinfo.fr\/app\/uploads\/sites\/3\/2025\/04\/crapaudromes.jpg","width":1536,"height":1536,"caption":"photo Communaut\u00e9 de Communes de Bruy\u00e8res, Vallons des Vosges"},{"@type":"BreadcrumbList","@id":"https:\/\/vosgesinfo.fr\/epinalinfo\/2025\/04\/les-crapaudromes-un-outil-pedagogique-pour-sensibiliser-les-enfants-a-la-biodiversite\/#breadcrumb","itemListElement":[{"@type":"ListItem","position":1,"name":"Home","item":"https:\/\/vosgesinfo.fr\/epinalinfo\/"},{"@type":"ListItem","position":2,"name":"Les crapaudromes, un outil p\u00e9dagogique pour sensibiliser les enfants \u00e0 la biodiversit\u00e9"}]},{"@type":"WebSite","@id":"https:\/\/vosgesinfo.fr\/epinalinfo\/#website","url":"https:\/\/vosgesinfo.fr\/epinalinfo\/","name":"Epinal Info","description":"Toute l&#039;actualit\u00e9 d&#039;\u00c9pinal","publisher":{"@id":"https:\/\/vosgesinfo.fr\/epinalinfo\/#organization"},"alternateName":"Toute l'actualit\u00e9 d'\u00c9pinal","potentialAction":[{"@type":"SearchAction","target":{"@type":"EntryPoint","urlTemplate":"https:\/\/vosgesinfo.fr\/epinalinfo\/?s={search_term_string}"},"query-input":"required name=search_term_string"}],"inLanguage":"fr-FR"},{"@type":"Organization","@id":"https:\/\/vosgesinfo.fr\/epinalinfo\/#organization","name":"Epinal Info","url":"https:\/\/vosgesinfo.fr\/epinalinfo\/","logo":{"@type":"ImageObject","inLanguage":"fr-FR","@id":"https:\/\/vosgesinfo.fr\/epinalinfo\/#\/schema\/logo\/image\/","url":"https:\/\/vosgesinfo.fr\/app\/uploads\/sites\/3\/2023\/08\/logo-epinalinfos.svg","contentUrl":"https:\/\/vosgesinfo.fr\/app\/uploads\/sites\/3\/2023\/08\/logo-epinalinfos.svg","width":1,"height":1,"caption":"Epinal Info"},"image":{"@id":"https:\/\/vosgesinfo.fr\/epinalinfo\/#\/schema\/logo\/image\/"},"sameAs":["https:\/\/www.facebook.com\/Epinalinfos","https:\/\/x.com\/VosgesInfo88","https:\/\/www.youtube.com\/@vosgesinfo"]},{"@type":"Person","@id":"https:\/\/vosgesinfo.fr\/epinalinfo\/#\/schema\/person\/6f9a650eeea99d969b6c4ab78fccbe81","name":"C.K.","image":{"@type":"ImageObject","inLanguage":"fr-FR","@id":"https:\/\/vosgesinfo.fr\/epinalinfo\/#\/schema\/person\/image\/","url":"https:\/\/secure.gravatar.com\/avatar\/48e3fc7f8421ba8942be6b74a2b7f014ca39bc00dece156b7a8e098ae7dc87bf?s=96&d=mm&r=g","contentUrl":"https:\/\/secure.gravatar.com\/avatar\/48e3fc7f8421ba8942be6b74a2b7f014ca39bc00dece156b7a8e098ae7dc87bf?s=96&d=mm&r=g","caption":"C.K."},"url":"https:\/\/vosgesinfo.fr\/epinalinfo\/author\/celia-k-n\/"}]}},"_links":{"self":[{"href":"https:\/\/vosgesinfo.fr\/epinalinfo\/wp-json\/wp\/v2\/posts\/130493","targetHints":{"allow":["GET"]}}],"collection":[{"href":"https:\/\/vosgesinfo.fr\/epinalinfo\/wp-json\/wp\/v2\/posts"}],"about":[{"href":"https:\/\/vosgesinfo.fr\/epinalinfo\/wp-json\/wp\/v2\/types\/post"}],"author":[{"embeddable":true,"href":"https:\/\/vosgesinfo.fr\/epinalinfo\/wp-json\/wp\/v2\/users\/52"}],"replies":[{"embeddable":true,"href":"https:\/\/vosgesinfo.fr\/epinalinfo\/wp-json\/wp\/v2\/comments?post=130493"}],"version-history":[{"count":1,"href":"https:\/\/vosgesinfo.fr\/epinalinfo\/wp-json\/wp\/v2\/posts\/130493\/revisions"}],"predecessor-version":[{"id":130495,"href":"https:\/\/vosgesinfo.fr\/epinalinfo\/wp-json\/wp\/v2\/posts\/130493\/revisions\/130495"}],"wp:featuredmedia":[{"embeddable":true,"href":"https:\/\/vosgesinfo.fr\/epinalinfo\/wp-json\/wp\/v2\/media\/130494"}],"wp:attachment":[{"href":"https:\/\/vosgesinfo.fr\/epinalinfo\/wp-json\/wp\/v2\/media?parent=130493"}],"wp:term":[{"taxonomy":"category","embeddable":true,"href":"https:\/\/vosgesinfo.fr\/epinalinfo\/wp-json\/wp\/v2\/categories?post=130493"},{"taxonomy":"post_tag","embeddable":true,"href":"https:\/\/vosgesinfo.fr\/epinalinfo\/wp-json\/wp\/v2\/tags?post=130493"}],"curies":[{"name":"wp","href":"https:\/\/api.w.org\/{rel}","templated":true}]}}